{"id":202917,"date":"2026-04-14T07:17:29","date_gmt":"2026-04-14T06:17:29","guid":{"rendered":"https:\/\/helloproject.es\/vigilancia\/sanidad-actualiza-el-consenso-para-prevenir-la-fragilidad-y-las-caidas-en-personas-mayores-2\/"},"modified":"2026-04-14T07:17:29","modified_gmt":"2026-04-14T06:17:29","slug":"sanidad-actualiza-el-consenso-para-prevenir-la-fragilidad-y-las-caidas-en-personas-mayores-2","status":"publish","type":"post","link":"https:\/\/helloproject.es\/vigilancia\/sanidad-actualiza-el-consenso-para-prevenir-la-fragilidad-y-las-caidas-en-personas-mayores-2\/","title":{"rendered":"Sanidad actualiza el consenso para prevenir la fragilidad y las ca\u00eddas en personas mayores"},"content":{"rendered":"<p><img decoding=\"async\" src=\"https:\/\/www.infosalut.com\/images\/noticies\/infosalut\/epr779.jpg\" \/><\/p>\n<p>El <a href=\"https:\/\/www.sanidad.gob.es\/organizacion\/consejoInterterri\/home.htm\" target=\"_blank\" rel=\"noopener\">Pleno del Consejo Interterritorial<\/a> del <a href=\"https:\/\/www.sanidad.gob.es\/organizacion\/sns\/home.htm\" target=\"_blank\" rel=\"noopener\">Sistema Nacional de Salud<\/a> ha aprobado la \u201cActualizaci\u00f3n del documento de consenso sobre prevenci\u00f3n de la fragilidad y ca\u00eddas en la persona mayor (2026)\u201d, con el objetivo de reforzar las estrategias de prevenci\u00f3n, detecci\u00f3n precoz e intervenci\u00f3n en la poblaci\u00f3n mayor. El documento integra la evidencia cient\u00edfica m\u00e1s reciente y consolida un modelo de abordaje conjunto de la fragilidad y las ca\u00eddas, dos de los principales factores asociados a la p\u00e9rdida de autonom\u00eda y al incremento de la dependencia en las personas mayores.<\/p>","protected":false},"excerpt":{"rendered":"<p>El Pleno del Consejo Interterritorial del Sistema Nacional de Salud ha aprobado la \u201cActualizaci\u00f3n del documento de consenso sobre prevenci\u00f3n de la fragilidad y ca\u00eddas en la persona mayor (2026)\u201d, con el objetivo de reforzar las estrategias de prevenci\u00f3n, detecci\u00f3n precoz e intervenci\u00f3n en la poblaci\u00f3n mayor. El documento integra la evidencia cient\u00edfica m\u00e1s reciente [&hellip;]<\/p>\n","protected":false},"author":5,"featured_media":0,"comment_status":"","ping_status":"","sticky":false,"template":"","format":"standard","meta":{"site-sidebar-layout":"default","site-content-layout":"","ast-site-content-layout":"default","site-content-style":"default","site-sidebar-style":"default","ast-global-header-display":"","ast-banner-title-visibility":"","ast-main-header-display":"","ast-hfb-above-header-display":"","ast-hfb-below-header-display":"","ast-hfb-mobile-header-display":"","site-post-title":"","ast-breadcrumbs-content":"","ast-featured-img":"","footer-sml-layout":"","ast-disable-related-posts":"","theme-transparent-header-meta":"","adv-header-id-meta":"","stick-header-meta":"","header-above-stick-meta":"","header-main-stick-meta":"","header-below-stick-meta":"","astra-migrate-meta-layouts":"default","ast-page-background-enabled":"default","ast-page-background-meta":{"desktop":{"background-color":"var(--ast-global-color-4)","background-image":"","background-repeat":"repeat","background-position":"center center","background-size":"auto","background-attachment":"scroll","background-type":"","background-media":"","overlay-type":"","overlay-color":"","overlay-opacity":"","overlay-gradient":""},"tablet":{"background-color":"","background-image":"","background-repeat":"repeat","background-position":"center center","background-size":"auto","background-attachment":"scroll","background-type":"","background-media":"","overlay-type":"","overlay-color":"","overlay-opacity":"","overlay-gradient":""},"mobile":{"background-color":"","background-image":"","background-repeat":"repeat","background-position":"center center","background-size":"auto","background-attachment":"scroll","background-type":"","background-media":"","overlay-type":"","overlay-color":"","overlay-opacity":"","overlay-gradient":""}},"ast-content-background-meta":{"desktop":{"background-color":"var(--ast-global-color-5)","background-image":"","background-repeat":"repeat","background-position":"center center","background-size":"auto","background-attachment":"scroll","background-type":"","background-media":"","overlay-type":"","overlay-color":"","overlay-opacity":"","overlay-gradient":""},"tablet":{"background-color":"var(--ast-global-color-5)","background-image":"","background-repeat":"repeat","background-position":"center center","background-size":"auto","background-attachment":"scroll","background-type":"","background-media":"","overlay-type":"","overlay-color":"","overlay-opacity":"","overlay-gradient":""},"mobile":{"background-color":"var(--ast-global-color-5)","background-image":"","background-repeat":"repeat","background-position":"center center","background-size":"auto","background-attachment":"scroll","background-type":"","background-media":"","overlay-type":"","overlay-color":"","overlay-opacity":"","overlay-gradient":""}},"footnotes":""},"categories":[5],"tags":[],"class_list":["post-202917","post","type-post","status-publish","format-standard","hentry","category-noticias"],"yoast_head":"<!-- This site is optimized with the Yoast SEO Premium plugin v20.9 (Yoast SEO v27.4) - https:\/\/yoast.com\/product\/yoast-seo-premium-wordpress\/ -->\n<title>Sanidad actualiza el consenso para prevenir la fragilidad y las ca\u00eddas en personas mayores - bip4ex<\/title>\n<meta name=\"robots\" content=\"index, follow, max-snippet:-1, max-image-preview:large, max-video-preview:-1\" \/>\n<link rel=\"canonical\" href=\"https:\/\/helloproject.es\/vigilancia\/sanidad-actualiza-el-consenso-para-prevenir-la-fragilidad-y-las-caidas-en-personas-mayores-2\/\" \/>\n<meta property=\"og:locale\" content=\"es_ES\" \/>\n<meta property=\"og:type\" content=\"article\" \/>\n<meta property=\"og:title\" content=\"Sanidad actualiza el consenso para prevenir la fragilidad y las ca\u00eddas en personas mayores\" \/>\n<meta property=\"og:description\" content=\"El Pleno del Consejo Interterritorial del Sistema Nacional de Salud ha aprobado la \u201cActualizaci\u00f3n del documento de consenso sobre prevenci\u00f3n de la fragilidad y ca\u00eddas en la persona mayor (2026)\u201d, con el objetivo de reforzar las estrategias de prevenci\u00f3n, detecci\u00f3n precoz e intervenci\u00f3n en la poblaci\u00f3n mayor. El documento integra la evidencia cient\u00edfica m\u00e1s reciente [&hellip;]\" \/>\n<meta property=\"og:url\" content=\"https:\/\/helloproject.es\/vigilancia\/sanidad-actualiza-el-consenso-para-prevenir-la-fragilidad-y-las-caidas-en-personas-mayores-2\/\" \/>\n<meta property=\"og:site_name\" content=\"bip4ex\" \/>\n<meta property=\"article:published_time\" content=\"2026-04-14T06:17:29+00:00\" \/>\n<meta property=\"og:image\" content=\"https:\/\/www.infosalut.com\/images\/noticies\/infosalut\/epr779.jpg\" \/>\n<meta name=\"author\" content=\"Luis Miguel Mej\u00edas Ramos\" \/>\n<meta name=\"twitter:card\" content=\"summary_large_image\" \/>\n<meta name=\"twitter:label1\" content=\"Escrito por\" \/>\n\t<meta name=\"twitter:data1\" content=\"Luis Miguel Mej\u00edas Ramos\" \/>\n\t<meta name=\"twitter:label2\" content=\"Tiempo de lectura\" \/>\n\t<meta name=\"twitter:data2\" content=\"1 minuto\" \/>\n<script type=\"application\/ld+json\" class=\"yoast-schema-graph\">{\"@context\":\"https:\\\/\\\/schema.org\",\"@graph\":[{\"@type\":\"Article\",\"@id\":\"https:\\\/\\\/helloproject.es\\\/vigilancia\\\/sanidad-actualiza-el-consenso-para-prevenir-la-fragilidad-y-las-caidas-en-personas-mayores-2\\\/#article\",\"isPartOf\":{\"@id\":\"https:\\\/\\\/helloproject.es\\\/vigilancia\\\/sanidad-actualiza-el-consenso-para-prevenir-la-fragilidad-y-las-caidas-en-personas-mayores-2\\\/\"},\"author\":{\"name\":\"Luis Miguel Mej\u00edas Ramos\",\"@id\":\"https:\\\/\\\/helloproject.es\\\/vigilancia\\\/#\\\/schema\\\/person\\\/3767b0619d59a11570372c821f8619ca\"},\"headline\":\"Sanidad actualiza el consenso para prevenir la fragilidad y las ca\u00eddas en personas mayores\",\"datePublished\":\"2026-04-14T06:17:29+00:00\",\"mainEntityOfPage\":{\"@id\":\"https:\\\/\\\/helloproject.es\\\/vigilancia\\\/sanidad-actualiza-el-consenso-para-prevenir-la-fragilidad-y-las-caidas-en-personas-mayores-2\\\/\"},\"wordCount\":115,\"publisher\":{\"@id\":\"https:\\\/\\\/helloproject.es\\\/vigilancia\\\/#organization\"},\"image\":{\"@id\":\"https:\\\/\\\/helloproject.es\\\/vigilancia\\\/sanidad-actualiza-el-consenso-para-prevenir-la-fragilidad-y-las-caidas-en-personas-mayores-2\\\/#primaryimage\"},\"thumbnailUrl\":\"https:\\\/\\\/www.infosalut.com\\\/images\\\/noticies\\\/infosalut\\\/epr779.jpg\",\"articleSection\":[\"Noticias\"],\"inLanguage\":\"es\"},{\"@type\":\"WebPage\",\"@id\":\"https:\\\/\\\/helloproject.es\\\/vigilancia\\\/sanidad-actualiza-el-consenso-para-prevenir-la-fragilidad-y-las-caidas-en-personas-mayores-2\\\/\",\"url\":\"https:\\\/\\\/helloproject.es\\\/vigilancia\\\/sanidad-actualiza-el-consenso-para-prevenir-la-fragilidad-y-las-caidas-en-personas-mayores-2\\\/\",\"name\":\"Sanidad actualiza el consenso para prevenir la fragilidad y las ca\u00eddas en personas mayores - bip4ex\",\"isPartOf\":{\"@id\":\"https:\\\/\\\/helloproject.es\\\/vigilancia\\\/#website\"},\"primaryImageOfPage\":{\"@id\":\"https:\\\/\\\/helloproject.es\\\/vigilancia\\\/sanidad-actualiza-el-consenso-para-prevenir-la-fragilidad-y-las-caidas-en-personas-mayores-2\\\/#primaryimage\"},\"image\":{\"@id\":\"https:\\\/\\\/helloproject.es\\\/vigilancia\\\/sanidad-actualiza-el-consenso-para-prevenir-la-fragilidad-y-las-caidas-en-personas-mayores-2\\\/#primaryimage\"},\"thumbnailUrl\":\"https:\\\/\\\/www.infosalut.com\\\/images\\\/noticies\\\/infosalut\\\/epr779.jpg\",\"datePublished\":\"2026-04-14T06:17:29+00:00\",\"breadcrumb\":{\"@id\":\"https:\\\/\\\/helloproject.es\\\/vigilancia\\\/sanidad-actualiza-el-consenso-para-prevenir-la-fragilidad-y-las-caidas-en-personas-mayores-2\\\/#breadcrumb\"},\"inLanguage\":\"es\",\"potentialAction\":[{\"@type\":\"ReadAction\",\"target\":[\"https:\\\/\\\/helloproject.es\\\/vigilancia\\\/sanidad-actualiza-el-consenso-para-prevenir-la-fragilidad-y-las-caidas-en-personas-mayores-2\\\/\"]}]},{\"@type\":\"ImageObject\",\"inLanguage\":\"es\",\"@id\":\"https:\\\/\\\/helloproject.es\\\/vigilancia\\\/sanidad-actualiza-el-consenso-para-prevenir-la-fragilidad-y-las-caidas-en-personas-mayores-2\\\/#primaryimage\",\"url\":\"https:\\\/\\\/www.infosalut.com\\\/images\\\/noticies\\\/infosalut\\\/epr779.jpg\",\"contentUrl\":\"https:\\\/\\\/www.infosalut.com\\\/images\\\/noticies\\\/infosalut\\\/epr779.jpg\"},{\"@type\":\"BreadcrumbList\",\"@id\":\"https:\\\/\\\/helloproject.es\\\/vigilancia\\\/sanidad-actualiza-el-consenso-para-prevenir-la-fragilidad-y-las-caidas-en-personas-mayores-2\\\/#breadcrumb\",\"itemListElement\":[{\"@type\":\"ListItem\",\"position\":1,\"name\":\"Home\",\"item\":\"https:\\\/\\\/helloproject.es\\\/vigilancia\\\/\"},{\"@type\":\"ListItem\",\"position\":2,\"name\":\"Sanidad actualiza el consenso para prevenir la fragilidad y las ca\u00eddas en personas mayores\"}]},{\"@type\":\"WebSite\",\"@id\":\"https:\\\/\\\/helloproject.es\\\/vigilancia\\\/#website\",\"url\":\"https:\\\/\\\/helloproject.es\\\/vigilancia\\\/\",\"name\":\"bip4ex\",\"description\":\"Vigilancia Tecnol\u00f3gica\",\"publisher\":{\"@id\":\"https:\\\/\\\/helloproject.es\\\/vigilancia\\\/#organization\"},\"potentialAction\":[{\"@type\":\"SearchAction\",\"target\":{\"@type\":\"EntryPoint\",\"urlTemplate\":\"https:\\\/\\\/helloproject.es\\\/vigilancia\\\/?s={search_term_string}\"},\"query-input\":{\"@type\":\"PropertyValueSpecification\",\"valueRequired\":true,\"valueName\":\"search_term_string\"}}],\"inLanguage\":\"es\"},{\"@type\":\"Organization\",\"@id\":\"https:\\\/\\\/helloproject.es\\\/vigilancia\\\/#organization\",\"name\":\"Helloproject.es\",\"url\":\"https:\\\/\\\/helloproject.es\\\/vigilancia\\\/\",\"logo\":{\"@type\":\"ImageObject\",\"inLanguage\":\"es\",\"@id\":\"https:\\\/\\\/helloproject.es\\\/vigilancia\\\/#\\\/schema\\\/logo\\\/image\\\/\",\"url\":\"https:\\\/\\\/helloproject.es\\\/vigilancia\\\/wp-content\\\/uploads\\\/2023\\\/07\\\/bip4ex.png\",\"contentUrl\":\"https:\\\/\\\/helloproject.es\\\/vigilancia\\\/wp-content\\\/uploads\\\/2023\\\/07\\\/bip4ex.png\",\"width\":322,\"height\":365,\"caption\":\"Helloproject.es\"},\"image\":{\"@id\":\"https:\\\/\\\/helloproject.es\\\/vigilancia\\\/#\\\/schema\\\/logo\\\/image\\\/\"}},{\"@type\":\"Person\",\"@id\":\"https:\\\/\\\/helloproject.es\\\/vigilancia\\\/#\\\/schema\\\/person\\\/3767b0619d59a11570372c821f8619ca\",\"name\":\"Luis Miguel Mej\u00edas Ramos\",\"url\":\"https:\\\/\\\/helloproject.es\\\/vigilancia\\\/author\\\/luismi\\\/\"}]}<\/script>\n<!-- \/ Yoast SEO Premium plugin. -->","yoast_head_json":{"title":"Sanidad actualiza el consenso para prevenir la fragilidad y las ca\u00eddas en personas mayores - bip4ex","robots":{"index":"index","follow":"follow","max-snippet":"max-snippet:-1","max-image-preview":"max-image-preview:large","max-video-preview":"max-video-preview:-1"},"canonical":"https:\/\/helloproject.es\/vigilancia\/sanidad-actualiza-el-consenso-para-prevenir-la-fragilidad-y-las-caidas-en-personas-mayores-2\/","og_locale":"es_ES","og_type":"article","og_title":"Sanidad actualiza el consenso para prevenir la fragilidad y las ca\u00eddas en personas mayores","og_description":"El Pleno del Consejo Interterritorial del Sistema Nacional de Salud ha aprobado la \u201cActualizaci\u00f3n del documento de consenso sobre prevenci\u00f3n de la fragilidad y ca\u00eddas en la persona mayor (2026)\u201d, con el objetivo de reforzar las estrategias de prevenci\u00f3n, detecci\u00f3n precoz e intervenci\u00f3n en la poblaci\u00f3n mayor. El documento integra la evidencia cient\u00edfica m\u00e1s reciente [&hellip;]","og_url":"https:\/\/helloproject.es\/vigilancia\/sanidad-actualiza-el-consenso-para-prevenir-la-fragilidad-y-las-caidas-en-personas-mayores-2\/","og_site_name":"bip4ex","article_published_time":"2026-04-14T06:17:29+00:00","og_image":[{"url":"https:\/\/www.infosalut.com\/images\/noticies\/infosalut\/epr779.jpg","type":"","width":"","height":""}],"author":"Luis Miguel Mej\u00edas Ramos","twitter_card":"summary_large_image","twitter_misc":{"Escrito por":"Luis Miguel Mej\u00edas Ramos","Tiempo de lectura":"1 minuto"},"schema":{"@context":"https:\/\/schema.org","@graph":[{"@type":"Article","@id":"https:\/\/helloproject.es\/vigilancia\/sanidad-actualiza-el-consenso-para-prevenir-la-fragilidad-y-las-caidas-en-personas-mayores-2\/#article","isPartOf":{"@id":"https:\/\/helloproject.es\/vigilancia\/sanidad-actualiza-el-consenso-para-prevenir-la-fragilidad-y-las-caidas-en-personas-mayores-2\/"},"author":{"name":"Luis Miguel Mej\u00edas Ramos","@id":"https:\/\/helloproject.es\/vigilancia\/#\/schema\/person\/3767b0619d59a11570372c821f8619ca"},"headline":"Sanidad actualiza el consenso para prevenir la fragilidad y las ca\u00eddas en personas mayores","datePublished":"2026-04-14T06:17:29+00:00","mainEntityOfPage":{"@id":"https:\/\/helloproject.es\/vigilancia\/sanidad-actualiza-el-consenso-para-prevenir-la-fragilidad-y-las-caidas-en-personas-mayores-2\/"},"wordCount":115,"publisher":{"@id":"https:\/\/helloproject.es\/vigilancia\/#organization"},"image":{"@id":"https:\/\/helloproject.es\/vigilancia\/sanidad-actualiza-el-consenso-para-prevenir-la-fragilidad-y-las-caidas-en-personas-mayores-2\/#primaryimage"},"thumbnailUrl":"https:\/\/www.infosalut.com\/images\/noticies\/infosalut\/epr779.jpg","articleSection":["Noticias"],"inLanguage":"es"},{"@type":"WebPage","@id":"https:\/\/helloproject.es\/vigilancia\/sanidad-actualiza-el-consenso-para-prevenir-la-fragilidad-y-las-caidas-en-personas-mayores-2\/","url":"https:\/\/helloproject.es\/vigilancia\/sanidad-actualiza-el-consenso-para-prevenir-la-fragilidad-y-las-caidas-en-personas-mayores-2\/","name":"Sanidad actualiza el consenso para prevenir la fragilidad y las ca\u00eddas en personas mayores - bip4ex","isPartOf":{"@id":"https:\/\/helloproject.es\/vigilancia\/#website"},"primaryImageOfPage":{"@id":"https:\/\/helloproject.es\/vigilancia\/sanidad-actualiza-el-consenso-para-prevenir-la-fragilidad-y-las-caidas-en-personas-mayores-2\/#primaryimage"},"image":{"@id":"https:\/\/helloproject.es\/vigilancia\/sanidad-actualiza-el-consenso-para-prevenir-la-fragilidad-y-las-caidas-en-personas-mayores-2\/#primaryimage"},"thumbnailUrl":"https:\/\/www.infosalut.com\/images\/noticies\/infosalut\/epr779.jpg","datePublished":"2026-04-14T06:17:29+00:00","breadcrumb":{"@id":"https:\/\/helloproject.es\/vigilancia\/sanidad-actualiza-el-consenso-para-prevenir-la-fragilidad-y-las-caidas-en-personas-mayores-2\/#breadcrumb"},"inLanguage":"es","potentialAction":[{"@type":"ReadAction","target":["https:\/\/helloproject.es\/vigilancia\/sanidad-actualiza-el-consenso-para-prevenir-la-fragilidad-y-las-caidas-en-personas-mayores-2\/"]}]},{"@type":"ImageObject","inLanguage":"es","@id":"https:\/\/helloproject.es\/vigilancia\/sanidad-actualiza-el-consenso-para-prevenir-la-fragilidad-y-las-caidas-en-personas-mayores-2\/#primaryimage","url":"https:\/\/www.infosalut.com\/images\/noticies\/infosalut\/epr779.jpg","contentUrl":"https:\/\/www.infosalut.com\/images\/noticies\/infosalut\/epr779.jpg"},{"@type":"BreadcrumbList","@id":"https:\/\/helloproject.es\/vigilancia\/sanidad-actualiza-el-consenso-para-prevenir-la-fragilidad-y-las-caidas-en-personas-mayores-2\/#breadcrumb","itemListElement":[{"@type":"ListItem","position":1,"name":"Home","item":"https:\/\/helloproject.es\/vigilancia\/"},{"@type":"ListItem","position":2,"name":"Sanidad actualiza el consenso para prevenir la fragilidad y las ca\u00eddas en personas mayores"}]},{"@type":"WebSite","@id":"https:\/\/helloproject.es\/vigilancia\/#website","url":"https:\/\/helloproject.es\/vigilancia\/","name":"bip4ex","description":"Vigilancia Tecnol\u00f3gica","publisher":{"@id":"https:\/\/helloproject.es\/vigilancia\/#organization"},"potentialAction":[{"@type":"SearchAction","target":{"@type":"EntryPoint","urlTemplate":"https:\/\/helloproject.es\/vigilancia\/?s={search_term_string}"},"query-input":{"@type":"PropertyValueSpecification","valueRequired":true,"valueName":"search_term_string"}}],"inLanguage":"es"},{"@type":"Organization","@id":"https:\/\/helloproject.es\/vigilancia\/#organization","name":"Helloproject.es","url":"https:\/\/helloproject.es\/vigilancia\/","logo":{"@type":"ImageObject","inLanguage":"es","@id":"https:\/\/helloproject.es\/vigilancia\/#\/schema\/logo\/image\/","url":"https:\/\/helloproject.es\/vigilancia\/wp-content\/uploads\/2023\/07\/bip4ex.png","contentUrl":"https:\/\/helloproject.es\/vigilancia\/wp-content\/uploads\/2023\/07\/bip4ex.png","width":322,"height":365,"caption":"Helloproject.es"},"image":{"@id":"https:\/\/helloproject.es\/vigilancia\/#\/schema\/logo\/image\/"}},{"@type":"Person","@id":"https:\/\/helloproject.es\/vigilancia\/#\/schema\/person\/3767b0619d59a11570372c821f8619ca","name":"Luis Miguel Mej\u00edas Ramos","url":"https:\/\/helloproject.es\/vigilancia\/author\/luismi\/"}]}},"_links":{"self":[{"href":"https:\/\/helloproject.es\/vigilancia\/wp-json\/wp\/v2\/posts\/202917","targetHints":{"allow":["GET"]}}],"collection":[{"href":"https:\/\/helloproject.es\/vigilancia\/wp-json\/wp\/v2\/posts"}],"about":[{"href":"https:\/\/helloproject.es\/vigilancia\/wp-json\/wp\/v2\/types\/post"}],"author":[{"embeddable":true,"href":"https:\/\/helloproject.es\/vigilancia\/wp-json\/wp\/v2\/users\/5"}],"replies":[{"embeddable":true,"href":"https:\/\/helloproject.es\/vigilancia\/wp-json\/wp\/v2\/comments?post=202917"}],"version-history":[{"count":0,"href":"https:\/\/helloproject.es\/vigilancia\/wp-json\/wp\/v2\/posts\/202917\/revisions"}],"wp:attachment":[{"href":"https:\/\/helloproject.es\/vigilancia\/wp-json\/wp\/v2\/media?parent=202917"}],"wp:term":[{"taxonomy":"category","embeddable":true,"href":"https:\/\/helloproject.es\/vigilancia\/wp-json\/wp\/v2\/categories?post=202917"},{"taxonomy":"post_tag","embeddable":true,"href":"https:\/\/helloproject.es\/vigilancia\/wp-json\/wp\/v2\/tags?post=202917"}],"curies":[{"name":"wp","href":"https:\/\/api.w.org\/{rel}","templated":true}]}}