{"id":202936,"date":"2026-04-14T13:28:16","date_gmt":"2026-04-14T12:28:16","guid":{"rendered":"https:\/\/helloproject.es\/vigilancia\/adelantan-tres-millones-de-anos-el-origen-de-la-familia-de-las-comadrejas\/"},"modified":"2026-04-14T13:28:16","modified_gmt":"2026-04-14T12:28:16","slug":"adelantan-tres-millones-de-anos-el-origen-de-la-familia-de-las-comadrejas","status":"publish","type":"post","link":"https:\/\/helloproject.es\/vigilancia\/adelantan-tres-millones-de-anos-el-origen-de-la-familia-de-las-comadrejas\/","title":{"rendered":"Adelantan tres millones de a\u00f1os el origen de la familia de las comadrejas"},"content":{"rendered":"<p>Un estudio, liderado por la Universidad Complutense de Madrid (UCM),\u00a0demuestra que el origen de la subfamilia Mustelinae \u2014a la que pertenecen comadrejas, hurones y visones\u2014 es m\u00e1s antiguo de lo que se pensaba. Se remonta al final del Mioceno, hace unos 6,5 millones de a\u00f1os.\u00a0<\/p>\n<p>El descubrimiento de un nuevo g\u00e9nero y especie de peque\u00f1o carn\u00edvoro denominado Galanthis baskini en el yacimiento de Las Casiones (Teruel) ha sido publicado en Palaeontology y\u00a0permite comprender mejor cu\u00e1ndo y c\u00f3mo surgieron las comadrejas y sus parientes cercanos, as\u00ed como las adaptaciones que les permitieron ocupar nuevos nichos ecol\u00f3gicos y la evoluci\u00f3n de los ecosistemas del hemisferio norte.\u00a0<\/p>\n<p><img decoding=\"async\" src=\"https:\/\/www.agenciasinc.es\/bundles\/app\/images\/quotebefore.png\" \/><\/p>\n<p>La reducci\u00f3n de tama\u00f1o y las adaptaciones para capturar peque\u00f1os vertebrados aparecieron muy pronto en la historia evolutiva de este grupo<\/p>\n<p>Alberto Valenciano, UCM<br \/>\n<img decoding=\"async\" src=\"https:\/\/www.agenciasinc.es\/bundles\/app\/images\/quoteafter.png\" \/><\/p>\n<p>\u201cEl hallazgo sugiere que la reducci\u00f3n de tama\u00f1o y las adaptaciones para capturar peque\u00f1os vertebrados aparecieron muy pronto en la historia evolutiva de este grupo, probablemente en relaci\u00f3n con cambios ambientales y con la expansi\u00f3n de ciertos roedores durante el final del Mioceno\u201d, explica Alberto Valenciano, profesor ayudante doctor de Paleontolog\u00eda de la UCM.<\/p>\n<p>                    <img decoding=\"async\" src=\"https:\/\/cdn.agenciasinc.es\/var\/ezwebin_site\/storage\/images\/_aliases\/img_1col\/media\/images\/20260414-comadreja-2-1\/12391630-1-esl-MX\/20260414-comadreja-2-1.jpg\" alt=\"Fragmento de mand\u00edbula de Galanthis baskini de Las Casiones y mand\u00edbula completa de la especie actual Mustela nivalis (comadreja menor). \/ Alberto Valenciano\" \/><\/p>\n<p>Fragmento de mand\u00edbula de Galanthis baskini de Las Casiones y mand\u00edbula completa de la especie actual Mustela nivalis (comadreja menor). \/ Alberto Valenciano<\/p>\n<p>    document.addEventListener(\u00abDOMContentLoaded\u00bb, function() {<br \/>\n        var img = document.querySelector(&#8216;.image-container img&#8217;);<br \/>\n        if (img) {<br \/>\n            img.alt = \u00abFragmento de mand\u00edbula de Galanthis baskini de Las Casiones y mand\u00edbula completa de la especie actual Mustela nivalis (comadreja menor). \/ Alberto Valenciano\u00bb;<br \/>\n        }<br \/>\n    });<\/p>\n<p>Los f\u00f3siles estudiados proceden de excavaciones realizadas por el Museo Nacional de Ciencias Naturales (MNCN-CSIC), que tambi\u00e9n participa en la investigaci\u00f3n, durante la d\u00e9cada de 1990 en el \u00e1rea de Teruel dirigidas por el investigador Luis Alcal\u00e1. El estudio ha combinado t\u00e9cnicas cl\u00e1sicas de anatom\u00eda comparada con m\u00e9todos de an\u00e1lisis avanzados. Entre ellos destaca el uso de microtomograf\u00eda computarizada (micro-CT), que ha permitido reconstruir en tres dimensiones el interior de los dientes y de la mand\u00edbula y observar estructuras anat\u00f3micas invisibles desde el exterior.<\/p>\n<p>El estudio ha combinado t\u00e9cnicas cl\u00e1sicas de anatom\u00eda comparada con m\u00e9todos de an\u00e1lisis avanzados<\/p>\n<p>\u201cEsta investigaci\u00f3n es un claro ejemplo de la gran riqueza fosil\u00edfera de mam\u00edferos en Arag\u00f3n, reconocida a nivel mundial: nuestro equipo lleva d\u00e9cadas contribuyendo a la excavaci\u00f3n de yacimientos y al estudio de los f\u00f3siles de mam\u00edferos\u201d, comenta Daniel De Miguel, coautor y profesor del Departamento de Ciencias de la Tierra de la Universidad de Zaragoza.<\/p>\n<p>                        <a href=\"https:\/\/www.agenciasinc.es\/Noticias\/Un-nuevo-fosil-de-mamifero-aragones-resuelve-un-problema-taxonomico-de-hace-mas-de-150-anos\"><br \/>\n                            <img decoding=\"async\" src=\"https:\/\/cdn.agenciasinc.es\/var\/ezwebin_site\/storage\/images\/noticias\/un-nuevo-fosil-de-mamifero-aragones-resuelve-un-problema-taxonomico-de-hace-mas-de-150-anos\/9347035-1-esl-MX\/Un-nuevo-fosil-de-mamifero-aragones-resuelve-un-problema-taxonomico-de-hace-mas-de-150-anos.jpg\" alt=\"Un nuevo f\u00f3sil de mam\u00edfero aragon\u00e9s resuelve un problema taxon\u00f3mico de hace m\u00e1s de 150 a\u00f1os\" title=\"Un nuevo f\u00f3sil de mam\u00edfero aragon\u00e9s resuelve un problema taxon\u00f3mico de hace m\u00e1s de 150 a\u00f1os\" class=\"small_fotoderecha_img\" loading=\"lazy\" \/><br \/>\n                        <\/a><\/p>\n<p>                    <a href=\"https:\/\/www.agenciasinc.es\/Noticias\/Un-nuevo-fosil-de-mamifero-aragones-resuelve-un-problema-taxonomico-de-hace-mas-de-150-anos\" class=\"small_fotoderecha_titulo\"><\/a><\/p>\n<h3 class=\"small_fotoderecha_titulo\">Un nuevo f\u00f3sil de mam\u00edfero aragon\u00e9s resuelve un problema taxon\u00f3mico de hace m\u00e1s de 150 a\u00f1os<\/h3>\n<p>                    <\/p>\n<p>                                                                                                                                                <a href=\"https:\/\/www.agenciasinc.es\/Autor\/SINC\"><br \/>\n                                        SINC<br \/>\n                                        <\/a>                                                                                                <\/p>\n<p><a><\/a><\/p>\n<h2>Revisi\u00f3n de otro must\u00e9lido<\/h2>\n<p>El trabajo tambi\u00e9n revisa la clasificaci\u00f3n de otro must\u00e9lido f\u00f3sil procedente de China y de edad similar al que han denominado Zdanskyictis. \u201cEste nuevo an\u00e1lisis permite establecer relaciones evolutivas m\u00e1s claras dentro de la familia, situ\u00e1ndolo cerca de los linajes que dieron lugar a las nutrias (Lutrinae) y a los ictoniquinos (Ictonychinae), un grupo que incluye especies actuales como el tur\u00f3n jaspeado, la comadreja africana o el gris\u00f3n\u201d, destaca el investigador del MNCN, Jorge Morales.<\/p>\n<p><img decoding=\"async\" src=\"https:\/\/www.agenciasinc.es\/bundles\/app\/images\/quotebefore.png\" \/><\/p>\n<p>Este nuevo an\u00e1lisis permite establecer relaciones evolutivas m\u00e1s claras dentro de la familia<\/p>\n<p>Jorge Morales, MNCN<br \/>\n<img decoding=\"async\" src=\"https:\/\/www.agenciasinc.es\/bundles\/app\/images\/quoteafter.png\" \/><\/p>\n<p>El siguiente paso, adelanta el investigador, ser\u00e1 encontrar nuevos f\u00f3siles que permitan reconstruir con mayor detalle la evoluci\u00f3n temprana de las comadrejas y sus parientes. \u201cParalelamente, el equipo contin\u00faa investigando el registro f\u00f3sil de los mam\u00edferos carn\u00edvoros del Mioceno y el Plioceno en la regi\u00f3n mediterr\u00e1nea y en \u00c1frica, con el objetivo de reconstruir con mayor precisi\u00f3n la evoluci\u00f3n temprana de distintas familias de carn\u00edvoros\u201d, a\u00f1ade Valenciano.<\/p>\n<p>Actualmente, se est\u00e1n desarrollando nuevos estudios y excavaciones en yacimientos de Arag\u00f3n, Madrid, Comunidad Valenciana, as\u00ed como en distintos puntos de Egipto, Kenia, Namibia, Sud\u00e1frica, Turqu\u00eda y China.<\/p>\n<p>Valenciano, A. et al. (2026). Oldest evidence of a weasel reveals a Miocene origin of the Mustelinae (Mammalia, Carnivora).\u00a0<a href=\"https:\/\/www.agenciasinc.es\/esl\/Noticias\/Valenciano,%20A.,%20Jiangzuo,%20Q.,%20Law,%20C.%20J.,%20Abella,%20J.,%20S%C3%A1nchez-Hern%C3%A1ndez,%20D.,%20Fern%C3%A1ndez-Reyes,%20A.,%20Alcal%C3%A1,%20L.,%20Morales,%20J.%20&amp;%20DeMiguel,%20D.%20(2026).%20%E2%80%9COldest%20evidence%20of%20a%20weasel%20reveals%20a%20Miocene%20origin%20of%20the%20Mustelinae%20(Mammalia,%20Carnivora)%E2%80%9D.%20Palaeontology\" target=\"_blank\">Palaeontology<\/a><\/p>","protected":false},"excerpt":{"rendered":"<p>Un estudio, liderado por la Universidad Complutense de Madrid (UCM),\u00a0demuestra que el origen de la subfamilia Mustelinae \u2014a la que pertenecen comadrejas, hurones y visones\u2014 es m\u00e1s antiguo de lo que se pensaba. Se remonta al final del Mioceno, hace unos 6,5 millones de a\u00f1os.\u00a0 El descubrimiento de un nuevo g\u00e9nero y especie de peque\u00f1o [&hellip;]<\/p>\n","protected":false},"author":5,"featured_media":0,"comment_status":"","ping_status":"","sticky":false,"template":"","format":"standard","meta":{"site-sidebar-layout":"default","site-content-layout":"","ast-site-content-layout":"default","site-content-style":"default","site-sidebar-style":"default","ast-global-header-display":"","ast-banner-title-visibility":"","ast-main-header-display":"","ast-hfb-above-header-display":"","ast-hfb-below-header-display":"","ast-hfb-mobile-header-display":"","site-post-title":"","ast-breadcrumbs-content":"","ast-featured-img":"","footer-sml-layout":"","ast-disable-related-posts":"","theme-transparent-header-meta":"","adv-header-id-meta":"","stick-header-meta":"","header-above-stick-meta":"","header-main-stick-meta":"","header-below-stick-meta":"","astra-migrate-meta-layouts":"default","ast-page-background-enabled":"default","ast-page-background-meta":{"desktop":{"background-color":"var(--ast-global-color-4)","background-image":"","background-repeat":"repeat","background-position":"center center","background-size":"auto","background-attachment":"scroll","background-type":"","background-media":"","overlay-type":"","overlay-color":"","overlay-opacity":"","overlay-gradient":""},"tablet":{"background-color":"","background-image":"","background-repeat":"repeat","background-position":"center center","background-size":"auto","background-attachment":"scroll","background-type":"","background-media":"","overlay-type":"","overlay-color":"","overlay-opacity":"","overlay-gradient":""},"mobile":{"background-color":"","background-image":"","background-repeat":"repeat","background-position":"center center","background-size":"auto","background-attachment":"scroll","background-type":"","background-media":"","overlay-type":"","overlay-color":"","overlay-opacity":"","overlay-gradient":""}},"ast-content-background-meta":{"desktop":{"background-color":"var(--ast-global-color-5)","background-image":"","background-repeat":"repeat","background-position":"center center","background-size":"auto","background-attachment":"scroll","background-type":"","background-media":"","overlay-type":"","overlay-color":"","overlay-opacity":"","overlay-gradient":""},"tablet":{"background-color":"var(--ast-global-color-5)","background-image":"","background-repeat":"repeat","background-position":"center center","background-size":"auto","background-attachment":"scroll","background-type":"","background-media":"","overlay-type":"","overlay-color":"","overlay-opacity":"","overlay-gradient":""},"mobile":{"background-color":"var(--ast-global-color-5)","background-image":"","background-repeat":"repeat","background-position":"center center","background-size":"auto","background-attachment":"scroll","background-type":"","background-media":"","overlay-type":"","overlay-color":"","overlay-opacity":"","overlay-gradient":""}},"footnotes":""},"categories":[5],"tags":[],"class_list":["post-202936","post","type-post","status-publish","format-standard","hentry","category-noticias"],"yoast_head":"<!-- This site is optimized with the Yoast SEO Premium plugin v20.9 (Yoast SEO v27.4) - https:\/\/yoast.com\/product\/yoast-seo-premium-wordpress\/ -->\n<title>Adelantan tres millones de a\u00f1os el origen de la familia de las comadrejas - bip4ex<\/title>\n<meta name=\"robots\" content=\"index, follow, max-snippet:-1, max-image-preview:large, max-video-preview:-1\" \/>\n<link rel=\"canonical\" href=\"https:\/\/helloproject.es\/vigilancia\/adelantan-tres-millones-de-anos-el-origen-de-la-familia-de-las-comadrejas\/\" \/>\n<meta property=\"og:locale\" content=\"es_ES\" \/>\n<meta property=\"og:type\" content=\"article\" \/>\n<meta property=\"og:title\" content=\"Adelantan tres millones de a\u00f1os el origen de la familia de las comadrejas\" \/>\n<meta property=\"og:description\" content=\"Un estudio, liderado por la Universidad Complutense de Madrid (UCM),\u00a0demuestra que el origen de la subfamilia Mustelinae \u2014a la que pertenecen comadrejas, hurones y visones\u2014 es m\u00e1s antiguo de lo que se pensaba. Se remonta al final del Mioceno, hace unos 6,5 millones de a\u00f1os.\u00a0 El descubrimiento de un nuevo g\u00e9nero y especie de peque\u00f1o [&hellip;]\" \/>\n<meta property=\"og:url\" content=\"https:\/\/helloproject.es\/vigilancia\/adelantan-tres-millones-de-anos-el-origen-de-la-familia-de-las-comadrejas\/\" \/>\n<meta property=\"og:site_name\" content=\"bip4ex\" \/>\n<meta property=\"article:published_time\" content=\"2026-04-14T12:28:16+00:00\" \/>\n<meta property=\"og:image\" content=\"https:\/\/www.agenciasinc.es\/bundles\/app\/images\/quotebefore.png\" \/>\n<meta name=\"author\" content=\"Luis Miguel Mej\u00edas Ramos\" \/>\n<meta name=\"twitter:card\" content=\"summary_large_image\" \/>\n<meta name=\"twitter:label1\" content=\"Escrito por\" \/>\n\t<meta name=\"twitter:data1\" content=\"Luis Miguel Mej\u00edas Ramos\" \/>\n\t<meta name=\"twitter:label2\" content=\"Tiempo de lectura\" \/>\n\t<meta name=\"twitter:data2\" content=\"4 minutos\" \/>\n<script type=\"application\/ld+json\" class=\"yoast-schema-graph\">{\"@context\":\"https:\\\/\\\/schema.org\",\"@graph\":[{\"@type\":\"Article\",\"@id\":\"https:\\\/\\\/helloproject.es\\\/vigilancia\\\/adelantan-tres-millones-de-anos-el-origen-de-la-familia-de-las-comadrejas\\\/#article\",\"isPartOf\":{\"@id\":\"https:\\\/\\\/helloproject.es\\\/vigilancia\\\/adelantan-tres-millones-de-anos-el-origen-de-la-familia-de-las-comadrejas\\\/\"},\"author\":{\"name\":\"Luis Miguel Mej\u00edas Ramos\",\"@id\":\"https:\\\/\\\/helloproject.es\\\/vigilancia\\\/#\\\/schema\\\/person\\\/3767b0619d59a11570372c821f8619ca\"},\"headline\":\"Adelantan tres millones de a\u00f1os el origen de la familia de las comadrejas\",\"datePublished\":\"2026-04-14T12:28:16+00:00\",\"mainEntityOfPage\":{\"@id\":\"https:\\\/\\\/helloproject.es\\\/vigilancia\\\/adelantan-tres-millones-de-anos-el-origen-de-la-familia-de-las-comadrejas\\\/\"},\"wordCount\":715,\"publisher\":{\"@id\":\"https:\\\/\\\/helloproject.es\\\/vigilancia\\\/#organization\"},\"image\":{\"@id\":\"https:\\\/\\\/helloproject.es\\\/vigilancia\\\/adelantan-tres-millones-de-anos-el-origen-de-la-familia-de-las-comadrejas\\\/#primaryimage\"},\"thumbnailUrl\":\"https:\\\/\\\/www.agenciasinc.es\\\/bundles\\\/app\\\/images\\\/quotebefore.png\",\"articleSection\":[\"Noticias\"],\"inLanguage\":\"es\"},{\"@type\":\"WebPage\",\"@id\":\"https:\\\/\\\/helloproject.es\\\/vigilancia\\\/adelantan-tres-millones-de-anos-el-origen-de-la-familia-de-las-comadrejas\\\/\",\"url\":\"https:\\\/\\\/helloproject.es\\\/vigilancia\\\/adelantan-tres-millones-de-anos-el-origen-de-la-familia-de-las-comadrejas\\\/\",\"name\":\"Adelantan tres millones de a\u00f1os el origen de la familia de las comadrejas - bip4ex\",\"isPartOf\":{\"@id\":\"https:\\\/\\\/helloproject.es\\\/vigilancia\\\/#website\"},\"primaryImageOfPage\":{\"@id\":\"https:\\\/\\\/helloproject.es\\\/vigilancia\\\/adelantan-tres-millones-de-anos-el-origen-de-la-familia-de-las-comadrejas\\\/#primaryimage\"},\"image\":{\"@id\":\"https:\\\/\\\/helloproject.es\\\/vigilancia\\\/adelantan-tres-millones-de-anos-el-origen-de-la-familia-de-las-comadrejas\\\/#primaryimage\"},\"thumbnailUrl\":\"https:\\\/\\\/www.agenciasinc.es\\\/bundles\\\/app\\\/images\\\/quotebefore.png\",\"datePublished\":\"2026-04-14T12:28:16+00:00\",\"breadcrumb\":{\"@id\":\"https:\\\/\\\/helloproject.es\\\/vigilancia\\\/adelantan-tres-millones-de-anos-el-origen-de-la-familia-de-las-comadrejas\\\/#breadcrumb\"},\"inLanguage\":\"es\",\"potentialAction\":[{\"@type\":\"ReadAction\",\"target\":[\"https:\\\/\\\/helloproject.es\\\/vigilancia\\\/adelantan-tres-millones-de-anos-el-origen-de-la-familia-de-las-comadrejas\\\/\"]}]},{\"@type\":\"ImageObject\",\"inLanguage\":\"es\",\"@id\":\"https:\\\/\\\/helloproject.es\\\/vigilancia\\\/adelantan-tres-millones-de-anos-el-origen-de-la-familia-de-las-comadrejas\\\/#primaryimage\",\"url\":\"https:\\\/\\\/www.agenciasinc.es\\\/bundles\\\/app\\\/images\\\/quotebefore.png\",\"contentUrl\":\"https:\\\/\\\/www.agenciasinc.es\\\/bundles\\\/app\\\/images\\\/quotebefore.png\"},{\"@type\":\"BreadcrumbList\",\"@id\":\"https:\\\/\\\/helloproject.es\\\/vigilancia\\\/adelantan-tres-millones-de-anos-el-origen-de-la-familia-de-las-comadrejas\\\/#breadcrumb\",\"itemListElement\":[{\"@type\":\"ListItem\",\"position\":1,\"name\":\"Home\",\"item\":\"https:\\\/\\\/helloproject.es\\\/vigilancia\\\/\"},{\"@type\":\"ListItem\",\"position\":2,\"name\":\"Adelantan tres millones de a\u00f1os el origen de la familia de las comadrejas\"}]},{\"@type\":\"WebSite\",\"@id\":\"https:\\\/\\\/helloproject.es\\\/vigilancia\\\/#website\",\"url\":\"https:\\\/\\\/helloproject.es\\\/vigilancia\\\/\",\"name\":\"bip4ex\",\"description\":\"Vigilancia Tecnol\u00f3gica\",\"publisher\":{\"@id\":\"https:\\\/\\\/helloproject.es\\\/vigilancia\\\/#organization\"},\"potentialAction\":[{\"@type\":\"SearchAction\",\"target\":{\"@type\":\"EntryPoint\",\"urlTemplate\":\"https:\\\/\\\/helloproject.es\\\/vigilancia\\\/?s={search_term_string}\"},\"query-input\":{\"@type\":\"PropertyValueSpecification\",\"valueRequired\":true,\"valueName\":\"search_term_string\"}}],\"inLanguage\":\"es\"},{\"@type\":\"Organization\",\"@id\":\"https:\\\/\\\/helloproject.es\\\/vigilancia\\\/#organization\",\"name\":\"Helloproject.es\",\"url\":\"https:\\\/\\\/helloproject.es\\\/vigilancia\\\/\",\"logo\":{\"@type\":\"ImageObject\",\"inLanguage\":\"es\",\"@id\":\"https:\\\/\\\/helloproject.es\\\/vigilancia\\\/#\\\/schema\\\/logo\\\/image\\\/\",\"url\":\"https:\\\/\\\/helloproject.es\\\/vigilancia\\\/wp-content\\\/uploads\\\/2023\\\/07\\\/bip4ex.png\",\"contentUrl\":\"https:\\\/\\\/helloproject.es\\\/vigilancia\\\/wp-content\\\/uploads\\\/2023\\\/07\\\/bip4ex.png\",\"width\":322,\"height\":365,\"caption\":\"Helloproject.es\"},\"image\":{\"@id\":\"https:\\\/\\\/helloproject.es\\\/vigilancia\\\/#\\\/schema\\\/logo\\\/image\\\/\"}},{\"@type\":\"Person\",\"@id\":\"https:\\\/\\\/helloproject.es\\\/vigilancia\\\/#\\\/schema\\\/person\\\/3767b0619d59a11570372c821f8619ca\",\"name\":\"Luis Miguel Mej\u00edas Ramos\",\"url\":\"https:\\\/\\\/helloproject.es\\\/vigilancia\\\/author\\\/luismi\\\/\"}]}<\/script>\n<!-- \/ Yoast SEO Premium plugin. -->","yoast_head_json":{"title":"Adelantan tres millones de a\u00f1os el origen de la familia de las comadrejas - bip4ex","robots":{"index":"index","follow":"follow","max-snippet":"max-snippet:-1","max-image-preview":"max-image-preview:large","max-video-preview":"max-video-preview:-1"},"canonical":"https:\/\/helloproject.es\/vigilancia\/adelantan-tres-millones-de-anos-el-origen-de-la-familia-de-las-comadrejas\/","og_locale":"es_ES","og_type":"article","og_title":"Adelantan tres millones de a\u00f1os el origen de la familia de las comadrejas","og_description":"Un estudio, liderado por la Universidad Complutense de Madrid (UCM),\u00a0demuestra que el origen de la subfamilia Mustelinae \u2014a la que pertenecen comadrejas, hurones y visones\u2014 es m\u00e1s antiguo de lo que se pensaba. Se remonta al final del Mioceno, hace unos 6,5 millones de a\u00f1os.\u00a0 El descubrimiento de un nuevo g\u00e9nero y especie de peque\u00f1o [&hellip;]","og_url":"https:\/\/helloproject.es\/vigilancia\/adelantan-tres-millones-de-anos-el-origen-de-la-familia-de-las-comadrejas\/","og_site_name":"bip4ex","article_published_time":"2026-04-14T12:28:16+00:00","og_image":[{"url":"https:\/\/www.agenciasinc.es\/bundles\/app\/images\/quotebefore.png","type":"","width":"","height":""}],"author":"Luis Miguel Mej\u00edas Ramos","twitter_card":"summary_large_image","twitter_misc":{"Escrito por":"Luis Miguel Mej\u00edas Ramos","Tiempo de lectura":"4 minutos"},"schema":{"@context":"https:\/\/schema.org","@graph":[{"@type":"Article","@id":"https:\/\/helloproject.es\/vigilancia\/adelantan-tres-millones-de-anos-el-origen-de-la-familia-de-las-comadrejas\/#article","isPartOf":{"@id":"https:\/\/helloproject.es\/vigilancia\/adelantan-tres-millones-de-anos-el-origen-de-la-familia-de-las-comadrejas\/"},"author":{"name":"Luis Miguel Mej\u00edas Ramos","@id":"https:\/\/helloproject.es\/vigilancia\/#\/schema\/person\/3767b0619d59a11570372c821f8619ca"},"headline":"Adelantan tres millones de a\u00f1os el origen de la familia de las comadrejas","datePublished":"2026-04-14T12:28:16+00:00","mainEntityOfPage":{"@id":"https:\/\/helloproject.es\/vigilancia\/adelantan-tres-millones-de-anos-el-origen-de-la-familia-de-las-comadrejas\/"},"wordCount":715,"publisher":{"@id":"https:\/\/helloproject.es\/vigilancia\/#organization"},"image":{"@id":"https:\/\/helloproject.es\/vigilancia\/adelantan-tres-millones-de-anos-el-origen-de-la-familia-de-las-comadrejas\/#primaryimage"},"thumbnailUrl":"https:\/\/www.agenciasinc.es\/bundles\/app\/images\/quotebefore.png","articleSection":["Noticias"],"inLanguage":"es"},{"@type":"WebPage","@id":"https:\/\/helloproject.es\/vigilancia\/adelantan-tres-millones-de-anos-el-origen-de-la-familia-de-las-comadrejas\/","url":"https:\/\/helloproject.es\/vigilancia\/adelantan-tres-millones-de-anos-el-origen-de-la-familia-de-las-comadrejas\/","name":"Adelantan tres millones de a\u00f1os el origen de la familia de las comadrejas - bip4ex","isPartOf":{"@id":"https:\/\/helloproject.es\/vigilancia\/#website"},"primaryImageOfPage":{"@id":"https:\/\/helloproject.es\/vigilancia\/adelantan-tres-millones-de-anos-el-origen-de-la-familia-de-las-comadrejas\/#primaryimage"},"image":{"@id":"https:\/\/helloproject.es\/vigilancia\/adelantan-tres-millones-de-anos-el-origen-de-la-familia-de-las-comadrejas\/#primaryimage"},"thumbnailUrl":"https:\/\/www.agenciasinc.es\/bundles\/app\/images\/quotebefore.png","datePublished":"2026-04-14T12:28:16+00:00","breadcrumb":{"@id":"https:\/\/helloproject.es\/vigilancia\/adelantan-tres-millones-de-anos-el-origen-de-la-familia-de-las-comadrejas\/#breadcrumb"},"inLanguage":"es","potentialAction":[{"@type":"ReadAction","target":["https:\/\/helloproject.es\/vigilancia\/adelantan-tres-millones-de-anos-el-origen-de-la-familia-de-las-comadrejas\/"]}]},{"@type":"ImageObject","inLanguage":"es","@id":"https:\/\/helloproject.es\/vigilancia\/adelantan-tres-millones-de-anos-el-origen-de-la-familia-de-las-comadrejas\/#primaryimage","url":"https:\/\/www.agenciasinc.es\/bundles\/app\/images\/quotebefore.png","contentUrl":"https:\/\/www.agenciasinc.es\/bundles\/app\/images\/quotebefore.png"},{"@type":"BreadcrumbList","@id":"https:\/\/helloproject.es\/vigilancia\/adelantan-tres-millones-de-anos-el-origen-de-la-familia-de-las-comadrejas\/#breadcrumb","itemListElement":[{"@type":"ListItem","position":1,"name":"Home","item":"https:\/\/helloproject.es\/vigilancia\/"},{"@type":"ListItem","position":2,"name":"Adelantan tres millones de a\u00f1os el origen de la familia de las comadrejas"}]},{"@type":"WebSite","@id":"https:\/\/helloproject.es\/vigilancia\/#website","url":"https:\/\/helloproject.es\/vigilancia\/","name":"bip4ex","description":"Vigilancia Tecnol\u00f3gica","publisher":{"@id":"https:\/\/helloproject.es\/vigilancia\/#organization"},"potentialAction":[{"@type":"SearchAction","target":{"@type":"EntryPoint","urlTemplate":"https:\/\/helloproject.es\/vigilancia\/?s={search_term_string}"},"query-input":{"@type":"PropertyValueSpecification","valueRequired":true,"valueName":"search_term_string"}}],"inLanguage":"es"},{"@type":"Organization","@id":"https:\/\/helloproject.es\/vigilancia\/#organization","name":"Helloproject.es","url":"https:\/\/helloproject.es\/vigilancia\/","logo":{"@type":"ImageObject","inLanguage":"es","@id":"https:\/\/helloproject.es\/vigilancia\/#\/schema\/logo\/image\/","url":"https:\/\/helloproject.es\/vigilancia\/wp-content\/uploads\/2023\/07\/bip4ex.png","contentUrl":"https:\/\/helloproject.es\/vigilancia\/wp-content\/uploads\/2023\/07\/bip4ex.png","width":322,"height":365,"caption":"Helloproject.es"},"image":{"@id":"https:\/\/helloproject.es\/vigilancia\/#\/schema\/logo\/image\/"}},{"@type":"Person","@id":"https:\/\/helloproject.es\/vigilancia\/#\/schema\/person\/3767b0619d59a11570372c821f8619ca","name":"Luis Miguel Mej\u00edas Ramos","url":"https:\/\/helloproject.es\/vigilancia\/author\/luismi\/"}]}},"_links":{"self":[{"href":"https:\/\/helloproject.es\/vigilancia\/wp-json\/wp\/v2\/posts\/202936","targetHints":{"allow":["GET"]}}],"collection":[{"href":"https:\/\/helloproject.es\/vigilancia\/wp-json\/wp\/v2\/posts"}],"about":[{"href":"https:\/\/helloproject.es\/vigilancia\/wp-json\/wp\/v2\/types\/post"}],"author":[{"embeddable":true,"href":"https:\/\/helloproject.es\/vigilancia\/wp-json\/wp\/v2\/users\/5"}],"replies":[{"embeddable":true,"href":"https:\/\/helloproject.es\/vigilancia\/wp-json\/wp\/v2\/comments?post=202936"}],"version-history":[{"count":0,"href":"https:\/\/helloproject.es\/vigilancia\/wp-json\/wp\/v2\/posts\/202936\/revisions"}],"wp:attachment":[{"href":"https:\/\/helloproject.es\/vigilancia\/wp-json\/wp\/v2\/media?parent=202936"}],"wp:term":[{"taxonomy":"category","embeddable":true,"href":"https:\/\/helloproject.es\/vigilancia\/wp-json\/wp\/v2\/categories?post=202936"},{"taxonomy":"post_tag","embeddable":true,"href":"https:\/\/helloproject.es\/vigilancia\/wp-json\/wp\/v2\/tags?post=202936"}],"curies":[{"name":"wp","href":"https:\/\/api.w.org\/{rel}","templated":true}]}}