{"id":202963,"date":"2026-04-15T07:17:28","date_gmt":"2026-04-15T06:17:28","guid":{"rendered":"https:\/\/helloproject.es\/vigilancia\/cafe-debate-con-las-enfermeras-autoras-del-relato-lola-la-enfermera-gitana-22-de-abril-coiba-de-palma\/"},"modified":"2026-04-15T07:17:28","modified_gmt":"2026-04-15T06:17:28","slug":"cafe-debate-con-las-enfermeras-autoras-del-relato-lola-la-enfermera-gitana-22-de-abril-coiba-de-palma","status":"publish","type":"post","link":"https:\/\/helloproject.es\/vigilancia\/cafe-debate-con-las-enfermeras-autoras-del-relato-lola-la-enfermera-gitana-22-de-abril-coiba-de-palma\/","title":{"rendered":"Caf\u00e9-debate con las enfermeras autoras del relato \u201cLola, la enfermera gitana\u201d: 22 de abril \u2013 COIBA de Palma"},"content":{"rendered":"<p><img decoding=\"async\" src=\"https:\/\/www.infosalut.com\/images\/noticies\/cc\/cc-epr628.jpg\" \/><\/p>\n<p>\u201cEntender a la comunidad gitana para cuidarla. Comunicaci\u00f3n transcultural\u201d es el t\u00edtulo del Trabajo de Fin de Grado que inspira el libro \u201cLola, la enfermera gitana\u201d. Las enfermeras Laura Molina N\u00fa\u00f1ez, autora de la investigaci\u00f3n, y Patricia Garc\u00eda Pazo son las autoras de este relato editado por el Col\u00b7legi Oficial d\u2019Infermeres i Infermers de les Illes Balears (COIBA), y las conductoras del caf\u00e9-debate que acoger\u00e1 la sede colegial de <strong>Palma el 22 de abril a las 16:30h<\/strong>.<\/p>","protected":false},"excerpt":{"rendered":"<p>\u201cEntender a la comunidad gitana para cuidarla. Comunicaci\u00f3n transcultural\u201d es el t\u00edtulo del Trabajo de Fin de Grado que inspira el libro \u201cLola, la enfermera gitana\u201d. Las enfermeras Laura Molina N\u00fa\u00f1ez, autora de la investigaci\u00f3n, y Patricia Garc\u00eda Pazo son las autoras de este relato editado por el Col\u00b7legi Oficial d\u2019Infermeres i Infermers de les [&hellip;]<\/p>\n","protected":false},"author":5,"featured_media":0,"comment_status":"","ping_status":"","sticky":false,"template":"","format":"standard","meta":{"site-sidebar-layout":"default","site-content-layout":"","ast-site-content-layout":"default","site-content-style":"default","site-sidebar-style":"default","ast-global-header-display":"","ast-banner-title-visibility":"","ast-main-header-display":"","ast-hfb-above-header-display":"","ast-hfb-below-header-display":"","ast-hfb-mobile-header-display":"","site-post-title":"","ast-breadcrumbs-content":"","ast-featured-img":"","footer-sml-layout":"","ast-disable-related-posts":"","theme-transparent-header-meta":"","adv-header-id-meta":"","stick-header-meta":"","header-above-stick-meta":"","header-main-stick-meta":"","header-below-stick-meta":"","astra-migrate-meta-layouts":"default","ast-page-background-enabled":"default","ast-page-background-meta":{"desktop":{"background-color":"var(--ast-global-color-4)","background-image":"","background-repeat":"repeat","background-position":"center center","background-size":"auto","background-attachment":"scroll","background-type":"","background-media":"","overlay-type":"","overlay-color":"","overlay-opacity":"","overlay-gradient":""},"tablet":{"background-color":"","background-image":"","background-repeat":"repeat","background-position":"center center","background-size":"auto","background-attachment":"scroll","background-type":"","background-media":"","overlay-type":"","overlay-color":"","overlay-opacity":"","overlay-gradient":""},"mobile":{"background-color":"","background-image":"","background-repeat":"repeat","background-position":"center center","background-size":"auto","background-attachment":"scroll","background-type":"","background-media":"","overlay-type":"","overlay-color":"","overlay-opacity":"","overlay-gradient":""}},"ast-content-background-meta":{"desktop":{"background-color":"var(--ast-global-color-5)","background-image":"","background-repeat":"repeat","background-position":"center center","background-size":"auto","background-attachment":"scroll","background-type":"","background-media":"","overlay-type":"","overlay-color":"","overlay-opacity":"","overlay-gradient":""},"tablet":{"background-color":"var(--ast-global-color-5)","background-image":"","background-repeat":"repeat","background-position":"center center","background-size":"auto","background-attachment":"scroll","background-type":"","background-media":"","overlay-type":"","overlay-color":"","overlay-opacity":"","overlay-gradient":""},"mobile":{"background-color":"var(--ast-global-color-5)","background-image":"","background-repeat":"repeat","background-position":"center center","background-size":"auto","background-attachment":"scroll","background-type":"","background-media":"","overlay-type":"","overlay-color":"","overlay-opacity":"","overlay-gradient":""}},"footnotes":""},"categories":[5],"tags":[],"class_list":["post-202963","post","type-post","status-publish","format-standard","hentry","category-noticias"],"yoast_head":"<!-- This site is optimized with the Yoast SEO Premium plugin v20.9 (Yoast SEO v27.4) - https:\/\/yoast.com\/product\/yoast-seo-premium-wordpress\/ -->\n<title>Caf\u00e9-debate con las enfermeras autoras del relato \u201cLola, la enfermera gitana\u201d: 22 de abril \u2013 COIBA de Palma - bip4ex<\/title>\n<meta name=\"robots\" content=\"index, follow, max-snippet:-1, max-image-preview:large, max-video-preview:-1\" \/>\n<link rel=\"canonical\" href=\"https:\/\/helloproject.es\/vigilancia\/cafe-debate-con-las-enfermeras-autoras-del-relato-lola-la-enfermera-gitana-22-de-abril-coiba-de-palma\/\" \/>\n<meta property=\"og:locale\" content=\"es_ES\" \/>\n<meta property=\"og:type\" content=\"article\" \/>\n<meta property=\"og:title\" content=\"Caf\u00e9-debate con las enfermeras autoras del relato \u201cLola, la enfermera gitana\u201d: 22 de abril \u2013 COIBA de Palma\" \/>\n<meta property=\"og:description\" content=\"\u201cEntender a la comunidad gitana para cuidarla. Comunicaci\u00f3n transcultural\u201d es el t\u00edtulo del Trabajo de Fin de Grado que inspira el libro \u201cLola, la enfermera gitana\u201d. Las enfermeras Laura Molina N\u00fa\u00f1ez, autora de la investigaci\u00f3n, y Patricia Garc\u00eda Pazo son las autoras de este relato editado por el Col\u00b7legi Oficial d\u2019Infermeres i Infermers de les [&hellip;]\" \/>\n<meta property=\"og:url\" content=\"https:\/\/helloproject.es\/vigilancia\/cafe-debate-con-las-enfermeras-autoras-del-relato-lola-la-enfermera-gitana-22-de-abril-coiba-de-palma\/\" \/>\n<meta property=\"og:site_name\" content=\"bip4ex\" \/>\n<meta property=\"article:published_time\" content=\"2026-04-15T06:17:28+00:00\" \/>\n<meta property=\"og:image\" content=\"https:\/\/www.infosalut.com\/images\/noticies\/cc\/cc-epr628.jpg\" \/>\n<meta name=\"author\" content=\"Luis Miguel Mej\u00edas Ramos\" \/>\n<meta name=\"twitter:card\" content=\"summary_large_image\" \/>\n<meta name=\"twitter:label1\" content=\"Escrito por\" \/>\n\t<meta name=\"twitter:data1\" content=\"Luis Miguel Mej\u00edas Ramos\" \/>\n<script type=\"application\/ld+json\" class=\"yoast-schema-graph\">{\"@context\":\"https:\\\/\\\/schema.org\",\"@graph\":[{\"@type\":\"Article\",\"@id\":\"https:\\\/\\\/helloproject.es\\\/vigilancia\\\/cafe-debate-con-las-enfermeras-autoras-del-relato-lola-la-enfermera-gitana-22-de-abril-coiba-de-palma\\\/#article\",\"isPartOf\":{\"@id\":\"https:\\\/\\\/helloproject.es\\\/vigilancia\\\/cafe-debate-con-las-enfermeras-autoras-del-relato-lola-la-enfermera-gitana-22-de-abril-coiba-de-palma\\\/\"},\"author\":{\"name\":\"Luis Miguel Mej\u00edas Ramos\",\"@id\":\"https:\\\/\\\/helloproject.es\\\/vigilancia\\\/#\\\/schema\\\/person\\\/3767b0619d59a11570372c821f8619ca\"},\"headline\":\"Caf\u00e9-debate con las enfermeras autoras del relato \u201cLola, la enfermera gitana\u201d: 22 de abril \u2013 COIBA de Palma\",\"datePublished\":\"2026-04-15T06:17:28+00:00\",\"mainEntityOfPage\":{\"@id\":\"https:\\\/\\\/helloproject.es\\\/vigilancia\\\/cafe-debate-con-las-enfermeras-autoras-del-relato-lola-la-enfermera-gitana-22-de-abril-coiba-de-palma\\\/\"},\"wordCount\":101,\"publisher\":{\"@id\":\"https:\\\/\\\/helloproject.es\\\/vigilancia\\\/#organization\"},\"image\":{\"@id\":\"https:\\\/\\\/helloproject.es\\\/vigilancia\\\/cafe-debate-con-las-enfermeras-autoras-del-relato-lola-la-enfermera-gitana-22-de-abril-coiba-de-palma\\\/#primaryimage\"},\"thumbnailUrl\":\"https:\\\/\\\/www.infosalut.com\\\/images\\\/noticies\\\/cc\\\/cc-epr628.jpg\",\"articleSection\":[\"Noticias\"],\"inLanguage\":\"es\"},{\"@type\":\"WebPage\",\"@id\":\"https:\\\/\\\/helloproject.es\\\/vigilancia\\\/cafe-debate-con-las-enfermeras-autoras-del-relato-lola-la-enfermera-gitana-22-de-abril-coiba-de-palma\\\/\",\"url\":\"https:\\\/\\\/helloproject.es\\\/vigilancia\\\/cafe-debate-con-las-enfermeras-autoras-del-relato-lola-la-enfermera-gitana-22-de-abril-coiba-de-palma\\\/\",\"name\":\"Caf\u00e9-debate con las enfermeras autoras del relato \u201cLola, la enfermera gitana\u201d: 22 de abril \u2013 COIBA de Palma - bip4ex\",\"isPartOf\":{\"@id\":\"https:\\\/\\\/helloproject.es\\\/vigilancia\\\/#website\"},\"primaryImageOfPage\":{\"@id\":\"https:\\\/\\\/helloproject.es\\\/vigilancia\\\/cafe-debate-con-las-enfermeras-autoras-del-relato-lola-la-enfermera-gitana-22-de-abril-coiba-de-palma\\\/#primaryimage\"},\"image\":{\"@id\":\"https:\\\/\\\/helloproject.es\\\/vigilancia\\\/cafe-debate-con-las-enfermeras-autoras-del-relato-lola-la-enfermera-gitana-22-de-abril-coiba-de-palma\\\/#primaryimage\"},\"thumbnailUrl\":\"https:\\\/\\\/www.infosalut.com\\\/images\\\/noticies\\\/cc\\\/cc-epr628.jpg\",\"datePublished\":\"2026-04-15T06:17:28+00:00\",\"breadcrumb\":{\"@id\":\"https:\\\/\\\/helloproject.es\\\/vigilancia\\\/cafe-debate-con-las-enfermeras-autoras-del-relato-lola-la-enfermera-gitana-22-de-abril-coiba-de-palma\\\/#breadcrumb\"},\"inLanguage\":\"es\",\"potentialAction\":[{\"@type\":\"ReadAction\",\"target\":[\"https:\\\/\\\/helloproject.es\\\/vigilancia\\\/cafe-debate-con-las-enfermeras-autoras-del-relato-lola-la-enfermera-gitana-22-de-abril-coiba-de-palma\\\/\"]}]},{\"@type\":\"ImageObject\",\"inLanguage\":\"es\",\"@id\":\"https:\\\/\\\/helloproject.es\\\/vigilancia\\\/cafe-debate-con-las-enfermeras-autoras-del-relato-lola-la-enfermera-gitana-22-de-abril-coiba-de-palma\\\/#primaryimage\",\"url\":\"https:\\\/\\\/www.infosalut.com\\\/images\\\/noticies\\\/cc\\\/cc-epr628.jpg\",\"contentUrl\":\"https:\\\/\\\/www.infosalut.com\\\/images\\\/noticies\\\/cc\\\/cc-epr628.jpg\"},{\"@type\":\"BreadcrumbList\",\"@id\":\"https:\\\/\\\/helloproject.es\\\/vigilancia\\\/cafe-debate-con-las-enfermeras-autoras-del-relato-lola-la-enfermera-gitana-22-de-abril-coiba-de-palma\\\/#breadcrumb\",\"itemListElement\":[{\"@type\":\"ListItem\",\"position\":1,\"name\":\"Home\",\"item\":\"https:\\\/\\\/helloproject.es\\\/vigilancia\\\/\"},{\"@type\":\"ListItem\",\"position\":2,\"name\":\"Caf\u00e9-debate con las enfermeras autoras del relato \u201cLola, la enfermera gitana\u201d: 22 de abril \u2013 COIBA de Palma\"}]},{\"@type\":\"WebSite\",\"@id\":\"https:\\\/\\\/helloproject.es\\\/vigilancia\\\/#website\",\"url\":\"https:\\\/\\\/helloproject.es\\\/vigilancia\\\/\",\"name\":\"bip4ex\",\"description\":\"Vigilancia Tecnol\u00f3gica\",\"publisher\":{\"@id\":\"https:\\\/\\\/helloproject.es\\\/vigilancia\\\/#organization\"},\"potentialAction\":[{\"@type\":\"SearchAction\",\"target\":{\"@type\":\"EntryPoint\",\"urlTemplate\":\"https:\\\/\\\/helloproject.es\\\/vigilancia\\\/?s={search_term_string}\"},\"query-input\":{\"@type\":\"PropertyValueSpecification\",\"valueRequired\":true,\"valueName\":\"search_term_string\"}}],\"inLanguage\":\"es\"},{\"@type\":\"Organization\",\"@id\":\"https:\\\/\\\/helloproject.es\\\/vigilancia\\\/#organization\",\"name\":\"Helloproject.es\",\"url\":\"https:\\\/\\\/helloproject.es\\\/vigilancia\\\/\",\"logo\":{\"@type\":\"ImageObject\",\"inLanguage\":\"es\",\"@id\":\"https:\\\/\\\/helloproject.es\\\/vigilancia\\\/#\\\/schema\\\/logo\\\/image\\\/\",\"url\":\"https:\\\/\\\/helloproject.es\\\/vigilancia\\\/wp-content\\\/uploads\\\/2023\\\/07\\\/bip4ex.png\",\"contentUrl\":\"https:\\\/\\\/helloproject.es\\\/vigilancia\\\/wp-content\\\/uploads\\\/2023\\\/07\\\/bip4ex.png\",\"width\":322,\"height\":365,\"caption\":\"Helloproject.es\"},\"image\":{\"@id\":\"https:\\\/\\\/helloproject.es\\\/vigilancia\\\/#\\\/schema\\\/logo\\\/image\\\/\"}},{\"@type\":\"Person\",\"@id\":\"https:\\\/\\\/helloproject.es\\\/vigilancia\\\/#\\\/schema\\\/person\\\/3767b0619d59a11570372c821f8619ca\",\"name\":\"Luis Miguel Mej\u00edas Ramos\",\"url\":\"https:\\\/\\\/helloproject.es\\\/vigilancia\\\/author\\\/luismi\\\/\"}]}<\/script>\n<!-- \/ Yoast SEO Premium plugin. -->","yoast_head_json":{"title":"Caf\u00e9-debate con las enfermeras autoras del relato \u201cLola, la enfermera gitana\u201d: 22 de abril \u2013 COIBA de Palma - bip4ex","robots":{"index":"index","follow":"follow","max-snippet":"max-snippet:-1","max-image-preview":"max-image-preview:large","max-video-preview":"max-video-preview:-1"},"canonical":"https:\/\/helloproject.es\/vigilancia\/cafe-debate-con-las-enfermeras-autoras-del-relato-lola-la-enfermera-gitana-22-de-abril-coiba-de-palma\/","og_locale":"es_ES","og_type":"article","og_title":"Caf\u00e9-debate con las enfermeras autoras del relato \u201cLola, la enfermera gitana\u201d: 22 de abril \u2013 COIBA de Palma","og_description":"\u201cEntender a la comunidad gitana para cuidarla. Comunicaci\u00f3n transcultural\u201d es el t\u00edtulo del Trabajo de Fin de Grado que inspira el libro \u201cLola, la enfermera gitana\u201d. Las enfermeras Laura Molina N\u00fa\u00f1ez, autora de la investigaci\u00f3n, y Patricia Garc\u00eda Pazo son las autoras de este relato editado por el Col\u00b7legi Oficial d\u2019Infermeres i Infermers de les [&hellip;]","og_url":"https:\/\/helloproject.es\/vigilancia\/cafe-debate-con-las-enfermeras-autoras-del-relato-lola-la-enfermera-gitana-22-de-abril-coiba-de-palma\/","og_site_name":"bip4ex","article_published_time":"2026-04-15T06:17:28+00:00","og_image":[{"url":"https:\/\/www.infosalut.com\/images\/noticies\/cc\/cc-epr628.jpg","type":"","width":"","height":""}],"author":"Luis Miguel Mej\u00edas Ramos","twitter_card":"summary_large_image","twitter_misc":{"Escrito por":"Luis Miguel Mej\u00edas Ramos"},"schema":{"@context":"https:\/\/schema.org","@graph":[{"@type":"Article","@id":"https:\/\/helloproject.es\/vigilancia\/cafe-debate-con-las-enfermeras-autoras-del-relato-lola-la-enfermera-gitana-22-de-abril-coiba-de-palma\/#article","isPartOf":{"@id":"https:\/\/helloproject.es\/vigilancia\/cafe-debate-con-las-enfermeras-autoras-del-relato-lola-la-enfermera-gitana-22-de-abril-coiba-de-palma\/"},"author":{"name":"Luis Miguel Mej\u00edas Ramos","@id":"https:\/\/helloproject.es\/vigilancia\/#\/schema\/person\/3767b0619d59a11570372c821f8619ca"},"headline":"Caf\u00e9-debate con las enfermeras autoras del relato \u201cLola, la enfermera gitana\u201d: 22 de abril \u2013 COIBA de Palma","datePublished":"2026-04-15T06:17:28+00:00","mainEntityOfPage":{"@id":"https:\/\/helloproject.es\/vigilancia\/cafe-debate-con-las-enfermeras-autoras-del-relato-lola-la-enfermera-gitana-22-de-abril-coiba-de-palma\/"},"wordCount":101,"publisher":{"@id":"https:\/\/helloproject.es\/vigilancia\/#organization"},"image":{"@id":"https:\/\/helloproject.es\/vigilancia\/cafe-debate-con-las-enfermeras-autoras-del-relato-lola-la-enfermera-gitana-22-de-abril-coiba-de-palma\/#primaryimage"},"thumbnailUrl":"https:\/\/www.infosalut.com\/images\/noticies\/cc\/cc-epr628.jpg","articleSection":["Noticias"],"inLanguage":"es"},{"@type":"WebPage","@id":"https:\/\/helloproject.es\/vigilancia\/cafe-debate-con-las-enfermeras-autoras-del-relato-lola-la-enfermera-gitana-22-de-abril-coiba-de-palma\/","url":"https:\/\/helloproject.es\/vigilancia\/cafe-debate-con-las-enfermeras-autoras-del-relato-lola-la-enfermera-gitana-22-de-abril-coiba-de-palma\/","name":"Caf\u00e9-debate con las enfermeras autoras del relato \u201cLola, la enfermera gitana\u201d: 22 de abril \u2013 COIBA de Palma - bip4ex","isPartOf":{"@id":"https:\/\/helloproject.es\/vigilancia\/#website"},"primaryImageOfPage":{"@id":"https:\/\/helloproject.es\/vigilancia\/cafe-debate-con-las-enfermeras-autoras-del-relato-lola-la-enfermera-gitana-22-de-abril-coiba-de-palma\/#primaryimage"},"image":{"@id":"https:\/\/helloproject.es\/vigilancia\/cafe-debate-con-las-enfermeras-autoras-del-relato-lola-la-enfermera-gitana-22-de-abril-coiba-de-palma\/#primaryimage"},"thumbnailUrl":"https:\/\/www.infosalut.com\/images\/noticies\/cc\/cc-epr628.jpg","datePublished":"2026-04-15T06:17:28+00:00","breadcrumb":{"@id":"https:\/\/helloproject.es\/vigilancia\/cafe-debate-con-las-enfermeras-autoras-del-relato-lola-la-enfermera-gitana-22-de-abril-coiba-de-palma\/#breadcrumb"},"inLanguage":"es","potentialAction":[{"@type":"ReadAction","target":["https:\/\/helloproject.es\/vigilancia\/cafe-debate-con-las-enfermeras-autoras-del-relato-lola-la-enfermera-gitana-22-de-abril-coiba-de-palma\/"]}]},{"@type":"ImageObject","inLanguage":"es","@id":"https:\/\/helloproject.es\/vigilancia\/cafe-debate-con-las-enfermeras-autoras-del-relato-lola-la-enfermera-gitana-22-de-abril-coiba-de-palma\/#primaryimage","url":"https:\/\/www.infosalut.com\/images\/noticies\/cc\/cc-epr628.jpg","contentUrl":"https:\/\/www.infosalut.com\/images\/noticies\/cc\/cc-epr628.jpg"},{"@type":"BreadcrumbList","@id":"https:\/\/helloproject.es\/vigilancia\/cafe-debate-con-las-enfermeras-autoras-del-relato-lola-la-enfermera-gitana-22-de-abril-coiba-de-palma\/#breadcrumb","itemListElement":[{"@type":"ListItem","position":1,"name":"Home","item":"https:\/\/helloproject.es\/vigilancia\/"},{"@type":"ListItem","position":2,"name":"Caf\u00e9-debate con las enfermeras autoras del relato \u201cLola, la enfermera gitana\u201d: 22 de abril \u2013 COIBA de Palma"}]},{"@type":"WebSite","@id":"https:\/\/helloproject.es\/vigilancia\/#website","url":"https:\/\/helloproject.es\/vigilancia\/","name":"bip4ex","description":"Vigilancia Tecnol\u00f3gica","publisher":{"@id":"https:\/\/helloproject.es\/vigilancia\/#organization"},"potentialAction":[{"@type":"SearchAction","target":{"@type":"EntryPoint","urlTemplate":"https:\/\/helloproject.es\/vigilancia\/?s={search_term_string}"},"query-input":{"@type":"PropertyValueSpecification","valueRequired":true,"valueName":"search_term_string"}}],"inLanguage":"es"},{"@type":"Organization","@id":"https:\/\/helloproject.es\/vigilancia\/#organization","name":"Helloproject.es","url":"https:\/\/helloproject.es\/vigilancia\/","logo":{"@type":"ImageObject","inLanguage":"es","@id":"https:\/\/helloproject.es\/vigilancia\/#\/schema\/logo\/image\/","url":"https:\/\/helloproject.es\/vigilancia\/wp-content\/uploads\/2023\/07\/bip4ex.png","contentUrl":"https:\/\/helloproject.es\/vigilancia\/wp-content\/uploads\/2023\/07\/bip4ex.png","width":322,"height":365,"caption":"Helloproject.es"},"image":{"@id":"https:\/\/helloproject.es\/vigilancia\/#\/schema\/logo\/image\/"}},{"@type":"Person","@id":"https:\/\/helloproject.es\/vigilancia\/#\/schema\/person\/3767b0619d59a11570372c821f8619ca","name":"Luis Miguel Mej\u00edas Ramos","url":"https:\/\/helloproject.es\/vigilancia\/author\/luismi\/"}]}},"_links":{"self":[{"href":"https:\/\/helloproject.es\/vigilancia\/wp-json\/wp\/v2\/posts\/202963","targetHints":{"allow":["GET"]}}],"collection":[{"href":"https:\/\/helloproject.es\/vigilancia\/wp-json\/wp\/v2\/posts"}],"about":[{"href":"https:\/\/helloproject.es\/vigilancia\/wp-json\/wp\/v2\/types\/post"}],"author":[{"embeddable":true,"href":"https:\/\/helloproject.es\/vigilancia\/wp-json\/wp\/v2\/users\/5"}],"replies":[{"embeddable":true,"href":"https:\/\/helloproject.es\/vigilancia\/wp-json\/wp\/v2\/comments?post=202963"}],"version-history":[{"count":0,"href":"https:\/\/helloproject.es\/vigilancia\/wp-json\/wp\/v2\/posts\/202963\/revisions"}],"wp:attachment":[{"href":"https:\/\/helloproject.es\/vigilancia\/wp-json\/wp\/v2\/media?parent=202963"}],"wp:term":[{"taxonomy":"category","embeddable":true,"href":"https:\/\/helloproject.es\/vigilancia\/wp-json\/wp\/v2\/categories?post=202963"},{"taxonomy":"post_tag","embeddable":true,"href":"https:\/\/helloproject.es\/vigilancia\/wp-json\/wp\/v2\/tags?post=202963"}],"curies":[{"name":"wp","href":"https:\/\/api.w.org\/{rel}","templated":true}]}}