{"id":202980,"date":"2026-04-15T09:28:06","date_gmt":"2026-04-15T08:28:06","guid":{"rendered":"https:\/\/helloproject.es\/vigilancia\/los-pirineos-pierden-3-dias-de-helada-y-ganan-49-de-verano-cada-decada\/"},"modified":"2026-04-15T09:28:06","modified_gmt":"2026-04-15T08:28:06","slug":"los-pirineos-pierden-3-dias-de-helada-y-ganan-49-de-verano-cada-decada","status":"publish","type":"post","link":"https:\/\/helloproject.es\/vigilancia\/los-pirineos-pierden-3-dias-de-helada-y-ganan-49-de-verano-cada-decada\/","title":{"rendered":"Los Pirineos pierden 3 d\u00edas de helada y ganan 4,9 de verano cada d\u00e9cada"},"content":{"rendered":"<p>Investigadores del Servei Meteorol\u00f2gic de Catalunya (METEOCAT) en colaboraci\u00f3n con diferentes entidades, y vinculado al proyecto LIFE Pyrenees4Clima, han estudiado los Pirineos desde una visi\u00f3n transfronteriza y confirma que la temperatura del aire sigue aumentando a medida que pasan los a\u00f1os.<\/p>\n<p>Concretamente, la regi\u00f3n ha perdido tres d\u00edas de helada por d\u00e9cada (temperatura m\u00ednima bajo 0\u00baC) y ha ganado 4,9 d\u00edas de verano por d\u00e9cada (d\u00edas con temperatura m\u00e1xima superior a los 25 \u00baC). Esto supone que los Pirineos tienen ahora 20 d\u00edas menos de helada que en el a\u00f1o 1959 y 32 d\u00edas m\u00e1s de verano en el mismo per\u00edodo.<\/p>\n<p>Del mismo modo, aumenta la duraci\u00f3n de las rachas c\u00e1lidas (d\u00edas consecutivos con una temperatura m\u00e1xima extremamente elevada) y disminuye la duraci\u00f3n de las rachas fr\u00edas (d\u00edas consecutivos con una temperatura m\u00ednima extremamente baja).\u00a0<\/p>\n<p><img decoding=\"async\" src=\"https:\/\/www.agenciasinc.es\/bundles\/app\/images\/quotebefore.png\" \/><\/p>\n<p>Actualizamos y analizamos cada a\u00f1o unos indicadores clim\u00e1ticos concretos, dibuj\u00e1ndose una clara tendencia hacia un\u00a0clima pirenaico m\u00e1s c\u00e1lido en todo su conjunto\u00a0<\/p>\n<p>Jordi Cunillera, Meteocat<br \/>\n<img decoding=\"async\" src=\"https:\/\/www.agenciasinc.es\/bundles\/app\/images\/quoteafter.png\" \/><\/p>\n<p>\u00abActualizamos y analizamos cada a\u00f1o unos indicadores clim\u00e1ticos concretos, dibuj\u00e1ndose una clara tendencia hacia un clima pirenaico m\u00e1s c\u00e1lido en todo su conjunto y, en su vertiente sur, m\u00e1s seco\u201d, declara\u00a0Jordi Cunillera, responsable del equipo de cambio clim\u00e1tico del Meteocat.<\/p>\n<p>Por otra parte, este aumento de la temperatura del aire ha implicado tambi\u00e9n un aumento de la temperatura del agua de los lagos pirenaicos. Por ejemplo, en el Ib\u00f3n de Marbor\u00e9 (Pirineo aragon\u00e9s), la temperatura del agua superficial (hasta los 5 m de profundidad) ha aumentado casi medio grado durante los \u00faltimos 10 a\u00f1os.\u00a0<\/p>\n<p><img decoding=\"async\" src=\"https:\/\/www.agenciasinc.es\/bundles\/app\/images\/quotebefore.png\" \/><\/p>\n<p>Estamos ante un aumento de las olas de calor lacustres y una reducci\u00f3n del per\u00edodo durante el cual los lagos est\u00e1n cubiertos de hielo<\/p>\n<p> Blas Valero, investigador del IPE-CSIC<br \/>\n<img decoding=\"async\" src=\"https:\/\/www.agenciasinc.es\/bundles\/app\/images\/quoteafter.png\" \/><\/p>\n<p>\u201cEstamos ante un aumento de las olas de calor lacustres y una reducci\u00f3n del per\u00edodo durante el cual los lagos est\u00e1n cubiertos de hielo, con cambios en la columna de agua que pueden provocar episodios de anoxia, como ya pas\u00f3 en Marbor\u00e9 en invierno del 2023-2024, situaci\u00f3n que altera gravemente los ecosistemas\u201d, explica Blas Valero, investigador del IPE-CSIC, que ha participado en el an\u00e1lisis.<\/p>\n<p><a><\/a><\/p>\n<h2>Holl\u00edn de incendios<\/h2>\n<p>El estudio tambi\u00e9n analiza la evoluci\u00f3n de los aerosoles y revela que la presencia de polvo sahariano y holl\u00edn de los incendios va en aumento. Las mediciones, que se toman en el campo de experimentaci\u00f3n de la AEMET en\u00a0Formigal-Sarrios, registraron durante 2025 un pico de deposiciones de holl\u00edn de m\u00e1s de 5.000 ng\/m3, asociado a los megaincendios de Castilla-Le\u00f3n y Galicia del verano pasado.<\/p>\n<p>Estos datos evidencian la capacidad de las part\u00edculas para viajar grandes recorridos y su dep\u00f3sito posterior en los Pirineos y que en a\u00f1os anteriores tambi\u00e9n se detectaron a ra\u00edz de los incendios en Canad\u00e1.\u00a0<\/p>\n<p>Estos datos evidencian la capacidad de las part\u00edculas para viajar grandes recorridos y su dep\u00f3sito posterior en los Pirineos<\/p>\n<p>Estos valores obtenidos reflejan que estamos delante de un impacto creciente de los incendios forestales y del transporte atmosf\u00e9rico de contaminantes\u201d, indica Jorge Pey, tambi\u00e9n investigador del IPE-CSIC. En cuanto al polvo sahariano, este llega a los Pirineos durante todo el a\u00f1o con episodios puntuales de hasta 20 g\/m2 de deposici\u00f3n.<\/p>\n<p>Aunque en peque\u00f1as dosis fertiliza los ecosistemas terrestres y acu\u00e1ticos, es letal para la duraci\u00f3n de la nieve y el hielo en las monta\u00f1as, ya que altera el albedo de las superficies con nieve y hielo provocando la absorci\u00f3n de energ\u00eda en lugar de la reflexi\u00f3n.<\/p>\n<p><a><\/a><\/p>\n<h2>An\u00e1lisis anual<\/h2>\n<p>Este estudio se presenta en formato Bolet\u00edn y consiste en un an\u00e1lisis de los principales indicadores clim\u00e1ticos de los Pirineos para avaluar su evoluci\u00f3n. Los resultados se publican anualmente en el Bolet\u00edn de Indicadores de Cambio Clim\u00e1tico de los Pirineos (<a href=\"https:\/\/opcc-ctp.org\/herramientas\/boletin-climatico-biccpir\/\" target=\"_blank\">BICCPIR<\/a>).\u00a0<\/p>\n<p>Aunque en peque\u00f1as dosis fertiliza los\u00a0ecosistemas terrestres y acu\u00e1ticos, es letal para la duraci\u00f3n de la nieve y el hielo en las monta\u00f1as<\/p>\n<p>Esta compilaci\u00f3n y an\u00e1lisis forma parte de la informaci\u00f3n clave de apoyo al proceso de adaptaci\u00f3n en los Pirineos, que incluye tambi\u00e9n experiencias en el Pirineo catal\u00e1n en el marco del proyecto LIFE Pyrenees4Clima.\u00a0<\/p>\n<p>Este proyecto est\u00e1 coordinado por el Observatorio Pirenaico de Cambio Clim\u00e1tico (OPCC), iniciativa transfronteriza de la Comunidad de Trabajo de los Pirineos (CTP). Respecto a los datos, se basan en el an\u00e1lisis de 12 series de temperatura y 26 series de precipitaci\u00f3n, distribuidas por toda la cordillera y que representan el clima de todo el macizo.\u00a0<\/p>","protected":false},"excerpt":{"rendered":"<p>Investigadores del Servei Meteorol\u00f2gic de Catalunya (METEOCAT) en colaboraci\u00f3n con diferentes entidades, y vinculado al proyecto LIFE Pyrenees4Clima, han estudiado los Pirineos desde una visi\u00f3n transfronteriza y confirma que la temperatura del aire sigue aumentando a medida que pasan los a\u00f1os. Concretamente, la regi\u00f3n ha perdido tres d\u00edas de helada por d\u00e9cada (temperatura m\u00ednima bajo [&hellip;]<\/p>\n","protected":false},"author":5,"featured_media":0,"comment_status":"","ping_status":"","sticky":false,"template":"","format":"standard","meta":{"site-sidebar-layout":"default","site-content-layout":"","ast-site-content-layout":"default","site-content-style":"default","site-sidebar-style":"default","ast-global-header-display":"","ast-banner-title-visibility":"","ast-main-header-display":"","ast-hfb-above-header-display":"","ast-hfb-below-header-display":"","ast-hfb-mobile-header-display":"","site-post-title":"","ast-breadcrumbs-content":"","ast-featured-img":"","footer-sml-layout":"","ast-disable-related-posts":"","theme-transparent-header-meta":"","adv-header-id-meta":"","stick-header-meta":"","header-above-stick-meta":"","header-main-stick-meta":"","header-below-stick-meta":"","astra-migrate-meta-layouts":"default","ast-page-background-enabled":"default","ast-page-background-meta":{"desktop":{"background-color":"var(--ast-global-color-4)","background-image":"","background-repeat":"repeat","background-position":"center center","background-size":"auto","background-attachment":"scroll","background-type":"","background-media":"","overlay-type":"","overlay-color":"","overlay-opacity":"","overlay-gradient":""},"tablet":{"background-color":"","background-image":"","background-repeat":"repeat","background-position":"center center","background-size":"auto","background-attachment":"scroll","background-type":"","background-media":"","overlay-type":"","overlay-color":"","overlay-opacity":"","overlay-gradient":""},"mobile":{"background-color":"","background-image":"","background-repeat":"repeat","background-position":"center center","background-size":"auto","background-attachment":"scroll","background-type":"","background-media":"","overlay-type":"","overlay-color":"","overlay-opacity":"","overlay-gradient":""}},"ast-content-background-meta":{"desktop":{"background-color":"var(--ast-global-color-5)","background-image":"","background-repeat":"repeat","background-position":"center center","background-size":"auto","background-attachment":"scroll","background-type":"","background-media":"","overlay-type":"","overlay-color":"","overlay-opacity":"","overlay-gradient":""},"tablet":{"background-color":"var(--ast-global-color-5)","background-image":"","background-repeat":"repeat","background-position":"center center","background-size":"auto","background-attachment":"scroll","background-type":"","background-media":"","overlay-type":"","overlay-color":"","overlay-opacity":"","overlay-gradient":""},"mobile":{"background-color":"var(--ast-global-color-5)","background-image":"","background-repeat":"repeat","background-position":"center center","background-size":"auto","background-attachment":"scroll","background-type":"","background-media":"","overlay-type":"","overlay-color":"","overlay-opacity":"","overlay-gradient":""}},"footnotes":""},"categories":[5],"tags":[],"class_list":["post-202980","post","type-post","status-publish","format-standard","hentry","category-noticias"],"yoast_head":"<!-- This site is optimized with the Yoast SEO Premium plugin v20.9 (Yoast SEO v27.4) - https:\/\/yoast.com\/product\/yoast-seo-premium-wordpress\/ -->\n<title>Los Pirineos pierden 3 d\u00edas de helada y ganan 4,9 de verano cada d\u00e9cada - bip4ex<\/title>\n<meta name=\"robots\" content=\"index, follow, max-snippet:-1, max-image-preview:large, max-video-preview:-1\" \/>\n<link rel=\"canonical\" href=\"https:\/\/helloproject.es\/vigilancia\/los-pirineos-pierden-3-dias-de-helada-y-ganan-49-de-verano-cada-decada\/\" \/>\n<meta property=\"og:locale\" content=\"es_ES\" \/>\n<meta property=\"og:type\" content=\"article\" \/>\n<meta property=\"og:title\" content=\"Los Pirineos pierden 3 d\u00edas de helada y ganan 4,9 de verano cada d\u00e9cada\" \/>\n<meta property=\"og:description\" content=\"Investigadores del Servei Meteorol\u00f2gic de Catalunya (METEOCAT) en colaboraci\u00f3n con diferentes entidades, y vinculado al proyecto LIFE Pyrenees4Clima, han estudiado los Pirineos desde una visi\u00f3n transfronteriza y confirma que la temperatura del aire sigue aumentando a medida que pasan los a\u00f1os. Concretamente, la regi\u00f3n ha perdido tres d\u00edas de helada por d\u00e9cada (temperatura m\u00ednima bajo [&hellip;]\" \/>\n<meta property=\"og:url\" content=\"https:\/\/helloproject.es\/vigilancia\/los-pirineos-pierden-3-dias-de-helada-y-ganan-49-de-verano-cada-decada\/\" \/>\n<meta property=\"og:site_name\" content=\"bip4ex\" \/>\n<meta property=\"article:published_time\" content=\"2026-04-15T08:28:06+00:00\" \/>\n<meta property=\"og:image\" content=\"https:\/\/www.agenciasinc.es\/bundles\/app\/images\/quotebefore.png\" \/>\n<meta name=\"author\" content=\"Luis Miguel Mej\u00edas Ramos\" \/>\n<meta name=\"twitter:card\" content=\"summary_large_image\" \/>\n<meta name=\"twitter:label1\" content=\"Escrito por\" \/>\n\t<meta name=\"twitter:data1\" content=\"Luis Miguel Mej\u00edas Ramos\" \/>\n\t<meta name=\"twitter:label2\" content=\"Tiempo de lectura\" \/>\n\t<meta name=\"twitter:data2\" content=\"4 minutos\" \/>\n<script type=\"application\/ld+json\" class=\"yoast-schema-graph\">{\"@context\":\"https:\\\/\\\/schema.org\",\"@graph\":[{\"@type\":\"Article\",\"@id\":\"https:\\\/\\\/helloproject.es\\\/vigilancia\\\/los-pirineos-pierden-3-dias-de-helada-y-ganan-49-de-verano-cada-decada\\\/#article\",\"isPartOf\":{\"@id\":\"https:\\\/\\\/helloproject.es\\\/vigilancia\\\/los-pirineos-pierden-3-dias-de-helada-y-ganan-49-de-verano-cada-decada\\\/\"},\"author\":{\"name\":\"Luis Miguel Mej\u00edas Ramos\",\"@id\":\"https:\\\/\\\/helloproject.es\\\/vigilancia\\\/#\\\/schema\\\/person\\\/3767b0619d59a11570372c821f8619ca\"},\"headline\":\"Los Pirineos pierden 3 d\u00edas de helada y ganan 4,9 de verano cada d\u00e9cada\",\"datePublished\":\"2026-04-15T08:28:06+00:00\",\"mainEntityOfPage\":{\"@id\":\"https:\\\/\\\/helloproject.es\\\/vigilancia\\\/los-pirineos-pierden-3-dias-de-helada-y-ganan-49-de-verano-cada-decada\\\/\"},\"wordCount\":825,\"publisher\":{\"@id\":\"https:\\\/\\\/helloproject.es\\\/vigilancia\\\/#organization\"},\"image\":{\"@id\":\"https:\\\/\\\/helloproject.es\\\/vigilancia\\\/los-pirineos-pierden-3-dias-de-helada-y-ganan-49-de-verano-cada-decada\\\/#primaryimage\"},\"thumbnailUrl\":\"https:\\\/\\\/www.agenciasinc.es\\\/bundles\\\/app\\\/images\\\/quotebefore.png\",\"articleSection\":[\"Noticias\"],\"inLanguage\":\"es\"},{\"@type\":\"WebPage\",\"@id\":\"https:\\\/\\\/helloproject.es\\\/vigilancia\\\/los-pirineos-pierden-3-dias-de-helada-y-ganan-49-de-verano-cada-decada\\\/\",\"url\":\"https:\\\/\\\/helloproject.es\\\/vigilancia\\\/los-pirineos-pierden-3-dias-de-helada-y-ganan-49-de-verano-cada-decada\\\/\",\"name\":\"Los Pirineos pierden 3 d\u00edas de helada y ganan 4,9 de verano cada d\u00e9cada - bip4ex\",\"isPartOf\":{\"@id\":\"https:\\\/\\\/helloproject.es\\\/vigilancia\\\/#website\"},\"primaryImageOfPage\":{\"@id\":\"https:\\\/\\\/helloproject.es\\\/vigilancia\\\/los-pirineos-pierden-3-dias-de-helada-y-ganan-49-de-verano-cada-decada\\\/#primaryimage\"},\"image\":{\"@id\":\"https:\\\/\\\/helloproject.es\\\/vigilancia\\\/los-pirineos-pierden-3-dias-de-helada-y-ganan-49-de-verano-cada-decada\\\/#primaryimage\"},\"thumbnailUrl\":\"https:\\\/\\\/www.agenciasinc.es\\\/bundles\\\/app\\\/images\\\/quotebefore.png\",\"datePublished\":\"2026-04-15T08:28:06+00:00\",\"breadcrumb\":{\"@id\":\"https:\\\/\\\/helloproject.es\\\/vigilancia\\\/los-pirineos-pierden-3-dias-de-helada-y-ganan-49-de-verano-cada-decada\\\/#breadcrumb\"},\"inLanguage\":\"es\",\"potentialAction\":[{\"@type\":\"ReadAction\",\"target\":[\"https:\\\/\\\/helloproject.es\\\/vigilancia\\\/los-pirineos-pierden-3-dias-de-helada-y-ganan-49-de-verano-cada-decada\\\/\"]}]},{\"@type\":\"ImageObject\",\"inLanguage\":\"es\",\"@id\":\"https:\\\/\\\/helloproject.es\\\/vigilancia\\\/los-pirineos-pierden-3-dias-de-helada-y-ganan-49-de-verano-cada-decada\\\/#primaryimage\",\"url\":\"https:\\\/\\\/www.agenciasinc.es\\\/bundles\\\/app\\\/images\\\/quotebefore.png\",\"contentUrl\":\"https:\\\/\\\/www.agenciasinc.es\\\/bundles\\\/app\\\/images\\\/quotebefore.png\"},{\"@type\":\"BreadcrumbList\",\"@id\":\"https:\\\/\\\/helloproject.es\\\/vigilancia\\\/los-pirineos-pierden-3-dias-de-helada-y-ganan-49-de-verano-cada-decada\\\/#breadcrumb\",\"itemListElement\":[{\"@type\":\"ListItem\",\"position\":1,\"name\":\"Home\",\"item\":\"https:\\\/\\\/helloproject.es\\\/vigilancia\\\/\"},{\"@type\":\"ListItem\",\"position\":2,\"name\":\"Los Pirineos pierden 3 d\u00edas de helada y ganan 4,9 de verano cada d\u00e9cada\"}]},{\"@type\":\"WebSite\",\"@id\":\"https:\\\/\\\/helloproject.es\\\/vigilancia\\\/#website\",\"url\":\"https:\\\/\\\/helloproject.es\\\/vigilancia\\\/\",\"name\":\"bip4ex\",\"description\":\"Vigilancia Tecnol\u00f3gica\",\"publisher\":{\"@id\":\"https:\\\/\\\/helloproject.es\\\/vigilancia\\\/#organization\"},\"potentialAction\":[{\"@type\":\"SearchAction\",\"target\":{\"@type\":\"EntryPoint\",\"urlTemplate\":\"https:\\\/\\\/helloproject.es\\\/vigilancia\\\/?s={search_term_string}\"},\"query-input\":{\"@type\":\"PropertyValueSpecification\",\"valueRequired\":true,\"valueName\":\"search_term_string\"}}],\"inLanguage\":\"es\"},{\"@type\":\"Organization\",\"@id\":\"https:\\\/\\\/helloproject.es\\\/vigilancia\\\/#organization\",\"name\":\"Helloproject.es\",\"url\":\"https:\\\/\\\/helloproject.es\\\/vigilancia\\\/\",\"logo\":{\"@type\":\"ImageObject\",\"inLanguage\":\"es\",\"@id\":\"https:\\\/\\\/helloproject.es\\\/vigilancia\\\/#\\\/schema\\\/logo\\\/image\\\/\",\"url\":\"https:\\\/\\\/helloproject.es\\\/vigilancia\\\/wp-content\\\/uploads\\\/2023\\\/07\\\/bip4ex.png\",\"contentUrl\":\"https:\\\/\\\/helloproject.es\\\/vigilancia\\\/wp-content\\\/uploads\\\/2023\\\/07\\\/bip4ex.png\",\"width\":322,\"height\":365,\"caption\":\"Helloproject.es\"},\"image\":{\"@id\":\"https:\\\/\\\/helloproject.es\\\/vigilancia\\\/#\\\/schema\\\/logo\\\/image\\\/\"}},{\"@type\":\"Person\",\"@id\":\"https:\\\/\\\/helloproject.es\\\/vigilancia\\\/#\\\/schema\\\/person\\\/3767b0619d59a11570372c821f8619ca\",\"name\":\"Luis Miguel Mej\u00edas Ramos\",\"url\":\"https:\\\/\\\/helloproject.es\\\/vigilancia\\\/author\\\/luismi\\\/\"}]}<\/script>\n<!-- \/ Yoast SEO Premium plugin. -->","yoast_head_json":{"title":"Los Pirineos pierden 3 d\u00edas de helada y ganan 4,9 de verano cada d\u00e9cada - bip4ex","robots":{"index":"index","follow":"follow","max-snippet":"max-snippet:-1","max-image-preview":"max-image-preview:large","max-video-preview":"max-video-preview:-1"},"canonical":"https:\/\/helloproject.es\/vigilancia\/los-pirineos-pierden-3-dias-de-helada-y-ganan-49-de-verano-cada-decada\/","og_locale":"es_ES","og_type":"article","og_title":"Los Pirineos pierden 3 d\u00edas de helada y ganan 4,9 de verano cada d\u00e9cada","og_description":"Investigadores del Servei Meteorol\u00f2gic de Catalunya (METEOCAT) en colaboraci\u00f3n con diferentes entidades, y vinculado al proyecto LIFE Pyrenees4Clima, han estudiado los Pirineos desde una visi\u00f3n transfronteriza y confirma que la temperatura del aire sigue aumentando a medida que pasan los a\u00f1os. Concretamente, la regi\u00f3n ha perdido tres d\u00edas de helada por d\u00e9cada (temperatura m\u00ednima bajo [&hellip;]","og_url":"https:\/\/helloproject.es\/vigilancia\/los-pirineos-pierden-3-dias-de-helada-y-ganan-49-de-verano-cada-decada\/","og_site_name":"bip4ex","article_published_time":"2026-04-15T08:28:06+00:00","og_image":[{"url":"https:\/\/www.agenciasinc.es\/bundles\/app\/images\/quotebefore.png","type":"","width":"","height":""}],"author":"Luis Miguel Mej\u00edas Ramos","twitter_card":"summary_large_image","twitter_misc":{"Escrito por":"Luis Miguel Mej\u00edas Ramos","Tiempo de lectura":"4 minutos"},"schema":{"@context":"https:\/\/schema.org","@graph":[{"@type":"Article","@id":"https:\/\/helloproject.es\/vigilancia\/los-pirineos-pierden-3-dias-de-helada-y-ganan-49-de-verano-cada-decada\/#article","isPartOf":{"@id":"https:\/\/helloproject.es\/vigilancia\/los-pirineos-pierden-3-dias-de-helada-y-ganan-49-de-verano-cada-decada\/"},"author":{"name":"Luis Miguel Mej\u00edas Ramos","@id":"https:\/\/helloproject.es\/vigilancia\/#\/schema\/person\/3767b0619d59a11570372c821f8619ca"},"headline":"Los Pirineos pierden 3 d\u00edas de helada y ganan 4,9 de verano cada d\u00e9cada","datePublished":"2026-04-15T08:28:06+00:00","mainEntityOfPage":{"@id":"https:\/\/helloproject.es\/vigilancia\/los-pirineos-pierden-3-dias-de-helada-y-ganan-49-de-verano-cada-decada\/"},"wordCount":825,"publisher":{"@id":"https:\/\/helloproject.es\/vigilancia\/#organization"},"image":{"@id":"https:\/\/helloproject.es\/vigilancia\/los-pirineos-pierden-3-dias-de-helada-y-ganan-49-de-verano-cada-decada\/#primaryimage"},"thumbnailUrl":"https:\/\/www.agenciasinc.es\/bundles\/app\/images\/quotebefore.png","articleSection":["Noticias"],"inLanguage":"es"},{"@type":"WebPage","@id":"https:\/\/helloproject.es\/vigilancia\/los-pirineos-pierden-3-dias-de-helada-y-ganan-49-de-verano-cada-decada\/","url":"https:\/\/helloproject.es\/vigilancia\/los-pirineos-pierden-3-dias-de-helada-y-ganan-49-de-verano-cada-decada\/","name":"Los Pirineos pierden 3 d\u00edas de helada y ganan 4,9 de verano cada d\u00e9cada - bip4ex","isPartOf":{"@id":"https:\/\/helloproject.es\/vigilancia\/#website"},"primaryImageOfPage":{"@id":"https:\/\/helloproject.es\/vigilancia\/los-pirineos-pierden-3-dias-de-helada-y-ganan-49-de-verano-cada-decada\/#primaryimage"},"image":{"@id":"https:\/\/helloproject.es\/vigilancia\/los-pirineos-pierden-3-dias-de-helada-y-ganan-49-de-verano-cada-decada\/#primaryimage"},"thumbnailUrl":"https:\/\/www.agenciasinc.es\/bundles\/app\/images\/quotebefore.png","datePublished":"2026-04-15T08:28:06+00:00","breadcrumb":{"@id":"https:\/\/helloproject.es\/vigilancia\/los-pirineos-pierden-3-dias-de-helada-y-ganan-49-de-verano-cada-decada\/#breadcrumb"},"inLanguage":"es","potentialAction":[{"@type":"ReadAction","target":["https:\/\/helloproject.es\/vigilancia\/los-pirineos-pierden-3-dias-de-helada-y-ganan-49-de-verano-cada-decada\/"]}]},{"@type":"ImageObject","inLanguage":"es","@id":"https:\/\/helloproject.es\/vigilancia\/los-pirineos-pierden-3-dias-de-helada-y-ganan-49-de-verano-cada-decada\/#primaryimage","url":"https:\/\/www.agenciasinc.es\/bundles\/app\/images\/quotebefore.png","contentUrl":"https:\/\/www.agenciasinc.es\/bundles\/app\/images\/quotebefore.png"},{"@type":"BreadcrumbList","@id":"https:\/\/helloproject.es\/vigilancia\/los-pirineos-pierden-3-dias-de-helada-y-ganan-49-de-verano-cada-decada\/#breadcrumb","itemListElement":[{"@type":"ListItem","position":1,"name":"Home","item":"https:\/\/helloproject.es\/vigilancia\/"},{"@type":"ListItem","position":2,"name":"Los Pirineos pierden 3 d\u00edas de helada y ganan 4,9 de verano cada d\u00e9cada"}]},{"@type":"WebSite","@id":"https:\/\/helloproject.es\/vigilancia\/#website","url":"https:\/\/helloproject.es\/vigilancia\/","name":"bip4ex","description":"Vigilancia Tecnol\u00f3gica","publisher":{"@id":"https:\/\/helloproject.es\/vigilancia\/#organization"},"potentialAction":[{"@type":"SearchAction","target":{"@type":"EntryPoint","urlTemplate":"https:\/\/helloproject.es\/vigilancia\/?s={search_term_string}"},"query-input":{"@type":"PropertyValueSpecification","valueRequired":true,"valueName":"search_term_string"}}],"inLanguage":"es"},{"@type":"Organization","@id":"https:\/\/helloproject.es\/vigilancia\/#organization","name":"Helloproject.es","url":"https:\/\/helloproject.es\/vigilancia\/","logo":{"@type":"ImageObject","inLanguage":"es","@id":"https:\/\/helloproject.es\/vigilancia\/#\/schema\/logo\/image\/","url":"https:\/\/helloproject.es\/vigilancia\/wp-content\/uploads\/2023\/07\/bip4ex.png","contentUrl":"https:\/\/helloproject.es\/vigilancia\/wp-content\/uploads\/2023\/07\/bip4ex.png","width":322,"height":365,"caption":"Helloproject.es"},"image":{"@id":"https:\/\/helloproject.es\/vigilancia\/#\/schema\/logo\/image\/"}},{"@type":"Person","@id":"https:\/\/helloproject.es\/vigilancia\/#\/schema\/person\/3767b0619d59a11570372c821f8619ca","name":"Luis Miguel Mej\u00edas Ramos","url":"https:\/\/helloproject.es\/vigilancia\/author\/luismi\/"}]}},"_links":{"self":[{"href":"https:\/\/helloproject.es\/vigilancia\/wp-json\/wp\/v2\/posts\/202980","targetHints":{"allow":["GET"]}}],"collection":[{"href":"https:\/\/helloproject.es\/vigilancia\/wp-json\/wp\/v2\/posts"}],"about":[{"href":"https:\/\/helloproject.es\/vigilancia\/wp-json\/wp\/v2\/types\/post"}],"author":[{"embeddable":true,"href":"https:\/\/helloproject.es\/vigilancia\/wp-json\/wp\/v2\/users\/5"}],"replies":[{"embeddable":true,"href":"https:\/\/helloproject.es\/vigilancia\/wp-json\/wp\/v2\/comments?post=202980"}],"version-history":[{"count":0,"href":"https:\/\/helloproject.es\/vigilancia\/wp-json\/wp\/v2\/posts\/202980\/revisions"}],"wp:attachment":[{"href":"https:\/\/helloproject.es\/vigilancia\/wp-json\/wp\/v2\/media?parent=202980"}],"wp:term":[{"taxonomy":"category","embeddable":true,"href":"https:\/\/helloproject.es\/vigilancia\/wp-json\/wp\/v2\/categories?post=202980"},{"taxonomy":"post_tag","embeddable":true,"href":"https:\/\/helloproject.es\/vigilancia\/wp-json\/wp\/v2\/tags?post=202980"}],"curies":[{"name":"wp","href":"https:\/\/api.w.org\/{rel}","templated":true}]}}