{"id":203179,"date":"2026-04-20T08:28:29","date_gmt":"2026-04-20T07:28:29","guid":{"rendered":"https:\/\/helloproject.es\/vigilancia\/convocatoria-2026-orden-uic-28-2022\/"},"modified":"2026-04-20T08:28:29","modified_gmt":"2026-04-20T07:28:29","slug":"convocatoria-2026-orden-uic-28-2022","status":"publish","type":"post","link":"https:\/\/helloproject.es\/vigilancia\/convocatoria-2026-orden-uic-28-2022\/","title":{"rendered":"CONVOCATORIA 2026 Orden UIC\/28\/2022"},"content":{"rendered":"<div class=\"ayuda_subvencion plantillas\">\n<div class=\"portlet-topper\">\n\t\t\t    <strong class=\"sr-only\">Subvencion:<\/strong>\n<h2 class=\"portlet-title\">CONVOCATORIA 2026 Orden UIC\/28\/2022<\/h2>\n<\/div>\n<div class=\"iconosTramitacion\">\n<p>\t\t\t\t\t<a href=\"https:\/\/rec.cantabria.es\/rec\/auth\/prepare-cert-login.htm?forward=UIC-I-028-2022\" title=\"Con certificado\"><img decoding=\"async\" src=\"https:\/\/www.cantabria.es\/documents\/26427\/21881598\/DNIe.jpg\/01f4c245-cfe3-9563-9845-0e0f97e7f720?t=1648806919369\" alt=\"\" aria-hidden=\"true\" \/><span class=\"sr-only\">Con certificado<\/span><\/a><\/p>\n<p>\t\t\t<a target=\"_blank\" href=\"https:\/\/sede.cantabria.es\/sede\/ayuda\/012-telefono-de-atencion-administrativa\" title=\"Servicio telef\u00f3nico 012 de atenci\u00f3n al ciudadano de Cantabria\"><img decoding=\"async\" src=\"https:\/\/www.cantabria.es\/documents\/26427\/21881598\/012.jpg\/d4445702-c7cf-c44a-3ce9-b0288c1d9b9a?t=1648806893827\" alt=\"\" aria-hidden=\"true\" \/><span class=\"sr-only\">Servicio telef\u00f3nico 012 de atenci\u00f3n al ciudadano de Cantabria<\/span><\/a>\n\t\t<\/p><\/div>\n<h3>Descripci\u00f3n:<\/h3>\n<p><span>Resoluci\u00f3n del consejero de Cultura, Turismo y Deporte, de 10 de abril de 2026, por la que se aprueba la convocatoria de subvenciones a profesionales, en r\u00e9gimen de concurrencia competitiva, para la realizaci\u00f3n de giras en materia musical durante el a\u00f1o 2026.<\/span><\/p>\n<h3>Bolet\u00edn Oficial de Cantabria<\/h3>\n<p><span>N\u00famero BOC: 74 Extracto Convocatoria<\/span><\/p>\n<p><span>Fecha BOC: 20\/04\/2026<\/span><\/p>\n<p>\n\t\t\t\t\t<span><br \/>\n\t\t\t\t\t\t<a href=\"https:\/\/boc.cantabria.es\/boces\/verAnuncioAction.do?idAnuBlob=434146\" target=\"_blank\" rel=\"noopener noreferrer\">Enlace BOC<\/a><\/span><\/p>\n<p>\t\t\t\t\t\n\t\t\t\t<\/p>\n<h3>Fecha inicio plazo presentaci\u00f3n:<\/h3>\n<p><span>21\/04\/2026<\/span><\/p>\n<h3>Fecha finalizaci\u00f3n plazo presentaci\u00f3n:<\/h3>\n<p><span>12\/05\/2026<\/span><\/p>\n<h3>Beneficiarios:<\/h3>\n<div>\n<p>Podr\u00e1n ser beneficiarios de esta subvenci\u00f3n las <strong>empresas privadas<\/strong>, ya sean <strong>personas f\u00edsicas (empresarios individuales) o personas jur\u00eddicas<\/strong> con forma societaria, que tengan su domicilio fiscal en Cantabria; que est\u00e9n dadas de alta en el Impuesto de Actividades Econ\u00f3micas (I.A.E.) en el sector de actividad relacionado con las que son objeto de subvenci\u00f3n; que desarrollen la actividad subvencionable en Cantabria, sin perjuicio de la realizaci\u00f3n de parte de la gira fuera del territorio de la Comunidad Aut\u00f3noma; y que cumplan el resto de requisitos establecidos en las bases reguladoras y en esta convocatoria.<br \/>\nNo podr\u00e1n ser beneficiarios de esta subvenci\u00f3n las personas f\u00edsicas o jur\u00eddicas que se dediquen a la organizaci\u00f3n de giras musicales, a la promoci\u00f3n o a la contrataci\u00f3n musical, estando \u00fanicamente destinadas a los m\u00fasicos profesionales.<\/p>\n<\/div>\n<h3>Documentaci\u00f3n a adjuntar:<\/h3>\n<div>\n<p>Las solicitudes\u00a0debidamente <strong>cumplimentadas y firmadas por la persona f\u00edsica o la persona que ostente la representaci\u00f3n legal <\/strong>de la entidad en el caso de personas jur\u00eddicas, se realizar\u00e1n en el modelo oficial que se incluye como <strong>Anexo I<\/strong> a esta resoluci\u00f3n de convocatoria e ir\u00e1n acompa\u00f1adas de la siguiente documentaci\u00f3n:<\/p>\n<ol start=\"1\">\n<li><strong>Documentaci\u00f3n general<\/strong> del solicitante:\n<ol start=\"1\">\n<li>Si quien solicita es una <strong>persona jur\u00eddica<\/strong>:<\/li>\n<\/ol>\n<\/li>\n<\/ol>\n<ul>\n<li><strong>Escritura de constituci\u00f3n de la sociedad mercantil<\/strong> y, en su caso, de sus posteriores modificaciones, incluyendo los estatutos sociales vigentes. La documentaci\u00f3n aportada deber\u00e1 permitir verificar que la actividad propuesta para ser subvencionada est\u00e1 relacionada con el objeto social y fines de la entidad solicitante.<\/li>\n<li><strong>NIF<\/strong> de la persona jur\u00eddica.<\/li>\n<li><strong>Alta en el Impuesto de Actividades Econ\u00f3micas (I.A.E.)<\/strong>, en el ep\u00edgrafe correspondiente a la actividad profesional subvencionada en esta convocatoria.<\/li>\n<li><strong>Documentaci\u00f3n acreditativa de la representaci\u00f3n<\/strong> que ostenta quien firma la solicitud.<\/li>\n<\/ul>\n<ol start=\"2\">\n<li>Si quien solicita es una <strong>persona f\u00edsica<\/strong>:<\/li>\n<\/ol>\n<ul>\n<li><strong>Alta en el Impuesto de Actividades Econ\u00f3micas (I.A.E.)<\/strong>, en el ep\u00edgrafe correspondiente a la actividad profesional subvencionada en esta convocatoria.<\/li>\n<li>En su caso, documentaci\u00f3n acreditativa de la representaci\u00f3n que ostenta quien firma la solicitud, cuando no sea el propio interesado.<\/li>\n<\/ul>\n<ol start=\"2\">\n<li><strong>Memoria t\u00e9cnica y econ\u00f3mica del proyecto<\/strong>, firmada por el interesado o su representante legal, que deber\u00e1 contener necesariamente todos y cada uno de los siguientes puntos, debidamente numerados y en el orden establecido, con una extensi\u00f3n m\u00e1xima de 20 folios:\n<ol start=\"1\">\n<li>T\u00edtulo y datos b\u00e1sicos de la gira (fechas, localidades y escenario de cada actuaci\u00f3n programada).<\/li>\n<li>Informaci\u00f3n relativa a los aspectos previstos en el art\u00edculo 7.1 a) de esta convocatoria y en el art\u00edculo 5.4 a) de la Orden UIC\/28\/2022, de 29 de noviembre, a los efectos de valorar el inter\u00e9s cultural y social del proyecto de gira.<\/li>\n<\/ol>\n<\/li>\n<\/ol>\n<p>Esta informaci\u00f3n resulta imprescindible para optar a obtener puntuaci\u00f3n al amparo del criterio de valoraci\u00f3n previsto en el art\u00edculo 7.1 a) de esta convocatoria y en el art\u00edculo 5.4 a) de la Orden UIC\/28\/2022, de 29 de noviembre.<\/p>\n<ol start=\"3\">\n<li>Descripci\u00f3n clara y pormenorizada de todos y cada uno de los aspectos del proyecto de gira.<\/li>\n<\/ol>\n<p>Esta informaci\u00f3n resulta imprescindible para optar a obtener puntuaci\u00f3n al amparo del criterio de valoraci\u00f3n previsto en el art\u00edculo 7.1 b) de esta convocatoria y en el art\u00edculo 5.4 b) de la Orden UIC\/28\/2022, de 29 de noviembre.<\/p>\n<ol start=\"4\">\n<li>Equipos art\u00edstico y t\u00e9cnico con los que cuenta el solicitante para el desarrollo del proyecto, incluyendo el curr\u00edculum (formaci\u00f3n y experiencia) de todos los m\u00fasicos y t\u00e9cnicos que integran cada uno de ellos. Se informar\u00e1 sobre los siguientes aspectos: grabaciones editadas con dep\u00f3sito legal, publicaciones o p\u00e1ginas web de difusi\u00f3n de la m\u00fasica, conciertos, ferias y festivales nacionales o internacionales en las que hayan participado esos profesionales e inclusi\u00f3n en su equipo de artistas j\u00f3venes.<\/li>\n<\/ol>\n<p>Esta informaci\u00f3n resulta imprescindible para optar a obtener puntuaci\u00f3n al amparo del criterio de valoraci\u00f3n previsto en el art\u00edculo 7.1 c) de esta convocatoria y en el art\u00edculo 5.4 c) de la Orden UIC\/28\/2022, de 29 de noviembre.<\/p>\n<ol start=\"5\">\n<li>Descripci\u00f3n de la infraestructura t\u00e9cnica propia del solicitante, a utilizar durante la realizaci\u00f3n de la gira musical proyectada.<\/li>\n<\/ol>\n<p>Esta informaci\u00f3n resulta imprescindible para optar a obtener puntuaci\u00f3n al amparo del criterio de valoraci\u00f3n previsto en el art\u00edculo 7.1 d) de esta convocatoria y en el art\u00edculo 5.4 d) de la Orden UIC\/28\/2022, de 29 de noviembre.<\/p>\n<ol start=\"6\">\n<li>Presupuesto detallado del proyecto, con desglose pormenorizado y desagregado de gastos e ingresos.<\/li>\n<\/ol>\n<p>El presupuesto de gastos e ingresos se elaborar\u00e1 conforme al modelo que consta como Anexo II.<br \/>\nEl presupuesto de gastos debe ser coherente con las fuentes de financiaci\u00f3n estimadas por el interesado, de forma que se garantice la viabilidad econ\u00f3mica del proyecto.<br \/>\nEn el presupuesto de gastos \u00fanicamente se consignar\u00e1n aqu\u00e9llos que sean susceptibles de ser calificados como subvencionables, a tenor de lo previsto en el art\u00edculo 3 de la Orden UIC\/28\/2022, de 29 de noviembre, y en el art\u00edculo 4 de esta convocatoria.<br \/>\nEn el caso de gastos presupuestados que est\u00e9n sujetos a tributaci\u00f3n por IVA, el solicitante deber\u00e1 consignar, de forma separada, el importe correspondiente a la base imponible, el de la cuota tributaria a abonar por dicho impuesto y el importe total, IVA incluido. Y deber\u00e1 tener en cuenta la regla prevista en el art\u00edculo 4.7 de esta convocatoria, a la hora de determinar si las cuotas por IVA pueden ser consideradas gasto subvencionable.<br \/>\nLos gastos presupuestados deber\u00e1n ajustarse a precios de mercado.<br \/>\nEn el supuesto de que el \u00f3rgano instructor constate que alguno de los gastos presupuestados por el solicitante no es subvencionable, se excluir\u00e1 del presupuesto de la actividad.<br \/>\nEn el presupuesto de ingresos se consignar\u00e1n todos aquellos que prevea generar la actividad cultural para la que se solicita la subvenci\u00f3n, sean p\u00fablicos o privados, con arreglo al desglose por conceptos que consta en el Anexo II.<br \/>\nLa informaci\u00f3n relativa al presupuesto subvencionable del proyecto y a la aportaci\u00f3n econ\u00f3mica a realizar por el solicitante, en los t\u00e9rminos antes indicados, resulta imprescindible para optar a obtener puntuaci\u00f3n al amparo de los criterios de valoraci\u00f3n previstos en el art\u00edculo 7.1, letras e) y f), de esta convocatoria, y en el art\u00edculo 5.4, letras e) y f), de la Orden UIC\/28\/2022, de 29 de noviembre.<\/p>\n<ol start=\"7\">\n<li>Declaraci\u00f3n responsable relativa a los derechos de autor\u00eda, en los t\u00e9rminos indicados en el art\u00edculo 3.2, con objeto de cumplir la normativa en materia de protecci\u00f3n de la propiedad intelectual.<\/li>\n<\/ol>\n<p>En el caso de no aportarse informaci\u00f3n sobre alguno de los puntos anteriores, se deber\u00e1 reflejar de manera expresa en la memoria.<br \/>\nLa falta de aportaci\u00f3n de la informaci\u00f3n necesaria para la aplicaci\u00f3n de alguno\/s de los criterios de valoraci\u00f3n previstos en el art\u00edculo 7 de esta convocatoria y en el art\u00edculo 5 de las bases reguladoras determinar\u00e1 que no se otorgue puntuaci\u00f3n alguna por esos criterios.<\/p>\n<p>Conforme lo previsto en el art\u00edculo 28 de la Ley 39\/2015, de 1 de octubre, y sin perjuicio de los derechos reconocidos en la Ley Org\u00e1nica 3\/2018, de 5 de diciembre, de protecci\u00f3n de datos personales y garant\u00eda de los derechos digitales, la presentaci\u00f3n de la solicitud supone la <strong>prestaci\u00f3n del consentimiento<\/strong> por parte de la persona interesada para que el \u00f3rgano instructor del procedimiento pueda recabar de los organismos competentes la informaci\u00f3n relativa a:<\/p>\n<ol start=\"1\">\n<li>Datos acreditativos de la identidad y residencia del solicitante.<\/li>\n<li>El cumplimiento de sus obligaciones tributarias con la Agencia Estatal de Administraci\u00f3n Tributaria.<\/li>\n<li>El cumplimiento de sus obligaciones frente a la Seguridad Social.<\/li>\n<li>El cumplimiento de sus obligaciones con la Administraci\u00f3n de la Comunidad Aut\u00f3noma de Cantabria.<\/li>\n<li>Resto de datos o documentos emitidos o en poder de cualquier Administraci\u00f3n P\u00fablica.<\/li>\n<\/ol>\n<p>No obstante, el solicitante <strong>podr\u00e1 denegar o revocar de forma expresa<\/strong> este consentimiento, a trav\u00e9s de comunicaci\u00f3n escrita, que ser\u00e1 remitida en la misma forma que la solicitud, a la Direcci\u00f3n General de Cultura y Patrimonio Hist\u00f3rico, manifestando su voluntad en tal sentido. En este supuesto, <strong>deber\u00e1 presentar los documentos acreditativos correspondientes,<\/strong> siendo la no aportaci\u00f3n de \u00e9stos, causa para requerirle de conformidad con lo dispuesto en los art\u00edculos 68.1 y 73.2 de la Ley 39\/2015, de 1 de octubre.<\/p>\n<\/div>\n<h3>Anexos:<\/h3>\n<ul>\n<li>\n\t\t\t\t\t\t\t\t<span class=\"fa fa-file-word-o fa-lg\" aria-hidden=\"true\"><\/span><br \/>\n\t\t\t\t\t\t\t\t<a href=\"https:\/\/www.cantabria.es\/documents\/16401\/130721852\/Solicitud+Convc+2026+Orden+UIC-028-2022.docx\/1596cef6-54c2-9ec6-85ad-53bd8f7da107?t=1776422488622\" target=\"_blank\" rel=\"noopener noreferrer\">Modelo de Solicitud<\/a>\n<\/li>\n<li>\n\t\t\t\t\t\t\t\t<span class=\"fa fa-file-archive-o fa-lg\" aria-hidden=\"true\"><\/span><br \/>\n\t\t\t\t\t\t\t\t<a href=\"https:\/\/www.cantabria.es\/documents\/16401\/130721852\/Anexos+Convc+2026+Orden+UIC-028-2022.zip\/c13eaeff-20bd-2c5a-b3e8-9bbf37820da9?t=1776422483938\" target=\"_blank\" rel=\"noopener noreferrer\">Anexos<\/a>\n<\/li>\n<li>\n\t\t\t\t\t\t\t\t<span class=\"fa fa-file-pdf-o fa-lg\" aria-hidden=\"true\"><\/span><br \/>\n\t\t\t\t\t\t\t\t<a href=\"https:\/\/www.cantabria.es\/documents\/16401\/130721852\/CONVC+2026+ORDEN+UIC-028-2022.pdf\/f0d40880-ef23-5a2e-b567-9edde37630b0?t=1776422485487\" target=\"_blank\" rel=\"noopener noreferrer\">Resoluci\u00f3n del consejero de Cultura, Turismo y Deporte, de 10 de abril de 2026, por la que se aprueba la convocatoria de subvenciones a profesionales, en r\u00e9gimen de concurrencia competitiva, para la realizaci\u00f3n de giras en materia musical durant<\/a>\n<\/li>\n<\/ul>\n<h3>Lugar presentaci\u00f3n :<\/h3>\n<div>\n<p>Las <strong>personas jur\u00eddicas<\/strong> y dem\u00e1s sujetos recogidos en el art\u00edculo 14.2 de la ley 39\/2015, de 1 de octubre, del procedimiento administrativo com\u00fan de las administraciones p\u00fablicas, est\u00e1n <strong>obligados<\/strong> a presentar sus solicitudes a trav\u00e9s del <a href=\"https:\/\/rec.cantabria.es\/rec\/bienvenida.htm\" target=\"_blank\"><strong>Registro Electr\u00f3nico General<\/strong><\/a> de la Administraci\u00f3n de la Comunidad Aut\u00f3noma de Cantabria en la direcci\u00f3n electr\u00f3nica \u00absede.cantabria.es\u00bb.<\/p>\n<p>Las <strong>personas f\u00edsicas<\/strong> pueden presentar sus solicitudes en cualquiera de los lugares establecidos a los que se hace referencia en el art\u00edculo 134.8 de la Ley de Cantabria 5\/2018, de 22 de noviembre, de R\u00e9gimen Jur\u00eddico del Gobierno, de la Administraci\u00f3n y del Sector P\u00fablico Institucional de la Comunidad Aut\u00f3noma de Cantabria: a trav\u00e9s del <a href=\"https:\/\/rec.cantabria.es\/rec\/bienvenida.htm\" target=\"_blank\"><strong>Registro Electr\u00f3nico General<\/strong><\/a> o en la <a href=\"https:\/\/www.cantabria.es\/web\/atencion-a-la-ciudadania\/registros\" target=\"_blank\"><strong>Oficina de Asistencia en Materia de Registro<\/strong><\/a>\u00a0de la Consejer\u00eda.<\/p>\n<\/div>\n<h3>\u00d3rgano tramitador:<\/h3>\n<div>\n\t\t\t\tDirecci\u00f3n: \n<p><strong>DIRECCI\u00d3N GENERAL DE CULTURA Y PATRIMONIO HIST\u00d3RICO (C\u00d3DIGO DIR3 O00006454 &#8211; A06045081)<\/strong><br \/>\nC\/ Ruiz de Alda, 19 &#8211; 39009 Santander<\/p>\n<\/div>\n<p><span>Tel\u00e9fono: 942 20 70 41<\/span><\/p>\n<h3>Enlaces:<\/h3>\n<ul>\n<li><a href=\"https:\/\/boc.cantabria.es\/boces\/verAnuncioAction.do?idAnuBlob=380704\" target=\"_blank\" rel=\"noopener noreferrer\">Orden UIC\/28\/2022, de 29 de noviembre, por la que se aprueban las bases reguladoras de las subvenciones, en r\u00e9gimen de concurrencia competitiva, para la realizaci\u00f3n de giras en materia musical para profesionales.<\/a><\/li>\n<\/ul>\n<div class=\"noticias-iframe\">\n<p>\t\t\t\t<a href=\"https:\/\/twitter.com\/share\" class=\"twitter-share-button\" data-url=\"https%3A%2F%2Fwww.cantabria.es%2Fdetalle%2F-%2Fjournal%2Frss%2F16401%2FRSS_ULTIMAS_AYUDAS\" data-via=\"cantabriaes\" data-text=\"CONVOCATORIA 2026 Orden UIC\/28\/2022\" data-related=\"anywhere:The Javascript API\" data-count=\"horizontal\"><br \/>\n\t\t\t\t\tTweet<br \/>\n\t\t\t\t<\/a><\/p><\/div>\n<\/div>","protected":false},"excerpt":{"rendered":"<p>Subvencion: CONVOCATORIA 2026 Orden UIC\/28\/2022 Con certificado Servicio telef\u00f3nico 012 de atenci\u00f3n al ciudadano de Cantabria Descripci\u00f3n: Resoluci\u00f3n del consejero de Cultura, Turismo y Deporte, de 10 de abril de 2026, por la que se aprueba la convocatoria de subvenciones a profesionales, en r\u00e9gimen de concurrencia competitiva, para la realizaci\u00f3n de giras en materia musical [&hellip;]<\/p>\n","protected":false},"author":5,"featured_media":0,"comment_status":"","ping_status":"","sticky":false,"template":"","format":"standard","meta":{"site-sidebar-layout":"default","site-content-layout":"","ast-site-content-layout":"default","site-content-style":"default","site-sidebar-style":"default","ast-global-header-display":"","ast-banner-title-visibility":"","ast-main-header-display":"","ast-hfb-above-header-display":"","ast-hfb-below-header-display":"","ast-hfb-mobile-header-display":"","site-post-title":"","ast-breadcrumbs-content":"","ast-featured-img":"","footer-sml-layout":"","ast-disable-related-posts":"","theme-transparent-header-meta":"","adv-header-id-meta":"","stick-header-meta":"","header-above-stick-meta":"","header-main-stick-meta":"","header-below-stick-meta":"","astra-migrate-meta-layouts":"default","ast-page-background-enabled":"default","ast-page-background-meta":{"desktop":{"background-color":"var(--ast-global-color-4)","background-image":"","background-repeat":"repeat","background-position":"center center","background-size":"auto","background-attachment":"scroll","background-type":"","background-media":"","overlay-type":"","overlay-color":"","overlay-opacity":"","overlay-gradient":""},"tablet":{"background-color":"","background-image":"","background-repeat":"repeat","background-position":"center center","background-size":"auto","background-attachment":"scroll","background-type":"","background-media":"","overlay-type":"","overlay-color":"","overlay-opacity":"","overlay-gradient":""},"mobile":{"background-color":"","background-image":"","background-repeat":"repeat","background-position":"center center","background-size":"auto","background-attachment":"scroll","background-type":"","background-media":"","overlay-type":"","overlay-color":"","overlay-opacity":"","overlay-gradient":""}},"ast-content-background-meta":{"desktop":{"background-color":"var(--ast-global-color-5)","background-image":"","background-repeat":"repeat","background-position":"center center","background-size":"auto","background-attachment":"scroll","background-type":"","background-media":"","overlay-type":"","overlay-color":"","overlay-opacity":"","overlay-gradient":""},"tablet":{"background-color":"var(--ast-global-color-5)","background-image":"","background-repeat":"repeat","background-position":"center center","background-size":"auto","background-attachment":"scroll","background-type":"","background-media":"","overlay-type":"","overlay-color":"","overlay-opacity":"","overlay-gradient":""},"mobile":{"background-color":"var(--ast-global-color-5)","background-image":"","background-repeat":"repeat","background-position":"center center","background-size":"auto","background-attachment":"scroll","background-type":"","background-media":"","overlay-type":"","overlay-color":"","overlay-opacity":"","overlay-gradient":""}},"footnotes":""},"categories":[8],"tags":[],"class_list":["post-203179","post","type-post","status-publish","format-standard","hentry","category-ayudas-y-subvenciones"],"yoast_head":"<!-- This site is optimized with the Yoast SEO Premium plugin v20.9 (Yoast SEO v27.4) - https:\/\/yoast.com\/product\/yoast-seo-premium-wordpress\/ -->\n<title>CONVOCATORIA 2026 Orden UIC\/28\/2022 - bip4ex<\/title>\n<meta name=\"robots\" content=\"index, follow, max-snippet:-1, max-image-preview:large, max-video-preview:-1\" \/>\n<link rel=\"canonical\" href=\"https:\/\/helloproject.es\/vigilancia\/convocatoria-2026-orden-uic-28-2022\/\" \/>\n<meta property=\"og:locale\" content=\"es_ES\" \/>\n<meta property=\"og:type\" content=\"article\" \/>\n<meta property=\"og:title\" content=\"CONVOCATORIA 2026 Orden UIC\/28\/2022\" \/>\n<meta property=\"og:description\" content=\"Subvencion: CONVOCATORIA 2026 Orden UIC\/28\/2022 Con certificado Servicio telef\u00f3nico 012 de atenci\u00f3n al ciudadano de Cantabria Descripci\u00f3n: Resoluci\u00f3n del consejero de Cultura, Turismo y Deporte, de 10 de abril de 2026, por la que se aprueba la convocatoria de subvenciones a profesionales, en r\u00e9gimen de concurrencia competitiva, para la realizaci\u00f3n de giras en materia musical [&hellip;]\" \/>\n<meta property=\"og:url\" content=\"https:\/\/helloproject.es\/vigilancia\/convocatoria-2026-orden-uic-28-2022\/\" \/>\n<meta property=\"og:site_name\" content=\"bip4ex\" \/>\n<meta property=\"article:published_time\" content=\"2026-04-20T07:28:29+00:00\" \/>\n<meta property=\"og:image\" content=\"https:\/\/www.cantabria.es\/documents\/26427\/21881598\/DNIe.jpg\/01f4c245-cfe3-9563-9845-0e0f97e7f720?t=1648806919369\" \/>\n<meta name=\"author\" content=\"Luis Miguel Mej\u00edas Ramos\" \/>\n<meta name=\"twitter:card\" content=\"summary_large_image\" \/>\n<meta name=\"twitter:label1\" content=\"Escrito por\" \/>\n\t<meta name=\"twitter:data1\" content=\"Luis Miguel Mej\u00edas Ramos\" \/>\n\t<meta name=\"twitter:label2\" content=\"Tiempo de lectura\" \/>\n\t<meta name=\"twitter:data2\" content=\"9 minutos\" \/>\n<script type=\"application\/ld+json\" class=\"yoast-schema-graph\">{\"@context\":\"https:\\\/\\\/schema.org\",\"@graph\":[{\"@type\":\"Article\",\"@id\":\"https:\\\/\\\/helloproject.es\\\/vigilancia\\\/convocatoria-2026-orden-uic-28-2022\\\/#article\",\"isPartOf\":{\"@id\":\"https:\\\/\\\/helloproject.es\\\/vigilancia\\\/convocatoria-2026-orden-uic-28-2022\\\/\"},\"author\":{\"name\":\"Luis Miguel Mej\u00edas Ramos\",\"@id\":\"https:\\\/\\\/helloproject.es\\\/vigilancia\\\/#\\\/schema\\\/person\\\/3767b0619d59a11570372c821f8619ca\"},\"headline\":\"CONVOCATORIA 2026 Orden UIC\\\/28\\\/2022\",\"datePublished\":\"2026-04-20T07:28:29+00:00\",\"mainEntityOfPage\":{\"@id\":\"https:\\\/\\\/helloproject.es\\\/vigilancia\\\/convocatoria-2026-orden-uic-28-2022\\\/\"},\"wordCount\":1755,\"publisher\":{\"@id\":\"https:\\\/\\\/helloproject.es\\\/vigilancia\\\/#organization\"},\"image\":{\"@id\":\"https:\\\/\\\/helloproject.es\\\/vigilancia\\\/convocatoria-2026-orden-uic-28-2022\\\/#primaryimage\"},\"thumbnailUrl\":\"https:\\\/\\\/www.cantabria.es\\\/documents\\\/26427\\\/21881598\\\/DNIe.jpg\\\/01f4c245-cfe3-9563-9845-0e0f97e7f720?t=1648806919369\",\"articleSection\":[\"Ayudas y Subvenciones\"],\"inLanguage\":\"es\"},{\"@type\":\"WebPage\",\"@id\":\"https:\\\/\\\/helloproject.es\\\/vigilancia\\\/convocatoria-2026-orden-uic-28-2022\\\/\",\"url\":\"https:\\\/\\\/helloproject.es\\\/vigilancia\\\/convocatoria-2026-orden-uic-28-2022\\\/\",\"name\":\"CONVOCATORIA 2026 Orden UIC\\\/28\\\/2022 - bip4ex\",\"isPartOf\":{\"@id\":\"https:\\\/\\\/helloproject.es\\\/vigilancia\\\/#website\"},\"primaryImageOfPage\":{\"@id\":\"https:\\\/\\\/helloproject.es\\\/vigilancia\\\/convocatoria-2026-orden-uic-28-2022\\\/#primaryimage\"},\"image\":{\"@id\":\"https:\\\/\\\/helloproject.es\\\/vigilancia\\\/convocatoria-2026-orden-uic-28-2022\\\/#primaryimage\"},\"thumbnailUrl\":\"https:\\\/\\\/www.cantabria.es\\\/documents\\\/26427\\\/21881598\\\/DNIe.jpg\\\/01f4c245-cfe3-9563-9845-0e0f97e7f720?t=1648806919369\",\"datePublished\":\"2026-04-20T07:28:29+00:00\",\"breadcrumb\":{\"@id\":\"https:\\\/\\\/helloproject.es\\\/vigilancia\\\/convocatoria-2026-orden-uic-28-2022\\\/#breadcrumb\"},\"inLanguage\":\"es\",\"potentialAction\":[{\"@type\":\"ReadAction\",\"target\":[\"https:\\\/\\\/helloproject.es\\\/vigilancia\\\/convocatoria-2026-orden-uic-28-2022\\\/\"]}]},{\"@type\":\"ImageObject\",\"inLanguage\":\"es\",\"@id\":\"https:\\\/\\\/helloproject.es\\\/vigilancia\\\/convocatoria-2026-orden-uic-28-2022\\\/#primaryimage\",\"url\":\"https:\\\/\\\/www.cantabria.es\\\/documents\\\/26427\\\/21881598\\\/DNIe.jpg\\\/01f4c245-cfe3-9563-9845-0e0f97e7f720?t=1648806919369\",\"contentUrl\":\"https:\\\/\\\/www.cantabria.es\\\/documents\\\/26427\\\/21881598\\\/DNIe.jpg\\\/01f4c245-cfe3-9563-9845-0e0f97e7f720?t=1648806919369\"},{\"@type\":\"BreadcrumbList\",\"@id\":\"https:\\\/\\\/helloproject.es\\\/vigilancia\\\/convocatoria-2026-orden-uic-28-2022\\\/#breadcrumb\",\"itemListElement\":[{\"@type\":\"ListItem\",\"position\":1,\"name\":\"Home\",\"item\":\"https:\\\/\\\/helloproject.es\\\/vigilancia\\\/\"},{\"@type\":\"ListItem\",\"position\":2,\"name\":\"CONVOCATORIA 2026 Orden UIC\\\/28\\\/2022\"}]},{\"@type\":\"WebSite\",\"@id\":\"https:\\\/\\\/helloproject.es\\\/vigilancia\\\/#website\",\"url\":\"https:\\\/\\\/helloproject.es\\\/vigilancia\\\/\",\"name\":\"bip4ex\",\"description\":\"Vigilancia Tecnol\u00f3gica\",\"publisher\":{\"@id\":\"https:\\\/\\\/helloproject.es\\\/vigilancia\\\/#organization\"},\"potentialAction\":[{\"@type\":\"SearchAction\",\"target\":{\"@type\":\"EntryPoint\",\"urlTemplate\":\"https:\\\/\\\/helloproject.es\\\/vigilancia\\\/?s={search_term_string}\"},\"query-input\":{\"@type\":\"PropertyValueSpecification\",\"valueRequired\":true,\"valueName\":\"search_term_string\"}}],\"inLanguage\":\"es\"},{\"@type\":\"Organization\",\"@id\":\"https:\\\/\\\/helloproject.es\\\/vigilancia\\\/#organization\",\"name\":\"Helloproject.es\",\"url\":\"https:\\\/\\\/helloproject.es\\\/vigilancia\\\/\",\"logo\":{\"@type\":\"ImageObject\",\"inLanguage\":\"es\",\"@id\":\"https:\\\/\\\/helloproject.es\\\/vigilancia\\\/#\\\/schema\\\/logo\\\/image\\\/\",\"url\":\"https:\\\/\\\/helloproject.es\\\/vigilancia\\\/wp-content\\\/uploads\\\/2023\\\/07\\\/bip4ex.png\",\"contentUrl\":\"https:\\\/\\\/helloproject.es\\\/vigilancia\\\/wp-content\\\/uploads\\\/2023\\\/07\\\/bip4ex.png\",\"width\":322,\"height\":365,\"caption\":\"Helloproject.es\"},\"image\":{\"@id\":\"https:\\\/\\\/helloproject.es\\\/vigilancia\\\/#\\\/schema\\\/logo\\\/image\\\/\"}},{\"@type\":\"Person\",\"@id\":\"https:\\\/\\\/helloproject.es\\\/vigilancia\\\/#\\\/schema\\\/person\\\/3767b0619d59a11570372c821f8619ca\",\"name\":\"Luis Miguel Mej\u00edas Ramos\",\"url\":\"https:\\\/\\\/helloproject.es\\\/vigilancia\\\/author\\\/luismi\\\/\"}]}<\/script>\n<!-- \/ Yoast SEO Premium plugin. -->","yoast_head_json":{"title":"CONVOCATORIA 2026 Orden UIC\/28\/2022 - bip4ex","robots":{"index":"index","follow":"follow","max-snippet":"max-snippet:-1","max-image-preview":"max-image-preview:large","max-video-preview":"max-video-preview:-1"},"canonical":"https:\/\/helloproject.es\/vigilancia\/convocatoria-2026-orden-uic-28-2022\/","og_locale":"es_ES","og_type":"article","og_title":"CONVOCATORIA 2026 Orden UIC\/28\/2022","og_description":"Subvencion: CONVOCATORIA 2026 Orden UIC\/28\/2022 Con certificado Servicio telef\u00f3nico 012 de atenci\u00f3n al ciudadano de Cantabria Descripci\u00f3n: Resoluci\u00f3n del consejero de Cultura, Turismo y Deporte, de 10 de abril de 2026, por la que se aprueba la convocatoria de subvenciones a profesionales, en r\u00e9gimen de concurrencia competitiva, para la realizaci\u00f3n de giras en materia musical [&hellip;]","og_url":"https:\/\/helloproject.es\/vigilancia\/convocatoria-2026-orden-uic-28-2022\/","og_site_name":"bip4ex","article_published_time":"2026-04-20T07:28:29+00:00","og_image":[{"url":"https:\/\/www.cantabria.es\/documents\/26427\/21881598\/DNIe.jpg\/01f4c245-cfe3-9563-9845-0e0f97e7f720?t=1648806919369","type":"","width":"","height":""}],"author":"Luis Miguel Mej\u00edas Ramos","twitter_card":"summary_large_image","twitter_misc":{"Escrito por":"Luis Miguel Mej\u00edas Ramos","Tiempo de lectura":"9 minutos"},"schema":{"@context":"https:\/\/schema.org","@graph":[{"@type":"Article","@id":"https:\/\/helloproject.es\/vigilancia\/convocatoria-2026-orden-uic-28-2022\/#article","isPartOf":{"@id":"https:\/\/helloproject.es\/vigilancia\/convocatoria-2026-orden-uic-28-2022\/"},"author":{"name":"Luis Miguel Mej\u00edas Ramos","@id":"https:\/\/helloproject.es\/vigilancia\/#\/schema\/person\/3767b0619d59a11570372c821f8619ca"},"headline":"CONVOCATORIA 2026 Orden UIC\/28\/2022","datePublished":"2026-04-20T07:28:29+00:00","mainEntityOfPage":{"@id":"https:\/\/helloproject.es\/vigilancia\/convocatoria-2026-orden-uic-28-2022\/"},"wordCount":1755,"publisher":{"@id":"https:\/\/helloproject.es\/vigilancia\/#organization"},"image":{"@id":"https:\/\/helloproject.es\/vigilancia\/convocatoria-2026-orden-uic-28-2022\/#primaryimage"},"thumbnailUrl":"https:\/\/www.cantabria.es\/documents\/26427\/21881598\/DNIe.jpg\/01f4c245-cfe3-9563-9845-0e0f97e7f720?t=1648806919369","articleSection":["Ayudas y Subvenciones"],"inLanguage":"es"},{"@type":"WebPage","@id":"https:\/\/helloproject.es\/vigilancia\/convocatoria-2026-orden-uic-28-2022\/","url":"https:\/\/helloproject.es\/vigilancia\/convocatoria-2026-orden-uic-28-2022\/","name":"CONVOCATORIA 2026 Orden UIC\/28\/2022 - bip4ex","isPartOf":{"@id":"https:\/\/helloproject.es\/vigilancia\/#website"},"primaryImageOfPage":{"@id":"https:\/\/helloproject.es\/vigilancia\/convocatoria-2026-orden-uic-28-2022\/#primaryimage"},"image":{"@id":"https:\/\/helloproject.es\/vigilancia\/convocatoria-2026-orden-uic-28-2022\/#primaryimage"},"thumbnailUrl":"https:\/\/www.cantabria.es\/documents\/26427\/21881598\/DNIe.jpg\/01f4c245-cfe3-9563-9845-0e0f97e7f720?t=1648806919369","datePublished":"2026-04-20T07:28:29+00:00","breadcrumb":{"@id":"https:\/\/helloproject.es\/vigilancia\/convocatoria-2026-orden-uic-28-2022\/#breadcrumb"},"inLanguage":"es","potentialAction":[{"@type":"ReadAction","target":["https:\/\/helloproject.es\/vigilancia\/convocatoria-2026-orden-uic-28-2022\/"]}]},{"@type":"ImageObject","inLanguage":"es","@id":"https:\/\/helloproject.es\/vigilancia\/convocatoria-2026-orden-uic-28-2022\/#primaryimage","url":"https:\/\/www.cantabria.es\/documents\/26427\/21881598\/DNIe.jpg\/01f4c245-cfe3-9563-9845-0e0f97e7f720?t=1648806919369","contentUrl":"https:\/\/www.cantabria.es\/documents\/26427\/21881598\/DNIe.jpg\/01f4c245-cfe3-9563-9845-0e0f97e7f720?t=1648806919369"},{"@type":"BreadcrumbList","@id":"https:\/\/helloproject.es\/vigilancia\/convocatoria-2026-orden-uic-28-2022\/#breadcrumb","itemListElement":[{"@type":"ListItem","position":1,"name":"Home","item":"https:\/\/helloproject.es\/vigilancia\/"},{"@type":"ListItem","position":2,"name":"CONVOCATORIA 2026 Orden UIC\/28\/2022"}]},{"@type":"WebSite","@id":"https:\/\/helloproject.es\/vigilancia\/#website","url":"https:\/\/helloproject.es\/vigilancia\/","name":"bip4ex","description":"Vigilancia Tecnol\u00f3gica","publisher":{"@id":"https:\/\/helloproject.es\/vigilancia\/#organization"},"potentialAction":[{"@type":"SearchAction","target":{"@type":"EntryPoint","urlTemplate":"https:\/\/helloproject.es\/vigilancia\/?s={search_term_string}"},"query-input":{"@type":"PropertyValueSpecification","valueRequired":true,"valueName":"search_term_string"}}],"inLanguage":"es"},{"@type":"Organization","@id":"https:\/\/helloproject.es\/vigilancia\/#organization","name":"Helloproject.es","url":"https:\/\/helloproject.es\/vigilancia\/","logo":{"@type":"ImageObject","inLanguage":"es","@id":"https:\/\/helloproject.es\/vigilancia\/#\/schema\/logo\/image\/","url":"https:\/\/helloproject.es\/vigilancia\/wp-content\/uploads\/2023\/07\/bip4ex.png","contentUrl":"https:\/\/helloproject.es\/vigilancia\/wp-content\/uploads\/2023\/07\/bip4ex.png","width":322,"height":365,"caption":"Helloproject.es"},"image":{"@id":"https:\/\/helloproject.es\/vigilancia\/#\/schema\/logo\/image\/"}},{"@type":"Person","@id":"https:\/\/helloproject.es\/vigilancia\/#\/schema\/person\/3767b0619d59a11570372c821f8619ca","name":"Luis Miguel Mej\u00edas Ramos","url":"https:\/\/helloproject.es\/vigilancia\/author\/luismi\/"}]}},"_links":{"self":[{"href":"https:\/\/helloproject.es\/vigilancia\/wp-json\/wp\/v2\/posts\/203179","targetHints":{"allow":["GET"]}}],"collection":[{"href":"https:\/\/helloproject.es\/vigilancia\/wp-json\/wp\/v2\/posts"}],"about":[{"href":"https:\/\/helloproject.es\/vigilancia\/wp-json\/wp\/v2\/types\/post"}],"author":[{"embeddable":true,"href":"https:\/\/helloproject.es\/vigilancia\/wp-json\/wp\/v2\/users\/5"}],"replies":[{"embeddable":true,"href":"https:\/\/helloproject.es\/vigilancia\/wp-json\/wp\/v2\/comments?post=203179"}],"version-history":[{"count":0,"href":"https:\/\/helloproject.es\/vigilancia\/wp-json\/wp\/v2\/posts\/203179\/revisions"}],"wp:attachment":[{"href":"https:\/\/helloproject.es\/vigilancia\/wp-json\/wp\/v2\/media?parent=203179"}],"wp:term":[{"taxonomy":"category","embeddable":true,"href":"https:\/\/helloproject.es\/vigilancia\/wp-json\/wp\/v2\/categories?post=203179"},{"taxonomy":"post_tag","embeddable":true,"href":"https:\/\/helloproject.es\/vigilancia\/wp-json\/wp\/v2\/tags?post=203179"}],"curies":[{"name":"wp","href":"https:\/\/api.w.org\/{rel}","templated":true}]}}