{"id":203180,"date":"2026-04-20T08:28:31","date_gmt":"2026-04-20T07:28:31","guid":{"rendered":"https:\/\/helloproject.es\/vigilancia\/convocatoria-2026-orden-uic-3-2022\/"},"modified":"2026-04-20T08:28:31","modified_gmt":"2026-04-20T07:28:31","slug":"convocatoria-2026-orden-uic-3-2022","status":"publish","type":"post","link":"https:\/\/helloproject.es\/vigilancia\/convocatoria-2026-orden-uic-3-2022\/","title":{"rendered":"CONVOCATORIA 2026 Orden UIC\/3\/2022"},"content":{"rendered":"<div class=\"ayuda_subvencion plantillas\">\n<div class=\"portlet-topper\">\n\t\t\t    <strong class=\"sr-only\">Subvencion:<\/strong>\n<h2 class=\"portlet-title\">CONVOCATORIA 2026 Orden UIC\/3\/2022<\/h2>\n<\/div>\n<div class=\"iconosTramitacion\">\n<p>\t\t\t\t\t<a href=\"https:\/\/rec.cantabria.es\/rec\/auth\/prepare-cert-login.htm?forward=UIC-I-003-2022\" title=\"Con certificado\"><img decoding=\"async\" src=\"https:\/\/www.cantabria.es\/documents\/26427\/21881598\/DNIe.jpg\/01f4c245-cfe3-9563-9845-0e0f97e7f720?t=1648806919369\" alt=\"\" aria-hidden=\"true\" \/><span class=\"sr-only\">Con certificado<\/span><\/a><\/p>\n<p>\t\t\t<a target=\"_blank\" href=\"https:\/\/sede.cantabria.es\/sede\/ayuda\/012-telefono-de-atencion-administrativa\" title=\"Servicio telef\u00f3nico 012 de atenci\u00f3n al ciudadano de Cantabria\"><img decoding=\"async\" src=\"https:\/\/www.cantabria.es\/documents\/26427\/21881598\/012.jpg\/d4445702-c7cf-c44a-3ce9-b0288c1d9b9a?t=1648806893827\" alt=\"\" aria-hidden=\"true\" \/><span class=\"sr-only\">Servicio telef\u00f3nico 012 de atenci\u00f3n al ciudadano de Cantabria<\/span><\/a>\n\t\t<\/p><\/div>\n<h3>Descripci\u00f3n:<\/h3>\n<p><span>Resoluci\u00f3n del Consejero de Cultura, Turismo y Deporte, por la que se convocan subvenciones a empresas privadas, en r\u00e9gimen de concurrencia competitiva, para la protecci\u00f3n de bienes inmuebles civiles integrantes del Patrimonio Cultural de Cantabria para el a\u00f1o 2026.<\/span><\/p>\n<h3>Bolet\u00edn Oficial de Cantabria<\/h3>\n<p><span>N\u00famero BOC: 74 Extracto Convocatoria<\/span><\/p>\n<p><span>Fecha BOC: 20\/04\/2026<\/span><\/p>\n<p>\n\t\t\t\t\t<span><br \/>\n\t\t\t\t\t\t<a href=\"https:\/\/boc.cantabria.es\/boces\/verAnuncioAction.do?idAnuBlob=434139\" target=\"_blank\" rel=\"noopener noreferrer\">Enlace BOC<\/a><\/span><\/p>\n<p>\t\t\t\t\t\n\t\t\t\t<\/p>\n<h3>Fecha inicio plazo presentaci\u00f3n:<\/h3>\n<p><span>21\/04\/2026<\/span><\/p>\n<h3>Fecha finalizaci\u00f3n plazo presentaci\u00f3n:<\/h3>\n<p><span>19\/05\/2026<\/span><\/p>\n<h3>Beneficiarios:<\/h3>\n<div>\n<p>Podr\u00e1n ser beneficiarios de las subvenciones convocadas mediante la presente resoluci\u00f3n las <strong>empresas privadas<\/strong>, ya sea su titular un empresario individual, una sociedad civil o una sociedad mercantil, que sean <strong>propietarias o poseedoras leg\u00edtimas de inmuebles definidos en el apartado primero<\/strong>. En caso de tratarse de poseedores leg\u00edtimos deber\u00e1n contar con la autorizaci\u00f3n del propietario para realizar la actividad subvencionada.<\/p>\n<\/div>\n<h3>Documentaci\u00f3n a adjuntar:<\/h3>\n<div>\n<p>Las solicitudes se formular\u00e1n con arreglo al modelo oficial que se incluye como <strong>Anexo I<\/strong> a la presente convocatoria, e ir\u00e1n debidamente <strong>cumplimentadas y firmadas por la persona interesada o por quien ostente su representaci\u00f3n.<\/strong><\/p>\n<p>Las solicitudes ir\u00e1n acompa\u00f1adas de la siguiente documentaci\u00f3n:<\/p>\n<ol start=\"1\">\n<li>Documentaci\u00f3n relativa a la obra de conservaci\u00f3n o restauraci\u00f3n a ejecutar, en los siguientes t\u00e9rminos:\n<ol>\n<li>Deber\u00e1 aportarse un <strong>proyecto de intervenci\u00f3n<\/strong> suscrito por t\u00e9cnico competente y visado por el colegio profesional competente, en los siguientes supuestos:<\/li>\n<\/ol>\n<\/li>\n<\/ol>\n<ul>\n<li>Cuando el inmueble ostente la condici\u00f3n de Bien de Inter\u00e9s Cultural o Bien de Inter\u00e9s Local.<\/li>\n<li>Cuando la Ley 38\/1999, de 5 de noviembre, de Ordenaci\u00f3n de la Edificaci\u00f3n, la legislaci\u00f3n urban\u00edstica o el planeamiento vigente en cada municipio as\u00ed lo exijan para obtener licencia municipal de obras, en funci\u00f3n de las caracter\u00edsticas de la actuaci\u00f3n a ejecutar.<\/li>\n<\/ul>\n<ol start=\"2\">\n<li>En el resto de supuestos no recogidos en el anterior subapartado 1\u00ba, el solicitante deber\u00e1 aportar una <strong>memoria t\u00e9cnica<\/strong> suscrita por t\u00e9cnico competente.<\/li>\n<li>En cuanto a la concreta documentaci\u00f3n t\u00e9cnica a aportar (tanto si es proyecto como memoria t\u00e9cnica), se incluir\u00e1, al menos, la siguiente documentaci\u00f3n:\n<ol start=\"1\">\n<li><strong>Memoria descriptiva<\/strong>: Habr\u00e1 de describir el inmueble, su entorno y su estado de conservaci\u00f3n, as\u00ed como los objetivos, descripci\u00f3n y justificaci\u00f3n de las actuaciones propuestas.<\/li>\n<\/ol>\n<\/li>\n<\/ol>\n<p>Asimismo, cuando el inmueble ostente la condici\u00f3n de Bien de Inter\u00e9s Cultural o Bien de Inter\u00e9s Local se deber\u00e1 incorporar un informe t\u00e9cnico sobre su importancia art\u00edstica, hist\u00f3rica o arqueol\u00f3gica, elaborado por un t\u00e9cnico competente en cada una de las materias de conformidad con el art\u00edculo 47.7 de la Ley de Cantabria 11\/1998, de 13 de octubre.<\/p>\n<ol start=\"2\">\n<li><strong>Memoria constructiva<\/strong>: Habr\u00e1 de definir las actuaciones y sus caracter\u00edsticas t\u00e9cnicas.<\/li>\n<li><strong>Presupuesto<\/strong> actualizado: Incluir\u00e1 mediciones y se desarrollar\u00e1 por partidas, valorando en su caso la intervenci\u00f3n del restaurador, y con un resumen final por cap\u00edtulos y desglose del IVA total aplicable.<\/li>\n<li><strong>Planos<\/strong>: Se deber\u00e1n aportar los planos necesarios para describir tanto el estado inicial del inmueble como tras la intervenci\u00f3n propuesta. Se incorporar\u00e1n los detalles constructivos necesarios para definir las actuaciones planteadas.<\/li>\n<li><strong>Documentaci\u00f3n fotogr\u00e1fica<\/strong>: Habr\u00e1 de ser suficiente para mostrar el estado actual del inmueble. Cada fotograf\u00eda deber\u00e1 estar identificada y referenciada en planos del inmueble, de modo que se localice la zona a la que corresponde.<\/li>\n<\/ol>\n<p>Las fotograf\u00edas se entregar\u00e1n en color.<\/p>\n<ol start=\"2\">\n<li><strong>Documentaci\u00f3n acreditativa de la propiedad del bien o<\/strong>, en caso de no ser propietario, <strong>del t\u00edtulo por el que se posee el inmueble<\/strong>, as\u00ed como autorizaci\u00f3n de la intervenci\u00f3n y aprobaci\u00f3n del proyecto por parte de la propiedad.<\/li>\n<li>Cualquier <strong>autorizaci\u00f3n administrativa<\/strong> que, en su caso, fuera legalmente exigible o, en su defecto, justificante de haberse solicitado.<\/li>\n<li>En el caso de que el solicitante sea un <strong>empresario individual<\/strong>, se aportar\u00e1 <strong>documento acreditativo de su alta en el R\u00e9gimen Especial de Trabajadores Aut\u00f3nomos<\/strong> de la Seguridad Social.<\/li>\n<\/ol>\n<p>En el caso de que el solicitante sea una <strong>sociedad civil<\/strong>, se aportar\u00e1 copia del <strong>contrato formalizado para su constituci\u00f3n<\/strong> y, en su caso, de sus posteriores modificaciones.<br \/>\nY en el caso de que el solicitante sea una sociedad mercantil, se aportar\u00e1 copia de la escritura de constituci\u00f3n y, en su caso, de sus posteriores modificaciones, incluyendo los vigentes estatutos sociales.<\/p>\n<ol start=\"5\">\n<li>En el caso de actuarse mediante representante, documentaci\u00f3n acreditativa de la <strong>representaci\u00f3n<\/strong>.<\/li>\n<\/ol>\n<p>De conformidad con lo dispuesto en el art\u00edculo 28 de la Ley 39\/2015, de 1 de octubre, salvo que el interesado se oponga de manera expresa, o bien cuando preste autorizaci\u00f3n expresa exigida por legislaci\u00f3n espec\u00edfica aplicable, el \u00f3rgano instructor podr\u00e1 <strong>consultar o recabar los datos o documentos<\/strong> concernientes al solicitante o a su representante legal siguientes:<\/p>\n<ol start=\"1\">\n<li>Los datos o documentos emitidos o que se encuentren en poder de la Administraci\u00f3n.<\/li>\n<li>Identidad del solicitante y, en su caso, del representante legal.<\/li>\n<li>Cumplimiento de obligaciones tributarias con la Agencia Estatal de la Administraci\u00f3n Tributaria.<\/li>\n<li>Cumplimiento de obligaciones con la Seguridad Social.<\/li>\n<li>Cumplimiento de obligaciones con la Administraci\u00f3n de la Comunidad Aut\u00f3noma de Cantabria.<\/li>\n<\/ol>\n<p>Solo <strong>en el caso de oposici\u00f3n expresa<\/strong> o, cuando sea exigible, de falta de autorizaci\u00f3n expresa a la consulta se deber\u00e1 aportar la documentaci\u00f3n acreditativa correspondiente y, en particular, la siguiente:<\/p>\n<ol>\n<li>Certificado actualizado de estar al corriente en el cumplimiento de las obligaciones con la Agencia Estatal de Administraci\u00f3n Tributaria.<\/li>\n<li>Certificado actualizado de estar al corriente en el cumplimiento de obligaciones con la Seguridad Social.<\/li>\n<li>Certificado actualizado de estar al corriente en el cumplimiento de obligaciones con la Administraci\u00f3n de la Comunidad Aut\u00f3noma de Cantabria.<\/li>\n<li>Copia de DNI o documento acreditativo de la identidad.<\/li>\n<\/ol>\n<\/div>\n<h3>Anexos:<\/h3>\n<ul>\n<li>\n\t\t\t\t\t\t\t\t<span class=\"fa fa-file-word-o fa-lg\" aria-hidden=\"true\"><\/span><br \/>\n\t\t\t\t\t\t\t\t<a href=\"https:\/\/www.cantabria.es\/documents\/16401\/130709030\/Solicitud+Convc+2026+Orden+UIC-003-2022.docx\/22f9fd3e-4afc-cc49-9e05-e5ac867029b0?t=1776415955126\" target=\"_blank\" rel=\"noopener noreferrer\">Modelo de Solicitud<\/a>\n<\/li>\n<li>\n\t\t\t\t\t\t\t\t<span class=\"fa fa-file-archive-o fa-lg\" aria-hidden=\"true\"><\/span><br \/>\n\t\t\t\t\t\t\t\t<a href=\"https:\/\/www.cantabria.es\/documents\/16401\/130709030\/Anexos+Convc+2026+Orden+UIC-003-2022.zip\/8a75b8f9-0ef5-ff4f-52ca-87d2d53e0abb?t=1776415953168\" target=\"_blank\" rel=\"noopener noreferrer\">Anexos<\/a>\n<\/li>\n<li>\n\t\t\t\t\t\t\t\t<span class=\"fa fa-file-pdf-o fa-lg\" aria-hidden=\"true\"><\/span><br \/>\n\t\t\t\t\t\t\t\t<a href=\"https:\/\/www.cantabria.es\/documents\/16401\/130709030\/CONVC+2026+ORDEN+UIC-003-2022.pdf\/5497781d-aa9a-18c8-e81f-b7b7412b3e39?t=1776415953727\" target=\"_blank\" rel=\"noopener noreferrer\">Resoluci\u00f3n del Consejero de Cultura, Turismo y Deporte, por la que se convocan subvenciones a empresas privadas, en r\u00e9gimen de concurrencia competitiva, para la protecci\u00f3n de bienes inmuebles civiles integrantes del Patrimonio Cultural de Cantab<\/a>\n<\/li>\n<\/ul>\n<h3>Lugar presentaci\u00f3n :<\/h3>\n<div>\n<p>Las <strong>personas jur\u00eddicas<\/strong> y dem\u00e1s sujetos recogidos en el art\u00edculo 14.2 de la ley 39\/2015, de 1 de octubre, del procedimiento administrativo com\u00fan de las administraciones p\u00fablicas, est\u00e1n <strong>obligados<\/strong> a presentar sus solicitudes a trav\u00e9s del <a href=\"https:\/\/rec.cantabria.es\/rec\/bienvenida.htm\" target=\"_blank\"><strong>Registro Electr\u00f3nico General<\/strong><\/a> de la Administraci\u00f3n de la Comunidad Aut\u00f3noma de Cantabria en la direcci\u00f3n electr\u00f3nica \u00absede.cantabria.es\u00bb.<\/p>\n<p>Las <strong>personas f\u00edsicas<\/strong> pueden presentar sus solicitudes en cualquiera de los lugares establecidos a los que se hace referencia en el art\u00edculo 134.8 de la Ley de Cantabria 5\/2018, de 22 de noviembre, de R\u00e9gimen Jur\u00eddico del Gobierno, de la Administraci\u00f3n y del Sector P\u00fablico Institucional de la Comunidad Aut\u00f3noma de Cantabria: a trav\u00e9s del <a href=\"https:\/\/rec.cantabria.es\/rec\/bienvenida.htm\" target=\"_blank\"><strong>Registro Electr\u00f3nico General<\/strong><\/a> o en la <a href=\"https:\/\/www.cantabria.es\/web\/atencion-a-la-ciudadania\/registros\" target=\"_blank\"><strong>Oficina de Asistencia en Materia de Registro<\/strong><\/a>\u00a0de la Consejer\u00eda<\/p>\n<\/div>\n<h3>\u00d3rgano tramitador:<\/h3>\n<div>\n\t\t\t\tDirecci\u00f3n: \n<p><strong>DIRECCI\u00d3N GENERAL DE PATRIMONIO CULTURAL Y MEMORIA HIST\u00d3RICA (C\u00d3DIGO DIR3 O00006454 &#8211; A06045081)<\/strong><br \/>\nC\/ Ruiz de Alda, 19 &#8211; 39009 Santander<\/p>\n<\/div>\n<p><span>Tel\u00e9fono: 942 20 74 50<\/span><\/p>\n<h3>Enlaces:<\/h3>\n<ul>\n<li><a href=\"https:\/\/boc.cantabria.es\/boces\/verAnuncioAction.do?idAnuBlob=368896\" target=\"_blank\" rel=\"noopener noreferrer\">Orden UIC\/3\/2022, de 27 de enero, por la que se establecen las bases reguladoras para la concesi\u00f3n de subvenciones a empresas privadas para la protecci\u00f3n de bienes inmuebles civiles integrantes del Patrimonio Cultural de Cantabria.<\/a><\/li>\n<li><a href=\"https:\/\/boc.cantabria.es\/boces\/verAnuncioAction.do?idAnuBlob=386022\" target=\"_blank\" rel=\"noopener noreferrer\">Orden UIC\/2\/2023 de 21 de febrero, por la que se modifica la Orden UIC\/3\/2022, de 27 de enero, por la que se establecen las bases reguladoras para la concesi\u00f3n de subvenciones a empresas privadas para la protecci\u00f3n de bienes inmuebles civiles in<\/a><\/li>\n<\/ul>\n<div class=\"noticias-iframe\">\n<p>\t\t\t\t<a href=\"https:\/\/twitter.com\/share\" class=\"twitter-share-button\" data-url=\"https%3A%2F%2Fwww.cantabria.es%2Fdetalle%2F-%2Fjournal%2Frss%2F16401%2FRSS_ULTIMAS_AYUDAS\" data-via=\"cantabriaes\" data-text=\"CONVOCATORIA 2026 Orden UIC\/3\/2022\" data-related=\"anywhere:The Javascript API\" data-count=\"horizontal\"><br \/>\n\t\t\t\t\tTweet<br \/>\n\t\t\t\t<\/a><\/p><\/div>\n<\/div>","protected":false},"excerpt":{"rendered":"<p>Subvencion: CONVOCATORIA 2026 Orden UIC\/3\/2022 Con certificado Servicio telef\u00f3nico 012 de atenci\u00f3n al ciudadano de Cantabria Descripci\u00f3n: Resoluci\u00f3n del Consejero de Cultura, Turismo y Deporte, por la que se convocan subvenciones a empresas privadas, en r\u00e9gimen de concurrencia competitiva, para la protecci\u00f3n de bienes inmuebles civiles integrantes del Patrimonio Cultural de Cantabria para el a\u00f1o [&hellip;]<\/p>\n","protected":false},"author":5,"featured_media":0,"comment_status":"","ping_status":"","sticky":false,"template":"","format":"standard","meta":{"site-sidebar-layout":"default","site-content-layout":"","ast-site-content-layout":"default","site-content-style":"default","site-sidebar-style":"default","ast-global-header-display":"","ast-banner-title-visibility":"","ast-main-header-display":"","ast-hfb-above-header-display":"","ast-hfb-below-header-display":"","ast-hfb-mobile-header-display":"","site-post-title":"","ast-breadcrumbs-content":"","ast-featured-img":"","footer-sml-layout":"","ast-disable-related-posts":"","theme-transparent-header-meta":"","adv-header-id-meta":"","stick-header-meta":"","header-above-stick-meta":"","header-main-stick-meta":"","header-below-stick-meta":"","astra-migrate-meta-layouts":"default","ast-page-background-enabled":"default","ast-page-background-meta":{"desktop":{"background-color":"var(--ast-global-color-4)","background-image":"","background-repeat":"repeat","background-position":"center center","background-size":"auto","background-attachment":"scroll","background-type":"","background-media":"","overlay-type":"","overlay-color":"","overlay-opacity":"","overlay-gradient":""},"tablet":{"background-color":"","background-image":"","background-repeat":"repeat","background-position":"center center","background-size":"auto","background-attachment":"scroll","background-type":"","background-media":"","overlay-type":"","overlay-color":"","overlay-opacity":"","overlay-gradient":""},"mobile":{"background-color":"","background-image":"","background-repeat":"repeat","background-position":"center center","background-size":"auto","background-attachment":"scroll","background-type":"","background-media":"","overlay-type":"","overlay-color":"","overlay-opacity":"","overlay-gradient":""}},"ast-content-background-meta":{"desktop":{"background-color":"var(--ast-global-color-5)","background-image":"","background-repeat":"repeat","background-position":"center center","background-size":"auto","background-attachment":"scroll","background-type":"","background-media":"","overlay-type":"","overlay-color":"","overlay-opacity":"","overlay-gradient":""},"tablet":{"background-color":"var(--ast-global-color-5)","background-image":"","background-repeat":"repeat","background-position":"center center","background-size":"auto","background-attachment":"scroll","background-type":"","background-media":"","overlay-type":"","overlay-color":"","overlay-opacity":"","overlay-gradient":""},"mobile":{"background-color":"var(--ast-global-color-5)","background-image":"","background-repeat":"repeat","background-position":"center center","background-size":"auto","background-attachment":"scroll","background-type":"","background-media":"","overlay-type":"","overlay-color":"","overlay-opacity":"","overlay-gradient":""}},"footnotes":""},"categories":[8],"tags":[],"class_list":["post-203180","post","type-post","status-publish","format-standard","hentry","category-ayudas-y-subvenciones"],"yoast_head":"<!-- This site is optimized with the Yoast SEO Premium plugin v20.9 (Yoast SEO v27.4) - https:\/\/yoast.com\/product\/yoast-seo-premium-wordpress\/ -->\n<title>CONVOCATORIA 2026 Orden UIC\/3\/2022 - bip4ex<\/title>\n<meta name=\"robots\" content=\"index, follow, max-snippet:-1, max-image-preview:large, max-video-preview:-1\" \/>\n<link rel=\"canonical\" href=\"https:\/\/helloproject.es\/vigilancia\/convocatoria-2026-orden-uic-3-2022\/\" \/>\n<meta property=\"og:locale\" content=\"es_ES\" \/>\n<meta property=\"og:type\" content=\"article\" \/>\n<meta property=\"og:title\" content=\"CONVOCATORIA 2026 Orden UIC\/3\/2022\" \/>\n<meta property=\"og:description\" content=\"Subvencion: CONVOCATORIA 2026 Orden UIC\/3\/2022 Con certificado Servicio telef\u00f3nico 012 de atenci\u00f3n al ciudadano de Cantabria Descripci\u00f3n: Resoluci\u00f3n del Consejero de Cultura, Turismo y Deporte, por la que se convocan subvenciones a empresas privadas, en r\u00e9gimen de concurrencia competitiva, para la protecci\u00f3n de bienes inmuebles civiles integrantes del Patrimonio Cultural de Cantabria para el a\u00f1o [&hellip;]\" \/>\n<meta property=\"og:url\" content=\"https:\/\/helloproject.es\/vigilancia\/convocatoria-2026-orden-uic-3-2022\/\" \/>\n<meta property=\"og:site_name\" content=\"bip4ex\" \/>\n<meta property=\"article:published_time\" content=\"2026-04-20T07:28:31+00:00\" \/>\n<meta property=\"og:image\" content=\"https:\/\/www.cantabria.es\/documents\/26427\/21881598\/DNIe.jpg\/01f4c245-cfe3-9563-9845-0e0f97e7f720?t=1648806919369\" \/>\n<meta name=\"author\" content=\"Luis Miguel Mej\u00edas Ramos\" \/>\n<meta name=\"twitter:card\" content=\"summary_large_image\" \/>\n<meta name=\"twitter:label1\" content=\"Escrito por\" \/>\n\t<meta name=\"twitter:data1\" content=\"Luis Miguel Mej\u00edas Ramos\" \/>\n\t<meta name=\"twitter:label2\" content=\"Tiempo de lectura\" \/>\n\t<meta name=\"twitter:data2\" content=\"6 minutos\" \/>\n<script type=\"application\/ld+json\" class=\"yoast-schema-graph\">{\"@context\":\"https:\\\/\\\/schema.org\",\"@graph\":[{\"@type\":\"Article\",\"@id\":\"https:\\\/\\\/helloproject.es\\\/vigilancia\\\/convocatoria-2026-orden-uic-3-2022\\\/#article\",\"isPartOf\":{\"@id\":\"https:\\\/\\\/helloproject.es\\\/vigilancia\\\/convocatoria-2026-orden-uic-3-2022\\\/\"},\"author\":{\"name\":\"Luis Miguel Mej\u00edas Ramos\",\"@id\":\"https:\\\/\\\/helloproject.es\\\/vigilancia\\\/#\\\/schema\\\/person\\\/3767b0619d59a11570372c821f8619ca\"},\"headline\":\"CONVOCATORIA 2026 Orden UIC\\\/3\\\/2022\",\"datePublished\":\"2026-04-20T07:28:31+00:00\",\"mainEntityOfPage\":{\"@id\":\"https:\\\/\\\/helloproject.es\\\/vigilancia\\\/convocatoria-2026-orden-uic-3-2022\\\/\"},\"wordCount\":1266,\"publisher\":{\"@id\":\"https:\\\/\\\/helloproject.es\\\/vigilancia\\\/#organization\"},\"image\":{\"@id\":\"https:\\\/\\\/helloproject.es\\\/vigilancia\\\/convocatoria-2026-orden-uic-3-2022\\\/#primaryimage\"},\"thumbnailUrl\":\"https:\\\/\\\/www.cantabria.es\\\/documents\\\/26427\\\/21881598\\\/DNIe.jpg\\\/01f4c245-cfe3-9563-9845-0e0f97e7f720?t=1648806919369\",\"articleSection\":[\"Ayudas y Subvenciones\"],\"inLanguage\":\"es\"},{\"@type\":\"WebPage\",\"@id\":\"https:\\\/\\\/helloproject.es\\\/vigilancia\\\/convocatoria-2026-orden-uic-3-2022\\\/\",\"url\":\"https:\\\/\\\/helloproject.es\\\/vigilancia\\\/convocatoria-2026-orden-uic-3-2022\\\/\",\"name\":\"CONVOCATORIA 2026 Orden UIC\\\/3\\\/2022 - bip4ex\",\"isPartOf\":{\"@id\":\"https:\\\/\\\/helloproject.es\\\/vigilancia\\\/#website\"},\"primaryImageOfPage\":{\"@id\":\"https:\\\/\\\/helloproject.es\\\/vigilancia\\\/convocatoria-2026-orden-uic-3-2022\\\/#primaryimage\"},\"image\":{\"@id\":\"https:\\\/\\\/helloproject.es\\\/vigilancia\\\/convocatoria-2026-orden-uic-3-2022\\\/#primaryimage\"},\"thumbnailUrl\":\"https:\\\/\\\/www.cantabria.es\\\/documents\\\/26427\\\/21881598\\\/DNIe.jpg\\\/01f4c245-cfe3-9563-9845-0e0f97e7f720?t=1648806919369\",\"datePublished\":\"2026-04-20T07:28:31+00:00\",\"breadcrumb\":{\"@id\":\"https:\\\/\\\/helloproject.es\\\/vigilancia\\\/convocatoria-2026-orden-uic-3-2022\\\/#breadcrumb\"},\"inLanguage\":\"es\",\"potentialAction\":[{\"@type\":\"ReadAction\",\"target\":[\"https:\\\/\\\/helloproject.es\\\/vigilancia\\\/convocatoria-2026-orden-uic-3-2022\\\/\"]}]},{\"@type\":\"ImageObject\",\"inLanguage\":\"es\",\"@id\":\"https:\\\/\\\/helloproject.es\\\/vigilancia\\\/convocatoria-2026-orden-uic-3-2022\\\/#primaryimage\",\"url\":\"https:\\\/\\\/www.cantabria.es\\\/documents\\\/26427\\\/21881598\\\/DNIe.jpg\\\/01f4c245-cfe3-9563-9845-0e0f97e7f720?t=1648806919369\",\"contentUrl\":\"https:\\\/\\\/www.cantabria.es\\\/documents\\\/26427\\\/21881598\\\/DNIe.jpg\\\/01f4c245-cfe3-9563-9845-0e0f97e7f720?t=1648806919369\"},{\"@type\":\"BreadcrumbList\",\"@id\":\"https:\\\/\\\/helloproject.es\\\/vigilancia\\\/convocatoria-2026-orden-uic-3-2022\\\/#breadcrumb\",\"itemListElement\":[{\"@type\":\"ListItem\",\"position\":1,\"name\":\"Home\",\"item\":\"https:\\\/\\\/helloproject.es\\\/vigilancia\\\/\"},{\"@type\":\"ListItem\",\"position\":2,\"name\":\"CONVOCATORIA 2026 Orden UIC\\\/3\\\/2022\"}]},{\"@type\":\"WebSite\",\"@id\":\"https:\\\/\\\/helloproject.es\\\/vigilancia\\\/#website\",\"url\":\"https:\\\/\\\/helloproject.es\\\/vigilancia\\\/\",\"name\":\"bip4ex\",\"description\":\"Vigilancia Tecnol\u00f3gica\",\"publisher\":{\"@id\":\"https:\\\/\\\/helloproject.es\\\/vigilancia\\\/#organization\"},\"potentialAction\":[{\"@type\":\"SearchAction\",\"target\":{\"@type\":\"EntryPoint\",\"urlTemplate\":\"https:\\\/\\\/helloproject.es\\\/vigilancia\\\/?s={search_term_string}\"},\"query-input\":{\"@type\":\"PropertyValueSpecification\",\"valueRequired\":true,\"valueName\":\"search_term_string\"}}],\"inLanguage\":\"es\"},{\"@type\":\"Organization\",\"@id\":\"https:\\\/\\\/helloproject.es\\\/vigilancia\\\/#organization\",\"name\":\"Helloproject.es\",\"url\":\"https:\\\/\\\/helloproject.es\\\/vigilancia\\\/\",\"logo\":{\"@type\":\"ImageObject\",\"inLanguage\":\"es\",\"@id\":\"https:\\\/\\\/helloproject.es\\\/vigilancia\\\/#\\\/schema\\\/logo\\\/image\\\/\",\"url\":\"https:\\\/\\\/helloproject.es\\\/vigilancia\\\/wp-content\\\/uploads\\\/2023\\\/07\\\/bip4ex.png\",\"contentUrl\":\"https:\\\/\\\/helloproject.es\\\/vigilancia\\\/wp-content\\\/uploads\\\/2023\\\/07\\\/bip4ex.png\",\"width\":322,\"height\":365,\"caption\":\"Helloproject.es\"},\"image\":{\"@id\":\"https:\\\/\\\/helloproject.es\\\/vigilancia\\\/#\\\/schema\\\/logo\\\/image\\\/\"}},{\"@type\":\"Person\",\"@id\":\"https:\\\/\\\/helloproject.es\\\/vigilancia\\\/#\\\/schema\\\/person\\\/3767b0619d59a11570372c821f8619ca\",\"name\":\"Luis Miguel Mej\u00edas Ramos\",\"url\":\"https:\\\/\\\/helloproject.es\\\/vigilancia\\\/author\\\/luismi\\\/\"}]}<\/script>\n<!-- \/ Yoast SEO Premium plugin. -->","yoast_head_json":{"title":"CONVOCATORIA 2026 Orden UIC\/3\/2022 - bip4ex","robots":{"index":"index","follow":"follow","max-snippet":"max-snippet:-1","max-image-preview":"max-image-preview:large","max-video-preview":"max-video-preview:-1"},"canonical":"https:\/\/helloproject.es\/vigilancia\/convocatoria-2026-orden-uic-3-2022\/","og_locale":"es_ES","og_type":"article","og_title":"CONVOCATORIA 2026 Orden UIC\/3\/2022","og_description":"Subvencion: CONVOCATORIA 2026 Orden UIC\/3\/2022 Con certificado Servicio telef\u00f3nico 012 de atenci\u00f3n al ciudadano de Cantabria Descripci\u00f3n: Resoluci\u00f3n del Consejero de Cultura, Turismo y Deporte, por la que se convocan subvenciones a empresas privadas, en r\u00e9gimen de concurrencia competitiva, para la protecci\u00f3n de bienes inmuebles civiles integrantes del Patrimonio Cultural de Cantabria para el a\u00f1o [&hellip;]","og_url":"https:\/\/helloproject.es\/vigilancia\/convocatoria-2026-orden-uic-3-2022\/","og_site_name":"bip4ex","article_published_time":"2026-04-20T07:28:31+00:00","og_image":[{"url":"https:\/\/www.cantabria.es\/documents\/26427\/21881598\/DNIe.jpg\/01f4c245-cfe3-9563-9845-0e0f97e7f720?t=1648806919369","type":"","width":"","height":""}],"author":"Luis Miguel Mej\u00edas Ramos","twitter_card":"summary_large_image","twitter_misc":{"Escrito por":"Luis Miguel Mej\u00edas Ramos","Tiempo de lectura":"6 minutos"},"schema":{"@context":"https:\/\/schema.org","@graph":[{"@type":"Article","@id":"https:\/\/helloproject.es\/vigilancia\/convocatoria-2026-orden-uic-3-2022\/#article","isPartOf":{"@id":"https:\/\/helloproject.es\/vigilancia\/convocatoria-2026-orden-uic-3-2022\/"},"author":{"name":"Luis Miguel Mej\u00edas Ramos","@id":"https:\/\/helloproject.es\/vigilancia\/#\/schema\/person\/3767b0619d59a11570372c821f8619ca"},"headline":"CONVOCATORIA 2026 Orden UIC\/3\/2022","datePublished":"2026-04-20T07:28:31+00:00","mainEntityOfPage":{"@id":"https:\/\/helloproject.es\/vigilancia\/convocatoria-2026-orden-uic-3-2022\/"},"wordCount":1266,"publisher":{"@id":"https:\/\/helloproject.es\/vigilancia\/#organization"},"image":{"@id":"https:\/\/helloproject.es\/vigilancia\/convocatoria-2026-orden-uic-3-2022\/#primaryimage"},"thumbnailUrl":"https:\/\/www.cantabria.es\/documents\/26427\/21881598\/DNIe.jpg\/01f4c245-cfe3-9563-9845-0e0f97e7f720?t=1648806919369","articleSection":["Ayudas y Subvenciones"],"inLanguage":"es"},{"@type":"WebPage","@id":"https:\/\/helloproject.es\/vigilancia\/convocatoria-2026-orden-uic-3-2022\/","url":"https:\/\/helloproject.es\/vigilancia\/convocatoria-2026-orden-uic-3-2022\/","name":"CONVOCATORIA 2026 Orden UIC\/3\/2022 - bip4ex","isPartOf":{"@id":"https:\/\/helloproject.es\/vigilancia\/#website"},"primaryImageOfPage":{"@id":"https:\/\/helloproject.es\/vigilancia\/convocatoria-2026-orden-uic-3-2022\/#primaryimage"},"image":{"@id":"https:\/\/helloproject.es\/vigilancia\/convocatoria-2026-orden-uic-3-2022\/#primaryimage"},"thumbnailUrl":"https:\/\/www.cantabria.es\/documents\/26427\/21881598\/DNIe.jpg\/01f4c245-cfe3-9563-9845-0e0f97e7f720?t=1648806919369","datePublished":"2026-04-20T07:28:31+00:00","breadcrumb":{"@id":"https:\/\/helloproject.es\/vigilancia\/convocatoria-2026-orden-uic-3-2022\/#breadcrumb"},"inLanguage":"es","potentialAction":[{"@type":"ReadAction","target":["https:\/\/helloproject.es\/vigilancia\/convocatoria-2026-orden-uic-3-2022\/"]}]},{"@type":"ImageObject","inLanguage":"es","@id":"https:\/\/helloproject.es\/vigilancia\/convocatoria-2026-orden-uic-3-2022\/#primaryimage","url":"https:\/\/www.cantabria.es\/documents\/26427\/21881598\/DNIe.jpg\/01f4c245-cfe3-9563-9845-0e0f97e7f720?t=1648806919369","contentUrl":"https:\/\/www.cantabria.es\/documents\/26427\/21881598\/DNIe.jpg\/01f4c245-cfe3-9563-9845-0e0f97e7f720?t=1648806919369"},{"@type":"BreadcrumbList","@id":"https:\/\/helloproject.es\/vigilancia\/convocatoria-2026-orden-uic-3-2022\/#breadcrumb","itemListElement":[{"@type":"ListItem","position":1,"name":"Home","item":"https:\/\/helloproject.es\/vigilancia\/"},{"@type":"ListItem","position":2,"name":"CONVOCATORIA 2026 Orden UIC\/3\/2022"}]},{"@type":"WebSite","@id":"https:\/\/helloproject.es\/vigilancia\/#website","url":"https:\/\/helloproject.es\/vigilancia\/","name":"bip4ex","description":"Vigilancia Tecnol\u00f3gica","publisher":{"@id":"https:\/\/helloproject.es\/vigilancia\/#organization"},"potentialAction":[{"@type":"SearchAction","target":{"@type":"EntryPoint","urlTemplate":"https:\/\/helloproject.es\/vigilancia\/?s={search_term_string}"},"query-input":{"@type":"PropertyValueSpecification","valueRequired":true,"valueName":"search_term_string"}}],"inLanguage":"es"},{"@type":"Organization","@id":"https:\/\/helloproject.es\/vigilancia\/#organization","name":"Helloproject.es","url":"https:\/\/helloproject.es\/vigilancia\/","logo":{"@type":"ImageObject","inLanguage":"es","@id":"https:\/\/helloproject.es\/vigilancia\/#\/schema\/logo\/image\/","url":"https:\/\/helloproject.es\/vigilancia\/wp-content\/uploads\/2023\/07\/bip4ex.png","contentUrl":"https:\/\/helloproject.es\/vigilancia\/wp-content\/uploads\/2023\/07\/bip4ex.png","width":322,"height":365,"caption":"Helloproject.es"},"image":{"@id":"https:\/\/helloproject.es\/vigilancia\/#\/schema\/logo\/image\/"}},{"@type":"Person","@id":"https:\/\/helloproject.es\/vigilancia\/#\/schema\/person\/3767b0619d59a11570372c821f8619ca","name":"Luis Miguel Mej\u00edas Ramos","url":"https:\/\/helloproject.es\/vigilancia\/author\/luismi\/"}]}},"_links":{"self":[{"href":"https:\/\/helloproject.es\/vigilancia\/wp-json\/wp\/v2\/posts\/203180","targetHints":{"allow":["GET"]}}],"collection":[{"href":"https:\/\/helloproject.es\/vigilancia\/wp-json\/wp\/v2\/posts"}],"about":[{"href":"https:\/\/helloproject.es\/vigilancia\/wp-json\/wp\/v2\/types\/post"}],"author":[{"embeddable":true,"href":"https:\/\/helloproject.es\/vigilancia\/wp-json\/wp\/v2\/users\/5"}],"replies":[{"embeddable":true,"href":"https:\/\/helloproject.es\/vigilancia\/wp-json\/wp\/v2\/comments?post=203180"}],"version-history":[{"count":0,"href":"https:\/\/helloproject.es\/vigilancia\/wp-json\/wp\/v2\/posts\/203180\/revisions"}],"wp:attachment":[{"href":"https:\/\/helloproject.es\/vigilancia\/wp-json\/wp\/v2\/media?parent=203180"}],"wp:term":[{"taxonomy":"category","embeddable":true,"href":"https:\/\/helloproject.es\/vigilancia\/wp-json\/wp\/v2\/categories?post=203180"},{"taxonomy":"post_tag","embeddable":true,"href":"https:\/\/helloproject.es\/vigilancia\/wp-json\/wp\/v2\/tags?post=203180"}],"curies":[{"name":"wp","href":"https:\/\/api.w.org\/{rel}","templated":true}]}}