{"id":203207,"date":"2026-04-20T12:28:22","date_gmt":"2026-04-20T11:28:22","guid":{"rendered":"https:\/\/helloproject.es\/vigilancia\/los-bosques-marinos-retroceden-en-espana-con-perdidas-de-hasta-el-80\/"},"modified":"2026-04-20T12:28:22","modified_gmt":"2026-04-20T11:28:22","slug":"los-bosques-marinos-retroceden-en-espana-con-perdidas-de-hasta-el-80","status":"publish","type":"post","link":"https:\/\/helloproject.es\/vigilancia\/los-bosques-marinos-retroceden-en-espana-con-perdidas-de-hasta-el-80\/","title":{"rendered":"Los bosques marinos retroceden en Espa\u00f1a con p\u00e9rdidas de hasta el 80 %"},"content":{"rendered":"<p>La\u00a0plataforma de ciencia ciudadana Observadores del Mar (CSIC) impulsa el proyecto <a href=\"https:\/\/www.observadoresdelmar.es\/Projects\/21\" target=\"_blank\">\u201cBosques marinos\u201d<\/a>\u00a0para conocer el estado de los ecosistemas dominados por algas en las costas noratl\u00e1nticas y mediterr\u00e1neas de Espa\u00f1a.<\/p>\n<p>Estos h\u00e1bitats,\u00a0formados por grandes algas estructurales \u2014como las laminariales en el Atl\u00e1ntico y el Cant\u00e1brico o las del g\u00e9nero\u00a0Cystoseira\u00a0en el Mediterr\u00e1neo\u2014 son aut\u00e9nticos \u201cbosques bajo el agua\u201d que, al igual que los terrestres, ofrecen refugio, alimento y estructura a una gran diversidad de especies.<\/p>\n<p>Adem\u00e1s, protegen la costa, capturan carbono, oxigenan el agua y refuerzan la resiliencia de los ecosistemas marinos.<\/p>\n<p>Su futuro, sin embargo, est\u00e1 en riesgo. Las presiones de origen humano, entre ellas el cambio clim\u00e1tico, est\u00e1n alterando su distribuci\u00f3n y conservaci\u00f3n: el aumento de la temperatura del mar desplaza las especies hacia latitudes m\u00e1s fr\u00edas o a mayor profundidad; la contaminaci\u00f3n, la destrucci\u00f3n de h\u00e1bitats, las especies invasoras o la sobrepesca tambi\u00e9n contribuyen a su deterioro e incluso a su p\u00e9rdida.<\/p>\n<p>Protegen la costa, capturan carbono, oxigenan el agua y refuerzan la resiliencia de los ecosistemas marinos.<\/p>\n<p>En las \u00faltimas d\u00e9cadas se ha documentado una\u00a0regresi\u00f3n significativa. En el Mediterr\u00e1neo, en los \u00faltimos 50 a\u00f1os se han perdido o degradado hasta el 80 % de los bosques de algas.<\/p>\n<p>En el noroeste peninsular (litoral noratl\u00e1ntico y cant\u00e1brico), han desaparecido en m\u00e1s de la mitad de las localidades estudiadas en los \u00faltimos 25 a\u00f1os. Estos datos confirman un claro retroceso de los bosques de algas en las costas espa\u00f1olas.<\/p>\n<p>Ante este escenario,\u00a0Observadores del Mar hace un llamamiento a la ciudadan\u00eda a aportar informaci\u00f3n sobre los bosques marinos de algas\u00a0que complemente la obtenida por los equipos cient\u00edficos y contribuya a la conservaci\u00f3n y recuperaci\u00f3n de estos ecosistemas.<\/p>\n<p>                        <a href=\"https:\/\/www.agenciasinc.es\/Noticias\/Las-previsiones-ecologicas-pueden-ayudar-a-proteger-la-vida-marina-con-un-ano-de-antelacion\"><br \/>\n                            <img decoding=\"async\" src=\"https:\/\/cdn.agenciasinc.es\/var\/ezwebin_site\/storage\/images\/noticias\/las-previsiones-ecologicas-pueden-ayudar-a-proteger-la-vida-marina-con-un-ano-de-antelacion\/11699269-1-esl-MX\/Las-previsiones-ecologicas-pueden-ayudar-a-proteger-la-vida-marina-con-un-ano-de-antelacion.jpg\" alt=\"Las previsiones ecol\u00f3gicas pueden ayudar a proteger la vida marina con un a\u00f1o de antelaci\u00f3n\" title=\"Las previsiones ecol\u00f3gicas pueden ayudar a proteger la vida marina con un a\u00f1o de antelaci\u00f3n\" class=\"small_fotoderecha_img\" loading=\"lazy\" \/><br \/>\n                        <\/a><\/p>\n<p>                    <a href=\"https:\/\/www.agenciasinc.es\/Noticias\/Las-previsiones-ecologicas-pueden-ayudar-a-proteger-la-vida-marina-con-un-ano-de-antelacion\" class=\"small_fotoderecha_titulo\"><\/a><\/p>\n<h3 class=\"small_fotoderecha_titulo\">Las previsiones ecol\u00f3gicas pueden ayudar a proteger la vida marina con un a\u00f1o de antelaci\u00f3n<\/h3>\n<p>                    <\/p>\n<p>                                                                                                                                                <a href=\"https:\/\/www.agenciasinc.es\/Autor\/SINC\"><br \/>\n                                        SINC<br \/>\n                                        <\/a>                                                                                                <\/p>\n<p>A trav\u00e9s de la plataforma, cualquier persona puede informar sobre su presencia, realizar observaciones puntuales o hacer seguimiento de un mismo \u201cbosque\u201d. La primavera, cuando alcanzan su m\u00e1ximo desarrollo y son m\u00e1s visibles, ofrece una oportunidad especialmente favorable para realizar estas observaciones.<\/p>\n<p>\u201cLos bosques marinos son tan importantes como los terrestres: refugios de vida, motores de productividad y aliados esenciales frente al cambio clim\u00e1tico. La implicaci\u00f3n ciudadana es crucial para avanzar en el conocimiento de su distribuci\u00f3n y las amenazas que ponen en peligro su subsistencia\u201d, explica\u00a0Lara Arroyo, investigadora del Instituto Espa\u00f1ol de Oceanograf\u00eda (IEO-CSIC)\u00a0y una de las coordinadoras cient\u00edficas del proyecto.<\/p>\n<p><img decoding=\"async\" src=\"https:\/\/www.agenciasinc.es\/bundles\/app\/images\/quotebefore.png\" \/><\/p>\n<p>Los bosques marinos son tan importantes como los terrestres<\/p>\n<p>Lara Arroyo, investigadora del Instituto Espa\u00f1ol de Oceanograf\u00eda<br \/>\n<img decoding=\"async\" src=\"https:\/\/www.agenciasinc.es\/bundles\/app\/images\/quoteafter.png\" \/><\/p>\n<p>\u201cLas observaciones que aporten buceadores y otras personas que realizan actividades en el mar ser\u00e1n validadas por el personal cient\u00edfico. Estos datos complementar\u00e1n la informaci\u00f3n que obtenemos con nuestros propios equipos y nos permitir\u00e1n disponer de datos m\u00e1s robustos para nuestros trabajos de investigaci\u00f3n, orientados a la conservaci\u00f3n.\u201d, a\u00f1ade\u00a0S\u00f2nia de Caralt, investigadora del Instituto de Ecolog\u00eda Acu\u00e1tica de la Universidad de Girona (IEA-UdG) y del Centro de Estudios Avanzados de Blanes (CEAB-CSIC)\u00a0y una de las coordinadoras cient\u00edficas de este proyecto.<\/p>\n<p>\u201cBosques Marinos\u201d est\u00e1 activo en el <a href=\"https:\/\/www.observadoresdelmar.es\/Projects\/21\" target=\"_blank\">portal web de Observadores del Mar<\/a>,\u00a0donde se pueden consultar los protocolos y empezar a colaborar.<\/p>\n<p><a><\/a><\/p>\n<h2>C\u00f3mo participar en el proyecto\u00a0<\/h2>\n<p>Este 16 de abril se ha celebrado una sesi\u00f3n informativa en l\u00ednea, dirigida especialmente a centros de buceo y a personas que practican actividades en el mar, para explicar c\u00f3mo contribuir al proyecto \u201cBosques marinos\u201d de Observadores del Mar.<\/p>\n<p>Durante la sesi\u00f3n se ha explicado qu\u00e9 se entiende por bosques marinos, qu\u00e9 especies de algas los forman, c\u00f3mo identificarlos, sus beneficios y los riesgos que enfrentan, as\u00ed como las distintas formas de participar, incluyendo tanto observaciones puntuales como seguimientos m\u00e1s sistem\u00e1ticos.<\/p>\n<p>Durante la sesi\u00f3n se ha explicado qu\u00e9 se entiende por bosques marinos, qu\u00e9 especies de algas los forman y c\u00f3mo identificarlos<\/p>\n<p>Las principales indicaciones que se han dado son: fotografiarlos indicando siempre la fecha y la localizaci\u00f3n, registrar su presencia y caracter\u00edsticas, junto con datos b\u00e1sicos del entorno, y realizar seguimientos mediante censos y transectos.<\/p>\n<p>Para ello se debe anotar de forma sistem\u00e1tica la cobertura y el estado de las algas en cada tramo (por ejemplo, cada 25 cm), indicando si hay bosque bien desarrollado, algas de menor tama\u00f1o o roca desnuda, as\u00ed como la presencia de herb\u00edvoros. Por \u00faltimo, se deben subir todas las observaciones a la plataforma Observadores del Mar, siguiendo los protocolos establecidos.<\/p>","protected":false},"excerpt":{"rendered":"<p>La\u00a0plataforma de ciencia ciudadana Observadores del Mar (CSIC) impulsa el proyecto \u201cBosques marinos\u201d\u00a0para conocer el estado de los ecosistemas dominados por algas en las costas noratl\u00e1nticas y mediterr\u00e1neas de Espa\u00f1a. Estos h\u00e1bitats,\u00a0formados por grandes algas estructurales \u2014como las laminariales en el Atl\u00e1ntico y el Cant\u00e1brico o las del g\u00e9nero\u00a0Cystoseira\u00a0en el Mediterr\u00e1neo\u2014 son aut\u00e9nticos \u201cbosques bajo [&hellip;]<\/p>\n","protected":false},"author":5,"featured_media":0,"comment_status":"","ping_status":"","sticky":false,"template":"","format":"standard","meta":{"site-sidebar-layout":"default","site-content-layout":"","ast-site-content-layout":"default","site-content-style":"default","site-sidebar-style":"default","ast-global-header-display":"","ast-banner-title-visibility":"","ast-main-header-display":"","ast-hfb-above-header-display":"","ast-hfb-below-header-display":"","ast-hfb-mobile-header-display":"","site-post-title":"","ast-breadcrumbs-content":"","ast-featured-img":"","footer-sml-layout":"","ast-disable-related-posts":"","theme-transparent-header-meta":"","adv-header-id-meta":"","stick-header-meta":"","header-above-stick-meta":"","header-main-stick-meta":"","header-below-stick-meta":"","astra-migrate-meta-layouts":"default","ast-page-background-enabled":"default","ast-page-background-meta":{"desktop":{"background-color":"var(--ast-global-color-4)","background-image":"","background-repeat":"repeat","background-position":"center center","background-size":"auto","background-attachment":"scroll","background-type":"","background-media":"","overlay-type":"","overlay-color":"","overlay-opacity":"","overlay-gradient":""},"tablet":{"background-color":"","background-image":"","background-repeat":"repeat","background-position":"center center","background-size":"auto","background-attachment":"scroll","background-type":"","background-media":"","overlay-type":"","overlay-color":"","overlay-opacity":"","overlay-gradient":""},"mobile":{"background-color":"","background-image":"","background-repeat":"repeat","background-position":"center center","background-size":"auto","background-attachment":"scroll","background-type":"","background-media":"","overlay-type":"","overlay-color":"","overlay-opacity":"","overlay-gradient":""}},"ast-content-background-meta":{"desktop":{"background-color":"var(--ast-global-color-5)","background-image":"","background-repeat":"repeat","background-position":"center center","background-size":"auto","background-attachment":"scroll","background-type":"","background-media":"","overlay-type":"","overlay-color":"","overlay-opacity":"","overlay-gradient":""},"tablet":{"background-color":"var(--ast-global-color-5)","background-image":"","background-repeat":"repeat","background-position":"center center","background-size":"auto","background-attachment":"scroll","background-type":"","background-media":"","overlay-type":"","overlay-color":"","overlay-opacity":"","overlay-gradient":""},"mobile":{"background-color":"var(--ast-global-color-5)","background-image":"","background-repeat":"repeat","background-position":"center center","background-size":"auto","background-attachment":"scroll","background-type":"","background-media":"","overlay-type":"","overlay-color":"","overlay-opacity":"","overlay-gradient":""}},"footnotes":""},"categories":[5],"tags":[],"class_list":["post-203207","post","type-post","status-publish","format-standard","hentry","category-noticias"],"yoast_head":"<!-- This site is optimized with the Yoast SEO Premium plugin v20.9 (Yoast SEO v27.4) - https:\/\/yoast.com\/product\/yoast-seo-premium-wordpress\/ -->\n<title>Los bosques marinos retroceden en Espa\u00f1a con p\u00e9rdidas de hasta el 80 % - bip4ex<\/title>\n<meta name=\"robots\" content=\"index, follow, max-snippet:-1, max-image-preview:large, max-video-preview:-1\" \/>\n<link rel=\"canonical\" href=\"https:\/\/helloproject.es\/vigilancia\/los-bosques-marinos-retroceden-en-espana-con-perdidas-de-hasta-el-80\/\" \/>\n<meta property=\"og:locale\" content=\"es_ES\" \/>\n<meta property=\"og:type\" content=\"article\" \/>\n<meta property=\"og:title\" content=\"Los bosques marinos retroceden en Espa\u00f1a con p\u00e9rdidas de hasta el 80 %\" \/>\n<meta property=\"og:description\" content=\"La\u00a0plataforma de ciencia ciudadana Observadores del Mar (CSIC) impulsa el proyecto \u201cBosques marinos\u201d\u00a0para conocer el estado de los ecosistemas dominados por algas en las costas noratl\u00e1nticas y mediterr\u00e1neas de Espa\u00f1a. Estos h\u00e1bitats,\u00a0formados por grandes algas estructurales \u2014como las laminariales en el Atl\u00e1ntico y el Cant\u00e1brico o las del g\u00e9nero\u00a0Cystoseira\u00a0en el Mediterr\u00e1neo\u2014 son aut\u00e9nticos \u201cbosques bajo [&hellip;]\" \/>\n<meta property=\"og:url\" content=\"https:\/\/helloproject.es\/vigilancia\/los-bosques-marinos-retroceden-en-espana-con-perdidas-de-hasta-el-80\/\" \/>\n<meta property=\"og:site_name\" content=\"bip4ex\" \/>\n<meta property=\"article:published_time\" content=\"2026-04-20T11:28:22+00:00\" \/>\n<meta property=\"og:image\" content=\"https:\/\/cdn.agenciasinc.es\/var\/ezwebin_site\/storage\/images\/noticias\/las-previsiones-ecologicas-pueden-ayudar-a-proteger-la-vida-marina-con-un-ano-de-antelacion\/11699269-1-esl-MX\/Las-previsiones-ecologicas-pueden-ayudar-a-proteger-la-vida-marina-con-un-ano-de-antelacion.jpg\" \/>\n<meta name=\"author\" content=\"Luis Miguel Mej\u00edas Ramos\" \/>\n<meta name=\"twitter:card\" content=\"summary_large_image\" \/>\n<meta name=\"twitter:label1\" content=\"Escrito por\" \/>\n\t<meta name=\"twitter:data1\" content=\"Luis Miguel Mej\u00edas Ramos\" \/>\n\t<meta name=\"twitter:label2\" content=\"Tiempo de lectura\" \/>\n\t<meta name=\"twitter:data2\" content=\"4 minutos\" \/>\n<script type=\"application\/ld+json\" class=\"yoast-schema-graph\">{\"@context\":\"https:\\\/\\\/schema.org\",\"@graph\":[{\"@type\":\"Article\",\"@id\":\"https:\\\/\\\/helloproject.es\\\/vigilancia\\\/los-bosques-marinos-retroceden-en-espana-con-perdidas-de-hasta-el-80\\\/#article\",\"isPartOf\":{\"@id\":\"https:\\\/\\\/helloproject.es\\\/vigilancia\\\/los-bosques-marinos-retroceden-en-espana-con-perdidas-de-hasta-el-80\\\/\"},\"author\":{\"name\":\"Luis Miguel Mej\u00edas Ramos\",\"@id\":\"https:\\\/\\\/helloproject.es\\\/vigilancia\\\/#\\\/schema\\\/person\\\/3767b0619d59a11570372c821f8619ca\"},\"headline\":\"Los bosques marinos retroceden en Espa\u00f1a con p\u00e9rdidas de hasta el 80 %\",\"datePublished\":\"2026-04-20T11:28:22+00:00\",\"mainEntityOfPage\":{\"@id\":\"https:\\\/\\\/helloproject.es\\\/vigilancia\\\/los-bosques-marinos-retroceden-en-espana-con-perdidas-de-hasta-el-80\\\/\"},\"wordCount\":813,\"publisher\":{\"@id\":\"https:\\\/\\\/helloproject.es\\\/vigilancia\\\/#organization\"},\"image\":{\"@id\":\"https:\\\/\\\/helloproject.es\\\/vigilancia\\\/los-bosques-marinos-retroceden-en-espana-con-perdidas-de-hasta-el-80\\\/#primaryimage\"},\"thumbnailUrl\":\"https:\\\/\\\/cdn.agenciasinc.es\\\/var\\\/ezwebin_site\\\/storage\\\/images\\\/noticias\\\/las-previsiones-ecologicas-pueden-ayudar-a-proteger-la-vida-marina-con-un-ano-de-antelacion\\\/11699269-1-esl-MX\\\/Las-previsiones-ecologicas-pueden-ayudar-a-proteger-la-vida-marina-con-un-ano-de-antelacion.jpg\",\"articleSection\":[\"Noticias\"],\"inLanguage\":\"es\"},{\"@type\":\"WebPage\",\"@id\":\"https:\\\/\\\/helloproject.es\\\/vigilancia\\\/los-bosques-marinos-retroceden-en-espana-con-perdidas-de-hasta-el-80\\\/\",\"url\":\"https:\\\/\\\/helloproject.es\\\/vigilancia\\\/los-bosques-marinos-retroceden-en-espana-con-perdidas-de-hasta-el-80\\\/\",\"name\":\"Los bosques marinos retroceden en Espa\u00f1a con p\u00e9rdidas de hasta el 80 % - bip4ex\",\"isPartOf\":{\"@id\":\"https:\\\/\\\/helloproject.es\\\/vigilancia\\\/#website\"},\"primaryImageOfPage\":{\"@id\":\"https:\\\/\\\/helloproject.es\\\/vigilancia\\\/los-bosques-marinos-retroceden-en-espana-con-perdidas-de-hasta-el-80\\\/#primaryimage\"},\"image\":{\"@id\":\"https:\\\/\\\/helloproject.es\\\/vigilancia\\\/los-bosques-marinos-retroceden-en-espana-con-perdidas-de-hasta-el-80\\\/#primaryimage\"},\"thumbnailUrl\":\"https:\\\/\\\/cdn.agenciasinc.es\\\/var\\\/ezwebin_site\\\/storage\\\/images\\\/noticias\\\/las-previsiones-ecologicas-pueden-ayudar-a-proteger-la-vida-marina-con-un-ano-de-antelacion\\\/11699269-1-esl-MX\\\/Las-previsiones-ecologicas-pueden-ayudar-a-proteger-la-vida-marina-con-un-ano-de-antelacion.jpg\",\"datePublished\":\"2026-04-20T11:28:22+00:00\",\"breadcrumb\":{\"@id\":\"https:\\\/\\\/helloproject.es\\\/vigilancia\\\/los-bosques-marinos-retroceden-en-espana-con-perdidas-de-hasta-el-80\\\/#breadcrumb\"},\"inLanguage\":\"es\",\"potentialAction\":[{\"@type\":\"ReadAction\",\"target\":[\"https:\\\/\\\/helloproject.es\\\/vigilancia\\\/los-bosques-marinos-retroceden-en-espana-con-perdidas-de-hasta-el-80\\\/\"]}]},{\"@type\":\"ImageObject\",\"inLanguage\":\"es\",\"@id\":\"https:\\\/\\\/helloproject.es\\\/vigilancia\\\/los-bosques-marinos-retroceden-en-espana-con-perdidas-de-hasta-el-80\\\/#primaryimage\",\"url\":\"https:\\\/\\\/cdn.agenciasinc.es\\\/var\\\/ezwebin_site\\\/storage\\\/images\\\/noticias\\\/las-previsiones-ecologicas-pueden-ayudar-a-proteger-la-vida-marina-con-un-ano-de-antelacion\\\/11699269-1-esl-MX\\\/Las-previsiones-ecologicas-pueden-ayudar-a-proteger-la-vida-marina-con-un-ano-de-antelacion.jpg\",\"contentUrl\":\"https:\\\/\\\/cdn.agenciasinc.es\\\/var\\\/ezwebin_site\\\/storage\\\/images\\\/noticias\\\/las-previsiones-ecologicas-pueden-ayudar-a-proteger-la-vida-marina-con-un-ano-de-antelacion\\\/11699269-1-esl-MX\\\/Las-previsiones-ecologicas-pueden-ayudar-a-proteger-la-vida-marina-con-un-ano-de-antelacion.jpg\"},{\"@type\":\"BreadcrumbList\",\"@id\":\"https:\\\/\\\/helloproject.es\\\/vigilancia\\\/los-bosques-marinos-retroceden-en-espana-con-perdidas-de-hasta-el-80\\\/#breadcrumb\",\"itemListElement\":[{\"@type\":\"ListItem\",\"position\":1,\"name\":\"Home\",\"item\":\"https:\\\/\\\/helloproject.es\\\/vigilancia\\\/\"},{\"@type\":\"ListItem\",\"position\":2,\"name\":\"Los bosques marinos retroceden en Espa\u00f1a con p\u00e9rdidas de hasta el 80 %\"}]},{\"@type\":\"WebSite\",\"@id\":\"https:\\\/\\\/helloproject.es\\\/vigilancia\\\/#website\",\"url\":\"https:\\\/\\\/helloproject.es\\\/vigilancia\\\/\",\"name\":\"bip4ex\",\"description\":\"Vigilancia Tecnol\u00f3gica\",\"publisher\":{\"@id\":\"https:\\\/\\\/helloproject.es\\\/vigilancia\\\/#organization\"},\"potentialAction\":[{\"@type\":\"SearchAction\",\"target\":{\"@type\":\"EntryPoint\",\"urlTemplate\":\"https:\\\/\\\/helloproject.es\\\/vigilancia\\\/?s={search_term_string}\"},\"query-input\":{\"@type\":\"PropertyValueSpecification\",\"valueRequired\":true,\"valueName\":\"search_term_string\"}}],\"inLanguage\":\"es\"},{\"@type\":\"Organization\",\"@id\":\"https:\\\/\\\/helloproject.es\\\/vigilancia\\\/#organization\",\"name\":\"Helloproject.es\",\"url\":\"https:\\\/\\\/helloproject.es\\\/vigilancia\\\/\",\"logo\":{\"@type\":\"ImageObject\",\"inLanguage\":\"es\",\"@id\":\"https:\\\/\\\/helloproject.es\\\/vigilancia\\\/#\\\/schema\\\/logo\\\/image\\\/\",\"url\":\"https:\\\/\\\/helloproject.es\\\/vigilancia\\\/wp-content\\\/uploads\\\/2023\\\/07\\\/bip4ex.png\",\"contentUrl\":\"https:\\\/\\\/helloproject.es\\\/vigilancia\\\/wp-content\\\/uploads\\\/2023\\\/07\\\/bip4ex.png\",\"width\":322,\"height\":365,\"caption\":\"Helloproject.es\"},\"image\":{\"@id\":\"https:\\\/\\\/helloproject.es\\\/vigilancia\\\/#\\\/schema\\\/logo\\\/image\\\/\"}},{\"@type\":\"Person\",\"@id\":\"https:\\\/\\\/helloproject.es\\\/vigilancia\\\/#\\\/schema\\\/person\\\/3767b0619d59a11570372c821f8619ca\",\"name\":\"Luis Miguel Mej\u00edas Ramos\",\"url\":\"https:\\\/\\\/helloproject.es\\\/vigilancia\\\/author\\\/luismi\\\/\"}]}<\/script>\n<!-- \/ Yoast SEO Premium plugin. -->","yoast_head_json":{"title":"Los bosques marinos retroceden en Espa\u00f1a con p\u00e9rdidas de hasta el 80 % - bip4ex","robots":{"index":"index","follow":"follow","max-snippet":"max-snippet:-1","max-image-preview":"max-image-preview:large","max-video-preview":"max-video-preview:-1"},"canonical":"https:\/\/helloproject.es\/vigilancia\/los-bosques-marinos-retroceden-en-espana-con-perdidas-de-hasta-el-80\/","og_locale":"es_ES","og_type":"article","og_title":"Los bosques marinos retroceden en Espa\u00f1a con p\u00e9rdidas de hasta el 80 %","og_description":"La\u00a0plataforma de ciencia ciudadana Observadores del Mar (CSIC) impulsa el proyecto \u201cBosques marinos\u201d\u00a0para conocer el estado de los ecosistemas dominados por algas en las costas noratl\u00e1nticas y mediterr\u00e1neas de Espa\u00f1a. Estos h\u00e1bitats,\u00a0formados por grandes algas estructurales \u2014como las laminariales en el Atl\u00e1ntico y el Cant\u00e1brico o las del g\u00e9nero\u00a0Cystoseira\u00a0en el Mediterr\u00e1neo\u2014 son aut\u00e9nticos \u201cbosques bajo [&hellip;]","og_url":"https:\/\/helloproject.es\/vigilancia\/los-bosques-marinos-retroceden-en-espana-con-perdidas-de-hasta-el-80\/","og_site_name":"bip4ex","article_published_time":"2026-04-20T11:28:22+00:00","og_image":[{"url":"https:\/\/cdn.agenciasinc.es\/var\/ezwebin_site\/storage\/images\/noticias\/las-previsiones-ecologicas-pueden-ayudar-a-proteger-la-vida-marina-con-un-ano-de-antelacion\/11699269-1-esl-MX\/Las-previsiones-ecologicas-pueden-ayudar-a-proteger-la-vida-marina-con-un-ano-de-antelacion.jpg","type":"","width":"","height":""}],"author":"Luis Miguel Mej\u00edas Ramos","twitter_card":"summary_large_image","twitter_misc":{"Escrito por":"Luis Miguel Mej\u00edas Ramos","Tiempo de lectura":"4 minutos"},"schema":{"@context":"https:\/\/schema.org","@graph":[{"@type":"Article","@id":"https:\/\/helloproject.es\/vigilancia\/los-bosques-marinos-retroceden-en-espana-con-perdidas-de-hasta-el-80\/#article","isPartOf":{"@id":"https:\/\/helloproject.es\/vigilancia\/los-bosques-marinos-retroceden-en-espana-con-perdidas-de-hasta-el-80\/"},"author":{"name":"Luis Miguel Mej\u00edas Ramos","@id":"https:\/\/helloproject.es\/vigilancia\/#\/schema\/person\/3767b0619d59a11570372c821f8619ca"},"headline":"Los bosques marinos retroceden en Espa\u00f1a con p\u00e9rdidas de hasta el 80 %","datePublished":"2026-04-20T11:28:22+00:00","mainEntityOfPage":{"@id":"https:\/\/helloproject.es\/vigilancia\/los-bosques-marinos-retroceden-en-espana-con-perdidas-de-hasta-el-80\/"},"wordCount":813,"publisher":{"@id":"https:\/\/helloproject.es\/vigilancia\/#organization"},"image":{"@id":"https:\/\/helloproject.es\/vigilancia\/los-bosques-marinos-retroceden-en-espana-con-perdidas-de-hasta-el-80\/#primaryimage"},"thumbnailUrl":"https:\/\/cdn.agenciasinc.es\/var\/ezwebin_site\/storage\/images\/noticias\/las-previsiones-ecologicas-pueden-ayudar-a-proteger-la-vida-marina-con-un-ano-de-antelacion\/11699269-1-esl-MX\/Las-previsiones-ecologicas-pueden-ayudar-a-proteger-la-vida-marina-con-un-ano-de-antelacion.jpg","articleSection":["Noticias"],"inLanguage":"es"},{"@type":"WebPage","@id":"https:\/\/helloproject.es\/vigilancia\/los-bosques-marinos-retroceden-en-espana-con-perdidas-de-hasta-el-80\/","url":"https:\/\/helloproject.es\/vigilancia\/los-bosques-marinos-retroceden-en-espana-con-perdidas-de-hasta-el-80\/","name":"Los bosques marinos retroceden en Espa\u00f1a con p\u00e9rdidas de hasta el 80 % - bip4ex","isPartOf":{"@id":"https:\/\/helloproject.es\/vigilancia\/#website"},"primaryImageOfPage":{"@id":"https:\/\/helloproject.es\/vigilancia\/los-bosques-marinos-retroceden-en-espana-con-perdidas-de-hasta-el-80\/#primaryimage"},"image":{"@id":"https:\/\/helloproject.es\/vigilancia\/los-bosques-marinos-retroceden-en-espana-con-perdidas-de-hasta-el-80\/#primaryimage"},"thumbnailUrl":"https:\/\/cdn.agenciasinc.es\/var\/ezwebin_site\/storage\/images\/noticias\/las-previsiones-ecologicas-pueden-ayudar-a-proteger-la-vida-marina-con-un-ano-de-antelacion\/11699269-1-esl-MX\/Las-previsiones-ecologicas-pueden-ayudar-a-proteger-la-vida-marina-con-un-ano-de-antelacion.jpg","datePublished":"2026-04-20T11:28:22+00:00","breadcrumb":{"@id":"https:\/\/helloproject.es\/vigilancia\/los-bosques-marinos-retroceden-en-espana-con-perdidas-de-hasta-el-80\/#breadcrumb"},"inLanguage":"es","potentialAction":[{"@type":"ReadAction","target":["https:\/\/helloproject.es\/vigilancia\/los-bosques-marinos-retroceden-en-espana-con-perdidas-de-hasta-el-80\/"]}]},{"@type":"ImageObject","inLanguage":"es","@id":"https:\/\/helloproject.es\/vigilancia\/los-bosques-marinos-retroceden-en-espana-con-perdidas-de-hasta-el-80\/#primaryimage","url":"https:\/\/cdn.agenciasinc.es\/var\/ezwebin_site\/storage\/images\/noticias\/las-previsiones-ecologicas-pueden-ayudar-a-proteger-la-vida-marina-con-un-ano-de-antelacion\/11699269-1-esl-MX\/Las-previsiones-ecologicas-pueden-ayudar-a-proteger-la-vida-marina-con-un-ano-de-antelacion.jpg","contentUrl":"https:\/\/cdn.agenciasinc.es\/var\/ezwebin_site\/storage\/images\/noticias\/las-previsiones-ecologicas-pueden-ayudar-a-proteger-la-vida-marina-con-un-ano-de-antelacion\/11699269-1-esl-MX\/Las-previsiones-ecologicas-pueden-ayudar-a-proteger-la-vida-marina-con-un-ano-de-antelacion.jpg"},{"@type":"BreadcrumbList","@id":"https:\/\/helloproject.es\/vigilancia\/los-bosques-marinos-retroceden-en-espana-con-perdidas-de-hasta-el-80\/#breadcrumb","itemListElement":[{"@type":"ListItem","position":1,"name":"Home","item":"https:\/\/helloproject.es\/vigilancia\/"},{"@type":"ListItem","position":2,"name":"Los bosques marinos retroceden en Espa\u00f1a con p\u00e9rdidas de hasta el 80 %"}]},{"@type":"WebSite","@id":"https:\/\/helloproject.es\/vigilancia\/#website","url":"https:\/\/helloproject.es\/vigilancia\/","name":"bip4ex","description":"Vigilancia Tecnol\u00f3gica","publisher":{"@id":"https:\/\/helloproject.es\/vigilancia\/#organization"},"potentialAction":[{"@type":"SearchAction","target":{"@type":"EntryPoint","urlTemplate":"https:\/\/helloproject.es\/vigilancia\/?s={search_term_string}"},"query-input":{"@type":"PropertyValueSpecification","valueRequired":true,"valueName":"search_term_string"}}],"inLanguage":"es"},{"@type":"Organization","@id":"https:\/\/helloproject.es\/vigilancia\/#organization","name":"Helloproject.es","url":"https:\/\/helloproject.es\/vigilancia\/","logo":{"@type":"ImageObject","inLanguage":"es","@id":"https:\/\/helloproject.es\/vigilancia\/#\/schema\/logo\/image\/","url":"https:\/\/helloproject.es\/vigilancia\/wp-content\/uploads\/2023\/07\/bip4ex.png","contentUrl":"https:\/\/helloproject.es\/vigilancia\/wp-content\/uploads\/2023\/07\/bip4ex.png","width":322,"height":365,"caption":"Helloproject.es"},"image":{"@id":"https:\/\/helloproject.es\/vigilancia\/#\/schema\/logo\/image\/"}},{"@type":"Person","@id":"https:\/\/helloproject.es\/vigilancia\/#\/schema\/person\/3767b0619d59a11570372c821f8619ca","name":"Luis Miguel Mej\u00edas Ramos","url":"https:\/\/helloproject.es\/vigilancia\/author\/luismi\/"}]}},"_links":{"self":[{"href":"https:\/\/helloproject.es\/vigilancia\/wp-json\/wp\/v2\/posts\/203207","targetHints":{"allow":["GET"]}}],"collection":[{"href":"https:\/\/helloproject.es\/vigilancia\/wp-json\/wp\/v2\/posts"}],"about":[{"href":"https:\/\/helloproject.es\/vigilancia\/wp-json\/wp\/v2\/types\/post"}],"author":[{"embeddable":true,"href":"https:\/\/helloproject.es\/vigilancia\/wp-json\/wp\/v2\/users\/5"}],"replies":[{"embeddable":true,"href":"https:\/\/helloproject.es\/vigilancia\/wp-json\/wp\/v2\/comments?post=203207"}],"version-history":[{"count":0,"href":"https:\/\/helloproject.es\/vigilancia\/wp-json\/wp\/v2\/posts\/203207\/revisions"}],"wp:attachment":[{"href":"https:\/\/helloproject.es\/vigilancia\/wp-json\/wp\/v2\/media?parent=203207"}],"wp:term":[{"taxonomy":"category","embeddable":true,"href":"https:\/\/helloproject.es\/vigilancia\/wp-json\/wp\/v2\/categories?post=203207"},{"taxonomy":"post_tag","embeddable":true,"href":"https:\/\/helloproject.es\/vigilancia\/wp-json\/wp\/v2\/tags?post=203207"}],"curies":[{"name":"wp","href":"https:\/\/api.w.org\/{rel}","templated":true}]}}