{"id":203211,"date":"2026-04-20T14:17:20","date_gmt":"2026-04-20T13:17:20","guid":{"rendered":"https:\/\/helloproject.es\/vigilancia\/el-ministerio-de-sanidad-amplia-la-prueba-del-talon-a-21-patologias-y-eleva-hasta-los-74-anos-el-cribado-de-cancer-colorrectal\/"},"modified":"2026-04-20T14:17:20","modified_gmt":"2026-04-20T13:17:20","slug":"el-ministerio-de-sanidad-amplia-la-prueba-del-talon-a-21-patologias-y-eleva-hasta-los-74-anos-el-cribado-de-cancer-colorrectal","status":"publish","type":"post","link":"https:\/\/helloproject.es\/vigilancia\/el-ministerio-de-sanidad-amplia-la-prueba-del-talon-a-21-patologias-y-eleva-hasta-los-74-anos-el-cribado-de-cancer-colorrectal\/","title":{"rendered":"El Ministerio de Sanidad ampl\u00eda la prueba del tal\u00f3n a 21 patolog\u00edas y eleva hasta los 74 a\u00f1os el cribado de c\u00e1ncer colorrectal"},"content":{"rendered":"<ul>\n<li><strong>El BOE publica la orden que refuerza los programas de<br \/>\ncribado prenatal y neonatal del Sistema Nacional de Salud, con<br \/>\nnuevas enfermedades en la prueba del tal\u00f3n.<\/strong><\/li>\n<li><strong>La orden ampl\u00eda hasta los 74 a\u00f1os la<br \/>\npoblaci\u00f3n diana del cribado de c\u00e1ncer colorrectal e<br \/>\nincorpora la detecci\u00f3n precoz de la preeclampsia durante el<br \/>\nembarazo mediante un test combinado.<\/strong><\/li>\n<li><strong>Se suprime el l\u00edmite de 36 a\u00f1os en<br \/>\npacientes con fallo ov\u00e1rico prematuro, equiparando su acceso<br \/>\na la reproducci\u00f3n asistida al del resto de supuestos hasta<br \/>\nlos 40 a\u00f1os.<\/strong><\/li>\n<li><strong>Los pacientes dispondr\u00e1n por primera vez de dos<br \/>\nvocal\u00edas en el Comit\u00e9 Asesor en el \u00c1rea de<br \/>\nGen\u00e9tica para asegurar su participaci\u00f3n efectiva en<br \/>\nla actualizaci\u00f3n de las prestaciones.<\/strong><\/li>\n<li><strong>Se articula<\/strong> <strong>un sistema coordinado de<br \/>\nrespuesta r\u00e1pida con cobertura las 24 horas del d\u00eda,<br \/>\nlos 365 d\u00edas del a\u00f1o, para actuar de forma inmediata<br \/>\nante cualquier alerta o emergencia sanitaria.<\/strong><\/li>\n<\/ul>","protected":false},"excerpt":{"rendered":"<p>El BOE publica la orden que refuerza los programas de cribado prenatal y neonatal del Sistema Nacional de Salud, con nuevas enfermedades en la prueba del tal\u00f3n. La orden ampl\u00eda hasta los 74 a\u00f1os la poblaci\u00f3n diana del cribado de c\u00e1ncer colorrectal e incorpora la detecci\u00f3n precoz de la preeclampsia durante el embarazo mediante un [&hellip;]<\/p>\n","protected":false},"author":5,"featured_media":0,"comment_status":"","ping_status":"","sticky":false,"template":"","format":"standard","meta":{"site-sidebar-layout":"default","site-content-layout":"","ast-site-content-layout":"default","site-content-style":"default","site-sidebar-style":"default","ast-global-header-display":"","ast-banner-title-visibility":"","ast-main-header-display":"","ast-hfb-above-header-display":"","ast-hfb-below-header-display":"","ast-hfb-mobile-header-display":"","site-post-title":"","ast-breadcrumbs-content":"","ast-featured-img":"","footer-sml-layout":"","ast-disable-related-posts":"","theme-transparent-header-meta":"","adv-header-id-meta":"","stick-header-meta":"","header-above-stick-meta":"","header-main-stick-meta":"","header-below-stick-meta":"","astra-migrate-meta-layouts":"default","ast-page-background-enabled":"default","ast-page-background-meta":{"desktop":{"background-color":"var(--ast-global-color-4)","background-image":"","background-repeat":"repeat","background-position":"center center","background-size":"auto","background-attachment":"scroll","background-type":"","background-media":"","overlay-type":"","overlay-color":"","overlay-opacity":"","overlay-gradient":""},"tablet":{"background-color":"","background-image":"","background-repeat":"repeat","background-position":"center center","background-size":"auto","background-attachment":"scroll","background-type":"","background-media":"","overlay-type":"","overlay-color":"","overlay-opacity":"","overlay-gradient":""},"mobile":{"background-color":"","background-image":"","background-repeat":"repeat","background-position":"center center","background-size":"auto","background-attachment":"scroll","background-type":"","background-media":"","overlay-type":"","overlay-color":"","overlay-opacity":"","overlay-gradient":""}},"ast-content-background-meta":{"desktop":{"background-color":"var(--ast-global-color-5)","background-image":"","background-repeat":"repeat","background-position":"center center","background-size":"auto","background-attachment":"scroll","background-type":"","background-media":"","overlay-type":"","overlay-color":"","overlay-opacity":"","overlay-gradient":""},"tablet":{"background-color":"var(--ast-global-color-5)","background-image":"","background-repeat":"repeat","background-position":"center center","background-size":"auto","background-attachment":"scroll","background-type":"","background-media":"","overlay-type":"","overlay-color":"","overlay-opacity":"","overlay-gradient":""},"mobile":{"background-color":"var(--ast-global-color-5)","background-image":"","background-repeat":"repeat","background-position":"center center","background-size":"auto","background-attachment":"scroll","background-type":"","background-media":"","overlay-type":"","overlay-color":"","overlay-opacity":"","overlay-gradient":""}},"footnotes":""},"categories":[5],"tags":[],"class_list":["post-203211","post","type-post","status-publish","format-standard","hentry","category-noticias"],"yoast_head":"<!-- This site is optimized with the Yoast SEO Premium plugin v20.9 (Yoast SEO v27.4) - https:\/\/yoast.com\/product\/yoast-seo-premium-wordpress\/ -->\n<title>El Ministerio de Sanidad ampl\u00eda la prueba del tal\u00f3n a 21 patolog\u00edas y eleva hasta los 74 a\u00f1os el cribado de c\u00e1ncer colorrectal - bip4ex<\/title>\n<meta name=\"robots\" content=\"index, follow, max-snippet:-1, max-image-preview:large, max-video-preview:-1\" \/>\n<link rel=\"canonical\" href=\"https:\/\/helloproject.es\/vigilancia\/el-ministerio-de-sanidad-amplia-la-prueba-del-talon-a-21-patologias-y-eleva-hasta-los-74-anos-el-cribado-de-cancer-colorrectal\/\" \/>\n<meta property=\"og:locale\" content=\"es_ES\" \/>\n<meta property=\"og:type\" content=\"article\" \/>\n<meta property=\"og:title\" content=\"El Ministerio de Sanidad ampl\u00eda la prueba del tal\u00f3n a 21 patolog\u00edas y eleva hasta los 74 a\u00f1os el cribado de c\u00e1ncer colorrectal\" \/>\n<meta property=\"og:description\" content=\"El BOE publica la orden que refuerza los programas de cribado prenatal y neonatal del Sistema Nacional de Salud, con nuevas enfermedades en la prueba del tal\u00f3n. La orden ampl\u00eda hasta los 74 a\u00f1os la poblaci\u00f3n diana del cribado de c\u00e1ncer colorrectal e incorpora la detecci\u00f3n precoz de la preeclampsia durante el embarazo mediante un [&hellip;]\" \/>\n<meta property=\"og:url\" content=\"https:\/\/helloproject.es\/vigilancia\/el-ministerio-de-sanidad-amplia-la-prueba-del-talon-a-21-patologias-y-eleva-hasta-los-74-anos-el-cribado-de-cancer-colorrectal\/\" \/>\n<meta property=\"og:site_name\" content=\"bip4ex\" \/>\n<meta property=\"article:published_time\" content=\"2026-04-20T13:17:20+00:00\" \/>\n<meta name=\"author\" content=\"Luis Miguel Mej\u00edas Ramos\" \/>\n<meta name=\"twitter:card\" content=\"summary_large_image\" \/>\n<meta name=\"twitter:label1\" content=\"Escrito por\" \/>\n\t<meta name=\"twitter:data1\" content=\"Luis Miguel Mej\u00edas Ramos\" \/>\n\t<meta name=\"twitter:label2\" content=\"Tiempo de lectura\" \/>\n\t<meta name=\"twitter:data2\" content=\"1 minuto\" \/>\n<script type=\"application\/ld+json\" class=\"yoast-schema-graph\">{\"@context\":\"https:\\\/\\\/schema.org\",\"@graph\":[{\"@type\":\"Article\",\"@id\":\"https:\\\/\\\/helloproject.es\\\/vigilancia\\\/el-ministerio-de-sanidad-amplia-la-prueba-del-talon-a-21-patologias-y-eleva-hasta-los-74-anos-el-cribado-de-cancer-colorrectal\\\/#article\",\"isPartOf\":{\"@id\":\"https:\\\/\\\/helloproject.es\\\/vigilancia\\\/el-ministerio-de-sanidad-amplia-la-prueba-del-talon-a-21-patologias-y-eleva-hasta-los-74-anos-el-cribado-de-cancer-colorrectal\\\/\"},\"author\":{\"name\":\"Luis Miguel Mej\u00edas Ramos\",\"@id\":\"https:\\\/\\\/helloproject.es\\\/vigilancia\\\/#\\\/schema\\\/person\\\/3767b0619d59a11570372c821f8619ca\"},\"headline\":\"El Ministerio de Sanidad ampl\u00eda la prueba del tal\u00f3n a 21 patolog\u00edas y eleva hasta los 74 a\u00f1os el cribado de c\u00e1ncer colorrectal\",\"datePublished\":\"2026-04-20T13:17:20+00:00\",\"mainEntityOfPage\":{\"@id\":\"https:\\\/\\\/helloproject.es\\\/vigilancia\\\/el-ministerio-de-sanidad-amplia-la-prueba-del-talon-a-21-patologias-y-eleva-hasta-los-74-anos-el-cribado-de-cancer-colorrectal\\\/\"},\"wordCount\":187,\"publisher\":{\"@id\":\"https:\\\/\\\/helloproject.es\\\/vigilancia\\\/#organization\"},\"articleSection\":[\"Noticias\"],\"inLanguage\":\"es\"},{\"@type\":\"WebPage\",\"@id\":\"https:\\\/\\\/helloproject.es\\\/vigilancia\\\/el-ministerio-de-sanidad-amplia-la-prueba-del-talon-a-21-patologias-y-eleva-hasta-los-74-anos-el-cribado-de-cancer-colorrectal\\\/\",\"url\":\"https:\\\/\\\/helloproject.es\\\/vigilancia\\\/el-ministerio-de-sanidad-amplia-la-prueba-del-talon-a-21-patologias-y-eleva-hasta-los-74-anos-el-cribado-de-cancer-colorrectal\\\/\",\"name\":\"El Ministerio de Sanidad ampl\u00eda la prueba del tal\u00f3n a 21 patolog\u00edas y eleva hasta los 74 a\u00f1os el cribado de c\u00e1ncer colorrectal - bip4ex\",\"isPartOf\":{\"@id\":\"https:\\\/\\\/helloproject.es\\\/vigilancia\\\/#website\"},\"datePublished\":\"2026-04-20T13:17:20+00:00\",\"breadcrumb\":{\"@id\":\"https:\\\/\\\/helloproject.es\\\/vigilancia\\\/el-ministerio-de-sanidad-amplia-la-prueba-del-talon-a-21-patologias-y-eleva-hasta-los-74-anos-el-cribado-de-cancer-colorrectal\\\/#breadcrumb\"},\"inLanguage\":\"es\",\"potentialAction\":[{\"@type\":\"ReadAction\",\"target\":[\"https:\\\/\\\/helloproject.es\\\/vigilancia\\\/el-ministerio-de-sanidad-amplia-la-prueba-del-talon-a-21-patologias-y-eleva-hasta-los-74-anos-el-cribado-de-cancer-colorrectal\\\/\"]}]},{\"@type\":\"BreadcrumbList\",\"@id\":\"https:\\\/\\\/helloproject.es\\\/vigilancia\\\/el-ministerio-de-sanidad-amplia-la-prueba-del-talon-a-21-patologias-y-eleva-hasta-los-74-anos-el-cribado-de-cancer-colorrectal\\\/#breadcrumb\",\"itemListElement\":[{\"@type\":\"ListItem\",\"position\":1,\"name\":\"Home\",\"item\":\"https:\\\/\\\/helloproject.es\\\/vigilancia\\\/\"},{\"@type\":\"ListItem\",\"position\":2,\"name\":\"El Ministerio de Sanidad ampl\u00eda la prueba del tal\u00f3n a 21 patolog\u00edas y eleva hasta los 74 a\u00f1os el cribado de c\u00e1ncer colorrectal\"}]},{\"@type\":\"WebSite\",\"@id\":\"https:\\\/\\\/helloproject.es\\\/vigilancia\\\/#website\",\"url\":\"https:\\\/\\\/helloproject.es\\\/vigilancia\\\/\",\"name\":\"bip4ex\",\"description\":\"Vigilancia Tecnol\u00f3gica\",\"publisher\":{\"@id\":\"https:\\\/\\\/helloproject.es\\\/vigilancia\\\/#organization\"},\"potentialAction\":[{\"@type\":\"SearchAction\",\"target\":{\"@type\":\"EntryPoint\",\"urlTemplate\":\"https:\\\/\\\/helloproject.es\\\/vigilancia\\\/?s={search_term_string}\"},\"query-input\":{\"@type\":\"PropertyValueSpecification\",\"valueRequired\":true,\"valueName\":\"search_term_string\"}}],\"inLanguage\":\"es\"},{\"@type\":\"Organization\",\"@id\":\"https:\\\/\\\/helloproject.es\\\/vigilancia\\\/#organization\",\"name\":\"Helloproject.es\",\"url\":\"https:\\\/\\\/helloproject.es\\\/vigilancia\\\/\",\"logo\":{\"@type\":\"ImageObject\",\"inLanguage\":\"es\",\"@id\":\"https:\\\/\\\/helloproject.es\\\/vigilancia\\\/#\\\/schema\\\/logo\\\/image\\\/\",\"url\":\"https:\\\/\\\/helloproject.es\\\/vigilancia\\\/wp-content\\\/uploads\\\/2023\\\/07\\\/bip4ex.png\",\"contentUrl\":\"https:\\\/\\\/helloproject.es\\\/vigilancia\\\/wp-content\\\/uploads\\\/2023\\\/07\\\/bip4ex.png\",\"width\":322,\"height\":365,\"caption\":\"Helloproject.es\"},\"image\":{\"@id\":\"https:\\\/\\\/helloproject.es\\\/vigilancia\\\/#\\\/schema\\\/logo\\\/image\\\/\"}},{\"@type\":\"Person\",\"@id\":\"https:\\\/\\\/helloproject.es\\\/vigilancia\\\/#\\\/schema\\\/person\\\/3767b0619d59a11570372c821f8619ca\",\"name\":\"Luis Miguel Mej\u00edas Ramos\",\"url\":\"https:\\\/\\\/helloproject.es\\\/vigilancia\\\/author\\\/luismi\\\/\"}]}<\/script>\n<!-- \/ Yoast SEO Premium plugin. -->","yoast_head_json":{"title":"El Ministerio de Sanidad ampl\u00eda la prueba del tal\u00f3n a 21 patolog\u00edas y eleva hasta los 74 a\u00f1os el cribado de c\u00e1ncer colorrectal - bip4ex","robots":{"index":"index","follow":"follow","max-snippet":"max-snippet:-1","max-image-preview":"max-image-preview:large","max-video-preview":"max-video-preview:-1"},"canonical":"https:\/\/helloproject.es\/vigilancia\/el-ministerio-de-sanidad-amplia-la-prueba-del-talon-a-21-patologias-y-eleva-hasta-los-74-anos-el-cribado-de-cancer-colorrectal\/","og_locale":"es_ES","og_type":"article","og_title":"El Ministerio de Sanidad ampl\u00eda la prueba del tal\u00f3n a 21 patolog\u00edas y eleva hasta los 74 a\u00f1os el cribado de c\u00e1ncer colorrectal","og_description":"El BOE publica la orden que refuerza los programas de cribado prenatal y neonatal del Sistema Nacional de Salud, con nuevas enfermedades en la prueba del tal\u00f3n. La orden ampl\u00eda hasta los 74 a\u00f1os la poblaci\u00f3n diana del cribado de c\u00e1ncer colorrectal e incorpora la detecci\u00f3n precoz de la preeclampsia durante el embarazo mediante un [&hellip;]","og_url":"https:\/\/helloproject.es\/vigilancia\/el-ministerio-de-sanidad-amplia-la-prueba-del-talon-a-21-patologias-y-eleva-hasta-los-74-anos-el-cribado-de-cancer-colorrectal\/","og_site_name":"bip4ex","article_published_time":"2026-04-20T13:17:20+00:00","author":"Luis Miguel Mej\u00edas Ramos","twitter_card":"summary_large_image","twitter_misc":{"Escrito por":"Luis Miguel Mej\u00edas Ramos","Tiempo de lectura":"1 minuto"},"schema":{"@context":"https:\/\/schema.org","@graph":[{"@type":"Article","@id":"https:\/\/helloproject.es\/vigilancia\/el-ministerio-de-sanidad-amplia-la-prueba-del-talon-a-21-patologias-y-eleva-hasta-los-74-anos-el-cribado-de-cancer-colorrectal\/#article","isPartOf":{"@id":"https:\/\/helloproject.es\/vigilancia\/el-ministerio-de-sanidad-amplia-la-prueba-del-talon-a-21-patologias-y-eleva-hasta-los-74-anos-el-cribado-de-cancer-colorrectal\/"},"author":{"name":"Luis Miguel Mej\u00edas Ramos","@id":"https:\/\/helloproject.es\/vigilancia\/#\/schema\/person\/3767b0619d59a11570372c821f8619ca"},"headline":"El Ministerio de Sanidad ampl\u00eda la prueba del tal\u00f3n a 21 patolog\u00edas y eleva hasta los 74 a\u00f1os el cribado de c\u00e1ncer colorrectal","datePublished":"2026-04-20T13:17:20+00:00","mainEntityOfPage":{"@id":"https:\/\/helloproject.es\/vigilancia\/el-ministerio-de-sanidad-amplia-la-prueba-del-talon-a-21-patologias-y-eleva-hasta-los-74-anos-el-cribado-de-cancer-colorrectal\/"},"wordCount":187,"publisher":{"@id":"https:\/\/helloproject.es\/vigilancia\/#organization"},"articleSection":["Noticias"],"inLanguage":"es"},{"@type":"WebPage","@id":"https:\/\/helloproject.es\/vigilancia\/el-ministerio-de-sanidad-amplia-la-prueba-del-talon-a-21-patologias-y-eleva-hasta-los-74-anos-el-cribado-de-cancer-colorrectal\/","url":"https:\/\/helloproject.es\/vigilancia\/el-ministerio-de-sanidad-amplia-la-prueba-del-talon-a-21-patologias-y-eleva-hasta-los-74-anos-el-cribado-de-cancer-colorrectal\/","name":"El Ministerio de Sanidad ampl\u00eda la prueba del tal\u00f3n a 21 patolog\u00edas y eleva hasta los 74 a\u00f1os el cribado de c\u00e1ncer colorrectal - bip4ex","isPartOf":{"@id":"https:\/\/helloproject.es\/vigilancia\/#website"},"datePublished":"2026-04-20T13:17:20+00:00","breadcrumb":{"@id":"https:\/\/helloproject.es\/vigilancia\/el-ministerio-de-sanidad-amplia-la-prueba-del-talon-a-21-patologias-y-eleva-hasta-los-74-anos-el-cribado-de-cancer-colorrectal\/#breadcrumb"},"inLanguage":"es","potentialAction":[{"@type":"ReadAction","target":["https:\/\/helloproject.es\/vigilancia\/el-ministerio-de-sanidad-amplia-la-prueba-del-talon-a-21-patologias-y-eleva-hasta-los-74-anos-el-cribado-de-cancer-colorrectal\/"]}]},{"@type":"BreadcrumbList","@id":"https:\/\/helloproject.es\/vigilancia\/el-ministerio-de-sanidad-amplia-la-prueba-del-talon-a-21-patologias-y-eleva-hasta-los-74-anos-el-cribado-de-cancer-colorrectal\/#breadcrumb","itemListElement":[{"@type":"ListItem","position":1,"name":"Home","item":"https:\/\/helloproject.es\/vigilancia\/"},{"@type":"ListItem","position":2,"name":"El Ministerio de Sanidad ampl\u00eda la prueba del tal\u00f3n a 21 patolog\u00edas y eleva hasta los 74 a\u00f1os el cribado de c\u00e1ncer colorrectal"}]},{"@type":"WebSite","@id":"https:\/\/helloproject.es\/vigilancia\/#website","url":"https:\/\/helloproject.es\/vigilancia\/","name":"bip4ex","description":"Vigilancia Tecnol\u00f3gica","publisher":{"@id":"https:\/\/helloproject.es\/vigilancia\/#organization"},"potentialAction":[{"@type":"SearchAction","target":{"@type":"EntryPoint","urlTemplate":"https:\/\/helloproject.es\/vigilancia\/?s={search_term_string}"},"query-input":{"@type":"PropertyValueSpecification","valueRequired":true,"valueName":"search_term_string"}}],"inLanguage":"es"},{"@type":"Organization","@id":"https:\/\/helloproject.es\/vigilancia\/#organization","name":"Helloproject.es","url":"https:\/\/helloproject.es\/vigilancia\/","logo":{"@type":"ImageObject","inLanguage":"es","@id":"https:\/\/helloproject.es\/vigilancia\/#\/schema\/logo\/image\/","url":"https:\/\/helloproject.es\/vigilancia\/wp-content\/uploads\/2023\/07\/bip4ex.png","contentUrl":"https:\/\/helloproject.es\/vigilancia\/wp-content\/uploads\/2023\/07\/bip4ex.png","width":322,"height":365,"caption":"Helloproject.es"},"image":{"@id":"https:\/\/helloproject.es\/vigilancia\/#\/schema\/logo\/image\/"}},{"@type":"Person","@id":"https:\/\/helloproject.es\/vigilancia\/#\/schema\/person\/3767b0619d59a11570372c821f8619ca","name":"Luis Miguel Mej\u00edas Ramos","url":"https:\/\/helloproject.es\/vigilancia\/author\/luismi\/"}]}},"_links":{"self":[{"href":"https:\/\/helloproject.es\/vigilancia\/wp-json\/wp\/v2\/posts\/203211","targetHints":{"allow":["GET"]}}],"collection":[{"href":"https:\/\/helloproject.es\/vigilancia\/wp-json\/wp\/v2\/posts"}],"about":[{"href":"https:\/\/helloproject.es\/vigilancia\/wp-json\/wp\/v2\/types\/post"}],"author":[{"embeddable":true,"href":"https:\/\/helloproject.es\/vigilancia\/wp-json\/wp\/v2\/users\/5"}],"replies":[{"embeddable":true,"href":"https:\/\/helloproject.es\/vigilancia\/wp-json\/wp\/v2\/comments?post=203211"}],"version-history":[{"count":0,"href":"https:\/\/helloproject.es\/vigilancia\/wp-json\/wp\/v2\/posts\/203211\/revisions"}],"wp:attachment":[{"href":"https:\/\/helloproject.es\/vigilancia\/wp-json\/wp\/v2\/media?parent=203211"}],"wp:term":[{"taxonomy":"category","embeddable":true,"href":"https:\/\/helloproject.es\/vigilancia\/wp-json\/wp\/v2\/categories?post=203211"},{"taxonomy":"post_tag","embeddable":true,"href":"https:\/\/helloproject.es\/vigilancia\/wp-json\/wp\/v2\/tags?post=203211"}],"curies":[{"name":"wp","href":"https:\/\/api.w.org\/{rel}","templated":true}]}}