{"id":203212,"date":"2026-04-20T14:17:21","date_gmt":"2026-04-20T13:17:21","guid":{"rendered":"https:\/\/helloproject.es\/vigilancia\/monica-garcia-reivindica-la-sanidad-publica-como-una-de-las-grandes-conquistas-democraticas-de-espana\/"},"modified":"2026-04-20T14:17:21","modified_gmt":"2026-04-20T13:17:21","slug":"monica-garcia-reivindica-la-sanidad-publica-como-una-de-las-grandes-conquistas-democraticas-de-espana","status":"publish","type":"post","link":"https:\/\/helloproject.es\/vigilancia\/monica-garcia-reivindica-la-sanidad-publica-como-una-de-las-grandes-conquistas-democraticas-de-espana\/","title":{"rendered":"M\u00f3nica Garc\u00eda reivindica la sanidad p\u00fablica como \u00abuna de las grandes conquistas democr\u00e1ticas\u00bb de Espa\u00f1a"},"content":{"rendered":"<ul>\n<li><strong>La ministra de Sanidad ha subrayado, en el acto por el<br \/>\n40\u00ba aniversario de la Ley General de Sanidad, que el sistema<br \/>\nes \u201cuna pieza esencial de nuestra<br \/>\nconvivencia\u201d.<\/strong><\/li>\n<li><strong>Durante el acto, Garc\u00eda ha anunciado la entrada<br \/>\nen vigor de la ampliaci\u00f3n de la<\/strong> <strong>prueba del<br \/>\ntal\u00f3n a 21 patolog\u00edas, reforzando la apuesta por una<br \/>\nprevenci\u00f3n que \u00abllegue antes y proteja mejor\u00bb.<\/strong><\/li>\n<li><strong>La titular de Sanidad ha rendido homenaje a<\/strong><br \/>\n<strong>Ernest Lluch, definiendo la sanidad p\u00fablica como la<br \/>\n\u00abpieza central de una sociedad decente\u00bb que debe ser protegida<br \/>\nfrente a intereses lucrativos<\/strong><\/li>\n<\/ul>","protected":false},"excerpt":{"rendered":"<p>La ministra de Sanidad ha subrayado, en el acto por el 40\u00ba aniversario de la Ley General de Sanidad, que el sistema es \u201cuna pieza esencial de nuestra convivencia\u201d. Durante el acto, Garc\u00eda ha anunciado la entrada en vigor de la ampliaci\u00f3n de la prueba del tal\u00f3n a 21 patolog\u00edas, reforzando la apuesta por una [&hellip;]<\/p>\n","protected":false},"author":5,"featured_media":0,"comment_status":"","ping_status":"","sticky":false,"template":"","format":"standard","meta":{"site-sidebar-layout":"default","site-content-layout":"","ast-site-content-layout":"default","site-content-style":"default","site-sidebar-style":"default","ast-global-header-display":"","ast-banner-title-visibility":"","ast-main-header-display":"","ast-hfb-above-header-display":"","ast-hfb-below-header-display":"","ast-hfb-mobile-header-display":"","site-post-title":"","ast-breadcrumbs-content":"","ast-featured-img":"","footer-sml-layout":"","ast-disable-related-posts":"","theme-transparent-header-meta":"","adv-header-id-meta":"","stick-header-meta":"","header-above-stick-meta":"","header-main-stick-meta":"","header-below-stick-meta":"","astra-migrate-meta-layouts":"default","ast-page-background-enabled":"default","ast-page-background-meta":{"desktop":{"background-color":"var(--ast-global-color-4)","background-image":"","background-repeat":"repeat","background-position":"center center","background-size":"auto","background-attachment":"scroll","background-type":"","background-media":"","overlay-type":"","overlay-color":"","overlay-opacity":"","overlay-gradient":""},"tablet":{"background-color":"","background-image":"","background-repeat":"repeat","background-position":"center center","background-size":"auto","background-attachment":"scroll","background-type":"","background-media":"","overlay-type":"","overlay-color":"","overlay-opacity":"","overlay-gradient":""},"mobile":{"background-color":"","background-image":"","background-repeat":"repeat","background-position":"center center","background-size":"auto","background-attachment":"scroll","background-type":"","background-media":"","overlay-type":"","overlay-color":"","overlay-opacity":"","overlay-gradient":""}},"ast-content-background-meta":{"desktop":{"background-color":"var(--ast-global-color-5)","background-image":"","background-repeat":"repeat","background-position":"center center","background-size":"auto","background-attachment":"scroll","background-type":"","background-media":"","overlay-type":"","overlay-color":"","overlay-opacity":"","overlay-gradient":""},"tablet":{"background-color":"var(--ast-global-color-5)","background-image":"","background-repeat":"repeat","background-position":"center center","background-size":"auto","background-attachment":"scroll","background-type":"","background-media":"","overlay-type":"","overlay-color":"","overlay-opacity":"","overlay-gradient":""},"mobile":{"background-color":"var(--ast-global-color-5)","background-image":"","background-repeat":"repeat","background-position":"center center","background-size":"auto","background-attachment":"scroll","background-type":"","background-media":"","overlay-type":"","overlay-color":"","overlay-opacity":"","overlay-gradient":""}},"footnotes":""},"categories":[5],"tags":[],"class_list":["post-203212","post","type-post","status-publish","format-standard","hentry","category-noticias"],"yoast_head":"<!-- This site is optimized with the Yoast SEO Premium plugin v20.9 (Yoast SEO v27.4) - https:\/\/yoast.com\/product\/yoast-seo-premium-wordpress\/ -->\n<title>M\u00f3nica Garc\u00eda reivindica la sanidad p\u00fablica como &quot;una de las grandes conquistas democr\u00e1ticas&quot; de Espa\u00f1a - bip4ex<\/title>\n<meta name=\"robots\" content=\"index, follow, max-snippet:-1, max-image-preview:large, max-video-preview:-1\" \/>\n<link rel=\"canonical\" href=\"https:\/\/helloproject.es\/vigilancia\/monica-garcia-reivindica-la-sanidad-publica-como-una-de-las-grandes-conquistas-democraticas-de-espana\/\" \/>\n<meta property=\"og:locale\" content=\"es_ES\" \/>\n<meta property=\"og:type\" content=\"article\" \/>\n<meta property=\"og:title\" content=\"M\u00f3nica Garc\u00eda reivindica la sanidad p\u00fablica como &quot;una de las grandes conquistas democr\u00e1ticas&quot; de Espa\u00f1a\" \/>\n<meta property=\"og:description\" content=\"La ministra de Sanidad ha subrayado, en el acto por el 40\u00ba aniversario de la Ley General de Sanidad, que el sistema es \u201cuna pieza esencial de nuestra convivencia\u201d. Durante el acto, Garc\u00eda ha anunciado la entrada en vigor de la ampliaci\u00f3n de la prueba del tal\u00f3n a 21 patolog\u00edas, reforzando la apuesta por una [&hellip;]\" \/>\n<meta property=\"og:url\" content=\"https:\/\/helloproject.es\/vigilancia\/monica-garcia-reivindica-la-sanidad-publica-como-una-de-las-grandes-conquistas-democraticas-de-espana\/\" \/>\n<meta property=\"og:site_name\" content=\"bip4ex\" \/>\n<meta property=\"article:published_time\" content=\"2026-04-20T13:17:21+00:00\" \/>\n<meta name=\"author\" content=\"Luis Miguel Mej\u00edas Ramos\" \/>\n<meta name=\"twitter:card\" content=\"summary_large_image\" \/>\n<meta name=\"twitter:label1\" content=\"Escrito por\" \/>\n\t<meta name=\"twitter:data1\" content=\"Luis Miguel Mej\u00edas Ramos\" \/>\n<script type=\"application\/ld+json\" class=\"yoast-schema-graph\">{\"@context\":\"https:\\\/\\\/schema.org\",\"@graph\":[{\"@type\":\"Article\",\"@id\":\"https:\\\/\\\/helloproject.es\\\/vigilancia\\\/monica-garcia-reivindica-la-sanidad-publica-como-una-de-las-grandes-conquistas-democraticas-de-espana\\\/#article\",\"isPartOf\":{\"@id\":\"https:\\\/\\\/helloproject.es\\\/vigilancia\\\/monica-garcia-reivindica-la-sanidad-publica-como-una-de-las-grandes-conquistas-democraticas-de-espana\\\/\"},\"author\":{\"name\":\"Luis Miguel Mej\u00edas Ramos\",\"@id\":\"https:\\\/\\\/helloproject.es\\\/vigilancia\\\/#\\\/schema\\\/person\\\/3767b0619d59a11570372c821f8619ca\"},\"headline\":\"M\u00f3nica Garc\u00eda reivindica la sanidad p\u00fablica como \u00abuna de las grandes conquistas democr\u00e1ticas\u00bb de Espa\u00f1a\",\"datePublished\":\"2026-04-20T13:17:21+00:00\",\"mainEntityOfPage\":{\"@id\":\"https:\\\/\\\/helloproject.es\\\/vigilancia\\\/monica-garcia-reivindica-la-sanidad-publica-como-una-de-las-grandes-conquistas-democraticas-de-espana\\\/\"},\"wordCount\":116,\"publisher\":{\"@id\":\"https:\\\/\\\/helloproject.es\\\/vigilancia\\\/#organization\"},\"articleSection\":[\"Noticias\"],\"inLanguage\":\"es\"},{\"@type\":\"WebPage\",\"@id\":\"https:\\\/\\\/helloproject.es\\\/vigilancia\\\/monica-garcia-reivindica-la-sanidad-publica-como-una-de-las-grandes-conquistas-democraticas-de-espana\\\/\",\"url\":\"https:\\\/\\\/helloproject.es\\\/vigilancia\\\/monica-garcia-reivindica-la-sanidad-publica-como-una-de-las-grandes-conquistas-democraticas-de-espana\\\/\",\"name\":\"M\u00f3nica Garc\u00eda reivindica la sanidad p\u00fablica como \\\"una de las grandes conquistas democr\u00e1ticas\\\" de Espa\u00f1a - bip4ex\",\"isPartOf\":{\"@id\":\"https:\\\/\\\/helloproject.es\\\/vigilancia\\\/#website\"},\"datePublished\":\"2026-04-20T13:17:21+00:00\",\"breadcrumb\":{\"@id\":\"https:\\\/\\\/helloproject.es\\\/vigilancia\\\/monica-garcia-reivindica-la-sanidad-publica-como-una-de-las-grandes-conquistas-democraticas-de-espana\\\/#breadcrumb\"},\"inLanguage\":\"es\",\"potentialAction\":[{\"@type\":\"ReadAction\",\"target\":[\"https:\\\/\\\/helloproject.es\\\/vigilancia\\\/monica-garcia-reivindica-la-sanidad-publica-como-una-de-las-grandes-conquistas-democraticas-de-espana\\\/\"]}]},{\"@type\":\"BreadcrumbList\",\"@id\":\"https:\\\/\\\/helloproject.es\\\/vigilancia\\\/monica-garcia-reivindica-la-sanidad-publica-como-una-de-las-grandes-conquistas-democraticas-de-espana\\\/#breadcrumb\",\"itemListElement\":[{\"@type\":\"ListItem\",\"position\":1,\"name\":\"Home\",\"item\":\"https:\\\/\\\/helloproject.es\\\/vigilancia\\\/\"},{\"@type\":\"ListItem\",\"position\":2,\"name\":\"M\u00f3nica Garc\u00eda reivindica la sanidad p\u00fablica como \u00abuna de las grandes conquistas democr\u00e1ticas\u00bb de Espa\u00f1a\"}]},{\"@type\":\"WebSite\",\"@id\":\"https:\\\/\\\/helloproject.es\\\/vigilancia\\\/#website\",\"url\":\"https:\\\/\\\/helloproject.es\\\/vigilancia\\\/\",\"name\":\"bip4ex\",\"description\":\"Vigilancia Tecnol\u00f3gica\",\"publisher\":{\"@id\":\"https:\\\/\\\/helloproject.es\\\/vigilancia\\\/#organization\"},\"potentialAction\":[{\"@type\":\"SearchAction\",\"target\":{\"@type\":\"EntryPoint\",\"urlTemplate\":\"https:\\\/\\\/helloproject.es\\\/vigilancia\\\/?s={search_term_string}\"},\"query-input\":{\"@type\":\"PropertyValueSpecification\",\"valueRequired\":true,\"valueName\":\"search_term_string\"}}],\"inLanguage\":\"es\"},{\"@type\":\"Organization\",\"@id\":\"https:\\\/\\\/helloproject.es\\\/vigilancia\\\/#organization\",\"name\":\"Helloproject.es\",\"url\":\"https:\\\/\\\/helloproject.es\\\/vigilancia\\\/\",\"logo\":{\"@type\":\"ImageObject\",\"inLanguage\":\"es\",\"@id\":\"https:\\\/\\\/helloproject.es\\\/vigilancia\\\/#\\\/schema\\\/logo\\\/image\\\/\",\"url\":\"https:\\\/\\\/helloproject.es\\\/vigilancia\\\/wp-content\\\/uploads\\\/2023\\\/07\\\/bip4ex.png\",\"contentUrl\":\"https:\\\/\\\/helloproject.es\\\/vigilancia\\\/wp-content\\\/uploads\\\/2023\\\/07\\\/bip4ex.png\",\"width\":322,\"height\":365,\"caption\":\"Helloproject.es\"},\"image\":{\"@id\":\"https:\\\/\\\/helloproject.es\\\/vigilancia\\\/#\\\/schema\\\/logo\\\/image\\\/\"}},{\"@type\":\"Person\",\"@id\":\"https:\\\/\\\/helloproject.es\\\/vigilancia\\\/#\\\/schema\\\/person\\\/3767b0619d59a11570372c821f8619ca\",\"name\":\"Luis Miguel Mej\u00edas Ramos\",\"url\":\"https:\\\/\\\/helloproject.es\\\/vigilancia\\\/author\\\/luismi\\\/\"}]}<\/script>\n<!-- \/ Yoast SEO Premium plugin. -->","yoast_head_json":{"title":"M\u00f3nica Garc\u00eda reivindica la sanidad p\u00fablica como \"una de las grandes conquistas democr\u00e1ticas\" de Espa\u00f1a - bip4ex","robots":{"index":"index","follow":"follow","max-snippet":"max-snippet:-1","max-image-preview":"max-image-preview:large","max-video-preview":"max-video-preview:-1"},"canonical":"https:\/\/helloproject.es\/vigilancia\/monica-garcia-reivindica-la-sanidad-publica-como-una-de-las-grandes-conquistas-democraticas-de-espana\/","og_locale":"es_ES","og_type":"article","og_title":"M\u00f3nica Garc\u00eda reivindica la sanidad p\u00fablica como \"una de las grandes conquistas democr\u00e1ticas\" de Espa\u00f1a","og_description":"La ministra de Sanidad ha subrayado, en el acto por el 40\u00ba aniversario de la Ley General de Sanidad, que el sistema es \u201cuna pieza esencial de nuestra convivencia\u201d. Durante el acto, Garc\u00eda ha anunciado la entrada en vigor de la ampliaci\u00f3n de la prueba del tal\u00f3n a 21 patolog\u00edas, reforzando la apuesta por una [&hellip;]","og_url":"https:\/\/helloproject.es\/vigilancia\/monica-garcia-reivindica-la-sanidad-publica-como-una-de-las-grandes-conquistas-democraticas-de-espana\/","og_site_name":"bip4ex","article_published_time":"2026-04-20T13:17:21+00:00","author":"Luis Miguel Mej\u00edas Ramos","twitter_card":"summary_large_image","twitter_misc":{"Escrito por":"Luis Miguel Mej\u00edas Ramos"},"schema":{"@context":"https:\/\/schema.org","@graph":[{"@type":"Article","@id":"https:\/\/helloproject.es\/vigilancia\/monica-garcia-reivindica-la-sanidad-publica-como-una-de-las-grandes-conquistas-democraticas-de-espana\/#article","isPartOf":{"@id":"https:\/\/helloproject.es\/vigilancia\/monica-garcia-reivindica-la-sanidad-publica-como-una-de-las-grandes-conquistas-democraticas-de-espana\/"},"author":{"name":"Luis Miguel Mej\u00edas Ramos","@id":"https:\/\/helloproject.es\/vigilancia\/#\/schema\/person\/3767b0619d59a11570372c821f8619ca"},"headline":"M\u00f3nica Garc\u00eda reivindica la sanidad p\u00fablica como \u00abuna de las grandes conquistas democr\u00e1ticas\u00bb de Espa\u00f1a","datePublished":"2026-04-20T13:17:21+00:00","mainEntityOfPage":{"@id":"https:\/\/helloproject.es\/vigilancia\/monica-garcia-reivindica-la-sanidad-publica-como-una-de-las-grandes-conquistas-democraticas-de-espana\/"},"wordCount":116,"publisher":{"@id":"https:\/\/helloproject.es\/vigilancia\/#organization"},"articleSection":["Noticias"],"inLanguage":"es"},{"@type":"WebPage","@id":"https:\/\/helloproject.es\/vigilancia\/monica-garcia-reivindica-la-sanidad-publica-como-una-de-las-grandes-conquistas-democraticas-de-espana\/","url":"https:\/\/helloproject.es\/vigilancia\/monica-garcia-reivindica-la-sanidad-publica-como-una-de-las-grandes-conquistas-democraticas-de-espana\/","name":"M\u00f3nica Garc\u00eda reivindica la sanidad p\u00fablica como \"una de las grandes conquistas democr\u00e1ticas\" de Espa\u00f1a - bip4ex","isPartOf":{"@id":"https:\/\/helloproject.es\/vigilancia\/#website"},"datePublished":"2026-04-20T13:17:21+00:00","breadcrumb":{"@id":"https:\/\/helloproject.es\/vigilancia\/monica-garcia-reivindica-la-sanidad-publica-como-una-de-las-grandes-conquistas-democraticas-de-espana\/#breadcrumb"},"inLanguage":"es","potentialAction":[{"@type":"ReadAction","target":["https:\/\/helloproject.es\/vigilancia\/monica-garcia-reivindica-la-sanidad-publica-como-una-de-las-grandes-conquistas-democraticas-de-espana\/"]}]},{"@type":"BreadcrumbList","@id":"https:\/\/helloproject.es\/vigilancia\/monica-garcia-reivindica-la-sanidad-publica-como-una-de-las-grandes-conquistas-democraticas-de-espana\/#breadcrumb","itemListElement":[{"@type":"ListItem","position":1,"name":"Home","item":"https:\/\/helloproject.es\/vigilancia\/"},{"@type":"ListItem","position":2,"name":"M\u00f3nica Garc\u00eda reivindica la sanidad p\u00fablica como \u00abuna de las grandes conquistas democr\u00e1ticas\u00bb de Espa\u00f1a"}]},{"@type":"WebSite","@id":"https:\/\/helloproject.es\/vigilancia\/#website","url":"https:\/\/helloproject.es\/vigilancia\/","name":"bip4ex","description":"Vigilancia Tecnol\u00f3gica","publisher":{"@id":"https:\/\/helloproject.es\/vigilancia\/#organization"},"potentialAction":[{"@type":"SearchAction","target":{"@type":"EntryPoint","urlTemplate":"https:\/\/helloproject.es\/vigilancia\/?s={search_term_string}"},"query-input":{"@type":"PropertyValueSpecification","valueRequired":true,"valueName":"search_term_string"}}],"inLanguage":"es"},{"@type":"Organization","@id":"https:\/\/helloproject.es\/vigilancia\/#organization","name":"Helloproject.es","url":"https:\/\/helloproject.es\/vigilancia\/","logo":{"@type":"ImageObject","inLanguage":"es","@id":"https:\/\/helloproject.es\/vigilancia\/#\/schema\/logo\/image\/","url":"https:\/\/helloproject.es\/vigilancia\/wp-content\/uploads\/2023\/07\/bip4ex.png","contentUrl":"https:\/\/helloproject.es\/vigilancia\/wp-content\/uploads\/2023\/07\/bip4ex.png","width":322,"height":365,"caption":"Helloproject.es"},"image":{"@id":"https:\/\/helloproject.es\/vigilancia\/#\/schema\/logo\/image\/"}},{"@type":"Person","@id":"https:\/\/helloproject.es\/vigilancia\/#\/schema\/person\/3767b0619d59a11570372c821f8619ca","name":"Luis Miguel Mej\u00edas Ramos","url":"https:\/\/helloproject.es\/vigilancia\/author\/luismi\/"}]}},"_links":{"self":[{"href":"https:\/\/helloproject.es\/vigilancia\/wp-json\/wp\/v2\/posts\/203212","targetHints":{"allow":["GET"]}}],"collection":[{"href":"https:\/\/helloproject.es\/vigilancia\/wp-json\/wp\/v2\/posts"}],"about":[{"href":"https:\/\/helloproject.es\/vigilancia\/wp-json\/wp\/v2\/types\/post"}],"author":[{"embeddable":true,"href":"https:\/\/helloproject.es\/vigilancia\/wp-json\/wp\/v2\/users\/5"}],"replies":[{"embeddable":true,"href":"https:\/\/helloproject.es\/vigilancia\/wp-json\/wp\/v2\/comments?post=203212"}],"version-history":[{"count":0,"href":"https:\/\/helloproject.es\/vigilancia\/wp-json\/wp\/v2\/posts\/203212\/revisions"}],"wp:attachment":[{"href":"https:\/\/helloproject.es\/vigilancia\/wp-json\/wp\/v2\/media?parent=203212"}],"wp:term":[{"taxonomy":"category","embeddable":true,"href":"https:\/\/helloproject.es\/vigilancia\/wp-json\/wp\/v2\/categories?post=203212"},{"taxonomy":"post_tag","embeddable":true,"href":"https:\/\/helloproject.es\/vigilancia\/wp-json\/wp\/v2\/tags?post=203212"}],"curies":[{"name":"wp","href":"https:\/\/api.w.org\/{rel}","templated":true}]}}