{"id":203217,"date":"2026-04-20T16:27:58","date_gmt":"2026-04-20T15:27:58","guid":{"rendered":"https:\/\/helloproject.es\/vigilancia\/esta-es-la-firma-especifica-del-microbioma-intestinal-asociada-al-parkinson\/"},"modified":"2026-04-20T16:27:58","modified_gmt":"2026-04-20T15:27:58","slug":"esta-es-la-firma-especifica-del-microbioma-intestinal-asociada-al-parkinson","status":"publish","type":"post","link":"https:\/\/helloproject.es\/vigilancia\/esta-es-la-firma-especifica-del-microbioma-intestinal-asociada-al-parkinson\/","title":{"rendered":"Esta es la firma espec\u00edfica del microbioma intestinal asociada al p\u00e1rkinson"},"content":{"rendered":"<p>El an\u00e1lisis de los microbios intestinales revela si una persona tiene riesgo elevado de p\u00e1rkinson antes de que haya desarrollado ning\u00fan s\u00edntoma, seg\u00fan un nuevo estudio liderado por el University College de Londres (UCL) en Reino Unido.<\/p>\n<p>El equipo cient\u00edfico descubri\u00f3 que las personas con esta enfermedad, cuyos casos <a href=\"https:\/\/www.agenciasinc.es\/Noticias\/Los-diagnosticos-de-parkinson-en-Espana-se-duplican-desde-2012\" target=\"_blank\">se han duplicado en Espa\u00f1a desde 2012<\/a>, presentan una composici\u00f3n espec\u00edfica de microbioma. Tambi\u00e9n ocurre en individuos sanos que tienen un riesgo gen\u00e9tico de padecerla, seg\u00fan los resultados que se publican en <a href=\"http:\/\/dx.doi.org\/10.1038\/s41591-026-04318-5\" target=\"_blank\">Nature Medicine<\/a>.<\/p>\n<p><img decoding=\"async\" src=\"https:\/\/www.agenciasinc.es\/bundles\/app\/images\/quotebefore.png\" \/><\/p>\n<p>Medir el grado de alteraci\u00f3n del microbioma intestinal permitir\u00eda identificar a las personas con m\u00e1s riesgo de p\u00e1rkinson<\/p>\n<p>Stanislav Dusko Ehrlich, UCL<br \/>\n<img decoding=\"async\" src=\"https:\/\/www.agenciasinc.es\/bundles\/app\/images\/quoteafter.png\" \/><\/p>\n<p>\u201cNuestros resultados muestran que medir el grado de alteraci\u00f3n del microbioma intestinal permitir\u00eda identificar a las personas con m\u00e1s riesgo de p\u00e1rkinson, e incluso para ofrecer asesoramiento nutricional que mitigue este riesgo\u201d, dice a SINC Stanislav Dusko Ehrlich, investigador del Instituto de Neurolog\u00eda Queen Square de la UCL y uno de los autores del trabajo.<\/p>\n<p>                        <a href=\"https:\/\/www.agenciasinc.es\/Noticias\/La-red-que-conecta-cuerpo-y-mente-clave-para-mejorar-los-tratamientos-del-parkinson\"><br \/>\n                            <img decoding=\"async\" src=\"https:\/\/cdn.agenciasinc.es\/var\/ezwebin_site\/storage\/images\/noticias\/la-red-que-conecta-cuerpo-y-mente-clave-para-mejorar-los-tratamientos-del-parkinson\/12373586-2-esl-MX\/La-red-que-conecta-cuerpo-y-mente-clave-para-mejorar-los-tratamientos-del-parkinson.jpg\" alt=\"La red que conecta cuerpo y mente, clave para mejorar los tratamientos del p\u00e1rkinson\" title=\"La red que conecta cuerpo y mente, clave para mejorar los tratamientos del p\u00e1rkinson\" class=\"small_fotoderecha_img\" loading=\"lazy\" \/><br \/>\n                        <\/a><\/p>\n<p>                    <a href=\"https:\/\/www.agenciasinc.es\/Noticias\/La-red-que-conecta-cuerpo-y-mente-clave-para-mejorar-los-tratamientos-del-parkinson\" class=\"small_fotoderecha_titulo\"><\/a><\/p>\n<h3 class=\"small_fotoderecha_titulo\">La red que conecta cuerpo y mente, clave para mejorar los tratamientos del p\u00e1rkinson<\/h3>\n<p>                    <\/p>\n<p>                                                                                                                                                <a href=\"https:\/\/www.agenciasinc.es\/Autor\/Ana-Hernando\"><br \/>\n                                        Ana Hernando<br \/>\n                                        <\/a>                                                                                                <\/p>\n<p><a><\/a><\/p>\n<h2>P\u00e1rkinson e intestino<\/h2>\n<p>La enfermedad de Parkinson es una afecci\u00f3n neurodegenerativa caracterizada por s\u00edntomas motores y no motores, que a menudo aparecen solo despu\u00e9s de que se haya producido una p\u00e9rdida sustancial de neuronas. En los \u00faltimos a\u00f1os, varios estudios han reconocido la relaci\u00f3n entre la enfermedad y el microbioma del intestino, pero se desconoce con exactitud el papel que desempe\u00f1an estos microorganismos.<\/p>\n<p>M\u00e1s de una cuarta parte de los microbios que componen la microbiota intestinal presentaban\u00a0diferencias en abundancia\u00a0al comparar a las personas enfermas con los participantes sanos\u00a0<\/p>\n<p>En este nuevo trabajo, el equipo cient\u00edfico analiz\u00f3 datos cl\u00ednicos y fecales casi 500 personas de Reino Unido e Italia: 271 pacientes con la enfermedad de Parkinson, 43 portadores de la variante GBA1 (una variante gen\u00e9tica que puede multiplicar por 30 el riesgo de padecerla) sin s\u00edntomas cl\u00ednicos, y 150 participantes sanos como grupo de control (grupo de comparaci\u00f3n).<\/p>\n<p>Los investigadores descubrieron que m\u00e1s de una cuarta parte de los microbios que componen la microbiota intestinal \u2014176 especies diferentes\u2014 presentaban diferencias en cuanto a su abundancia al comparar a las personas enfermas con los participantes sanos del grupo de control. As\u00ed, algunos microbios eran m\u00e1s comunes entre las personas con p\u00e1rkinson, mientras que otros lo eran m\u00e1s entre las personas sanas. Este patr\u00f3n era m\u00e1s notable entre las personas en estadios m\u00e1s avanzados de la enfermedad.<\/p>\n<p>\u201cEsto nos sugiere que las alteraciones del microbioma intestinal se correlacionan con la gravedad de la enfermedad en los pacientes\u201d, se\u00f1ala Ehrlich.<\/p>\n<p>Adem\u00e1s, los resultados mostraron que la mayor\u00eda de estos microbios (142 especies) tambi\u00e9n difer\u00edan de forma sistem\u00e1tica en cantidad al comparar los controles sanos con las personas portadoras de la variante del gen GBA1 que a\u00fan no hab\u00edan experimentado ning\u00fan s\u00edntoma de la patolog\u00eda. En estos casos, la composici\u00f3n de la microbiota intestinal era similar a un patr\u00f3n intermedio entre individuos sanos y con p\u00e1rkinson.<\/p>\n<p>El equipo investigador corrobor\u00f3 sus hallazgos comparando sus resultados con una cohorte adicional de personas de Reino Unido, Corea y Turqu\u00eda, que sumaba un total de 638 personas m\u00e1s con la enfermedad y 319 participantes sanos del grupo de control.<\/p>\n<p>Entre ellos, una peque\u00f1a proporci\u00f3n de los participantes sanos tambi\u00e9n presentaba microbiomas intestinales similares a los de las personas con riesgo de desarrollar p\u00e1rkinson, lo que plantea la cuesti\u00f3n de si ellos tambi\u00e9n podr\u00edan estar en riesgo.<\/p>\n<p>                        <a href=\"https:\/\/www.agenciasinc.es\/Noticias\/Observan-por-primera-vez-las-primeras-huellas-del-parkinson-en-tejido-cerebral\"><br \/>\n                            <img decoding=\"async\" src=\"https:\/\/cdn.agenciasinc.es\/var\/ezwebin_site\/storage\/images\/noticias\/observan-por-primera-vez-las-primeras-huellas-del-parkinson-en-tejido-cerebral\/12346280-2-esl-MX\/Observan-por-primera-vez-las-primeras-huellas-del-parkinson-en-tejido-cerebral.jpg\" alt=\"Observan por primera vez las \u2018primeras huellas\u2019 del p\u00e1rkinson en tejido cerebral\" title=\"Observan por primera vez las \u2018primeras huellas\u2019 del p\u00e1rkinson en tejido cerebral\" class=\"small_fotoderecha_img\" loading=\"lazy\" \/><br \/>\n                        <\/a><\/p>\n<p>                    <a href=\"https:\/\/www.agenciasinc.es\/Noticias\/Observan-por-primera-vez-las-primeras-huellas-del-parkinson-en-tejido-cerebral\" class=\"small_fotoderecha_titulo\"><\/a><\/p>\n<h3 class=\"small_fotoderecha_titulo\">Observan por primera vez las \u2018primeras huellas\u2019 del p\u00e1rkinson en tejido cerebral<\/h3>\n<p>                    <\/p>\n<p>                                                                                                                                                <a href=\"https:\/\/www.agenciasinc.es\/Autor\/Maria-G.-Dionis\"><br \/>\n                                        Mar\u00eda G. Dionis<br \/>\n                                        <\/a>                                                                                                <\/p>\n<p><a><\/a><\/p>\n<h2>H\u00e1bitos alimenticios<\/h2>\n<p>Los participantes en el estudio tambi\u00e9n proporcionaron datos sobre sus h\u00e1bitos alimenticios, lo que revel\u00f3 que quienes segu\u00edan una dieta m\u00e1s equilibrada y variada eran menos propensos a tener microbiomas intestinales relacionadas con un riesgo elevado de padecer la enfermedad de Parkinson.<\/p>\n<p>Por eso, los investigadores afirman que esto podr\u00eda indicar que la modificaci\u00f3n de la dieta podr\u00eda desempe\u00f1ar un papel en la prevenci\u00f3n del p\u00e1rkinson.<\/p>\n<p>\u201cNuestros resultados indican que una mejor nutrici\u00f3n podr\u00eda retrasar la aparici\u00f3n de la enfermedad, lo que concuerda con estudios previos que indican que una dieta como la MIND (Intervenci\u00f3n Mediterr\u00e1nea-DASH para el Retraso Neurodegenerativo) retrasa la enfermedad en una d\u00e9cada o m\u00e1s\u201d, apunta Ehrlich.<\/p>\n<p><img decoding=\"async\" src=\"https:\/\/www.agenciasinc.es\/bundles\/app\/images\/quotebefore.png\" \/><\/p>\n<p>Una mejor nutrici\u00f3n podr\u00eda retrasar la aparici\u00f3n de la enfermedad, lo que concuerda con estudios previos<\/p>\n<p>Stanislav Dusko Ehrlich, UCL<br \/>\n<img decoding=\"async\" src=\"https:\/\/www.agenciasinc.es\/bundles\/app\/images\/quoteafter.png\" \/><\/p>\n<p>Aun as\u00ed, los resultados del estudio no esclarecen cu\u00e1l es la relaci\u00f3n exacta entre el microbioma y la enfermedad. Tal y como apunta en declaraciones a SMC Espa\u00f1a Jos\u00e9 Manuel Fern\u00e1ndez-Real, del Institut d&#8217;Investigaci\u00f3 Biom\u00e8dica de Girona Josep Trueta (IDIBGI): \u201cEl car\u00e1cter fundamentalmente transversal del estudio, que impide establecer relaciones causales claras\u201d.<\/p>\n<p>\u201cEs decir, no se puede determinar si las alteraciones en la microbiota intestinal contribuyen al desarrollo de la enfermedad de Parkinson o si, por el contrario, son una consecuencia de procesos fisiopatol\u00f3gicos ya en marcha, incluso en fases subcl\u00ednicas\u201d, se\u00f1ala Fern\u00e1ndez-Real.<\/p>\n<p>Seg\u00fan el investigador, el estudio es consistente con estudios anteriores, pero destaca que \u201cser\u00e1 necesario contar con estudios longitudinales y mejor controlados para determinar si estas alteraciones tienen valor predictivo real o potencial terap\u00e9utico\u201d.<\/p>\n<p>Referencia:<\/p>\n<p>Stanislav Dusko Ehrlich et al.\u00a0Microbiome signature of Parkinson\u2019s disease in healthy and genetically at-risk individuals. <a href=\"http:\/\/dx.doi.org\/10.1038\/s41591-026-04318-5\" target=\"_blank\">Nature Medicine<\/a> (2026).<\/p>","protected":false},"excerpt":{"rendered":"<p>El an\u00e1lisis de los microbios intestinales revela si una persona tiene riesgo elevado de p\u00e1rkinson antes de que haya desarrollado ning\u00fan s\u00edntoma, seg\u00fan un nuevo estudio liderado por el University College de Londres (UCL) en Reino Unido. El equipo cient\u00edfico descubri\u00f3 que las personas con esta enfermedad, cuyos casos se han duplicado en Espa\u00f1a desde [&hellip;]<\/p>\n","protected":false},"author":5,"featured_media":0,"comment_status":"","ping_status":"","sticky":false,"template":"","format":"standard","meta":{"site-sidebar-layout":"default","site-content-layout":"","ast-site-content-layout":"default","site-content-style":"default","site-sidebar-style":"default","ast-global-header-display":"","ast-banner-title-visibility":"","ast-main-header-display":"","ast-hfb-above-header-display":"","ast-hfb-below-header-display":"","ast-hfb-mobile-header-display":"","site-post-title":"","ast-breadcrumbs-content":"","ast-featured-img":"","footer-sml-layout":"","ast-disable-related-posts":"","theme-transparent-header-meta":"","adv-header-id-meta":"","stick-header-meta":"","header-above-stick-meta":"","header-main-stick-meta":"","header-below-stick-meta":"","astra-migrate-meta-layouts":"default","ast-page-background-enabled":"default","ast-page-background-meta":{"desktop":{"background-color":"var(--ast-global-color-4)","background-image":"","background-repeat":"repeat","background-position":"center center","background-size":"auto","background-attachment":"scroll","background-type":"","background-media":"","overlay-type":"","overlay-color":"","overlay-opacity":"","overlay-gradient":""},"tablet":{"background-color":"","background-image":"","background-repeat":"repeat","background-position":"center center","background-size":"auto","background-attachment":"scroll","background-type":"","background-media":"","overlay-type":"","overlay-color":"","overlay-opacity":"","overlay-gradient":""},"mobile":{"background-color":"","background-image":"","background-repeat":"repeat","background-position":"center center","background-size":"auto","background-attachment":"scroll","background-type":"","background-media":"","overlay-type":"","overlay-color":"","overlay-opacity":"","overlay-gradient":""}},"ast-content-background-meta":{"desktop":{"background-color":"var(--ast-global-color-5)","background-image":"","background-repeat":"repeat","background-position":"center center","background-size":"auto","background-attachment":"scroll","background-type":"","background-media":"","overlay-type":"","overlay-color":"","overlay-opacity":"","overlay-gradient":""},"tablet":{"background-color":"var(--ast-global-color-5)","background-image":"","background-repeat":"repeat","background-position":"center center","background-size":"auto","background-attachment":"scroll","background-type":"","background-media":"","overlay-type":"","overlay-color":"","overlay-opacity":"","overlay-gradient":""},"mobile":{"background-color":"var(--ast-global-color-5)","background-image":"","background-repeat":"repeat","background-position":"center center","background-size":"auto","background-attachment":"scroll","background-type":"","background-media":"","overlay-type":"","overlay-color":"","overlay-opacity":"","overlay-gradient":""}},"footnotes":""},"categories":[5],"tags":[],"class_list":["post-203217","post","type-post","status-publish","format-standard","hentry","category-noticias"],"yoast_head":"<!-- This site is optimized with the Yoast SEO Premium plugin v20.9 (Yoast SEO v27.4) - https:\/\/yoast.com\/product\/yoast-seo-premium-wordpress\/ -->\n<title>Esta es la firma espec\u00edfica del microbioma intestinal asociada al p\u00e1rkinson - bip4ex<\/title>\n<meta name=\"robots\" content=\"index, follow, max-snippet:-1, max-image-preview:large, max-video-preview:-1\" \/>\n<link rel=\"canonical\" href=\"https:\/\/helloproject.es\/vigilancia\/esta-es-la-firma-especifica-del-microbioma-intestinal-asociada-al-parkinson\/\" \/>\n<meta property=\"og:locale\" content=\"es_ES\" \/>\n<meta property=\"og:type\" content=\"article\" \/>\n<meta property=\"og:title\" content=\"Esta es la firma espec\u00edfica del microbioma intestinal asociada al p\u00e1rkinson\" \/>\n<meta property=\"og:description\" content=\"El an\u00e1lisis de los microbios intestinales revela si una persona tiene riesgo elevado de p\u00e1rkinson antes de que haya desarrollado ning\u00fan s\u00edntoma, seg\u00fan un nuevo estudio liderado por el University College de Londres (UCL) en Reino Unido. El equipo cient\u00edfico descubri\u00f3 que las personas con esta enfermedad, cuyos casos se han duplicado en Espa\u00f1a desde [&hellip;]\" \/>\n<meta property=\"og:url\" content=\"https:\/\/helloproject.es\/vigilancia\/esta-es-la-firma-especifica-del-microbioma-intestinal-asociada-al-parkinson\/\" \/>\n<meta property=\"og:site_name\" content=\"bip4ex\" \/>\n<meta property=\"article:published_time\" content=\"2026-04-20T15:27:58+00:00\" \/>\n<meta property=\"og:image\" content=\"https:\/\/www.agenciasinc.es\/bundles\/app\/images\/quotebefore.png\" \/>\n<meta name=\"author\" content=\"Luis Miguel Mej\u00edas Ramos\" \/>\n<meta name=\"twitter:card\" content=\"summary_large_image\" \/>\n<meta name=\"twitter:label1\" content=\"Escrito por\" \/>\n\t<meta name=\"twitter:data1\" content=\"Luis Miguel Mej\u00edas Ramos\" \/>\n\t<meta name=\"twitter:label2\" content=\"Tiempo de lectura\" \/>\n\t<meta name=\"twitter:data2\" content=\"5 minutos\" \/>\n<script type=\"application\/ld+json\" class=\"yoast-schema-graph\">{\"@context\":\"https:\\\/\\\/schema.org\",\"@graph\":[{\"@type\":\"Article\",\"@id\":\"https:\\\/\\\/helloproject.es\\\/vigilancia\\\/esta-es-la-firma-especifica-del-microbioma-intestinal-asociada-al-parkinson\\\/#article\",\"isPartOf\":{\"@id\":\"https:\\\/\\\/helloproject.es\\\/vigilancia\\\/esta-es-la-firma-especifica-del-microbioma-intestinal-asociada-al-parkinson\\\/\"},\"author\":{\"name\":\"Luis Miguel Mej\u00edas Ramos\",\"@id\":\"https:\\\/\\\/helloproject.es\\\/vigilancia\\\/#\\\/schema\\\/person\\\/3767b0619d59a11570372c821f8619ca\"},\"headline\":\"Esta es la firma espec\u00edfica del microbioma intestinal asociada al p\u00e1rkinson\",\"datePublished\":\"2026-04-20T15:27:58+00:00\",\"mainEntityOfPage\":{\"@id\":\"https:\\\/\\\/helloproject.es\\\/vigilancia\\\/esta-es-la-firma-especifica-del-microbioma-intestinal-asociada-al-parkinson\\\/\"},\"wordCount\":966,\"publisher\":{\"@id\":\"https:\\\/\\\/helloproject.es\\\/vigilancia\\\/#organization\"},\"image\":{\"@id\":\"https:\\\/\\\/helloproject.es\\\/vigilancia\\\/esta-es-la-firma-especifica-del-microbioma-intestinal-asociada-al-parkinson\\\/#primaryimage\"},\"thumbnailUrl\":\"https:\\\/\\\/www.agenciasinc.es\\\/bundles\\\/app\\\/images\\\/quotebefore.png\",\"articleSection\":[\"Noticias\"],\"inLanguage\":\"es\"},{\"@type\":\"WebPage\",\"@id\":\"https:\\\/\\\/helloproject.es\\\/vigilancia\\\/esta-es-la-firma-especifica-del-microbioma-intestinal-asociada-al-parkinson\\\/\",\"url\":\"https:\\\/\\\/helloproject.es\\\/vigilancia\\\/esta-es-la-firma-especifica-del-microbioma-intestinal-asociada-al-parkinson\\\/\",\"name\":\"Esta es la firma espec\u00edfica del microbioma intestinal asociada al p\u00e1rkinson - bip4ex\",\"isPartOf\":{\"@id\":\"https:\\\/\\\/helloproject.es\\\/vigilancia\\\/#website\"},\"primaryImageOfPage\":{\"@id\":\"https:\\\/\\\/helloproject.es\\\/vigilancia\\\/esta-es-la-firma-especifica-del-microbioma-intestinal-asociada-al-parkinson\\\/#primaryimage\"},\"image\":{\"@id\":\"https:\\\/\\\/helloproject.es\\\/vigilancia\\\/esta-es-la-firma-especifica-del-microbioma-intestinal-asociada-al-parkinson\\\/#primaryimage\"},\"thumbnailUrl\":\"https:\\\/\\\/www.agenciasinc.es\\\/bundles\\\/app\\\/images\\\/quotebefore.png\",\"datePublished\":\"2026-04-20T15:27:58+00:00\",\"breadcrumb\":{\"@id\":\"https:\\\/\\\/helloproject.es\\\/vigilancia\\\/esta-es-la-firma-especifica-del-microbioma-intestinal-asociada-al-parkinson\\\/#breadcrumb\"},\"inLanguage\":\"es\",\"potentialAction\":[{\"@type\":\"ReadAction\",\"target\":[\"https:\\\/\\\/helloproject.es\\\/vigilancia\\\/esta-es-la-firma-especifica-del-microbioma-intestinal-asociada-al-parkinson\\\/\"]}]},{\"@type\":\"ImageObject\",\"inLanguage\":\"es\",\"@id\":\"https:\\\/\\\/helloproject.es\\\/vigilancia\\\/esta-es-la-firma-especifica-del-microbioma-intestinal-asociada-al-parkinson\\\/#primaryimage\",\"url\":\"https:\\\/\\\/www.agenciasinc.es\\\/bundles\\\/app\\\/images\\\/quotebefore.png\",\"contentUrl\":\"https:\\\/\\\/www.agenciasinc.es\\\/bundles\\\/app\\\/images\\\/quotebefore.png\"},{\"@type\":\"BreadcrumbList\",\"@id\":\"https:\\\/\\\/helloproject.es\\\/vigilancia\\\/esta-es-la-firma-especifica-del-microbioma-intestinal-asociada-al-parkinson\\\/#breadcrumb\",\"itemListElement\":[{\"@type\":\"ListItem\",\"position\":1,\"name\":\"Home\",\"item\":\"https:\\\/\\\/helloproject.es\\\/vigilancia\\\/\"},{\"@type\":\"ListItem\",\"position\":2,\"name\":\"Esta es la firma espec\u00edfica del microbioma intestinal asociada al p\u00e1rkinson\"}]},{\"@type\":\"WebSite\",\"@id\":\"https:\\\/\\\/helloproject.es\\\/vigilancia\\\/#website\",\"url\":\"https:\\\/\\\/helloproject.es\\\/vigilancia\\\/\",\"name\":\"bip4ex\",\"description\":\"Vigilancia Tecnol\u00f3gica\",\"publisher\":{\"@id\":\"https:\\\/\\\/helloproject.es\\\/vigilancia\\\/#organization\"},\"potentialAction\":[{\"@type\":\"SearchAction\",\"target\":{\"@type\":\"EntryPoint\",\"urlTemplate\":\"https:\\\/\\\/helloproject.es\\\/vigilancia\\\/?s={search_term_string}\"},\"query-input\":{\"@type\":\"PropertyValueSpecification\",\"valueRequired\":true,\"valueName\":\"search_term_string\"}}],\"inLanguage\":\"es\"},{\"@type\":\"Organization\",\"@id\":\"https:\\\/\\\/helloproject.es\\\/vigilancia\\\/#organization\",\"name\":\"Helloproject.es\",\"url\":\"https:\\\/\\\/helloproject.es\\\/vigilancia\\\/\",\"logo\":{\"@type\":\"ImageObject\",\"inLanguage\":\"es\",\"@id\":\"https:\\\/\\\/helloproject.es\\\/vigilancia\\\/#\\\/schema\\\/logo\\\/image\\\/\",\"url\":\"https:\\\/\\\/helloproject.es\\\/vigilancia\\\/wp-content\\\/uploads\\\/2023\\\/07\\\/bip4ex.png\",\"contentUrl\":\"https:\\\/\\\/helloproject.es\\\/vigilancia\\\/wp-content\\\/uploads\\\/2023\\\/07\\\/bip4ex.png\",\"width\":322,\"height\":365,\"caption\":\"Helloproject.es\"},\"image\":{\"@id\":\"https:\\\/\\\/helloproject.es\\\/vigilancia\\\/#\\\/schema\\\/logo\\\/image\\\/\"}},{\"@type\":\"Person\",\"@id\":\"https:\\\/\\\/helloproject.es\\\/vigilancia\\\/#\\\/schema\\\/person\\\/3767b0619d59a11570372c821f8619ca\",\"name\":\"Luis Miguel Mej\u00edas Ramos\",\"url\":\"https:\\\/\\\/helloproject.es\\\/vigilancia\\\/author\\\/luismi\\\/\"}]}<\/script>\n<!-- \/ Yoast SEO Premium plugin. -->","yoast_head_json":{"title":"Esta es la firma espec\u00edfica del microbioma intestinal asociada al p\u00e1rkinson - bip4ex","robots":{"index":"index","follow":"follow","max-snippet":"max-snippet:-1","max-image-preview":"max-image-preview:large","max-video-preview":"max-video-preview:-1"},"canonical":"https:\/\/helloproject.es\/vigilancia\/esta-es-la-firma-especifica-del-microbioma-intestinal-asociada-al-parkinson\/","og_locale":"es_ES","og_type":"article","og_title":"Esta es la firma espec\u00edfica del microbioma intestinal asociada al p\u00e1rkinson","og_description":"El an\u00e1lisis de los microbios intestinales revela si una persona tiene riesgo elevado de p\u00e1rkinson antes de que haya desarrollado ning\u00fan s\u00edntoma, seg\u00fan un nuevo estudio liderado por el University College de Londres (UCL) en Reino Unido. El equipo cient\u00edfico descubri\u00f3 que las personas con esta enfermedad, cuyos casos se han duplicado en Espa\u00f1a desde [&hellip;]","og_url":"https:\/\/helloproject.es\/vigilancia\/esta-es-la-firma-especifica-del-microbioma-intestinal-asociada-al-parkinson\/","og_site_name":"bip4ex","article_published_time":"2026-04-20T15:27:58+00:00","og_image":[{"url":"https:\/\/www.agenciasinc.es\/bundles\/app\/images\/quotebefore.png","type":"","width":"","height":""}],"author":"Luis Miguel Mej\u00edas Ramos","twitter_card":"summary_large_image","twitter_misc":{"Escrito por":"Luis Miguel Mej\u00edas Ramos","Tiempo de lectura":"5 minutos"},"schema":{"@context":"https:\/\/schema.org","@graph":[{"@type":"Article","@id":"https:\/\/helloproject.es\/vigilancia\/esta-es-la-firma-especifica-del-microbioma-intestinal-asociada-al-parkinson\/#article","isPartOf":{"@id":"https:\/\/helloproject.es\/vigilancia\/esta-es-la-firma-especifica-del-microbioma-intestinal-asociada-al-parkinson\/"},"author":{"name":"Luis Miguel Mej\u00edas Ramos","@id":"https:\/\/helloproject.es\/vigilancia\/#\/schema\/person\/3767b0619d59a11570372c821f8619ca"},"headline":"Esta es la firma espec\u00edfica del microbioma intestinal asociada al p\u00e1rkinson","datePublished":"2026-04-20T15:27:58+00:00","mainEntityOfPage":{"@id":"https:\/\/helloproject.es\/vigilancia\/esta-es-la-firma-especifica-del-microbioma-intestinal-asociada-al-parkinson\/"},"wordCount":966,"publisher":{"@id":"https:\/\/helloproject.es\/vigilancia\/#organization"},"image":{"@id":"https:\/\/helloproject.es\/vigilancia\/esta-es-la-firma-especifica-del-microbioma-intestinal-asociada-al-parkinson\/#primaryimage"},"thumbnailUrl":"https:\/\/www.agenciasinc.es\/bundles\/app\/images\/quotebefore.png","articleSection":["Noticias"],"inLanguage":"es"},{"@type":"WebPage","@id":"https:\/\/helloproject.es\/vigilancia\/esta-es-la-firma-especifica-del-microbioma-intestinal-asociada-al-parkinson\/","url":"https:\/\/helloproject.es\/vigilancia\/esta-es-la-firma-especifica-del-microbioma-intestinal-asociada-al-parkinson\/","name":"Esta es la firma espec\u00edfica del microbioma intestinal asociada al p\u00e1rkinson - bip4ex","isPartOf":{"@id":"https:\/\/helloproject.es\/vigilancia\/#website"},"primaryImageOfPage":{"@id":"https:\/\/helloproject.es\/vigilancia\/esta-es-la-firma-especifica-del-microbioma-intestinal-asociada-al-parkinson\/#primaryimage"},"image":{"@id":"https:\/\/helloproject.es\/vigilancia\/esta-es-la-firma-especifica-del-microbioma-intestinal-asociada-al-parkinson\/#primaryimage"},"thumbnailUrl":"https:\/\/www.agenciasinc.es\/bundles\/app\/images\/quotebefore.png","datePublished":"2026-04-20T15:27:58+00:00","breadcrumb":{"@id":"https:\/\/helloproject.es\/vigilancia\/esta-es-la-firma-especifica-del-microbioma-intestinal-asociada-al-parkinson\/#breadcrumb"},"inLanguage":"es","potentialAction":[{"@type":"ReadAction","target":["https:\/\/helloproject.es\/vigilancia\/esta-es-la-firma-especifica-del-microbioma-intestinal-asociada-al-parkinson\/"]}]},{"@type":"ImageObject","inLanguage":"es","@id":"https:\/\/helloproject.es\/vigilancia\/esta-es-la-firma-especifica-del-microbioma-intestinal-asociada-al-parkinson\/#primaryimage","url":"https:\/\/www.agenciasinc.es\/bundles\/app\/images\/quotebefore.png","contentUrl":"https:\/\/www.agenciasinc.es\/bundles\/app\/images\/quotebefore.png"},{"@type":"BreadcrumbList","@id":"https:\/\/helloproject.es\/vigilancia\/esta-es-la-firma-especifica-del-microbioma-intestinal-asociada-al-parkinson\/#breadcrumb","itemListElement":[{"@type":"ListItem","position":1,"name":"Home","item":"https:\/\/helloproject.es\/vigilancia\/"},{"@type":"ListItem","position":2,"name":"Esta es la firma espec\u00edfica del microbioma intestinal asociada al p\u00e1rkinson"}]},{"@type":"WebSite","@id":"https:\/\/helloproject.es\/vigilancia\/#website","url":"https:\/\/helloproject.es\/vigilancia\/","name":"bip4ex","description":"Vigilancia Tecnol\u00f3gica","publisher":{"@id":"https:\/\/helloproject.es\/vigilancia\/#organization"},"potentialAction":[{"@type":"SearchAction","target":{"@type":"EntryPoint","urlTemplate":"https:\/\/helloproject.es\/vigilancia\/?s={search_term_string}"},"query-input":{"@type":"PropertyValueSpecification","valueRequired":true,"valueName":"search_term_string"}}],"inLanguage":"es"},{"@type":"Organization","@id":"https:\/\/helloproject.es\/vigilancia\/#organization","name":"Helloproject.es","url":"https:\/\/helloproject.es\/vigilancia\/","logo":{"@type":"ImageObject","inLanguage":"es","@id":"https:\/\/helloproject.es\/vigilancia\/#\/schema\/logo\/image\/","url":"https:\/\/helloproject.es\/vigilancia\/wp-content\/uploads\/2023\/07\/bip4ex.png","contentUrl":"https:\/\/helloproject.es\/vigilancia\/wp-content\/uploads\/2023\/07\/bip4ex.png","width":322,"height":365,"caption":"Helloproject.es"},"image":{"@id":"https:\/\/helloproject.es\/vigilancia\/#\/schema\/logo\/image\/"}},{"@type":"Person","@id":"https:\/\/helloproject.es\/vigilancia\/#\/schema\/person\/3767b0619d59a11570372c821f8619ca","name":"Luis Miguel Mej\u00edas Ramos","url":"https:\/\/helloproject.es\/vigilancia\/author\/luismi\/"}]}},"_links":{"self":[{"href":"https:\/\/helloproject.es\/vigilancia\/wp-json\/wp\/v2\/posts\/203217","targetHints":{"allow":["GET"]}}],"collection":[{"href":"https:\/\/helloproject.es\/vigilancia\/wp-json\/wp\/v2\/posts"}],"about":[{"href":"https:\/\/helloproject.es\/vigilancia\/wp-json\/wp\/v2\/types\/post"}],"author":[{"embeddable":true,"href":"https:\/\/helloproject.es\/vigilancia\/wp-json\/wp\/v2\/users\/5"}],"replies":[{"embeddable":true,"href":"https:\/\/helloproject.es\/vigilancia\/wp-json\/wp\/v2\/comments?post=203217"}],"version-history":[{"count":0,"href":"https:\/\/helloproject.es\/vigilancia\/wp-json\/wp\/v2\/posts\/203217\/revisions"}],"wp:attachment":[{"href":"https:\/\/helloproject.es\/vigilancia\/wp-json\/wp\/v2\/media?parent=203217"}],"wp:term":[{"taxonomy":"category","embeddable":true,"href":"https:\/\/helloproject.es\/vigilancia\/wp-json\/wp\/v2\/categories?post=203217"},{"taxonomy":"post_tag","embeddable":true,"href":"https:\/\/helloproject.es\/vigilancia\/wp-json\/wp\/v2\/tags?post=203217"}],"curies":[{"name":"wp","href":"https:\/\/api.w.org\/{rel}","templated":true}]}}