{"id":203563,"date":"2026-04-27T11:28:19","date_gmt":"2026-04-27T10:28:19","guid":{"rendered":"https:\/\/helloproject.es\/vigilancia\/la-obesidad-deja-una-huella-en-las-celulas-inmunitarias-incluso-diez-anos-despues-de-perder-peso\/"},"modified":"2026-04-27T11:28:19","modified_gmt":"2026-04-27T10:28:19","slug":"la-obesidad-deja-una-huella-en-las-celulas-inmunitarias-incluso-diez-anos-despues-de-perder-peso","status":"publish","type":"post","link":"https:\/\/helloproject.es\/vigilancia\/la-obesidad-deja-una-huella-en-las-celulas-inmunitarias-incluso-diez-anos-despues-de-perder-peso\/","title":{"rendered":"La obesidad deja una huella en las c\u00e9lulas inmunitarias incluso diez a\u00f1os despu\u00e9s de perder peso"},"content":{"rendered":"<p>Las personas que padecen obesidad est\u00e1n \u2018marcando\u2019 un recuerdo de su sobrepeso en una parte clave del sistema inmunitario, lo que las deja expuestas a un riesgo continuo de padecer enfermedades relacionadas con la obesidad, incluso a\u00f1os despu\u00e9s de haber perdido peso. Esta es la conclusi\u00f3n de un estudio de diez a\u00f1os de duraci\u00f3n publicado en <a href=\"https:\/\/link.springer.com\/article\/10.1038\/s44319-026-00765-w\" target=\"_blank\">EMBO Reports<\/a>.<\/p>\n<p>A trav\u00e9s de un proceso conocido como metilaci\u00f3n del ADN, las etiquetas o marcadores se adhieren al ADN de las c\u00e9lulas inmunitarias<\/p>\n<p>El trabajo ha sido dirigido por la Universidad de Birmingham (Reino Unido) y en \u00e9l se demuestra que las c\u00e9lulas inmunitarias conocidas como c\u00e9lulas T colaboradoras (o linfocitos CD4+) conservan un recuerdo duradero de la obesidad.<\/p>\n<p>A trav\u00e9s de un proceso conocido como metilaci\u00f3n del ADN, las etiquetas o marcadores se adhieren al ADN de las c\u00e9lulas inmunitarias. Seg\u00fan los resultados, es probable que esta \u2018marca\u2019 persista entre cinco y diez a\u00f1os despu\u00e9s de que las personas logren perder peso.<\/p>\n<p>El impacto resultante de la \u2018memoria\u2019 de la obesidad en las c\u00e9lulas T colaboradoras podr\u00eda provocar una desregulaci\u00f3n de algunas de las actividades habituales que suele realizar el sistema inmunitario, como la eliminaci\u00f3n de residuos y la regulaci\u00f3n del envejecimiento inmunitario. El equipo de investigaci\u00f3n cree que esto podr\u00eda hacer que las personas que pierden peso sigan estando en riesgo de padecer enfermedades relacionadas con la obesidad mucho tiempo despu\u00e9s de alcanzar un peso normal.<\/p>\n<p>                        <a href=\"https:\/\/www.agenciasinc.es\/Noticias\/Los-alimentos-ultraprocesados-alteran-nuestra-estructura-muscular\"><br \/>\n                            <img decoding=\"async\" src=\"https:\/\/cdn.agenciasinc.es\/var\/ezwebin_site\/storage\/images\/noticias\/los-alimentos-ultraprocesados-alteran-nuestra-estructura-muscular\/12391376-1-esl-MX\/Los-alimentos-ultraprocesados-alteran-nuestra-estructura-muscular.jpg\" alt=\"Los alimentos ultraprocesados alteran nuestra estructura muscular\" title=\"Los alimentos ultraprocesados alteran nuestra estructura muscular\" class=\"small_fotoderecha_img\" loading=\"lazy\" \/><br \/>\n                        <\/a><\/p>\n<p>                    <a href=\"https:\/\/www.agenciasinc.es\/Noticias\/Los-alimentos-ultraprocesados-alteran-nuestra-estructura-muscular\" class=\"small_fotoderecha_titulo\"><\/a><\/p>\n<h3 class=\"small_fotoderecha_titulo\">Los alimentos ultraprocesados alteran nuestra estructura muscular<\/h3>\n<p>                    <\/p>\n<p>                                                                                                                                                <a href=\"https:\/\/www.agenciasinc.es\/Autor\/Yoana-Kaloyanova\"><br \/>\n                                        Yoana Kaloyanova<br \/>\n                                        <\/a>                                                                                                <\/p>\n<p><a><\/a><\/p>\n<h2>Riesgo continuado<\/h2>\n<p>Los investigadores tomaron c\u00e9lulas inmunitarias de cuatro grupos de personas para obtener una imagen m\u00e1s detallada del impacto de la obesidad. As\u00ed, el estudio incluy\u00f3 a pacientes que padec\u00edan obesidad y recib\u00edan inyecciones para perder peso, personas con un trastorno gen\u00e9tico raro llamado s\u00edndrome de Alstr\u00f6m, caracterizado por la obesidad infantil de aparici\u00f3n temprana, participantes que tomaron parte en una intervenci\u00f3n de ejercicio de diez semanas y pacientes con peso normal u obesidad que padec\u00edan osteoartritis.<\/p>\n<p>El trabajo estudi\u00f3 adem\u00e1s c\u00e9lulas de ratones alimentados con una dieta rica en grasas, as\u00ed como donaciones de sangre de voluntarios humanos sanos. Estos modelos se utilizaron para ayudar a examinar los mecanismos intracelulares que subyacen a la desregulaci\u00f3n inmunitaria en la obesidad.<\/p>\n<p><img decoding=\"async\" src=\"https:\/\/www.agenciasinc.es\/bundles\/app\/images\/quotebefore.png\" \/><\/p>\n<p>La p\u00e9rdida de peso a corto plazo puede no reducir de forma inmediata el riesgo de algunas enfermedades asociadas a la obesidad, como la diabetes tipo 2<\/p>\n<p>Claudio Mauro, Universidad de Birmingham<br \/>\n<img decoding=\"async\" src=\"https:\/\/www.agenciasinc.es\/bundles\/app\/images\/quoteafter.png\" \/><\/p>\n<p>Claudio Mauro, del Departamento de Inflamaci\u00f3n y Envejecimiento de la Universidad de Birmingham y coautor principal del estudio, afirma: \u201cLos hallazgos sugieren que la p\u00e9rdida de peso a corto plazo puede no reducir de forma inmediata el riesgo de algunas enfermedades asociadas a la obesidad, como la diabetes tipo 2 y algunos tipos de c\u00e1ncer\u201d.<\/p>\n<p>En cambio, el control continuo del peso tras la p\u00e9rdida har\u00e1 que la \u2018memoria de la obesidad\u2019 se desvanezca lentamente. \u201cEsto puede requerir varios a\u00f1os de mantenimiento sostenido de la p\u00e9rdida de peso, probablemente entre cinco y diez a\u00f1os, aunque esto requiere m\u00e1s estudios, para revertir por completo los efectos de la obesidad en las c\u00e9lulas T\u201d, a\u00f1ade Mauro.<\/p>\n<p>Adem\u00e1s, el estudio sugiere posibles oportunidades terap\u00e9uticas para acelerar este proceso, como la reutilizaci\u00f3n de f\u00e1rmacos como los inhibidores de SGLT2, que se han mostrado prometedores para reducir la inflamaci\u00f3n y promover la eliminaci\u00f3n inmunomediada de las c\u00e9lulas senescentes en la obesidad.<\/p>\n<p>                        <a href=\"https:\/\/www.agenciasinc.es\/Noticias\/La-evidencia-cientifica-sobre-el-ayuno-intermitente-para-adelgazar-no-esta-a-la-altura-de-su-fama\"><br \/>\n                            <img decoding=\"async\" src=\"https:\/\/cdn.agenciasinc.es\/var\/ezwebin_site\/storage\/images\/noticias\/la-evidencia-cientifica-sobre-el-ayuno-intermitente-para-adelgazar-no-esta-a-la-altura-de-su-fama\/12376720-3-esl-MX\/La-evidencia-cientifica-sobre-el-ayuno-intermitente-para-adelgazar-no-esta-a-la-altura-de-su-fama.png\" alt=\"La evidencia cient\u00edfica sobre el ayuno intermitente para adelgazar no est\u00e1 a la altura de su fama  \" title=\"La evidencia cient\u00edfica sobre el ayuno intermitente para adelgazar no est\u00e1 a la altura de su fama  \" class=\"small_fotoderecha_img\" loading=\"lazy\" \/><br \/>\n                        <\/a><\/p>\n<p>                    <a href=\"https:\/\/www.agenciasinc.es\/Noticias\/La-evidencia-cientifica-sobre-el-ayuno-intermitente-para-adelgazar-no-esta-a-la-altura-de-su-fama\" class=\"small_fotoderecha_titulo\"><\/a><\/p>\n<h3 class=\"small_fotoderecha_titulo\">La evidencia cient\u00edfica sobre el ayuno intermitente para adelgazar no est\u00e1 a la altura de su fama  <\/h3>\n<p>                    <\/p>\n<p>                                                                                                                                                <a href=\"https:\/\/www.agenciasinc.es\/Autor\/SINC\"><br \/>\n                                        SINC<br \/>\n                                        <\/a>                                                                                                <\/p>\n<p><a><\/a><\/p>\n<h2>Limpieza y envejecimiento de las c\u00e9lulas<\/h2>\n<p>En el trabajo, el equipo investigador identifica dos v\u00edas espec\u00edficas a trav\u00e9s de las cuales el etiquetado afecta a las c\u00e9lulas T colaboradoras. Se cree que la memoria de la obesidad afecta a la autofagia (el proceso por el que las c\u00e9lulas se autodigieren para eliminar los residuos) y a la senescencia inmunitaria (el envejecimiento del sistema inmunitario).<\/p>\n<p>\u00a0Se cree que la memoria de la obesidad afecta a la\u00a0autofagia,\u00a0el proceso por el que las c\u00e9lulas se autodigieren para eliminar los residuos<\/p>\n<p>Belinda Nedjai, del Instituto Wolfson de Salud de la Poblaci\u00f3n de la Universidad Queen Mary de Londres y tambi\u00e9n autora del art\u00edculo, afirma: \u201cNuestros hallazgos muestran que la obesidad est\u00e1 asociada a modificaciones epigen\u00e9ticas duraderas que influyen en el comportamiento de las c\u00e9lulas inmunitarias. Esto sugiere que el sistema inmunitario conserva un registro molecular de las exposiciones metab\u00f3licas pasadas, lo que puede tener implicaciones para el riesgo de enfermedad a largo plazo y la recuperaci\u00f3n\u201d.<\/p>\n<p>El equipo de investigaci\u00f3n utilizar\u00e1 estos hallazgos para ayudar a buscar tratamientos dirigidos que contribuyan a restaurar el funcionamiento t\u00edpico del sistema inmunitario, que se ve inhibido por el etiquetado del ADN. Los posibles tratamientos resultantes podr\u00edan utilizarse junto con las terapias de p\u00e9rdida de peso existentes para reducir el riesgo de afecciones, como las enfermedades metab\u00f3licas y el c\u00e1ncer, que se ven agravadas por la obesidad.<\/p>\n<p>Referencia:<\/p>\n<p>Claudio Mauro\u00a0et al. DNA methylation-mediated memory of obesity in CD4 T lymphocytes perpetuates immune dysregulation.\u00a0<a href=\"https:\/\/link.springer.com\/article\/10.1038\/s44319-026-00765-w\" target=\"_blank\">EMBO Report<\/a>s\u00a0(2026).<\/p>","protected":false},"excerpt":{"rendered":"<p>Las personas que padecen obesidad est\u00e1n \u2018marcando\u2019 un recuerdo de su sobrepeso en una parte clave del sistema inmunitario, lo que las deja expuestas a un riesgo continuo de padecer enfermedades relacionadas con la obesidad, incluso a\u00f1os despu\u00e9s de haber perdido peso. Esta es la conclusi\u00f3n de un estudio de diez a\u00f1os de duraci\u00f3n publicado [&hellip;]<\/p>\n","protected":false},"author":5,"featured_media":0,"comment_status":"","ping_status":"","sticky":false,"template":"","format":"standard","meta":{"site-sidebar-layout":"default","site-content-layout":"","ast-site-content-layout":"default","site-content-style":"default","site-sidebar-style":"default","ast-global-header-display":"","ast-banner-title-visibility":"","ast-main-header-display":"","ast-hfb-above-header-display":"","ast-hfb-below-header-display":"","ast-hfb-mobile-header-display":"","site-post-title":"","ast-breadcrumbs-content":"","ast-featured-img":"","footer-sml-layout":"","ast-disable-related-posts":"","theme-transparent-header-meta":"","adv-header-id-meta":"","stick-header-meta":"","header-above-stick-meta":"","header-main-stick-meta":"","header-below-stick-meta":"","astra-migrate-meta-layouts":"default","ast-page-background-enabled":"default","ast-page-background-meta":{"desktop":{"background-color":"var(--ast-global-color-4)","background-image":"","background-repeat":"repeat","background-position":"center center","background-size":"auto","background-attachment":"scroll","background-type":"","background-media":"","overlay-type":"","overlay-color":"","overlay-opacity":"","overlay-gradient":""},"tablet":{"background-color":"","background-image":"","background-repeat":"repeat","background-position":"center center","background-size":"auto","background-attachment":"scroll","background-type":"","background-media":"","overlay-type":"","overlay-color":"","overlay-opacity":"","overlay-gradient":""},"mobile":{"background-color":"","background-image":"","background-repeat":"repeat","background-position":"center center","background-size":"auto","background-attachment":"scroll","background-type":"","background-media":"","overlay-type":"","overlay-color":"","overlay-opacity":"","overlay-gradient":""}},"ast-content-background-meta":{"desktop":{"background-color":"var(--ast-global-color-5)","background-image":"","background-repeat":"repeat","background-position":"center center","background-size":"auto","background-attachment":"scroll","background-type":"","background-media":"","overlay-type":"","overlay-color":"","overlay-opacity":"","overlay-gradient":""},"tablet":{"background-color":"var(--ast-global-color-5)","background-image":"","background-repeat":"repeat","background-position":"center center","background-size":"auto","background-attachment":"scroll","background-type":"","background-media":"","overlay-type":"","overlay-color":"","overlay-opacity":"","overlay-gradient":""},"mobile":{"background-color":"var(--ast-global-color-5)","background-image":"","background-repeat":"repeat","background-position":"center center","background-size":"auto","background-attachment":"scroll","background-type":"","background-media":"","overlay-type":"","overlay-color":"","overlay-opacity":"","overlay-gradient":""}},"footnotes":""},"categories":[5],"tags":[],"class_list":["post-203563","post","type-post","status-publish","format-standard","hentry","category-noticias"],"yoast_head":"<!-- This site is optimized with the Yoast SEO Premium plugin v20.9 (Yoast SEO v27.4) - https:\/\/yoast.com\/product\/yoast-seo-premium-wordpress\/ -->\n<title>La obesidad deja una huella en las c\u00e9lulas inmunitarias incluso diez a\u00f1os despu\u00e9s de perder peso - bip4ex<\/title>\n<meta name=\"robots\" content=\"index, follow, max-snippet:-1, max-image-preview:large, max-video-preview:-1\" \/>\n<link rel=\"canonical\" href=\"https:\/\/helloproject.es\/vigilancia\/la-obesidad-deja-una-huella-en-las-celulas-inmunitarias-incluso-diez-anos-despues-de-perder-peso\/\" \/>\n<meta property=\"og:locale\" content=\"es_ES\" \/>\n<meta property=\"og:type\" content=\"article\" \/>\n<meta property=\"og:title\" content=\"La obesidad deja una huella en las c\u00e9lulas inmunitarias incluso diez a\u00f1os despu\u00e9s de perder peso\" \/>\n<meta property=\"og:description\" content=\"Las personas que padecen obesidad est\u00e1n \u2018marcando\u2019 un recuerdo de su sobrepeso en una parte clave del sistema inmunitario, lo que las deja expuestas a un riesgo continuo de padecer enfermedades relacionadas con la obesidad, incluso a\u00f1os despu\u00e9s de haber perdido peso. Esta es la conclusi\u00f3n de un estudio de diez a\u00f1os de duraci\u00f3n publicado [&hellip;]\" \/>\n<meta property=\"og:url\" content=\"https:\/\/helloproject.es\/vigilancia\/la-obesidad-deja-una-huella-en-las-celulas-inmunitarias-incluso-diez-anos-despues-de-perder-peso\/\" \/>\n<meta property=\"og:site_name\" content=\"bip4ex\" \/>\n<meta property=\"article:published_time\" content=\"2026-04-27T10:28:19+00:00\" \/>\n<meta property=\"og:image\" content=\"https:\/\/cdn.agenciasinc.es\/var\/ezwebin_site\/storage\/images\/noticias\/los-alimentos-ultraprocesados-alteran-nuestra-estructura-muscular\/12391376-1-esl-MX\/Los-alimentos-ultraprocesados-alteran-nuestra-estructura-muscular.jpg\" \/>\n<meta name=\"author\" content=\"Luis Miguel Mej\u00edas Ramos\" \/>\n<meta name=\"twitter:card\" content=\"summary_large_image\" \/>\n<meta name=\"twitter:label1\" content=\"Escrito por\" \/>\n\t<meta name=\"twitter:data1\" content=\"Luis Miguel Mej\u00edas Ramos\" \/>\n\t<meta name=\"twitter:label2\" content=\"Tiempo de lectura\" \/>\n\t<meta name=\"twitter:data2\" content=\"4 minutos\" \/>\n<script type=\"application\/ld+json\" class=\"yoast-schema-graph\">{\"@context\":\"https:\\\/\\\/schema.org\",\"@graph\":[{\"@type\":\"Article\",\"@id\":\"https:\\\/\\\/helloproject.es\\\/vigilancia\\\/la-obesidad-deja-una-huella-en-las-celulas-inmunitarias-incluso-diez-anos-despues-de-perder-peso\\\/#article\",\"isPartOf\":{\"@id\":\"https:\\\/\\\/helloproject.es\\\/vigilancia\\\/la-obesidad-deja-una-huella-en-las-celulas-inmunitarias-incluso-diez-anos-despues-de-perder-peso\\\/\"},\"author\":{\"name\":\"Luis Miguel Mej\u00edas Ramos\",\"@id\":\"https:\\\/\\\/helloproject.es\\\/vigilancia\\\/#\\\/schema\\\/person\\\/3767b0619d59a11570372c821f8619ca\"},\"headline\":\"La obesidad deja una huella en las c\u00e9lulas inmunitarias incluso diez a\u00f1os despu\u00e9s de perder peso\",\"datePublished\":\"2026-04-27T10:28:19+00:00\",\"mainEntityOfPage\":{\"@id\":\"https:\\\/\\\/helloproject.es\\\/vigilancia\\\/la-obesidad-deja-una-huella-en-las-celulas-inmunitarias-incluso-diez-anos-despues-de-perder-peso\\\/\"},\"wordCount\":915,\"publisher\":{\"@id\":\"https:\\\/\\\/helloproject.es\\\/vigilancia\\\/#organization\"},\"image\":{\"@id\":\"https:\\\/\\\/helloproject.es\\\/vigilancia\\\/la-obesidad-deja-una-huella-en-las-celulas-inmunitarias-incluso-diez-anos-despues-de-perder-peso\\\/#primaryimage\"},\"thumbnailUrl\":\"https:\\\/\\\/cdn.agenciasinc.es\\\/var\\\/ezwebin_site\\\/storage\\\/images\\\/noticias\\\/los-alimentos-ultraprocesados-alteran-nuestra-estructura-muscular\\\/12391376-1-esl-MX\\\/Los-alimentos-ultraprocesados-alteran-nuestra-estructura-muscular.jpg\",\"articleSection\":[\"Noticias\"],\"inLanguage\":\"es\"},{\"@type\":\"WebPage\",\"@id\":\"https:\\\/\\\/helloproject.es\\\/vigilancia\\\/la-obesidad-deja-una-huella-en-las-celulas-inmunitarias-incluso-diez-anos-despues-de-perder-peso\\\/\",\"url\":\"https:\\\/\\\/helloproject.es\\\/vigilancia\\\/la-obesidad-deja-una-huella-en-las-celulas-inmunitarias-incluso-diez-anos-despues-de-perder-peso\\\/\",\"name\":\"La obesidad deja una huella en las c\u00e9lulas inmunitarias incluso diez a\u00f1os despu\u00e9s de perder peso - bip4ex\",\"isPartOf\":{\"@id\":\"https:\\\/\\\/helloproject.es\\\/vigilancia\\\/#website\"},\"primaryImageOfPage\":{\"@id\":\"https:\\\/\\\/helloproject.es\\\/vigilancia\\\/la-obesidad-deja-una-huella-en-las-celulas-inmunitarias-incluso-diez-anos-despues-de-perder-peso\\\/#primaryimage\"},\"image\":{\"@id\":\"https:\\\/\\\/helloproject.es\\\/vigilancia\\\/la-obesidad-deja-una-huella-en-las-celulas-inmunitarias-incluso-diez-anos-despues-de-perder-peso\\\/#primaryimage\"},\"thumbnailUrl\":\"https:\\\/\\\/cdn.agenciasinc.es\\\/var\\\/ezwebin_site\\\/storage\\\/images\\\/noticias\\\/los-alimentos-ultraprocesados-alteran-nuestra-estructura-muscular\\\/12391376-1-esl-MX\\\/Los-alimentos-ultraprocesados-alteran-nuestra-estructura-muscular.jpg\",\"datePublished\":\"2026-04-27T10:28:19+00:00\",\"breadcrumb\":{\"@id\":\"https:\\\/\\\/helloproject.es\\\/vigilancia\\\/la-obesidad-deja-una-huella-en-las-celulas-inmunitarias-incluso-diez-anos-despues-de-perder-peso\\\/#breadcrumb\"},\"inLanguage\":\"es\",\"potentialAction\":[{\"@type\":\"ReadAction\",\"target\":[\"https:\\\/\\\/helloproject.es\\\/vigilancia\\\/la-obesidad-deja-una-huella-en-las-celulas-inmunitarias-incluso-diez-anos-despues-de-perder-peso\\\/\"]}]},{\"@type\":\"ImageObject\",\"inLanguage\":\"es\",\"@id\":\"https:\\\/\\\/helloproject.es\\\/vigilancia\\\/la-obesidad-deja-una-huella-en-las-celulas-inmunitarias-incluso-diez-anos-despues-de-perder-peso\\\/#primaryimage\",\"url\":\"https:\\\/\\\/cdn.agenciasinc.es\\\/var\\\/ezwebin_site\\\/storage\\\/images\\\/noticias\\\/los-alimentos-ultraprocesados-alteran-nuestra-estructura-muscular\\\/12391376-1-esl-MX\\\/Los-alimentos-ultraprocesados-alteran-nuestra-estructura-muscular.jpg\",\"contentUrl\":\"https:\\\/\\\/cdn.agenciasinc.es\\\/var\\\/ezwebin_site\\\/storage\\\/images\\\/noticias\\\/los-alimentos-ultraprocesados-alteran-nuestra-estructura-muscular\\\/12391376-1-esl-MX\\\/Los-alimentos-ultraprocesados-alteran-nuestra-estructura-muscular.jpg\"},{\"@type\":\"BreadcrumbList\",\"@id\":\"https:\\\/\\\/helloproject.es\\\/vigilancia\\\/la-obesidad-deja-una-huella-en-las-celulas-inmunitarias-incluso-diez-anos-despues-de-perder-peso\\\/#breadcrumb\",\"itemListElement\":[{\"@type\":\"ListItem\",\"position\":1,\"name\":\"Home\",\"item\":\"https:\\\/\\\/helloproject.es\\\/vigilancia\\\/\"},{\"@type\":\"ListItem\",\"position\":2,\"name\":\"La obesidad deja una huella en las c\u00e9lulas inmunitarias incluso diez a\u00f1os despu\u00e9s de perder peso\"}]},{\"@type\":\"WebSite\",\"@id\":\"https:\\\/\\\/helloproject.es\\\/vigilancia\\\/#website\",\"url\":\"https:\\\/\\\/helloproject.es\\\/vigilancia\\\/\",\"name\":\"bip4ex\",\"description\":\"Vigilancia Tecnol\u00f3gica\",\"publisher\":{\"@id\":\"https:\\\/\\\/helloproject.es\\\/vigilancia\\\/#organization\"},\"potentialAction\":[{\"@type\":\"SearchAction\",\"target\":{\"@type\":\"EntryPoint\",\"urlTemplate\":\"https:\\\/\\\/helloproject.es\\\/vigilancia\\\/?s={search_term_string}\"},\"query-input\":{\"@type\":\"PropertyValueSpecification\",\"valueRequired\":true,\"valueName\":\"search_term_string\"}}],\"inLanguage\":\"es\"},{\"@type\":\"Organization\",\"@id\":\"https:\\\/\\\/helloproject.es\\\/vigilancia\\\/#organization\",\"name\":\"Helloproject.es\",\"url\":\"https:\\\/\\\/helloproject.es\\\/vigilancia\\\/\",\"logo\":{\"@type\":\"ImageObject\",\"inLanguage\":\"es\",\"@id\":\"https:\\\/\\\/helloproject.es\\\/vigilancia\\\/#\\\/schema\\\/logo\\\/image\\\/\",\"url\":\"https:\\\/\\\/helloproject.es\\\/vigilancia\\\/wp-content\\\/uploads\\\/2023\\\/07\\\/bip4ex.png\",\"contentUrl\":\"https:\\\/\\\/helloproject.es\\\/vigilancia\\\/wp-content\\\/uploads\\\/2023\\\/07\\\/bip4ex.png\",\"width\":322,\"height\":365,\"caption\":\"Helloproject.es\"},\"image\":{\"@id\":\"https:\\\/\\\/helloproject.es\\\/vigilancia\\\/#\\\/schema\\\/logo\\\/image\\\/\"}},{\"@type\":\"Person\",\"@id\":\"https:\\\/\\\/helloproject.es\\\/vigilancia\\\/#\\\/schema\\\/person\\\/3767b0619d59a11570372c821f8619ca\",\"name\":\"Luis Miguel Mej\u00edas Ramos\",\"url\":\"https:\\\/\\\/helloproject.es\\\/vigilancia\\\/author\\\/luismi\\\/\"}]}<\/script>\n<!-- \/ Yoast SEO Premium plugin. -->","yoast_head_json":{"title":"La obesidad deja una huella en las c\u00e9lulas inmunitarias incluso diez a\u00f1os despu\u00e9s de perder peso - bip4ex","robots":{"index":"index","follow":"follow","max-snippet":"max-snippet:-1","max-image-preview":"max-image-preview:large","max-video-preview":"max-video-preview:-1"},"canonical":"https:\/\/helloproject.es\/vigilancia\/la-obesidad-deja-una-huella-en-las-celulas-inmunitarias-incluso-diez-anos-despues-de-perder-peso\/","og_locale":"es_ES","og_type":"article","og_title":"La obesidad deja una huella en las c\u00e9lulas inmunitarias incluso diez a\u00f1os despu\u00e9s de perder peso","og_description":"Las personas que padecen obesidad est\u00e1n \u2018marcando\u2019 un recuerdo de su sobrepeso en una parte clave del sistema inmunitario, lo que las deja expuestas a un riesgo continuo de padecer enfermedades relacionadas con la obesidad, incluso a\u00f1os despu\u00e9s de haber perdido peso. Esta es la conclusi\u00f3n de un estudio de diez a\u00f1os de duraci\u00f3n publicado [&hellip;]","og_url":"https:\/\/helloproject.es\/vigilancia\/la-obesidad-deja-una-huella-en-las-celulas-inmunitarias-incluso-diez-anos-despues-de-perder-peso\/","og_site_name":"bip4ex","article_published_time":"2026-04-27T10:28:19+00:00","og_image":[{"url":"https:\/\/cdn.agenciasinc.es\/var\/ezwebin_site\/storage\/images\/noticias\/los-alimentos-ultraprocesados-alteran-nuestra-estructura-muscular\/12391376-1-esl-MX\/Los-alimentos-ultraprocesados-alteran-nuestra-estructura-muscular.jpg","type":"","width":"","height":""}],"author":"Luis Miguel Mej\u00edas Ramos","twitter_card":"summary_large_image","twitter_misc":{"Escrito por":"Luis Miguel Mej\u00edas Ramos","Tiempo de lectura":"4 minutos"},"schema":{"@context":"https:\/\/schema.org","@graph":[{"@type":"Article","@id":"https:\/\/helloproject.es\/vigilancia\/la-obesidad-deja-una-huella-en-las-celulas-inmunitarias-incluso-diez-anos-despues-de-perder-peso\/#article","isPartOf":{"@id":"https:\/\/helloproject.es\/vigilancia\/la-obesidad-deja-una-huella-en-las-celulas-inmunitarias-incluso-diez-anos-despues-de-perder-peso\/"},"author":{"name":"Luis Miguel Mej\u00edas Ramos","@id":"https:\/\/helloproject.es\/vigilancia\/#\/schema\/person\/3767b0619d59a11570372c821f8619ca"},"headline":"La obesidad deja una huella en las c\u00e9lulas inmunitarias incluso diez a\u00f1os despu\u00e9s de perder peso","datePublished":"2026-04-27T10:28:19+00:00","mainEntityOfPage":{"@id":"https:\/\/helloproject.es\/vigilancia\/la-obesidad-deja-una-huella-en-las-celulas-inmunitarias-incluso-diez-anos-despues-de-perder-peso\/"},"wordCount":915,"publisher":{"@id":"https:\/\/helloproject.es\/vigilancia\/#organization"},"image":{"@id":"https:\/\/helloproject.es\/vigilancia\/la-obesidad-deja-una-huella-en-las-celulas-inmunitarias-incluso-diez-anos-despues-de-perder-peso\/#primaryimage"},"thumbnailUrl":"https:\/\/cdn.agenciasinc.es\/var\/ezwebin_site\/storage\/images\/noticias\/los-alimentos-ultraprocesados-alteran-nuestra-estructura-muscular\/12391376-1-esl-MX\/Los-alimentos-ultraprocesados-alteran-nuestra-estructura-muscular.jpg","articleSection":["Noticias"],"inLanguage":"es"},{"@type":"WebPage","@id":"https:\/\/helloproject.es\/vigilancia\/la-obesidad-deja-una-huella-en-las-celulas-inmunitarias-incluso-diez-anos-despues-de-perder-peso\/","url":"https:\/\/helloproject.es\/vigilancia\/la-obesidad-deja-una-huella-en-las-celulas-inmunitarias-incluso-diez-anos-despues-de-perder-peso\/","name":"La obesidad deja una huella en las c\u00e9lulas inmunitarias incluso diez a\u00f1os despu\u00e9s de perder peso - bip4ex","isPartOf":{"@id":"https:\/\/helloproject.es\/vigilancia\/#website"},"primaryImageOfPage":{"@id":"https:\/\/helloproject.es\/vigilancia\/la-obesidad-deja-una-huella-en-las-celulas-inmunitarias-incluso-diez-anos-despues-de-perder-peso\/#primaryimage"},"image":{"@id":"https:\/\/helloproject.es\/vigilancia\/la-obesidad-deja-una-huella-en-las-celulas-inmunitarias-incluso-diez-anos-despues-de-perder-peso\/#primaryimage"},"thumbnailUrl":"https:\/\/cdn.agenciasinc.es\/var\/ezwebin_site\/storage\/images\/noticias\/los-alimentos-ultraprocesados-alteran-nuestra-estructura-muscular\/12391376-1-esl-MX\/Los-alimentos-ultraprocesados-alteran-nuestra-estructura-muscular.jpg","datePublished":"2026-04-27T10:28:19+00:00","breadcrumb":{"@id":"https:\/\/helloproject.es\/vigilancia\/la-obesidad-deja-una-huella-en-las-celulas-inmunitarias-incluso-diez-anos-despues-de-perder-peso\/#breadcrumb"},"inLanguage":"es","potentialAction":[{"@type":"ReadAction","target":["https:\/\/helloproject.es\/vigilancia\/la-obesidad-deja-una-huella-en-las-celulas-inmunitarias-incluso-diez-anos-despues-de-perder-peso\/"]}]},{"@type":"ImageObject","inLanguage":"es","@id":"https:\/\/helloproject.es\/vigilancia\/la-obesidad-deja-una-huella-en-las-celulas-inmunitarias-incluso-diez-anos-despues-de-perder-peso\/#primaryimage","url":"https:\/\/cdn.agenciasinc.es\/var\/ezwebin_site\/storage\/images\/noticias\/los-alimentos-ultraprocesados-alteran-nuestra-estructura-muscular\/12391376-1-esl-MX\/Los-alimentos-ultraprocesados-alteran-nuestra-estructura-muscular.jpg","contentUrl":"https:\/\/cdn.agenciasinc.es\/var\/ezwebin_site\/storage\/images\/noticias\/los-alimentos-ultraprocesados-alteran-nuestra-estructura-muscular\/12391376-1-esl-MX\/Los-alimentos-ultraprocesados-alteran-nuestra-estructura-muscular.jpg"},{"@type":"BreadcrumbList","@id":"https:\/\/helloproject.es\/vigilancia\/la-obesidad-deja-una-huella-en-las-celulas-inmunitarias-incluso-diez-anos-despues-de-perder-peso\/#breadcrumb","itemListElement":[{"@type":"ListItem","position":1,"name":"Home","item":"https:\/\/helloproject.es\/vigilancia\/"},{"@type":"ListItem","position":2,"name":"La obesidad deja una huella en las c\u00e9lulas inmunitarias incluso diez a\u00f1os despu\u00e9s de perder peso"}]},{"@type":"WebSite","@id":"https:\/\/helloproject.es\/vigilancia\/#website","url":"https:\/\/helloproject.es\/vigilancia\/","name":"bip4ex","description":"Vigilancia Tecnol\u00f3gica","publisher":{"@id":"https:\/\/helloproject.es\/vigilancia\/#organization"},"potentialAction":[{"@type":"SearchAction","target":{"@type":"EntryPoint","urlTemplate":"https:\/\/helloproject.es\/vigilancia\/?s={search_term_string}"},"query-input":{"@type":"PropertyValueSpecification","valueRequired":true,"valueName":"search_term_string"}}],"inLanguage":"es"},{"@type":"Organization","@id":"https:\/\/helloproject.es\/vigilancia\/#organization","name":"Helloproject.es","url":"https:\/\/helloproject.es\/vigilancia\/","logo":{"@type":"ImageObject","inLanguage":"es","@id":"https:\/\/helloproject.es\/vigilancia\/#\/schema\/logo\/image\/","url":"https:\/\/helloproject.es\/vigilancia\/wp-content\/uploads\/2023\/07\/bip4ex.png","contentUrl":"https:\/\/helloproject.es\/vigilancia\/wp-content\/uploads\/2023\/07\/bip4ex.png","width":322,"height":365,"caption":"Helloproject.es"},"image":{"@id":"https:\/\/helloproject.es\/vigilancia\/#\/schema\/logo\/image\/"}},{"@type":"Person","@id":"https:\/\/helloproject.es\/vigilancia\/#\/schema\/person\/3767b0619d59a11570372c821f8619ca","name":"Luis Miguel Mej\u00edas Ramos","url":"https:\/\/helloproject.es\/vigilancia\/author\/luismi\/"}]}},"_links":{"self":[{"href":"https:\/\/helloproject.es\/vigilancia\/wp-json\/wp\/v2\/posts\/203563","targetHints":{"allow":["GET"]}}],"collection":[{"href":"https:\/\/helloproject.es\/vigilancia\/wp-json\/wp\/v2\/posts"}],"about":[{"href":"https:\/\/helloproject.es\/vigilancia\/wp-json\/wp\/v2\/types\/post"}],"author":[{"embeddable":true,"href":"https:\/\/helloproject.es\/vigilancia\/wp-json\/wp\/v2\/users\/5"}],"replies":[{"embeddable":true,"href":"https:\/\/helloproject.es\/vigilancia\/wp-json\/wp\/v2\/comments?post=203563"}],"version-history":[{"count":0,"href":"https:\/\/helloproject.es\/vigilancia\/wp-json\/wp\/v2\/posts\/203563\/revisions"}],"wp:attachment":[{"href":"https:\/\/helloproject.es\/vigilancia\/wp-json\/wp\/v2\/media?parent=203563"}],"wp:term":[{"taxonomy":"category","embeddable":true,"href":"https:\/\/helloproject.es\/vigilancia\/wp-json\/wp\/v2\/categories?post=203563"},{"taxonomy":"post_tag","embeddable":true,"href":"https:\/\/helloproject.es\/vigilancia\/wp-json\/wp\/v2\/tags?post=203563"}],"curies":[{"name":"wp","href":"https:\/\/api.w.org\/{rel}","templated":true}]}}