{"id":203594,"date":"2026-04-28T07:28:35","date_gmt":"2026-04-28T06:28:35","guid":{"rendered":"https:\/\/helloproject.es\/vigilancia\/resolucion-de-21-de-abril-de-2026-de-la-mutualidad-general-de-funcionarios-civiles-del-estado-por-la-que-se-convoca-la-concesion-de-ayudas-de-proteccion-sociosanitaria-durante-el-ano-2026\/"},"modified":"2026-04-28T07:28:35","modified_gmt":"2026-04-28T06:28:35","slug":"resolucion-de-21-de-abril-de-2026-de-la-mutualidad-general-de-funcionarios-civiles-del-estado-por-la-que-se-convoca-la-concesion-de-ayudas-de-proteccion-sociosanitaria-durante-el-ano-2026","status":"publish","type":"post","link":"https:\/\/helloproject.es\/vigilancia\/resolucion-de-21-de-abril-de-2026-de-la-mutualidad-general-de-funcionarios-civiles-del-estado-por-la-que-se-convoca-la-concesion-de-ayudas-de-proteccion-sociosanitaria-durante-el-ano-2026\/","title":{"rendered":"Resoluci\u00f3n de 21 de abril de 2026, de la Mutualidad General de Funcionarios Civiles del Estado, por la que se convoca la concesi\u00f3n de ayudas de protecci\u00f3n sociosanitaria durante el a\u00f1o 2026."},"content":{"rendered":"<p>Ministerio para la Transformaci\u00f3n Digital y de la Funci\u00f3n P\u00fablica &#8211; Publicado el 28\/04\/2026 &#8211; Referencia: BOE-A-2026-9282<\/p>","protected":false},"excerpt":{"rendered":"<p>Ministerio para la Transformaci\u00f3n Digital y de la Funci\u00f3n P\u00fablica &#8211; Publicado el 28\/04\/2026 &#8211; Referencia: BOE-A-2026-9282<\/p>\n","protected":false},"author":5,"featured_media":0,"comment_status":"","ping_status":"","sticky":false,"template":"","format":"standard","meta":{"site-sidebar-layout":"default","site-content-layout":"","ast-site-content-layout":"default","site-content-style":"default","site-sidebar-style":"default","ast-global-header-display":"","ast-banner-title-visibility":"","ast-main-header-display":"","ast-hfb-above-header-display":"","ast-hfb-below-header-display":"","ast-hfb-mobile-header-display":"","site-post-title":"","ast-breadcrumbs-content":"","ast-featured-img":"","footer-sml-layout":"","ast-disable-related-posts":"","theme-transparent-header-meta":"","adv-header-id-meta":"","stick-header-meta":"","header-above-stick-meta":"","header-main-stick-meta":"","header-below-stick-meta":"","astra-migrate-meta-layouts":"default","ast-page-background-enabled":"default","ast-page-background-meta":{"desktop":{"background-color":"var(--ast-global-color-4)","background-image":"","background-repeat":"repeat","background-position":"center center","background-size":"auto","background-attachment":"scroll","background-type":"","background-media":"","overlay-type":"","overlay-color":"","overlay-opacity":"","overlay-gradient":""},"tablet":{"background-color":"","background-image":"","background-repeat":"repeat","background-position":"center center","background-size":"auto","background-attachment":"scroll","background-type":"","background-media":"","overlay-type":"","overlay-color":"","overlay-opacity":"","overlay-gradient":""},"mobile":{"background-color":"","background-image":"","background-repeat":"repeat","background-position":"center center","background-size":"auto","background-attachment":"scroll","background-type":"","background-media":"","overlay-type":"","overlay-color":"","overlay-opacity":"","overlay-gradient":""}},"ast-content-background-meta":{"desktop":{"background-color":"var(--ast-global-color-5)","background-image":"","background-repeat":"repeat","background-position":"center center","background-size":"auto","background-attachment":"scroll","background-type":"","background-media":"","overlay-type":"","overlay-color":"","overlay-opacity":"","overlay-gradient":""},"tablet":{"background-color":"var(--ast-global-color-5)","background-image":"","background-repeat":"repeat","background-position":"center center","background-size":"auto","background-attachment":"scroll","background-type":"","background-media":"","overlay-type":"","overlay-color":"","overlay-opacity":"","overlay-gradient":""},"mobile":{"background-color":"var(--ast-global-color-5)","background-image":"","background-repeat":"repeat","background-position":"center center","background-size":"auto","background-attachment":"scroll","background-type":"","background-media":"","overlay-type":"","overlay-color":"","overlay-opacity":"","overlay-gradient":""}},"footnotes":""},"categories":[8],"tags":[],"class_list":["post-203594","post","type-post","status-publish","format-standard","hentry","category-ayudas-y-subvenciones"],"yoast_head":"<!-- This site is optimized with the Yoast SEO Premium plugin v20.9 (Yoast SEO v27.4) - https:\/\/yoast.com\/product\/yoast-seo-premium-wordpress\/ -->\n<title>Resoluci\u00f3n de 21 de abril de 2026, de la Mutualidad General de Funcionarios Civiles del Estado, por la que se convoca la concesi\u00f3n de ayudas de protecci\u00f3n sociosanitaria durante el a\u00f1o 2026. - bip4ex<\/title>\n<meta name=\"robots\" content=\"index, follow, max-snippet:-1, max-image-preview:large, max-video-preview:-1\" \/>\n<link rel=\"canonical\" href=\"https:\/\/helloproject.es\/vigilancia\/resolucion-de-21-de-abril-de-2026-de-la-mutualidad-general-de-funcionarios-civiles-del-estado-por-la-que-se-convoca-la-concesion-de-ayudas-de-proteccion-sociosanitaria-durante-el-ano-2026\/\" \/>\n<meta property=\"og:locale\" content=\"es_ES\" \/>\n<meta property=\"og:type\" content=\"article\" \/>\n<meta property=\"og:title\" content=\"Resoluci\u00f3n de 21 de abril de 2026, de la Mutualidad General de Funcionarios Civiles del Estado, por la que se convoca la concesi\u00f3n de ayudas de protecci\u00f3n sociosanitaria durante el a\u00f1o 2026.\" \/>\n<meta property=\"og:description\" content=\"Ministerio para la Transformaci\u00f3n Digital y de la Funci\u00f3n P\u00fablica &#8211; Publicado el 28\/04\/2026 &#8211; Referencia: BOE-A-2026-9282\" \/>\n<meta property=\"og:url\" content=\"https:\/\/helloproject.es\/vigilancia\/resolucion-de-21-de-abril-de-2026-de-la-mutualidad-general-de-funcionarios-civiles-del-estado-por-la-que-se-convoca-la-concesion-de-ayudas-de-proteccion-sociosanitaria-durante-el-ano-2026\/\" \/>\n<meta property=\"og:site_name\" content=\"bip4ex\" \/>\n<meta property=\"article:published_time\" content=\"2026-04-28T06:28:35+00:00\" \/>\n<meta name=\"author\" content=\"Luis Miguel Mej\u00edas Ramos\" \/>\n<meta name=\"twitter:card\" content=\"summary_large_image\" \/>\n<meta name=\"twitter:label1\" content=\"Escrito por\" \/>\n\t<meta name=\"twitter:data1\" content=\"Luis Miguel Mej\u00edas Ramos\" \/>\n<script type=\"application\/ld+json\" class=\"yoast-schema-graph\">{\"@context\":\"https:\\\/\\\/schema.org\",\"@graph\":[{\"@type\":\"Article\",\"@id\":\"https:\\\/\\\/helloproject.es\\\/vigilancia\\\/resolucion-de-21-de-abril-de-2026-de-la-mutualidad-general-de-funcionarios-civiles-del-estado-por-la-que-se-convoca-la-concesion-de-ayudas-de-proteccion-sociosanitaria-durante-el-ano-2026\\\/#article\",\"isPartOf\":{\"@id\":\"https:\\\/\\\/helloproject.es\\\/vigilancia\\\/resolucion-de-21-de-abril-de-2026-de-la-mutualidad-general-de-funcionarios-civiles-del-estado-por-la-que-se-convoca-la-concesion-de-ayudas-de-proteccion-sociosanitaria-durante-el-ano-2026\\\/\"},\"author\":{\"name\":\"Luis Miguel Mej\u00edas Ramos\",\"@id\":\"https:\\\/\\\/helloproject.es\\\/vigilancia\\\/#\\\/schema\\\/person\\\/3767b0619d59a11570372c821f8619ca\"},\"headline\":\"Resoluci\u00f3n de 21 de abril de 2026, de la Mutualidad General de Funcionarios Civiles del Estado, por la que se convoca la concesi\u00f3n de ayudas de protecci\u00f3n sociosanitaria durante el a\u00f1o 2026.\",\"datePublished\":\"2026-04-28T06:28:35+00:00\",\"mainEntityOfPage\":{\"@id\":\"https:\\\/\\\/helloproject.es\\\/vigilancia\\\/resolucion-de-21-de-abril-de-2026-de-la-mutualidad-general-de-funcionarios-civiles-del-estado-por-la-que-se-convoca-la-concesion-de-ayudas-de-proteccion-sociosanitaria-durante-el-ano-2026\\\/\"},\"wordCount\":53,\"publisher\":{\"@id\":\"https:\\\/\\\/helloproject.es\\\/vigilancia\\\/#organization\"},\"articleSection\":[\"Ayudas y Subvenciones\"],\"inLanguage\":\"es\"},{\"@type\":\"WebPage\",\"@id\":\"https:\\\/\\\/helloproject.es\\\/vigilancia\\\/resolucion-de-21-de-abril-de-2026-de-la-mutualidad-general-de-funcionarios-civiles-del-estado-por-la-que-se-convoca-la-concesion-de-ayudas-de-proteccion-sociosanitaria-durante-el-ano-2026\\\/\",\"url\":\"https:\\\/\\\/helloproject.es\\\/vigilancia\\\/resolucion-de-21-de-abril-de-2026-de-la-mutualidad-general-de-funcionarios-civiles-del-estado-por-la-que-se-convoca-la-concesion-de-ayudas-de-proteccion-sociosanitaria-durante-el-ano-2026\\\/\",\"name\":\"Resoluci\u00f3n de 21 de abril de 2026, de la Mutualidad General de Funcionarios Civiles del Estado, por la que se convoca la concesi\u00f3n de ayudas de protecci\u00f3n sociosanitaria durante el a\u00f1o 2026. - bip4ex\",\"isPartOf\":{\"@id\":\"https:\\\/\\\/helloproject.es\\\/vigilancia\\\/#website\"},\"datePublished\":\"2026-04-28T06:28:35+00:00\",\"breadcrumb\":{\"@id\":\"https:\\\/\\\/helloproject.es\\\/vigilancia\\\/resolucion-de-21-de-abril-de-2026-de-la-mutualidad-general-de-funcionarios-civiles-del-estado-por-la-que-se-convoca-la-concesion-de-ayudas-de-proteccion-sociosanitaria-durante-el-ano-2026\\\/#breadcrumb\"},\"inLanguage\":\"es\",\"potentialAction\":[{\"@type\":\"ReadAction\",\"target\":[\"https:\\\/\\\/helloproject.es\\\/vigilancia\\\/resolucion-de-21-de-abril-de-2026-de-la-mutualidad-general-de-funcionarios-civiles-del-estado-por-la-que-se-convoca-la-concesion-de-ayudas-de-proteccion-sociosanitaria-durante-el-ano-2026\\\/\"]}]},{\"@type\":\"BreadcrumbList\",\"@id\":\"https:\\\/\\\/helloproject.es\\\/vigilancia\\\/resolucion-de-21-de-abril-de-2026-de-la-mutualidad-general-de-funcionarios-civiles-del-estado-por-la-que-se-convoca-la-concesion-de-ayudas-de-proteccion-sociosanitaria-durante-el-ano-2026\\\/#breadcrumb\",\"itemListElement\":[{\"@type\":\"ListItem\",\"position\":1,\"name\":\"Home\",\"item\":\"https:\\\/\\\/helloproject.es\\\/vigilancia\\\/\"},{\"@type\":\"ListItem\",\"position\":2,\"name\":\"Resoluci\u00f3n de 21 de abril de 2026, de la Mutualidad General de Funcionarios Civiles del Estado, por la que se convoca la concesi\u00f3n de ayudas de protecci\u00f3n sociosanitaria durante el a\u00f1o 2026.\"}]},{\"@type\":\"WebSite\",\"@id\":\"https:\\\/\\\/helloproject.es\\\/vigilancia\\\/#website\",\"url\":\"https:\\\/\\\/helloproject.es\\\/vigilancia\\\/\",\"name\":\"bip4ex\",\"description\":\"Vigilancia Tecnol\u00f3gica\",\"publisher\":{\"@id\":\"https:\\\/\\\/helloproject.es\\\/vigilancia\\\/#organization\"},\"potentialAction\":[{\"@type\":\"SearchAction\",\"target\":{\"@type\":\"EntryPoint\",\"urlTemplate\":\"https:\\\/\\\/helloproject.es\\\/vigilancia\\\/?s={search_term_string}\"},\"query-input\":{\"@type\":\"PropertyValueSpecification\",\"valueRequired\":true,\"valueName\":\"search_term_string\"}}],\"inLanguage\":\"es\"},{\"@type\":\"Organization\",\"@id\":\"https:\\\/\\\/helloproject.es\\\/vigilancia\\\/#organization\",\"name\":\"Helloproject.es\",\"url\":\"https:\\\/\\\/helloproject.es\\\/vigilancia\\\/\",\"logo\":{\"@type\":\"ImageObject\",\"inLanguage\":\"es\",\"@id\":\"https:\\\/\\\/helloproject.es\\\/vigilancia\\\/#\\\/schema\\\/logo\\\/image\\\/\",\"url\":\"https:\\\/\\\/helloproject.es\\\/vigilancia\\\/wp-content\\\/uploads\\\/2023\\\/07\\\/bip4ex.png\",\"contentUrl\":\"https:\\\/\\\/helloproject.es\\\/vigilancia\\\/wp-content\\\/uploads\\\/2023\\\/07\\\/bip4ex.png\",\"width\":322,\"height\":365,\"caption\":\"Helloproject.es\"},\"image\":{\"@id\":\"https:\\\/\\\/helloproject.es\\\/vigilancia\\\/#\\\/schema\\\/logo\\\/image\\\/\"}},{\"@type\":\"Person\",\"@id\":\"https:\\\/\\\/helloproject.es\\\/vigilancia\\\/#\\\/schema\\\/person\\\/3767b0619d59a11570372c821f8619ca\",\"name\":\"Luis Miguel Mej\u00edas Ramos\",\"url\":\"https:\\\/\\\/helloproject.es\\\/vigilancia\\\/author\\\/luismi\\\/\"}]}<\/script>\n<!-- \/ Yoast SEO Premium plugin. -->","yoast_head_json":{"title":"Resoluci\u00f3n de 21 de abril de 2026, de la Mutualidad General de Funcionarios Civiles del Estado, por la que se convoca la concesi\u00f3n de ayudas de protecci\u00f3n sociosanitaria durante el a\u00f1o 2026. - bip4ex","robots":{"index":"index","follow":"follow","max-snippet":"max-snippet:-1","max-image-preview":"max-image-preview:large","max-video-preview":"max-video-preview:-1"},"canonical":"https:\/\/helloproject.es\/vigilancia\/resolucion-de-21-de-abril-de-2026-de-la-mutualidad-general-de-funcionarios-civiles-del-estado-por-la-que-se-convoca-la-concesion-de-ayudas-de-proteccion-sociosanitaria-durante-el-ano-2026\/","og_locale":"es_ES","og_type":"article","og_title":"Resoluci\u00f3n de 21 de abril de 2026, de la Mutualidad General de Funcionarios Civiles del Estado, por la que se convoca la concesi\u00f3n de ayudas de protecci\u00f3n sociosanitaria durante el a\u00f1o 2026.","og_description":"Ministerio para la Transformaci\u00f3n Digital y de la Funci\u00f3n P\u00fablica &#8211; Publicado el 28\/04\/2026 &#8211; Referencia: BOE-A-2026-9282","og_url":"https:\/\/helloproject.es\/vigilancia\/resolucion-de-21-de-abril-de-2026-de-la-mutualidad-general-de-funcionarios-civiles-del-estado-por-la-que-se-convoca-la-concesion-de-ayudas-de-proteccion-sociosanitaria-durante-el-ano-2026\/","og_site_name":"bip4ex","article_published_time":"2026-04-28T06:28:35+00:00","author":"Luis Miguel Mej\u00edas Ramos","twitter_card":"summary_large_image","twitter_misc":{"Escrito por":"Luis Miguel Mej\u00edas Ramos"},"schema":{"@context":"https:\/\/schema.org","@graph":[{"@type":"Article","@id":"https:\/\/helloproject.es\/vigilancia\/resolucion-de-21-de-abril-de-2026-de-la-mutualidad-general-de-funcionarios-civiles-del-estado-por-la-que-se-convoca-la-concesion-de-ayudas-de-proteccion-sociosanitaria-durante-el-ano-2026\/#article","isPartOf":{"@id":"https:\/\/helloproject.es\/vigilancia\/resolucion-de-21-de-abril-de-2026-de-la-mutualidad-general-de-funcionarios-civiles-del-estado-por-la-que-se-convoca-la-concesion-de-ayudas-de-proteccion-sociosanitaria-durante-el-ano-2026\/"},"author":{"name":"Luis Miguel Mej\u00edas Ramos","@id":"https:\/\/helloproject.es\/vigilancia\/#\/schema\/person\/3767b0619d59a11570372c821f8619ca"},"headline":"Resoluci\u00f3n de 21 de abril de 2026, de la Mutualidad General de Funcionarios Civiles del Estado, por la que se convoca la concesi\u00f3n de ayudas de protecci\u00f3n sociosanitaria durante el a\u00f1o 2026.","datePublished":"2026-04-28T06:28:35+00:00","mainEntityOfPage":{"@id":"https:\/\/helloproject.es\/vigilancia\/resolucion-de-21-de-abril-de-2026-de-la-mutualidad-general-de-funcionarios-civiles-del-estado-por-la-que-se-convoca-la-concesion-de-ayudas-de-proteccion-sociosanitaria-durante-el-ano-2026\/"},"wordCount":53,"publisher":{"@id":"https:\/\/helloproject.es\/vigilancia\/#organization"},"articleSection":["Ayudas y Subvenciones"],"inLanguage":"es"},{"@type":"WebPage","@id":"https:\/\/helloproject.es\/vigilancia\/resolucion-de-21-de-abril-de-2026-de-la-mutualidad-general-de-funcionarios-civiles-del-estado-por-la-que-se-convoca-la-concesion-de-ayudas-de-proteccion-sociosanitaria-durante-el-ano-2026\/","url":"https:\/\/helloproject.es\/vigilancia\/resolucion-de-21-de-abril-de-2026-de-la-mutualidad-general-de-funcionarios-civiles-del-estado-por-la-que-se-convoca-la-concesion-de-ayudas-de-proteccion-sociosanitaria-durante-el-ano-2026\/","name":"Resoluci\u00f3n de 21 de abril de 2026, de la Mutualidad General de Funcionarios Civiles del Estado, por la que se convoca la concesi\u00f3n de ayudas de protecci\u00f3n sociosanitaria durante el a\u00f1o 2026. - bip4ex","isPartOf":{"@id":"https:\/\/helloproject.es\/vigilancia\/#website"},"datePublished":"2026-04-28T06:28:35+00:00","breadcrumb":{"@id":"https:\/\/helloproject.es\/vigilancia\/resolucion-de-21-de-abril-de-2026-de-la-mutualidad-general-de-funcionarios-civiles-del-estado-por-la-que-se-convoca-la-concesion-de-ayudas-de-proteccion-sociosanitaria-durante-el-ano-2026\/#breadcrumb"},"inLanguage":"es","potentialAction":[{"@type":"ReadAction","target":["https:\/\/helloproject.es\/vigilancia\/resolucion-de-21-de-abril-de-2026-de-la-mutualidad-general-de-funcionarios-civiles-del-estado-por-la-que-se-convoca-la-concesion-de-ayudas-de-proteccion-sociosanitaria-durante-el-ano-2026\/"]}]},{"@type":"BreadcrumbList","@id":"https:\/\/helloproject.es\/vigilancia\/resolucion-de-21-de-abril-de-2026-de-la-mutualidad-general-de-funcionarios-civiles-del-estado-por-la-que-se-convoca-la-concesion-de-ayudas-de-proteccion-sociosanitaria-durante-el-ano-2026\/#breadcrumb","itemListElement":[{"@type":"ListItem","position":1,"name":"Home","item":"https:\/\/helloproject.es\/vigilancia\/"},{"@type":"ListItem","position":2,"name":"Resoluci\u00f3n de 21 de abril de 2026, de la Mutualidad General de Funcionarios Civiles del Estado, por la que se convoca la concesi\u00f3n de ayudas de protecci\u00f3n sociosanitaria durante el a\u00f1o 2026."}]},{"@type":"WebSite","@id":"https:\/\/helloproject.es\/vigilancia\/#website","url":"https:\/\/helloproject.es\/vigilancia\/","name":"bip4ex","description":"Vigilancia Tecnol\u00f3gica","publisher":{"@id":"https:\/\/helloproject.es\/vigilancia\/#organization"},"potentialAction":[{"@type":"SearchAction","target":{"@type":"EntryPoint","urlTemplate":"https:\/\/helloproject.es\/vigilancia\/?s={search_term_string}"},"query-input":{"@type":"PropertyValueSpecification","valueRequired":true,"valueName":"search_term_string"}}],"inLanguage":"es"},{"@type":"Organization","@id":"https:\/\/helloproject.es\/vigilancia\/#organization","name":"Helloproject.es","url":"https:\/\/helloproject.es\/vigilancia\/","logo":{"@type":"ImageObject","inLanguage":"es","@id":"https:\/\/helloproject.es\/vigilancia\/#\/schema\/logo\/image\/","url":"https:\/\/helloproject.es\/vigilancia\/wp-content\/uploads\/2023\/07\/bip4ex.png","contentUrl":"https:\/\/helloproject.es\/vigilancia\/wp-content\/uploads\/2023\/07\/bip4ex.png","width":322,"height":365,"caption":"Helloproject.es"},"image":{"@id":"https:\/\/helloproject.es\/vigilancia\/#\/schema\/logo\/image\/"}},{"@type":"Person","@id":"https:\/\/helloproject.es\/vigilancia\/#\/schema\/person\/3767b0619d59a11570372c821f8619ca","name":"Luis Miguel Mej\u00edas Ramos","url":"https:\/\/helloproject.es\/vigilancia\/author\/luismi\/"}]}},"_links":{"self":[{"href":"https:\/\/helloproject.es\/vigilancia\/wp-json\/wp\/v2\/posts\/203594","targetHints":{"allow":["GET"]}}],"collection":[{"href":"https:\/\/helloproject.es\/vigilancia\/wp-json\/wp\/v2\/posts"}],"about":[{"href":"https:\/\/helloproject.es\/vigilancia\/wp-json\/wp\/v2\/types\/post"}],"author":[{"embeddable":true,"href":"https:\/\/helloproject.es\/vigilancia\/wp-json\/wp\/v2\/users\/5"}],"replies":[{"embeddable":true,"href":"https:\/\/helloproject.es\/vigilancia\/wp-json\/wp\/v2\/comments?post=203594"}],"version-history":[{"count":0,"href":"https:\/\/helloproject.es\/vigilancia\/wp-json\/wp\/v2\/posts\/203594\/revisions"}],"wp:attachment":[{"href":"https:\/\/helloproject.es\/vigilancia\/wp-json\/wp\/v2\/media?parent=203594"}],"wp:term":[{"taxonomy":"category","embeddable":true,"href":"https:\/\/helloproject.es\/vigilancia\/wp-json\/wp\/v2\/categories?post=203594"},{"taxonomy":"post_tag","embeddable":true,"href":"https:\/\/helloproject.es\/vigilancia\/wp-json\/wp\/v2\/tags?post=203594"}],"curies":[{"name":"wp","href":"https:\/\/api.w.org\/{rel}","templated":true}]}}