{"id":203615,"date":"2026-04-28T11:28:07","date_gmt":"2026-04-28T10:28:07","guid":{"rendered":"https:\/\/helloproject.es\/vigilancia\/tus-suenos-no-son-aleatorios-estan-influidos-por-tu-personalidad-y-tu-vida-diaria\/"},"modified":"2026-04-28T11:28:07","modified_gmt":"2026-04-28T10:28:07","slug":"tus-suenos-no-son-aleatorios-estan-influidos-por-tu-personalidad-y-tu-vida-diaria","status":"publish","type":"post","link":"https:\/\/helloproject.es\/vigilancia\/tus-suenos-no-son-aleatorios-estan-influidos-por-tu-personalidad-y-tu-vida-diaria\/","title":{"rendered":"Tus sue\u00f1os no son aleatorios, est\u00e1n influidos por tu personalidad y tu vida diaria"},"content":{"rendered":"<p>Los sue\u00f1os no son un fen\u00f3meno aleatorio ni desconectado de la vida diaria. Un estudio liderado por investigadores de la IMT School for Advanced Studies Lucca\u00a0 (Italia) revela que tanto las caracter\u00edsticas individuales como las experiencias vitales compartidas influyen de forma sistem\u00e1tica en el contenido on\u00edrico.<\/p>\n<p>El trabajo, publicado en Communications Psychology, del grupo Nature, analiz\u00f3 3 700 informes de sue\u00f1os y experiencias de vigilia recogidos entre 287 personas de entre 18 y 70 a\u00f1os. Durante dos semanas, los participantes registraron sus vivencias diarias mientras los investigadores recopilaron informaci\u00f3n sobre su sue\u00f1o, rasgos de personalidad, capacidades cognitivas y variables psicol\u00f3gicas.<\/p>\n<p><img decoding=\"async\" src=\"https:\/\/www.agenciasinc.es\/bundles\/app\/images\/quotebefore.png\" \/><\/p>\n<p>Nuestros hallazgos muestran que la actividad on\u00edrica no es solo un reflejo de experiencias pasadas, sino un proceso din\u00e1mico moldeado por qui\u00e9nes somos y lo que vivimos<\/p>\n<p>Valentina Elce, autora principal (IMT School for Advanced Studies Lucca)<br \/>\n<img decoding=\"async\" src=\"https:\/\/www.agenciasinc.es\/bundles\/app\/images\/quoteafter.png\" \/><\/p>\n<p>\u201cNuestros hallazgos muestran que la actividad on\u00edrica no son solo un reflejo de experiencias pasadas, sino un proceso din\u00e1mico moldeado por qui\u00e9nes somos y lo que vivimos\u201d, comenta a SINC Valentina Elce, investigadora en la IMT School y autora principal del estudio.<\/p>\n<p><a><\/a><\/p>\n<h2>Patrones medibles<\/h2>\n<p>Para analizar los relatos, el equipo emple\u00f3\u00a0t\u00e9cnicas avanzadas de procesamiento del lenguaje natural (NLP), una tecnolog\u00eda de inteligencia artificial que permite analizar textos y estudiar de forma cuantitativa la estructura sem\u00e1ntica de miles de descripciones. \u201cQuer\u00edamos determinar si los sue\u00f1os presentan patrones sistem\u00e1ticos y medibles, en lugar de ser puramente aleatorios, y c\u00f3mo esos patrones difieren de la experiencia en vigilia\u201d, explica la autora.<\/p>\n<p>Los resultados muestran que el cerebro no se limita a reproducir lo vivido durante el d\u00eda. En su lugar, reorganiza fragmentos de la experiencia cotidiana en escenarios nuevos, a menudo m\u00e1s inmersivos y extra\u00f1os. Elementos del trabajo, la educaci\u00f3n u otras experiencias cotidianas no reaparecen de forma literal, sino transformados en narrativas visuales complejas.<\/p>\n<p>Seg\u00fan Elce, \u201clos sue\u00f1os implican una recombinaci\u00f3n activa de las experiencias de vigilia: se seleccionan, reorganizan e integran recuerdos, emociones y preocupaciones futuras\u201d. Este proceso, a\u00f1ade, encaja con teor\u00edas que atribuyen al dormir funciones relacionadas con la consolidaci\u00f3n de la memoria, la regulaci\u00f3n emocional y la generaci\u00f3n de nuevas asociaciones, actuando como una forma de creatividad\u00a0&#8216;offline&#8217;.<\/p>\n<p><img decoding=\"async\" src=\"https:\/\/www.agenciasinc.es\/bundles\/app\/images\/quotebefore.png\" \/><\/p>\n<p>Los sue\u00f1os recombinan de manera activa experiencias de la vigilia \u2014recuerdos, emociones y expectativas\u2014 y cumplen funciones clave en la memoria, la regulaci\u00f3n emocional y la creatividad \u2018offline&#8217;<\/p>\n<p>Valentina Elce<br \/>\n<img decoding=\"async\" src=\"https:\/\/www.agenciasinc.es\/bundles\/app\/images\/quoteafter.png\" \/><\/p>\n<p>El estudio tambi\u00e9n identifica diferencias individuales relevantes. Las personas m\u00e1s proclives a la divagaci\u00f3n mental tienden a describir sue\u00f1os m\u00e1s fragmentados y cambiantes, mientras que quienes atribuyen mayor importancia a sus sue\u00f1os reportan experiencias m\u00e1s ricas y v\u00edvidas.<\/p>\n<p><a><\/a><\/p>\n<h2>Sue\u00f1os en pandemia<\/h2>\n<p>Uno de los aspectos m\u00e1s curiosos del trabajo es la influencia de acontecimientos globales. Al comparar datos recogidos durante el confinamiento por la covid-19 con registros posteriores, el equipo observ\u00f3 que los sue\u00f1os de ese periodo inclu\u00edan m\u00e1s referencias a restricciones, emociones negativas y sensaci\u00f3n de encierro.<\/p>\n<p>\u201cLo m\u00e1s llamativo fue ver c\u00f3mo una\u00a0experiencia social compartida se reflejaba con tanta claridad en distintas personas\u201d, se\u00f1ala Elce. \u201cDurante el confinamiento, los sue\u00f1os incorporaban referencias a la limitaci\u00f3n y a la intensidad emocional, y estos efectos se fueron atenuando con el tiempo\u201d, a\u00f1ade.<\/p>\n<p>Al comparar datos recogidos durante el confinamiento con registros posteriores, el equipo observ\u00f3 que los sue\u00f1os de ese periodo inclu\u00edan m\u00e1s referencias a restricciones, emociones negativas y sensaci\u00f3n de encierro<\/p>\n<p>Para evitar que los resultados reflejaran solo diferencias en la forma de narrar, los investigadores compararon los relatos on\u00edricos con las descripciones de la vida en vigilia de cada participante, estableciendo as\u00ed una referencia individual.<\/p>\n<p>\u201cAnalizamos lo recordado al despertar, no la experiencia en su totalidad, pero sigue siendo nuestra ventana m\u00e1s directa a lo que ocurre durante el sue\u00f1o\u201d, dice la investigadora. \u201cAs\u00ed podemos comparar cada narraci\u00f3n con la forma habitual en que esa persona describe sus experiencias conscientes\u201d, a\u00f1ade.<\/p>\n<p>                        <a href=\"https:\/\/www.agenciasinc.es\/Noticias\/No-recordar-los-suenos-una-senal-temprana-de-alzheimer\"><br \/>\n                            <img decoding=\"async\" src=\"https:\/\/cdn.agenciasinc.es\/var\/ezwebin_site\/storage\/images\/noticias\/no-recordar-los-suenos-una-senal-temprana-de-alzheimer\/12389596-1-esl-MX\/No-recordar-los-suenos-una-senal-temprana-de-alzheimer.jpg\" alt=\"No recordar los sue\u00f1os: \u00bfuna se\u00f1al temprana de alzh\u00e9imer?\" title=\"No recordar los sue\u00f1os: \u00bfuna se\u00f1al temprana de alzh\u00e9imer?\" class=\"small_fotoderecha_img\" loading=\"lazy\" \/><br \/>\n                        <\/a><\/p>\n<p>                    <a href=\"https:\/\/www.agenciasinc.es\/Noticias\/No-recordar-los-suenos-una-senal-temprana-de-alzheimer\" class=\"small_fotoderecha_titulo\"><\/a><\/p>\n<h3 class=\"small_fotoderecha_titulo\">No recordar los sue\u00f1os: \u00bfuna se\u00f1al temprana de alzh\u00e9imer?<\/h3>\n<p>                    <\/p>\n<p>                                                                                                                                                <a href=\"https:\/\/www.agenciasinc.es\/Autor\/SINC\"><br \/>\n                                        SINC<br \/>\n                                        <\/a>                                                                                                <\/p>\n<p><a><\/a><\/p>\n<h2>El lenguaje: filtro y herramienta informativa<\/h2>\n<p>Incluso teniendo en cuenta ese\u00a0\u2018estilo narrativo\u2019, encontraron diferencias robustas entre ambos tipos de experiencia. \u201cAunque el lenguaje siempre act\u00faa como filtro, tambi\u00e9n es una herramienta muy informativa\u201d, apunta la autora. \u201cNuestros resultados no son solo un artefacto del modo de contar los sue\u00f1os, sino que reflejan diferencias reales en la experiencia\u201d.<\/p>\n<p>Los sue\u00f1os surgen de la interacci\u00f3n entre rasgos personales estables y experiencias cambiantes, y abren nuevas v\u00edas para estudiar la conciencia, la memoria y la salud mental<\/p>\n<p>El uso de la IA fue clave para abordar el an\u00e1lisis a gran escala. \u201cEstas t\u00e9cnicas nos permitieron estudiar miles de relatos de forma consistente, escalable y reproducible, y detectar patrones sutiles que ser\u00edan muy dif\u00edciles de captar manualmente\u201d, explica Elce. \u201cNuestros modelos mostraron una alta concordancia con evaluadores humanos independientes, lo que indica que estos m\u00e9todos pueden complementar de forma fiable los enfoques tradicionales\u201d, concluye.<\/p>\n<p>El trabajo, desarrollado en colaboraci\u00f3n con la Universidad Sapienza de Roma y la Universidad de Camerino, apunta a que los sue\u00f1os emergen de la interacci\u00f3n entre rasgos estables de la persona y experiencias cambiantes, y abre nuevas v\u00edas para investigar la conciencia, la memoria y la salud mental.<\/p>\n<p>Referencia:<\/p>\n<p>Valentina Elce et al.\u00a0\u201cIndividual traits and experiences predict the content of dreams\u201d.\u00a0Communications Psychology, 2026.<\/p>","protected":false},"excerpt":{"rendered":"<p>Los sue\u00f1os no son un fen\u00f3meno aleatorio ni desconectado de la vida diaria. Un estudio liderado por investigadores de la IMT School for Advanced Studies Lucca\u00a0 (Italia) revela que tanto las caracter\u00edsticas individuales como las experiencias vitales compartidas influyen de forma sistem\u00e1tica en el contenido on\u00edrico. El trabajo, publicado en Communications Psychology, del grupo Nature, [&hellip;]<\/p>\n","protected":false},"author":5,"featured_media":0,"comment_status":"","ping_status":"","sticky":false,"template":"","format":"standard","meta":{"site-sidebar-layout":"default","site-content-layout":"","ast-site-content-layout":"default","site-content-style":"default","site-sidebar-style":"default","ast-global-header-display":"","ast-banner-title-visibility":"","ast-main-header-display":"","ast-hfb-above-header-display":"","ast-hfb-below-header-display":"","ast-hfb-mobile-header-display":"","site-post-title":"","ast-breadcrumbs-content":"","ast-featured-img":"","footer-sml-layout":"","ast-disable-related-posts":"","theme-transparent-header-meta":"","adv-header-id-meta":"","stick-header-meta":"","header-above-stick-meta":"","header-main-stick-meta":"","header-below-stick-meta":"","astra-migrate-meta-layouts":"default","ast-page-background-enabled":"default","ast-page-background-meta":{"desktop":{"background-color":"var(--ast-global-color-4)","background-image":"","background-repeat":"repeat","background-position":"center center","background-size":"auto","background-attachment":"scroll","background-type":"","background-media":"","overlay-type":"","overlay-color":"","overlay-opacity":"","overlay-gradient":""},"tablet":{"background-color":"","background-image":"","background-repeat":"repeat","background-position":"center center","background-size":"auto","background-attachment":"scroll","background-type":"","background-media":"","overlay-type":"","overlay-color":"","overlay-opacity":"","overlay-gradient":""},"mobile":{"background-color":"","background-image":"","background-repeat":"repeat","background-position":"center center","background-size":"auto","background-attachment":"scroll","background-type":"","background-media":"","overlay-type":"","overlay-color":"","overlay-opacity":"","overlay-gradient":""}},"ast-content-background-meta":{"desktop":{"background-color":"var(--ast-global-color-5)","background-image":"","background-repeat":"repeat","background-position":"center center","background-size":"auto","background-attachment":"scroll","background-type":"","background-media":"","overlay-type":"","overlay-color":"","overlay-opacity":"","overlay-gradient":""},"tablet":{"background-color":"var(--ast-global-color-5)","background-image":"","background-repeat":"repeat","background-position":"center center","background-size":"auto","background-attachment":"scroll","background-type":"","background-media":"","overlay-type":"","overlay-color":"","overlay-opacity":"","overlay-gradient":""},"mobile":{"background-color":"var(--ast-global-color-5)","background-image":"","background-repeat":"repeat","background-position":"center center","background-size":"auto","background-attachment":"scroll","background-type":"","background-media":"","overlay-type":"","overlay-color":"","overlay-opacity":"","overlay-gradient":""}},"footnotes":""},"categories":[5],"tags":[],"class_list":["post-203615","post","type-post","status-publish","format-standard","hentry","category-noticias"],"yoast_head":"<!-- This site is optimized with the Yoast SEO Premium plugin v20.9 (Yoast SEO v27.4) - https:\/\/yoast.com\/product\/yoast-seo-premium-wordpress\/ -->\n<title>Tus sue\u00f1os no son aleatorios, est\u00e1n influidos por tu personalidad y tu vida diaria - bip4ex<\/title>\n<meta name=\"robots\" content=\"index, follow, max-snippet:-1, max-image-preview:large, max-video-preview:-1\" \/>\n<link rel=\"canonical\" href=\"https:\/\/helloproject.es\/vigilancia\/tus-suenos-no-son-aleatorios-estan-influidos-por-tu-personalidad-y-tu-vida-diaria\/\" \/>\n<meta property=\"og:locale\" content=\"es_ES\" \/>\n<meta property=\"og:type\" content=\"article\" \/>\n<meta property=\"og:title\" content=\"Tus sue\u00f1os no son aleatorios, est\u00e1n influidos por tu personalidad y tu vida diaria\" \/>\n<meta property=\"og:description\" content=\"Los sue\u00f1os no son un fen\u00f3meno aleatorio ni desconectado de la vida diaria. Un estudio liderado por investigadores de la IMT School for Advanced Studies Lucca\u00a0 (Italia) revela que tanto las caracter\u00edsticas individuales como las experiencias vitales compartidas influyen de forma sistem\u00e1tica en el contenido on\u00edrico. El trabajo, publicado en Communications Psychology, del grupo Nature, [&hellip;]\" \/>\n<meta property=\"og:url\" content=\"https:\/\/helloproject.es\/vigilancia\/tus-suenos-no-son-aleatorios-estan-influidos-por-tu-personalidad-y-tu-vida-diaria\/\" \/>\n<meta property=\"og:site_name\" content=\"bip4ex\" \/>\n<meta property=\"article:published_time\" content=\"2026-04-28T10:28:07+00:00\" \/>\n<meta property=\"og:image\" content=\"https:\/\/www.agenciasinc.es\/bundles\/app\/images\/quotebefore.png\" \/>\n<meta name=\"author\" content=\"Luis Miguel Mej\u00edas Ramos\" \/>\n<meta name=\"twitter:card\" content=\"summary_large_image\" \/>\n<meta name=\"twitter:label1\" content=\"Escrito por\" \/>\n\t<meta name=\"twitter:data1\" content=\"Luis Miguel Mej\u00edas Ramos\" \/>\n\t<meta name=\"twitter:label2\" content=\"Tiempo de lectura\" \/>\n\t<meta name=\"twitter:data2\" content=\"5 minutos\" \/>\n<script type=\"application\/ld+json\" class=\"yoast-schema-graph\">{\"@context\":\"https:\\\/\\\/schema.org\",\"@graph\":[{\"@type\":\"Article\",\"@id\":\"https:\\\/\\\/helloproject.es\\\/vigilancia\\\/tus-suenos-no-son-aleatorios-estan-influidos-por-tu-personalidad-y-tu-vida-diaria\\\/#article\",\"isPartOf\":{\"@id\":\"https:\\\/\\\/helloproject.es\\\/vigilancia\\\/tus-suenos-no-son-aleatorios-estan-influidos-por-tu-personalidad-y-tu-vida-diaria\\\/\"},\"author\":{\"name\":\"Luis Miguel Mej\u00edas Ramos\",\"@id\":\"https:\\\/\\\/helloproject.es\\\/vigilancia\\\/#\\\/schema\\\/person\\\/3767b0619d59a11570372c821f8619ca\"},\"headline\":\"Tus sue\u00f1os no son aleatorios, est\u00e1n influidos por tu personalidad y tu vida diaria\",\"datePublished\":\"2026-04-28T10:28:07+00:00\",\"mainEntityOfPage\":{\"@id\":\"https:\\\/\\\/helloproject.es\\\/vigilancia\\\/tus-suenos-no-son-aleatorios-estan-influidos-por-tu-personalidad-y-tu-vida-diaria\\\/\"},\"wordCount\":951,\"publisher\":{\"@id\":\"https:\\\/\\\/helloproject.es\\\/vigilancia\\\/#organization\"},\"image\":{\"@id\":\"https:\\\/\\\/helloproject.es\\\/vigilancia\\\/tus-suenos-no-son-aleatorios-estan-influidos-por-tu-personalidad-y-tu-vida-diaria\\\/#primaryimage\"},\"thumbnailUrl\":\"https:\\\/\\\/www.agenciasinc.es\\\/bundles\\\/app\\\/images\\\/quotebefore.png\",\"articleSection\":[\"Noticias\"],\"inLanguage\":\"es\"},{\"@type\":\"WebPage\",\"@id\":\"https:\\\/\\\/helloproject.es\\\/vigilancia\\\/tus-suenos-no-son-aleatorios-estan-influidos-por-tu-personalidad-y-tu-vida-diaria\\\/\",\"url\":\"https:\\\/\\\/helloproject.es\\\/vigilancia\\\/tus-suenos-no-son-aleatorios-estan-influidos-por-tu-personalidad-y-tu-vida-diaria\\\/\",\"name\":\"Tus sue\u00f1os no son aleatorios, est\u00e1n influidos por tu personalidad y tu vida diaria - bip4ex\",\"isPartOf\":{\"@id\":\"https:\\\/\\\/helloproject.es\\\/vigilancia\\\/#website\"},\"primaryImageOfPage\":{\"@id\":\"https:\\\/\\\/helloproject.es\\\/vigilancia\\\/tus-suenos-no-son-aleatorios-estan-influidos-por-tu-personalidad-y-tu-vida-diaria\\\/#primaryimage\"},\"image\":{\"@id\":\"https:\\\/\\\/helloproject.es\\\/vigilancia\\\/tus-suenos-no-son-aleatorios-estan-influidos-por-tu-personalidad-y-tu-vida-diaria\\\/#primaryimage\"},\"thumbnailUrl\":\"https:\\\/\\\/www.agenciasinc.es\\\/bundles\\\/app\\\/images\\\/quotebefore.png\",\"datePublished\":\"2026-04-28T10:28:07+00:00\",\"breadcrumb\":{\"@id\":\"https:\\\/\\\/helloproject.es\\\/vigilancia\\\/tus-suenos-no-son-aleatorios-estan-influidos-por-tu-personalidad-y-tu-vida-diaria\\\/#breadcrumb\"},\"inLanguage\":\"es\",\"potentialAction\":[{\"@type\":\"ReadAction\",\"target\":[\"https:\\\/\\\/helloproject.es\\\/vigilancia\\\/tus-suenos-no-son-aleatorios-estan-influidos-por-tu-personalidad-y-tu-vida-diaria\\\/\"]}]},{\"@type\":\"ImageObject\",\"inLanguage\":\"es\",\"@id\":\"https:\\\/\\\/helloproject.es\\\/vigilancia\\\/tus-suenos-no-son-aleatorios-estan-influidos-por-tu-personalidad-y-tu-vida-diaria\\\/#primaryimage\",\"url\":\"https:\\\/\\\/www.agenciasinc.es\\\/bundles\\\/app\\\/images\\\/quotebefore.png\",\"contentUrl\":\"https:\\\/\\\/www.agenciasinc.es\\\/bundles\\\/app\\\/images\\\/quotebefore.png\"},{\"@type\":\"BreadcrumbList\",\"@id\":\"https:\\\/\\\/helloproject.es\\\/vigilancia\\\/tus-suenos-no-son-aleatorios-estan-influidos-por-tu-personalidad-y-tu-vida-diaria\\\/#breadcrumb\",\"itemListElement\":[{\"@type\":\"ListItem\",\"position\":1,\"name\":\"Home\",\"item\":\"https:\\\/\\\/helloproject.es\\\/vigilancia\\\/\"},{\"@type\":\"ListItem\",\"position\":2,\"name\":\"Tus sue\u00f1os no son aleatorios, est\u00e1n influidos por tu personalidad y tu vida diaria\"}]},{\"@type\":\"WebSite\",\"@id\":\"https:\\\/\\\/helloproject.es\\\/vigilancia\\\/#website\",\"url\":\"https:\\\/\\\/helloproject.es\\\/vigilancia\\\/\",\"name\":\"bip4ex\",\"description\":\"Vigilancia Tecnol\u00f3gica\",\"publisher\":{\"@id\":\"https:\\\/\\\/helloproject.es\\\/vigilancia\\\/#organization\"},\"potentialAction\":[{\"@type\":\"SearchAction\",\"target\":{\"@type\":\"EntryPoint\",\"urlTemplate\":\"https:\\\/\\\/helloproject.es\\\/vigilancia\\\/?s={search_term_string}\"},\"query-input\":{\"@type\":\"PropertyValueSpecification\",\"valueRequired\":true,\"valueName\":\"search_term_string\"}}],\"inLanguage\":\"es\"},{\"@type\":\"Organization\",\"@id\":\"https:\\\/\\\/helloproject.es\\\/vigilancia\\\/#organization\",\"name\":\"Helloproject.es\",\"url\":\"https:\\\/\\\/helloproject.es\\\/vigilancia\\\/\",\"logo\":{\"@type\":\"ImageObject\",\"inLanguage\":\"es\",\"@id\":\"https:\\\/\\\/helloproject.es\\\/vigilancia\\\/#\\\/schema\\\/logo\\\/image\\\/\",\"url\":\"https:\\\/\\\/helloproject.es\\\/vigilancia\\\/wp-content\\\/uploads\\\/2023\\\/07\\\/bip4ex.png\",\"contentUrl\":\"https:\\\/\\\/helloproject.es\\\/vigilancia\\\/wp-content\\\/uploads\\\/2023\\\/07\\\/bip4ex.png\",\"width\":322,\"height\":365,\"caption\":\"Helloproject.es\"},\"image\":{\"@id\":\"https:\\\/\\\/helloproject.es\\\/vigilancia\\\/#\\\/schema\\\/logo\\\/image\\\/\"}},{\"@type\":\"Person\",\"@id\":\"https:\\\/\\\/helloproject.es\\\/vigilancia\\\/#\\\/schema\\\/person\\\/3767b0619d59a11570372c821f8619ca\",\"name\":\"Luis Miguel Mej\u00edas Ramos\",\"url\":\"https:\\\/\\\/helloproject.es\\\/vigilancia\\\/author\\\/luismi\\\/\"}]}<\/script>\n<!-- \/ Yoast SEO Premium plugin. -->","yoast_head_json":{"title":"Tus sue\u00f1os no son aleatorios, est\u00e1n influidos por tu personalidad y tu vida diaria - bip4ex","robots":{"index":"index","follow":"follow","max-snippet":"max-snippet:-1","max-image-preview":"max-image-preview:large","max-video-preview":"max-video-preview:-1"},"canonical":"https:\/\/helloproject.es\/vigilancia\/tus-suenos-no-son-aleatorios-estan-influidos-por-tu-personalidad-y-tu-vida-diaria\/","og_locale":"es_ES","og_type":"article","og_title":"Tus sue\u00f1os no son aleatorios, est\u00e1n influidos por tu personalidad y tu vida diaria","og_description":"Los sue\u00f1os no son un fen\u00f3meno aleatorio ni desconectado de la vida diaria. Un estudio liderado por investigadores de la IMT School for Advanced Studies Lucca\u00a0 (Italia) revela que tanto las caracter\u00edsticas individuales como las experiencias vitales compartidas influyen de forma sistem\u00e1tica en el contenido on\u00edrico. El trabajo, publicado en Communications Psychology, del grupo Nature, [&hellip;]","og_url":"https:\/\/helloproject.es\/vigilancia\/tus-suenos-no-son-aleatorios-estan-influidos-por-tu-personalidad-y-tu-vida-diaria\/","og_site_name":"bip4ex","article_published_time":"2026-04-28T10:28:07+00:00","og_image":[{"url":"https:\/\/www.agenciasinc.es\/bundles\/app\/images\/quotebefore.png","type":"","width":"","height":""}],"author":"Luis Miguel Mej\u00edas Ramos","twitter_card":"summary_large_image","twitter_misc":{"Escrito por":"Luis Miguel Mej\u00edas Ramos","Tiempo de lectura":"5 minutos"},"schema":{"@context":"https:\/\/schema.org","@graph":[{"@type":"Article","@id":"https:\/\/helloproject.es\/vigilancia\/tus-suenos-no-son-aleatorios-estan-influidos-por-tu-personalidad-y-tu-vida-diaria\/#article","isPartOf":{"@id":"https:\/\/helloproject.es\/vigilancia\/tus-suenos-no-son-aleatorios-estan-influidos-por-tu-personalidad-y-tu-vida-diaria\/"},"author":{"name":"Luis Miguel Mej\u00edas Ramos","@id":"https:\/\/helloproject.es\/vigilancia\/#\/schema\/person\/3767b0619d59a11570372c821f8619ca"},"headline":"Tus sue\u00f1os no son aleatorios, est\u00e1n influidos por tu personalidad y tu vida diaria","datePublished":"2026-04-28T10:28:07+00:00","mainEntityOfPage":{"@id":"https:\/\/helloproject.es\/vigilancia\/tus-suenos-no-son-aleatorios-estan-influidos-por-tu-personalidad-y-tu-vida-diaria\/"},"wordCount":951,"publisher":{"@id":"https:\/\/helloproject.es\/vigilancia\/#organization"},"image":{"@id":"https:\/\/helloproject.es\/vigilancia\/tus-suenos-no-son-aleatorios-estan-influidos-por-tu-personalidad-y-tu-vida-diaria\/#primaryimage"},"thumbnailUrl":"https:\/\/www.agenciasinc.es\/bundles\/app\/images\/quotebefore.png","articleSection":["Noticias"],"inLanguage":"es"},{"@type":"WebPage","@id":"https:\/\/helloproject.es\/vigilancia\/tus-suenos-no-son-aleatorios-estan-influidos-por-tu-personalidad-y-tu-vida-diaria\/","url":"https:\/\/helloproject.es\/vigilancia\/tus-suenos-no-son-aleatorios-estan-influidos-por-tu-personalidad-y-tu-vida-diaria\/","name":"Tus sue\u00f1os no son aleatorios, est\u00e1n influidos por tu personalidad y tu vida diaria - bip4ex","isPartOf":{"@id":"https:\/\/helloproject.es\/vigilancia\/#website"},"primaryImageOfPage":{"@id":"https:\/\/helloproject.es\/vigilancia\/tus-suenos-no-son-aleatorios-estan-influidos-por-tu-personalidad-y-tu-vida-diaria\/#primaryimage"},"image":{"@id":"https:\/\/helloproject.es\/vigilancia\/tus-suenos-no-son-aleatorios-estan-influidos-por-tu-personalidad-y-tu-vida-diaria\/#primaryimage"},"thumbnailUrl":"https:\/\/www.agenciasinc.es\/bundles\/app\/images\/quotebefore.png","datePublished":"2026-04-28T10:28:07+00:00","breadcrumb":{"@id":"https:\/\/helloproject.es\/vigilancia\/tus-suenos-no-son-aleatorios-estan-influidos-por-tu-personalidad-y-tu-vida-diaria\/#breadcrumb"},"inLanguage":"es","potentialAction":[{"@type":"ReadAction","target":["https:\/\/helloproject.es\/vigilancia\/tus-suenos-no-son-aleatorios-estan-influidos-por-tu-personalidad-y-tu-vida-diaria\/"]}]},{"@type":"ImageObject","inLanguage":"es","@id":"https:\/\/helloproject.es\/vigilancia\/tus-suenos-no-son-aleatorios-estan-influidos-por-tu-personalidad-y-tu-vida-diaria\/#primaryimage","url":"https:\/\/www.agenciasinc.es\/bundles\/app\/images\/quotebefore.png","contentUrl":"https:\/\/www.agenciasinc.es\/bundles\/app\/images\/quotebefore.png"},{"@type":"BreadcrumbList","@id":"https:\/\/helloproject.es\/vigilancia\/tus-suenos-no-son-aleatorios-estan-influidos-por-tu-personalidad-y-tu-vida-diaria\/#breadcrumb","itemListElement":[{"@type":"ListItem","position":1,"name":"Home","item":"https:\/\/helloproject.es\/vigilancia\/"},{"@type":"ListItem","position":2,"name":"Tus sue\u00f1os no son aleatorios, est\u00e1n influidos por tu personalidad y tu vida diaria"}]},{"@type":"WebSite","@id":"https:\/\/helloproject.es\/vigilancia\/#website","url":"https:\/\/helloproject.es\/vigilancia\/","name":"bip4ex","description":"Vigilancia Tecnol\u00f3gica","publisher":{"@id":"https:\/\/helloproject.es\/vigilancia\/#organization"},"potentialAction":[{"@type":"SearchAction","target":{"@type":"EntryPoint","urlTemplate":"https:\/\/helloproject.es\/vigilancia\/?s={search_term_string}"},"query-input":{"@type":"PropertyValueSpecification","valueRequired":true,"valueName":"search_term_string"}}],"inLanguage":"es"},{"@type":"Organization","@id":"https:\/\/helloproject.es\/vigilancia\/#organization","name":"Helloproject.es","url":"https:\/\/helloproject.es\/vigilancia\/","logo":{"@type":"ImageObject","inLanguage":"es","@id":"https:\/\/helloproject.es\/vigilancia\/#\/schema\/logo\/image\/","url":"https:\/\/helloproject.es\/vigilancia\/wp-content\/uploads\/2023\/07\/bip4ex.png","contentUrl":"https:\/\/helloproject.es\/vigilancia\/wp-content\/uploads\/2023\/07\/bip4ex.png","width":322,"height":365,"caption":"Helloproject.es"},"image":{"@id":"https:\/\/helloproject.es\/vigilancia\/#\/schema\/logo\/image\/"}},{"@type":"Person","@id":"https:\/\/helloproject.es\/vigilancia\/#\/schema\/person\/3767b0619d59a11570372c821f8619ca","name":"Luis Miguel Mej\u00edas Ramos","url":"https:\/\/helloproject.es\/vigilancia\/author\/luismi\/"}]}},"_links":{"self":[{"href":"https:\/\/helloproject.es\/vigilancia\/wp-json\/wp\/v2\/posts\/203615","targetHints":{"allow":["GET"]}}],"collection":[{"href":"https:\/\/helloproject.es\/vigilancia\/wp-json\/wp\/v2\/posts"}],"about":[{"href":"https:\/\/helloproject.es\/vigilancia\/wp-json\/wp\/v2\/types\/post"}],"author":[{"embeddable":true,"href":"https:\/\/helloproject.es\/vigilancia\/wp-json\/wp\/v2\/users\/5"}],"replies":[{"embeddable":true,"href":"https:\/\/helloproject.es\/vigilancia\/wp-json\/wp\/v2\/comments?post=203615"}],"version-history":[{"count":0,"href":"https:\/\/helloproject.es\/vigilancia\/wp-json\/wp\/v2\/posts\/203615\/revisions"}],"wp:attachment":[{"href":"https:\/\/helloproject.es\/vigilancia\/wp-json\/wp\/v2\/media?parent=203615"}],"wp:term":[{"taxonomy":"category","embeddable":true,"href":"https:\/\/helloproject.es\/vigilancia\/wp-json\/wp\/v2\/categories?post=203615"},{"taxonomy":"post_tag","embeddable":true,"href":"https:\/\/helloproject.es\/vigilancia\/wp-json\/wp\/v2\/tags?post=203615"}],"curies":[{"name":"wp","href":"https:\/\/api.w.org\/{rel}","templated":true}]}}