{"id":203620,"date":"2026-04-28T13:27:58","date_gmt":"2026-04-28T12:27:58","guid":{"rendered":"https:\/\/helloproject.es\/vigilancia\/al-menos-uno-de-cada-tres-espanoles-no-sigue-pautas-alimentarias-saludables\/"},"modified":"2026-04-28T13:27:58","modified_gmt":"2026-04-28T12:27:58","slug":"al-menos-uno-de-cada-tres-espanoles-no-sigue-pautas-alimentarias-saludables","status":"publish","type":"post","link":"https:\/\/helloproject.es\/vigilancia\/al-menos-uno-de-cada-tres-espanoles-no-sigue-pautas-alimentarias-saludables\/","title":{"rendered":"Al menos uno de cada tres espa\u00f1oles no sigue pautas alimentarias saludables"},"content":{"rendered":"<p>Un informe del grupo de investigaci\u00f3n en Sociolog\u00eda de la Alimentaci\u00f3n (SOCIALIMEN) de la Universidad de Oviedo analiza las transformaciones recientes en las pr\u00e1cticas de compra, preparaci\u00f3n y consumo de alimentos en los hogares espa\u00f1oles, y los factores sociales que influyen en ellas. Seg\u00fan la publicaci\u00f3n, los cambios en los h\u00e1bitos alimentarios est\u00e1n dando lugar a nuevas desigualdades en salud y que al menos un tercio de la poblaci\u00f3n no sigue pautas alimentarias saludables.\u00a0<\/p>\n<p>Se trata de una tendencia que puede favorecer el incremento del sobrepeso y la obesidad<\/p>\n<p>El trabajo concluye que, aunque la dieta mediterr\u00e1nea sigue muy presente a nivel cultural, en la pr\u00e1ctica cada vez nos alejamos m\u00e1s de ella. \u201cGran parte de la poblaci\u00f3n s\u00ed cumple con el consumo recomendado de fruta, pero se observan d\u00e9ficits en alimentos clave como verduras, legumbres y pescado, junto con un consumo superior a lo recomendado en el caso de la carne. Todo ello en un contexto en el que ha aumentado el consumo de productos ultraprocesados. Una tendencia que puede favorecer el incremento del sobrepeso y la obesidad\u201d, se destaca en el informe.<\/p>\n<p>Se identifica una clara brecha generacional. La poblaci\u00f3n joven presenta los peores indicadores de alimentaci\u00f3n saludable, con una menor adherencia al modelo mediterr\u00e1neo. Este fen\u00f3meno se relaciona con factores como la situaci\u00f3n laboral, una cultura alimentaria m\u00e1s d\u00e9bil y la influencia de nuevos entornos de consumo.<\/p>\n<p>                        <a href=\"https:\/\/www.agenciasinc.es\/Noticias\/Los-ultraprocesados-se-relacionan-con-una-disminucion-de-la-fertilidad-y-del-desarrollo-embrionario\"><br \/>\n                            <img decoding=\"async\" src=\"https:\/\/cdn.agenciasinc.es\/var\/ezwebin_site\/storage\/images\/noticias\/los-ultraprocesados-se-relacionan-con-una-disminucion-de-la-fertilidad-y-del-desarrollo-embrionario\/12385754-1-esl-MX\/Los-ultraprocesados-se-relacionan-con-una-disminucion-de-la-fertilidad-y-del-desarrollo-embrionario.jpg\" alt=\"Los ultraprocesados se relacionan con una disminuci\u00f3n de la fertilidad y del desarrollo embrionario\" title=\"Los ultraprocesados se relacionan con una disminuci\u00f3n de la fertilidad y del desarrollo embrionario\" class=\"small_fotoderecha_img\" loading=\"lazy\" \/><br \/>\n                        <\/a><\/p>\n<p>                    <a href=\"https:\/\/www.agenciasinc.es\/Noticias\/Los-ultraprocesados-se-relacionan-con-una-disminucion-de-la-fertilidad-y-del-desarrollo-embrionario\" class=\"small_fotoderecha_titulo\"><\/a><\/p>\n<h3 class=\"small_fotoderecha_titulo\">Los ultraprocesados se relacionan con una disminuci\u00f3n de la fertilidad y del desarrollo embrionario<\/h3>\n<p>                    <\/p>\n<p>                                                                                                                                                <a href=\"https:\/\/www.agenciasinc.es\/Autor\/SINC\"><br \/>\n                                        SINC<br \/>\n                                        <\/a>                                                                                                <\/p>\n<p><a><\/a><\/p>\n<h2>Los h\u00e1bitos de compra<\/h2>\n<p>En cuanto a la compra, el estudio se\u00f1ala que siguen dominando los supermercados de proximidad, mientras que las tiendas tradicionales resisten gracias a su especializaci\u00f3n en productos frescos. Al mismo tiempo, crece de forma progresiva la compra online, especialmente en cadenas de tama\u00f1o medio. Adem\u00e1s, los criterios de elecci\u00f3n de los consumidores muestran rasgos distintivos en comparaci\u00f3n con otros pa\u00edses europeos.\u00a0<\/p>\n<p>El precio ha ganado peso como factor decisivo, mientras que el origen de los productos o su impacto medioambiental pierden relevancia<\/p>\n<p>La poblaci\u00f3n espa\u00f1ola concede importancia al contenido nutricional de los alimentos, lo que refleja una preocupaci\u00f3n por la salud. Sin embargo, el precio ha ganado peso como factor decisivo, mientras que el origen de los productos o su impacto medioambiental pierden relevancia. Este panorama sit\u00faa en una posici\u00f3n de mayor vulnerabilidad a peque\u00f1os comercios y productores locales, que encuentran dificultades para competir en un mercado globalizado.<\/p>\n<p><a><\/a><\/p>\n<h2>El \u00e1mbito dom\u00e9stico<\/h2>\n<p>En el \u00e1mbito dom\u00e9stico, el estudio confirma la persistencia de desigualdades de g\u00e9nero. Las mujeres todav\u00eda asumen mayoritariamente las tareas de compra y preparaci\u00f3n de alimentos, lo que implica una sobrecarga de trabajo no remunerado. Aunque se observan avances hacia un mayor reparto de responsabilidades, este no siempre se traduce en una corresponsabilidad real, ya que la planificaci\u00f3n y la organizaci\u00f3n de la alimentaci\u00f3n siguen recayendo en gran medida en ellas.<\/p>\n<p>A pesar de estas tendencias, el informe destaca que existe un s\u00f3lido soporte cultural en torno a la alimentaci\u00f3n en Espa\u00f1a que puede favorecer la transici\u00f3n hacia un modelo m\u00e1s saludable y sostenible. Los principales retos que marca el grupo de investigaci\u00f3n de la Universidad de Oviedo son preservar las virtudes de la dieta mediterr\u00e1nea sin dejar de lado asuntos como las desigualdades de g\u00e9nero, las brechas generacionales o las barreras econ\u00f3micas que afectan a su adherencia.<\/p>\n<p>Referencia:<\/p>\n<p><a href=\"https:\/\/www.fuhem.es\/ii-informe-ecosocial-calidad-de-vida-en-espana\/\" target=\"_blank\">II Informe Ecosocial sobre la Calidad de Vida en Espa\u00f1a<\/a>. Cecilia D\u00edaz M\u00e9ndez, Isabel Garc\u00eda Espejo y Sonia Otero Est\u00e9vez (grupo de investigaci\u00f3n en Sociolog\u00eda de la Alimentaci\u00f3n SOCIALIMEN de la Universidad de Oviedo).\u00a0<\/p>","protected":false},"excerpt":{"rendered":"<p>Un informe del grupo de investigaci\u00f3n en Sociolog\u00eda de la Alimentaci\u00f3n (SOCIALIMEN) de la Universidad de Oviedo analiza las transformaciones recientes en las pr\u00e1cticas de compra, preparaci\u00f3n y consumo de alimentos en los hogares espa\u00f1oles, y los factores sociales que influyen en ellas. Seg\u00fan la publicaci\u00f3n, los cambios en los h\u00e1bitos alimentarios est\u00e1n dando lugar [&hellip;]<\/p>\n","protected":false},"author":5,"featured_media":0,"comment_status":"","ping_status":"","sticky":false,"template":"","format":"standard","meta":{"site-sidebar-layout":"default","site-content-layout":"","ast-site-content-layout":"default","site-content-style":"default","site-sidebar-style":"default","ast-global-header-display":"","ast-banner-title-visibility":"","ast-main-header-display":"","ast-hfb-above-header-display":"","ast-hfb-below-header-display":"","ast-hfb-mobile-header-display":"","site-post-title":"","ast-breadcrumbs-content":"","ast-featured-img":"","footer-sml-layout":"","ast-disable-related-posts":"","theme-transparent-header-meta":"","adv-header-id-meta":"","stick-header-meta":"","header-above-stick-meta":"","header-main-stick-meta":"","header-below-stick-meta":"","astra-migrate-meta-layouts":"default","ast-page-background-enabled":"default","ast-page-background-meta":{"desktop":{"background-color":"var(--ast-global-color-4)","background-image":"","background-repeat":"repeat","background-position":"center center","background-size":"auto","background-attachment":"scroll","background-type":"","background-media":"","overlay-type":"","overlay-color":"","overlay-opacity":"","overlay-gradient":""},"tablet":{"background-color":"","background-image":"","background-repeat":"repeat","background-position":"center center","background-size":"auto","background-attachment":"scroll","background-type":"","background-media":"","overlay-type":"","overlay-color":"","overlay-opacity":"","overlay-gradient":""},"mobile":{"background-color":"","background-image":"","background-repeat":"repeat","background-position":"center center","background-size":"auto","background-attachment":"scroll","background-type":"","background-media":"","overlay-type":"","overlay-color":"","overlay-opacity":"","overlay-gradient":""}},"ast-content-background-meta":{"desktop":{"background-color":"var(--ast-global-color-5)","background-image":"","background-repeat":"repeat","background-position":"center center","background-size":"auto","background-attachment":"scroll","background-type":"","background-media":"","overlay-type":"","overlay-color":"","overlay-opacity":"","overlay-gradient":""},"tablet":{"background-color":"var(--ast-global-color-5)","background-image":"","background-repeat":"repeat","background-position":"center center","background-size":"auto","background-attachment":"scroll","background-type":"","background-media":"","overlay-type":"","overlay-color":"","overlay-opacity":"","overlay-gradient":""},"mobile":{"background-color":"var(--ast-global-color-5)","background-image":"","background-repeat":"repeat","background-position":"center center","background-size":"auto","background-attachment":"scroll","background-type":"","background-media":"","overlay-type":"","overlay-color":"","overlay-opacity":"","overlay-gradient":""}},"footnotes":""},"categories":[5],"tags":[],"class_list":["post-203620","post","type-post","status-publish","format-standard","hentry","category-noticias"],"yoast_head":"<!-- This site is optimized with the Yoast SEO Premium plugin v20.9 (Yoast SEO v27.4) - https:\/\/yoast.com\/product\/yoast-seo-premium-wordpress\/ -->\n<title>Al menos uno de cada tres espa\u00f1oles no sigue pautas alimentarias saludables - bip4ex<\/title>\n<meta name=\"robots\" content=\"index, follow, max-snippet:-1, max-image-preview:large, max-video-preview:-1\" \/>\n<link rel=\"canonical\" href=\"https:\/\/helloproject.es\/vigilancia\/al-menos-uno-de-cada-tres-espanoles-no-sigue-pautas-alimentarias-saludables\/\" \/>\n<meta property=\"og:locale\" content=\"es_ES\" \/>\n<meta property=\"og:type\" content=\"article\" \/>\n<meta property=\"og:title\" content=\"Al menos uno de cada tres espa\u00f1oles no sigue pautas alimentarias saludables\" \/>\n<meta property=\"og:description\" content=\"Un informe del grupo de investigaci\u00f3n en Sociolog\u00eda de la Alimentaci\u00f3n (SOCIALIMEN) de la Universidad de Oviedo analiza las transformaciones recientes en las pr\u00e1cticas de compra, preparaci\u00f3n y consumo de alimentos en los hogares espa\u00f1oles, y los factores sociales que influyen en ellas. Seg\u00fan la publicaci\u00f3n, los cambios en los h\u00e1bitos alimentarios est\u00e1n dando lugar [&hellip;]\" \/>\n<meta property=\"og:url\" content=\"https:\/\/helloproject.es\/vigilancia\/al-menos-uno-de-cada-tres-espanoles-no-sigue-pautas-alimentarias-saludables\/\" \/>\n<meta property=\"og:site_name\" content=\"bip4ex\" \/>\n<meta property=\"article:published_time\" content=\"2026-04-28T12:27:58+00:00\" \/>\n<meta property=\"og:image\" content=\"https:\/\/cdn.agenciasinc.es\/var\/ezwebin_site\/storage\/images\/noticias\/los-ultraprocesados-se-relacionan-con-una-disminucion-de-la-fertilidad-y-del-desarrollo-embrionario\/12385754-1-esl-MX\/Los-ultraprocesados-se-relacionan-con-una-disminucion-de-la-fertilidad-y-del-desarrollo-embrionario.jpg\" \/>\n<meta name=\"author\" content=\"Luis Miguel Mej\u00edas Ramos\" \/>\n<meta name=\"twitter:card\" content=\"summary_large_image\" \/>\n<meta name=\"twitter:label1\" content=\"Escrito por\" \/>\n\t<meta name=\"twitter:data1\" content=\"Luis Miguel Mej\u00edas Ramos\" \/>\n\t<meta name=\"twitter:label2\" content=\"Tiempo de lectura\" \/>\n\t<meta name=\"twitter:data2\" content=\"3 minutos\" \/>\n<script type=\"application\/ld+json\" class=\"yoast-schema-graph\">{\"@context\":\"https:\\\/\\\/schema.org\",\"@graph\":[{\"@type\":\"Article\",\"@id\":\"https:\\\/\\\/helloproject.es\\\/vigilancia\\\/al-menos-uno-de-cada-tres-espanoles-no-sigue-pautas-alimentarias-saludables\\\/#article\",\"isPartOf\":{\"@id\":\"https:\\\/\\\/helloproject.es\\\/vigilancia\\\/al-menos-uno-de-cada-tres-espanoles-no-sigue-pautas-alimentarias-saludables\\\/\"},\"author\":{\"name\":\"Luis Miguel Mej\u00edas Ramos\",\"@id\":\"https:\\\/\\\/helloproject.es\\\/vigilancia\\\/#\\\/schema\\\/person\\\/3767b0619d59a11570372c821f8619ca\"},\"headline\":\"Al menos uno de cada tres espa\u00f1oles no sigue pautas alimentarias saludables\",\"datePublished\":\"2026-04-28T12:27:58+00:00\",\"mainEntityOfPage\":{\"@id\":\"https:\\\/\\\/helloproject.es\\\/vigilancia\\\/al-menos-uno-de-cada-tres-espanoles-no-sigue-pautas-alimentarias-saludables\\\/\"},\"wordCount\":659,\"publisher\":{\"@id\":\"https:\\\/\\\/helloproject.es\\\/vigilancia\\\/#organization\"},\"image\":{\"@id\":\"https:\\\/\\\/helloproject.es\\\/vigilancia\\\/al-menos-uno-de-cada-tres-espanoles-no-sigue-pautas-alimentarias-saludables\\\/#primaryimage\"},\"thumbnailUrl\":\"https:\\\/\\\/cdn.agenciasinc.es\\\/var\\\/ezwebin_site\\\/storage\\\/images\\\/noticias\\\/los-ultraprocesados-se-relacionan-con-una-disminucion-de-la-fertilidad-y-del-desarrollo-embrionario\\\/12385754-1-esl-MX\\\/Los-ultraprocesados-se-relacionan-con-una-disminucion-de-la-fertilidad-y-del-desarrollo-embrionario.jpg\",\"articleSection\":[\"Noticias\"],\"inLanguage\":\"es\"},{\"@type\":\"WebPage\",\"@id\":\"https:\\\/\\\/helloproject.es\\\/vigilancia\\\/al-menos-uno-de-cada-tres-espanoles-no-sigue-pautas-alimentarias-saludables\\\/\",\"url\":\"https:\\\/\\\/helloproject.es\\\/vigilancia\\\/al-menos-uno-de-cada-tres-espanoles-no-sigue-pautas-alimentarias-saludables\\\/\",\"name\":\"Al menos uno de cada tres espa\u00f1oles no sigue pautas alimentarias saludables - bip4ex\",\"isPartOf\":{\"@id\":\"https:\\\/\\\/helloproject.es\\\/vigilancia\\\/#website\"},\"primaryImageOfPage\":{\"@id\":\"https:\\\/\\\/helloproject.es\\\/vigilancia\\\/al-menos-uno-de-cada-tres-espanoles-no-sigue-pautas-alimentarias-saludables\\\/#primaryimage\"},\"image\":{\"@id\":\"https:\\\/\\\/helloproject.es\\\/vigilancia\\\/al-menos-uno-de-cada-tres-espanoles-no-sigue-pautas-alimentarias-saludables\\\/#primaryimage\"},\"thumbnailUrl\":\"https:\\\/\\\/cdn.agenciasinc.es\\\/var\\\/ezwebin_site\\\/storage\\\/images\\\/noticias\\\/los-ultraprocesados-se-relacionan-con-una-disminucion-de-la-fertilidad-y-del-desarrollo-embrionario\\\/12385754-1-esl-MX\\\/Los-ultraprocesados-se-relacionan-con-una-disminucion-de-la-fertilidad-y-del-desarrollo-embrionario.jpg\",\"datePublished\":\"2026-04-28T12:27:58+00:00\",\"breadcrumb\":{\"@id\":\"https:\\\/\\\/helloproject.es\\\/vigilancia\\\/al-menos-uno-de-cada-tres-espanoles-no-sigue-pautas-alimentarias-saludables\\\/#breadcrumb\"},\"inLanguage\":\"es\",\"potentialAction\":[{\"@type\":\"ReadAction\",\"target\":[\"https:\\\/\\\/helloproject.es\\\/vigilancia\\\/al-menos-uno-de-cada-tres-espanoles-no-sigue-pautas-alimentarias-saludables\\\/\"]}]},{\"@type\":\"ImageObject\",\"inLanguage\":\"es\",\"@id\":\"https:\\\/\\\/helloproject.es\\\/vigilancia\\\/al-menos-uno-de-cada-tres-espanoles-no-sigue-pautas-alimentarias-saludables\\\/#primaryimage\",\"url\":\"https:\\\/\\\/cdn.agenciasinc.es\\\/var\\\/ezwebin_site\\\/storage\\\/images\\\/noticias\\\/los-ultraprocesados-se-relacionan-con-una-disminucion-de-la-fertilidad-y-del-desarrollo-embrionario\\\/12385754-1-esl-MX\\\/Los-ultraprocesados-se-relacionan-con-una-disminucion-de-la-fertilidad-y-del-desarrollo-embrionario.jpg\",\"contentUrl\":\"https:\\\/\\\/cdn.agenciasinc.es\\\/var\\\/ezwebin_site\\\/storage\\\/images\\\/noticias\\\/los-ultraprocesados-se-relacionan-con-una-disminucion-de-la-fertilidad-y-del-desarrollo-embrionario\\\/12385754-1-esl-MX\\\/Los-ultraprocesados-se-relacionan-con-una-disminucion-de-la-fertilidad-y-del-desarrollo-embrionario.jpg\"},{\"@type\":\"BreadcrumbList\",\"@id\":\"https:\\\/\\\/helloproject.es\\\/vigilancia\\\/al-menos-uno-de-cada-tres-espanoles-no-sigue-pautas-alimentarias-saludables\\\/#breadcrumb\",\"itemListElement\":[{\"@type\":\"ListItem\",\"position\":1,\"name\":\"Home\",\"item\":\"https:\\\/\\\/helloproject.es\\\/vigilancia\\\/\"},{\"@type\":\"ListItem\",\"position\":2,\"name\":\"Al menos uno de cada tres espa\u00f1oles no sigue pautas alimentarias saludables\"}]},{\"@type\":\"WebSite\",\"@id\":\"https:\\\/\\\/helloproject.es\\\/vigilancia\\\/#website\",\"url\":\"https:\\\/\\\/helloproject.es\\\/vigilancia\\\/\",\"name\":\"bip4ex\",\"description\":\"Vigilancia Tecnol\u00f3gica\",\"publisher\":{\"@id\":\"https:\\\/\\\/helloproject.es\\\/vigilancia\\\/#organization\"},\"potentialAction\":[{\"@type\":\"SearchAction\",\"target\":{\"@type\":\"EntryPoint\",\"urlTemplate\":\"https:\\\/\\\/helloproject.es\\\/vigilancia\\\/?s={search_term_string}\"},\"query-input\":{\"@type\":\"PropertyValueSpecification\",\"valueRequired\":true,\"valueName\":\"search_term_string\"}}],\"inLanguage\":\"es\"},{\"@type\":\"Organization\",\"@id\":\"https:\\\/\\\/helloproject.es\\\/vigilancia\\\/#organization\",\"name\":\"Helloproject.es\",\"url\":\"https:\\\/\\\/helloproject.es\\\/vigilancia\\\/\",\"logo\":{\"@type\":\"ImageObject\",\"inLanguage\":\"es\",\"@id\":\"https:\\\/\\\/helloproject.es\\\/vigilancia\\\/#\\\/schema\\\/logo\\\/image\\\/\",\"url\":\"https:\\\/\\\/helloproject.es\\\/vigilancia\\\/wp-content\\\/uploads\\\/2023\\\/07\\\/bip4ex.png\",\"contentUrl\":\"https:\\\/\\\/helloproject.es\\\/vigilancia\\\/wp-content\\\/uploads\\\/2023\\\/07\\\/bip4ex.png\",\"width\":322,\"height\":365,\"caption\":\"Helloproject.es\"},\"image\":{\"@id\":\"https:\\\/\\\/helloproject.es\\\/vigilancia\\\/#\\\/schema\\\/logo\\\/image\\\/\"}},{\"@type\":\"Person\",\"@id\":\"https:\\\/\\\/helloproject.es\\\/vigilancia\\\/#\\\/schema\\\/person\\\/3767b0619d59a11570372c821f8619ca\",\"name\":\"Luis Miguel Mej\u00edas Ramos\",\"url\":\"https:\\\/\\\/helloproject.es\\\/vigilancia\\\/author\\\/luismi\\\/\"}]}<\/script>\n<!-- \/ Yoast SEO Premium plugin. -->","yoast_head_json":{"title":"Al menos uno de cada tres espa\u00f1oles no sigue pautas alimentarias saludables - bip4ex","robots":{"index":"index","follow":"follow","max-snippet":"max-snippet:-1","max-image-preview":"max-image-preview:large","max-video-preview":"max-video-preview:-1"},"canonical":"https:\/\/helloproject.es\/vigilancia\/al-menos-uno-de-cada-tres-espanoles-no-sigue-pautas-alimentarias-saludables\/","og_locale":"es_ES","og_type":"article","og_title":"Al menos uno de cada tres espa\u00f1oles no sigue pautas alimentarias saludables","og_description":"Un informe del grupo de investigaci\u00f3n en Sociolog\u00eda de la Alimentaci\u00f3n (SOCIALIMEN) de la Universidad de Oviedo analiza las transformaciones recientes en las pr\u00e1cticas de compra, preparaci\u00f3n y consumo de alimentos en los hogares espa\u00f1oles, y los factores sociales que influyen en ellas. Seg\u00fan la publicaci\u00f3n, los cambios en los h\u00e1bitos alimentarios est\u00e1n dando lugar [&hellip;]","og_url":"https:\/\/helloproject.es\/vigilancia\/al-menos-uno-de-cada-tres-espanoles-no-sigue-pautas-alimentarias-saludables\/","og_site_name":"bip4ex","article_published_time":"2026-04-28T12:27:58+00:00","og_image":[{"url":"https:\/\/cdn.agenciasinc.es\/var\/ezwebin_site\/storage\/images\/noticias\/los-ultraprocesados-se-relacionan-con-una-disminucion-de-la-fertilidad-y-del-desarrollo-embrionario\/12385754-1-esl-MX\/Los-ultraprocesados-se-relacionan-con-una-disminucion-de-la-fertilidad-y-del-desarrollo-embrionario.jpg","type":"","width":"","height":""}],"author":"Luis Miguel Mej\u00edas Ramos","twitter_card":"summary_large_image","twitter_misc":{"Escrito por":"Luis Miguel Mej\u00edas Ramos","Tiempo de lectura":"3 minutos"},"schema":{"@context":"https:\/\/schema.org","@graph":[{"@type":"Article","@id":"https:\/\/helloproject.es\/vigilancia\/al-menos-uno-de-cada-tres-espanoles-no-sigue-pautas-alimentarias-saludables\/#article","isPartOf":{"@id":"https:\/\/helloproject.es\/vigilancia\/al-menos-uno-de-cada-tres-espanoles-no-sigue-pautas-alimentarias-saludables\/"},"author":{"name":"Luis Miguel Mej\u00edas Ramos","@id":"https:\/\/helloproject.es\/vigilancia\/#\/schema\/person\/3767b0619d59a11570372c821f8619ca"},"headline":"Al menos uno de cada tres espa\u00f1oles no sigue pautas alimentarias saludables","datePublished":"2026-04-28T12:27:58+00:00","mainEntityOfPage":{"@id":"https:\/\/helloproject.es\/vigilancia\/al-menos-uno-de-cada-tres-espanoles-no-sigue-pautas-alimentarias-saludables\/"},"wordCount":659,"publisher":{"@id":"https:\/\/helloproject.es\/vigilancia\/#organization"},"image":{"@id":"https:\/\/helloproject.es\/vigilancia\/al-menos-uno-de-cada-tres-espanoles-no-sigue-pautas-alimentarias-saludables\/#primaryimage"},"thumbnailUrl":"https:\/\/cdn.agenciasinc.es\/var\/ezwebin_site\/storage\/images\/noticias\/los-ultraprocesados-se-relacionan-con-una-disminucion-de-la-fertilidad-y-del-desarrollo-embrionario\/12385754-1-esl-MX\/Los-ultraprocesados-se-relacionan-con-una-disminucion-de-la-fertilidad-y-del-desarrollo-embrionario.jpg","articleSection":["Noticias"],"inLanguage":"es"},{"@type":"WebPage","@id":"https:\/\/helloproject.es\/vigilancia\/al-menos-uno-de-cada-tres-espanoles-no-sigue-pautas-alimentarias-saludables\/","url":"https:\/\/helloproject.es\/vigilancia\/al-menos-uno-de-cada-tres-espanoles-no-sigue-pautas-alimentarias-saludables\/","name":"Al menos uno de cada tres espa\u00f1oles no sigue pautas alimentarias saludables - bip4ex","isPartOf":{"@id":"https:\/\/helloproject.es\/vigilancia\/#website"},"primaryImageOfPage":{"@id":"https:\/\/helloproject.es\/vigilancia\/al-menos-uno-de-cada-tres-espanoles-no-sigue-pautas-alimentarias-saludables\/#primaryimage"},"image":{"@id":"https:\/\/helloproject.es\/vigilancia\/al-menos-uno-de-cada-tres-espanoles-no-sigue-pautas-alimentarias-saludables\/#primaryimage"},"thumbnailUrl":"https:\/\/cdn.agenciasinc.es\/var\/ezwebin_site\/storage\/images\/noticias\/los-ultraprocesados-se-relacionan-con-una-disminucion-de-la-fertilidad-y-del-desarrollo-embrionario\/12385754-1-esl-MX\/Los-ultraprocesados-se-relacionan-con-una-disminucion-de-la-fertilidad-y-del-desarrollo-embrionario.jpg","datePublished":"2026-04-28T12:27:58+00:00","breadcrumb":{"@id":"https:\/\/helloproject.es\/vigilancia\/al-menos-uno-de-cada-tres-espanoles-no-sigue-pautas-alimentarias-saludables\/#breadcrumb"},"inLanguage":"es","potentialAction":[{"@type":"ReadAction","target":["https:\/\/helloproject.es\/vigilancia\/al-menos-uno-de-cada-tres-espanoles-no-sigue-pautas-alimentarias-saludables\/"]}]},{"@type":"ImageObject","inLanguage":"es","@id":"https:\/\/helloproject.es\/vigilancia\/al-menos-uno-de-cada-tres-espanoles-no-sigue-pautas-alimentarias-saludables\/#primaryimage","url":"https:\/\/cdn.agenciasinc.es\/var\/ezwebin_site\/storage\/images\/noticias\/los-ultraprocesados-se-relacionan-con-una-disminucion-de-la-fertilidad-y-del-desarrollo-embrionario\/12385754-1-esl-MX\/Los-ultraprocesados-se-relacionan-con-una-disminucion-de-la-fertilidad-y-del-desarrollo-embrionario.jpg","contentUrl":"https:\/\/cdn.agenciasinc.es\/var\/ezwebin_site\/storage\/images\/noticias\/los-ultraprocesados-se-relacionan-con-una-disminucion-de-la-fertilidad-y-del-desarrollo-embrionario\/12385754-1-esl-MX\/Los-ultraprocesados-se-relacionan-con-una-disminucion-de-la-fertilidad-y-del-desarrollo-embrionario.jpg"},{"@type":"BreadcrumbList","@id":"https:\/\/helloproject.es\/vigilancia\/al-menos-uno-de-cada-tres-espanoles-no-sigue-pautas-alimentarias-saludables\/#breadcrumb","itemListElement":[{"@type":"ListItem","position":1,"name":"Home","item":"https:\/\/helloproject.es\/vigilancia\/"},{"@type":"ListItem","position":2,"name":"Al menos uno de cada tres espa\u00f1oles no sigue pautas alimentarias saludables"}]},{"@type":"WebSite","@id":"https:\/\/helloproject.es\/vigilancia\/#website","url":"https:\/\/helloproject.es\/vigilancia\/","name":"bip4ex","description":"Vigilancia Tecnol\u00f3gica","publisher":{"@id":"https:\/\/helloproject.es\/vigilancia\/#organization"},"potentialAction":[{"@type":"SearchAction","target":{"@type":"EntryPoint","urlTemplate":"https:\/\/helloproject.es\/vigilancia\/?s={search_term_string}"},"query-input":{"@type":"PropertyValueSpecification","valueRequired":true,"valueName":"search_term_string"}}],"inLanguage":"es"},{"@type":"Organization","@id":"https:\/\/helloproject.es\/vigilancia\/#organization","name":"Helloproject.es","url":"https:\/\/helloproject.es\/vigilancia\/","logo":{"@type":"ImageObject","inLanguage":"es","@id":"https:\/\/helloproject.es\/vigilancia\/#\/schema\/logo\/image\/","url":"https:\/\/helloproject.es\/vigilancia\/wp-content\/uploads\/2023\/07\/bip4ex.png","contentUrl":"https:\/\/helloproject.es\/vigilancia\/wp-content\/uploads\/2023\/07\/bip4ex.png","width":322,"height":365,"caption":"Helloproject.es"},"image":{"@id":"https:\/\/helloproject.es\/vigilancia\/#\/schema\/logo\/image\/"}},{"@type":"Person","@id":"https:\/\/helloproject.es\/vigilancia\/#\/schema\/person\/3767b0619d59a11570372c821f8619ca","name":"Luis Miguel Mej\u00edas Ramos","url":"https:\/\/helloproject.es\/vigilancia\/author\/luismi\/"}]}},"_links":{"self":[{"href":"https:\/\/helloproject.es\/vigilancia\/wp-json\/wp\/v2\/posts\/203620","targetHints":{"allow":["GET"]}}],"collection":[{"href":"https:\/\/helloproject.es\/vigilancia\/wp-json\/wp\/v2\/posts"}],"about":[{"href":"https:\/\/helloproject.es\/vigilancia\/wp-json\/wp\/v2\/types\/post"}],"author":[{"embeddable":true,"href":"https:\/\/helloproject.es\/vigilancia\/wp-json\/wp\/v2\/users\/5"}],"replies":[{"embeddable":true,"href":"https:\/\/helloproject.es\/vigilancia\/wp-json\/wp\/v2\/comments?post=203620"}],"version-history":[{"count":0,"href":"https:\/\/helloproject.es\/vigilancia\/wp-json\/wp\/v2\/posts\/203620\/revisions"}],"wp:attachment":[{"href":"https:\/\/helloproject.es\/vigilancia\/wp-json\/wp\/v2\/media?parent=203620"}],"wp:term":[{"taxonomy":"category","embeddable":true,"href":"https:\/\/helloproject.es\/vigilancia\/wp-json\/wp\/v2\/categories?post=203620"},{"taxonomy":"post_tag","embeddable":true,"href":"https:\/\/helloproject.es\/vigilancia\/wp-json\/wp\/v2\/tags?post=203620"}],"curies":[{"name":"wp","href":"https:\/\/api.w.org\/{rel}","templated":true}]}}