{"id":203627,"date":"2026-04-28T14:28:01","date_gmt":"2026-04-28T13:28:01","guid":{"rendered":"https:\/\/helloproject.es\/vigilancia\/el-30-de-abril-sera-el-dia-perfecto-para-ensayar-la-llegada-del-eclipse-solar-de-2026\/"},"modified":"2026-04-28T14:28:01","modified_gmt":"2026-04-28T13:28:01","slug":"el-30-de-abril-sera-el-dia-perfecto-para-ensayar-la-llegada-del-eclipse-solar-de-2026","status":"publish","type":"post","link":"https:\/\/helloproject.es\/vigilancia\/el-30-de-abril-sera-el-dia-perfecto-para-ensayar-la-llegada-del-eclipse-solar-de-2026\/","title":{"rendered":"El 30 de abril ser\u00e1 el d\u00eda \u2018perfecto\u2019 para ensayar la llegada del eclipse solar de 2026"},"content":{"rendered":"<p>El pr\u00f3ximo <a href=\"https:\/\/www.agenciasinc.es\/Noticias\/Todo-sobre-el-trio-de-eclipses-que-se-veran-desde-Espana-en-los-proximos-tres-anos-fechas-clave-y-recomendaciones\" target=\"_blank\">12 de agosto<\/a> la Luna opacar\u00e1 al Sol en su totalidad, un fen\u00f3meno que no se ha visto en la pen\u00ednsula ib\u00e9rica desde hace un siglo. El eclipse cruzar\u00e1 Espa\u00f1a de oeste a este y podr\u00e1 observarse al atardecer, lo que obligar\u00e1 a que los espectadores elijan un lugar sin obst\u00e1culos para su observaci\u00f3n.<\/p>\n<p>Gracias a la mec\u00e1nica celeste y a la forma el\u00edptica de nuestra \u00f3rbita se podr\u00e1 planificar con tiempo la llegada de este\u00a0fen\u00f3meno astron\u00f3mico, ya que existen dos fechas al a\u00f1o en las que el Sol suele trazar un arco hom\u00f3logo en el cielo. En concreto, el 30 de abril y el 12 de agosto ser\u00e1n d\u00edas \u2018espejo\u2019, por lo que el astro alcanzar\u00e1 la misma altura y seguir\u00e1 pr\u00e1cticamente el mismo camino en ambas jornadas.<\/p>\n<p>\u00a0El 30 de abril y el 12 de agosto ser\u00e1n d\u00edas \u2018espejo\u2019, por lo que el astro alcanzar\u00e1 la misma altura y seguir\u00e1 el mismo camino en ambas jornadas<\/p>\n<p>Seg\u00fan explica a SINC el f\u00edsico del Observatorio Astron\u00f3mico Nacional (OAN), Mario Tafalla, cuando llegue el \u00faltimo d\u00eda de abril quedar\u00e1n 52 d\u00edas para el solsticio de verano, es decir, el mismo n\u00famero de d\u00edas comprendidos entre el 21 de junio y la fecha del eclipse.<\/p>\n<p>Esto significa que nos encontramos en unas fechas en las que el Sol har\u00e1 el mismo recorrido que a mediados de agosto, \u201cpor lo que si queremos saber por d\u00f3nde va a pasar el astro el d\u00eda del eclipse tenemos un avance previo de lo que va a suceder\u201d, a\u00f1ade.<\/p>\n<p>                        <a href=\"https:\/\/www.agenciasinc.es\/Reportajes\/Asi-funcionan-los-eclipses-solares-por-que-como-cuando-donde\"><br \/>\n                            <img decoding=\"async\" src=\"https:\/\/cdn.agenciasinc.es\/var\/ezwebin_site\/storage\/images\/reportajes\/asi-funcionan-los-eclipses-solares-por-que-como-cuando-donde\/12379486-5-esl-MX\/Asi-funcionan-los-eclipses-solares-por-que-como-cuando-donde.jpg\" alt=\"As\u00ed funcionan los eclipses solares: \u00bfpor qu\u00e9, c\u00f3mo, cu\u00e1ndo, d\u00f3nde?\" title=\"As\u00ed funcionan los eclipses solares: \u00bfpor qu\u00e9, c\u00f3mo, cu\u00e1ndo, d\u00f3nde?\" class=\"small_fotoderecha_img\" loading=\"lazy\" \/><br \/>\n                        <\/a><\/p>\n<p>                    <a href=\"https:\/\/www.agenciasinc.es\/Reportajes\/Asi-funcionan-los-eclipses-solares-por-que-como-cuando-donde\" class=\"small_fotoderecha_titulo\"><\/a><\/p>\n<h3 class=\"small_fotoderecha_titulo\">As\u00ed funcionan los eclipses solares: \u00bfpor qu\u00e9, c\u00f3mo, cu\u00e1ndo, d\u00f3nde?<\/h3>\n<p>                    <\/p>\n<p>                                                                                                                                                <a href=\"https:\/\/www.agenciasinc.es\/Autor\/Javier-Yanes\"><br \/>\n                                        Javier Yanes<br \/>\n                                        <\/a>                                                                                                <\/p>\n<p><a><\/a><\/p>\n<h2>Dos veces al a\u00f1o<\/h2>\n<p>La f\u00edsica detr\u00e1s de este \u2018espejo temporal\u2019\u00a0radica en la inclinaci\u00f3n de la Tierra y la simetr\u00eda de su \u00f3rbita. El Sol llega a su punto m\u00e1s alto en el cielo durante el solsticio de primavera y tras ello empieza a descender, por lo que, b\u00e1sicamente, \u201chace el mismo recorrido dos veces al a\u00f1o\u201d, agrega Tafalla.<\/p>\n<p><img decoding=\"async\" src=\"https:\/\/www.agenciasinc.es\/bundles\/app\/images\/quotebefore.png\" \/><\/p>\n<p>El ensayo general servir\u00e1 para ver si estamos en una zona de dif\u00edcil visibilidad, con obst\u00e1culos, y decidir desde d\u00f3nde se quiere observar el eclipse<\/p>\n<p>Mario Tafalla, f\u00edsico del Observatorio Astron\u00f3mico Nacional (OAN).<br \/>\n<img decoding=\"async\" src=\"https:\/\/www.agenciasinc.es\/bundles\/app\/images\/quoteafter.png\" \/><\/p>\n<p>Este fen\u00f3meno no es nada excepcional. Su importancia radica en que el eclipse del 12 de agosto se producir\u00e1 al atardecer, cuando el Sol se encuentre muy bajo en el horizonte, y donde existen pocos minutos de visibilidad. Seg\u00fan agrega este f\u00edsico, \u00abla idea de salir el 30 de abril servir\u00e1 para ver si estamos en una zona de dif\u00edcil visibilidad, con obst\u00e1culos, y decidir desde d\u00f3nde se quiere observar\u201d.<\/p>\n<p>                    <img decoding=\"async\" src=\"https:\/\/cdn.agenciasinc.es\/var\/ezwebin_site\/storage\/images\/media\/images\/infografia-para-el-ensayo-general-del-eclipse-total-solar-de-2026.-oan\/12396305-1-esl-MX\/Infografia-para-el-ensayo-general-del-eclipse-total-solar-de-2026.-OAN.jpg\" alt=\"Infograf\u00eda para el ensayo general del eclipse total solar de 2026. \/ OAN\" \/><\/p>\n<p>Infograf\u00eda para el ensayo general del eclipse total solar de 2026. \/ OAN<\/p>\n<p>    document.addEventListener(\u00abDOMContentLoaded\u00bb, function() {<br \/>\n        var img = document.querySelector(&#8216;.image-container img&#8217;);<br \/>\n        if (img) {<br \/>\n            img.alt = \u00abInfograf\u00eda para el ensayo general del eclipse total solar de 2026. \/ OAN\u00bb;<br \/>\n        }<br \/>\n    });<\/p>\n<p>                        <a href=\"https:\/\/www.agenciasinc.es\/Reportajes\/Cien-anos-sin-eclipses-solares-y-ahora-tres-seguidos\"><br \/>\n                            <img decoding=\"async\" src=\"https:\/\/cdn.agenciasinc.es\/var\/ezwebin_site\/storage\/images\/reportajes\/cien-anos-sin-eclipses-solares-y-ahora-tres-seguidos\/12382214-2-esl-MX\/Cien-anos-sin-eclipses-solares-y-ahora-tres-seguidos.jpg\" alt=\"Cien a\u00f1os sin eclipses solares\u2026 \u00bfy ahora tres seguidos?\" title=\"Cien a\u00f1os sin eclipses solares\u2026 \u00bfy ahora tres seguidos?\" class=\"small_fotoderecha_img\" loading=\"lazy\" \/><br \/>\n                        <\/a><\/p>\n<p>                    <a href=\"https:\/\/www.agenciasinc.es\/Reportajes\/Cien-anos-sin-eclipses-solares-y-ahora-tres-seguidos\" class=\"small_fotoderecha_titulo\"><\/a><\/p>\n<h3 class=\"small_fotoderecha_titulo\">Cien a\u00f1os sin eclipses solares\u2026 \u00bfy ahora tres seguidos?<\/h3>\n<p>                    <\/p>\n<p>                                                                                                                                                <a href=\"https:\/\/www.agenciasinc.es\/Autor\/Alejandro-Munoz\"><br \/>\n                                        Alejandro Mu\u00f1oz<br \/>\n                                        <\/a>                                                                                                <\/p>\n<p><a><\/a><\/p>\n<h2>Diferencias temporales<\/h2>\n<p>Cabe resaltar que existen diferencias horarias entre la fecha del eclipse de 2026 y el 30 de abril, por lo que, en esta jornada, el Sol estar\u00e1 en posici\u00f3n 7 minutos antes que el d\u00eda en el que se produzca el ocultamiento.<\/p>\n<p>La variaci\u00f3n del astro ser\u00e1 m\u00ednima (-\/+ 2 grados) por lo que tambi\u00e9n se podr\u00e1 hacer este ensayo general desde el 25 al 4 de mayo. Si se desea observar el entorno durante estas fechas hay que mirar el Sol 12 minutos antes el 25 de abril, 10 minutos antes el 27 del mismo mes, 8 minutos antes el 29 de abril, 5 minutos antes el 2 de mayo y 3 minutos antes el 4 de ese mes, seg\u00fan datos del OAN.\u00a0\u00a0<\/p>\n<p>Asimismo, la ubicaci\u00f3n tambi\u00e9n influye en el momento \u00f3ptimo en el que hacer este\u00a0ensayo general, ya que la fase de totalidad ir\u00e1 de este a oeste, por lo que el rango \u00f3ptimo para ver el Sol el 30 de abril ser\u00e1 de 20:20 a 20:26.<\/p>\n<p>La ubicaci\u00f3n tambi\u00e9n influye en el momento \u00f3ptimo en el que hacer este\u00a0ensayo general, ya que la fase de totalidad ir\u00e1 de este a oeste<\/p>\n<p>\u201cMerece la pena hacer este ensayo si queremos ver la fase de totalidad, que es el mejor momento del eclipse\u201d, declara Tafalla. Aquellos que no est\u00e9n dentro de la franja no tienen por qu\u00e9 hacerlo ya que ver\u00e1n un eclipse parcial durante casi una hora.<\/p>\n<p>\u201cLa fase de totalidad de un eclipse es muy especial, y claramente habr\u00e1 gente mucha gente que se desplace a un lugar o vaya a una cierta localidad para verlo all\u00ed. Por ello, lo que queremos es que los observadores se aseguren de que no tiene obst\u00e1culos y que no tengan que improvisar y salir corriendo para buscar un sitio el d\u00eda del fen\u00f3meno\u201d, sostiene.<\/p>\n<p>El experto concluye con algunas recomendaciones sobre la observaci\u00f3n, como subirse a zonas elevadas para distinguir claros soleados, y medidas protectoras como el empleo de gafas de eclipse para mirar al Sol de forma directa.\u00a0<\/p>","protected":false},"excerpt":{"rendered":"<p>El pr\u00f3ximo 12 de agosto la Luna opacar\u00e1 al Sol en su totalidad, un fen\u00f3meno que no se ha visto en la pen\u00ednsula ib\u00e9rica desde hace un siglo. El eclipse cruzar\u00e1 Espa\u00f1a de oeste a este y podr\u00e1 observarse al atardecer, lo que obligar\u00e1 a que los espectadores elijan un lugar sin obst\u00e1culos para su [&hellip;]<\/p>\n","protected":false},"author":5,"featured_media":0,"comment_status":"","ping_status":"","sticky":false,"template":"","format":"standard","meta":{"site-sidebar-layout":"default","site-content-layout":"","ast-site-content-layout":"default","site-content-style":"default","site-sidebar-style":"default","ast-global-header-display":"","ast-banner-title-visibility":"","ast-main-header-display":"","ast-hfb-above-header-display":"","ast-hfb-below-header-display":"","ast-hfb-mobile-header-display":"","site-post-title":"","ast-breadcrumbs-content":"","ast-featured-img":"","footer-sml-layout":"","ast-disable-related-posts":"","theme-transparent-header-meta":"","adv-header-id-meta":"","stick-header-meta":"","header-above-stick-meta":"","header-main-stick-meta":"","header-below-stick-meta":"","astra-migrate-meta-layouts":"default","ast-page-background-enabled":"default","ast-page-background-meta":{"desktop":{"background-color":"var(--ast-global-color-4)","background-image":"","background-repeat":"repeat","background-position":"center center","background-size":"auto","background-attachment":"scroll","background-type":"","background-media":"","overlay-type":"","overlay-color":"","overlay-opacity":"","overlay-gradient":""},"tablet":{"background-color":"","background-image":"","background-repeat":"repeat","background-position":"center center","background-size":"auto","background-attachment":"scroll","background-type":"","background-media":"","overlay-type":"","overlay-color":"","overlay-opacity":"","overlay-gradient":""},"mobile":{"background-color":"","background-image":"","background-repeat":"repeat","background-position":"center center","background-size":"auto","background-attachment":"scroll","background-type":"","background-media":"","overlay-type":"","overlay-color":"","overlay-opacity":"","overlay-gradient":""}},"ast-content-background-meta":{"desktop":{"background-color":"var(--ast-global-color-5)","background-image":"","background-repeat":"repeat","background-position":"center center","background-size":"auto","background-attachment":"scroll","background-type":"","background-media":"","overlay-type":"","overlay-color":"","overlay-opacity":"","overlay-gradient":""},"tablet":{"background-color":"var(--ast-global-color-5)","background-image":"","background-repeat":"repeat","background-position":"center center","background-size":"auto","background-attachment":"scroll","background-type":"","background-media":"","overlay-type":"","overlay-color":"","overlay-opacity":"","overlay-gradient":""},"mobile":{"background-color":"var(--ast-global-color-5)","background-image":"","background-repeat":"repeat","background-position":"center center","background-size":"auto","background-attachment":"scroll","background-type":"","background-media":"","overlay-type":"","overlay-color":"","overlay-opacity":"","overlay-gradient":""}},"footnotes":""},"categories":[5],"tags":[],"class_list":["post-203627","post","type-post","status-publish","format-standard","hentry","category-noticias"],"yoast_head":"<!-- This site is optimized with the Yoast SEO Premium plugin v20.9 (Yoast SEO v27.4) - https:\/\/yoast.com\/product\/yoast-seo-premium-wordpress\/ -->\n<title>El 30 de abril ser\u00e1 el d\u00eda \u2018perfecto\u2019 para ensayar la llegada del eclipse solar de 2026 - bip4ex<\/title>\n<meta name=\"robots\" content=\"index, follow, max-snippet:-1, max-image-preview:large, max-video-preview:-1\" \/>\n<link rel=\"canonical\" href=\"https:\/\/helloproject.es\/vigilancia\/el-30-de-abril-sera-el-dia-perfecto-para-ensayar-la-llegada-del-eclipse-solar-de-2026\/\" \/>\n<meta property=\"og:locale\" content=\"es_ES\" \/>\n<meta property=\"og:type\" content=\"article\" \/>\n<meta property=\"og:title\" content=\"El 30 de abril ser\u00e1 el d\u00eda \u2018perfecto\u2019 para ensayar la llegada del eclipse solar de 2026\" \/>\n<meta property=\"og:description\" content=\"El pr\u00f3ximo 12 de agosto la Luna opacar\u00e1 al Sol en su totalidad, un fen\u00f3meno que no se ha visto en la pen\u00ednsula ib\u00e9rica desde hace un siglo. El eclipse cruzar\u00e1 Espa\u00f1a de oeste a este y podr\u00e1 observarse al atardecer, lo que obligar\u00e1 a que los espectadores elijan un lugar sin obst\u00e1culos para su [&hellip;]\" \/>\n<meta property=\"og:url\" content=\"https:\/\/helloproject.es\/vigilancia\/el-30-de-abril-sera-el-dia-perfecto-para-ensayar-la-llegada-del-eclipse-solar-de-2026\/\" \/>\n<meta property=\"og:site_name\" content=\"bip4ex\" \/>\n<meta property=\"article:published_time\" content=\"2026-04-28T13:28:01+00:00\" \/>\n<meta property=\"og:image\" content=\"https:\/\/cdn.agenciasinc.es\/var\/ezwebin_site\/storage\/images\/reportajes\/asi-funcionan-los-eclipses-solares-por-que-como-cuando-donde\/12379486-5-esl-MX\/Asi-funcionan-los-eclipses-solares-por-que-como-cuando-donde.jpg\" \/>\n<meta name=\"author\" content=\"Luis Miguel Mej\u00edas Ramos\" \/>\n<meta name=\"twitter:card\" content=\"summary_large_image\" \/>\n<meta name=\"twitter:label1\" content=\"Escrito por\" \/>\n\t<meta name=\"twitter:data1\" content=\"Luis Miguel Mej\u00edas Ramos\" \/>\n\t<meta name=\"twitter:label2\" content=\"Tiempo de lectura\" \/>\n\t<meta name=\"twitter:data2\" content=\"4 minutos\" \/>\n<script type=\"application\/ld+json\" class=\"yoast-schema-graph\">{\"@context\":\"https:\\\/\\\/schema.org\",\"@graph\":[{\"@type\":\"Article\",\"@id\":\"https:\\\/\\\/helloproject.es\\\/vigilancia\\\/el-30-de-abril-sera-el-dia-perfecto-para-ensayar-la-llegada-del-eclipse-solar-de-2026\\\/#article\",\"isPartOf\":{\"@id\":\"https:\\\/\\\/helloproject.es\\\/vigilancia\\\/el-30-de-abril-sera-el-dia-perfecto-para-ensayar-la-llegada-del-eclipse-solar-de-2026\\\/\"},\"author\":{\"name\":\"Luis Miguel Mej\u00edas Ramos\",\"@id\":\"https:\\\/\\\/helloproject.es\\\/vigilancia\\\/#\\\/schema\\\/person\\\/3767b0619d59a11570372c821f8619ca\"},\"headline\":\"El 30 de abril ser\u00e1 el d\u00eda \u2018perfecto\u2019 para ensayar la llegada del eclipse solar de 2026\",\"datePublished\":\"2026-04-28T13:28:01+00:00\",\"mainEntityOfPage\":{\"@id\":\"https:\\\/\\\/helloproject.es\\\/vigilancia\\\/el-30-de-abril-sera-el-dia-perfecto-para-ensayar-la-llegada-del-eclipse-solar-de-2026\\\/\"},\"wordCount\":881,\"publisher\":{\"@id\":\"https:\\\/\\\/helloproject.es\\\/vigilancia\\\/#organization\"},\"image\":{\"@id\":\"https:\\\/\\\/helloproject.es\\\/vigilancia\\\/el-30-de-abril-sera-el-dia-perfecto-para-ensayar-la-llegada-del-eclipse-solar-de-2026\\\/#primaryimage\"},\"thumbnailUrl\":\"https:\\\/\\\/cdn.agenciasinc.es\\\/var\\\/ezwebin_site\\\/storage\\\/images\\\/reportajes\\\/asi-funcionan-los-eclipses-solares-por-que-como-cuando-donde\\\/12379486-5-esl-MX\\\/Asi-funcionan-los-eclipses-solares-por-que-como-cuando-donde.jpg\",\"articleSection\":[\"Noticias\"],\"inLanguage\":\"es\"},{\"@type\":\"WebPage\",\"@id\":\"https:\\\/\\\/helloproject.es\\\/vigilancia\\\/el-30-de-abril-sera-el-dia-perfecto-para-ensayar-la-llegada-del-eclipse-solar-de-2026\\\/\",\"url\":\"https:\\\/\\\/helloproject.es\\\/vigilancia\\\/el-30-de-abril-sera-el-dia-perfecto-para-ensayar-la-llegada-del-eclipse-solar-de-2026\\\/\",\"name\":\"El 30 de abril ser\u00e1 el d\u00eda \u2018perfecto\u2019 para ensayar la llegada del eclipse solar de 2026 - bip4ex\",\"isPartOf\":{\"@id\":\"https:\\\/\\\/helloproject.es\\\/vigilancia\\\/#website\"},\"primaryImageOfPage\":{\"@id\":\"https:\\\/\\\/helloproject.es\\\/vigilancia\\\/el-30-de-abril-sera-el-dia-perfecto-para-ensayar-la-llegada-del-eclipse-solar-de-2026\\\/#primaryimage\"},\"image\":{\"@id\":\"https:\\\/\\\/helloproject.es\\\/vigilancia\\\/el-30-de-abril-sera-el-dia-perfecto-para-ensayar-la-llegada-del-eclipse-solar-de-2026\\\/#primaryimage\"},\"thumbnailUrl\":\"https:\\\/\\\/cdn.agenciasinc.es\\\/var\\\/ezwebin_site\\\/storage\\\/images\\\/reportajes\\\/asi-funcionan-los-eclipses-solares-por-que-como-cuando-donde\\\/12379486-5-esl-MX\\\/Asi-funcionan-los-eclipses-solares-por-que-como-cuando-donde.jpg\",\"datePublished\":\"2026-04-28T13:28:01+00:00\",\"breadcrumb\":{\"@id\":\"https:\\\/\\\/helloproject.es\\\/vigilancia\\\/el-30-de-abril-sera-el-dia-perfecto-para-ensayar-la-llegada-del-eclipse-solar-de-2026\\\/#breadcrumb\"},\"inLanguage\":\"es\",\"potentialAction\":[{\"@type\":\"ReadAction\",\"target\":[\"https:\\\/\\\/helloproject.es\\\/vigilancia\\\/el-30-de-abril-sera-el-dia-perfecto-para-ensayar-la-llegada-del-eclipse-solar-de-2026\\\/\"]}]},{\"@type\":\"ImageObject\",\"inLanguage\":\"es\",\"@id\":\"https:\\\/\\\/helloproject.es\\\/vigilancia\\\/el-30-de-abril-sera-el-dia-perfecto-para-ensayar-la-llegada-del-eclipse-solar-de-2026\\\/#primaryimage\",\"url\":\"https:\\\/\\\/cdn.agenciasinc.es\\\/var\\\/ezwebin_site\\\/storage\\\/images\\\/reportajes\\\/asi-funcionan-los-eclipses-solares-por-que-como-cuando-donde\\\/12379486-5-esl-MX\\\/Asi-funcionan-los-eclipses-solares-por-que-como-cuando-donde.jpg\",\"contentUrl\":\"https:\\\/\\\/cdn.agenciasinc.es\\\/var\\\/ezwebin_site\\\/storage\\\/images\\\/reportajes\\\/asi-funcionan-los-eclipses-solares-por-que-como-cuando-donde\\\/12379486-5-esl-MX\\\/Asi-funcionan-los-eclipses-solares-por-que-como-cuando-donde.jpg\"},{\"@type\":\"BreadcrumbList\",\"@id\":\"https:\\\/\\\/helloproject.es\\\/vigilancia\\\/el-30-de-abril-sera-el-dia-perfecto-para-ensayar-la-llegada-del-eclipse-solar-de-2026\\\/#breadcrumb\",\"itemListElement\":[{\"@type\":\"ListItem\",\"position\":1,\"name\":\"Home\",\"item\":\"https:\\\/\\\/helloproject.es\\\/vigilancia\\\/\"},{\"@type\":\"ListItem\",\"position\":2,\"name\":\"El 30 de abril ser\u00e1 el d\u00eda \u2018perfecto\u2019 para ensayar la llegada del eclipse solar de 2026\"}]},{\"@type\":\"WebSite\",\"@id\":\"https:\\\/\\\/helloproject.es\\\/vigilancia\\\/#website\",\"url\":\"https:\\\/\\\/helloproject.es\\\/vigilancia\\\/\",\"name\":\"bip4ex\",\"description\":\"Vigilancia Tecnol\u00f3gica\",\"publisher\":{\"@id\":\"https:\\\/\\\/helloproject.es\\\/vigilancia\\\/#organization\"},\"potentialAction\":[{\"@type\":\"SearchAction\",\"target\":{\"@type\":\"EntryPoint\",\"urlTemplate\":\"https:\\\/\\\/helloproject.es\\\/vigilancia\\\/?s={search_term_string}\"},\"query-input\":{\"@type\":\"PropertyValueSpecification\",\"valueRequired\":true,\"valueName\":\"search_term_string\"}}],\"inLanguage\":\"es\"},{\"@type\":\"Organization\",\"@id\":\"https:\\\/\\\/helloproject.es\\\/vigilancia\\\/#organization\",\"name\":\"Helloproject.es\",\"url\":\"https:\\\/\\\/helloproject.es\\\/vigilancia\\\/\",\"logo\":{\"@type\":\"ImageObject\",\"inLanguage\":\"es\",\"@id\":\"https:\\\/\\\/helloproject.es\\\/vigilancia\\\/#\\\/schema\\\/logo\\\/image\\\/\",\"url\":\"https:\\\/\\\/helloproject.es\\\/vigilancia\\\/wp-content\\\/uploads\\\/2023\\\/07\\\/bip4ex.png\",\"contentUrl\":\"https:\\\/\\\/helloproject.es\\\/vigilancia\\\/wp-content\\\/uploads\\\/2023\\\/07\\\/bip4ex.png\",\"width\":322,\"height\":365,\"caption\":\"Helloproject.es\"},\"image\":{\"@id\":\"https:\\\/\\\/helloproject.es\\\/vigilancia\\\/#\\\/schema\\\/logo\\\/image\\\/\"}},{\"@type\":\"Person\",\"@id\":\"https:\\\/\\\/helloproject.es\\\/vigilancia\\\/#\\\/schema\\\/person\\\/3767b0619d59a11570372c821f8619ca\",\"name\":\"Luis Miguel Mej\u00edas Ramos\",\"url\":\"https:\\\/\\\/helloproject.es\\\/vigilancia\\\/author\\\/luismi\\\/\"}]}<\/script>\n<!-- \/ Yoast SEO Premium plugin. -->","yoast_head_json":{"title":"El 30 de abril ser\u00e1 el d\u00eda \u2018perfecto\u2019 para ensayar la llegada del eclipse solar de 2026 - bip4ex","robots":{"index":"index","follow":"follow","max-snippet":"max-snippet:-1","max-image-preview":"max-image-preview:large","max-video-preview":"max-video-preview:-1"},"canonical":"https:\/\/helloproject.es\/vigilancia\/el-30-de-abril-sera-el-dia-perfecto-para-ensayar-la-llegada-del-eclipse-solar-de-2026\/","og_locale":"es_ES","og_type":"article","og_title":"El 30 de abril ser\u00e1 el d\u00eda \u2018perfecto\u2019 para ensayar la llegada del eclipse solar de 2026","og_description":"El pr\u00f3ximo 12 de agosto la Luna opacar\u00e1 al Sol en su totalidad, un fen\u00f3meno que no se ha visto en la pen\u00ednsula ib\u00e9rica desde hace un siglo. El eclipse cruzar\u00e1 Espa\u00f1a de oeste a este y podr\u00e1 observarse al atardecer, lo que obligar\u00e1 a que los espectadores elijan un lugar sin obst\u00e1culos para su [&hellip;]","og_url":"https:\/\/helloproject.es\/vigilancia\/el-30-de-abril-sera-el-dia-perfecto-para-ensayar-la-llegada-del-eclipse-solar-de-2026\/","og_site_name":"bip4ex","article_published_time":"2026-04-28T13:28:01+00:00","og_image":[{"url":"https:\/\/cdn.agenciasinc.es\/var\/ezwebin_site\/storage\/images\/reportajes\/asi-funcionan-los-eclipses-solares-por-que-como-cuando-donde\/12379486-5-esl-MX\/Asi-funcionan-los-eclipses-solares-por-que-como-cuando-donde.jpg","type":"","width":"","height":""}],"author":"Luis Miguel Mej\u00edas Ramos","twitter_card":"summary_large_image","twitter_misc":{"Escrito por":"Luis Miguel Mej\u00edas Ramos","Tiempo de lectura":"4 minutos"},"schema":{"@context":"https:\/\/schema.org","@graph":[{"@type":"Article","@id":"https:\/\/helloproject.es\/vigilancia\/el-30-de-abril-sera-el-dia-perfecto-para-ensayar-la-llegada-del-eclipse-solar-de-2026\/#article","isPartOf":{"@id":"https:\/\/helloproject.es\/vigilancia\/el-30-de-abril-sera-el-dia-perfecto-para-ensayar-la-llegada-del-eclipse-solar-de-2026\/"},"author":{"name":"Luis Miguel Mej\u00edas Ramos","@id":"https:\/\/helloproject.es\/vigilancia\/#\/schema\/person\/3767b0619d59a11570372c821f8619ca"},"headline":"El 30 de abril ser\u00e1 el d\u00eda \u2018perfecto\u2019 para ensayar la llegada del eclipse solar de 2026","datePublished":"2026-04-28T13:28:01+00:00","mainEntityOfPage":{"@id":"https:\/\/helloproject.es\/vigilancia\/el-30-de-abril-sera-el-dia-perfecto-para-ensayar-la-llegada-del-eclipse-solar-de-2026\/"},"wordCount":881,"publisher":{"@id":"https:\/\/helloproject.es\/vigilancia\/#organization"},"image":{"@id":"https:\/\/helloproject.es\/vigilancia\/el-30-de-abril-sera-el-dia-perfecto-para-ensayar-la-llegada-del-eclipse-solar-de-2026\/#primaryimage"},"thumbnailUrl":"https:\/\/cdn.agenciasinc.es\/var\/ezwebin_site\/storage\/images\/reportajes\/asi-funcionan-los-eclipses-solares-por-que-como-cuando-donde\/12379486-5-esl-MX\/Asi-funcionan-los-eclipses-solares-por-que-como-cuando-donde.jpg","articleSection":["Noticias"],"inLanguage":"es"},{"@type":"WebPage","@id":"https:\/\/helloproject.es\/vigilancia\/el-30-de-abril-sera-el-dia-perfecto-para-ensayar-la-llegada-del-eclipse-solar-de-2026\/","url":"https:\/\/helloproject.es\/vigilancia\/el-30-de-abril-sera-el-dia-perfecto-para-ensayar-la-llegada-del-eclipse-solar-de-2026\/","name":"El 30 de abril ser\u00e1 el d\u00eda \u2018perfecto\u2019 para ensayar la llegada del eclipse solar de 2026 - bip4ex","isPartOf":{"@id":"https:\/\/helloproject.es\/vigilancia\/#website"},"primaryImageOfPage":{"@id":"https:\/\/helloproject.es\/vigilancia\/el-30-de-abril-sera-el-dia-perfecto-para-ensayar-la-llegada-del-eclipse-solar-de-2026\/#primaryimage"},"image":{"@id":"https:\/\/helloproject.es\/vigilancia\/el-30-de-abril-sera-el-dia-perfecto-para-ensayar-la-llegada-del-eclipse-solar-de-2026\/#primaryimage"},"thumbnailUrl":"https:\/\/cdn.agenciasinc.es\/var\/ezwebin_site\/storage\/images\/reportajes\/asi-funcionan-los-eclipses-solares-por-que-como-cuando-donde\/12379486-5-esl-MX\/Asi-funcionan-los-eclipses-solares-por-que-como-cuando-donde.jpg","datePublished":"2026-04-28T13:28:01+00:00","breadcrumb":{"@id":"https:\/\/helloproject.es\/vigilancia\/el-30-de-abril-sera-el-dia-perfecto-para-ensayar-la-llegada-del-eclipse-solar-de-2026\/#breadcrumb"},"inLanguage":"es","potentialAction":[{"@type":"ReadAction","target":["https:\/\/helloproject.es\/vigilancia\/el-30-de-abril-sera-el-dia-perfecto-para-ensayar-la-llegada-del-eclipse-solar-de-2026\/"]}]},{"@type":"ImageObject","inLanguage":"es","@id":"https:\/\/helloproject.es\/vigilancia\/el-30-de-abril-sera-el-dia-perfecto-para-ensayar-la-llegada-del-eclipse-solar-de-2026\/#primaryimage","url":"https:\/\/cdn.agenciasinc.es\/var\/ezwebin_site\/storage\/images\/reportajes\/asi-funcionan-los-eclipses-solares-por-que-como-cuando-donde\/12379486-5-esl-MX\/Asi-funcionan-los-eclipses-solares-por-que-como-cuando-donde.jpg","contentUrl":"https:\/\/cdn.agenciasinc.es\/var\/ezwebin_site\/storage\/images\/reportajes\/asi-funcionan-los-eclipses-solares-por-que-como-cuando-donde\/12379486-5-esl-MX\/Asi-funcionan-los-eclipses-solares-por-que-como-cuando-donde.jpg"},{"@type":"BreadcrumbList","@id":"https:\/\/helloproject.es\/vigilancia\/el-30-de-abril-sera-el-dia-perfecto-para-ensayar-la-llegada-del-eclipse-solar-de-2026\/#breadcrumb","itemListElement":[{"@type":"ListItem","position":1,"name":"Home","item":"https:\/\/helloproject.es\/vigilancia\/"},{"@type":"ListItem","position":2,"name":"El 30 de abril ser\u00e1 el d\u00eda \u2018perfecto\u2019 para ensayar la llegada del eclipse solar de 2026"}]},{"@type":"WebSite","@id":"https:\/\/helloproject.es\/vigilancia\/#website","url":"https:\/\/helloproject.es\/vigilancia\/","name":"bip4ex","description":"Vigilancia Tecnol\u00f3gica","publisher":{"@id":"https:\/\/helloproject.es\/vigilancia\/#organization"},"potentialAction":[{"@type":"SearchAction","target":{"@type":"EntryPoint","urlTemplate":"https:\/\/helloproject.es\/vigilancia\/?s={search_term_string}"},"query-input":{"@type":"PropertyValueSpecification","valueRequired":true,"valueName":"search_term_string"}}],"inLanguage":"es"},{"@type":"Organization","@id":"https:\/\/helloproject.es\/vigilancia\/#organization","name":"Helloproject.es","url":"https:\/\/helloproject.es\/vigilancia\/","logo":{"@type":"ImageObject","inLanguage":"es","@id":"https:\/\/helloproject.es\/vigilancia\/#\/schema\/logo\/image\/","url":"https:\/\/helloproject.es\/vigilancia\/wp-content\/uploads\/2023\/07\/bip4ex.png","contentUrl":"https:\/\/helloproject.es\/vigilancia\/wp-content\/uploads\/2023\/07\/bip4ex.png","width":322,"height":365,"caption":"Helloproject.es"},"image":{"@id":"https:\/\/helloproject.es\/vigilancia\/#\/schema\/logo\/image\/"}},{"@type":"Person","@id":"https:\/\/helloproject.es\/vigilancia\/#\/schema\/person\/3767b0619d59a11570372c821f8619ca","name":"Luis Miguel Mej\u00edas Ramos","url":"https:\/\/helloproject.es\/vigilancia\/author\/luismi\/"}]}},"_links":{"self":[{"href":"https:\/\/helloproject.es\/vigilancia\/wp-json\/wp\/v2\/posts\/203627","targetHints":{"allow":["GET"]}}],"collection":[{"href":"https:\/\/helloproject.es\/vigilancia\/wp-json\/wp\/v2\/posts"}],"about":[{"href":"https:\/\/helloproject.es\/vigilancia\/wp-json\/wp\/v2\/types\/post"}],"author":[{"embeddable":true,"href":"https:\/\/helloproject.es\/vigilancia\/wp-json\/wp\/v2\/users\/5"}],"replies":[{"embeddable":true,"href":"https:\/\/helloproject.es\/vigilancia\/wp-json\/wp\/v2\/comments?post=203627"}],"version-history":[{"count":0,"href":"https:\/\/helloproject.es\/vigilancia\/wp-json\/wp\/v2\/posts\/203627\/revisions"}],"wp:attachment":[{"href":"https:\/\/helloproject.es\/vigilancia\/wp-json\/wp\/v2\/media?parent=203627"}],"wp:term":[{"taxonomy":"category","embeddable":true,"href":"https:\/\/helloproject.es\/vigilancia\/wp-json\/wp\/v2\/categories?post=203627"},{"taxonomy":"post_tag","embeddable":true,"href":"https:\/\/helloproject.es\/vigilancia\/wp-json\/wp\/v2\/tags?post=203627"}],"curies":[{"name":"wp","href":"https:\/\/api.w.org\/{rel}","templated":true}]}}