{"id":203630,"date":"2026-04-28T14:28:23","date_gmt":"2026-04-28T13:28:23","guid":{"rendered":"https:\/\/helloproject.es\/vigilancia\/los-faros-del-camino-en-catorce-municipios-tras-iluminar-19-monumentos\/"},"modified":"2026-04-28T14:28:23","modified_gmt":"2026-04-28T13:28:23","slug":"los-faros-del-camino-en-catorce-municipios-tras-iluminar-19-monumentos","status":"publish","type":"post","link":"https:\/\/helloproject.es\/vigilancia\/los-faros-del-camino-en-catorce-municipios-tras-iluminar-19-monumentos\/","title":{"rendered":"\u2018Los Faros del Camino\u2019 en catorce municipios tras iluminar 19 monumentos"},"content":{"rendered":"<p><span> \u2018Los Faros del Camino\u2019 en catorce municipios tras iluminar 19 monumentos <\/span><\/p>\n<div>\n<div>Fecha de noticia<\/div>\n<div><time datetime=\"2026-04-28T12:00:00Z\">Martes, 28 de Abril de 2026<\/time>\n<\/div>\n<\/div>\n<p><span><span>prensa<\/span><\/span><br \/>\n<span><time datetime=\"2026-04-28T15:00:58+02:00\" title=\"Martes, Abril 28, 2026 - 15:00\">Mar, 28\/04\/2026 &#8211; 15:00<\/time><br \/>\n<\/span><\/p>\n<div>La Diputaci\u00f3n de Palencia culmina el proyecto \u2018Los Faros del Camino\u2019 en catorce localidades tras iluminar 19 monumentos del Camino de Santiago<\/div>\n<div>\n<ul>\n<li>\n<p class=\"text-align-justify\"><span>Las intervenciones se han llevado a cabo catorce municipios y diecinueve monumentos que corresponden a Itero de la Vega, Boadilla del Camino, Fr\u00f3mista, Poblaci\u00f3n de Campos, Revenga de Campos, Villovieco, Villarmentero de Campos, Villalc\u00e1zar de Sirga, Carri\u00f3n de los Condes, Calzadilla de la Cueza, Ledigos, Terradillos de los Templarios, Moratinos y San Nicol\u00e1s del Real Camino.<\/span><\/p>\n<\/li>\n<li>\n<p class=\"text-align-justify\"><span>Esta actuaci\u00f3n no solo embellece los conjuntos hist\u00f3ricos y mejora la eficiencia energ\u00e9tica, sino que convierte a la provincia en referente internacional del astroturismo y la conservaci\u00f3n del cielo nocturno, reforzando el atractivo espiritual y cultural del Camino de Santiago.<\/span><\/p>\n<\/li>\n<\/ul>\n<\/div>","protected":false},"excerpt":{"rendered":"<p>\u2018Los Faros del Camino\u2019 en catorce municipios tras iluminar 19 monumentos Fecha de noticia Martes, 28 de Abril de 2026 prensa Mar, 28\/04\/2026 &#8211; 15:00 La Diputaci\u00f3n de Palencia culmina el proyecto \u2018Los Faros del Camino\u2019 en catorce localidades tras iluminar 19 monumentos del Camino de Santiago Las intervenciones se han llevado a cabo catorce [&hellip;]<\/p>\n","protected":false},"author":5,"featured_media":0,"comment_status":"","ping_status":"","sticky":false,"template":"","format":"standard","meta":{"site-sidebar-layout":"default","site-content-layout":"","ast-site-content-layout":"default","site-content-style":"default","site-sidebar-style":"default","ast-global-header-display":"","ast-banner-title-visibility":"","ast-main-header-display":"","ast-hfb-above-header-display":"","ast-hfb-below-header-display":"","ast-hfb-mobile-header-display":"","site-post-title":"","ast-breadcrumbs-content":"","ast-featured-img":"","footer-sml-layout":"","ast-disable-related-posts":"","theme-transparent-header-meta":"","adv-header-id-meta":"","stick-header-meta":"","header-above-stick-meta":"","header-main-stick-meta":"","header-below-stick-meta":"","astra-migrate-meta-layouts":"default","ast-page-background-enabled":"default","ast-page-background-meta":{"desktop":{"background-color":"var(--ast-global-color-4)","background-image":"","background-repeat":"repeat","background-position":"center center","background-size":"auto","background-attachment":"scroll","background-type":"","background-media":"","overlay-type":"","overlay-color":"","overlay-opacity":"","overlay-gradient":""},"tablet":{"background-color":"","background-image":"","background-repeat":"repeat","background-position":"center center","background-size":"auto","background-attachment":"scroll","background-type":"","background-media":"","overlay-type":"","overlay-color":"","overlay-opacity":"","overlay-gradient":""},"mobile":{"background-color":"","background-image":"","background-repeat":"repeat","background-position":"center center","background-size":"auto","background-attachment":"scroll","background-type":"","background-media":"","overlay-type":"","overlay-color":"","overlay-opacity":"","overlay-gradient":""}},"ast-content-background-meta":{"desktop":{"background-color":"var(--ast-global-color-5)","background-image":"","background-repeat":"repeat","background-position":"center center","background-size":"auto","background-attachment":"scroll","background-type":"","background-media":"","overlay-type":"","overlay-color":"","overlay-opacity":"","overlay-gradient":""},"tablet":{"background-color":"var(--ast-global-color-5)","background-image":"","background-repeat":"repeat","background-position":"center center","background-size":"auto","background-attachment":"scroll","background-type":"","background-media":"","overlay-type":"","overlay-color":"","overlay-opacity":"","overlay-gradient":""},"mobile":{"background-color":"var(--ast-global-color-5)","background-image":"","background-repeat":"repeat","background-position":"center center","background-size":"auto","background-attachment":"scroll","background-type":"","background-media":"","overlay-type":"","overlay-color":"","overlay-opacity":"","overlay-gradient":""}},"footnotes":""},"categories":[5],"tags":[],"class_list":["post-203630","post","type-post","status-publish","format-standard","hentry","category-noticias"],"yoast_head":"<!-- This site is optimized with the Yoast SEO Premium plugin v20.9 (Yoast SEO v27.4) - https:\/\/yoast.com\/product\/yoast-seo-premium-wordpress\/ -->\n<title>\u2018Los Faros del Camino\u2019 en catorce municipios tras iluminar 19 monumentos - bip4ex<\/title>\n<meta name=\"robots\" content=\"index, follow, max-snippet:-1, max-image-preview:large, max-video-preview:-1\" \/>\n<link rel=\"canonical\" href=\"https:\/\/helloproject.es\/vigilancia\/los-faros-del-camino-en-catorce-municipios-tras-iluminar-19-monumentos\/\" \/>\n<meta property=\"og:locale\" content=\"es_ES\" \/>\n<meta property=\"og:type\" content=\"article\" \/>\n<meta property=\"og:title\" content=\"\u2018Los Faros del Camino\u2019 en catorce municipios tras iluminar 19 monumentos\" \/>\n<meta property=\"og:description\" content=\"\u2018Los Faros del Camino\u2019 en catorce municipios tras iluminar 19 monumentos Fecha de noticia Martes, 28 de Abril de 2026 prensa Mar, 28\/04\/2026 &#8211; 15:00 La Diputaci\u00f3n de Palencia culmina el proyecto \u2018Los Faros del Camino\u2019 en catorce localidades tras iluminar 19 monumentos del Camino de Santiago Las intervenciones se han llevado a cabo catorce [&hellip;]\" \/>\n<meta property=\"og:url\" content=\"https:\/\/helloproject.es\/vigilancia\/los-faros-del-camino-en-catorce-municipios-tras-iluminar-19-monumentos\/\" \/>\n<meta property=\"og:site_name\" content=\"bip4ex\" \/>\n<meta property=\"article:published_time\" content=\"2026-04-28T13:28:23+00:00\" \/>\n<meta name=\"author\" content=\"Luis Miguel Mej\u00edas Ramos\" \/>\n<meta name=\"twitter:card\" content=\"summary_large_image\" \/>\n<meta name=\"twitter:label1\" content=\"Escrito por\" \/>\n\t<meta name=\"twitter:data1\" content=\"Luis Miguel Mej\u00edas Ramos\" \/>\n\t<meta name=\"twitter:label2\" content=\"Tiempo de lectura\" \/>\n\t<meta name=\"twitter:data2\" content=\"1 minuto\" \/>\n<script type=\"application\/ld+json\" class=\"yoast-schema-graph\">{\"@context\":\"https:\\\/\\\/schema.org\",\"@graph\":[{\"@type\":\"Article\",\"@id\":\"https:\\\/\\\/helloproject.es\\\/vigilancia\\\/los-faros-del-camino-en-catorce-municipios-tras-iluminar-19-monumentos\\\/#article\",\"isPartOf\":{\"@id\":\"https:\\\/\\\/helloproject.es\\\/vigilancia\\\/los-faros-del-camino-en-catorce-municipios-tras-iluminar-19-monumentos\\\/\"},\"author\":{\"name\":\"Luis Miguel Mej\u00edas Ramos\",\"@id\":\"https:\\\/\\\/helloproject.es\\\/vigilancia\\\/#\\\/schema\\\/person\\\/3767b0619d59a11570372c821f8619ca\"},\"headline\":\"\u2018Los Faros del Camino\u2019 en catorce municipios tras iluminar 19 monumentos\",\"datePublished\":\"2026-04-28T13:28:23+00:00\",\"mainEntityOfPage\":{\"@id\":\"https:\\\/\\\/helloproject.es\\\/vigilancia\\\/los-faros-del-camino-en-catorce-municipios-tras-iluminar-19-monumentos\\\/\"},\"wordCount\":157,\"publisher\":{\"@id\":\"https:\\\/\\\/helloproject.es\\\/vigilancia\\\/#organization\"},\"articleSection\":[\"Noticias\"],\"inLanguage\":\"es\"},{\"@type\":\"WebPage\",\"@id\":\"https:\\\/\\\/helloproject.es\\\/vigilancia\\\/los-faros-del-camino-en-catorce-municipios-tras-iluminar-19-monumentos\\\/\",\"url\":\"https:\\\/\\\/helloproject.es\\\/vigilancia\\\/los-faros-del-camino-en-catorce-municipios-tras-iluminar-19-monumentos\\\/\",\"name\":\"\u2018Los Faros del Camino\u2019 en catorce municipios tras iluminar 19 monumentos - bip4ex\",\"isPartOf\":{\"@id\":\"https:\\\/\\\/helloproject.es\\\/vigilancia\\\/#website\"},\"datePublished\":\"2026-04-28T13:28:23+00:00\",\"breadcrumb\":{\"@id\":\"https:\\\/\\\/helloproject.es\\\/vigilancia\\\/los-faros-del-camino-en-catorce-municipios-tras-iluminar-19-monumentos\\\/#breadcrumb\"},\"inLanguage\":\"es\",\"potentialAction\":[{\"@type\":\"ReadAction\",\"target\":[\"https:\\\/\\\/helloproject.es\\\/vigilancia\\\/los-faros-del-camino-en-catorce-municipios-tras-iluminar-19-monumentos\\\/\"]}]},{\"@type\":\"BreadcrumbList\",\"@id\":\"https:\\\/\\\/helloproject.es\\\/vigilancia\\\/los-faros-del-camino-en-catorce-municipios-tras-iluminar-19-monumentos\\\/#breadcrumb\",\"itemListElement\":[{\"@type\":\"ListItem\",\"position\":1,\"name\":\"Home\",\"item\":\"https:\\\/\\\/helloproject.es\\\/vigilancia\\\/\"},{\"@type\":\"ListItem\",\"position\":2,\"name\":\"\u2018Los Faros del Camino\u2019 en catorce municipios tras iluminar 19 monumentos\"}]},{\"@type\":\"WebSite\",\"@id\":\"https:\\\/\\\/helloproject.es\\\/vigilancia\\\/#website\",\"url\":\"https:\\\/\\\/helloproject.es\\\/vigilancia\\\/\",\"name\":\"bip4ex\",\"description\":\"Vigilancia Tecnol\u00f3gica\",\"publisher\":{\"@id\":\"https:\\\/\\\/helloproject.es\\\/vigilancia\\\/#organization\"},\"potentialAction\":[{\"@type\":\"SearchAction\",\"target\":{\"@type\":\"EntryPoint\",\"urlTemplate\":\"https:\\\/\\\/helloproject.es\\\/vigilancia\\\/?s={search_term_string}\"},\"query-input\":{\"@type\":\"PropertyValueSpecification\",\"valueRequired\":true,\"valueName\":\"search_term_string\"}}],\"inLanguage\":\"es\"},{\"@type\":\"Organization\",\"@id\":\"https:\\\/\\\/helloproject.es\\\/vigilancia\\\/#organization\",\"name\":\"Helloproject.es\",\"url\":\"https:\\\/\\\/helloproject.es\\\/vigilancia\\\/\",\"logo\":{\"@type\":\"ImageObject\",\"inLanguage\":\"es\",\"@id\":\"https:\\\/\\\/helloproject.es\\\/vigilancia\\\/#\\\/schema\\\/logo\\\/image\\\/\",\"url\":\"https:\\\/\\\/helloproject.es\\\/vigilancia\\\/wp-content\\\/uploads\\\/2023\\\/07\\\/bip4ex.png\",\"contentUrl\":\"https:\\\/\\\/helloproject.es\\\/vigilancia\\\/wp-content\\\/uploads\\\/2023\\\/07\\\/bip4ex.png\",\"width\":322,\"height\":365,\"caption\":\"Helloproject.es\"},\"image\":{\"@id\":\"https:\\\/\\\/helloproject.es\\\/vigilancia\\\/#\\\/schema\\\/logo\\\/image\\\/\"}},{\"@type\":\"Person\",\"@id\":\"https:\\\/\\\/helloproject.es\\\/vigilancia\\\/#\\\/schema\\\/person\\\/3767b0619d59a11570372c821f8619ca\",\"name\":\"Luis Miguel Mej\u00edas Ramos\",\"url\":\"https:\\\/\\\/helloproject.es\\\/vigilancia\\\/author\\\/luismi\\\/\"}]}<\/script>\n<!-- \/ Yoast SEO Premium plugin. -->","yoast_head_json":{"title":"\u2018Los Faros del Camino\u2019 en catorce municipios tras iluminar 19 monumentos - bip4ex","robots":{"index":"index","follow":"follow","max-snippet":"max-snippet:-1","max-image-preview":"max-image-preview:large","max-video-preview":"max-video-preview:-1"},"canonical":"https:\/\/helloproject.es\/vigilancia\/los-faros-del-camino-en-catorce-municipios-tras-iluminar-19-monumentos\/","og_locale":"es_ES","og_type":"article","og_title":"\u2018Los Faros del Camino\u2019 en catorce municipios tras iluminar 19 monumentos","og_description":"\u2018Los Faros del Camino\u2019 en catorce municipios tras iluminar 19 monumentos Fecha de noticia Martes, 28 de Abril de 2026 prensa Mar, 28\/04\/2026 &#8211; 15:00 La Diputaci\u00f3n de Palencia culmina el proyecto \u2018Los Faros del Camino\u2019 en catorce localidades tras iluminar 19 monumentos del Camino de Santiago Las intervenciones se han llevado a cabo catorce [&hellip;]","og_url":"https:\/\/helloproject.es\/vigilancia\/los-faros-del-camino-en-catorce-municipios-tras-iluminar-19-monumentos\/","og_site_name":"bip4ex","article_published_time":"2026-04-28T13:28:23+00:00","author":"Luis Miguel Mej\u00edas Ramos","twitter_card":"summary_large_image","twitter_misc":{"Escrito por":"Luis Miguel Mej\u00edas Ramos","Tiempo de lectura":"1 minuto"},"schema":{"@context":"https:\/\/schema.org","@graph":[{"@type":"Article","@id":"https:\/\/helloproject.es\/vigilancia\/los-faros-del-camino-en-catorce-municipios-tras-iluminar-19-monumentos\/#article","isPartOf":{"@id":"https:\/\/helloproject.es\/vigilancia\/los-faros-del-camino-en-catorce-municipios-tras-iluminar-19-monumentos\/"},"author":{"name":"Luis Miguel Mej\u00edas Ramos","@id":"https:\/\/helloproject.es\/vigilancia\/#\/schema\/person\/3767b0619d59a11570372c821f8619ca"},"headline":"\u2018Los Faros del Camino\u2019 en catorce municipios tras iluminar 19 monumentos","datePublished":"2026-04-28T13:28:23+00:00","mainEntityOfPage":{"@id":"https:\/\/helloproject.es\/vigilancia\/los-faros-del-camino-en-catorce-municipios-tras-iluminar-19-monumentos\/"},"wordCount":157,"publisher":{"@id":"https:\/\/helloproject.es\/vigilancia\/#organization"},"articleSection":["Noticias"],"inLanguage":"es"},{"@type":"WebPage","@id":"https:\/\/helloproject.es\/vigilancia\/los-faros-del-camino-en-catorce-municipios-tras-iluminar-19-monumentos\/","url":"https:\/\/helloproject.es\/vigilancia\/los-faros-del-camino-en-catorce-municipios-tras-iluminar-19-monumentos\/","name":"\u2018Los Faros del Camino\u2019 en catorce municipios tras iluminar 19 monumentos - bip4ex","isPartOf":{"@id":"https:\/\/helloproject.es\/vigilancia\/#website"},"datePublished":"2026-04-28T13:28:23+00:00","breadcrumb":{"@id":"https:\/\/helloproject.es\/vigilancia\/los-faros-del-camino-en-catorce-municipios-tras-iluminar-19-monumentos\/#breadcrumb"},"inLanguage":"es","potentialAction":[{"@type":"ReadAction","target":["https:\/\/helloproject.es\/vigilancia\/los-faros-del-camino-en-catorce-municipios-tras-iluminar-19-monumentos\/"]}]},{"@type":"BreadcrumbList","@id":"https:\/\/helloproject.es\/vigilancia\/los-faros-del-camino-en-catorce-municipios-tras-iluminar-19-monumentos\/#breadcrumb","itemListElement":[{"@type":"ListItem","position":1,"name":"Home","item":"https:\/\/helloproject.es\/vigilancia\/"},{"@type":"ListItem","position":2,"name":"\u2018Los Faros del Camino\u2019 en catorce municipios tras iluminar 19 monumentos"}]},{"@type":"WebSite","@id":"https:\/\/helloproject.es\/vigilancia\/#website","url":"https:\/\/helloproject.es\/vigilancia\/","name":"bip4ex","description":"Vigilancia Tecnol\u00f3gica","publisher":{"@id":"https:\/\/helloproject.es\/vigilancia\/#organization"},"potentialAction":[{"@type":"SearchAction","target":{"@type":"EntryPoint","urlTemplate":"https:\/\/helloproject.es\/vigilancia\/?s={search_term_string}"},"query-input":{"@type":"PropertyValueSpecification","valueRequired":true,"valueName":"search_term_string"}}],"inLanguage":"es"},{"@type":"Organization","@id":"https:\/\/helloproject.es\/vigilancia\/#organization","name":"Helloproject.es","url":"https:\/\/helloproject.es\/vigilancia\/","logo":{"@type":"ImageObject","inLanguage":"es","@id":"https:\/\/helloproject.es\/vigilancia\/#\/schema\/logo\/image\/","url":"https:\/\/helloproject.es\/vigilancia\/wp-content\/uploads\/2023\/07\/bip4ex.png","contentUrl":"https:\/\/helloproject.es\/vigilancia\/wp-content\/uploads\/2023\/07\/bip4ex.png","width":322,"height":365,"caption":"Helloproject.es"},"image":{"@id":"https:\/\/helloproject.es\/vigilancia\/#\/schema\/logo\/image\/"}},{"@type":"Person","@id":"https:\/\/helloproject.es\/vigilancia\/#\/schema\/person\/3767b0619d59a11570372c821f8619ca","name":"Luis Miguel Mej\u00edas Ramos","url":"https:\/\/helloproject.es\/vigilancia\/author\/luismi\/"}]}},"_links":{"self":[{"href":"https:\/\/helloproject.es\/vigilancia\/wp-json\/wp\/v2\/posts\/203630","targetHints":{"allow":["GET"]}}],"collection":[{"href":"https:\/\/helloproject.es\/vigilancia\/wp-json\/wp\/v2\/posts"}],"about":[{"href":"https:\/\/helloproject.es\/vigilancia\/wp-json\/wp\/v2\/types\/post"}],"author":[{"embeddable":true,"href":"https:\/\/helloproject.es\/vigilancia\/wp-json\/wp\/v2\/users\/5"}],"replies":[{"embeddable":true,"href":"https:\/\/helloproject.es\/vigilancia\/wp-json\/wp\/v2\/comments?post=203630"}],"version-history":[{"count":0,"href":"https:\/\/helloproject.es\/vigilancia\/wp-json\/wp\/v2\/posts\/203630\/revisions"}],"wp:attachment":[{"href":"https:\/\/helloproject.es\/vigilancia\/wp-json\/wp\/v2\/media?parent=203630"}],"wp:term":[{"taxonomy":"category","embeddable":true,"href":"https:\/\/helloproject.es\/vigilancia\/wp-json\/wp\/v2\/categories?post=203630"},{"taxonomy":"post_tag","embeddable":true,"href":"https:\/\/helloproject.es\/vigilancia\/wp-json\/wp\/v2\/tags?post=203630"}],"curies":[{"name":"wp","href":"https:\/\/api.w.org\/{rel}","templated":true}]}}