{"id":203647,"date":"2026-04-29T08:28:03","date_gmt":"2026-04-29T07:28:03","guid":{"rendered":"https:\/\/helloproject.es\/vigilancia\/la-contaminacion-atmosferica-durante-el-embarazo-afecta-al-desarrollo-cognitivo-y-motor-del-bebe\/"},"modified":"2026-04-29T08:28:03","modified_gmt":"2026-04-29T07:28:03","slug":"la-contaminacion-atmosferica-durante-el-embarazo-afecta-al-desarrollo-cognitivo-y-motor-del-bebe","status":"publish","type":"post","link":"https:\/\/helloproject.es\/vigilancia\/la-contaminacion-atmosferica-durante-el-embarazo-afecta-al-desarrollo-cognitivo-y-motor-del-bebe\/","title":{"rendered":"La contaminaci\u00f3n atmosf\u00e9rica durante el embarazo afecta al desarrollo cognitivo y motor del beb\u00e9"},"content":{"rendered":"<p>La calidad del aire que respira una mujer embarazada puede determinar hitos fundamentales en el desarrollo de su hijo mucho antes de que este empiece a caminar o a hablar. Un equipo de investigadores del King\u2019s College de Londres ha demostrado que los beb\u00e9s expuestos a altos niveles de contaminaci\u00f3n atmosf\u00e9rica en el \u00fatero presentan un desarrollo m\u00e1s lento a los 18 meses de vida en comparaci\u00f3n con aquellos gestados en entornos m\u00e1s limpios.<\/p>\n<p>El estudio, <a href=\"https:\/\/doi.org\/10.1113\/JP290327\" target=\"_blank\">publicado este mi\u00e9rcoles<\/a> en la revista The Journal of Physiology, es el primero en analizar espec\u00edficamente la relaci\u00f3n entre la poluci\u00f3n y el desarrollo infantil en el \u00e1rea del Gran Londres. La investigaci\u00f3n se centr\u00f3 en medir las capacidades ling\u00fc\u00edsticas y motoras de los lactantes, cruzando estos datos con los niveles de contaminantes \u2014principalmente di\u00f3xido de nitr\u00f3geno (NO2) y material particulado\u2014 registrados en las direcciones postales de sus madres durante el embarazo.<\/p>\n<p>                        <a href=\"https:\/\/www.agenciasinc.es\/Noticias\/El-ejercicio-contrarresta-los-efectos-nocivos-de-la-contaminacion-del-aire\"><br \/>\n                            <img decoding=\"async\" src=\"https:\/\/cdn.agenciasinc.es\/var\/ezwebin_site\/storage\/images\/noticias\/el-ejercicio-contrarresta-los-efectos-nocivos-de-la-contaminacion-del-aire\/5369923-8-esl-MX\/El-ejercicio-contrarresta-los-efectos-nocivos-de-la-contaminacion-del-aire.jpg\" alt=\"El ejercicio contrarresta los efectos nocivos de la contaminaci\u00f3n del aire\" title=\"El ejercicio contrarresta los efectos nocivos de la contaminaci\u00f3n del aire\" class=\"small_fotoderecha_img\" loading=\"lazy\" \/><br \/>\n                        <\/a><\/p>\n<p>                    <a href=\"https:\/\/www.agenciasinc.es\/Noticias\/El-ejercicio-contrarresta-los-efectos-nocivos-de-la-contaminacion-del-aire\" class=\"small_fotoderecha_titulo\"><\/a><\/p>\n<h3 class=\"small_fotoderecha_titulo\">El ejercicio contrarresta los efectos nocivos de la contaminaci\u00f3n del aire<\/h3>\n<p>                    <\/p>\n<p>                                CREAL<\/p>\n<p>Los resultados apuntan a una ventana de vulnerabilidad cr\u00edtica: el primer trimestre. La exposici\u00f3n a las emisiones del tr\u00e1fico entre la concepci\u00f3n y la semana 13 de gestaci\u00f3n se vincul\u00f3 directamente con peores puntuaciones en las pruebas de lenguaje al a\u00f1o y medio de edad. Seg\u00fan los investigadores, este periodo es vital porque en \u00e9l se sientan las bases de la estructura cerebral que condicionar\u00e1 la salud mental y el comportamiento a largo plazo.<\/p>\n<p><a><\/a><\/p>\n<h2>El impacto de los l\u00edmites \u2018legales\u2019<\/h2>\n<p>Un aspecto especialmente preocupante del hallazgo es que los niveles de poluci\u00f3n registrados se encontraban dentro de los l\u00edmites anuales establecidos por la legislaci\u00f3n brit\u00e1nica, pero superan ampliamente las directrices de seguridad recomendadas por la Organizaci\u00f3n Mundial de la Salud (OMS). Expertos independientes coinciden en que esta disparidad normativa es un riesgo invisible para la poblaci\u00f3n.<\/p>\n<p>\u201cEste estudio muestra que, incluso dentro de lo que actualmente llamamos niveles \u2018legales\u2019, estamos viendo impactos medibles en el cerebro en desarrollo\u201d, se\u00f1ala Frank Kelly, del Grupo de Investigaci\u00f3n Ambiental del Imperial College de Londres. En la misma l\u00ednea,\u00a0Kevin McConway, profesor de la Open University, advierte en declaraciones al Science Media Center de Reino Unido de que, aunque los investigadores describen estas asociaciones como \u201cpeque\u00f1as\u201d, su alcance es masivo: \u201cCualquier persona que viva en un \u00e1rea de alta contaminaci\u00f3n est\u00e1 expuesta. Incluso un efecto muy peque\u00f1o puede acumularse y ser significativo sobre el conjunto de la poblaci\u00f3n\u201d.<\/p>\n<p>La plausibilidad biol\u00f3gica de estos efectos cuenta con respaldo cient\u00edfico reciente. Seg\u00fan\u00a0Jonathan Grigg, de la Universidad Queen Mary de Londres, \u201cdiversos estudios han demostrado que las part\u00edculas contaminantes inhaladas entran en el torrente sangu\u00edneo y se acumulan en las c\u00e9lulas placentarias\u201d, dice al SMC. Por su parte, la profesora Jill Belch, de la Universidad de Dundee, a\u00f1ade que estas part\u00edculas finas pueden \u201cdesencadenar procesos de inflamaci\u00f3n que afectan al feto y a su suministro de sangre a trav\u00e9s de la placenta\u201d.<\/p>\n<p><a><\/a><\/p>\n<h2>Un riesgo agravado en beb\u00e9s prematuros<\/h2>\n<p>La investigaci\u00f3n, que form\u00f3 parte del proyecto Developing Human Connectome Project, incluy\u00f3 a 498 beb\u00e9s nacidos en el Hospital St Thomas de Londres. Del total de la cohorte, 125 fueron prematuros, un grupo que result\u00f3 ser especialmente sensible a la toxicidad ambiental. En estos casos, la contaminaci\u00f3n no solo afect\u00f3 al lenguaje, sino que tambi\u00e9n merm\u00f3 significativamente sus habilidades motoras.<\/p>\n<p><img decoding=\"async\" src=\"https:\/\/www.agenciasinc.es\/bundles\/app\/images\/quotebefore.png\" \/><\/p>\n<p>Quer\u00edamos establecer si los niveles de contaminaci\u00f3n del aire estaban relacionados con las capacidades cognitivas, ling\u00fc\u00edsticas y motoras en este periodo cr\u00edtico de la infancia temprana<\/p>\n<p>Alexandra Bonthrone, King&#8217;s College<br \/>\n<img decoding=\"async\" src=\"https:\/\/www.agenciasinc.es\/bundles\/app\/images\/quoteafter.png\" \/><\/p>\n<p>\u201cQuer\u00edamos establecer si los niveles de contaminaci\u00f3n del aire estaban relacionados con las capacidades cognitivas, ling\u00fc\u00edsticas y motoras en este periodo cr\u00edtico de la infancia temprana\u201d, explica Alexandra Bonthrone, del King&#8217;s College y autora principal del estudio. Los ni\u00f1os expuestos a una alta contaminaci\u00f3n en el primer trimestre obtuvieron entre 5 y 7 puntos menos en las pruebas de lenguaje (en una escala donde 100 es la media). En el caso de los beb\u00e9s prematuros, la brecha fue a\u00fan mayor: puntuaron, de media, 11 puntos menos en desarrollo motor.<\/p>\n<p>Aunque el estudio es observacional y no puede establecer una relaci\u00f3n de causa-efecto absoluta, los investigadores ajustaron los datos para tener en cuenta otros factores cl\u00ednicos, como el tiempo que los beb\u00e9s prematuros necesitaron asistencia respiratoria. Aun as\u00ed, la correlaci\u00f3n entre aire sucio y menor desarrollo se mantuvo firme.<\/p>\n<p><a><\/a><\/p>\n<h2>Incertidumbre sobre el futuro educativo<\/h2>\n<p>A pesar de la claridad de los datos obtenidos a los 18 meses, los cient\u00edficos advierten de que a\u00fan es pronto para saber si estos ni\u00f1os lograr\u00e1n alcanzar el nivel de sus pares en el futuro. El equipo planea seguir a esta cohorte de ni\u00f1os para observar su evoluci\u00f3n escolar. \u201cEs posible que estas diferencias en el desarrollo tengan efectos en la educaci\u00f3n y el procesamiento de la informaci\u00f3n, pero no lo sabremos con certeza hasta que realicemos estudios futuros\u201d, a\u00f1ade Bonthrone.<\/p>\n<p>Por su parte, otra de las autoras del trabajo, Serena Counsell, insiste en que reducir la exposici\u00f3n materna a la contaminaci\u00f3n por tr\u00e1fico debe convertirse en una \u201cprioridad de salud p\u00fablica\u201d. La investigaci\u00f3n refuerza la idea de que mejorar la calidad del aire no es solo una cuesti\u00f3n ambiental, sino un requisito indispensable para garantizar que cada ni\u00f1o tenga el mejor comienzo posible en su vida.<\/p>\n<p>Referencia:<\/p>\n<p>Alexandra F. Bonthrone et al, \u201cPrenatal air pollution exposure is associated with altered neurodevelopmental outcomes in early childhood\u201d.\u00a0<a href=\"https:\/\/doi.org\/10.1113\/JP290327\" target=\"_blank\">The Journal of Physiology<\/a>, 2026.<\/p>","protected":false},"excerpt":{"rendered":"<p>La calidad del aire que respira una mujer embarazada puede determinar hitos fundamentales en el desarrollo de su hijo mucho antes de que este empiece a caminar o a hablar. Un equipo de investigadores del King\u2019s College de Londres ha demostrado que los beb\u00e9s expuestos a altos niveles de contaminaci\u00f3n atmosf\u00e9rica en el \u00fatero presentan [&hellip;]<\/p>\n","protected":false},"author":5,"featured_media":0,"comment_status":"","ping_status":"","sticky":false,"template":"","format":"standard","meta":{"site-sidebar-layout":"default","site-content-layout":"","ast-site-content-layout":"default","site-content-style":"default","site-sidebar-style":"default","ast-global-header-display":"","ast-banner-title-visibility":"","ast-main-header-display":"","ast-hfb-above-header-display":"","ast-hfb-below-header-display":"","ast-hfb-mobile-header-display":"","site-post-title":"","ast-breadcrumbs-content":"","ast-featured-img":"","footer-sml-layout":"","ast-disable-related-posts":"","theme-transparent-header-meta":"","adv-header-id-meta":"","stick-header-meta":"","header-above-stick-meta":"","header-main-stick-meta":"","header-below-stick-meta":"","astra-migrate-meta-layouts":"default","ast-page-background-enabled":"default","ast-page-background-meta":{"desktop":{"background-color":"var(--ast-global-color-4)","background-image":"","background-repeat":"repeat","background-position":"center center","background-size":"auto","background-attachment":"scroll","background-type":"","background-media":"","overlay-type":"","overlay-color":"","overlay-opacity":"","overlay-gradient":""},"tablet":{"background-color":"","background-image":"","background-repeat":"repeat","background-position":"center center","background-size":"auto","background-attachment":"scroll","background-type":"","background-media":"","overlay-type":"","overlay-color":"","overlay-opacity":"","overlay-gradient":""},"mobile":{"background-color":"","background-image":"","background-repeat":"repeat","background-position":"center center","background-size":"auto","background-attachment":"scroll","background-type":"","background-media":"","overlay-type":"","overlay-color":"","overlay-opacity":"","overlay-gradient":""}},"ast-content-background-meta":{"desktop":{"background-color":"var(--ast-global-color-5)","background-image":"","background-repeat":"repeat","background-position":"center center","background-size":"auto","background-attachment":"scroll","background-type":"","background-media":"","overlay-type":"","overlay-color":"","overlay-opacity":"","overlay-gradient":""},"tablet":{"background-color":"var(--ast-global-color-5)","background-image":"","background-repeat":"repeat","background-position":"center center","background-size":"auto","background-attachment":"scroll","background-type":"","background-media":"","overlay-type":"","overlay-color":"","overlay-opacity":"","overlay-gradient":""},"mobile":{"background-color":"var(--ast-global-color-5)","background-image":"","background-repeat":"repeat","background-position":"center center","background-size":"auto","background-attachment":"scroll","background-type":"","background-media":"","overlay-type":"","overlay-color":"","overlay-opacity":"","overlay-gradient":""}},"footnotes":""},"categories":[5],"tags":[],"class_list":["post-203647","post","type-post","status-publish","format-standard","hentry","category-noticias"],"yoast_head":"<!-- This site is optimized with the Yoast SEO Premium plugin v20.9 (Yoast SEO v27.4) - https:\/\/yoast.com\/product\/yoast-seo-premium-wordpress\/ -->\n<title>La contaminaci\u00f3n atmosf\u00e9rica durante el embarazo afecta al desarrollo cognitivo y motor del beb\u00e9 - bip4ex<\/title>\n<meta name=\"robots\" content=\"index, follow, max-snippet:-1, max-image-preview:large, max-video-preview:-1\" \/>\n<link rel=\"canonical\" href=\"https:\/\/helloproject.es\/vigilancia\/la-contaminacion-atmosferica-durante-el-embarazo-afecta-al-desarrollo-cognitivo-y-motor-del-bebe\/\" \/>\n<meta property=\"og:locale\" content=\"es_ES\" \/>\n<meta property=\"og:type\" content=\"article\" \/>\n<meta property=\"og:title\" content=\"La contaminaci\u00f3n atmosf\u00e9rica durante el embarazo afecta al desarrollo cognitivo y motor del beb\u00e9\" \/>\n<meta property=\"og:description\" content=\"La calidad del aire que respira una mujer embarazada puede determinar hitos fundamentales en el desarrollo de su hijo mucho antes de que este empiece a caminar o a hablar. Un equipo de investigadores del King\u2019s College de Londres ha demostrado que los beb\u00e9s expuestos a altos niveles de contaminaci\u00f3n atmosf\u00e9rica en el \u00fatero presentan [&hellip;]\" \/>\n<meta property=\"og:url\" content=\"https:\/\/helloproject.es\/vigilancia\/la-contaminacion-atmosferica-durante-el-embarazo-afecta-al-desarrollo-cognitivo-y-motor-del-bebe\/\" \/>\n<meta property=\"og:site_name\" content=\"bip4ex\" \/>\n<meta property=\"article:published_time\" content=\"2026-04-29T07:28:03+00:00\" \/>\n<meta property=\"og:image\" content=\"https:\/\/cdn.agenciasinc.es\/var\/ezwebin_site\/storage\/images\/noticias\/el-ejercicio-contrarresta-los-efectos-nocivos-de-la-contaminacion-del-aire\/5369923-8-esl-MX\/El-ejercicio-contrarresta-los-efectos-nocivos-de-la-contaminacion-del-aire.jpg\" \/>\n<meta name=\"author\" content=\"Luis Miguel Mej\u00edas Ramos\" \/>\n<meta name=\"twitter:card\" content=\"summary_large_image\" \/>\n<meta name=\"twitter:label1\" content=\"Escrito por\" \/>\n\t<meta name=\"twitter:data1\" content=\"Luis Miguel Mej\u00edas Ramos\" \/>\n\t<meta name=\"twitter:label2\" content=\"Tiempo de lectura\" \/>\n\t<meta name=\"twitter:data2\" content=\"5 minutos\" \/>\n<script type=\"application\/ld+json\" class=\"yoast-schema-graph\">{\"@context\":\"https:\\\/\\\/schema.org\",\"@graph\":[{\"@type\":\"Article\",\"@id\":\"https:\\\/\\\/helloproject.es\\\/vigilancia\\\/la-contaminacion-atmosferica-durante-el-embarazo-afecta-al-desarrollo-cognitivo-y-motor-del-bebe\\\/#article\",\"isPartOf\":{\"@id\":\"https:\\\/\\\/helloproject.es\\\/vigilancia\\\/la-contaminacion-atmosferica-durante-el-embarazo-afecta-al-desarrollo-cognitivo-y-motor-del-bebe\\\/\"},\"author\":{\"name\":\"Luis Miguel Mej\u00edas Ramos\",\"@id\":\"https:\\\/\\\/helloproject.es\\\/vigilancia\\\/#\\\/schema\\\/person\\\/3767b0619d59a11570372c821f8619ca\"},\"headline\":\"La contaminaci\u00f3n atmosf\u00e9rica durante el embarazo afecta al desarrollo cognitivo y motor del beb\u00e9\",\"datePublished\":\"2026-04-29T07:28:03+00:00\",\"mainEntityOfPage\":{\"@id\":\"https:\\\/\\\/helloproject.es\\\/vigilancia\\\/la-contaminacion-atmosferica-durante-el-embarazo-afecta-al-desarrollo-cognitivo-y-motor-del-bebe\\\/\"},\"wordCount\":979,\"publisher\":{\"@id\":\"https:\\\/\\\/helloproject.es\\\/vigilancia\\\/#organization\"},\"image\":{\"@id\":\"https:\\\/\\\/helloproject.es\\\/vigilancia\\\/la-contaminacion-atmosferica-durante-el-embarazo-afecta-al-desarrollo-cognitivo-y-motor-del-bebe\\\/#primaryimage\"},\"thumbnailUrl\":\"https:\\\/\\\/cdn.agenciasinc.es\\\/var\\\/ezwebin_site\\\/storage\\\/images\\\/noticias\\\/el-ejercicio-contrarresta-los-efectos-nocivos-de-la-contaminacion-del-aire\\\/5369923-8-esl-MX\\\/El-ejercicio-contrarresta-los-efectos-nocivos-de-la-contaminacion-del-aire.jpg\",\"articleSection\":[\"Noticias\"],\"inLanguage\":\"es\"},{\"@type\":\"WebPage\",\"@id\":\"https:\\\/\\\/helloproject.es\\\/vigilancia\\\/la-contaminacion-atmosferica-durante-el-embarazo-afecta-al-desarrollo-cognitivo-y-motor-del-bebe\\\/\",\"url\":\"https:\\\/\\\/helloproject.es\\\/vigilancia\\\/la-contaminacion-atmosferica-durante-el-embarazo-afecta-al-desarrollo-cognitivo-y-motor-del-bebe\\\/\",\"name\":\"La contaminaci\u00f3n atmosf\u00e9rica durante el embarazo afecta al desarrollo cognitivo y motor del beb\u00e9 - bip4ex\",\"isPartOf\":{\"@id\":\"https:\\\/\\\/helloproject.es\\\/vigilancia\\\/#website\"},\"primaryImageOfPage\":{\"@id\":\"https:\\\/\\\/helloproject.es\\\/vigilancia\\\/la-contaminacion-atmosferica-durante-el-embarazo-afecta-al-desarrollo-cognitivo-y-motor-del-bebe\\\/#primaryimage\"},\"image\":{\"@id\":\"https:\\\/\\\/helloproject.es\\\/vigilancia\\\/la-contaminacion-atmosferica-durante-el-embarazo-afecta-al-desarrollo-cognitivo-y-motor-del-bebe\\\/#primaryimage\"},\"thumbnailUrl\":\"https:\\\/\\\/cdn.agenciasinc.es\\\/var\\\/ezwebin_site\\\/storage\\\/images\\\/noticias\\\/el-ejercicio-contrarresta-los-efectos-nocivos-de-la-contaminacion-del-aire\\\/5369923-8-esl-MX\\\/El-ejercicio-contrarresta-los-efectos-nocivos-de-la-contaminacion-del-aire.jpg\",\"datePublished\":\"2026-04-29T07:28:03+00:00\",\"breadcrumb\":{\"@id\":\"https:\\\/\\\/helloproject.es\\\/vigilancia\\\/la-contaminacion-atmosferica-durante-el-embarazo-afecta-al-desarrollo-cognitivo-y-motor-del-bebe\\\/#breadcrumb\"},\"inLanguage\":\"es\",\"potentialAction\":[{\"@type\":\"ReadAction\",\"target\":[\"https:\\\/\\\/helloproject.es\\\/vigilancia\\\/la-contaminacion-atmosferica-durante-el-embarazo-afecta-al-desarrollo-cognitivo-y-motor-del-bebe\\\/\"]}]},{\"@type\":\"ImageObject\",\"inLanguage\":\"es\",\"@id\":\"https:\\\/\\\/helloproject.es\\\/vigilancia\\\/la-contaminacion-atmosferica-durante-el-embarazo-afecta-al-desarrollo-cognitivo-y-motor-del-bebe\\\/#primaryimage\",\"url\":\"https:\\\/\\\/cdn.agenciasinc.es\\\/var\\\/ezwebin_site\\\/storage\\\/images\\\/noticias\\\/el-ejercicio-contrarresta-los-efectos-nocivos-de-la-contaminacion-del-aire\\\/5369923-8-esl-MX\\\/El-ejercicio-contrarresta-los-efectos-nocivos-de-la-contaminacion-del-aire.jpg\",\"contentUrl\":\"https:\\\/\\\/cdn.agenciasinc.es\\\/var\\\/ezwebin_site\\\/storage\\\/images\\\/noticias\\\/el-ejercicio-contrarresta-los-efectos-nocivos-de-la-contaminacion-del-aire\\\/5369923-8-esl-MX\\\/El-ejercicio-contrarresta-los-efectos-nocivos-de-la-contaminacion-del-aire.jpg\"},{\"@type\":\"BreadcrumbList\",\"@id\":\"https:\\\/\\\/helloproject.es\\\/vigilancia\\\/la-contaminacion-atmosferica-durante-el-embarazo-afecta-al-desarrollo-cognitivo-y-motor-del-bebe\\\/#breadcrumb\",\"itemListElement\":[{\"@type\":\"ListItem\",\"position\":1,\"name\":\"Home\",\"item\":\"https:\\\/\\\/helloproject.es\\\/vigilancia\\\/\"},{\"@type\":\"ListItem\",\"position\":2,\"name\":\"La contaminaci\u00f3n atmosf\u00e9rica durante el embarazo afecta al desarrollo cognitivo y motor del beb\u00e9\"}]},{\"@type\":\"WebSite\",\"@id\":\"https:\\\/\\\/helloproject.es\\\/vigilancia\\\/#website\",\"url\":\"https:\\\/\\\/helloproject.es\\\/vigilancia\\\/\",\"name\":\"bip4ex\",\"description\":\"Vigilancia Tecnol\u00f3gica\",\"publisher\":{\"@id\":\"https:\\\/\\\/helloproject.es\\\/vigilancia\\\/#organization\"},\"potentialAction\":[{\"@type\":\"SearchAction\",\"target\":{\"@type\":\"EntryPoint\",\"urlTemplate\":\"https:\\\/\\\/helloproject.es\\\/vigilancia\\\/?s={search_term_string}\"},\"query-input\":{\"@type\":\"PropertyValueSpecification\",\"valueRequired\":true,\"valueName\":\"search_term_string\"}}],\"inLanguage\":\"es\"},{\"@type\":\"Organization\",\"@id\":\"https:\\\/\\\/helloproject.es\\\/vigilancia\\\/#organization\",\"name\":\"Helloproject.es\",\"url\":\"https:\\\/\\\/helloproject.es\\\/vigilancia\\\/\",\"logo\":{\"@type\":\"ImageObject\",\"inLanguage\":\"es\",\"@id\":\"https:\\\/\\\/helloproject.es\\\/vigilancia\\\/#\\\/schema\\\/logo\\\/image\\\/\",\"url\":\"https:\\\/\\\/helloproject.es\\\/vigilancia\\\/wp-content\\\/uploads\\\/2023\\\/07\\\/bip4ex.png\",\"contentUrl\":\"https:\\\/\\\/helloproject.es\\\/vigilancia\\\/wp-content\\\/uploads\\\/2023\\\/07\\\/bip4ex.png\",\"width\":322,\"height\":365,\"caption\":\"Helloproject.es\"},\"image\":{\"@id\":\"https:\\\/\\\/helloproject.es\\\/vigilancia\\\/#\\\/schema\\\/logo\\\/image\\\/\"}},{\"@type\":\"Person\",\"@id\":\"https:\\\/\\\/helloproject.es\\\/vigilancia\\\/#\\\/schema\\\/person\\\/3767b0619d59a11570372c821f8619ca\",\"name\":\"Luis Miguel Mej\u00edas Ramos\",\"url\":\"https:\\\/\\\/helloproject.es\\\/vigilancia\\\/author\\\/luismi\\\/\"}]}<\/script>\n<!-- \/ Yoast SEO Premium plugin. -->","yoast_head_json":{"title":"La contaminaci\u00f3n atmosf\u00e9rica durante el embarazo afecta al desarrollo cognitivo y motor del beb\u00e9 - bip4ex","robots":{"index":"index","follow":"follow","max-snippet":"max-snippet:-1","max-image-preview":"max-image-preview:large","max-video-preview":"max-video-preview:-1"},"canonical":"https:\/\/helloproject.es\/vigilancia\/la-contaminacion-atmosferica-durante-el-embarazo-afecta-al-desarrollo-cognitivo-y-motor-del-bebe\/","og_locale":"es_ES","og_type":"article","og_title":"La contaminaci\u00f3n atmosf\u00e9rica durante el embarazo afecta al desarrollo cognitivo y motor del beb\u00e9","og_description":"La calidad del aire que respira una mujer embarazada puede determinar hitos fundamentales en el desarrollo de su hijo mucho antes de que este empiece a caminar o a hablar. Un equipo de investigadores del King\u2019s College de Londres ha demostrado que los beb\u00e9s expuestos a altos niveles de contaminaci\u00f3n atmosf\u00e9rica en el \u00fatero presentan [&hellip;]","og_url":"https:\/\/helloproject.es\/vigilancia\/la-contaminacion-atmosferica-durante-el-embarazo-afecta-al-desarrollo-cognitivo-y-motor-del-bebe\/","og_site_name":"bip4ex","article_published_time":"2026-04-29T07:28:03+00:00","og_image":[{"url":"https:\/\/cdn.agenciasinc.es\/var\/ezwebin_site\/storage\/images\/noticias\/el-ejercicio-contrarresta-los-efectos-nocivos-de-la-contaminacion-del-aire\/5369923-8-esl-MX\/El-ejercicio-contrarresta-los-efectos-nocivos-de-la-contaminacion-del-aire.jpg","type":"","width":"","height":""}],"author":"Luis Miguel Mej\u00edas Ramos","twitter_card":"summary_large_image","twitter_misc":{"Escrito por":"Luis Miguel Mej\u00edas Ramos","Tiempo de lectura":"5 minutos"},"schema":{"@context":"https:\/\/schema.org","@graph":[{"@type":"Article","@id":"https:\/\/helloproject.es\/vigilancia\/la-contaminacion-atmosferica-durante-el-embarazo-afecta-al-desarrollo-cognitivo-y-motor-del-bebe\/#article","isPartOf":{"@id":"https:\/\/helloproject.es\/vigilancia\/la-contaminacion-atmosferica-durante-el-embarazo-afecta-al-desarrollo-cognitivo-y-motor-del-bebe\/"},"author":{"name":"Luis Miguel Mej\u00edas Ramos","@id":"https:\/\/helloproject.es\/vigilancia\/#\/schema\/person\/3767b0619d59a11570372c821f8619ca"},"headline":"La contaminaci\u00f3n atmosf\u00e9rica durante el embarazo afecta al desarrollo cognitivo y motor del beb\u00e9","datePublished":"2026-04-29T07:28:03+00:00","mainEntityOfPage":{"@id":"https:\/\/helloproject.es\/vigilancia\/la-contaminacion-atmosferica-durante-el-embarazo-afecta-al-desarrollo-cognitivo-y-motor-del-bebe\/"},"wordCount":979,"publisher":{"@id":"https:\/\/helloproject.es\/vigilancia\/#organization"},"image":{"@id":"https:\/\/helloproject.es\/vigilancia\/la-contaminacion-atmosferica-durante-el-embarazo-afecta-al-desarrollo-cognitivo-y-motor-del-bebe\/#primaryimage"},"thumbnailUrl":"https:\/\/cdn.agenciasinc.es\/var\/ezwebin_site\/storage\/images\/noticias\/el-ejercicio-contrarresta-los-efectos-nocivos-de-la-contaminacion-del-aire\/5369923-8-esl-MX\/El-ejercicio-contrarresta-los-efectos-nocivos-de-la-contaminacion-del-aire.jpg","articleSection":["Noticias"],"inLanguage":"es"},{"@type":"WebPage","@id":"https:\/\/helloproject.es\/vigilancia\/la-contaminacion-atmosferica-durante-el-embarazo-afecta-al-desarrollo-cognitivo-y-motor-del-bebe\/","url":"https:\/\/helloproject.es\/vigilancia\/la-contaminacion-atmosferica-durante-el-embarazo-afecta-al-desarrollo-cognitivo-y-motor-del-bebe\/","name":"La contaminaci\u00f3n atmosf\u00e9rica durante el embarazo afecta al desarrollo cognitivo y motor del beb\u00e9 - bip4ex","isPartOf":{"@id":"https:\/\/helloproject.es\/vigilancia\/#website"},"primaryImageOfPage":{"@id":"https:\/\/helloproject.es\/vigilancia\/la-contaminacion-atmosferica-durante-el-embarazo-afecta-al-desarrollo-cognitivo-y-motor-del-bebe\/#primaryimage"},"image":{"@id":"https:\/\/helloproject.es\/vigilancia\/la-contaminacion-atmosferica-durante-el-embarazo-afecta-al-desarrollo-cognitivo-y-motor-del-bebe\/#primaryimage"},"thumbnailUrl":"https:\/\/cdn.agenciasinc.es\/var\/ezwebin_site\/storage\/images\/noticias\/el-ejercicio-contrarresta-los-efectos-nocivos-de-la-contaminacion-del-aire\/5369923-8-esl-MX\/El-ejercicio-contrarresta-los-efectos-nocivos-de-la-contaminacion-del-aire.jpg","datePublished":"2026-04-29T07:28:03+00:00","breadcrumb":{"@id":"https:\/\/helloproject.es\/vigilancia\/la-contaminacion-atmosferica-durante-el-embarazo-afecta-al-desarrollo-cognitivo-y-motor-del-bebe\/#breadcrumb"},"inLanguage":"es","potentialAction":[{"@type":"ReadAction","target":["https:\/\/helloproject.es\/vigilancia\/la-contaminacion-atmosferica-durante-el-embarazo-afecta-al-desarrollo-cognitivo-y-motor-del-bebe\/"]}]},{"@type":"ImageObject","inLanguage":"es","@id":"https:\/\/helloproject.es\/vigilancia\/la-contaminacion-atmosferica-durante-el-embarazo-afecta-al-desarrollo-cognitivo-y-motor-del-bebe\/#primaryimage","url":"https:\/\/cdn.agenciasinc.es\/var\/ezwebin_site\/storage\/images\/noticias\/el-ejercicio-contrarresta-los-efectos-nocivos-de-la-contaminacion-del-aire\/5369923-8-esl-MX\/El-ejercicio-contrarresta-los-efectos-nocivos-de-la-contaminacion-del-aire.jpg","contentUrl":"https:\/\/cdn.agenciasinc.es\/var\/ezwebin_site\/storage\/images\/noticias\/el-ejercicio-contrarresta-los-efectos-nocivos-de-la-contaminacion-del-aire\/5369923-8-esl-MX\/El-ejercicio-contrarresta-los-efectos-nocivos-de-la-contaminacion-del-aire.jpg"},{"@type":"BreadcrumbList","@id":"https:\/\/helloproject.es\/vigilancia\/la-contaminacion-atmosferica-durante-el-embarazo-afecta-al-desarrollo-cognitivo-y-motor-del-bebe\/#breadcrumb","itemListElement":[{"@type":"ListItem","position":1,"name":"Home","item":"https:\/\/helloproject.es\/vigilancia\/"},{"@type":"ListItem","position":2,"name":"La contaminaci\u00f3n atmosf\u00e9rica durante el embarazo afecta al desarrollo cognitivo y motor del beb\u00e9"}]},{"@type":"WebSite","@id":"https:\/\/helloproject.es\/vigilancia\/#website","url":"https:\/\/helloproject.es\/vigilancia\/","name":"bip4ex","description":"Vigilancia Tecnol\u00f3gica","publisher":{"@id":"https:\/\/helloproject.es\/vigilancia\/#organization"},"potentialAction":[{"@type":"SearchAction","target":{"@type":"EntryPoint","urlTemplate":"https:\/\/helloproject.es\/vigilancia\/?s={search_term_string}"},"query-input":{"@type":"PropertyValueSpecification","valueRequired":true,"valueName":"search_term_string"}}],"inLanguage":"es"},{"@type":"Organization","@id":"https:\/\/helloproject.es\/vigilancia\/#organization","name":"Helloproject.es","url":"https:\/\/helloproject.es\/vigilancia\/","logo":{"@type":"ImageObject","inLanguage":"es","@id":"https:\/\/helloproject.es\/vigilancia\/#\/schema\/logo\/image\/","url":"https:\/\/helloproject.es\/vigilancia\/wp-content\/uploads\/2023\/07\/bip4ex.png","contentUrl":"https:\/\/helloproject.es\/vigilancia\/wp-content\/uploads\/2023\/07\/bip4ex.png","width":322,"height":365,"caption":"Helloproject.es"},"image":{"@id":"https:\/\/helloproject.es\/vigilancia\/#\/schema\/logo\/image\/"}},{"@type":"Person","@id":"https:\/\/helloproject.es\/vigilancia\/#\/schema\/person\/3767b0619d59a11570372c821f8619ca","name":"Luis Miguel Mej\u00edas Ramos","url":"https:\/\/helloproject.es\/vigilancia\/author\/luismi\/"}]}},"_links":{"self":[{"href":"https:\/\/helloproject.es\/vigilancia\/wp-json\/wp\/v2\/posts\/203647","targetHints":{"allow":["GET"]}}],"collection":[{"href":"https:\/\/helloproject.es\/vigilancia\/wp-json\/wp\/v2\/posts"}],"about":[{"href":"https:\/\/helloproject.es\/vigilancia\/wp-json\/wp\/v2\/types\/post"}],"author":[{"embeddable":true,"href":"https:\/\/helloproject.es\/vigilancia\/wp-json\/wp\/v2\/users\/5"}],"replies":[{"embeddable":true,"href":"https:\/\/helloproject.es\/vigilancia\/wp-json\/wp\/v2\/comments?post=203647"}],"version-history":[{"count":0,"href":"https:\/\/helloproject.es\/vigilancia\/wp-json\/wp\/v2\/posts\/203647\/revisions"}],"wp:attachment":[{"href":"https:\/\/helloproject.es\/vigilancia\/wp-json\/wp\/v2\/media?parent=203647"}],"wp:term":[{"taxonomy":"category","embeddable":true,"href":"https:\/\/helloproject.es\/vigilancia\/wp-json\/wp\/v2\/categories?post=203647"},{"taxonomy":"post_tag","embeddable":true,"href":"https:\/\/helloproject.es\/vigilancia\/wp-json\/wp\/v2\/tags?post=203647"}],"curies":[{"name":"wp","href":"https:\/\/api.w.org\/{rel}","templated":true}]}}