{"id":203656,"date":"2026-04-29T10:27:50","date_gmt":"2026-04-29T09:27:50","guid":{"rendered":"https:\/\/helloproject.es\/vigilancia\/el-95-de-europa-registro-temperaturas-sobre-la-media-en-un-2025-desolador-para-el-clima\/"},"modified":"2026-04-29T10:27:50","modified_gmt":"2026-04-29T09:27:50","slug":"el-95-de-europa-registro-temperaturas-sobre-la-media-en-un-2025-desolador-para-el-clima","status":"publish","type":"post","link":"https:\/\/helloproject.es\/vigilancia\/el-95-de-europa-registro-temperaturas-sobre-la-media-en-un-2025-desolador-para-el-clima\/","title":{"rendered":"El 95 % de Europa registr\u00f3 temperaturas sobre la media en un 2025 &#8216;desolador&#8217; para el clima"},"content":{"rendered":"<p>Al menos el 95 % de Europa registr\u00f3 temperaturas anuales superiores a la media en 2025, a\u00f1o en que el continente experiment\u00f3 olas de calor sin precedentes del \u00c1rtico al Mediterr\u00e1neo, una p\u00e9rdida neta de masa en los glaciares, r\u00e9cord de hect\u00e1reas quemadas y m\u00e1s grados que nunca en la superficie marina.<\/p>\n<p>El informe sobre el Estado del Clima en Europa en 2025, publicado este mi\u00e9rcoles, \u00abpresenta un panorama desolador\u00bb, seg\u00fan Samantha Burgess, responsable estrat\u00e9gica de clima del Centro Europeo de Previsiones Meteorol\u00f3gicas a Plazo Medio (CEPMPM).<\/p>\n<p>\u00abCon el aumento de las temperaturas y la propagaci\u00f3n de incendios forestales y sequ\u00edas, las pruebas son inequ\u00edvocas: el cambio clim\u00e1tico no es una amenaza futura, sino nuestra realidad actual\u00bb, ha a\u00f1adido la experta.<\/p>\n<p><img decoding=\"async\" src=\"https:\/\/www.agenciasinc.es\/bundles\/app\/images\/quotebefore.png\" \/><\/p>\n<p>Con el aumento de las temperaturas y la propagaci\u00f3n de incendios forestales y sequ\u00edas, las pruebas son inequ\u00edvocas: el cambio clim\u00e1tico no es una amenaza futura, sino nuestra realidad actual<\/p>\n<p>Samantha Burgess, CEPMPM<br \/>\n<img decoding=\"async\" src=\"https:\/\/www.agenciasinc.es\/bundles\/app\/images\/quoteafter.png\" \/><\/p>\n<p>Europa es el continente que se calienta m\u00e1s r\u00e1pidamente: desde 1980 lo hace a un ritmo que dobla el del conjunto del planeta. Globalmente, 2025 fue el tercer a\u00f1o m\u00e1s c\u00e1lido de la historia.<\/p>\n<p>Mientras que en el conjunto del planeta la temperatura sube 0,27 grados por d\u00e9cada, en Europa desde mediados de los noventa sube 0,56. En el \u00c1rtico, la subida es de 0,75 grados por d\u00e9cada.<\/p>\n<p>El informe, elaborado por la Organizaci\u00f3n Meteorol\u00f3gica Mundial (OMM) y el CEPMPM, que gestiona el Servicio de Cambio Clim\u00e1tico del programa Copernicus de observaci\u00f3n de la Tierra, destaca que el a\u00f1o pasado se registr\u00f3 la segunda ola de calor m\u00e1s grave de la historia de Europa y la ola de calor m\u00e1s larga y extrema de la regi\u00f3n sub\u00e1rtica de Fennoscandia, en julio.<\/p>\n<p>Gran parte de Europa tambi\u00e9n experiment\u00f3 m\u00e1s d\u00edas de lo habitual con al menos un estr\u00e9s t\u00e9rmico &#8216;fuerte&#8217; y el sur y el este de Espa\u00f1a registraron hasta 50 d\u00edas m\u00e1s de lo habitual con temperaturas de sensaci\u00f3n t\u00e9rmica superiores a 32 \u00baC.<\/p>\n<p>No hay a\u00fan datos disponibles del n\u00famero de muertes relacionadas con el calor en Europa en 2025, despu\u00e9s de las 62.800 de 2024.<\/p>\n<p><a><\/a><\/p>\n<h2>Menos nieve, menos hielo<\/h2>\n<p>El informe muestra \u00abuna tendencia continuada de calentamiento r\u00e1pido en las regiones m\u00e1s fr\u00edas de Europa, incluidas el \u00c1rtico y los Alpes, donde la nieve y el hielo desempe\u00f1an un papel fundamental a la hora de frenar el cambio clim\u00e1tico al reflejar la luz solar de vuelta al espacio (efecto albedo)\u00bb.<\/p>\n<p>Los glaciares tuvieron una p\u00e9rdida neta de masa, se\u00f1ala el documento.<\/p>\n<p><img decoding=\"async\" src=\"https:\/\/www.agenciasinc.es\/bundles\/app\/images\/quotebefore.png\" \/><\/p>\n<p>Esta p\u00e9rdida de hielo contribuye al aumento del nivel del mar a escala mundial y cada cent\u00edmetro de aumento expone a 6 millones de personas m\u00e1s a las inundaciones costera<\/p>\n<p><img decoding=\"async\" src=\"https:\/\/www.agenciasinc.es\/bundles\/app\/images\/quoteafter.png\" \/><\/p>\n<p>La capa de nieve en el continente fue un 31 % inferior a la media: 1,32 millones de km2\u00a0por debajo, equivalente a la superficie de Francia, Italia, Alemania, Suiza y Austria. Esto supuso la tercera extensi\u00f3n de nieve m\u00e1s baja desde que comenzaron los registros (1983).<\/p>\n<p>La capa de hielo de Groenlandia perdi\u00f3 139 gigatoneladas, aproximadamente 1,5 veces el volumen almacenado en todos los glaciares de los Alpes europeos.<\/p>\n<p>\u00abEsta p\u00e9rdida de hielo contribuye al aumento del nivel del mar a escala mundial y cada cent\u00edmetro de aumento expone a 6 millones de personas m\u00e1s a las inundaciones costeras\u00bb, advierten los autores del informe.<\/p>\n<p><a><\/a><\/p>\n<h2>R\u00e9cord de hect\u00e1reas quemadas<\/h2>\n<p>Los incendios forestales arrasaron aproximadamente 1.034.550 hect\u00e1reas, una superficie mayor que Chipre, la m\u00e1s grande registrada hist\u00f3ricamente.<\/p>\n<p>El informe atribuye a las condiciones de calor y sequ\u00eda esta actividad de incendios sin antecedentes. Las emisiones de los incendios alcanzaron igualmente sus niveles m\u00e1s altos.<\/p>\n<p>\u00abEspa\u00f1a se vio especialmente afectada y represent\u00f3 alrededor de la mitad de las emisiones. Junto a Espa\u00f1a, Chipre, el Reino Unido, los Pa\u00edses Bajos y Alemania registraron sus emisiones de incendios forestales m\u00e1s altas jam\u00e1s registradas\u00bb, apunta.<\/p>\n<p>Burgess ha subrayado en la presentaci\u00f3n del informe que \u00abuna primavera incre\u00edblemente h\u00fameda\u00bb hizo crecer de forma acusada la vegetaci\u00f3n, que al secarse en verano se convirti\u00f3 en combustible y cre\u00f3 \u00abunas condiciones catastr\u00f3ficas\u00bb para la propagaci\u00f3n de los incendios en Espa\u00f1a.<\/p>\n<p><a><\/a><\/p>\n<h2>Mar m\u00e1s caliente, r\u00edos m\u00e1s secos<\/h2>\n<p>La temperatura anual de la superficie del mar en Europa fue en 2025 la m\u00e1s alta registrada y marc\u00f3 el cuarto a\u00f1o consecutivo de r\u00e9cord. El 86 % de la regi\u00f3n oce\u00e1nica de Europa sufri\u00f3 olas de calor marinas.<\/p>\n<p>En el Mediterr\u00e1neo la temperatura media anual de la superficie fue la segunda m\u00e1s alta jam\u00e1s observada.<\/p>\n<p>En el Mediterr\u00e1neo la temperatura media anual de la superficie fue la segunda m\u00e1s alta jam\u00e1s observada<\/p>\n<p>Los caudales fluviales estuvieron por debajo de la media durante 11 meses del a\u00f1o. Alrededor del 70 % de los r\u00edos registraron caudales inferiores al promedio, en uno de los tres a\u00f1os m\u00e1s secos en cuanto a humedad del suelo desde 1992. En mayo, aproximadamente la mitad de Europa (53 %) se vio afectada por condiciones de sequ\u00eda.<\/p>\n<p>Las tormentas y las inundaciones afectaron a miles de personas en toda Europa, aunque las lluvias extremas y las inundaciones fueron menos generalizadas que en los \u00faltimos a\u00f1os, apunta el informe.<\/p>\n<p>Todos los fen\u00f3menos extremos experimentados en 2025 \u00abafectaron a la\u00a0biodiversidad en los ecosistemas marinos y terrestres\u00bb, subraya el documento.<\/p>\n<p>2025 fue un a\u00f1o, recuerda el an\u00e1lisis, en el que las energ\u00edas renovables suministraron casi la mitad (46,4 %) de la electricidad de Europa y en el que la energ\u00eda solar alcanz\u00f3 un nuevo r\u00e9cord de contribuci\u00f3n del 12,5 %.<\/p>\n<p>\u00abNo es suficiente, tenemos que acelerar\u00bb, ha indicado Dusan Chrenek, asesor principal sobre el clima en la UE.<\/p>","protected":false},"excerpt":{"rendered":"<p>Al menos el 95 % de Europa registr\u00f3 temperaturas anuales superiores a la media en 2025, a\u00f1o en que el continente experiment\u00f3 olas de calor sin precedentes del \u00c1rtico al Mediterr\u00e1neo, una p\u00e9rdida neta de masa en los glaciares, r\u00e9cord de hect\u00e1reas quemadas y m\u00e1s grados que nunca en la superficie marina. El informe sobre [&hellip;]<\/p>\n","protected":false},"author":5,"featured_media":0,"comment_status":"","ping_status":"","sticky":false,"template":"","format":"standard","meta":{"site-sidebar-layout":"default","site-content-layout":"","ast-site-content-layout":"default","site-content-style":"default","site-sidebar-style":"default","ast-global-header-display":"","ast-banner-title-visibility":"","ast-main-header-display":"","ast-hfb-above-header-display":"","ast-hfb-below-header-display":"","ast-hfb-mobile-header-display":"","site-post-title":"","ast-breadcrumbs-content":"","ast-featured-img":"","footer-sml-layout":"","ast-disable-related-posts":"","theme-transparent-header-meta":"","adv-header-id-meta":"","stick-header-meta":"","header-above-stick-meta":"","header-main-stick-meta":"","header-below-stick-meta":"","astra-migrate-meta-layouts":"default","ast-page-background-enabled":"default","ast-page-background-meta":{"desktop":{"background-color":"var(--ast-global-color-4)","background-image":"","background-repeat":"repeat","background-position":"center center","background-size":"auto","background-attachment":"scroll","background-type":"","background-media":"","overlay-type":"","overlay-color":"","overlay-opacity":"","overlay-gradient":""},"tablet":{"background-color":"","background-image":"","background-repeat":"repeat","background-position":"center center","background-size":"auto","background-attachment":"scroll","background-type":"","background-media":"","overlay-type":"","overlay-color":"","overlay-opacity":"","overlay-gradient":""},"mobile":{"background-color":"","background-image":"","background-repeat":"repeat","background-position":"center center","background-size":"auto","background-attachment":"scroll","background-type":"","background-media":"","overlay-type":"","overlay-color":"","overlay-opacity":"","overlay-gradient":""}},"ast-content-background-meta":{"desktop":{"background-color":"var(--ast-global-color-5)","background-image":"","background-repeat":"repeat","background-position":"center center","background-size":"auto","background-attachment":"scroll","background-type":"","background-media":"","overlay-type":"","overlay-color":"","overlay-opacity":"","overlay-gradient":""},"tablet":{"background-color":"var(--ast-global-color-5)","background-image":"","background-repeat":"repeat","background-position":"center center","background-size":"auto","background-attachment":"scroll","background-type":"","background-media":"","overlay-type":"","overlay-color":"","overlay-opacity":"","overlay-gradient":""},"mobile":{"background-color":"var(--ast-global-color-5)","background-image":"","background-repeat":"repeat","background-position":"center center","background-size":"auto","background-attachment":"scroll","background-type":"","background-media":"","overlay-type":"","overlay-color":"","overlay-opacity":"","overlay-gradient":""}},"footnotes":""},"categories":[5],"tags":[],"class_list":["post-203656","post","type-post","status-publish","format-standard","hentry","category-noticias"],"yoast_head":"<!-- This site is optimized with the Yoast SEO Premium plugin v20.9 (Yoast SEO v27.4) - https:\/\/yoast.com\/product\/yoast-seo-premium-wordpress\/ -->\n<title>El 95 % de Europa registr\u00f3 temperaturas sobre la media en un 2025 &#039;desolador&#039; para el clima - bip4ex<\/title>\n<meta name=\"robots\" content=\"index, follow, max-snippet:-1, max-image-preview:large, max-video-preview:-1\" \/>\n<link rel=\"canonical\" href=\"https:\/\/helloproject.es\/vigilancia\/el-95-de-europa-registro-temperaturas-sobre-la-media-en-un-2025-desolador-para-el-clima\/\" \/>\n<meta property=\"og:locale\" content=\"es_ES\" \/>\n<meta property=\"og:type\" content=\"article\" \/>\n<meta property=\"og:title\" content=\"El 95 % de Europa registr\u00f3 temperaturas sobre la media en un 2025 &#039;desolador&#039; para el clima\" \/>\n<meta property=\"og:description\" content=\"Al menos el 95 % de Europa registr\u00f3 temperaturas anuales superiores a la media en 2025, a\u00f1o en que el continente experiment\u00f3 olas de calor sin precedentes del \u00c1rtico al Mediterr\u00e1neo, una p\u00e9rdida neta de masa en los glaciares, r\u00e9cord de hect\u00e1reas quemadas y m\u00e1s grados que nunca en la superficie marina. El informe sobre [&hellip;]\" \/>\n<meta property=\"og:url\" content=\"https:\/\/helloproject.es\/vigilancia\/el-95-de-europa-registro-temperaturas-sobre-la-media-en-un-2025-desolador-para-el-clima\/\" \/>\n<meta property=\"og:site_name\" content=\"bip4ex\" \/>\n<meta property=\"article:published_time\" content=\"2026-04-29T09:27:50+00:00\" \/>\n<meta property=\"og:image\" content=\"https:\/\/www.agenciasinc.es\/bundles\/app\/images\/quotebefore.png\" \/>\n<meta name=\"author\" content=\"Luis Miguel Mej\u00edas Ramos\" \/>\n<meta name=\"twitter:card\" content=\"summary_large_image\" \/>\n<meta name=\"twitter:label1\" content=\"Escrito por\" \/>\n\t<meta name=\"twitter:data1\" content=\"Luis Miguel Mej\u00edas Ramos\" \/>\n\t<meta name=\"twitter:label2\" content=\"Tiempo de lectura\" \/>\n\t<meta name=\"twitter:data2\" content=\"5 minutos\" \/>\n<script type=\"application\/ld+json\" class=\"yoast-schema-graph\">{\"@context\":\"https:\\\/\\\/schema.org\",\"@graph\":[{\"@type\":\"Article\",\"@id\":\"https:\\\/\\\/helloproject.es\\\/vigilancia\\\/el-95-de-europa-registro-temperaturas-sobre-la-media-en-un-2025-desolador-para-el-clima\\\/#article\",\"isPartOf\":{\"@id\":\"https:\\\/\\\/helloproject.es\\\/vigilancia\\\/el-95-de-europa-registro-temperaturas-sobre-la-media-en-un-2025-desolador-para-el-clima\\\/\"},\"author\":{\"name\":\"Luis Miguel Mej\u00edas Ramos\",\"@id\":\"https:\\\/\\\/helloproject.es\\\/vigilancia\\\/#\\\/schema\\\/person\\\/3767b0619d59a11570372c821f8619ca\"},\"headline\":\"El 95 % de Europa registr\u00f3 temperaturas sobre la media en un 2025 &#8216;desolador&#8217; para el clima\",\"datePublished\":\"2026-04-29T09:27:50+00:00\",\"mainEntityOfPage\":{\"@id\":\"https:\\\/\\\/helloproject.es\\\/vigilancia\\\/el-95-de-europa-registro-temperaturas-sobre-la-media-en-un-2025-desolador-para-el-clima\\\/\"},\"wordCount\":1010,\"publisher\":{\"@id\":\"https:\\\/\\\/helloproject.es\\\/vigilancia\\\/#organization\"},\"image\":{\"@id\":\"https:\\\/\\\/helloproject.es\\\/vigilancia\\\/el-95-de-europa-registro-temperaturas-sobre-la-media-en-un-2025-desolador-para-el-clima\\\/#primaryimage\"},\"thumbnailUrl\":\"https:\\\/\\\/www.agenciasinc.es\\\/bundles\\\/app\\\/images\\\/quotebefore.png\",\"articleSection\":[\"Noticias\"],\"inLanguage\":\"es\"},{\"@type\":\"WebPage\",\"@id\":\"https:\\\/\\\/helloproject.es\\\/vigilancia\\\/el-95-de-europa-registro-temperaturas-sobre-la-media-en-un-2025-desolador-para-el-clima\\\/\",\"url\":\"https:\\\/\\\/helloproject.es\\\/vigilancia\\\/el-95-de-europa-registro-temperaturas-sobre-la-media-en-un-2025-desolador-para-el-clima\\\/\",\"name\":\"El 95 % de Europa registr\u00f3 temperaturas sobre la media en un 2025 'desolador' para el clima - bip4ex\",\"isPartOf\":{\"@id\":\"https:\\\/\\\/helloproject.es\\\/vigilancia\\\/#website\"},\"primaryImageOfPage\":{\"@id\":\"https:\\\/\\\/helloproject.es\\\/vigilancia\\\/el-95-de-europa-registro-temperaturas-sobre-la-media-en-un-2025-desolador-para-el-clima\\\/#primaryimage\"},\"image\":{\"@id\":\"https:\\\/\\\/helloproject.es\\\/vigilancia\\\/el-95-de-europa-registro-temperaturas-sobre-la-media-en-un-2025-desolador-para-el-clima\\\/#primaryimage\"},\"thumbnailUrl\":\"https:\\\/\\\/www.agenciasinc.es\\\/bundles\\\/app\\\/images\\\/quotebefore.png\",\"datePublished\":\"2026-04-29T09:27:50+00:00\",\"breadcrumb\":{\"@id\":\"https:\\\/\\\/helloproject.es\\\/vigilancia\\\/el-95-de-europa-registro-temperaturas-sobre-la-media-en-un-2025-desolador-para-el-clima\\\/#breadcrumb\"},\"inLanguage\":\"es\",\"potentialAction\":[{\"@type\":\"ReadAction\",\"target\":[\"https:\\\/\\\/helloproject.es\\\/vigilancia\\\/el-95-de-europa-registro-temperaturas-sobre-la-media-en-un-2025-desolador-para-el-clima\\\/\"]}]},{\"@type\":\"ImageObject\",\"inLanguage\":\"es\",\"@id\":\"https:\\\/\\\/helloproject.es\\\/vigilancia\\\/el-95-de-europa-registro-temperaturas-sobre-la-media-en-un-2025-desolador-para-el-clima\\\/#primaryimage\",\"url\":\"https:\\\/\\\/www.agenciasinc.es\\\/bundles\\\/app\\\/images\\\/quotebefore.png\",\"contentUrl\":\"https:\\\/\\\/www.agenciasinc.es\\\/bundles\\\/app\\\/images\\\/quotebefore.png\"},{\"@type\":\"BreadcrumbList\",\"@id\":\"https:\\\/\\\/helloproject.es\\\/vigilancia\\\/el-95-de-europa-registro-temperaturas-sobre-la-media-en-un-2025-desolador-para-el-clima\\\/#breadcrumb\",\"itemListElement\":[{\"@type\":\"ListItem\",\"position\":1,\"name\":\"Home\",\"item\":\"https:\\\/\\\/helloproject.es\\\/vigilancia\\\/\"},{\"@type\":\"ListItem\",\"position\":2,\"name\":\"El 95 % de Europa registr\u00f3 temperaturas sobre la media en un 2025 &#8216;desolador&#8217; para el clima\"}]},{\"@type\":\"WebSite\",\"@id\":\"https:\\\/\\\/helloproject.es\\\/vigilancia\\\/#website\",\"url\":\"https:\\\/\\\/helloproject.es\\\/vigilancia\\\/\",\"name\":\"bip4ex\",\"description\":\"Vigilancia Tecnol\u00f3gica\",\"publisher\":{\"@id\":\"https:\\\/\\\/helloproject.es\\\/vigilancia\\\/#organization\"},\"potentialAction\":[{\"@type\":\"SearchAction\",\"target\":{\"@type\":\"EntryPoint\",\"urlTemplate\":\"https:\\\/\\\/helloproject.es\\\/vigilancia\\\/?s={search_term_string}\"},\"query-input\":{\"@type\":\"PropertyValueSpecification\",\"valueRequired\":true,\"valueName\":\"search_term_string\"}}],\"inLanguage\":\"es\"},{\"@type\":\"Organization\",\"@id\":\"https:\\\/\\\/helloproject.es\\\/vigilancia\\\/#organization\",\"name\":\"Helloproject.es\",\"url\":\"https:\\\/\\\/helloproject.es\\\/vigilancia\\\/\",\"logo\":{\"@type\":\"ImageObject\",\"inLanguage\":\"es\",\"@id\":\"https:\\\/\\\/helloproject.es\\\/vigilancia\\\/#\\\/schema\\\/logo\\\/image\\\/\",\"url\":\"https:\\\/\\\/helloproject.es\\\/vigilancia\\\/wp-content\\\/uploads\\\/2023\\\/07\\\/bip4ex.png\",\"contentUrl\":\"https:\\\/\\\/helloproject.es\\\/vigilancia\\\/wp-content\\\/uploads\\\/2023\\\/07\\\/bip4ex.png\",\"width\":322,\"height\":365,\"caption\":\"Helloproject.es\"},\"image\":{\"@id\":\"https:\\\/\\\/helloproject.es\\\/vigilancia\\\/#\\\/schema\\\/logo\\\/image\\\/\"}},{\"@type\":\"Person\",\"@id\":\"https:\\\/\\\/helloproject.es\\\/vigilancia\\\/#\\\/schema\\\/person\\\/3767b0619d59a11570372c821f8619ca\",\"name\":\"Luis Miguel Mej\u00edas Ramos\",\"url\":\"https:\\\/\\\/helloproject.es\\\/vigilancia\\\/author\\\/luismi\\\/\"}]}<\/script>\n<!-- \/ Yoast SEO Premium plugin. -->","yoast_head_json":{"title":"El 95 % de Europa registr\u00f3 temperaturas sobre la media en un 2025 'desolador' para el clima - bip4ex","robots":{"index":"index","follow":"follow","max-snippet":"max-snippet:-1","max-image-preview":"max-image-preview:large","max-video-preview":"max-video-preview:-1"},"canonical":"https:\/\/helloproject.es\/vigilancia\/el-95-de-europa-registro-temperaturas-sobre-la-media-en-un-2025-desolador-para-el-clima\/","og_locale":"es_ES","og_type":"article","og_title":"El 95 % de Europa registr\u00f3 temperaturas sobre la media en un 2025 'desolador' para el clima","og_description":"Al menos el 95 % de Europa registr\u00f3 temperaturas anuales superiores a la media en 2025, a\u00f1o en que el continente experiment\u00f3 olas de calor sin precedentes del \u00c1rtico al Mediterr\u00e1neo, una p\u00e9rdida neta de masa en los glaciares, r\u00e9cord de hect\u00e1reas quemadas y m\u00e1s grados que nunca en la superficie marina. El informe sobre [&hellip;]","og_url":"https:\/\/helloproject.es\/vigilancia\/el-95-de-europa-registro-temperaturas-sobre-la-media-en-un-2025-desolador-para-el-clima\/","og_site_name":"bip4ex","article_published_time":"2026-04-29T09:27:50+00:00","og_image":[{"url":"https:\/\/www.agenciasinc.es\/bundles\/app\/images\/quotebefore.png","type":"","width":"","height":""}],"author":"Luis Miguel Mej\u00edas Ramos","twitter_card":"summary_large_image","twitter_misc":{"Escrito por":"Luis Miguel Mej\u00edas Ramos","Tiempo de lectura":"5 minutos"},"schema":{"@context":"https:\/\/schema.org","@graph":[{"@type":"Article","@id":"https:\/\/helloproject.es\/vigilancia\/el-95-de-europa-registro-temperaturas-sobre-la-media-en-un-2025-desolador-para-el-clima\/#article","isPartOf":{"@id":"https:\/\/helloproject.es\/vigilancia\/el-95-de-europa-registro-temperaturas-sobre-la-media-en-un-2025-desolador-para-el-clima\/"},"author":{"name":"Luis Miguel Mej\u00edas Ramos","@id":"https:\/\/helloproject.es\/vigilancia\/#\/schema\/person\/3767b0619d59a11570372c821f8619ca"},"headline":"El 95 % de Europa registr\u00f3 temperaturas sobre la media en un 2025 &#8216;desolador&#8217; para el clima","datePublished":"2026-04-29T09:27:50+00:00","mainEntityOfPage":{"@id":"https:\/\/helloproject.es\/vigilancia\/el-95-de-europa-registro-temperaturas-sobre-la-media-en-un-2025-desolador-para-el-clima\/"},"wordCount":1010,"publisher":{"@id":"https:\/\/helloproject.es\/vigilancia\/#organization"},"image":{"@id":"https:\/\/helloproject.es\/vigilancia\/el-95-de-europa-registro-temperaturas-sobre-la-media-en-un-2025-desolador-para-el-clima\/#primaryimage"},"thumbnailUrl":"https:\/\/www.agenciasinc.es\/bundles\/app\/images\/quotebefore.png","articleSection":["Noticias"],"inLanguage":"es"},{"@type":"WebPage","@id":"https:\/\/helloproject.es\/vigilancia\/el-95-de-europa-registro-temperaturas-sobre-la-media-en-un-2025-desolador-para-el-clima\/","url":"https:\/\/helloproject.es\/vigilancia\/el-95-de-europa-registro-temperaturas-sobre-la-media-en-un-2025-desolador-para-el-clima\/","name":"El 95 % de Europa registr\u00f3 temperaturas sobre la media en un 2025 'desolador' para el clima - bip4ex","isPartOf":{"@id":"https:\/\/helloproject.es\/vigilancia\/#website"},"primaryImageOfPage":{"@id":"https:\/\/helloproject.es\/vigilancia\/el-95-de-europa-registro-temperaturas-sobre-la-media-en-un-2025-desolador-para-el-clima\/#primaryimage"},"image":{"@id":"https:\/\/helloproject.es\/vigilancia\/el-95-de-europa-registro-temperaturas-sobre-la-media-en-un-2025-desolador-para-el-clima\/#primaryimage"},"thumbnailUrl":"https:\/\/www.agenciasinc.es\/bundles\/app\/images\/quotebefore.png","datePublished":"2026-04-29T09:27:50+00:00","breadcrumb":{"@id":"https:\/\/helloproject.es\/vigilancia\/el-95-de-europa-registro-temperaturas-sobre-la-media-en-un-2025-desolador-para-el-clima\/#breadcrumb"},"inLanguage":"es","potentialAction":[{"@type":"ReadAction","target":["https:\/\/helloproject.es\/vigilancia\/el-95-de-europa-registro-temperaturas-sobre-la-media-en-un-2025-desolador-para-el-clima\/"]}]},{"@type":"ImageObject","inLanguage":"es","@id":"https:\/\/helloproject.es\/vigilancia\/el-95-de-europa-registro-temperaturas-sobre-la-media-en-un-2025-desolador-para-el-clima\/#primaryimage","url":"https:\/\/www.agenciasinc.es\/bundles\/app\/images\/quotebefore.png","contentUrl":"https:\/\/www.agenciasinc.es\/bundles\/app\/images\/quotebefore.png"},{"@type":"BreadcrumbList","@id":"https:\/\/helloproject.es\/vigilancia\/el-95-de-europa-registro-temperaturas-sobre-la-media-en-un-2025-desolador-para-el-clima\/#breadcrumb","itemListElement":[{"@type":"ListItem","position":1,"name":"Home","item":"https:\/\/helloproject.es\/vigilancia\/"},{"@type":"ListItem","position":2,"name":"El 95 % de Europa registr\u00f3 temperaturas sobre la media en un 2025 &#8216;desolador&#8217; para el clima"}]},{"@type":"WebSite","@id":"https:\/\/helloproject.es\/vigilancia\/#website","url":"https:\/\/helloproject.es\/vigilancia\/","name":"bip4ex","description":"Vigilancia Tecnol\u00f3gica","publisher":{"@id":"https:\/\/helloproject.es\/vigilancia\/#organization"},"potentialAction":[{"@type":"SearchAction","target":{"@type":"EntryPoint","urlTemplate":"https:\/\/helloproject.es\/vigilancia\/?s={search_term_string}"},"query-input":{"@type":"PropertyValueSpecification","valueRequired":true,"valueName":"search_term_string"}}],"inLanguage":"es"},{"@type":"Organization","@id":"https:\/\/helloproject.es\/vigilancia\/#organization","name":"Helloproject.es","url":"https:\/\/helloproject.es\/vigilancia\/","logo":{"@type":"ImageObject","inLanguage":"es","@id":"https:\/\/helloproject.es\/vigilancia\/#\/schema\/logo\/image\/","url":"https:\/\/helloproject.es\/vigilancia\/wp-content\/uploads\/2023\/07\/bip4ex.png","contentUrl":"https:\/\/helloproject.es\/vigilancia\/wp-content\/uploads\/2023\/07\/bip4ex.png","width":322,"height":365,"caption":"Helloproject.es"},"image":{"@id":"https:\/\/helloproject.es\/vigilancia\/#\/schema\/logo\/image\/"}},{"@type":"Person","@id":"https:\/\/helloproject.es\/vigilancia\/#\/schema\/person\/3767b0619d59a11570372c821f8619ca","name":"Luis Miguel Mej\u00edas Ramos","url":"https:\/\/helloproject.es\/vigilancia\/author\/luismi\/"}]}},"_links":{"self":[{"href":"https:\/\/helloproject.es\/vigilancia\/wp-json\/wp\/v2\/posts\/203656","targetHints":{"allow":["GET"]}}],"collection":[{"href":"https:\/\/helloproject.es\/vigilancia\/wp-json\/wp\/v2\/posts"}],"about":[{"href":"https:\/\/helloproject.es\/vigilancia\/wp-json\/wp\/v2\/types\/post"}],"author":[{"embeddable":true,"href":"https:\/\/helloproject.es\/vigilancia\/wp-json\/wp\/v2\/users\/5"}],"replies":[{"embeddable":true,"href":"https:\/\/helloproject.es\/vigilancia\/wp-json\/wp\/v2\/comments?post=203656"}],"version-history":[{"count":0,"href":"https:\/\/helloproject.es\/vigilancia\/wp-json\/wp\/v2\/posts\/203656\/revisions"}],"wp:attachment":[{"href":"https:\/\/helloproject.es\/vigilancia\/wp-json\/wp\/v2\/media?parent=203656"}],"wp:term":[{"taxonomy":"category","embeddable":true,"href":"https:\/\/helloproject.es\/vigilancia\/wp-json\/wp\/v2\/categories?post=203656"},{"taxonomy":"post_tag","embeddable":true,"href":"https:\/\/helloproject.es\/vigilancia\/wp-json\/wp\/v2\/tags?post=203656"}],"curies":[{"name":"wp","href":"https:\/\/api.w.org\/{rel}","templated":true}]}}