{"id":203678,"date":"2026-04-29T16:28:04","date_gmt":"2026-04-29T15:28:04","guid":{"rendered":"https:\/\/helloproject.es\/vigilancia\/un-analisis-genomico-revela-los-cambios-que-marcaron-a-los-europeos-durante-la-caida-del-imperio-romano\/"},"modified":"2026-04-29T16:28:04","modified_gmt":"2026-04-29T15:28:04","slug":"un-analisis-genomico-revela-los-cambios-que-marcaron-a-los-europeos-durante-la-caida-del-imperio-romano","status":"publish","type":"post","link":"https:\/\/helloproject.es\/vigilancia\/un-analisis-genomico-revela-los-cambios-que-marcaron-a-los-europeos-durante-la-caida-del-imperio-romano\/","title":{"rendered":"Un an\u00e1lisis gen\u00f3mico revela los cambios que marcaron a los europeos durante la ca\u00edda del Imperio romano"},"content":{"rendered":"<p>En Europa Central, despu\u00e9s del colapso del Imperio Romano de Occidente, se observaron importantes cambios demogr\u00e1ficos en las estructuras familiares. Esta \u00e9poca fue testigo del surgimiento de nuevas sociedades a trav\u00e9s de la fusi\u00f3n de grupos gen\u00e9ticamente distintos, un proceso que dio forma a un panorama gen\u00e9tico similar al que ocurre en la actualidad en la misma zona.<\/p>\n<p>Durante el periodo romano tard\u00edo, la regi\u00f3n albergaba dos grupos gen\u00e9ticamente distintos: personas con ascendencia n\u00f3rdica y habitantes de los asentamientos romanos<\/p>\n<p>Un nuevo estudio, publicado en la revista Nature, analiza 258 genomas del periodo romano tard\u00edo y altomedieval (400-700 d. C.) procedentes de yacimientos funerarios antiguos en el sur de Alemania. Sus resultados muestran que, durante el periodo romano tard\u00edo, la regi\u00f3n albergaba dos grupos gen\u00e9ticamente distintos: personas con ascendencia n\u00f3rdica y los habitantes de los asentamientos romanos.<\/p>\n<p>Estos \u00faltimos presentaban una gran diversidad gen\u00e9tica, con ancestros procedentes de toda Europa e incluso de Asia. El colapso del Estado romano, que propici\u00f3 una mayor movilidad para muchos grupos, dio lugar al surgimiento de nuevas sociedades. A pesar de su diversidad gen\u00e9tica, los distintos grupos locales se mezclaron y compartieron la misma cultura material.<\/p>\n<p><img decoding=\"async\" src=\"https:\/\/www.agenciasinc.es\/bundles\/app\/images\/quotebefore.png\" \/><\/p>\n<p>Nuestros datos revelan la presencia de familias nucleares mon\u00f3gamas y con reglas de parentesco influenciadas por el cristianismo, id\u00e9nticas a las pr\u00e1cticas romanas tard\u00edas<\/p>\n<p>Joachim Burger, Johannes Gutenberg University Mainz<br \/>\n<img decoding=\"async\" src=\"https:\/\/www.agenciasinc.es\/bundles\/app\/images\/quoteafter.png\" \/><\/p>\n<p>Uno de los autores, Joachim Burger, de Johannes Gutenberg University Mainz (Maguncia, Alemania), destaca a SINC el aspecto m\u00e1s sorprendente del hallazgo: \u201cLas narrativas tradicionales describen una \u2018Edad Oscura\u2019\u00a0donde las tribus germ\u00e1nicas borraron la cultura romana. Nuestros datos revelan la presencia de familias nucleares mon\u00f3gamas, sin matrimonios leviratos ni entre primos, y con reglas de parentesco influenciadas por el cristianismo, id\u00e9nticas a las pr\u00e1cticas romanas tard\u00edas.\u201d<\/p>\n<p>Burger explica que el aspecto m\u00e1s relevante es que no solo se trata de lo social, \u201csino tambi\u00e9n en lo gen\u00e9tico, la herencia romana predomina en la fase m\u00e1s temprana del periodo medieval.\u201d\u00a0<\/p>\n<p>                        <a href=\"https:\/\/www.agenciasinc.es\/Entrevistas\/La-genomica-ayuda-a-interpretar-el-contexto-cultural-y-hasta-el-lenguaje-entre-las-poblaciones-antiguas\"><br \/>\n                            <img decoding=\"async\" src=\"https:\/\/cdn.agenciasinc.es\/var\/ezwebin_site\/storage\/images\/entrevistas\/la-genomica-ayuda-a-interpretar-el-contexto-cultural-y-hasta-el-lenguaje-entre-las-poblaciones-antiguas\/12322974-1-esl-MX\/La-genomica-ayuda-a-interpretar-el-contexto-cultural-y-hasta-el-lenguaje-entre-las-poblaciones-antiguas.jpg\" alt=\"\u201cLa gen\u00f3mica ayuda a interpretar el contexto cultural y hasta el lenguaje entre las poblaciones antiguas\u201d\" title=\"\u201cLa gen\u00f3mica ayuda a interpretar el contexto cultural y hasta el lenguaje entre las poblaciones antiguas\u201d\" class=\"small_fotoderecha_img\" loading=\"lazy\" \/><br \/>\n                        <\/a><\/p>\n<p>                    <a href=\"https:\/\/www.agenciasinc.es\/Entrevistas\/La-genomica-ayuda-a-interpretar-el-contexto-cultural-y-hasta-el-lenguaje-entre-las-poblaciones-antiguas\" class=\"small_fotoderecha_titulo\"><\/a><\/p>\n<h3 class=\"small_fotoderecha_titulo\">\u201cLa gen\u00f3mica ayuda a interpretar el contexto cultural y hasta el lenguaje entre las poblaciones antiguas\u201d<\/h3>\n<p>                    <\/p>\n<p>                                Ana Lozano del Campo<\/p>\n<p><a><\/a><\/p>\n<h2>Mitos desmantelados<\/h2>\n<p>Entre los siglos IV y VII d. C., Europa Central transit\u00f3 de la Antig\u00fcedad tard\u00eda a la Alta Edad Media. Esta transici\u00f3n se caracteriz\u00f3 por acontecimientos sociales trascendentales, como la ca\u00edda del Imperio Romano de Occidente y la expansi\u00f3n del cristianismo, as\u00ed como por cambios en el panorama pol\u00edtico de la regi\u00f3n. Sin embargo, se sabe poco sobre la vida del ciudadano com\u00fan durante este periodo.\u00a0\u00a0<\/p>\n<p>                    <img decoding=\"async\" src=\"https:\/\/cdn.agenciasinc.es\/var\/ezwebin_site\/storage\/images\/_aliases\/img_1col\/media\/images\/lambs\/12396736-1-esl-MX\/lambs.jpg\" alt=\"\" \/><\/p>\n<p>Elementos decorativos de chapa de plata con forma de corderos mirando hacia atr\u00e1s, tras su restauraci\u00f3n.\/ Oficina Estatal de Baviera para la Conservaci\u00f3n de Monumentos, Michael Forstner<\/p>\n<p>    document.addEventListener(\u00abDOMContentLoaded\u00bb, function() {<br \/>\n        var img = document.querySelector(&#8216;.image-container img&#8217;);<br \/>\n        if (img) {<br \/>\n            img.alt = \u00abElementos decorativos de chapa de plata con forma de corderos mirando hacia atr\u00e1s, tras su restauraci\u00f3n.\/ Oficina Estatal de Baviera para la Conservaci\u00f3n de Monumentos, Michael Forstner\u00bb;<br \/>\n        }<br \/>\n    });<\/p>\n<p>Los autores hallaron que la esperanza de vida era de 43,3 a\u00f1os para los hombres y de 39,8 a\u00f1os para las mujeres, y que el parto constitu\u00eda un factor de riesgo importante para la muerte prematura en las mujeres. Sin embargo, la mayor\u00eda de los ni\u00f1os (81,8 %) de la zona crec\u00edan con al menos un abuelo.\u00a0<\/p>\n<p>Los movimientos fueron\u00a0graduales y localizados. Grupos como los alamanes surgieron de vac\u00edos de poder negociados, no de invasiones masivas<\/p>\n<p>Seg\u00fan Burger, la investigaci\u00f3n desmantela el mito de las invasiones tribales coordinadas: \u201cLos grupos del norte migraron siglos antes de la ca\u00edda del imperio; no como \u2018hordas\u2019 en el siglo V, sino como individuos o familias que se asentaban a lo largo de las fronteras\u201d.<\/p>\n<p>El experto se\u00f1ala que esta ascendencia norte\u00f1a ya formaba parte de la sociedad romana y hab\u00eda adoptado su estilo de vida y no se les consideraba \u201cinvasores externos\u201d. Los movimientos fueron graduales y localizados. Grupos como los alamanes (confederaci\u00f3n de tribus germ\u00e1nicas) surgieron de vac\u00edos de poder negociados, no de invasiones masivas.<\/p>\n<p><a><\/a><\/p>\n<h2>El cambio en las aulas<\/h2>\n<p>Burger recomienda algunos cambios en la narrativa que introducir en las aulas. Sugiere considerar referirse a la ca\u00edda de Roma como \u201cla transformaci\u00f3n\u201d de esta ciudad para reflejar la naturaleza de las alteraciones. Explica que, por ejemplo, las estructuras legales, religiosas y sociales romanas continuaron vigentes en estos nuevos entornos rurales.<\/p>\n<p><img decoding=\"async\" src=\"https:\/\/www.agenciasinc.es\/bundles\/app\/images\/quotebefore.png\" \/><\/p>\n<p>Llamarlos \u2018invasores\u2019 puede simplificar en exceso sus complejos y antiguos v\u00ednculos con la sociedad romana<\/p>\n<p>Joachim Burger, Johannes Gutenberg University Mainz<br \/>\n<img decoding=\"async\" src=\"https:\/\/www.agenciasinc.es\/bundles\/app\/images\/quoteafter.png\" \/><\/p>\n<p>Tambi\u00e9n propone reconsiderar el t\u00e9rmino \u2018b\u00e1rbaro\u2019: \u201cNuestros datos gen\u00e9ticos y arqueol\u00f3gicos sugieren que muchos grupos \u2018del norte\u2019 hab\u00edan vivido dentro del imperio durante generaciones: cultivando la tierra, sirviendo en el ej\u00e9rcito y adoptando las costumbres romanas. Llamarlos \u2018invasores\u2019 puede simplificar en exceso sus complejos y antiguos v\u00ednculos con la sociedad romana.\u201d<\/p>\n<p>                    <img decoding=\"async\" src=\"https:\/\/cdn.agenciasinc.es\/var\/ezwebin_site\/storage\/images\/_aliases\/img_1col\/media\/images\/table\/12396769-1-esl-MX\/table.jpg\" alt=\"\" \/><\/p>\n<p>An\u00e1lisis antropol\u00f3gico de un esqueleto procedente del yacimiento medieval temprano de Altheim, cerca de Landshut, en la Colecci\u00f3n Estatal de Antropolog\u00eda de M\u00fanich. \/ SAM \/ Harbeck<\/p>\n<p>    document.addEventListener(\u00abDOMContentLoaded\u00bb, function() {<br \/>\n        var img = document.querySelector(&#8216;.image-container img&#8217;);<br \/>\n        if (img) {<br \/>\n            img.alt = \u00abAn\u00e1lisis antropol\u00f3gico de un esqueleto procedente del yacimiento medieval temprano de Altheim, cerca de Landshut, en la Colecci\u00f3n Estatal de Antropolog\u00eda de M\u00fanich. \/ SAM \/ Harbeck\u00bb;<br \/>\n        }<br \/>\n    });<\/p>\n<p>Por \u00faltimo, Burger plantea presentar la migraci\u00f3n como un movimiento gradual, no como una invasi\u00f3n masiva: \u201cLos mapas podr\u00edan ilustrar c\u00f3mo las personas se mov\u00edan en peque\u00f1os grupos o familias a lo largo de los siglos, remodelando gradualmente las poblaciones regionales, tal como se observa en el cambio gen\u00e9tico hacia los perfiles modernos del sur de Alemania para el siglo VII\u201d.<\/p>\n<p>Los hallazgos ofrecen perspectivas sobre la transici\u00f3n de la Antig\u00fcedad tard\u00eda a la Alta Edad Media, incluyendo el origen del sistema de parentesco europeo, concluyen los autores. Se\u00f1alan que esta transici\u00f3n es compleja y no debe analizarse \u00fanicamente desde la perspectiva tradicional del conflicto entre b\u00e1rbaros y el Imperio romano. En lugar de migraciones a gran escala, los datos muestran que estas\u00a0se produjeron en grupos m\u00e1s peque\u00f1os, basados \u200b\u200ben la familia o el parentesco.\u00a0<\/p>\n<p>Referencia:<\/p>\n<p>Bl\u00f6cher J. et al.\u00a0Demography and life histories across the\u00a0Roman frontier in Germany 400\u2013700 CE. <a href=\"https:\/\/www.nature.com\/articles\/s41586-026-10437-3\" target=\"_blank\">Nature<\/a> (2026)<\/p>","protected":false},"excerpt":{"rendered":"<p>En Europa Central, despu\u00e9s del colapso del Imperio Romano de Occidente, se observaron importantes cambios demogr\u00e1ficos en las estructuras familiares. Esta \u00e9poca fue testigo del surgimiento de nuevas sociedades a trav\u00e9s de la fusi\u00f3n de grupos gen\u00e9ticamente distintos, un proceso que dio forma a un panorama gen\u00e9tico similar al que ocurre en la actualidad en [&hellip;]<\/p>\n","protected":false},"author":5,"featured_media":0,"comment_status":"","ping_status":"","sticky":false,"template":"","format":"standard","meta":{"site-sidebar-layout":"default","site-content-layout":"","ast-site-content-layout":"default","site-content-style":"default","site-sidebar-style":"default","ast-global-header-display":"","ast-banner-title-visibility":"","ast-main-header-display":"","ast-hfb-above-header-display":"","ast-hfb-below-header-display":"","ast-hfb-mobile-header-display":"","site-post-title":"","ast-breadcrumbs-content":"","ast-featured-img":"","footer-sml-layout":"","ast-disable-related-posts":"","theme-transparent-header-meta":"","adv-header-id-meta":"","stick-header-meta":"","header-above-stick-meta":"","header-main-stick-meta":"","header-below-stick-meta":"","astra-migrate-meta-layouts":"default","ast-page-background-enabled":"default","ast-page-background-meta":{"desktop":{"background-color":"var(--ast-global-color-4)","background-image":"","background-repeat":"repeat","background-position":"center center","background-size":"auto","background-attachment":"scroll","background-type":"","background-media":"","overlay-type":"","overlay-color":"","overlay-opacity":"","overlay-gradient":""},"tablet":{"background-color":"","background-image":"","background-repeat":"repeat","background-position":"center center","background-size":"auto","background-attachment":"scroll","background-type":"","background-media":"","overlay-type":"","overlay-color":"","overlay-opacity":"","overlay-gradient":""},"mobile":{"background-color":"","background-image":"","background-repeat":"repeat","background-position":"center center","background-size":"auto","background-attachment":"scroll","background-type":"","background-media":"","overlay-type":"","overlay-color":"","overlay-opacity":"","overlay-gradient":""}},"ast-content-background-meta":{"desktop":{"background-color":"var(--ast-global-color-5)","background-image":"","background-repeat":"repeat","background-position":"center center","background-size":"auto","background-attachment":"scroll","background-type":"","background-media":"","overlay-type":"","overlay-color":"","overlay-opacity":"","overlay-gradient":""},"tablet":{"background-color":"var(--ast-global-color-5)","background-image":"","background-repeat":"repeat","background-position":"center center","background-size":"auto","background-attachment":"scroll","background-type":"","background-media":"","overlay-type":"","overlay-color":"","overlay-opacity":"","overlay-gradient":""},"mobile":{"background-color":"var(--ast-global-color-5)","background-image":"","background-repeat":"repeat","background-position":"center center","background-size":"auto","background-attachment":"scroll","background-type":"","background-media":"","overlay-type":"","overlay-color":"","overlay-opacity":"","overlay-gradient":""}},"footnotes":""},"categories":[5],"tags":[],"class_list":["post-203678","post","type-post","status-publish","format-standard","hentry","category-noticias"],"yoast_head":"<!-- This site is optimized with the Yoast SEO Premium plugin v20.9 (Yoast SEO v27.4) - https:\/\/yoast.com\/product\/yoast-seo-premium-wordpress\/ -->\n<title>Un an\u00e1lisis gen\u00f3mico revela los cambios que marcaron a los europeos durante la ca\u00edda del Imperio romano - bip4ex<\/title>\n<meta name=\"robots\" content=\"index, follow, max-snippet:-1, max-image-preview:large, max-video-preview:-1\" \/>\n<link rel=\"canonical\" href=\"https:\/\/helloproject.es\/vigilancia\/un-analisis-genomico-revela-los-cambios-que-marcaron-a-los-europeos-durante-la-caida-del-imperio-romano\/\" \/>\n<meta property=\"og:locale\" content=\"es_ES\" \/>\n<meta property=\"og:type\" content=\"article\" \/>\n<meta property=\"og:title\" content=\"Un an\u00e1lisis gen\u00f3mico revela los cambios que marcaron a los europeos durante la ca\u00edda del Imperio romano\" \/>\n<meta property=\"og:description\" content=\"En Europa Central, despu\u00e9s del colapso del Imperio Romano de Occidente, se observaron importantes cambios demogr\u00e1ficos en las estructuras familiares. Esta \u00e9poca fue testigo del surgimiento de nuevas sociedades a trav\u00e9s de la fusi\u00f3n de grupos gen\u00e9ticamente distintos, un proceso que dio forma a un panorama gen\u00e9tico similar al que ocurre en la actualidad en [&hellip;]\" \/>\n<meta property=\"og:url\" content=\"https:\/\/helloproject.es\/vigilancia\/un-analisis-genomico-revela-los-cambios-que-marcaron-a-los-europeos-durante-la-caida-del-imperio-romano\/\" \/>\n<meta property=\"og:site_name\" content=\"bip4ex\" \/>\n<meta property=\"article:published_time\" content=\"2026-04-29T15:28:04+00:00\" \/>\n<meta property=\"og:image\" content=\"https:\/\/www.agenciasinc.es\/bundles\/app\/images\/quotebefore.png\" \/>\n<meta name=\"author\" content=\"Luis Miguel Mej\u00edas Ramos\" \/>\n<meta name=\"twitter:card\" content=\"summary_large_image\" \/>\n<meta name=\"twitter:label1\" content=\"Escrito por\" \/>\n\t<meta name=\"twitter:data1\" content=\"Luis Miguel Mej\u00edas Ramos\" \/>\n\t<meta name=\"twitter:label2\" content=\"Tiempo de lectura\" \/>\n\t<meta name=\"twitter:data2\" content=\"5 minutos\" \/>\n<script type=\"application\/ld+json\" class=\"yoast-schema-graph\">{\"@context\":\"https:\\\/\\\/schema.org\",\"@graph\":[{\"@type\":\"Article\",\"@id\":\"https:\\\/\\\/helloproject.es\\\/vigilancia\\\/un-analisis-genomico-revela-los-cambios-que-marcaron-a-los-europeos-durante-la-caida-del-imperio-romano\\\/#article\",\"isPartOf\":{\"@id\":\"https:\\\/\\\/helloproject.es\\\/vigilancia\\\/un-analisis-genomico-revela-los-cambios-que-marcaron-a-los-europeos-durante-la-caida-del-imperio-romano\\\/\"},\"author\":{\"name\":\"Luis Miguel Mej\u00edas Ramos\",\"@id\":\"https:\\\/\\\/helloproject.es\\\/vigilancia\\\/#\\\/schema\\\/person\\\/3767b0619d59a11570372c821f8619ca\"},\"headline\":\"Un an\u00e1lisis gen\u00f3mico revela los cambios que marcaron a los europeos durante la ca\u00edda del Imperio romano\",\"datePublished\":\"2026-04-29T15:28:04+00:00\",\"mainEntityOfPage\":{\"@id\":\"https:\\\/\\\/helloproject.es\\\/vigilancia\\\/un-analisis-genomico-revela-los-cambios-que-marcaron-a-los-europeos-durante-la-caida-del-imperio-romano\\\/\"},\"wordCount\":1111,\"publisher\":{\"@id\":\"https:\\\/\\\/helloproject.es\\\/vigilancia\\\/#organization\"},\"image\":{\"@id\":\"https:\\\/\\\/helloproject.es\\\/vigilancia\\\/un-analisis-genomico-revela-los-cambios-que-marcaron-a-los-europeos-durante-la-caida-del-imperio-romano\\\/#primaryimage\"},\"thumbnailUrl\":\"https:\\\/\\\/www.agenciasinc.es\\\/bundles\\\/app\\\/images\\\/quotebefore.png\",\"articleSection\":[\"Noticias\"],\"inLanguage\":\"es\"},{\"@type\":\"WebPage\",\"@id\":\"https:\\\/\\\/helloproject.es\\\/vigilancia\\\/un-analisis-genomico-revela-los-cambios-que-marcaron-a-los-europeos-durante-la-caida-del-imperio-romano\\\/\",\"url\":\"https:\\\/\\\/helloproject.es\\\/vigilancia\\\/un-analisis-genomico-revela-los-cambios-que-marcaron-a-los-europeos-durante-la-caida-del-imperio-romano\\\/\",\"name\":\"Un an\u00e1lisis gen\u00f3mico revela los cambios que marcaron a los europeos durante la ca\u00edda del Imperio romano - bip4ex\",\"isPartOf\":{\"@id\":\"https:\\\/\\\/helloproject.es\\\/vigilancia\\\/#website\"},\"primaryImageOfPage\":{\"@id\":\"https:\\\/\\\/helloproject.es\\\/vigilancia\\\/un-analisis-genomico-revela-los-cambios-que-marcaron-a-los-europeos-durante-la-caida-del-imperio-romano\\\/#primaryimage\"},\"image\":{\"@id\":\"https:\\\/\\\/helloproject.es\\\/vigilancia\\\/un-analisis-genomico-revela-los-cambios-que-marcaron-a-los-europeos-durante-la-caida-del-imperio-romano\\\/#primaryimage\"},\"thumbnailUrl\":\"https:\\\/\\\/www.agenciasinc.es\\\/bundles\\\/app\\\/images\\\/quotebefore.png\",\"datePublished\":\"2026-04-29T15:28:04+00:00\",\"breadcrumb\":{\"@id\":\"https:\\\/\\\/helloproject.es\\\/vigilancia\\\/un-analisis-genomico-revela-los-cambios-que-marcaron-a-los-europeos-durante-la-caida-del-imperio-romano\\\/#breadcrumb\"},\"inLanguage\":\"es\",\"potentialAction\":[{\"@type\":\"ReadAction\",\"target\":[\"https:\\\/\\\/helloproject.es\\\/vigilancia\\\/un-analisis-genomico-revela-los-cambios-que-marcaron-a-los-europeos-durante-la-caida-del-imperio-romano\\\/\"]}]},{\"@type\":\"ImageObject\",\"inLanguage\":\"es\",\"@id\":\"https:\\\/\\\/helloproject.es\\\/vigilancia\\\/un-analisis-genomico-revela-los-cambios-que-marcaron-a-los-europeos-durante-la-caida-del-imperio-romano\\\/#primaryimage\",\"url\":\"https:\\\/\\\/www.agenciasinc.es\\\/bundles\\\/app\\\/images\\\/quotebefore.png\",\"contentUrl\":\"https:\\\/\\\/www.agenciasinc.es\\\/bundles\\\/app\\\/images\\\/quotebefore.png\"},{\"@type\":\"BreadcrumbList\",\"@id\":\"https:\\\/\\\/helloproject.es\\\/vigilancia\\\/un-analisis-genomico-revela-los-cambios-que-marcaron-a-los-europeos-durante-la-caida-del-imperio-romano\\\/#breadcrumb\",\"itemListElement\":[{\"@type\":\"ListItem\",\"position\":1,\"name\":\"Home\",\"item\":\"https:\\\/\\\/helloproject.es\\\/vigilancia\\\/\"},{\"@type\":\"ListItem\",\"position\":2,\"name\":\"Un an\u00e1lisis gen\u00f3mico revela los cambios que marcaron a los europeos durante la ca\u00edda del Imperio romano\"}]},{\"@type\":\"WebSite\",\"@id\":\"https:\\\/\\\/helloproject.es\\\/vigilancia\\\/#website\",\"url\":\"https:\\\/\\\/helloproject.es\\\/vigilancia\\\/\",\"name\":\"bip4ex\",\"description\":\"Vigilancia Tecnol\u00f3gica\",\"publisher\":{\"@id\":\"https:\\\/\\\/helloproject.es\\\/vigilancia\\\/#organization\"},\"potentialAction\":[{\"@type\":\"SearchAction\",\"target\":{\"@type\":\"EntryPoint\",\"urlTemplate\":\"https:\\\/\\\/helloproject.es\\\/vigilancia\\\/?s={search_term_string}\"},\"query-input\":{\"@type\":\"PropertyValueSpecification\",\"valueRequired\":true,\"valueName\":\"search_term_string\"}}],\"inLanguage\":\"es\"},{\"@type\":\"Organization\",\"@id\":\"https:\\\/\\\/helloproject.es\\\/vigilancia\\\/#organization\",\"name\":\"Helloproject.es\",\"url\":\"https:\\\/\\\/helloproject.es\\\/vigilancia\\\/\",\"logo\":{\"@type\":\"ImageObject\",\"inLanguage\":\"es\",\"@id\":\"https:\\\/\\\/helloproject.es\\\/vigilancia\\\/#\\\/schema\\\/logo\\\/image\\\/\",\"url\":\"https:\\\/\\\/helloproject.es\\\/vigilancia\\\/wp-content\\\/uploads\\\/2023\\\/07\\\/bip4ex.png\",\"contentUrl\":\"https:\\\/\\\/helloproject.es\\\/vigilancia\\\/wp-content\\\/uploads\\\/2023\\\/07\\\/bip4ex.png\",\"width\":322,\"height\":365,\"caption\":\"Helloproject.es\"},\"image\":{\"@id\":\"https:\\\/\\\/helloproject.es\\\/vigilancia\\\/#\\\/schema\\\/logo\\\/image\\\/\"}},{\"@type\":\"Person\",\"@id\":\"https:\\\/\\\/helloproject.es\\\/vigilancia\\\/#\\\/schema\\\/person\\\/3767b0619d59a11570372c821f8619ca\",\"name\":\"Luis Miguel Mej\u00edas Ramos\",\"url\":\"https:\\\/\\\/helloproject.es\\\/vigilancia\\\/author\\\/luismi\\\/\"}]}<\/script>\n<!-- \/ Yoast SEO Premium plugin. -->","yoast_head_json":{"title":"Un an\u00e1lisis gen\u00f3mico revela los cambios que marcaron a los europeos durante la ca\u00edda del Imperio romano - bip4ex","robots":{"index":"index","follow":"follow","max-snippet":"max-snippet:-1","max-image-preview":"max-image-preview:large","max-video-preview":"max-video-preview:-1"},"canonical":"https:\/\/helloproject.es\/vigilancia\/un-analisis-genomico-revela-los-cambios-que-marcaron-a-los-europeos-durante-la-caida-del-imperio-romano\/","og_locale":"es_ES","og_type":"article","og_title":"Un an\u00e1lisis gen\u00f3mico revela los cambios que marcaron a los europeos durante la ca\u00edda del Imperio romano","og_description":"En Europa Central, despu\u00e9s del colapso del Imperio Romano de Occidente, se observaron importantes cambios demogr\u00e1ficos en las estructuras familiares. Esta \u00e9poca fue testigo del surgimiento de nuevas sociedades a trav\u00e9s de la fusi\u00f3n de grupos gen\u00e9ticamente distintos, un proceso que dio forma a un panorama gen\u00e9tico similar al que ocurre en la actualidad en [&hellip;]","og_url":"https:\/\/helloproject.es\/vigilancia\/un-analisis-genomico-revela-los-cambios-que-marcaron-a-los-europeos-durante-la-caida-del-imperio-romano\/","og_site_name":"bip4ex","article_published_time":"2026-04-29T15:28:04+00:00","og_image":[{"url":"https:\/\/www.agenciasinc.es\/bundles\/app\/images\/quotebefore.png","type":"","width":"","height":""}],"author":"Luis Miguel Mej\u00edas Ramos","twitter_card":"summary_large_image","twitter_misc":{"Escrito por":"Luis Miguel Mej\u00edas Ramos","Tiempo de lectura":"5 minutos"},"schema":{"@context":"https:\/\/schema.org","@graph":[{"@type":"Article","@id":"https:\/\/helloproject.es\/vigilancia\/un-analisis-genomico-revela-los-cambios-que-marcaron-a-los-europeos-durante-la-caida-del-imperio-romano\/#article","isPartOf":{"@id":"https:\/\/helloproject.es\/vigilancia\/un-analisis-genomico-revela-los-cambios-que-marcaron-a-los-europeos-durante-la-caida-del-imperio-romano\/"},"author":{"name":"Luis Miguel Mej\u00edas Ramos","@id":"https:\/\/helloproject.es\/vigilancia\/#\/schema\/person\/3767b0619d59a11570372c821f8619ca"},"headline":"Un an\u00e1lisis gen\u00f3mico revela los cambios que marcaron a los europeos durante la ca\u00edda del Imperio romano","datePublished":"2026-04-29T15:28:04+00:00","mainEntityOfPage":{"@id":"https:\/\/helloproject.es\/vigilancia\/un-analisis-genomico-revela-los-cambios-que-marcaron-a-los-europeos-durante-la-caida-del-imperio-romano\/"},"wordCount":1111,"publisher":{"@id":"https:\/\/helloproject.es\/vigilancia\/#organization"},"image":{"@id":"https:\/\/helloproject.es\/vigilancia\/un-analisis-genomico-revela-los-cambios-que-marcaron-a-los-europeos-durante-la-caida-del-imperio-romano\/#primaryimage"},"thumbnailUrl":"https:\/\/www.agenciasinc.es\/bundles\/app\/images\/quotebefore.png","articleSection":["Noticias"],"inLanguage":"es"},{"@type":"WebPage","@id":"https:\/\/helloproject.es\/vigilancia\/un-analisis-genomico-revela-los-cambios-que-marcaron-a-los-europeos-durante-la-caida-del-imperio-romano\/","url":"https:\/\/helloproject.es\/vigilancia\/un-analisis-genomico-revela-los-cambios-que-marcaron-a-los-europeos-durante-la-caida-del-imperio-romano\/","name":"Un an\u00e1lisis gen\u00f3mico revela los cambios que marcaron a los europeos durante la ca\u00edda del Imperio romano - bip4ex","isPartOf":{"@id":"https:\/\/helloproject.es\/vigilancia\/#website"},"primaryImageOfPage":{"@id":"https:\/\/helloproject.es\/vigilancia\/un-analisis-genomico-revela-los-cambios-que-marcaron-a-los-europeos-durante-la-caida-del-imperio-romano\/#primaryimage"},"image":{"@id":"https:\/\/helloproject.es\/vigilancia\/un-analisis-genomico-revela-los-cambios-que-marcaron-a-los-europeos-durante-la-caida-del-imperio-romano\/#primaryimage"},"thumbnailUrl":"https:\/\/www.agenciasinc.es\/bundles\/app\/images\/quotebefore.png","datePublished":"2026-04-29T15:28:04+00:00","breadcrumb":{"@id":"https:\/\/helloproject.es\/vigilancia\/un-analisis-genomico-revela-los-cambios-que-marcaron-a-los-europeos-durante-la-caida-del-imperio-romano\/#breadcrumb"},"inLanguage":"es","potentialAction":[{"@type":"ReadAction","target":["https:\/\/helloproject.es\/vigilancia\/un-analisis-genomico-revela-los-cambios-que-marcaron-a-los-europeos-durante-la-caida-del-imperio-romano\/"]}]},{"@type":"ImageObject","inLanguage":"es","@id":"https:\/\/helloproject.es\/vigilancia\/un-analisis-genomico-revela-los-cambios-que-marcaron-a-los-europeos-durante-la-caida-del-imperio-romano\/#primaryimage","url":"https:\/\/www.agenciasinc.es\/bundles\/app\/images\/quotebefore.png","contentUrl":"https:\/\/www.agenciasinc.es\/bundles\/app\/images\/quotebefore.png"},{"@type":"BreadcrumbList","@id":"https:\/\/helloproject.es\/vigilancia\/un-analisis-genomico-revela-los-cambios-que-marcaron-a-los-europeos-durante-la-caida-del-imperio-romano\/#breadcrumb","itemListElement":[{"@type":"ListItem","position":1,"name":"Home","item":"https:\/\/helloproject.es\/vigilancia\/"},{"@type":"ListItem","position":2,"name":"Un an\u00e1lisis gen\u00f3mico revela los cambios que marcaron a los europeos durante la ca\u00edda del Imperio romano"}]},{"@type":"WebSite","@id":"https:\/\/helloproject.es\/vigilancia\/#website","url":"https:\/\/helloproject.es\/vigilancia\/","name":"bip4ex","description":"Vigilancia Tecnol\u00f3gica","publisher":{"@id":"https:\/\/helloproject.es\/vigilancia\/#organization"},"potentialAction":[{"@type":"SearchAction","target":{"@type":"EntryPoint","urlTemplate":"https:\/\/helloproject.es\/vigilancia\/?s={search_term_string}"},"query-input":{"@type":"PropertyValueSpecification","valueRequired":true,"valueName":"search_term_string"}}],"inLanguage":"es"},{"@type":"Organization","@id":"https:\/\/helloproject.es\/vigilancia\/#organization","name":"Helloproject.es","url":"https:\/\/helloproject.es\/vigilancia\/","logo":{"@type":"ImageObject","inLanguage":"es","@id":"https:\/\/helloproject.es\/vigilancia\/#\/schema\/logo\/image\/","url":"https:\/\/helloproject.es\/vigilancia\/wp-content\/uploads\/2023\/07\/bip4ex.png","contentUrl":"https:\/\/helloproject.es\/vigilancia\/wp-content\/uploads\/2023\/07\/bip4ex.png","width":322,"height":365,"caption":"Helloproject.es"},"image":{"@id":"https:\/\/helloproject.es\/vigilancia\/#\/schema\/logo\/image\/"}},{"@type":"Person","@id":"https:\/\/helloproject.es\/vigilancia\/#\/schema\/person\/3767b0619d59a11570372c821f8619ca","name":"Luis Miguel Mej\u00edas Ramos","url":"https:\/\/helloproject.es\/vigilancia\/author\/luismi\/"}]}},"_links":{"self":[{"href":"https:\/\/helloproject.es\/vigilancia\/wp-json\/wp\/v2\/posts\/203678","targetHints":{"allow":["GET"]}}],"collection":[{"href":"https:\/\/helloproject.es\/vigilancia\/wp-json\/wp\/v2\/posts"}],"about":[{"href":"https:\/\/helloproject.es\/vigilancia\/wp-json\/wp\/v2\/types\/post"}],"author":[{"embeddable":true,"href":"https:\/\/helloproject.es\/vigilancia\/wp-json\/wp\/v2\/users\/5"}],"replies":[{"embeddable":true,"href":"https:\/\/helloproject.es\/vigilancia\/wp-json\/wp\/v2\/comments?post=203678"}],"version-history":[{"count":0,"href":"https:\/\/helloproject.es\/vigilancia\/wp-json\/wp\/v2\/posts\/203678\/revisions"}],"wp:attachment":[{"href":"https:\/\/helloproject.es\/vigilancia\/wp-json\/wp\/v2\/media?parent=203678"}],"wp:term":[{"taxonomy":"category","embeddable":true,"href":"https:\/\/helloproject.es\/vigilancia\/wp-json\/wp\/v2\/categories?post=203678"},{"taxonomy":"post_tag","embeddable":true,"href":"https:\/\/helloproject.es\/vigilancia\/wp-json\/wp\/v2\/tags?post=203678"}],"curies":[{"name":"wp","href":"https:\/\/api.w.org\/{rel}","templated":true}]}}