{"id":203697,"date":"2026-04-30T07:28:23","date_gmt":"2026-04-30T06:28:23","guid":{"rendered":"https:\/\/helloproject.es\/vigilancia\/el-ozono-generado-por-incendios-eleva-la-mortalidad-prematura\/"},"modified":"2026-04-30T07:28:23","modified_gmt":"2026-04-30T06:28:23","slug":"el-ozono-generado-por-incendios-eleva-la-mortalidad-prematura","status":"publish","type":"post","link":"https:\/\/helloproject.es\/vigilancia\/el-ozono-generado-por-incendios-eleva-la-mortalidad-prematura\/","title":{"rendered":"El ozono generado por incendios eleva la mortalidad prematura"},"content":{"rendered":"<p>Un estudio publicado en Science Advances revela que el humo de incendios forestales no solo incrementa las part\u00edculas finas (PM2.5), sino que tambi\u00e9n eleva de forma significativa las concentraciones de ozono troposf\u00e9rico (O3), con consecuencias relevantes para la salud p\u00fablica en Estados Unidos.<\/p>\n<p>La investigaci\u00f3n, liderada por Yangmingkai Li, cient\u00edfico de la Universidad de Stony Brook en Nueva York, analiza datos del conjunto del pa\u00eds norteamericano entre 2006 y 2023 mediante modelos de aprendizaje autom\u00e1tico que combinan observaciones satelitales y mediciones en superficie.<\/p>\n<p>\u201cUno de los desaf\u00edos es que no existe una \u2018verdad de referencia\u2019 para la contaminaci\u00f3n por humo de incendios forestales con la que comparar los niveles de ozono. Por ello, es necesario recurrir a alg\u00fan tipo de modelo para estimar escenarios. En este estudio utilizamos uno de aprendizaje autom\u00e1tico basado en datos. Este modelo nos permite estimar cu\u00e1les habr\u00edan sido los niveles de ozono en d\u00edas afectados por humo en ausencia de este, y la diferencia nos da la contribuci\u00f3n atribuible al humo\u201d, dice Li a SINC.<\/p>\n<p><img decoding=\"async\" src=\"https:\/\/www.agenciasinc.es\/bundles\/app\/images\/quotebefore.png\" \/><\/p>\n<p>Existen d\u00e9cadas de investigaci\u00f3n que establecen los efectos de la contaminaci\u00f3n por ozono en la mortalidad, y esto se ha utilizado en\u00a0decisiones regulatorias\u00a0en EE UU y en todo el mundo<\/p>\n<p>Yangmingkai Li, Universidad de Stony Brook<br \/>\n<img decoding=\"async\" src=\"https:\/\/www.agenciasinc.es\/bundles\/app\/images\/quoteafter.png\" \/><\/p>\n<p>El trabajo demuestra que durante episodios de humo el ozono puede aumentar hasta 6,9 partes por mil millones, lo que supone un incremento medio del 16 % respecto a d\u00edas sin \u00e9l en determinados puntos del pa\u00eds.<\/p>\n<p>                        <a href=\"https:\/\/www.agenciasinc.es\/Reportajes\/Respirar-el-humo-de-los-incendios-un-problema-emergente-de-salud-publica\"><br \/>\n                            <img decoding=\"async\" src=\"https:\/\/cdn.agenciasinc.es\/var\/ezwebin_site\/storage\/images\/reportajes\/respirar-el-humo-de-los-incendios-un-problema-emergente-de-salud-publica\/12366589-6-esl-MX\/Respirar-el-humo-de-los-incendios-un-problema-emergente-de-salud-publica.jpg\" alt=\"Respirar el humo de los incendios, un problema emergente de salud p\u00fablica\" title=\"Respirar el humo de los incendios, un problema emergente de salud p\u00fablica\" class=\"small_fotoderecha_img\" loading=\"lazy\" \/><br \/>\n                        <\/a><\/p>\n<p>                    <a href=\"https:\/\/www.agenciasinc.es\/Reportajes\/Respirar-el-humo-de-los-incendios-un-problema-emergente-de-salud-publica\" class=\"small_fotoderecha_titulo\"><\/a><\/p>\n<h3 class=\"small_fotoderecha_titulo\">Respirar el humo de los incendios, un problema emergente de salud p\u00fablica<\/h3>\n<p>                    <\/p>\n<p>                                                                                                                                                <a href=\"https:\/\/www.agenciasinc.es\/Autor\/Eva-Rodriguez\"><br \/>\n                                        Eva Rodr\u00edguez<br \/>\n                                        <\/a>                                                                                                <\/p>\n<p>\u201cExisten d\u00e9cadas de investigaci\u00f3n que establecen los efectos de la contaminaci\u00f3n por ozono en la mortalidad, y esto se ha utilizado en decisiones regulatorias en EE UU y en todo el mundo, subraya el cient\u00edfico. \u201cNosotros indicamos que la contribuci\u00f3n del humo de incendios forestales al este contaminante (y los impactos en la salud resultantes) ha sido hist\u00f3ricamente subestimada. La mayor\u00eda de los trabajos previos sobre calidad del aire por humo y mortalidad se han centrado en las PM2.5\u201d, indica.<\/p>\n<p><a><\/a><\/p>\n<h2>El ozono sigue su propio patr\u00f3n<\/h2>\n<p>El estudio tambi\u00e9n evidencia una d\u00e9bil correlaci\u00f3n entre el ozono asociado al humo y las concentraciones de PM2.5. Mientras que en condiciones de baja contaminaci\u00f3n ambas variables se relacionan positivamente, esta relaci\u00f3n se debilita e incluso se invierte en episodios de humo intenso.<\/p>\n<p><img decoding=\"async\" src=\"https:\/\/www.agenciasinc.es\/bundles\/app\/images\/quotebefore.png\" \/><\/p>\n<p>Las regiones con mayor ozono asociado al humo son el medio oeste y el sudeste, lo cual difiere bastante de nuestra comprensi\u00f3n de los patrones de incendios forestales y sus efectos sobre la contaminaci\u00f3n por part\u00edculas<\/p>\n<p>Yangmingkai Li<br \/>\n<img decoding=\"async\" src=\"https:\/\/www.agenciasinc.es\/bundles\/app\/images\/quoteafter.png\" \/><\/p>\n<p>Este comportamiento responde a diferencias en los procesos qu\u00edmicos: el ozono depende de reacciones complejas entre precursores como \u00f3xidos de nitr\u00f3geno y compuestos org\u00e1nicos vol\u00e1tiles, adem\u00e1s de las condiciones meteorol\u00f3gicas.<\/p>\n<p>\u201cLas regiones con mayor ozono asociado al humo son el medio oeste y el sudeste, lo cual difiere bastante de nuestra comprensi\u00f3n de los patrones de incendios forestales y sus efectos sobre la contaminaci\u00f3n por part\u00edculas\u201d, se\u00f1ala Li.<\/p>\n<p>                    <img decoding=\"async\" src=\"https:\/\/cdn.agenciasinc.es\/var\/ezwebin_site\/storage\/images\/_aliases\/img_1col\/media\/images\/fires_in_california_-modis_2020-08-21\/12396467-1-esl-MX\/Fires_in_California_-MODIS_2020-08-21.jpg\" alt=\"Mientras los incendios forestales arrasaban en 2018 el norte de California, enormes columnas de humo cubren ciudades y pueblos del valle de San Joaqu\u00edn y del \u00e1rea de la bah\u00eda de San Francisco. \/ Sat\u00e9lite MODIS (NASA)\" \/><\/p>\n<p>Mientras los incendios forestales arrasaban en 2018 el norte de California, enormes columnas de humo cubren ciudades y pueblos del valle de San Joaqu\u00edn y del \u00e1rea de la bah\u00eda de San Francisco. \/ Sat\u00e9lite MODIS (NASA)<\/p>\n<p>    document.addEventListener(\u00abDOMContentLoaded\u00bb, function() {<br \/>\n        var img = document.querySelector(&#8216;.image-container img&#8217;);<br \/>\n        if (img) {<br \/>\n            img.alt = \u00abMientras los incendios forestales arrasaban en 2018 el norte de California, enormes columnas de humo cubren ciudades y pueblos del valle de San Joaqu\u00edn y del \u00e1rea de la bah\u00eda de San Francisco. \/ Sat\u00e9lite MODIS (NASA)\u00bb;<br \/>\n        }<br \/>\n    });<\/p>\n<p><a><\/a><\/p>\n<h2>Impacto sanitario<\/h2>\n<p>El an\u00e1lisis estima adem\u00e1s que este gas asociado al humo provoca unas 2 045 muertes prematuras anuales de media en el periodo estudiado.<\/p>\n<p>\u201cLas personas mayores est\u00e1n particularmente en riesgo, ya que estamos analizando resultados de mortalidad y es esta franja de poblaci\u00f3n es la m\u00e1s susceptible a los efectos cardiovasculares y respiratorios de la exposici\u00f3n al ozono\u201d, comenta el investigador.<\/p>\n<p>En 2023, la mortalidad atribuida al ozono generado por incendios lleg\u00f3 a representar m\u00e1s del 60 % de la asociada a las part\u00edculas finas procedentes del mismo origen. Adem\u00e1s, la tendencia es creciente.<\/p>\n<p><img decoding=\"async\" src=\"https:\/\/www.agenciasinc.es\/bundles\/app\/images\/quotebefore.png\" \/><\/p>\n<p>Esperamos que la contaminaci\u00f3n por este contaminante contin\u00fae aumentando debido a incendios forestales m\u00e1s frecuentes.<\/p>\n<p>Yangmingkai Li<br \/>\n<img decoding=\"async\" src=\"https:\/\/www.agenciasinc.es\/bundles\/app\/images\/quoteafter.png\" \/><\/p>\n<p>\u201cPrevemos que la contaminaci\u00f3n por este contaminante contin\u00fae aumentando debido a incendios forestales m\u00e1s frecuentes. El incremento de la actividad de estos fuegos constituye ahora un mecanismo adicional a trav\u00e9s del cual puede aumentar la contaminaci\u00f3n por ozono y la mortalidad\u201d, explica Li.<\/p>\n<p>Esto implica que la carga sanitaria asociada al ozono derivado del humo seguir\u00e1 creciendo, con importantes implicaciones para las pol\u00edticas de calidad del aire, la gesti\u00f3n de incendios forestales y la salud p\u00fablica.<\/p>\n<p>                    <img decoding=\"async\" src=\"https:\/\/cdn.agenciasinc.es\/var\/ezwebin_site\/storage\/images\/_aliases\/img_1col\/media\/images\/aec2903_figure_fig1_seq1_v1-1\/12396500-1-esl-MX\/aec2903_Figure_fig1_seq1_v1-1.jpg\" alt=\"Las concentraciones de O\u2083 en superficie aumentan en los d\u00edas con humo en Estados Unidos. \/ Li et al., Sci. Adv. 12, eaec2903\" \/><\/p>\n<p>Las concentraciones de O\u2083 en superficie aumentan en los d\u00edas con humo en Estados Unidos. \/ Li et al., Sci. Adv. 12, eaec2903<\/p>\n<p>    document.addEventListener(\u00abDOMContentLoaded\u00bb, function() {<br \/>\n        var img = document.querySelector(&#8216;.image-container img&#8217;);<br \/>\n        if (img) {<br \/>\n            img.alt = \u00abLas concentraciones de O\u2083 en superficie aumentan en los d\u00edas con humo en Estados Unidos. \/ Li et al., Sci. Adv. 12, eaec2903\u00bb;<br \/>\n        }<br \/>\n    });<\/p>\n<p><a><\/a><\/p>\n<h2>L\u00edmites legales<\/h2>\n<p>El an\u00e1lisis muestra adem\u00e1s que el humo desempe\u00f1a un papel cada vez m\u00e1s relevante en los episodios en los que se superan los l\u00edmites legales de este gas. Aunque el n\u00famero total de d\u00edas con niveles elevados est\u00e1 disminuyendo, la proporci\u00f3n atribuible al humo aumenta.<\/p>\n<p>Sus resultados sugieren que evaluar \u00fanicamente el PM2.5 puede infraestimar el impacto real del humo sobre la salud. \u201cCreemos que la cuesti\u00f3n clave es establecer un \u00edndice de riesgo que tenga en cuenta m\u00e1s de un tipo de contaminante atmosf\u00e9rico. Depender de un solo contaminante puede llevar a una caracterizaci\u00f3n err\u00f3nea del riesgo real para la salud derivado del humo de incendios forestales\u201d, enfatiza Li.<\/p>\n<p><img decoding=\"async\" src=\"https:\/\/www.agenciasinc.es\/bundles\/app\/images\/quotebefore.png\" \/><\/p>\n<p>Creemos que la cuesti\u00f3n clave es establecer un \u00edndice de riesgo que tenga en cuenta m\u00e1s de un tipo de contaminante atmosf\u00e9rico<\/p>\n<p>Yangmingkai Li<br \/>\n<img decoding=\"async\" src=\"https:\/\/www.agenciasinc.es\/bundles\/app\/images\/quoteafter.png\" \/><\/p>\n<p>En un contexto de cambio clim\u00e1tico, con incendios m\u00e1s frecuentes e intensos, el ozono generado por estos eventos podr\u00eda convertirse en un factor clave en la carga global de enfermedad relacionada con la contaminaci\u00f3n atmosf\u00e9rica.<\/p>\n<p>\u201cEs importante de incorporar expl\u00edcitamente el ozono relacionado con el humo como un componente cr\u00edtico de las evaluaciones de riesgo y de los sistemas de alerta temprana para la contaminaci\u00f3n por humo de incendios\u201d, concluyen.<\/p>\n<p>\u00a0Referencia:<\/p>\n<p>Yangmingkai Li et al. \u201cGrowing impacts of fire smoke on ozone pollution and associated mortality burden in the United States\u201d\u00a0<a href=\"https:\/\/dx.doi.org\/10.1126\/sciadv.aec2903\" target=\"_blank\">Science Advances<\/a><\/p>","protected":false},"excerpt":{"rendered":"<p>Un estudio publicado en Science Advances revela que el humo de incendios forestales no solo incrementa las part\u00edculas finas (PM2.5), sino que tambi\u00e9n eleva de forma significativa las concentraciones de ozono troposf\u00e9rico (O3), con consecuencias relevantes para la salud p\u00fablica en Estados Unidos. La investigaci\u00f3n, liderada por Yangmingkai Li, cient\u00edfico de la Universidad de Stony [&hellip;]<\/p>\n","protected":false},"author":5,"featured_media":0,"comment_status":"","ping_status":"","sticky":false,"template":"","format":"standard","meta":{"site-sidebar-layout":"default","site-content-layout":"","ast-site-content-layout":"default","site-content-style":"default","site-sidebar-style":"default","ast-global-header-display":"","ast-banner-title-visibility":"","ast-main-header-display":"","ast-hfb-above-header-display":"","ast-hfb-below-header-display":"","ast-hfb-mobile-header-display":"","site-post-title":"","ast-breadcrumbs-content":"","ast-featured-img":"","footer-sml-layout":"","ast-disable-related-posts":"","theme-transparent-header-meta":"","adv-header-id-meta":"","stick-header-meta":"","header-above-stick-meta":"","header-main-stick-meta":"","header-below-stick-meta":"","astra-migrate-meta-layouts":"default","ast-page-background-enabled":"default","ast-page-background-meta":{"desktop":{"background-color":"var(--ast-global-color-4)","background-image":"","background-repeat":"repeat","background-position":"center center","background-size":"auto","background-attachment":"scroll","background-type":"","background-media":"","overlay-type":"","overlay-color":"","overlay-opacity":"","overlay-gradient":""},"tablet":{"background-color":"","background-image":"","background-repeat":"repeat","background-position":"center center","background-size":"auto","background-attachment":"scroll","background-type":"","background-media":"","overlay-type":"","overlay-color":"","overlay-opacity":"","overlay-gradient":""},"mobile":{"background-color":"","background-image":"","background-repeat":"repeat","background-position":"center center","background-size":"auto","background-attachment":"scroll","background-type":"","background-media":"","overlay-type":"","overlay-color":"","overlay-opacity":"","overlay-gradient":""}},"ast-content-background-meta":{"desktop":{"background-color":"var(--ast-global-color-5)","background-image":"","background-repeat":"repeat","background-position":"center center","background-size":"auto","background-attachment":"scroll","background-type":"","background-media":"","overlay-type":"","overlay-color":"","overlay-opacity":"","overlay-gradient":""},"tablet":{"background-color":"var(--ast-global-color-5)","background-image":"","background-repeat":"repeat","background-position":"center center","background-size":"auto","background-attachment":"scroll","background-type":"","background-media":"","overlay-type":"","overlay-color":"","overlay-opacity":"","overlay-gradient":""},"mobile":{"background-color":"var(--ast-global-color-5)","background-image":"","background-repeat":"repeat","background-position":"center center","background-size":"auto","background-attachment":"scroll","background-type":"","background-media":"","overlay-type":"","overlay-color":"","overlay-opacity":"","overlay-gradient":""}},"footnotes":""},"categories":[5],"tags":[],"class_list":["post-203697","post","type-post","status-publish","format-standard","hentry","category-noticias"],"yoast_head":"<!-- This site is optimized with the Yoast SEO Premium plugin v20.9 (Yoast SEO v27.4) - https:\/\/yoast.com\/product\/yoast-seo-premium-wordpress\/ -->\n<title>El ozono generado por incendios eleva la mortalidad prematura - bip4ex<\/title>\n<meta name=\"robots\" content=\"index, follow, max-snippet:-1, max-image-preview:large, max-video-preview:-1\" \/>\n<link rel=\"canonical\" href=\"https:\/\/helloproject.es\/vigilancia\/el-ozono-generado-por-incendios-eleva-la-mortalidad-prematura\/\" \/>\n<meta property=\"og:locale\" content=\"es_ES\" \/>\n<meta property=\"og:type\" content=\"article\" \/>\n<meta property=\"og:title\" content=\"El ozono generado por incendios eleva la mortalidad prematura\" \/>\n<meta property=\"og:description\" content=\"Un estudio publicado en Science Advances revela que el humo de incendios forestales no solo incrementa las part\u00edculas finas (PM2.5), sino que tambi\u00e9n eleva de forma significativa las concentraciones de ozono troposf\u00e9rico (O3), con consecuencias relevantes para la salud p\u00fablica en Estados Unidos. La investigaci\u00f3n, liderada por Yangmingkai Li, cient\u00edfico de la Universidad de Stony [&hellip;]\" \/>\n<meta property=\"og:url\" content=\"https:\/\/helloproject.es\/vigilancia\/el-ozono-generado-por-incendios-eleva-la-mortalidad-prematura\/\" \/>\n<meta property=\"og:site_name\" content=\"bip4ex\" \/>\n<meta property=\"article:published_time\" content=\"2026-04-30T06:28:23+00:00\" \/>\n<meta property=\"og:image\" content=\"https:\/\/www.agenciasinc.es\/bundles\/app\/images\/quotebefore.png\" \/>\n<meta name=\"author\" content=\"Luis Miguel Mej\u00edas Ramos\" \/>\n<meta name=\"twitter:card\" content=\"summary_large_image\" \/>\n<meta name=\"twitter:label1\" content=\"Escrito por\" \/>\n\t<meta name=\"twitter:data1\" content=\"Luis Miguel Mej\u00edas Ramos\" \/>\n\t<meta name=\"twitter:label2\" content=\"Tiempo de lectura\" \/>\n\t<meta name=\"twitter:data2\" content=\"6 minutos\" \/>\n<script type=\"application\/ld+json\" class=\"yoast-schema-graph\">{\"@context\":\"https:\\\/\\\/schema.org\",\"@graph\":[{\"@type\":\"Article\",\"@id\":\"https:\\\/\\\/helloproject.es\\\/vigilancia\\\/el-ozono-generado-por-incendios-eleva-la-mortalidad-prematura\\\/#article\",\"isPartOf\":{\"@id\":\"https:\\\/\\\/helloproject.es\\\/vigilancia\\\/el-ozono-generado-por-incendios-eleva-la-mortalidad-prematura\\\/\"},\"author\":{\"name\":\"Luis Miguel Mej\u00edas Ramos\",\"@id\":\"https:\\\/\\\/helloproject.es\\\/vigilancia\\\/#\\\/schema\\\/person\\\/3767b0619d59a11570372c821f8619ca\"},\"headline\":\"El ozono generado por incendios eleva la mortalidad prematura\",\"datePublished\":\"2026-04-30T06:28:23+00:00\",\"mainEntityOfPage\":{\"@id\":\"https:\\\/\\\/helloproject.es\\\/vigilancia\\\/el-ozono-generado-por-incendios-eleva-la-mortalidad-prematura\\\/\"},\"wordCount\":1153,\"publisher\":{\"@id\":\"https:\\\/\\\/helloproject.es\\\/vigilancia\\\/#organization\"},\"image\":{\"@id\":\"https:\\\/\\\/helloproject.es\\\/vigilancia\\\/el-ozono-generado-por-incendios-eleva-la-mortalidad-prematura\\\/#primaryimage\"},\"thumbnailUrl\":\"https:\\\/\\\/www.agenciasinc.es\\\/bundles\\\/app\\\/images\\\/quotebefore.png\",\"articleSection\":[\"Noticias\"],\"inLanguage\":\"es\"},{\"@type\":\"WebPage\",\"@id\":\"https:\\\/\\\/helloproject.es\\\/vigilancia\\\/el-ozono-generado-por-incendios-eleva-la-mortalidad-prematura\\\/\",\"url\":\"https:\\\/\\\/helloproject.es\\\/vigilancia\\\/el-ozono-generado-por-incendios-eleva-la-mortalidad-prematura\\\/\",\"name\":\"El ozono generado por incendios eleva la mortalidad prematura - bip4ex\",\"isPartOf\":{\"@id\":\"https:\\\/\\\/helloproject.es\\\/vigilancia\\\/#website\"},\"primaryImageOfPage\":{\"@id\":\"https:\\\/\\\/helloproject.es\\\/vigilancia\\\/el-ozono-generado-por-incendios-eleva-la-mortalidad-prematura\\\/#primaryimage\"},\"image\":{\"@id\":\"https:\\\/\\\/helloproject.es\\\/vigilancia\\\/el-ozono-generado-por-incendios-eleva-la-mortalidad-prematura\\\/#primaryimage\"},\"thumbnailUrl\":\"https:\\\/\\\/www.agenciasinc.es\\\/bundles\\\/app\\\/images\\\/quotebefore.png\",\"datePublished\":\"2026-04-30T06:28:23+00:00\",\"breadcrumb\":{\"@id\":\"https:\\\/\\\/helloproject.es\\\/vigilancia\\\/el-ozono-generado-por-incendios-eleva-la-mortalidad-prematura\\\/#breadcrumb\"},\"inLanguage\":\"es\",\"potentialAction\":[{\"@type\":\"ReadAction\",\"target\":[\"https:\\\/\\\/helloproject.es\\\/vigilancia\\\/el-ozono-generado-por-incendios-eleva-la-mortalidad-prematura\\\/\"]}]},{\"@type\":\"ImageObject\",\"inLanguage\":\"es\",\"@id\":\"https:\\\/\\\/helloproject.es\\\/vigilancia\\\/el-ozono-generado-por-incendios-eleva-la-mortalidad-prematura\\\/#primaryimage\",\"url\":\"https:\\\/\\\/www.agenciasinc.es\\\/bundles\\\/app\\\/images\\\/quotebefore.png\",\"contentUrl\":\"https:\\\/\\\/www.agenciasinc.es\\\/bundles\\\/app\\\/images\\\/quotebefore.png\"},{\"@type\":\"BreadcrumbList\",\"@id\":\"https:\\\/\\\/helloproject.es\\\/vigilancia\\\/el-ozono-generado-por-incendios-eleva-la-mortalidad-prematura\\\/#breadcrumb\",\"itemListElement\":[{\"@type\":\"ListItem\",\"position\":1,\"name\":\"Home\",\"item\":\"https:\\\/\\\/helloproject.es\\\/vigilancia\\\/\"},{\"@type\":\"ListItem\",\"position\":2,\"name\":\"El ozono generado por incendios eleva la mortalidad prematura\"}]},{\"@type\":\"WebSite\",\"@id\":\"https:\\\/\\\/helloproject.es\\\/vigilancia\\\/#website\",\"url\":\"https:\\\/\\\/helloproject.es\\\/vigilancia\\\/\",\"name\":\"bip4ex\",\"description\":\"Vigilancia Tecnol\u00f3gica\",\"publisher\":{\"@id\":\"https:\\\/\\\/helloproject.es\\\/vigilancia\\\/#organization\"},\"potentialAction\":[{\"@type\":\"SearchAction\",\"target\":{\"@type\":\"EntryPoint\",\"urlTemplate\":\"https:\\\/\\\/helloproject.es\\\/vigilancia\\\/?s={search_term_string}\"},\"query-input\":{\"@type\":\"PropertyValueSpecification\",\"valueRequired\":true,\"valueName\":\"search_term_string\"}}],\"inLanguage\":\"es\"},{\"@type\":\"Organization\",\"@id\":\"https:\\\/\\\/helloproject.es\\\/vigilancia\\\/#organization\",\"name\":\"Helloproject.es\",\"url\":\"https:\\\/\\\/helloproject.es\\\/vigilancia\\\/\",\"logo\":{\"@type\":\"ImageObject\",\"inLanguage\":\"es\",\"@id\":\"https:\\\/\\\/helloproject.es\\\/vigilancia\\\/#\\\/schema\\\/logo\\\/image\\\/\",\"url\":\"https:\\\/\\\/helloproject.es\\\/vigilancia\\\/wp-content\\\/uploads\\\/2023\\\/07\\\/bip4ex.png\",\"contentUrl\":\"https:\\\/\\\/helloproject.es\\\/vigilancia\\\/wp-content\\\/uploads\\\/2023\\\/07\\\/bip4ex.png\",\"width\":322,\"height\":365,\"caption\":\"Helloproject.es\"},\"image\":{\"@id\":\"https:\\\/\\\/helloproject.es\\\/vigilancia\\\/#\\\/schema\\\/logo\\\/image\\\/\"}},{\"@type\":\"Person\",\"@id\":\"https:\\\/\\\/helloproject.es\\\/vigilancia\\\/#\\\/schema\\\/person\\\/3767b0619d59a11570372c821f8619ca\",\"name\":\"Luis Miguel Mej\u00edas Ramos\",\"url\":\"https:\\\/\\\/helloproject.es\\\/vigilancia\\\/author\\\/luismi\\\/\"}]}<\/script>\n<!-- \/ Yoast SEO Premium plugin. -->","yoast_head_json":{"title":"El ozono generado por incendios eleva la mortalidad prematura - bip4ex","robots":{"index":"index","follow":"follow","max-snippet":"max-snippet:-1","max-image-preview":"max-image-preview:large","max-video-preview":"max-video-preview:-1"},"canonical":"https:\/\/helloproject.es\/vigilancia\/el-ozono-generado-por-incendios-eleva-la-mortalidad-prematura\/","og_locale":"es_ES","og_type":"article","og_title":"El ozono generado por incendios eleva la mortalidad prematura","og_description":"Un estudio publicado en Science Advances revela que el humo de incendios forestales no solo incrementa las part\u00edculas finas (PM2.5), sino que tambi\u00e9n eleva de forma significativa las concentraciones de ozono troposf\u00e9rico (O3), con consecuencias relevantes para la salud p\u00fablica en Estados Unidos. La investigaci\u00f3n, liderada por Yangmingkai Li, cient\u00edfico de la Universidad de Stony [&hellip;]","og_url":"https:\/\/helloproject.es\/vigilancia\/el-ozono-generado-por-incendios-eleva-la-mortalidad-prematura\/","og_site_name":"bip4ex","article_published_time":"2026-04-30T06:28:23+00:00","og_image":[{"url":"https:\/\/www.agenciasinc.es\/bundles\/app\/images\/quotebefore.png","type":"","width":"","height":""}],"author":"Luis Miguel Mej\u00edas Ramos","twitter_card":"summary_large_image","twitter_misc":{"Escrito por":"Luis Miguel Mej\u00edas Ramos","Tiempo de lectura":"6 minutos"},"schema":{"@context":"https:\/\/schema.org","@graph":[{"@type":"Article","@id":"https:\/\/helloproject.es\/vigilancia\/el-ozono-generado-por-incendios-eleva-la-mortalidad-prematura\/#article","isPartOf":{"@id":"https:\/\/helloproject.es\/vigilancia\/el-ozono-generado-por-incendios-eleva-la-mortalidad-prematura\/"},"author":{"name":"Luis Miguel Mej\u00edas Ramos","@id":"https:\/\/helloproject.es\/vigilancia\/#\/schema\/person\/3767b0619d59a11570372c821f8619ca"},"headline":"El ozono generado por incendios eleva la mortalidad prematura","datePublished":"2026-04-30T06:28:23+00:00","mainEntityOfPage":{"@id":"https:\/\/helloproject.es\/vigilancia\/el-ozono-generado-por-incendios-eleva-la-mortalidad-prematura\/"},"wordCount":1153,"publisher":{"@id":"https:\/\/helloproject.es\/vigilancia\/#organization"},"image":{"@id":"https:\/\/helloproject.es\/vigilancia\/el-ozono-generado-por-incendios-eleva-la-mortalidad-prematura\/#primaryimage"},"thumbnailUrl":"https:\/\/www.agenciasinc.es\/bundles\/app\/images\/quotebefore.png","articleSection":["Noticias"],"inLanguage":"es"},{"@type":"WebPage","@id":"https:\/\/helloproject.es\/vigilancia\/el-ozono-generado-por-incendios-eleva-la-mortalidad-prematura\/","url":"https:\/\/helloproject.es\/vigilancia\/el-ozono-generado-por-incendios-eleva-la-mortalidad-prematura\/","name":"El ozono generado por incendios eleva la mortalidad prematura - bip4ex","isPartOf":{"@id":"https:\/\/helloproject.es\/vigilancia\/#website"},"primaryImageOfPage":{"@id":"https:\/\/helloproject.es\/vigilancia\/el-ozono-generado-por-incendios-eleva-la-mortalidad-prematura\/#primaryimage"},"image":{"@id":"https:\/\/helloproject.es\/vigilancia\/el-ozono-generado-por-incendios-eleva-la-mortalidad-prematura\/#primaryimage"},"thumbnailUrl":"https:\/\/www.agenciasinc.es\/bundles\/app\/images\/quotebefore.png","datePublished":"2026-04-30T06:28:23+00:00","breadcrumb":{"@id":"https:\/\/helloproject.es\/vigilancia\/el-ozono-generado-por-incendios-eleva-la-mortalidad-prematura\/#breadcrumb"},"inLanguage":"es","potentialAction":[{"@type":"ReadAction","target":["https:\/\/helloproject.es\/vigilancia\/el-ozono-generado-por-incendios-eleva-la-mortalidad-prematura\/"]}]},{"@type":"ImageObject","inLanguage":"es","@id":"https:\/\/helloproject.es\/vigilancia\/el-ozono-generado-por-incendios-eleva-la-mortalidad-prematura\/#primaryimage","url":"https:\/\/www.agenciasinc.es\/bundles\/app\/images\/quotebefore.png","contentUrl":"https:\/\/www.agenciasinc.es\/bundles\/app\/images\/quotebefore.png"},{"@type":"BreadcrumbList","@id":"https:\/\/helloproject.es\/vigilancia\/el-ozono-generado-por-incendios-eleva-la-mortalidad-prematura\/#breadcrumb","itemListElement":[{"@type":"ListItem","position":1,"name":"Home","item":"https:\/\/helloproject.es\/vigilancia\/"},{"@type":"ListItem","position":2,"name":"El ozono generado por incendios eleva la mortalidad prematura"}]},{"@type":"WebSite","@id":"https:\/\/helloproject.es\/vigilancia\/#website","url":"https:\/\/helloproject.es\/vigilancia\/","name":"bip4ex","description":"Vigilancia Tecnol\u00f3gica","publisher":{"@id":"https:\/\/helloproject.es\/vigilancia\/#organization"},"potentialAction":[{"@type":"SearchAction","target":{"@type":"EntryPoint","urlTemplate":"https:\/\/helloproject.es\/vigilancia\/?s={search_term_string}"},"query-input":{"@type":"PropertyValueSpecification","valueRequired":true,"valueName":"search_term_string"}}],"inLanguage":"es"},{"@type":"Organization","@id":"https:\/\/helloproject.es\/vigilancia\/#organization","name":"Helloproject.es","url":"https:\/\/helloproject.es\/vigilancia\/","logo":{"@type":"ImageObject","inLanguage":"es","@id":"https:\/\/helloproject.es\/vigilancia\/#\/schema\/logo\/image\/","url":"https:\/\/helloproject.es\/vigilancia\/wp-content\/uploads\/2023\/07\/bip4ex.png","contentUrl":"https:\/\/helloproject.es\/vigilancia\/wp-content\/uploads\/2023\/07\/bip4ex.png","width":322,"height":365,"caption":"Helloproject.es"},"image":{"@id":"https:\/\/helloproject.es\/vigilancia\/#\/schema\/logo\/image\/"}},{"@type":"Person","@id":"https:\/\/helloproject.es\/vigilancia\/#\/schema\/person\/3767b0619d59a11570372c821f8619ca","name":"Luis Miguel Mej\u00edas Ramos","url":"https:\/\/helloproject.es\/vigilancia\/author\/luismi\/"}]}},"_links":{"self":[{"href":"https:\/\/helloproject.es\/vigilancia\/wp-json\/wp\/v2\/posts\/203697","targetHints":{"allow":["GET"]}}],"collection":[{"href":"https:\/\/helloproject.es\/vigilancia\/wp-json\/wp\/v2\/posts"}],"about":[{"href":"https:\/\/helloproject.es\/vigilancia\/wp-json\/wp\/v2\/types\/post"}],"author":[{"embeddable":true,"href":"https:\/\/helloproject.es\/vigilancia\/wp-json\/wp\/v2\/users\/5"}],"replies":[{"embeddable":true,"href":"https:\/\/helloproject.es\/vigilancia\/wp-json\/wp\/v2\/comments?post=203697"}],"version-history":[{"count":0,"href":"https:\/\/helloproject.es\/vigilancia\/wp-json\/wp\/v2\/posts\/203697\/revisions"}],"wp:attachment":[{"href":"https:\/\/helloproject.es\/vigilancia\/wp-json\/wp\/v2\/media?parent=203697"}],"wp:term":[{"taxonomy":"category","embeddable":true,"href":"https:\/\/helloproject.es\/vigilancia\/wp-json\/wp\/v2\/categories?post=203697"},{"taxonomy":"post_tag","embeddable":true,"href":"https:\/\/helloproject.es\/vigilancia\/wp-json\/wp\/v2\/tags?post=203697"}],"curies":[{"name":"wp","href":"https:\/\/api.w.org\/{rel}","templated":true}]}}