{"id":203704,"date":"2026-04-30T10:28:04","date_gmt":"2026-04-30T09:28:04","guid":{"rendered":"https:\/\/helloproject.es\/vigilancia\/muere-craig-venter-padre-del-genoma-humano-a-los-79-anos\/"},"modified":"2026-04-30T10:28:04","modified_gmt":"2026-04-30T09:28:04","slug":"muere-craig-venter-padre-del-genoma-humano-a-los-79-anos","status":"publish","type":"post","link":"https:\/\/helloproject.es\/vigilancia\/muere-craig-venter-padre-del-genoma-humano-a-los-79-anos\/","title":{"rendered":"Muere Craig Venter, \u2018padre\u2019 del genoma humano, a los 79 a\u00f1os"},"content":{"rendered":"<p>El cient\u00edfico estadounidense Craig Venter, pionero mundial de la gen\u00f3mica y uno de los principales impulsores de la secuencia completa del genoma humano, ha fallecido en San Diego (Estados Unidos) a los 79 a\u00f1os tras una complicaci\u00f3n del c\u00e1ncer del que hab\u00eda sido diagnosticado recientemente.<\/p>\n<p>Venter fue un l\u00edder cient\u00edfico visionario cuyo trabajo contribuy\u00f3 a definir la gen\u00f3mica moderna e impuls\u00f3 el campo de la biolog\u00eda sint\u00e9tica<\/p>\n<p>El Instituto J. Crag Venter (JCVI), que el cient\u00edfico estadounidense fund\u00f3 y todav\u00eda dirig\u00eda, ha confirmado su fallecimiento en la p\u00e1gina web de esta instituci\u00f3n, dedicada a la investigaci\u00f3n sin fines de lucro y al avance de la ciencia de la gen\u00f3mica, la comprensi\u00f3n de sus implicaciones para la sociedad y la comunicaci\u00f3n de estos resultados a la comunidad cient\u00edfica, el p\u00fablico y los responsables pol\u00edticos.<\/p>\n<p>El investigador fue galardonado con el Premio Pr\u00edncipe de Asturias de Investigaci\u00f3n Cient\u00edfica y T\u00e9cnica en 2001, junto a otros pioneros del genoma humano (John Sulston, Francis Collins, Hamilton Smith y Jean Weissenbach), un reconocimiento por su papel fundamental en la secuenciaci\u00f3n y mapa del genoma humano, liderando la investigaci\u00f3n privada a trav\u00e9s de Celera Genomics.<\/p>\n<p>Venter, se\u00f1ala el JCVI en su p\u00e1gina web, fue un l\u00edder cient\u00edfico visionario cuyo trabajo contribuy\u00f3 a definir la gen\u00f3mica moderna e impuls\u00f3 el campo de la biolog\u00eda sint\u00e9tica, impuls\u00f3 el cambio cient\u00edfico y tecnol\u00f3gico mediante la creaci\u00f3n de equipos interdisciplinarios, el fomento de ideas audaces y m\u00e9todos m\u00e1s r\u00e1pidos, e insisti\u00f3 en que los descubrimientos deb\u00edan tener un impacto real en el mundo.<\/p>\n<p>                        <a href=\"https:\/\/www.agenciasinc.es\/Noticias\/Sintetizan-la-celula-minima-con-solo-473-genes-necesarios-para-la-vida\"><br \/>\n                            <img decoding=\"async\" src=\"https:\/\/cdn.agenciasinc.es\/var\/ezwebin_site\/storage\/images\/en-exclusiva\/programados\/sintetizan-la-celula-minima-con-solo-473-genes-necesarios-para-la-vida\/5660435-1-esl-MX\/Sintetizan-la-celula-minima-con-solo-473-genes-necesarios-para-la-vida.jpg\" alt=\"Sintetizan la \u2018c\u00e9lula m\u00ednima\u2019 con solo 473 genes necesarios para la vida\" title=\"Sintetizan la \u2018c\u00e9lula m\u00ednima\u2019 con solo 473 genes necesarios para la vida\" class=\"small_fotoderecha_img\" loading=\"lazy\" \/><br \/>\n                        <\/a><\/p>\n<p>                    <a href=\"https:\/\/www.agenciasinc.es\/Noticias\/Sintetizan-la-celula-minima-con-solo-473-genes-necesarios-para-la-vida\" class=\"small_fotoderecha_titulo\"><\/a><\/p>\n<h3 class=\"small_fotoderecha_titulo\">Sintetizan la \u2018c\u00e9lula m\u00ednima\u2019 con solo 473 genes necesarios para la vida<\/h3>\n<p>                    <\/p>\n<p>                                SINC<\/p>\n<p><a><\/a><\/p>\n<h2>Defensor de la ciencia colaborativa<\/h2>\n<p>Fue adem\u00e1s durante toda su carrera un firme defensor de una s\u00f3lida financiaci\u00f3n federal para la ciencia y de las colaboraciones que aceleran el progreso entre el gobierno, la academia y la industria.<\/p>\n<p>Craig Venter y sus equipos lograron un hito al construir la primera c\u00e9lula bacteriana autorreplicante controlada por un genoma sintetizado qu\u00edmicamente<\/p>\n<p>A lo largo de su carrera, Craig Venter contribuy\u00f3 a que la gen\u00f3mica pasara de un descubrimiento lento, gen por gen, a una ciencia escalable basada en datos, y luego ayud\u00f3 a dar el siguiente paso: demostrar que los genomas pod\u00edan dise\u00f1arse y construirse.<\/p>\n<p>En los Institutos Nacionales de la Salud ayud\u00f3 a ser pionero en el descubrimiento de genes mediante\u00a0\u2018etiquetas de secuencias expresadas\u2019\u00a0(EST), lo que permiti\u00f3 la identificaci\u00f3n r\u00e1pida de un gran n\u00famero de genes humanos y aceler\u00f3 los esfuerzos de mapeo del genoma.<\/p>\n<p>                    <a href=\"https:\/\/www.agenciasinc.es\/Noticias\/La-vida-sintetica-puede-ser-la-solucion-a-los-problemas-del-planeta\" class=\"small_fotoderecha_titulo\"><\/a><\/p>\n<h3 class=\"small_fotoderecha_titulo\">\u00abLa vida sint\u00e9tica puede ser la soluci\u00f3n a los problemas del planeta\u00bb<\/h3>\n<p>                    <\/p>\n<p>                                SINC | Dubl\u00edn<\/p>\n<p>\u201cCraig cre\u00eda que la ciencia avanza cuando las personas est\u00e1n dispuestas a pensar de forma diferente, a actuar con decisi\u00f3n y a construir lo que a\u00fan no existe\u201d, ha asegurado Anders Dale, presidente de JCVI, en la web del Instituto, y ha valorado que su liderazgo y visi\u00f3n transformaron la gen\u00f3mica y contribuyeron a impulsar la biolog\u00eda sint\u00e9tica.<\/p>\n<p>En el campo de la biolog\u00eda sint\u00e9tica, Craig Venter y sus equipos lograron un hito al construir la primera c\u00e9lula bacteriana autorreplicante controlada por un genoma sintetizado qu\u00edmicamente, lo que demuestra, ha subrayado el JCVI, que los genomas pueden dise\u00f1arse digitalmente, construirse a partir de componentes qu\u00edmicos y \u2018activarse\u2019 para controlar una c\u00e9lula viva.<\/p>\n<p>El investigador se dedic\u00f3 tambi\u00e9n al descubrimiento cient\u00edfico a escala global, y gracias a la Expedici\u00f3n de Muestreo Oce\u00e1nico Global Sorcerer II, sus equipos utilizaron la metagen\u00f3mica para revelar una extraordinaria diversidad microbiana, informando del descubrimiento de millones de genes nuevos y ampliando el universo conocido de familias de prote\u00ednas; un trabajo que profundiz\u00f3 la comprensi\u00f3n del microbioma oce\u00e1nico y su papel en los sistemas planetarios, ha destacado el mismo Instituto estadounidense.<\/p>","protected":false},"excerpt":{"rendered":"<p>El cient\u00edfico estadounidense Craig Venter, pionero mundial de la gen\u00f3mica y uno de los principales impulsores de la secuencia completa del genoma humano, ha fallecido en San Diego (Estados Unidos) a los 79 a\u00f1os tras una complicaci\u00f3n del c\u00e1ncer del que hab\u00eda sido diagnosticado recientemente. Venter fue un l\u00edder cient\u00edfico visionario cuyo trabajo contribuy\u00f3 a [&hellip;]<\/p>\n","protected":false},"author":5,"featured_media":0,"comment_status":"","ping_status":"","sticky":false,"template":"","format":"standard","meta":{"site-sidebar-layout":"default","site-content-layout":"","ast-site-content-layout":"default","site-content-style":"default","site-sidebar-style":"default","ast-global-header-display":"","ast-banner-title-visibility":"","ast-main-header-display":"","ast-hfb-above-header-display":"","ast-hfb-below-header-display":"","ast-hfb-mobile-header-display":"","site-post-title":"","ast-breadcrumbs-content":"","ast-featured-img":"","footer-sml-layout":"","ast-disable-related-posts":"","theme-transparent-header-meta":"","adv-header-id-meta":"","stick-header-meta":"","header-above-stick-meta":"","header-main-stick-meta":"","header-below-stick-meta":"","astra-migrate-meta-layouts":"default","ast-page-background-enabled":"default","ast-page-background-meta":{"desktop":{"background-color":"var(--ast-global-color-4)","background-image":"","background-repeat":"repeat","background-position":"center center","background-size":"auto","background-attachment":"scroll","background-type":"","background-media":"","overlay-type":"","overlay-color":"","overlay-opacity":"","overlay-gradient":""},"tablet":{"background-color":"","background-image":"","background-repeat":"repeat","background-position":"center center","background-size":"auto","background-attachment":"scroll","background-type":"","background-media":"","overlay-type":"","overlay-color":"","overlay-opacity":"","overlay-gradient":""},"mobile":{"background-color":"","background-image":"","background-repeat":"repeat","background-position":"center center","background-size":"auto","background-attachment":"scroll","background-type":"","background-media":"","overlay-type":"","overlay-color":"","overlay-opacity":"","overlay-gradient":""}},"ast-content-background-meta":{"desktop":{"background-color":"var(--ast-global-color-5)","background-image":"","background-repeat":"repeat","background-position":"center center","background-size":"auto","background-attachment":"scroll","background-type":"","background-media":"","overlay-type":"","overlay-color":"","overlay-opacity":"","overlay-gradient":""},"tablet":{"background-color":"var(--ast-global-color-5)","background-image":"","background-repeat":"repeat","background-position":"center center","background-size":"auto","background-attachment":"scroll","background-type":"","background-media":"","overlay-type":"","overlay-color":"","overlay-opacity":"","overlay-gradient":""},"mobile":{"background-color":"var(--ast-global-color-5)","background-image":"","background-repeat":"repeat","background-position":"center center","background-size":"auto","background-attachment":"scroll","background-type":"","background-media":"","overlay-type":"","overlay-color":"","overlay-opacity":"","overlay-gradient":""}},"footnotes":""},"categories":[5],"tags":[],"class_list":["post-203704","post","type-post","status-publish","format-standard","hentry","category-noticias"],"yoast_head":"<!-- This site is optimized with the Yoast SEO Premium plugin v20.9 (Yoast SEO v27.4) - https:\/\/yoast.com\/product\/yoast-seo-premium-wordpress\/ -->\n<title>Muere Craig Venter, \u2018padre\u2019 del genoma humano, a los 79 a\u00f1os - bip4ex<\/title>\n<meta name=\"robots\" content=\"index, follow, max-snippet:-1, max-image-preview:large, max-video-preview:-1\" \/>\n<link rel=\"canonical\" href=\"https:\/\/helloproject.es\/vigilancia\/muere-craig-venter-padre-del-genoma-humano-a-los-79-anos\/\" \/>\n<meta property=\"og:locale\" content=\"es_ES\" \/>\n<meta property=\"og:type\" content=\"article\" \/>\n<meta property=\"og:title\" content=\"Muere Craig Venter, \u2018padre\u2019 del genoma humano, a los 79 a\u00f1os\" \/>\n<meta property=\"og:description\" content=\"El cient\u00edfico estadounidense Craig Venter, pionero mundial de la gen\u00f3mica y uno de los principales impulsores de la secuencia completa del genoma humano, ha fallecido en San Diego (Estados Unidos) a los 79 a\u00f1os tras una complicaci\u00f3n del c\u00e1ncer del que hab\u00eda sido diagnosticado recientemente. Venter fue un l\u00edder cient\u00edfico visionario cuyo trabajo contribuy\u00f3 a [&hellip;]\" \/>\n<meta property=\"og:url\" content=\"https:\/\/helloproject.es\/vigilancia\/muere-craig-venter-padre-del-genoma-humano-a-los-79-anos\/\" \/>\n<meta property=\"og:site_name\" content=\"bip4ex\" \/>\n<meta property=\"article:published_time\" content=\"2026-04-30T09:28:04+00:00\" \/>\n<meta property=\"og:image\" content=\"https:\/\/cdn.agenciasinc.es\/var\/ezwebin_site\/storage\/images\/en-exclusiva\/programados\/sintetizan-la-celula-minima-con-solo-473-genes-necesarios-para-la-vida\/5660435-1-esl-MX\/Sintetizan-la-celula-minima-con-solo-473-genes-necesarios-para-la-vida.jpg\" \/>\n<meta name=\"author\" content=\"Luis Miguel Mej\u00edas Ramos\" \/>\n<meta name=\"twitter:card\" content=\"summary_large_image\" \/>\n<meta name=\"twitter:label1\" content=\"Escrito por\" \/>\n\t<meta name=\"twitter:data1\" content=\"Luis Miguel Mej\u00edas Ramos\" \/>\n\t<meta name=\"twitter:label2\" content=\"Tiempo de lectura\" \/>\n\t<meta name=\"twitter:data2\" content=\"3 minutos\" \/>\n<script type=\"application\/ld+json\" class=\"yoast-schema-graph\">{\"@context\":\"https:\\\/\\\/schema.org\",\"@graph\":[{\"@type\":\"Article\",\"@id\":\"https:\\\/\\\/helloproject.es\\\/vigilancia\\\/muere-craig-venter-padre-del-genoma-humano-a-los-79-anos\\\/#article\",\"isPartOf\":{\"@id\":\"https:\\\/\\\/helloproject.es\\\/vigilancia\\\/muere-craig-venter-padre-del-genoma-humano-a-los-79-anos\\\/\"},\"author\":{\"name\":\"Luis Miguel Mej\u00edas Ramos\",\"@id\":\"https:\\\/\\\/helloproject.es\\\/vigilancia\\\/#\\\/schema\\\/person\\\/3767b0619d59a11570372c821f8619ca\"},\"headline\":\"Muere Craig Venter, \u2018padre\u2019 del genoma humano, a los 79 a\u00f1os\",\"datePublished\":\"2026-04-30T09:28:04+00:00\",\"mainEntityOfPage\":{\"@id\":\"https:\\\/\\\/helloproject.es\\\/vigilancia\\\/muere-craig-venter-padre-del-genoma-humano-a-los-79-anos\\\/\"},\"wordCount\":701,\"publisher\":{\"@id\":\"https:\\\/\\\/helloproject.es\\\/vigilancia\\\/#organization\"},\"image\":{\"@id\":\"https:\\\/\\\/helloproject.es\\\/vigilancia\\\/muere-craig-venter-padre-del-genoma-humano-a-los-79-anos\\\/#primaryimage\"},\"thumbnailUrl\":\"https:\\\/\\\/cdn.agenciasinc.es\\\/var\\\/ezwebin_site\\\/storage\\\/images\\\/en-exclusiva\\\/programados\\\/sintetizan-la-celula-minima-con-solo-473-genes-necesarios-para-la-vida\\\/5660435-1-esl-MX\\\/Sintetizan-la-celula-minima-con-solo-473-genes-necesarios-para-la-vida.jpg\",\"articleSection\":[\"Noticias\"],\"inLanguage\":\"es\"},{\"@type\":\"WebPage\",\"@id\":\"https:\\\/\\\/helloproject.es\\\/vigilancia\\\/muere-craig-venter-padre-del-genoma-humano-a-los-79-anos\\\/\",\"url\":\"https:\\\/\\\/helloproject.es\\\/vigilancia\\\/muere-craig-venter-padre-del-genoma-humano-a-los-79-anos\\\/\",\"name\":\"Muere Craig Venter, \u2018padre\u2019 del genoma humano, a los 79 a\u00f1os - bip4ex\",\"isPartOf\":{\"@id\":\"https:\\\/\\\/helloproject.es\\\/vigilancia\\\/#website\"},\"primaryImageOfPage\":{\"@id\":\"https:\\\/\\\/helloproject.es\\\/vigilancia\\\/muere-craig-venter-padre-del-genoma-humano-a-los-79-anos\\\/#primaryimage\"},\"image\":{\"@id\":\"https:\\\/\\\/helloproject.es\\\/vigilancia\\\/muere-craig-venter-padre-del-genoma-humano-a-los-79-anos\\\/#primaryimage\"},\"thumbnailUrl\":\"https:\\\/\\\/cdn.agenciasinc.es\\\/var\\\/ezwebin_site\\\/storage\\\/images\\\/en-exclusiva\\\/programados\\\/sintetizan-la-celula-minima-con-solo-473-genes-necesarios-para-la-vida\\\/5660435-1-esl-MX\\\/Sintetizan-la-celula-minima-con-solo-473-genes-necesarios-para-la-vida.jpg\",\"datePublished\":\"2026-04-30T09:28:04+00:00\",\"breadcrumb\":{\"@id\":\"https:\\\/\\\/helloproject.es\\\/vigilancia\\\/muere-craig-venter-padre-del-genoma-humano-a-los-79-anos\\\/#breadcrumb\"},\"inLanguage\":\"es\",\"potentialAction\":[{\"@type\":\"ReadAction\",\"target\":[\"https:\\\/\\\/helloproject.es\\\/vigilancia\\\/muere-craig-venter-padre-del-genoma-humano-a-los-79-anos\\\/\"]}]},{\"@type\":\"ImageObject\",\"inLanguage\":\"es\",\"@id\":\"https:\\\/\\\/helloproject.es\\\/vigilancia\\\/muere-craig-venter-padre-del-genoma-humano-a-los-79-anos\\\/#primaryimage\",\"url\":\"https:\\\/\\\/cdn.agenciasinc.es\\\/var\\\/ezwebin_site\\\/storage\\\/images\\\/en-exclusiva\\\/programados\\\/sintetizan-la-celula-minima-con-solo-473-genes-necesarios-para-la-vida\\\/5660435-1-esl-MX\\\/Sintetizan-la-celula-minima-con-solo-473-genes-necesarios-para-la-vida.jpg\",\"contentUrl\":\"https:\\\/\\\/cdn.agenciasinc.es\\\/var\\\/ezwebin_site\\\/storage\\\/images\\\/en-exclusiva\\\/programados\\\/sintetizan-la-celula-minima-con-solo-473-genes-necesarios-para-la-vida\\\/5660435-1-esl-MX\\\/Sintetizan-la-celula-minima-con-solo-473-genes-necesarios-para-la-vida.jpg\"},{\"@type\":\"BreadcrumbList\",\"@id\":\"https:\\\/\\\/helloproject.es\\\/vigilancia\\\/muere-craig-venter-padre-del-genoma-humano-a-los-79-anos\\\/#breadcrumb\",\"itemListElement\":[{\"@type\":\"ListItem\",\"position\":1,\"name\":\"Home\",\"item\":\"https:\\\/\\\/helloproject.es\\\/vigilancia\\\/\"},{\"@type\":\"ListItem\",\"position\":2,\"name\":\"Muere Craig Venter, \u2018padre\u2019 del genoma humano, a los 79 a\u00f1os\"}]},{\"@type\":\"WebSite\",\"@id\":\"https:\\\/\\\/helloproject.es\\\/vigilancia\\\/#website\",\"url\":\"https:\\\/\\\/helloproject.es\\\/vigilancia\\\/\",\"name\":\"bip4ex\",\"description\":\"Vigilancia Tecnol\u00f3gica\",\"publisher\":{\"@id\":\"https:\\\/\\\/helloproject.es\\\/vigilancia\\\/#organization\"},\"potentialAction\":[{\"@type\":\"SearchAction\",\"target\":{\"@type\":\"EntryPoint\",\"urlTemplate\":\"https:\\\/\\\/helloproject.es\\\/vigilancia\\\/?s={search_term_string}\"},\"query-input\":{\"@type\":\"PropertyValueSpecification\",\"valueRequired\":true,\"valueName\":\"search_term_string\"}}],\"inLanguage\":\"es\"},{\"@type\":\"Organization\",\"@id\":\"https:\\\/\\\/helloproject.es\\\/vigilancia\\\/#organization\",\"name\":\"Helloproject.es\",\"url\":\"https:\\\/\\\/helloproject.es\\\/vigilancia\\\/\",\"logo\":{\"@type\":\"ImageObject\",\"inLanguage\":\"es\",\"@id\":\"https:\\\/\\\/helloproject.es\\\/vigilancia\\\/#\\\/schema\\\/logo\\\/image\\\/\",\"url\":\"https:\\\/\\\/helloproject.es\\\/vigilancia\\\/wp-content\\\/uploads\\\/2023\\\/07\\\/bip4ex.png\",\"contentUrl\":\"https:\\\/\\\/helloproject.es\\\/vigilancia\\\/wp-content\\\/uploads\\\/2023\\\/07\\\/bip4ex.png\",\"width\":322,\"height\":365,\"caption\":\"Helloproject.es\"},\"image\":{\"@id\":\"https:\\\/\\\/helloproject.es\\\/vigilancia\\\/#\\\/schema\\\/logo\\\/image\\\/\"}},{\"@type\":\"Person\",\"@id\":\"https:\\\/\\\/helloproject.es\\\/vigilancia\\\/#\\\/schema\\\/person\\\/3767b0619d59a11570372c821f8619ca\",\"name\":\"Luis Miguel Mej\u00edas Ramos\",\"url\":\"https:\\\/\\\/helloproject.es\\\/vigilancia\\\/author\\\/luismi\\\/\"}]}<\/script>\n<!-- \/ Yoast SEO Premium plugin. -->","yoast_head_json":{"title":"Muere Craig Venter, \u2018padre\u2019 del genoma humano, a los 79 a\u00f1os - bip4ex","robots":{"index":"index","follow":"follow","max-snippet":"max-snippet:-1","max-image-preview":"max-image-preview:large","max-video-preview":"max-video-preview:-1"},"canonical":"https:\/\/helloproject.es\/vigilancia\/muere-craig-venter-padre-del-genoma-humano-a-los-79-anos\/","og_locale":"es_ES","og_type":"article","og_title":"Muere Craig Venter, \u2018padre\u2019 del genoma humano, a los 79 a\u00f1os","og_description":"El cient\u00edfico estadounidense Craig Venter, pionero mundial de la gen\u00f3mica y uno de los principales impulsores de la secuencia completa del genoma humano, ha fallecido en San Diego (Estados Unidos) a los 79 a\u00f1os tras una complicaci\u00f3n del c\u00e1ncer del que hab\u00eda sido diagnosticado recientemente. Venter fue un l\u00edder cient\u00edfico visionario cuyo trabajo contribuy\u00f3 a [&hellip;]","og_url":"https:\/\/helloproject.es\/vigilancia\/muere-craig-venter-padre-del-genoma-humano-a-los-79-anos\/","og_site_name":"bip4ex","article_published_time":"2026-04-30T09:28:04+00:00","og_image":[{"url":"https:\/\/cdn.agenciasinc.es\/var\/ezwebin_site\/storage\/images\/en-exclusiva\/programados\/sintetizan-la-celula-minima-con-solo-473-genes-necesarios-para-la-vida\/5660435-1-esl-MX\/Sintetizan-la-celula-minima-con-solo-473-genes-necesarios-para-la-vida.jpg","type":"","width":"","height":""}],"author":"Luis Miguel Mej\u00edas Ramos","twitter_card":"summary_large_image","twitter_misc":{"Escrito por":"Luis Miguel Mej\u00edas Ramos","Tiempo de lectura":"3 minutos"},"schema":{"@context":"https:\/\/schema.org","@graph":[{"@type":"Article","@id":"https:\/\/helloproject.es\/vigilancia\/muere-craig-venter-padre-del-genoma-humano-a-los-79-anos\/#article","isPartOf":{"@id":"https:\/\/helloproject.es\/vigilancia\/muere-craig-venter-padre-del-genoma-humano-a-los-79-anos\/"},"author":{"name":"Luis Miguel Mej\u00edas Ramos","@id":"https:\/\/helloproject.es\/vigilancia\/#\/schema\/person\/3767b0619d59a11570372c821f8619ca"},"headline":"Muere Craig Venter, \u2018padre\u2019 del genoma humano, a los 79 a\u00f1os","datePublished":"2026-04-30T09:28:04+00:00","mainEntityOfPage":{"@id":"https:\/\/helloproject.es\/vigilancia\/muere-craig-venter-padre-del-genoma-humano-a-los-79-anos\/"},"wordCount":701,"publisher":{"@id":"https:\/\/helloproject.es\/vigilancia\/#organization"},"image":{"@id":"https:\/\/helloproject.es\/vigilancia\/muere-craig-venter-padre-del-genoma-humano-a-los-79-anos\/#primaryimage"},"thumbnailUrl":"https:\/\/cdn.agenciasinc.es\/var\/ezwebin_site\/storage\/images\/en-exclusiva\/programados\/sintetizan-la-celula-minima-con-solo-473-genes-necesarios-para-la-vida\/5660435-1-esl-MX\/Sintetizan-la-celula-minima-con-solo-473-genes-necesarios-para-la-vida.jpg","articleSection":["Noticias"],"inLanguage":"es"},{"@type":"WebPage","@id":"https:\/\/helloproject.es\/vigilancia\/muere-craig-venter-padre-del-genoma-humano-a-los-79-anos\/","url":"https:\/\/helloproject.es\/vigilancia\/muere-craig-venter-padre-del-genoma-humano-a-los-79-anos\/","name":"Muere Craig Venter, \u2018padre\u2019 del genoma humano, a los 79 a\u00f1os - bip4ex","isPartOf":{"@id":"https:\/\/helloproject.es\/vigilancia\/#website"},"primaryImageOfPage":{"@id":"https:\/\/helloproject.es\/vigilancia\/muere-craig-venter-padre-del-genoma-humano-a-los-79-anos\/#primaryimage"},"image":{"@id":"https:\/\/helloproject.es\/vigilancia\/muere-craig-venter-padre-del-genoma-humano-a-los-79-anos\/#primaryimage"},"thumbnailUrl":"https:\/\/cdn.agenciasinc.es\/var\/ezwebin_site\/storage\/images\/en-exclusiva\/programados\/sintetizan-la-celula-minima-con-solo-473-genes-necesarios-para-la-vida\/5660435-1-esl-MX\/Sintetizan-la-celula-minima-con-solo-473-genes-necesarios-para-la-vida.jpg","datePublished":"2026-04-30T09:28:04+00:00","breadcrumb":{"@id":"https:\/\/helloproject.es\/vigilancia\/muere-craig-venter-padre-del-genoma-humano-a-los-79-anos\/#breadcrumb"},"inLanguage":"es","potentialAction":[{"@type":"ReadAction","target":["https:\/\/helloproject.es\/vigilancia\/muere-craig-venter-padre-del-genoma-humano-a-los-79-anos\/"]}]},{"@type":"ImageObject","inLanguage":"es","@id":"https:\/\/helloproject.es\/vigilancia\/muere-craig-venter-padre-del-genoma-humano-a-los-79-anos\/#primaryimage","url":"https:\/\/cdn.agenciasinc.es\/var\/ezwebin_site\/storage\/images\/en-exclusiva\/programados\/sintetizan-la-celula-minima-con-solo-473-genes-necesarios-para-la-vida\/5660435-1-esl-MX\/Sintetizan-la-celula-minima-con-solo-473-genes-necesarios-para-la-vida.jpg","contentUrl":"https:\/\/cdn.agenciasinc.es\/var\/ezwebin_site\/storage\/images\/en-exclusiva\/programados\/sintetizan-la-celula-minima-con-solo-473-genes-necesarios-para-la-vida\/5660435-1-esl-MX\/Sintetizan-la-celula-minima-con-solo-473-genes-necesarios-para-la-vida.jpg"},{"@type":"BreadcrumbList","@id":"https:\/\/helloproject.es\/vigilancia\/muere-craig-venter-padre-del-genoma-humano-a-los-79-anos\/#breadcrumb","itemListElement":[{"@type":"ListItem","position":1,"name":"Home","item":"https:\/\/helloproject.es\/vigilancia\/"},{"@type":"ListItem","position":2,"name":"Muere Craig Venter, \u2018padre\u2019 del genoma humano, a los 79 a\u00f1os"}]},{"@type":"WebSite","@id":"https:\/\/helloproject.es\/vigilancia\/#website","url":"https:\/\/helloproject.es\/vigilancia\/","name":"bip4ex","description":"Vigilancia Tecnol\u00f3gica","publisher":{"@id":"https:\/\/helloproject.es\/vigilancia\/#organization"},"potentialAction":[{"@type":"SearchAction","target":{"@type":"EntryPoint","urlTemplate":"https:\/\/helloproject.es\/vigilancia\/?s={search_term_string}"},"query-input":{"@type":"PropertyValueSpecification","valueRequired":true,"valueName":"search_term_string"}}],"inLanguage":"es"},{"@type":"Organization","@id":"https:\/\/helloproject.es\/vigilancia\/#organization","name":"Helloproject.es","url":"https:\/\/helloproject.es\/vigilancia\/","logo":{"@type":"ImageObject","inLanguage":"es","@id":"https:\/\/helloproject.es\/vigilancia\/#\/schema\/logo\/image\/","url":"https:\/\/helloproject.es\/vigilancia\/wp-content\/uploads\/2023\/07\/bip4ex.png","contentUrl":"https:\/\/helloproject.es\/vigilancia\/wp-content\/uploads\/2023\/07\/bip4ex.png","width":322,"height":365,"caption":"Helloproject.es"},"image":{"@id":"https:\/\/helloproject.es\/vigilancia\/#\/schema\/logo\/image\/"}},{"@type":"Person","@id":"https:\/\/helloproject.es\/vigilancia\/#\/schema\/person\/3767b0619d59a11570372c821f8619ca","name":"Luis Miguel Mej\u00edas Ramos","url":"https:\/\/helloproject.es\/vigilancia\/author\/luismi\/"}]}},"_links":{"self":[{"href":"https:\/\/helloproject.es\/vigilancia\/wp-json\/wp\/v2\/posts\/203704","targetHints":{"allow":["GET"]}}],"collection":[{"href":"https:\/\/helloproject.es\/vigilancia\/wp-json\/wp\/v2\/posts"}],"about":[{"href":"https:\/\/helloproject.es\/vigilancia\/wp-json\/wp\/v2\/types\/post"}],"author":[{"embeddable":true,"href":"https:\/\/helloproject.es\/vigilancia\/wp-json\/wp\/v2\/users\/5"}],"replies":[{"embeddable":true,"href":"https:\/\/helloproject.es\/vigilancia\/wp-json\/wp\/v2\/comments?post=203704"}],"version-history":[{"count":0,"href":"https:\/\/helloproject.es\/vigilancia\/wp-json\/wp\/v2\/posts\/203704\/revisions"}],"wp:attachment":[{"href":"https:\/\/helloproject.es\/vigilancia\/wp-json\/wp\/v2\/media?parent=203704"}],"wp:term":[{"taxonomy":"category","embeddable":true,"href":"https:\/\/helloproject.es\/vigilancia\/wp-json\/wp\/v2\/categories?post=203704"},{"taxonomy":"post_tag","embeddable":true,"href":"https:\/\/helloproject.es\/vigilancia\/wp-json\/wp\/v2\/tags?post=203704"}],"curies":[{"name":"wp","href":"https:\/\/api.w.org\/{rel}","templated":true}]}}