{"id":21736,"date":"2025-01-20T11:28:54","date_gmt":"2025-01-20T10:28:54","guid":{"rendered":"https:\/\/helloproject.es\/vigilancia\/alimentos-de-palencia-estara-en-sirha-lyon-2025-una-de-las-ferias-mas-importantes-de-europa\/"},"modified":"2025-01-20T11:28:54","modified_gmt":"2025-01-20T10:28:54","slug":"alimentos-de-palencia-estara-en-sirha-lyon-2025-una-de-las-ferias-mas-importantes-de-europa","status":"publish","type":"post","link":"https:\/\/helloproject.es\/vigilancia\/alimentos-de-palencia-estara-en-sirha-lyon-2025-una-de-las-ferias-mas-importantes-de-europa\/","title":{"rendered":"Alimentos de Palencia estar\u00e1 en Sirha Lyon 2025, una de las ferias m\u00e1s importantes de Europa"},"content":{"rendered":"<p><span>Alimentos de Palencia estar\u00e1 en Sirha Lyon 2025, una de las ferias m\u00e1s importantes de Europa<\/span><\/p>\n<div>\n<div>Fecha de noticia<\/div>\n<div>Lunes, 20 de Enero de 2025\n<\/div>\n<\/div>\n<p><span><span>prensa<\/span><\/span><br \/>\n<span>Lun, 20\/01\/2025 &#8211; 10:28<br \/>\n<\/span><\/p>\n<div>La presidenta de la Diputaci\u00f3n viajar\u00e1 hasta Lyon (Francia) para respaldar la presencia por primera vez de Alimentos de Palencia en la Feria de Alimentaci\u00f3n Sirha Lyon 2025, una de las m\u00e1s importantes que se celebran en Europa<\/div>\n<div>\n<ul>\n<li>\n<p class=\"text-align-justify\"><span lang=\"ES-TRAD\"><\/span><span lang=\"ES-TRAD\"><strong>\u00c1ngeles Armis\u00e9n<\/strong> acudir\u00e1 al evento ferial junto al\u00a0diputado de Desarrollo Socioecon\u00f3mico, <strong>Francisco P\u00e9rez<\/strong>, y la diputada de Cultura, Carolina Valbuena.<\/span><\/p>\n<p class=\"text-align-justify\"><span lang=\"ES-TRAD\"><\/span><\/p>\n<\/li>\n<li>\n<p class=\"text-align-justify\"><span lang=\"ES-TRAD\">La Diputaci\u00f3n dispondr\u00e1 de <strong>un stand de 24 metros cuadrados para dar cabida a cuatro productores: Merpac\u00edfico, Selectos de Castilla, Cascajares y Valle de San Juan.<\/strong><\/span><\/p>\n<\/li>\n<\/ul>\n<p><span lang=\"ES-TRAD\"><\/span><\/p>\n<ul>\n<li>\n<p class=\"text-align-justify\"><span lang=\"ES-TRAD\"><\/span><span lang=\"ES-TRAD\">La Diputaci\u00f3n de Palencia acude por primera vez a este evento, junto a su marca de Calidad Alimentos de Palencia, <strong>de la mano de FIAB<\/strong> (Federaci\u00f3n Espa\u00f1ola de Industrias de Alimentaci\u00f3n y Bebidas) en un <strong>pabell\u00f3n agrupado junto con otras diputaciones provinciales<\/strong>: Almer\u00eda y Soria.<\/span><\/p>\n<\/li>\n<\/ul>\n<p><span lang=\"ES-TRAD\"><\/span><\/p>\n<ul>\n<li>\n<p class=\"text-align-justify\"><span lang=\"ES-TRAD\"><\/span><span lang=\"ES-TRAD\">Sirha Lyon es una feria bianual que se celebrar\u00e1 en Lyon del 23 al 27 de enero de 2025 y que cuenta con una <strong>gran relevancia internacional dentro de la industria alimentaria<\/strong>. Con una superficie de 146.000 metros cuadrados, <strong>en su \u00faltima edici\u00f3n de 2023 reuni\u00f3 a 4.700 exportadores y 208.393 visitantes.<\/strong><\/span><\/p>\n<p class=\"text-align-justify\"><span lang=\"ES-TRAD\"><\/span><\/p>\n<\/li>\n<li>\n<p class=\"text-align-justify\"><span lang=\"ES-TRAD\">El jueves 23, la presidenta y los diputados realizar\u00e1n una\u00a0<\/span><span><strong>visita guiada<\/strong> de la mano de FIAB por el pabell\u00f3n <strong>agrupado con asistencia del consejero de Agricultura, Pesca y Alimentaci\u00f3n de Espa\u00f1a en Francia, Miguel \u00c1ngel Riesgo.<\/strong><\/span><\/p>\n<\/li>\n<li>\n<p class=\"text-align-justify\"><span>El recorrido incluye visitas a <strong>espacios internacionales donde poder mantener contactos comerciales<\/strong>, lo que supone una <strong>oportunidad de gran valor para dar a conocer nuestros productos y abrir nuevos mercados<\/strong>.<\/span><\/p>\n<\/li>\n<li>\n<p class=\"text-align-justify\"><span lang=\"ES-TRAD\"><\/span><span>Adem\u00e1s, durante toda la feria los <strong>productores realizar\u00e1n catas y presentaciones de sus productos<\/strong>, as\u00ed como mantendr\u00e1n encuentro comerciales que ya est\u00e1n programados en sus agendas.<\/span><span lang=\"ES-TRAD\"><\/span><\/p>\n<p class=\"text-align-justify\"><strong><span lang=\"ES-TRAD\"><\/span><\/strong><\/p>\n<\/li>\n<\/ul>\n<\/div>","protected":false},"excerpt":{"rendered":"<p>Alimentos de Palencia estar\u00e1 en Sirha Lyon 2025, una de las ferias m\u00e1s importantes de Europa Fecha de noticia Lunes, 20 de Enero de 2025 prensa Lun, 20\/01\/2025 &#8211; 10:28 La presidenta de la Diputaci\u00f3n viajar\u00e1 hasta Lyon (Francia) para respaldar la presencia por primera vez de Alimentos de Palencia en la Feria de Alimentaci\u00f3n [&hellip;]<\/p>\n","protected":false},"author":5,"featured_media":0,"comment_status":"","ping_status":"","sticky":false,"template":"","format":"standard","meta":{"site-sidebar-layout":"default","site-content-layout":"","ast-site-content-layout":"default","site-content-style":"default","site-sidebar-style":"default","ast-global-header-display":"","ast-banner-title-visibility":"","ast-main-header-display":"","ast-hfb-above-header-display":"","ast-hfb-below-header-display":"","ast-hfb-mobile-header-display":"","site-post-title":"","ast-breadcrumbs-content":"","ast-featured-img":"","footer-sml-layout":"","ast-disable-related-posts":"","theme-transparent-header-meta":"","adv-header-id-meta":"","stick-header-meta":"","header-above-stick-meta":"","header-main-stick-meta":"","header-below-stick-meta":"","astra-migrate-meta-layouts":"default","ast-page-background-enabled":"default","ast-page-background-meta":{"desktop":{"background-color":"var(--ast-global-color-4)","background-image":"","background-repeat":"repeat","background-position":"center center","background-size":"auto","background-attachment":"scroll","background-type":"","background-media":"","overlay-type":"","overlay-color":"","overlay-opacity":"","overlay-gradient":""},"tablet":{"background-color":"","background-image":"","background-repeat":"repeat","background-position":"center center","background-size":"auto","background-attachment":"scroll","background-type":"","background-media":"","overlay-type":"","overlay-color":"","overlay-opacity":"","overlay-gradient":""},"mobile":{"background-color":"","background-image":"","background-repeat":"repeat","background-position":"center center","background-size":"auto","background-attachment":"scroll","background-type":"","background-media":"","overlay-type":"","overlay-color":"","overlay-opacity":"","overlay-gradient":""}},"ast-content-background-meta":{"desktop":{"background-color":"var(--ast-global-color-5)","background-image":"","background-repeat":"repeat","background-position":"center center","background-size":"auto","background-attachment":"scroll","background-type":"","background-media":"","overlay-type":"","overlay-color":"","overlay-opacity":"","overlay-gradient":""},"tablet":{"background-color":"var(--ast-global-color-5)","background-image":"","background-repeat":"repeat","background-position":"center center","background-size":"auto","background-attachment":"scroll","background-type":"","background-media":"","overlay-type":"","overlay-color":"","overlay-opacity":"","overlay-gradient":""},"mobile":{"background-color":"var(--ast-global-color-5)","background-image":"","background-repeat":"repeat","background-position":"center center","background-size":"auto","background-attachment":"scroll","background-type":"","background-media":"","overlay-type":"","overlay-color":"","overlay-opacity":"","overlay-gradient":""}},"footnotes":""},"categories":[5],"tags":[],"class_list":["post-21736","post","type-post","status-publish","format-standard","hentry","category-noticias"],"yoast_head":"<!-- This site is optimized with the Yoast SEO Premium plugin v20.9 (Yoast SEO v27.4) - https:\/\/yoast.com\/product\/yoast-seo-premium-wordpress\/ -->\n<title>Alimentos de Palencia estar\u00e1 en Sirha Lyon 2025, una de las ferias m\u00e1s importantes de Europa - bip4ex<\/title>\n<meta name=\"robots\" content=\"index, follow, max-snippet:-1, max-image-preview:large, max-video-preview:-1\" \/>\n<link rel=\"canonical\" href=\"https:\/\/helloproject.es\/vigilancia\/alimentos-de-palencia-estara-en-sirha-lyon-2025-una-de-las-ferias-mas-importantes-de-europa\/\" \/>\n<meta property=\"og:locale\" content=\"es_ES\" \/>\n<meta property=\"og:type\" content=\"article\" \/>\n<meta property=\"og:title\" content=\"Alimentos de Palencia estar\u00e1 en Sirha Lyon 2025, una de las ferias m\u00e1s importantes de Europa\" \/>\n<meta property=\"og:description\" content=\"Alimentos de Palencia estar\u00e1 en Sirha Lyon 2025, una de las ferias m\u00e1s importantes de Europa Fecha de noticia Lunes, 20 de Enero de 2025 prensa Lun, 20\/01\/2025 &#8211; 10:28 La presidenta de la Diputaci\u00f3n viajar\u00e1 hasta Lyon (Francia) para respaldar la presencia por primera vez de Alimentos de Palencia en la Feria de Alimentaci\u00f3n [&hellip;]\" \/>\n<meta property=\"og:url\" content=\"https:\/\/helloproject.es\/vigilancia\/alimentos-de-palencia-estara-en-sirha-lyon-2025-una-de-las-ferias-mas-importantes-de-europa\/\" \/>\n<meta property=\"og:site_name\" content=\"bip4ex\" \/>\n<meta property=\"article:published_time\" content=\"2025-01-20T10:28:54+00:00\" \/>\n<meta name=\"author\" content=\"Luis Miguel Mej\u00edas Ramos\" \/>\n<meta name=\"twitter:card\" content=\"summary_large_image\" \/>\n<meta name=\"twitter:label1\" content=\"Escrito por\" \/>\n\t<meta name=\"twitter:data1\" content=\"Luis Miguel Mej\u00edas Ramos\" \/>\n\t<meta name=\"twitter:label2\" content=\"Tiempo de lectura\" \/>\n\t<meta name=\"twitter:data2\" content=\"2 minutos\" \/>\n<script type=\"application\/ld+json\" class=\"yoast-schema-graph\">{\"@context\":\"https:\\\/\\\/schema.org\",\"@graph\":[{\"@type\":\"Article\",\"@id\":\"https:\\\/\\\/helloproject.es\\\/vigilancia\\\/alimentos-de-palencia-estara-en-sirha-lyon-2025-una-de-las-ferias-mas-importantes-de-europa\\\/#article\",\"isPartOf\":{\"@id\":\"https:\\\/\\\/helloproject.es\\\/vigilancia\\\/alimentos-de-palencia-estara-en-sirha-lyon-2025-una-de-las-ferias-mas-importantes-de-europa\\\/\"},\"author\":{\"name\":\"Luis Miguel Mej\u00edas Ramos\",\"@id\":\"https:\\\/\\\/helloproject.es\\\/vigilancia\\\/#\\\/schema\\\/person\\\/3767b0619d59a11570372c821f8619ca\"},\"headline\":\"Alimentos de Palencia estar\u00e1 en Sirha Lyon 2025, una de las ferias m\u00e1s importantes de Europa\",\"datePublished\":\"2025-01-20T10:28:54+00:00\",\"mainEntityOfPage\":{\"@id\":\"https:\\\/\\\/helloproject.es\\\/vigilancia\\\/alimentos-de-palencia-estara-en-sirha-lyon-2025-una-de-las-ferias-mas-importantes-de-europa\\\/\"},\"wordCount\":330,\"publisher\":{\"@id\":\"https:\\\/\\\/helloproject.es\\\/vigilancia\\\/#organization\"},\"articleSection\":[\"Noticias\"],\"inLanguage\":\"es\"},{\"@type\":\"WebPage\",\"@id\":\"https:\\\/\\\/helloproject.es\\\/vigilancia\\\/alimentos-de-palencia-estara-en-sirha-lyon-2025-una-de-las-ferias-mas-importantes-de-europa\\\/\",\"url\":\"https:\\\/\\\/helloproject.es\\\/vigilancia\\\/alimentos-de-palencia-estara-en-sirha-lyon-2025-una-de-las-ferias-mas-importantes-de-europa\\\/\",\"name\":\"Alimentos de Palencia estar\u00e1 en Sirha Lyon 2025, una de las ferias m\u00e1s importantes de Europa - bip4ex\",\"isPartOf\":{\"@id\":\"https:\\\/\\\/helloproject.es\\\/vigilancia\\\/#website\"},\"datePublished\":\"2025-01-20T10:28:54+00:00\",\"breadcrumb\":{\"@id\":\"https:\\\/\\\/helloproject.es\\\/vigilancia\\\/alimentos-de-palencia-estara-en-sirha-lyon-2025-una-de-las-ferias-mas-importantes-de-europa\\\/#breadcrumb\"},\"inLanguage\":\"es\",\"potentialAction\":[{\"@type\":\"ReadAction\",\"target\":[\"https:\\\/\\\/helloproject.es\\\/vigilancia\\\/alimentos-de-palencia-estara-en-sirha-lyon-2025-una-de-las-ferias-mas-importantes-de-europa\\\/\"]}]},{\"@type\":\"BreadcrumbList\",\"@id\":\"https:\\\/\\\/helloproject.es\\\/vigilancia\\\/alimentos-de-palencia-estara-en-sirha-lyon-2025-una-de-las-ferias-mas-importantes-de-europa\\\/#breadcrumb\",\"itemListElement\":[{\"@type\":\"ListItem\",\"position\":1,\"name\":\"Home\",\"item\":\"https:\\\/\\\/helloproject.es\\\/vigilancia\\\/\"},{\"@type\":\"ListItem\",\"position\":2,\"name\":\"Alimentos de Palencia estar\u00e1 en Sirha Lyon 2025, una de las ferias m\u00e1s importantes de Europa\"}]},{\"@type\":\"WebSite\",\"@id\":\"https:\\\/\\\/helloproject.es\\\/vigilancia\\\/#website\",\"url\":\"https:\\\/\\\/helloproject.es\\\/vigilancia\\\/\",\"name\":\"bip4ex\",\"description\":\"Vigilancia Tecnol\u00f3gica\",\"publisher\":{\"@id\":\"https:\\\/\\\/helloproject.es\\\/vigilancia\\\/#organization\"},\"potentialAction\":[{\"@type\":\"SearchAction\",\"target\":{\"@type\":\"EntryPoint\",\"urlTemplate\":\"https:\\\/\\\/helloproject.es\\\/vigilancia\\\/?s={search_term_string}\"},\"query-input\":{\"@type\":\"PropertyValueSpecification\",\"valueRequired\":true,\"valueName\":\"search_term_string\"}}],\"inLanguage\":\"es\"},{\"@type\":\"Organization\",\"@id\":\"https:\\\/\\\/helloproject.es\\\/vigilancia\\\/#organization\",\"name\":\"Helloproject.es\",\"url\":\"https:\\\/\\\/helloproject.es\\\/vigilancia\\\/\",\"logo\":{\"@type\":\"ImageObject\",\"inLanguage\":\"es\",\"@id\":\"https:\\\/\\\/helloproject.es\\\/vigilancia\\\/#\\\/schema\\\/logo\\\/image\\\/\",\"url\":\"https:\\\/\\\/helloproject.es\\\/vigilancia\\\/wp-content\\\/uploads\\\/2023\\\/07\\\/bip4ex.png\",\"contentUrl\":\"https:\\\/\\\/helloproject.es\\\/vigilancia\\\/wp-content\\\/uploads\\\/2023\\\/07\\\/bip4ex.png\",\"width\":322,\"height\":365,\"caption\":\"Helloproject.es\"},\"image\":{\"@id\":\"https:\\\/\\\/helloproject.es\\\/vigilancia\\\/#\\\/schema\\\/logo\\\/image\\\/\"}},{\"@type\":\"Person\",\"@id\":\"https:\\\/\\\/helloproject.es\\\/vigilancia\\\/#\\\/schema\\\/person\\\/3767b0619d59a11570372c821f8619ca\",\"name\":\"Luis Miguel Mej\u00edas Ramos\",\"url\":\"https:\\\/\\\/helloproject.es\\\/vigilancia\\\/author\\\/luismi\\\/\"}]}<\/script>\n<!-- \/ Yoast SEO Premium plugin. -->","yoast_head_json":{"title":"Alimentos de Palencia estar\u00e1 en Sirha Lyon 2025, una de las ferias m\u00e1s importantes de Europa - bip4ex","robots":{"index":"index","follow":"follow","max-snippet":"max-snippet:-1","max-image-preview":"max-image-preview:large","max-video-preview":"max-video-preview:-1"},"canonical":"https:\/\/helloproject.es\/vigilancia\/alimentos-de-palencia-estara-en-sirha-lyon-2025-una-de-las-ferias-mas-importantes-de-europa\/","og_locale":"es_ES","og_type":"article","og_title":"Alimentos de Palencia estar\u00e1 en Sirha Lyon 2025, una de las ferias m\u00e1s importantes de Europa","og_description":"Alimentos de Palencia estar\u00e1 en Sirha Lyon 2025, una de las ferias m\u00e1s importantes de Europa Fecha de noticia Lunes, 20 de Enero de 2025 prensa Lun, 20\/01\/2025 &#8211; 10:28 La presidenta de la Diputaci\u00f3n viajar\u00e1 hasta Lyon (Francia) para respaldar la presencia por primera vez de Alimentos de Palencia en la Feria de Alimentaci\u00f3n [&hellip;]","og_url":"https:\/\/helloproject.es\/vigilancia\/alimentos-de-palencia-estara-en-sirha-lyon-2025-una-de-las-ferias-mas-importantes-de-europa\/","og_site_name":"bip4ex","article_published_time":"2025-01-20T10:28:54+00:00","author":"Luis Miguel Mej\u00edas Ramos","twitter_card":"summary_large_image","twitter_misc":{"Escrito por":"Luis Miguel Mej\u00edas Ramos","Tiempo de lectura":"2 minutos"},"schema":{"@context":"https:\/\/schema.org","@graph":[{"@type":"Article","@id":"https:\/\/helloproject.es\/vigilancia\/alimentos-de-palencia-estara-en-sirha-lyon-2025-una-de-las-ferias-mas-importantes-de-europa\/#article","isPartOf":{"@id":"https:\/\/helloproject.es\/vigilancia\/alimentos-de-palencia-estara-en-sirha-lyon-2025-una-de-las-ferias-mas-importantes-de-europa\/"},"author":{"name":"Luis Miguel Mej\u00edas Ramos","@id":"https:\/\/helloproject.es\/vigilancia\/#\/schema\/person\/3767b0619d59a11570372c821f8619ca"},"headline":"Alimentos de Palencia estar\u00e1 en Sirha Lyon 2025, una de las ferias m\u00e1s importantes de Europa","datePublished":"2025-01-20T10:28:54+00:00","mainEntityOfPage":{"@id":"https:\/\/helloproject.es\/vigilancia\/alimentos-de-palencia-estara-en-sirha-lyon-2025-una-de-las-ferias-mas-importantes-de-europa\/"},"wordCount":330,"publisher":{"@id":"https:\/\/helloproject.es\/vigilancia\/#organization"},"articleSection":["Noticias"],"inLanguage":"es"},{"@type":"WebPage","@id":"https:\/\/helloproject.es\/vigilancia\/alimentos-de-palencia-estara-en-sirha-lyon-2025-una-de-las-ferias-mas-importantes-de-europa\/","url":"https:\/\/helloproject.es\/vigilancia\/alimentos-de-palencia-estara-en-sirha-lyon-2025-una-de-las-ferias-mas-importantes-de-europa\/","name":"Alimentos de Palencia estar\u00e1 en Sirha Lyon 2025, una de las ferias m\u00e1s importantes de Europa - bip4ex","isPartOf":{"@id":"https:\/\/helloproject.es\/vigilancia\/#website"},"datePublished":"2025-01-20T10:28:54+00:00","breadcrumb":{"@id":"https:\/\/helloproject.es\/vigilancia\/alimentos-de-palencia-estara-en-sirha-lyon-2025-una-de-las-ferias-mas-importantes-de-europa\/#breadcrumb"},"inLanguage":"es","potentialAction":[{"@type":"ReadAction","target":["https:\/\/helloproject.es\/vigilancia\/alimentos-de-palencia-estara-en-sirha-lyon-2025-una-de-las-ferias-mas-importantes-de-europa\/"]}]},{"@type":"BreadcrumbList","@id":"https:\/\/helloproject.es\/vigilancia\/alimentos-de-palencia-estara-en-sirha-lyon-2025-una-de-las-ferias-mas-importantes-de-europa\/#breadcrumb","itemListElement":[{"@type":"ListItem","position":1,"name":"Home","item":"https:\/\/helloproject.es\/vigilancia\/"},{"@type":"ListItem","position":2,"name":"Alimentos de Palencia estar\u00e1 en Sirha Lyon 2025, una de las ferias m\u00e1s importantes de Europa"}]},{"@type":"WebSite","@id":"https:\/\/helloproject.es\/vigilancia\/#website","url":"https:\/\/helloproject.es\/vigilancia\/","name":"bip4ex","description":"Vigilancia Tecnol\u00f3gica","publisher":{"@id":"https:\/\/helloproject.es\/vigilancia\/#organization"},"potentialAction":[{"@type":"SearchAction","target":{"@type":"EntryPoint","urlTemplate":"https:\/\/helloproject.es\/vigilancia\/?s={search_term_string}"},"query-input":{"@type":"PropertyValueSpecification","valueRequired":true,"valueName":"search_term_string"}}],"inLanguage":"es"},{"@type":"Organization","@id":"https:\/\/helloproject.es\/vigilancia\/#organization","name":"Helloproject.es","url":"https:\/\/helloproject.es\/vigilancia\/","logo":{"@type":"ImageObject","inLanguage":"es","@id":"https:\/\/helloproject.es\/vigilancia\/#\/schema\/logo\/image\/","url":"https:\/\/helloproject.es\/vigilancia\/wp-content\/uploads\/2023\/07\/bip4ex.png","contentUrl":"https:\/\/helloproject.es\/vigilancia\/wp-content\/uploads\/2023\/07\/bip4ex.png","width":322,"height":365,"caption":"Helloproject.es"},"image":{"@id":"https:\/\/helloproject.es\/vigilancia\/#\/schema\/logo\/image\/"}},{"@type":"Person","@id":"https:\/\/helloproject.es\/vigilancia\/#\/schema\/person\/3767b0619d59a11570372c821f8619ca","name":"Luis Miguel Mej\u00edas Ramos","url":"https:\/\/helloproject.es\/vigilancia\/author\/luismi\/"}]}},"_links":{"self":[{"href":"https:\/\/helloproject.es\/vigilancia\/wp-json\/wp\/v2\/posts\/21736","targetHints":{"allow":["GET"]}}],"collection":[{"href":"https:\/\/helloproject.es\/vigilancia\/wp-json\/wp\/v2\/posts"}],"about":[{"href":"https:\/\/helloproject.es\/vigilancia\/wp-json\/wp\/v2\/types\/post"}],"author":[{"embeddable":true,"href":"https:\/\/helloproject.es\/vigilancia\/wp-json\/wp\/v2\/users\/5"}],"replies":[{"embeddable":true,"href":"https:\/\/helloproject.es\/vigilancia\/wp-json\/wp\/v2\/comments?post=21736"}],"version-history":[{"count":0,"href":"https:\/\/helloproject.es\/vigilancia\/wp-json\/wp\/v2\/posts\/21736\/revisions"}],"wp:attachment":[{"href":"https:\/\/helloproject.es\/vigilancia\/wp-json\/wp\/v2\/media?parent=21736"}],"wp:term":[{"taxonomy":"category","embeddable":true,"href":"https:\/\/helloproject.es\/vigilancia\/wp-json\/wp\/v2\/categories?post=21736"},{"taxonomy":"post_tag","embeddable":true,"href":"https:\/\/helloproject.es\/vigilancia\/wp-json\/wp\/v2\/tags?post=21736"}],"curies":[{"name":"wp","href":"https:\/\/api.w.org\/{rel}","templated":true}]}}