{"id":21906,"date":"2025-01-20T14:28:08","date_gmt":"2025-01-20T13:28:08","guid":{"rendered":"https:\/\/helloproject.es\/vigilancia\/la-poblacion-espanola-entre-las-que-mas-confian-en-el-personal-investigador-segun-un-estudio-en-68-paises-en-el-que-ha-participado-fecyt\/"},"modified":"2025-01-20T14:28:08","modified_gmt":"2025-01-20T13:28:08","slug":"la-poblacion-espanola-entre-las-que-mas-confian-en-el-personal-investigador-segun-un-estudio-en-68-paises-en-el-que-ha-participado-fecyt","status":"publish","type":"post","link":"https:\/\/helloproject.es\/vigilancia\/la-poblacion-espanola-entre-las-que-mas-confian-en-el-personal-investigador-segun-un-estudio-en-68-paises-en-el-que-ha-participado-fecyt\/","title":{"rendered":"La poblaci\u00f3n espa\u00f1ola, entre las que m\u00e1s conf\u00edan en el personal investigador, seg\u00fan un estudio en 68 pa\u00edses en el que ha participado FECYT"},"content":{"rendered":"<p>FECYT participa en un estudio internacional en el que se ha examinado la confianza de los cient\u00edficos en 68 pa\u00edses. Espa\u00f1a se sit\u00faa por encima de la media, destacando como el s\u00e9ptimo pa\u00eds de los 68 estudiados donde la confianza en los cient\u00edficos es mayor.<\/p>","protected":false},"excerpt":{"rendered":"<p>FECYT participa en un estudio internacional en el que se ha examinado la confianza de los cient\u00edficos en 68 pa\u00edses. Espa\u00f1a se sit\u00faa por encima de la media, destacando como el s\u00e9ptimo pa\u00eds de los 68 estudiados donde la confianza en los cient\u00edficos es mayor.<\/p>\n","protected":false},"author":5,"featured_media":0,"comment_status":"","ping_status":"","sticky":false,"template":"","format":"standard","meta":{"site-sidebar-layout":"default","site-content-layout":"","ast-site-content-layout":"default","site-content-style":"default","site-sidebar-style":"default","ast-global-header-display":"","ast-banner-title-visibility":"","ast-main-header-display":"","ast-hfb-above-header-display":"","ast-hfb-below-header-display":"","ast-hfb-mobile-header-display":"","site-post-title":"","ast-breadcrumbs-content":"","ast-featured-img":"","footer-sml-layout":"","ast-disable-related-posts":"","theme-transparent-header-meta":"","adv-header-id-meta":"","stick-header-meta":"","header-above-stick-meta":"","header-main-stick-meta":"","header-below-stick-meta":"","astra-migrate-meta-layouts":"default","ast-page-background-enabled":"default","ast-page-background-meta":{"desktop":{"background-color":"var(--ast-global-color-4)","background-image":"","background-repeat":"repeat","background-position":"center center","background-size":"auto","background-attachment":"scroll","background-type":"","background-media":"","overlay-type":"","overlay-color":"","overlay-opacity":"","overlay-gradient":""},"tablet":{"background-color":"","background-image":"","background-repeat":"repeat","background-position":"center center","background-size":"auto","background-attachment":"scroll","background-type":"","background-media":"","overlay-type":"","overlay-color":"","overlay-opacity":"","overlay-gradient":""},"mobile":{"background-color":"","background-image":"","background-repeat":"repeat","background-position":"center center","background-size":"auto","background-attachment":"scroll","background-type":"","background-media":"","overlay-type":"","overlay-color":"","overlay-opacity":"","overlay-gradient":""}},"ast-content-background-meta":{"desktop":{"background-color":"var(--ast-global-color-5)","background-image":"","background-repeat":"repeat","background-position":"center center","background-size":"auto","background-attachment":"scroll","background-type":"","background-media":"","overlay-type":"","overlay-color":"","overlay-opacity":"","overlay-gradient":""},"tablet":{"background-color":"var(--ast-global-color-5)","background-image":"","background-repeat":"repeat","background-position":"center center","background-size":"auto","background-attachment":"scroll","background-type":"","background-media":"","overlay-type":"","overlay-color":"","overlay-opacity":"","overlay-gradient":""},"mobile":{"background-color":"var(--ast-global-color-5)","background-image":"","background-repeat":"repeat","background-position":"center center","background-size":"auto","background-attachment":"scroll","background-type":"","background-media":"","overlay-type":"","overlay-color":"","overlay-opacity":"","overlay-gradient":""}},"footnotes":""},"categories":[5],"tags":[],"class_list":["post-21906","post","type-post","status-publish","format-standard","hentry","category-noticias"],"yoast_head":"<!-- This site is optimized with the Yoast SEO Premium plugin v20.9 (Yoast SEO v27.4) - https:\/\/yoast.com\/product\/yoast-seo-premium-wordpress\/ -->\n<title>La poblaci\u00f3n espa\u00f1ola, entre las que m\u00e1s conf\u00edan en el personal investigador, seg\u00fan un estudio en 68 pa\u00edses en el que ha participado FECYT - bip4ex<\/title>\n<meta name=\"robots\" content=\"index, follow, max-snippet:-1, max-image-preview:large, max-video-preview:-1\" \/>\n<link rel=\"canonical\" href=\"https:\/\/helloproject.es\/vigilancia\/la-poblacion-espanola-entre-las-que-mas-confian-en-el-personal-investigador-segun-un-estudio-en-68-paises-en-el-que-ha-participado-fecyt\/\" \/>\n<meta property=\"og:locale\" content=\"es_ES\" \/>\n<meta property=\"og:type\" content=\"article\" \/>\n<meta property=\"og:title\" content=\"La poblaci\u00f3n espa\u00f1ola, entre las que m\u00e1s conf\u00edan en el personal investigador, seg\u00fan un estudio en 68 pa\u00edses en el que ha participado FECYT\" \/>\n<meta property=\"og:description\" content=\"FECYT participa en un estudio internacional en el que se ha examinado la confianza de los cient\u00edficos en 68 pa\u00edses. Espa\u00f1a se sit\u00faa por encima de la media, destacando como el s\u00e9ptimo pa\u00eds de los 68 estudiados donde la confianza en los cient\u00edficos es mayor.\" \/>\n<meta property=\"og:url\" content=\"https:\/\/helloproject.es\/vigilancia\/la-poblacion-espanola-entre-las-que-mas-confian-en-el-personal-investigador-segun-un-estudio-en-68-paises-en-el-que-ha-participado-fecyt\/\" \/>\n<meta property=\"og:site_name\" content=\"bip4ex\" \/>\n<meta property=\"article:published_time\" content=\"2025-01-20T13:28:08+00:00\" \/>\n<meta name=\"author\" content=\"Luis Miguel Mej\u00edas Ramos\" \/>\n<meta name=\"twitter:card\" content=\"summary_large_image\" \/>\n<meta name=\"twitter:label1\" content=\"Escrito por\" \/>\n\t<meta name=\"twitter:data1\" content=\"Luis Miguel Mej\u00edas Ramos\" \/>\n<script type=\"application\/ld+json\" class=\"yoast-schema-graph\">{\"@context\":\"https:\\\/\\\/schema.org\",\"@graph\":[{\"@type\":\"Article\",\"@id\":\"https:\\\/\\\/helloproject.es\\\/vigilancia\\\/la-poblacion-espanola-entre-las-que-mas-confian-en-el-personal-investigador-segun-un-estudio-en-68-paises-en-el-que-ha-participado-fecyt\\\/#article\",\"isPartOf\":{\"@id\":\"https:\\\/\\\/helloproject.es\\\/vigilancia\\\/la-poblacion-espanola-entre-las-que-mas-confian-en-el-personal-investigador-segun-un-estudio-en-68-paises-en-el-que-ha-participado-fecyt\\\/\"},\"author\":{\"name\":\"Luis Miguel Mej\u00edas Ramos\",\"@id\":\"https:\\\/\\\/helloproject.es\\\/vigilancia\\\/#\\\/schema\\\/person\\\/3767b0619d59a11570372c821f8619ca\"},\"headline\":\"La poblaci\u00f3n espa\u00f1ola, entre las que m\u00e1s conf\u00edan en el personal investigador, seg\u00fan un estudio en 68 pa\u00edses en el que ha participado FECYT\",\"datePublished\":\"2025-01-20T13:28:08+00:00\",\"mainEntityOfPage\":{\"@id\":\"https:\\\/\\\/helloproject.es\\\/vigilancia\\\/la-poblacion-espanola-entre-las-que-mas-confian-en-el-personal-investigador-segun-un-estudio-en-68-paises-en-el-que-ha-participado-fecyt\\\/\"},\"wordCount\":79,\"publisher\":{\"@id\":\"https:\\\/\\\/helloproject.es\\\/vigilancia\\\/#organization\"},\"articleSection\":[\"Noticias\"],\"inLanguage\":\"es\"},{\"@type\":\"WebPage\",\"@id\":\"https:\\\/\\\/helloproject.es\\\/vigilancia\\\/la-poblacion-espanola-entre-las-que-mas-confian-en-el-personal-investigador-segun-un-estudio-en-68-paises-en-el-que-ha-participado-fecyt\\\/\",\"url\":\"https:\\\/\\\/helloproject.es\\\/vigilancia\\\/la-poblacion-espanola-entre-las-que-mas-confian-en-el-personal-investigador-segun-un-estudio-en-68-paises-en-el-que-ha-participado-fecyt\\\/\",\"name\":\"La poblaci\u00f3n espa\u00f1ola, entre las que m\u00e1s conf\u00edan en el personal investigador, seg\u00fan un estudio en 68 pa\u00edses en el que ha participado FECYT - bip4ex\",\"isPartOf\":{\"@id\":\"https:\\\/\\\/helloproject.es\\\/vigilancia\\\/#website\"},\"datePublished\":\"2025-01-20T13:28:08+00:00\",\"breadcrumb\":{\"@id\":\"https:\\\/\\\/helloproject.es\\\/vigilancia\\\/la-poblacion-espanola-entre-las-que-mas-confian-en-el-personal-investigador-segun-un-estudio-en-68-paises-en-el-que-ha-participado-fecyt\\\/#breadcrumb\"},\"inLanguage\":\"es\",\"potentialAction\":[{\"@type\":\"ReadAction\",\"target\":[\"https:\\\/\\\/helloproject.es\\\/vigilancia\\\/la-poblacion-espanola-entre-las-que-mas-confian-en-el-personal-investigador-segun-un-estudio-en-68-paises-en-el-que-ha-participado-fecyt\\\/\"]}]},{\"@type\":\"BreadcrumbList\",\"@id\":\"https:\\\/\\\/helloproject.es\\\/vigilancia\\\/la-poblacion-espanola-entre-las-que-mas-confian-en-el-personal-investigador-segun-un-estudio-en-68-paises-en-el-que-ha-participado-fecyt\\\/#breadcrumb\",\"itemListElement\":[{\"@type\":\"ListItem\",\"position\":1,\"name\":\"Home\",\"item\":\"https:\\\/\\\/helloproject.es\\\/vigilancia\\\/\"},{\"@type\":\"ListItem\",\"position\":2,\"name\":\"La poblaci\u00f3n espa\u00f1ola, entre las que m\u00e1s conf\u00edan en el personal investigador, seg\u00fan un estudio en 68 pa\u00edses en el que ha participado FECYT\"}]},{\"@type\":\"WebSite\",\"@id\":\"https:\\\/\\\/helloproject.es\\\/vigilancia\\\/#website\",\"url\":\"https:\\\/\\\/helloproject.es\\\/vigilancia\\\/\",\"name\":\"bip4ex\",\"description\":\"Vigilancia Tecnol\u00f3gica\",\"publisher\":{\"@id\":\"https:\\\/\\\/helloproject.es\\\/vigilancia\\\/#organization\"},\"potentialAction\":[{\"@type\":\"SearchAction\",\"target\":{\"@type\":\"EntryPoint\",\"urlTemplate\":\"https:\\\/\\\/helloproject.es\\\/vigilancia\\\/?s={search_term_string}\"},\"query-input\":{\"@type\":\"PropertyValueSpecification\",\"valueRequired\":true,\"valueName\":\"search_term_string\"}}],\"inLanguage\":\"es\"},{\"@type\":\"Organization\",\"@id\":\"https:\\\/\\\/helloproject.es\\\/vigilancia\\\/#organization\",\"name\":\"Helloproject.es\",\"url\":\"https:\\\/\\\/helloproject.es\\\/vigilancia\\\/\",\"logo\":{\"@type\":\"ImageObject\",\"inLanguage\":\"es\",\"@id\":\"https:\\\/\\\/helloproject.es\\\/vigilancia\\\/#\\\/schema\\\/logo\\\/image\\\/\",\"url\":\"https:\\\/\\\/helloproject.es\\\/vigilancia\\\/wp-content\\\/uploads\\\/2023\\\/07\\\/bip4ex.png\",\"contentUrl\":\"https:\\\/\\\/helloproject.es\\\/vigilancia\\\/wp-content\\\/uploads\\\/2023\\\/07\\\/bip4ex.png\",\"width\":322,\"height\":365,\"caption\":\"Helloproject.es\"},\"image\":{\"@id\":\"https:\\\/\\\/helloproject.es\\\/vigilancia\\\/#\\\/schema\\\/logo\\\/image\\\/\"}},{\"@type\":\"Person\",\"@id\":\"https:\\\/\\\/helloproject.es\\\/vigilancia\\\/#\\\/schema\\\/person\\\/3767b0619d59a11570372c821f8619ca\",\"name\":\"Luis Miguel Mej\u00edas Ramos\",\"url\":\"https:\\\/\\\/helloproject.es\\\/vigilancia\\\/author\\\/luismi\\\/\"}]}<\/script>\n<!-- \/ Yoast SEO Premium plugin. -->","yoast_head_json":{"title":"La poblaci\u00f3n espa\u00f1ola, entre las que m\u00e1s conf\u00edan en el personal investigador, seg\u00fan un estudio en 68 pa\u00edses en el que ha participado FECYT - bip4ex","robots":{"index":"index","follow":"follow","max-snippet":"max-snippet:-1","max-image-preview":"max-image-preview:large","max-video-preview":"max-video-preview:-1"},"canonical":"https:\/\/helloproject.es\/vigilancia\/la-poblacion-espanola-entre-las-que-mas-confian-en-el-personal-investigador-segun-un-estudio-en-68-paises-en-el-que-ha-participado-fecyt\/","og_locale":"es_ES","og_type":"article","og_title":"La poblaci\u00f3n espa\u00f1ola, entre las que m\u00e1s conf\u00edan en el personal investigador, seg\u00fan un estudio en 68 pa\u00edses en el que ha participado FECYT","og_description":"FECYT participa en un estudio internacional en el que se ha examinado la confianza de los cient\u00edficos en 68 pa\u00edses. Espa\u00f1a se sit\u00faa por encima de la media, destacando como el s\u00e9ptimo pa\u00eds de los 68 estudiados donde la confianza en los cient\u00edficos es mayor.","og_url":"https:\/\/helloproject.es\/vigilancia\/la-poblacion-espanola-entre-las-que-mas-confian-en-el-personal-investigador-segun-un-estudio-en-68-paises-en-el-que-ha-participado-fecyt\/","og_site_name":"bip4ex","article_published_time":"2025-01-20T13:28:08+00:00","author":"Luis Miguel Mej\u00edas Ramos","twitter_card":"summary_large_image","twitter_misc":{"Escrito por":"Luis Miguel Mej\u00edas Ramos"},"schema":{"@context":"https:\/\/schema.org","@graph":[{"@type":"Article","@id":"https:\/\/helloproject.es\/vigilancia\/la-poblacion-espanola-entre-las-que-mas-confian-en-el-personal-investigador-segun-un-estudio-en-68-paises-en-el-que-ha-participado-fecyt\/#article","isPartOf":{"@id":"https:\/\/helloproject.es\/vigilancia\/la-poblacion-espanola-entre-las-que-mas-confian-en-el-personal-investigador-segun-un-estudio-en-68-paises-en-el-que-ha-participado-fecyt\/"},"author":{"name":"Luis Miguel Mej\u00edas Ramos","@id":"https:\/\/helloproject.es\/vigilancia\/#\/schema\/person\/3767b0619d59a11570372c821f8619ca"},"headline":"La poblaci\u00f3n espa\u00f1ola, entre las que m\u00e1s conf\u00edan en el personal investigador, seg\u00fan un estudio en 68 pa\u00edses en el que ha participado FECYT","datePublished":"2025-01-20T13:28:08+00:00","mainEntityOfPage":{"@id":"https:\/\/helloproject.es\/vigilancia\/la-poblacion-espanola-entre-las-que-mas-confian-en-el-personal-investigador-segun-un-estudio-en-68-paises-en-el-que-ha-participado-fecyt\/"},"wordCount":79,"publisher":{"@id":"https:\/\/helloproject.es\/vigilancia\/#organization"},"articleSection":["Noticias"],"inLanguage":"es"},{"@type":"WebPage","@id":"https:\/\/helloproject.es\/vigilancia\/la-poblacion-espanola-entre-las-que-mas-confian-en-el-personal-investigador-segun-un-estudio-en-68-paises-en-el-que-ha-participado-fecyt\/","url":"https:\/\/helloproject.es\/vigilancia\/la-poblacion-espanola-entre-las-que-mas-confian-en-el-personal-investigador-segun-un-estudio-en-68-paises-en-el-que-ha-participado-fecyt\/","name":"La poblaci\u00f3n espa\u00f1ola, entre las que m\u00e1s conf\u00edan en el personal investigador, seg\u00fan un estudio en 68 pa\u00edses en el que ha participado FECYT - bip4ex","isPartOf":{"@id":"https:\/\/helloproject.es\/vigilancia\/#website"},"datePublished":"2025-01-20T13:28:08+00:00","breadcrumb":{"@id":"https:\/\/helloproject.es\/vigilancia\/la-poblacion-espanola-entre-las-que-mas-confian-en-el-personal-investigador-segun-un-estudio-en-68-paises-en-el-que-ha-participado-fecyt\/#breadcrumb"},"inLanguage":"es","potentialAction":[{"@type":"ReadAction","target":["https:\/\/helloproject.es\/vigilancia\/la-poblacion-espanola-entre-las-que-mas-confian-en-el-personal-investigador-segun-un-estudio-en-68-paises-en-el-que-ha-participado-fecyt\/"]}]},{"@type":"BreadcrumbList","@id":"https:\/\/helloproject.es\/vigilancia\/la-poblacion-espanola-entre-las-que-mas-confian-en-el-personal-investigador-segun-un-estudio-en-68-paises-en-el-que-ha-participado-fecyt\/#breadcrumb","itemListElement":[{"@type":"ListItem","position":1,"name":"Home","item":"https:\/\/helloproject.es\/vigilancia\/"},{"@type":"ListItem","position":2,"name":"La poblaci\u00f3n espa\u00f1ola, entre las que m\u00e1s conf\u00edan en el personal investigador, seg\u00fan un estudio en 68 pa\u00edses en el que ha participado FECYT"}]},{"@type":"WebSite","@id":"https:\/\/helloproject.es\/vigilancia\/#website","url":"https:\/\/helloproject.es\/vigilancia\/","name":"bip4ex","description":"Vigilancia Tecnol\u00f3gica","publisher":{"@id":"https:\/\/helloproject.es\/vigilancia\/#organization"},"potentialAction":[{"@type":"SearchAction","target":{"@type":"EntryPoint","urlTemplate":"https:\/\/helloproject.es\/vigilancia\/?s={search_term_string}"},"query-input":{"@type":"PropertyValueSpecification","valueRequired":true,"valueName":"search_term_string"}}],"inLanguage":"es"},{"@type":"Organization","@id":"https:\/\/helloproject.es\/vigilancia\/#organization","name":"Helloproject.es","url":"https:\/\/helloproject.es\/vigilancia\/","logo":{"@type":"ImageObject","inLanguage":"es","@id":"https:\/\/helloproject.es\/vigilancia\/#\/schema\/logo\/image\/","url":"https:\/\/helloproject.es\/vigilancia\/wp-content\/uploads\/2023\/07\/bip4ex.png","contentUrl":"https:\/\/helloproject.es\/vigilancia\/wp-content\/uploads\/2023\/07\/bip4ex.png","width":322,"height":365,"caption":"Helloproject.es"},"image":{"@id":"https:\/\/helloproject.es\/vigilancia\/#\/schema\/logo\/image\/"}},{"@type":"Person","@id":"https:\/\/helloproject.es\/vigilancia\/#\/schema\/person\/3767b0619d59a11570372c821f8619ca","name":"Luis Miguel Mej\u00edas Ramos","url":"https:\/\/helloproject.es\/vigilancia\/author\/luismi\/"}]}},"_links":{"self":[{"href":"https:\/\/helloproject.es\/vigilancia\/wp-json\/wp\/v2\/posts\/21906","targetHints":{"allow":["GET"]}}],"collection":[{"href":"https:\/\/helloproject.es\/vigilancia\/wp-json\/wp\/v2\/posts"}],"about":[{"href":"https:\/\/helloproject.es\/vigilancia\/wp-json\/wp\/v2\/types\/post"}],"author":[{"embeddable":true,"href":"https:\/\/helloproject.es\/vigilancia\/wp-json\/wp\/v2\/users\/5"}],"replies":[{"embeddable":true,"href":"https:\/\/helloproject.es\/vigilancia\/wp-json\/wp\/v2\/comments?post=21906"}],"version-history":[{"count":0,"href":"https:\/\/helloproject.es\/vigilancia\/wp-json\/wp\/v2\/posts\/21906\/revisions"}],"wp:attachment":[{"href":"https:\/\/helloproject.es\/vigilancia\/wp-json\/wp\/v2\/media?parent=21906"}],"wp:term":[{"taxonomy":"category","embeddable":true,"href":"https:\/\/helloproject.es\/vigilancia\/wp-json\/wp\/v2\/categories?post=21906"},{"taxonomy":"post_tag","embeddable":true,"href":"https:\/\/helloproject.es\/vigilancia\/wp-json\/wp\/v2\/tags?post=21906"}],"curies":[{"name":"wp","href":"https:\/\/api.w.org\/{rel}","templated":true}]}}