{"id":24302,"date":"2025-01-22T11:29:07","date_gmt":"2025-01-22T10:29:07","guid":{"rendered":"https:\/\/helloproject.es\/vigilancia\/decreto-1-2025-programa-ayuda-de-alquiler-de-vivienda-a-las-personas-jovenes-y-para-contribuir-al-reto-demografico\/"},"modified":"2025-01-22T11:29:07","modified_gmt":"2025-01-22T10:29:07","slug":"decreto-1-2025-programa-ayuda-de-alquiler-de-vivienda-a-las-personas-jovenes-y-para-contribuir-al-reto-demografico","status":"publish","type":"post","link":"https:\/\/helloproject.es\/vigilancia\/decreto-1-2025-programa-ayuda-de-alquiler-de-vivienda-a-las-personas-jovenes-y-para-contribuir-al-reto-demografico\/","title":{"rendered":"DECRETO 1\/2025 \u2013 PROGRAMA AYUDA DE ALQUILER DE VIVIENDA A LAS PERSONAS JOVENES Y PARA CONTRIBUIR AL RETO DEMOGRAFICO"},"content":{"rendered":"<div class=\"ayuda_subvencion plantillas\">\n<div class=\"portlet-topper\">\n\t\t\t    <strong class=\"sr-only\">Subvencion:<\/strong>\n<h2 class=\"portlet-title\">DECRETO 1\/2025 \u2013 PROGRAMA AYUDA DE ALQUILER DE VIVIENDA A LAS PERSONAS JOVENES Y PARA CONTRIBUIR AL RETO DEMOGRAFICO<\/h2>\n<\/div>\n<div class=\"iconosTramitacion\">\n<p>\t\t\t<a target=\"_blank\" href=\"https:\/\/sede.cantabria.es\/sede\/ayuda\/012-telefono-de-atencion-administrativa\" title=\"Servicio telef\u00f3nico 012 de atenci\u00f3n al ciudadano de Cantabria\"><img decoding=\"async\" src=\"https:\/\/www.cantabria.es\/documents\/26427\/21881598\/012.jpg\/d4445702-c7cf-c44a-3ce9-b0288c1d9b9a?t=1648806893827\" alt=\"\" aria-hidden=\"true\" \/><span class=\"sr-only\">Servicio telef\u00f3nico 012 de atenci\u00f3n al ciudadano de Cantabria<\/span><\/a>\n\t\t<\/p><\/div>\n<h3>Descripci\u00f3n:<\/h3>\n<p><span>Decreto 1\/2025, de 9 de enero, por el que se regulan determinadas ayudas del Plan Estatal para el acceso a la vivienda 2022-2025 en el \u00e1mbito de la Comunidad Aut\u00f3noma de Cantabria. &#8211; Programa de ayuda alquiler de vivienda a las personas j\u00f3venes y para contribuir al reto demogr\u00e1fico.<\/span><\/p>\n<h3>Bolet\u00edn Oficial de Cantabria<\/h3>\n<p><span>N\u00famero BOC: 14<\/span><\/p>\n<p><span>Fecha BOC: 22\/01\/2024<\/span><\/p>\n<p>\n\t\t\t\t\t<span><br \/>\n\t\t\t\t\t\t<a href=\"https:\/\/boc.cantabria.es\/boces\/verAnuncioAction.do?idAnuBlob=414940\" target=\"_blank\" rel=\"noopener noreferrer\">Enlace BOC<\/a><\/span><\/p>\n<p>\t\t\t\t\t\n\t\t\t\t<\/p>\n<h3>Plazo presentaci\u00f3n:<\/h3>\n<div>\n<p>El plazo de presentaci\u00f3n de las <strong>solicitudes de calificaci\u00f3n permanecer\u00e1 abierto de forma continuada <\/strong>hasta la finalizaci\u00f3n de la vigencia del presente Decreto.<\/p>\n<p>Las <strong>personas beneficiarias que hayan obtenido la calificaci\u00f3n <\/strong>deber\u00e1n presentar junto con la <strong>solicitud de concesi\u00f3n y de pago de la ayuda<\/strong> formulada con el <strong>Anexo IX<\/strong>, los comprobantes mensuales de pago en los siguientes plazos:<\/p>\n<ol start=\"1\">\n<li>Entre los <strong>d\u00edas 1 y 10, del mes siguiente<\/strong> al de la notificaci\u00f3n de la resoluci\u00f3n de calificaci\u00f3n, deber\u00e1n presentar los <strong>comprobantes mensuales del pago relativo al periodo comprendido entre el mes de presentaci\u00f3n de la solicitud de calificaci\u00f3n y la notificaci\u00f3n de la resoluci\u00f3n de calificaci\u00f3n.<\/strong><\/li>\n<li><strong>Solicitar mensualmente <\/strong>la concesi\u00f3n y pago de la ayuda correspondiente al mes anterior al de la solicitud y, en su caso, al mes en curso entre <strong>los d\u00edas 1 y 10 de cada mes<\/strong>, acompa\u00f1ando los comprobantes del pago de la renta.<\/li>\n<\/ol>\n<p>Los documentos acreditativos del pago presentados fuera de los citados plazos no ser\u00e1n tenidos en cuenta para el abono de la ayuda, procedi\u00e9ndose a su denegaci\u00f3n.<\/p>\n<\/div>\n<h3>Fecha inicio plazo presentaci\u00f3n:<\/h3>\n<p><span>23\/01\/2025<\/span><\/p>\n<h3>Beneficiarios:<\/h3>\n<div>\n<p>Podr\u00e1n ser personas beneficiarias de la ayuda contemplada en el punto 1 del art\u00edculo 43 de este programa, las <strong>personas f\u00edsicas mayores de edad<\/strong> que, adem\u00e1s de cumplir con los requisitos y obligaciones previstos en el art\u00edculo 6 del presente Decreto, re\u00fanan en el momento de la fecha de presentaci\u00f3n de la solicitud y durante todo el periodo de vigencia de la calificaci\u00f3n, todos y cada uno de los siguientes requisitos:<\/p>\n<ol start=\"1\">\n<li><strong>Ser titular<\/strong>, en calidad de persona arrendataria o cesionaria, de un <strong>contrato de arrendamiento o cesi\u00f3n en uso de una vivienda, que no supere los 700 euros mensuales<\/strong>, formalizado por escrito con las firmas de las partes, tanto arrendadora como arrendataria, conforme a lo establecido en la Ley 29\/1994, de 24 de noviembre, de Arrendamiento Urbanos y dem\u00e1s normativa que resulte de aplicaci\u00f3n. El contrato de arrendamiento constituye un documento de valor probatorio con eficacia administrativa a efectos de justificaci\u00f3n de subvenciones de conformidad con el art\u00edculo 31.3 de la Ley 10\/2006, de 17 de julio, de Subvenciones de Cantabria.<\/li>\n<li><strong>Tener menos de treinta y cinco a\u00f1os,<\/strong> incluida la edad de 35 a\u00f1os, en el momento de solicitar la ayuda.<\/li>\n<li>Que la vivienda cedida o arrendada constituya la <strong>residencia habitual<\/strong> y permanente de los titulares del contrato y del resto de los miembros de la unidad de convivencia.<\/li>\n<li>Que las personas que tengan su domicilio habitual y permanente en la vivienda, consten o no como titulares del contrato de arrendamiento o cesi\u00f3n, tengan, en conjunto, unas <strong>rentas anuales iguales o inferiores a 3 veces el Indicador P\u00fablico de Renta de Efectos M\u00faltiples (IPREM).<\/strong><\/li>\n<\/ol>\n<p>Dicho umbral ser\u00e1 de <strong>4 veces el IPREM <\/strong>si se trata de personas con discapacidad o de personas que sean hijos o hijas de v\u00edctimas de violencia de g\u00e9nero y de <strong>5 veces el IPREM<\/strong> cuando se trate de personas con discapacidad con un grado de discapacidad reconocido igual o superior al 33 %.<\/p>\n<p>Para tener en cuenta los <strong>ingresos de la unidad de convivencia<\/strong> se tendr\u00e1 en cuenta la suma de los importes obtenidos en aplicaci\u00f3n de las siguientes reglas:<\/p>\n<ol>\n<li>Aquellos miembros de la unidad de convivencia que est\u00e9n obligados a presentar la declaraci\u00f3n de la renta, se partir\u00e1 de las cuant\u00edas de la base imponible general y del ahorro, reguladas en los art\u00edculos 48 y 49, respectivamente, de la Ley 35\/2006, de 28 de noviembre, del Impuesto sobre la Renta de las Personas F\u00edsicas, correspondiente a los datos del \u00faltimo ejercicio fiscal en vigor.<\/li>\n<li>En el caso de que alg\u00fan miembro de la unidad de convivencia no est\u00e9 obligado a presentar el Impuesto sobre la Renta de las Personas F\u00edsicas, se tomar\u00e1 como referencia todos los ingresos brutos percibidos durante \u00faltimo ejercicio fiscal vigente anterior a la presentaci\u00f3n de la solicitud de concesi\u00f3n.<\/li>\n<\/ol>\n<ol start=\"5\">\n<li>No ser preceptor de otra ayuda cedida por las administraciones p\u00fablicas o entidades p\u00fablicas y privada para el pago del alquiler o precio de cesi\u00f3n para la misma finalidad.<\/li>\n<\/ol>\n<\/div>\n<h3>Cuant\u00eda:<\/h3>\n<div>\n<p>Se conceder\u00e1 a la persona beneficiaria una ayuda de <strong>hasta el 60% de la renta mensual<\/strong> del arrendamiento o cesi\u00f3n de uso de la vivienda habitual y permanente.<\/p>\n<p>La ayuda se conceder\u00e1 a las personas beneficiarias peri\u00f3dicamente a lo largo del plazo establecido en la calificaci\u00f3n que, <strong>en ning\u00fan caso, podr\u00e1 superar los 5 a\u00f1os<\/strong>, contados desde el mes de presentaci\u00f3n de la solicitud de calificaci\u00f3n.<\/p>\n<\/div>\n<h3>Documentaci\u00f3n a adjuntar:<\/h3>\n<div>\n<p><strong>Solicitud de calificaci\u00f3n<\/strong><\/p>\n<p>Las solicitudes se formular\u00e1n en el <strong>Anexo VII y se presentar\u00e1n debidamente firmadas<\/strong> por la persona solicitante o, en su caso, por su representante legal y se acompa\u00f1ar\u00e1n de la siguiente documentaci\u00f3n:<\/p>\n<ol start=\"1\">\n<li>Un ejemplar del <strong>contrato de arrendamiento o cesi\u00f3n en uso<\/strong> que re\u00fana todos y cada uno de los siguientes requisitos:<\/li>\n<\/ol>\n<ul>\n<li>Estar formalizado por escrito y de conformidad con lo dispuesto en la Ley 29\/1994, de 24 de noviembre, de Arrendamientos Urbanos y dem\u00e1s normativa que resulte de aplicaci\u00f3n.<\/li>\n<li>Todas las hojas del contrato deber\u00e1n estar debidamente firmadas por las partes del contrato.<\/li>\n<li>Contener menci\u00f3n expresa a la referencia catastral de la vivienda.<\/li>\n<li>Tener liquidado y en vigor el Impuesto de Transmisiones Patrimoniales y Actos Jur\u00eddicos Documentados (ITPAJD).<\/li>\n<\/ul>\n<p>Cuando el contrato tenga por objeto el arrendamiento o cesi\u00f3n conjunto de vivienda y garaje, trastero o de cualquier otro elemento distinto a la vivienda o el contrato obligue a la persona arrendataria o cesionaria al pago de otros gastos, tasas o impuestos, deber\u00e1 reflejarse en el contrato o en un anexo debidamente firmada por las partes de forma desglosada, el importe de la renta pactada del resto de elementos y gastos imputables a la persona arrendataria o cesionaria.<\/p>\n<ol start=\"2\">\n<li><strong>Autorizaci\u00f3n<\/strong> de las personas arrendadoras o cedentes del contrato, formulada en el modelo oficial correspondiente al <strong>Anexo XIV<\/strong>, en caso de que se trate de personas f\u00edsicas.<\/li>\n<li><strong>Declaraci\u00f3n responsable<\/strong> de aquellos miembros de la unidad de convivencia que no est\u00e9n obligados a presentar la declaraci\u00f3n del IRPF, formulada en el modelo oficial correspondiente al <strong>Anexo XIII<\/strong>, sobre los ingresos correspondientes al \u00faltimo ejercicio fiscal vigente al de la presentaci\u00f3n de la solicitud.<\/li>\n<li><strong>Acreditaci\u00f3n<\/strong> documental de ser hijo o hija de <strong>v\u00edctima de violencia de g\u00e9nero<\/strong>: Libro de familia y sentencia judicial.<\/li>\n<li><strong>Acreditaci\u00f3n de no ser propietario de ninguna vivienda<\/strong> mediante Informaci\u00f3n registral expedida por el \u00cdndice Nacional de titularidades del Colegio Nacional de Registradores de la Propiedad y Mercantiles de Espa\u00f1a, de la persona solicitante y de todos los miembros de la unidad de convivencia, en todo el territorio nacional. <strong>En caso de que aparezcan como titulares de alguna vivienda, deber\u00e1n aportar copia del t\u00edtulo de propiedad de la misma.<\/strong><\/li>\n<\/ol>\n<p>En caso de la <strong>no disponibilidad de la vivienda<\/strong> de la que es propietaria la persona solicitante o, en su caso, alg\u00fan miembro de la unidad de convivencia, acreditaci\u00f3n de la no disponibilidad de la misma por medio de alguno de los siguientes documentos:<\/p>\n<ol>\n<li>Vivienda adquirida por trasmisi\u00f3n mortis causa con o sin testamento, cualquiera que sea la parte al\u00edcuota atribuida: escritura p\u00fablica notarial de aceptaci\u00f3n de la herencia, partici\u00f3n de la herencia o, en su caso, nota simple del registro de la propiedad.<\/li>\n<li>Vivienda cuando el uso de la misma haya sido atribuido a uno de los c\u00f3nyuges, en caso de separaci\u00f3n o divorcio: sentencia judicial o, en su caso, convenio regulador.<\/li>\n<li>Viviendas que no puedan ser destinadas, seg\u00fan la normativa urban\u00edstica que resulte de aplicaci\u00f3n, a un uso residencial: resoluci\u00f3n de declaraci\u00f3n de ruina o, en su caso, ficha urban\u00edstica del inmueble en el que conste el uso del inmueble.<\/li>\n<li>Vivienda que resulte inaccesible por raz\u00f3n de la discapacidad o, en su caso, de la dependencia de la persona beneficiaria o de alg\u00fan miembro de la unidad de convivencia: resoluci\u00f3n de discapacidad o, en su caso, de dependencia e informe t\u00e9cnico que acredite la concurrencia de barreras arquitect\u00f3nicas en el acceso de la vivienda.<\/li>\n<li>Propietario de vivienda ocupada por personas sin t\u00edtulo habilitante: sentencia judicial o, en su caso, auto judicial.<\/li>\n<\/ol>\n<ol start=\"6\">\n<li><strong>En caso de no autorizar<\/strong> la consulta, copia del<strong> NIF\/NIE o tarjeta de residente legal<\/strong> en Espa\u00f1a.<\/li>\n<li><strong>En caso de no autorizar <\/strong>la consulta, acreditaci\u00f3n documental de discapacidad referida al solicitante o a cualquier miembro de la unidad de convivencia.<\/li>\n<li><strong>En caso de no autorizar<\/strong> la consulta, <strong>certificado de empadronamiento colectivo o certificado de convivencia<\/strong> acompa\u00f1ado \u00e9ste \u00faltimo de certificado de empadronamiento individual de cada miembro de la unidad de convivencia.<\/li>\n<li><strong>Anexo de la protecci\u00f3n de datos<\/strong> de los miembros de la unidad de convivencia, debidamente firmado por sus integrantes, formulado en el modelo oficial correspondiente al <strong>Anexo XII<\/strong>. En el supuesto de menores o incapaces integrantes de la unidad de convivencia, la autorizaci\u00f3n ser\u00e1 firmada por su representante legal.<\/li>\n<\/ol>\n<p>No obstante, si por cualquier motivo la consulta a la plataforma de intermediaci\u00f3n de datos no ofreciese la informaci\u00f3n requerida para la tramitaci\u00f3n del expediente, se podr\u00e1 solicitar a la persona interesada la documentaci\u00f3n acreditativa correspondiente.<\/p>\n<p>No ser\u00e1 preceptiva la presentaci\u00f3n de aquellos documentos que ya se encuentren en poder de esta Administraci\u00f3n, siempre que no hayan sido modificados, y que se haga <strong>constar la fecha, el \u00f3rgano y la dependencia en la que fueron presentados, y siempre y cuando no hayan transcurrido m\u00e1s de cinco a\u00f1os<\/strong> desde la finalizaci\u00f3n del procedimiento.<\/p>\n<p><strong>Solicitudes de modificaci\u00f3n:<\/strong><\/p>\n<p>Cualquier tipo de modificaci\u00f3n deber\u00e1 presentarse a trav\u00e9s del <strong>Anexo VII<\/strong>, junto con la <strong>documentaci\u00f3n que acredite la modificaci\u00f3n de las condiciones y requisitos<\/strong> de la persona y, en su caso, de los miembros de la unidad de convivencia.<\/p>\n<p><strong>Solicitudes de concesi\u00f3n y de pago de la ayuda mensual:<\/strong><\/p>\n<p>Las personas beneficiarias que hayan obtenido la calificaci\u00f3n deber\u00e1n presentar junto con la solicitud de concesi\u00f3n y de pago de la ayuda formulada con el <strong>Anexo IX<\/strong><\/p>\n<ol start=\"1\">\n<li><strong>Justificante del pago de la renta, mediante transferencia o recibo bancario<\/strong>, realizado a favor de la persona arrendadora de la vivienda.<\/li>\n<\/ol>\n<p>El justificante ser\u00e1 original y si es fotocopia o se presenta de forma telem\u00e1tica a trav\u00e9s del portal institucional del Gobierno de Cantabria, en su apartado \u00abAtenci\u00f3n a la Ciudadan\u00eda 012\u00bb, \u00abAyudas y Subvenciones\u00bb (https:\/\/www.cantabria.es\/web\/atencion-a-la-ciudadania\/ayudas-y-subvenciones), deber\u00e1 ir <strong>sellado por la entidad financiera<\/strong>. En cualquier caso, en dicho justificante figurar\u00e1 necesariamente:<\/p>\n<ol>\n<li>El mes al que se refiere el pago.<\/li>\n<li>La persona que realiza el pago, que necesariamente coincidir\u00e1 con la persona arrendataria del contrato de arrendamiento.<\/li>\n<li>La persona que recibe el pago, que necesariamente coincidir\u00e1 con la persona arrendadora del contrato de arrendamiento.<\/li>\n<li>Cuant\u00eda de la renta del alquiler de la vivienda.<\/li>\n<\/ol>\n<ol start=\"2\">\n<li><strong>Certificado de titularidad bancaria <\/strong>de la persona solicitante junto con la primera solicitud de concesi\u00f3n y pago.<\/li>\n<\/ol>\n<p>En el caso de que el <strong>importe de renta que figure en el recibo sea superior <\/strong>al establecido en el contrato, la persona arrendataria o cesionaria deber\u00e1 aportar <strong>anexo firmado por las partes contractuales en el que se especifique de forma desglosada el concepto e importe pagado.<\/strong><\/p>\n<p>En todo caso, si el importe de la renta, una vez desglosados los conceptos, supera el importe de la renta establecido en el contrato, se denegar\u00e1 el pago de ese recibo, a excepci\u00f3n de las subidas anuales de IPC debidamente notificadas.<\/p>\n<p>Si el aumento de la cuant\u00eda se debe a la actualizaci\u00f3n de la renta, se deber\u00e1 aportar la comunicaci\u00f3n de la persona arrendadora prevista en el art\u00edculo 18.1 de la Ley 29\/1994, de 24 de noviembre, de Arrendamientos Urbanos o de la persona cesionaria de acuerdo a la normativa que resulte de aplicaci\u00f3n.<\/p>\n<p>En todo caso, si el importe de renta que figure en el recibo es inferior al previsto en el contrato, se denegar\u00e1 el pago de ese recibo.<\/p>\n<\/div>\n<h3>Anexos:<\/h3>\n<ul>\n<li>\n\t\t\t\t\t\t\t\t<span class=\"fa fa-file-word-o fa-lg\" aria-hidden=\"true\"><\/span><br \/>\n\t\t\t\t\t\t\t\t<a href=\"https:\/\/www.cantabria.es\/documents\/16401\/63169182\/ANEXO+VII_SOLICITUD+DE+CALIFICACION+ALQUILER+JOVEN+AMBITO+RURAL%29.docx\/6ae577f2-a114-f371-c3bd-243eecbf9b90?t=1737464553261\" target=\"_blank\" rel=\"noopener noreferrer\">Anexo VII Decreto 1\/2025 Solicitud de Calificaci\u00f3n de Alquiler (fijaci\u00f3n de poblaci\u00f3n Joven en el \u00e1mbito Rural)<\/a>\n<\/li>\n<li>\n\t\t\t\t\t\t\t\t<span class=\"fa fa-file-word-o fa-lg\" aria-hidden=\"true\"><\/span><br \/>\n\t\t\t\t\t\t\t\t<a href=\"https:\/\/www.cantabria.es\/documents\/16401\/63169182\/ANEXO+VIII_SOLICITUD+DE+MODIFICACION+CALIFICACION+DE++ALQUILER+JOVEN.docx\/a379c6f1-d2f5-b32b-4378-cbf98a047308?t=1737464553773\" target=\"_blank\" rel=\"noopener noreferrer\">Anexo VIII Decreto 1\/2025 Solicitud de Modificaci\u00f3n de la Calificaci\u00f3n de Alquiler (fijaci\u00f3n de poblaci\u00f3n Joven en el \u00e1mbito Rural)<\/a>\n<\/li>\n<li>\n\t\t\t\t\t\t\t\t<span class=\"fa fa-file-word-o fa-lg\" aria-hidden=\"true\"><\/span><br \/>\n\t\t\t\t\t\t\t\t<a href=\"https:\/\/www.cantabria.es\/documents\/16401\/63169182\/ANEXO+IX_+SOLICITUD+CONCESION+Y+PAGO+MENSUAL+AYUDA+ALQUILER+JOVEN.docx\/1f1daf5e-124c-691b-6ba4-7a0bf5dcbbfa?t=1737464552806\" target=\"_blank\" rel=\"noopener noreferrer\">Anexo IX Decreto 1\/2025 Solicitud de Concesi\u00f3n y Pago Mensual de la Ayuda al Alquiler (fijaci\u00f3n de poblaci\u00f3n Joven en el \u00e1mbito Rural)<\/a>\n<\/li>\n<li>\n\t\t\t\t\t\t\t\t<span class=\"fa fa-file-archive-o fa-lg\" aria-hidden=\"true\"><\/span><br \/>\n\t\t\t\t\t\t\t\t<a href=\"https:\/\/www.cantabria.es\/documents\/16401\/63169182\/ANEXOS+DECRETO+1-2025.zip\/83a3a644-a7c7-afaa-4367-a64e36a75e09?t=1737464554197\" target=\"_blank\" rel=\"noopener noreferrer\">Anexos<\/a>\n<\/li>\n<\/ul>\n<h3>Lugar presentaci\u00f3n :<\/h3>\n<div>\n<p>En cualquiera de los lugares establecidos a los que se hace referencia en el art\u00edculo 134.8 de la Ley de Cantabria 5\/2018, de 22 de noviembre, de R\u00e9gimen Jur\u00eddico del Gobierno, de la Administraci\u00f3n y del Sector P\u00fablico Institucional de la Comunidad Aut\u00f3noma de Cantabria: a trav\u00e9s del <strong><a href=\"https:\/\/rec.cantabria.es\/rec\/bienvenida.htm\">Registro Electr\u00f3nico General<\/a><\/strong> o en la <a href=\"https:\/\/www.cantabria.es\/web\/atencion-a-la-ciudadania\/registros\"><strong>Oficina de Asistencia en Materia de Registro<\/strong><\/a> Delegado de la Direcci\u00f3n General.<\/p>\n<\/div>\n<h3>\u00d3rgano tramitador:<\/h3>\n<div>\n\t\t\t\tDirecci\u00f3n: \n<p><strong>DIRECCI\u00d3N GENERAL DE VIVIENDA Y ARQUITECTURA\u00a0(C\u00d3DIGO DIR3 O00006425 &#8211; A06029686)<\/strong><\/p>\n<p>C\/Alta 1 (Rampa Sotileza) &#8211; 39008 Santander<\/p>\n<\/div>\n<p><span>Tel\u00e9fono: 942 20 79 84<\/span><\/p>\n<div class=\"noticias-iframe\">\n<p>\t\t\t\t<a href=\"https:\/\/twitter.com\/share\" class=\"twitter-share-button\" data-url=\"https%3A%2F%2Fwww.cantabria.es%2Fdetalle%2F-%2Fjournal%2Frss%2F16401%2FRSS_ULTIMAS_AYUDAS\" data-via=\"cantabriaes\" data-text=\"DECRETO 1\/2025 \u2013 PROGRAMA AYUDA DE ALQUILER DE VIVIENDA A LAS PERSONAS JOVENES Y PARA CONTRIBUIR AL RETO DEMOGRAFICO\" data-related=\"anywhere:The Javascript API\" data-count=\"horizontal\"><br \/>\n\t\t\t\t\tTweet<br \/>\n\t\t\t\t<\/a><\/p><\/div>\n<\/div>","protected":false},"excerpt":{"rendered":"<p>Subvencion: DECRETO 1\/2025 \u2013 PROGRAMA AYUDA DE ALQUILER DE VIVIENDA A LAS PERSONAS JOVENES Y PARA CONTRIBUIR AL RETO DEMOGRAFICO Servicio telef\u00f3nico 012 de atenci\u00f3n al ciudadano de Cantabria Descripci\u00f3n: Decreto 1\/2025, de 9 de enero, por el que se regulan determinadas ayudas del Plan Estatal para el acceso a la vivienda 2022-2025 en el [&hellip;]<\/p>\n","protected":false},"author":5,"featured_media":0,"comment_status":"","ping_status":"","sticky":false,"template":"","format":"standard","meta":{"site-sidebar-layout":"default","site-content-layout":"","ast-site-content-layout":"default","site-content-style":"default","site-sidebar-style":"default","ast-global-header-display":"","ast-banner-title-visibility":"","ast-main-header-display":"","ast-hfb-above-header-display":"","ast-hfb-below-header-display":"","ast-hfb-mobile-header-display":"","site-post-title":"","ast-breadcrumbs-content":"","ast-featured-img":"","footer-sml-layout":"","ast-disable-related-posts":"","theme-transparent-header-meta":"","adv-header-id-meta":"","stick-header-meta":"","header-above-stick-meta":"","header-main-stick-meta":"","header-below-stick-meta":"","astra-migrate-meta-layouts":"default","ast-page-background-enabled":"default","ast-page-background-meta":{"desktop":{"background-color":"var(--ast-global-color-4)","background-image":"","background-repeat":"repeat","background-position":"center center","background-size":"auto","background-attachment":"scroll","background-type":"","background-media":"","overlay-type":"","overlay-color":"","overlay-opacity":"","overlay-gradient":""},"tablet":{"background-color":"","background-image":"","background-repeat":"repeat","background-position":"center center","background-size":"auto","background-attachment":"scroll","background-type":"","background-media":"","overlay-type":"","overlay-color":"","overlay-opacity":"","overlay-gradient":""},"mobile":{"background-color":"","background-image":"","background-repeat":"repeat","background-position":"center center","background-size":"auto","background-attachment":"scroll","background-type":"","background-media":"","overlay-type":"","overlay-color":"","overlay-opacity":"","overlay-gradient":""}},"ast-content-background-meta":{"desktop":{"background-color":"var(--ast-global-color-5)","background-image":"","background-repeat":"repeat","background-position":"center center","background-size":"auto","background-attachment":"scroll","background-type":"","background-media":"","overlay-type":"","overlay-color":"","overlay-opacity":"","overlay-gradient":""},"tablet":{"background-color":"var(--ast-global-color-5)","background-image":"","background-repeat":"repeat","background-position":"center center","background-size":"auto","background-attachment":"scroll","background-type":"","background-media":"","overlay-type":"","overlay-color":"","overlay-opacity":"","overlay-gradient":""},"mobile":{"background-color":"var(--ast-global-color-5)","background-image":"","background-repeat":"repeat","background-position":"center center","background-size":"auto","background-attachment":"scroll","background-type":"","background-media":"","overlay-type":"","overlay-color":"","overlay-opacity":"","overlay-gradient":""}},"footnotes":""},"categories":[8],"tags":[],"class_list":["post-24302","post","type-post","status-publish","format-standard","hentry","category-ayudas-y-subvenciones"],"yoast_head":"<!-- This site is optimized with the Yoast SEO Premium plugin v20.9 (Yoast SEO v27.4) - https:\/\/yoast.com\/product\/yoast-seo-premium-wordpress\/ -->\n<title>DECRETO 1\/2025 \u2013 PROGRAMA AYUDA DE ALQUILER DE VIVIENDA A LAS PERSONAS JOVENES Y PARA CONTRIBUIR AL RETO DEMOGRAFICO - bip4ex<\/title>\n<meta name=\"robots\" content=\"index, follow, max-snippet:-1, max-image-preview:large, max-video-preview:-1\" \/>\n<link rel=\"canonical\" href=\"https:\/\/helloproject.es\/vigilancia\/decreto-1-2025-programa-ayuda-de-alquiler-de-vivienda-a-las-personas-jovenes-y-para-contribuir-al-reto-demografico\/\" \/>\n<meta property=\"og:locale\" content=\"es_ES\" \/>\n<meta property=\"og:type\" content=\"article\" \/>\n<meta property=\"og:title\" content=\"DECRETO 1\/2025 \u2013 PROGRAMA AYUDA DE ALQUILER DE VIVIENDA A LAS PERSONAS JOVENES Y PARA CONTRIBUIR AL RETO DEMOGRAFICO\" \/>\n<meta property=\"og:description\" content=\"Subvencion: DECRETO 1\/2025 \u2013 PROGRAMA AYUDA DE ALQUILER DE VIVIENDA A LAS PERSONAS JOVENES Y PARA CONTRIBUIR AL RETO DEMOGRAFICO Servicio telef\u00f3nico 012 de atenci\u00f3n al ciudadano de Cantabria Descripci\u00f3n: Decreto 1\/2025, de 9 de enero, por el que se regulan determinadas ayudas del Plan Estatal para el acceso a la vivienda 2022-2025 en el [&hellip;]\" \/>\n<meta property=\"og:url\" content=\"https:\/\/helloproject.es\/vigilancia\/decreto-1-2025-programa-ayuda-de-alquiler-de-vivienda-a-las-personas-jovenes-y-para-contribuir-al-reto-demografico\/\" \/>\n<meta property=\"og:site_name\" content=\"bip4ex\" \/>\n<meta property=\"article:published_time\" content=\"2025-01-22T10:29:07+00:00\" \/>\n<meta property=\"og:image\" content=\"https:\/\/www.cantabria.es\/documents\/26427\/21881598\/012.jpg\/d4445702-c7cf-c44a-3ce9-b0288c1d9b9a?t=1648806893827\" \/>\n<meta name=\"author\" content=\"Luis Miguel Mej\u00edas Ramos\" \/>\n<meta name=\"twitter:card\" content=\"summary_large_image\" \/>\n<meta name=\"twitter:label1\" content=\"Escrito por\" \/>\n\t<meta name=\"twitter:data1\" content=\"Luis Miguel Mej\u00edas Ramos\" \/>\n\t<meta name=\"twitter:label2\" content=\"Tiempo de lectura\" \/>\n\t<meta name=\"twitter:data2\" content=\"12 minutos\" \/>\n<script type=\"application\/ld+json\" class=\"yoast-schema-graph\">{\"@context\":\"https:\\\/\\\/schema.org\",\"@graph\":[{\"@type\":\"Article\",\"@id\":\"https:\\\/\\\/helloproject.es\\\/vigilancia\\\/decreto-1-2025-programa-ayuda-de-alquiler-de-vivienda-a-las-personas-jovenes-y-para-contribuir-al-reto-demografico\\\/#article\",\"isPartOf\":{\"@id\":\"https:\\\/\\\/helloproject.es\\\/vigilancia\\\/decreto-1-2025-programa-ayuda-de-alquiler-de-vivienda-a-las-personas-jovenes-y-para-contribuir-al-reto-demografico\\\/\"},\"author\":{\"name\":\"Luis Miguel Mej\u00edas Ramos\",\"@id\":\"https:\\\/\\\/helloproject.es\\\/vigilancia\\\/#\\\/schema\\\/person\\\/3767b0619d59a11570372c821f8619ca\"},\"headline\":\"DECRETO 1\\\/2025 \u2013 PROGRAMA AYUDA DE ALQUILER DE VIVIENDA A LAS PERSONAS JOVENES Y PARA CONTRIBUIR AL RETO DEMOGRAFICO\",\"datePublished\":\"2025-01-22T10:29:07+00:00\",\"mainEntityOfPage\":{\"@id\":\"https:\\\/\\\/helloproject.es\\\/vigilancia\\\/decreto-1-2025-programa-ayuda-de-alquiler-de-vivienda-a-las-personas-jovenes-y-para-contribuir-al-reto-demografico\\\/\"},\"wordCount\":2326,\"publisher\":{\"@id\":\"https:\\\/\\\/helloproject.es\\\/vigilancia\\\/#organization\"},\"image\":{\"@id\":\"https:\\\/\\\/helloproject.es\\\/vigilancia\\\/decreto-1-2025-programa-ayuda-de-alquiler-de-vivienda-a-las-personas-jovenes-y-para-contribuir-al-reto-demografico\\\/#primaryimage\"},\"thumbnailUrl\":\"https:\\\/\\\/www.cantabria.es\\\/documents\\\/26427\\\/21881598\\\/012.jpg\\\/d4445702-c7cf-c44a-3ce9-b0288c1d9b9a?t=1648806893827\",\"articleSection\":[\"Ayudas y Subvenciones\"],\"inLanguage\":\"es\"},{\"@type\":\"WebPage\",\"@id\":\"https:\\\/\\\/helloproject.es\\\/vigilancia\\\/decreto-1-2025-programa-ayuda-de-alquiler-de-vivienda-a-las-personas-jovenes-y-para-contribuir-al-reto-demografico\\\/\",\"url\":\"https:\\\/\\\/helloproject.es\\\/vigilancia\\\/decreto-1-2025-programa-ayuda-de-alquiler-de-vivienda-a-las-personas-jovenes-y-para-contribuir-al-reto-demografico\\\/\",\"name\":\"DECRETO 1\\\/2025 \u2013 PROGRAMA AYUDA DE ALQUILER DE VIVIENDA A LAS PERSONAS JOVENES Y PARA CONTRIBUIR AL RETO DEMOGRAFICO - bip4ex\",\"isPartOf\":{\"@id\":\"https:\\\/\\\/helloproject.es\\\/vigilancia\\\/#website\"},\"primaryImageOfPage\":{\"@id\":\"https:\\\/\\\/helloproject.es\\\/vigilancia\\\/decreto-1-2025-programa-ayuda-de-alquiler-de-vivienda-a-las-personas-jovenes-y-para-contribuir-al-reto-demografico\\\/#primaryimage\"},\"image\":{\"@id\":\"https:\\\/\\\/helloproject.es\\\/vigilancia\\\/decreto-1-2025-programa-ayuda-de-alquiler-de-vivienda-a-las-personas-jovenes-y-para-contribuir-al-reto-demografico\\\/#primaryimage\"},\"thumbnailUrl\":\"https:\\\/\\\/www.cantabria.es\\\/documents\\\/26427\\\/21881598\\\/012.jpg\\\/d4445702-c7cf-c44a-3ce9-b0288c1d9b9a?t=1648806893827\",\"datePublished\":\"2025-01-22T10:29:07+00:00\",\"breadcrumb\":{\"@id\":\"https:\\\/\\\/helloproject.es\\\/vigilancia\\\/decreto-1-2025-programa-ayuda-de-alquiler-de-vivienda-a-las-personas-jovenes-y-para-contribuir-al-reto-demografico\\\/#breadcrumb\"},\"inLanguage\":\"es\",\"potentialAction\":[{\"@type\":\"ReadAction\",\"target\":[\"https:\\\/\\\/helloproject.es\\\/vigilancia\\\/decreto-1-2025-programa-ayuda-de-alquiler-de-vivienda-a-las-personas-jovenes-y-para-contribuir-al-reto-demografico\\\/\"]}]},{\"@type\":\"ImageObject\",\"inLanguage\":\"es\",\"@id\":\"https:\\\/\\\/helloproject.es\\\/vigilancia\\\/decreto-1-2025-programa-ayuda-de-alquiler-de-vivienda-a-las-personas-jovenes-y-para-contribuir-al-reto-demografico\\\/#primaryimage\",\"url\":\"https:\\\/\\\/www.cantabria.es\\\/documents\\\/26427\\\/21881598\\\/012.jpg\\\/d4445702-c7cf-c44a-3ce9-b0288c1d9b9a?t=1648806893827\",\"contentUrl\":\"https:\\\/\\\/www.cantabria.es\\\/documents\\\/26427\\\/21881598\\\/012.jpg\\\/d4445702-c7cf-c44a-3ce9-b0288c1d9b9a?t=1648806893827\"},{\"@type\":\"BreadcrumbList\",\"@id\":\"https:\\\/\\\/helloproject.es\\\/vigilancia\\\/decreto-1-2025-programa-ayuda-de-alquiler-de-vivienda-a-las-personas-jovenes-y-para-contribuir-al-reto-demografico\\\/#breadcrumb\",\"itemListElement\":[{\"@type\":\"ListItem\",\"position\":1,\"name\":\"Home\",\"item\":\"https:\\\/\\\/helloproject.es\\\/vigilancia\\\/\"},{\"@type\":\"ListItem\",\"position\":2,\"name\":\"DECRETO 1\\\/2025 \u2013 PROGRAMA AYUDA DE ALQUILER DE VIVIENDA A LAS PERSONAS JOVENES Y PARA CONTRIBUIR AL RETO DEMOGRAFICO\"}]},{\"@type\":\"WebSite\",\"@id\":\"https:\\\/\\\/helloproject.es\\\/vigilancia\\\/#website\",\"url\":\"https:\\\/\\\/helloproject.es\\\/vigilancia\\\/\",\"name\":\"bip4ex\",\"description\":\"Vigilancia Tecnol\u00f3gica\",\"publisher\":{\"@id\":\"https:\\\/\\\/helloproject.es\\\/vigilancia\\\/#organization\"},\"potentialAction\":[{\"@type\":\"SearchAction\",\"target\":{\"@type\":\"EntryPoint\",\"urlTemplate\":\"https:\\\/\\\/helloproject.es\\\/vigilancia\\\/?s={search_term_string}\"},\"query-input\":{\"@type\":\"PropertyValueSpecification\",\"valueRequired\":true,\"valueName\":\"search_term_string\"}}],\"inLanguage\":\"es\"},{\"@type\":\"Organization\",\"@id\":\"https:\\\/\\\/helloproject.es\\\/vigilancia\\\/#organization\",\"name\":\"Helloproject.es\",\"url\":\"https:\\\/\\\/helloproject.es\\\/vigilancia\\\/\",\"logo\":{\"@type\":\"ImageObject\",\"inLanguage\":\"es\",\"@id\":\"https:\\\/\\\/helloproject.es\\\/vigilancia\\\/#\\\/schema\\\/logo\\\/image\\\/\",\"url\":\"https:\\\/\\\/helloproject.es\\\/vigilancia\\\/wp-content\\\/uploads\\\/2023\\\/07\\\/bip4ex.png\",\"contentUrl\":\"https:\\\/\\\/helloproject.es\\\/vigilancia\\\/wp-content\\\/uploads\\\/2023\\\/07\\\/bip4ex.png\",\"width\":322,\"height\":365,\"caption\":\"Helloproject.es\"},\"image\":{\"@id\":\"https:\\\/\\\/helloproject.es\\\/vigilancia\\\/#\\\/schema\\\/logo\\\/image\\\/\"}},{\"@type\":\"Person\",\"@id\":\"https:\\\/\\\/helloproject.es\\\/vigilancia\\\/#\\\/schema\\\/person\\\/3767b0619d59a11570372c821f8619ca\",\"name\":\"Luis Miguel Mej\u00edas Ramos\",\"url\":\"https:\\\/\\\/helloproject.es\\\/vigilancia\\\/author\\\/luismi\\\/\"}]}<\/script>\n<!-- \/ Yoast SEO Premium plugin. -->","yoast_head_json":{"title":"DECRETO 1\/2025 \u2013 PROGRAMA AYUDA DE ALQUILER DE VIVIENDA A LAS PERSONAS JOVENES Y PARA CONTRIBUIR AL RETO DEMOGRAFICO - bip4ex","robots":{"index":"index","follow":"follow","max-snippet":"max-snippet:-1","max-image-preview":"max-image-preview:large","max-video-preview":"max-video-preview:-1"},"canonical":"https:\/\/helloproject.es\/vigilancia\/decreto-1-2025-programa-ayuda-de-alquiler-de-vivienda-a-las-personas-jovenes-y-para-contribuir-al-reto-demografico\/","og_locale":"es_ES","og_type":"article","og_title":"DECRETO 1\/2025 \u2013 PROGRAMA AYUDA DE ALQUILER DE VIVIENDA A LAS PERSONAS JOVENES Y PARA CONTRIBUIR AL RETO DEMOGRAFICO","og_description":"Subvencion: DECRETO 1\/2025 \u2013 PROGRAMA AYUDA DE ALQUILER DE VIVIENDA A LAS PERSONAS JOVENES Y PARA CONTRIBUIR AL RETO DEMOGRAFICO Servicio telef\u00f3nico 012 de atenci\u00f3n al ciudadano de Cantabria Descripci\u00f3n: Decreto 1\/2025, de 9 de enero, por el que se regulan determinadas ayudas del Plan Estatal para el acceso a la vivienda 2022-2025 en el [&hellip;]","og_url":"https:\/\/helloproject.es\/vigilancia\/decreto-1-2025-programa-ayuda-de-alquiler-de-vivienda-a-las-personas-jovenes-y-para-contribuir-al-reto-demografico\/","og_site_name":"bip4ex","article_published_time":"2025-01-22T10:29:07+00:00","og_image":[{"url":"https:\/\/www.cantabria.es\/documents\/26427\/21881598\/012.jpg\/d4445702-c7cf-c44a-3ce9-b0288c1d9b9a?t=1648806893827","type":"","width":"","height":""}],"author":"Luis Miguel Mej\u00edas Ramos","twitter_card":"summary_large_image","twitter_misc":{"Escrito por":"Luis Miguel Mej\u00edas Ramos","Tiempo de lectura":"12 minutos"},"schema":{"@context":"https:\/\/schema.org","@graph":[{"@type":"Article","@id":"https:\/\/helloproject.es\/vigilancia\/decreto-1-2025-programa-ayuda-de-alquiler-de-vivienda-a-las-personas-jovenes-y-para-contribuir-al-reto-demografico\/#article","isPartOf":{"@id":"https:\/\/helloproject.es\/vigilancia\/decreto-1-2025-programa-ayuda-de-alquiler-de-vivienda-a-las-personas-jovenes-y-para-contribuir-al-reto-demografico\/"},"author":{"name":"Luis Miguel Mej\u00edas Ramos","@id":"https:\/\/helloproject.es\/vigilancia\/#\/schema\/person\/3767b0619d59a11570372c821f8619ca"},"headline":"DECRETO 1\/2025 \u2013 PROGRAMA AYUDA DE ALQUILER DE VIVIENDA A LAS PERSONAS JOVENES Y PARA CONTRIBUIR AL RETO DEMOGRAFICO","datePublished":"2025-01-22T10:29:07+00:00","mainEntityOfPage":{"@id":"https:\/\/helloproject.es\/vigilancia\/decreto-1-2025-programa-ayuda-de-alquiler-de-vivienda-a-las-personas-jovenes-y-para-contribuir-al-reto-demografico\/"},"wordCount":2326,"publisher":{"@id":"https:\/\/helloproject.es\/vigilancia\/#organization"},"image":{"@id":"https:\/\/helloproject.es\/vigilancia\/decreto-1-2025-programa-ayuda-de-alquiler-de-vivienda-a-las-personas-jovenes-y-para-contribuir-al-reto-demografico\/#primaryimage"},"thumbnailUrl":"https:\/\/www.cantabria.es\/documents\/26427\/21881598\/012.jpg\/d4445702-c7cf-c44a-3ce9-b0288c1d9b9a?t=1648806893827","articleSection":["Ayudas y Subvenciones"],"inLanguage":"es"},{"@type":"WebPage","@id":"https:\/\/helloproject.es\/vigilancia\/decreto-1-2025-programa-ayuda-de-alquiler-de-vivienda-a-las-personas-jovenes-y-para-contribuir-al-reto-demografico\/","url":"https:\/\/helloproject.es\/vigilancia\/decreto-1-2025-programa-ayuda-de-alquiler-de-vivienda-a-las-personas-jovenes-y-para-contribuir-al-reto-demografico\/","name":"DECRETO 1\/2025 \u2013 PROGRAMA AYUDA DE ALQUILER DE VIVIENDA A LAS PERSONAS JOVENES Y PARA CONTRIBUIR AL RETO DEMOGRAFICO - bip4ex","isPartOf":{"@id":"https:\/\/helloproject.es\/vigilancia\/#website"},"primaryImageOfPage":{"@id":"https:\/\/helloproject.es\/vigilancia\/decreto-1-2025-programa-ayuda-de-alquiler-de-vivienda-a-las-personas-jovenes-y-para-contribuir-al-reto-demografico\/#primaryimage"},"image":{"@id":"https:\/\/helloproject.es\/vigilancia\/decreto-1-2025-programa-ayuda-de-alquiler-de-vivienda-a-las-personas-jovenes-y-para-contribuir-al-reto-demografico\/#primaryimage"},"thumbnailUrl":"https:\/\/www.cantabria.es\/documents\/26427\/21881598\/012.jpg\/d4445702-c7cf-c44a-3ce9-b0288c1d9b9a?t=1648806893827","datePublished":"2025-01-22T10:29:07+00:00","breadcrumb":{"@id":"https:\/\/helloproject.es\/vigilancia\/decreto-1-2025-programa-ayuda-de-alquiler-de-vivienda-a-las-personas-jovenes-y-para-contribuir-al-reto-demografico\/#breadcrumb"},"inLanguage":"es","potentialAction":[{"@type":"ReadAction","target":["https:\/\/helloproject.es\/vigilancia\/decreto-1-2025-programa-ayuda-de-alquiler-de-vivienda-a-las-personas-jovenes-y-para-contribuir-al-reto-demografico\/"]}]},{"@type":"ImageObject","inLanguage":"es","@id":"https:\/\/helloproject.es\/vigilancia\/decreto-1-2025-programa-ayuda-de-alquiler-de-vivienda-a-las-personas-jovenes-y-para-contribuir-al-reto-demografico\/#primaryimage","url":"https:\/\/www.cantabria.es\/documents\/26427\/21881598\/012.jpg\/d4445702-c7cf-c44a-3ce9-b0288c1d9b9a?t=1648806893827","contentUrl":"https:\/\/www.cantabria.es\/documents\/26427\/21881598\/012.jpg\/d4445702-c7cf-c44a-3ce9-b0288c1d9b9a?t=1648806893827"},{"@type":"BreadcrumbList","@id":"https:\/\/helloproject.es\/vigilancia\/decreto-1-2025-programa-ayuda-de-alquiler-de-vivienda-a-las-personas-jovenes-y-para-contribuir-al-reto-demografico\/#breadcrumb","itemListElement":[{"@type":"ListItem","position":1,"name":"Home","item":"https:\/\/helloproject.es\/vigilancia\/"},{"@type":"ListItem","position":2,"name":"DECRETO 1\/2025 \u2013 PROGRAMA AYUDA DE ALQUILER DE VIVIENDA A LAS PERSONAS JOVENES Y PARA CONTRIBUIR AL RETO DEMOGRAFICO"}]},{"@type":"WebSite","@id":"https:\/\/helloproject.es\/vigilancia\/#website","url":"https:\/\/helloproject.es\/vigilancia\/","name":"bip4ex","description":"Vigilancia Tecnol\u00f3gica","publisher":{"@id":"https:\/\/helloproject.es\/vigilancia\/#organization"},"potentialAction":[{"@type":"SearchAction","target":{"@type":"EntryPoint","urlTemplate":"https:\/\/helloproject.es\/vigilancia\/?s={search_term_string}"},"query-input":{"@type":"PropertyValueSpecification","valueRequired":true,"valueName":"search_term_string"}}],"inLanguage":"es"},{"@type":"Organization","@id":"https:\/\/helloproject.es\/vigilancia\/#organization","name":"Helloproject.es","url":"https:\/\/helloproject.es\/vigilancia\/","logo":{"@type":"ImageObject","inLanguage":"es","@id":"https:\/\/helloproject.es\/vigilancia\/#\/schema\/logo\/image\/","url":"https:\/\/helloproject.es\/vigilancia\/wp-content\/uploads\/2023\/07\/bip4ex.png","contentUrl":"https:\/\/helloproject.es\/vigilancia\/wp-content\/uploads\/2023\/07\/bip4ex.png","width":322,"height":365,"caption":"Helloproject.es"},"image":{"@id":"https:\/\/helloproject.es\/vigilancia\/#\/schema\/logo\/image\/"}},{"@type":"Person","@id":"https:\/\/helloproject.es\/vigilancia\/#\/schema\/person\/3767b0619d59a11570372c821f8619ca","name":"Luis Miguel Mej\u00edas Ramos","url":"https:\/\/helloproject.es\/vigilancia\/author\/luismi\/"}]}},"_links":{"self":[{"href":"https:\/\/helloproject.es\/vigilancia\/wp-json\/wp\/v2\/posts\/24302","targetHints":{"allow":["GET"]}}],"collection":[{"href":"https:\/\/helloproject.es\/vigilancia\/wp-json\/wp\/v2\/posts"}],"about":[{"href":"https:\/\/helloproject.es\/vigilancia\/wp-json\/wp\/v2\/types\/post"}],"author":[{"embeddable":true,"href":"https:\/\/helloproject.es\/vigilancia\/wp-json\/wp\/v2\/users\/5"}],"replies":[{"embeddable":true,"href":"https:\/\/helloproject.es\/vigilancia\/wp-json\/wp\/v2\/comments?post=24302"}],"version-history":[{"count":0,"href":"https:\/\/helloproject.es\/vigilancia\/wp-json\/wp\/v2\/posts\/24302\/revisions"}],"wp:attachment":[{"href":"https:\/\/helloproject.es\/vigilancia\/wp-json\/wp\/v2\/media?parent=24302"}],"wp:term":[{"taxonomy":"category","embeddable":true,"href":"https:\/\/helloproject.es\/vigilancia\/wp-json\/wp\/v2\/categories?post=24302"},{"taxonomy":"post_tag","embeddable":true,"href":"https:\/\/helloproject.es\/vigilancia\/wp-json\/wp\/v2\/tags?post=24302"}],"curies":[{"name":"wp","href":"https:\/\/api.w.org\/{rel}","templated":true}]}}