{"id":24364,"date":"2025-01-22T12:28:17","date_gmt":"2025-01-22T11:28:17","guid":{"rendered":"https:\/\/helloproject.es\/vigilancia\/el-impacto-de-la-pandemia-en-la-educacion-digital-que-ha-cambiado-5-anos-despues\/"},"modified":"2025-01-22T12:28:17","modified_gmt":"2025-01-22T11:28:17","slug":"el-impacto-de-la-pandemia-en-la-educacion-digital-que-ha-cambiado-5-anos-despues","status":"publish","type":"post","link":"https:\/\/helloproject.es\/vigilancia\/el-impacto-de-la-pandemia-en-la-educacion-digital-que-ha-cambiado-5-anos-despues\/","title":{"rendered":"El impacto de la pandemia en la educaci\u00f3n digital: \u00bfqu\u00e9 ha cambiado 5 a\u00f1os despu\u00e9s?"},"content":{"rendered":"<p>Un <a href=\"https:\/\/journals.plos.org\/plosone\/article?id=10.1371\/journal.pone.0311695\" target=\"_blank\">estudio longitudinal<\/a> realizado en Espa\u00f1a revela que, 5 a\u00f1os despu\u00e9s de la pandemia, el uso de tecnolog\u00edas digitales en las aulas ha evolucionado, aunque persisten desaf\u00edos. La investigaci\u00f3n, publicada en la revista PLOS ONE, examin\u00f3 c\u00f3mo el periodo de la covid-19 transform\u00f3 las pr\u00e1cticas educativas en primaria y secundaria, en los que hubo tanto avances como limitaciones.<\/p>\n<p>Los investigadores, del departamento de Psicolog\u00eda B\u00e1sica de la Universidad Aut\u00f3noma de Madrid (UAM), encontraron que el uso de herramientas digitales ha avanzado hacia metodolog\u00edas m\u00e1s constructivas y cooperativas. Sin embargo, los enfoques tradicionales, centrados en el docente, siguen siendo prevalentes, especialmente entre los profesores con menos experiencia en el uso de dichas tecnolog\u00edas.<\/p>\n<p>Los profesores m\u00e1s formados adoptan estrategias innovadoras y centradas en el estudiante, en tanto que los que tienen menos conocimiento est\u00e1n m\u00e1s limitados<\/p>\n<p>\u201cAntes de la pandemia, estas herramientas se utilizaban principalmente para la transmisi\u00f3n de contenidos, un patr\u00f3n que continu\u00f3 durante el confinamiento. Hoy en d\u00eda, aunque las actividades constructivas han ganado espacio, las pr\u00e1cticas reproductivas a\u00fan predominan en muchas aulas\u201d, afirman los autores.<\/p>\n<p>Un factor crucial identificado por el estudio es el nivel de formaci\u00f3n de los docentes en el manejo de tecnolog\u00edas digitales. Los profesores con mayor experiencia tienden a adoptar estrategias m\u00e1s innovadoras y centradas en el estudiante, mientras que aquellos con formaci\u00f3n limitada enfrentan mayores barreras.<\/p>\n<p><a><\/a><\/p>\n<h2>Hallazgos principales<\/h2>\n<p>El estudio compar\u00f3 datos recopilados durante el confinamiento (2020) con una nueva encuesta aplicada en 2023 a 144 docentes de la muestra original. El an\u00e1lisis incluy\u00f3 36 \u00edtems para evaluar la frecuencia de actividades digitales y los tipos de aprendizaje promovidos: verbal, procedimental y actitudinal.<\/p>\n<p>Entre los hallazgos destacados se incluye la frecuencia de uso: aunque ha disminuido respecto al confinamiento, el uso de tecnolog\u00edas digitales sigue siendo mayor que antes de la pandemia. Las pr\u00e1cticas reproductivas han reducido su presencia, mientras que las actividades constructivas, especialmente las cooperativas, han aumentado.<\/p>\n<p>El uso de tecnolog\u00edas digitales sigue siendo mayor que antes de la pandemia<\/p>\n<p>Sobre los resultados de aprendizaje, los enfoques verbales y procedimentales son los m\u00e1s frecuentes, mientras que el aprendizaje actitudinal y la evaluaci\u00f3n digital han perdido relevancia.<\/p>\n<p>Adem\u00e1s, se identificaron tres perfiles de uso tecnol\u00f3gico entre los docentes: pasivo, activo e interpretativo.<\/p>\n<p>Los perfiles activos e interpretativos, m\u00e1s vinculados a pr\u00e1cticas innovadoras, est\u00e1n asociados con docentes que poseen mayor experiencia tecnol\u00f3gica.<\/p>\n<p><a><\/a><\/p>\n<h2>Futuro de la educaci\u00f3n digital<\/h2>\n<p>El estudio concluye que, aunque la pandemia impuls\u00f3 el uso de tecnolog\u00edas digitales en el aula, su integraci\u00f3n plena sigue enfrentando barreras. Entre estas destacan la formaci\u00f3n insuficiente de los docentes y la prevalencia de enfoques pedag\u00f3gicos tradicionales.<\/p>\n<p>Destaca la importancia de seguir investigando el papel de las tecnolog\u00edas en educaci\u00f3n, no solo como un recurso de emergencia, sino en pr\u00e1cticas pedag\u00f3gicas m\u00e1s efectivas<\/p>\n<p>\u201cPara maximizar el impacto de estas herramientas, es fundamental reforzar las competencias digitales de los profesores y promover actividades centradas en el estudiante\u201d, aseguran los investigadores.<\/p>\n<p>El trabajo subraya la importancia de seguir investigando el papel de las tecnolog\u00edas en la educaci\u00f3n, no solo como un recurso de emergencia, sino como un catalizador para pr\u00e1cticas pedag\u00f3gicas m\u00e1s efectivas e innovadoras. \u201cLa pandemia dej\u00f3 una lecci\u00f3n clave: la digitalizaci\u00f3n en la ense\u00f1anza debe ir m\u00e1s all\u00e1 de su implementaci\u00f3n superficial, orient\u00e1ndose hacia un verdadero cambio transformador en las aulas\u201d, concluyen los autores.\u00a0 \u00a0\u00a0<\/p>\n<p>Referencia:<\/p>\n<p>Pozo, J.-I., Cabellos, B., &amp; P\u00e9rez Echeverr\u00eda, M. P. (2024). Has the educational use of digital technologies changed after the pandemic? A longitudinal study. <a href=\"https:\/\/doi.org\/10.1371\/journal.pone.0311695\" target=\"_blank\">PLOS ONE<\/a>\u00a0(2024)\u00a0<\/p>","protected":false},"excerpt":{"rendered":"<p>Un estudio longitudinal realizado en Espa\u00f1a revela que, 5 a\u00f1os despu\u00e9s de la pandemia, el uso de tecnolog\u00edas digitales en las aulas ha evolucionado, aunque persisten desaf\u00edos. La investigaci\u00f3n, publicada en la revista PLOS ONE, examin\u00f3 c\u00f3mo el periodo de la covid-19 transform\u00f3 las pr\u00e1cticas educativas en primaria y secundaria, en los que hubo tanto [&hellip;]<\/p>\n","protected":false},"author":5,"featured_media":0,"comment_status":"","ping_status":"","sticky":false,"template":"","format":"standard","meta":{"site-sidebar-layout":"default","site-content-layout":"","ast-site-content-layout":"default","site-content-style":"default","site-sidebar-style":"default","ast-global-header-display":"","ast-banner-title-visibility":"","ast-main-header-display":"","ast-hfb-above-header-display":"","ast-hfb-below-header-display":"","ast-hfb-mobile-header-display":"","site-post-title":"","ast-breadcrumbs-content":"","ast-featured-img":"","footer-sml-layout":"","ast-disable-related-posts":"","theme-transparent-header-meta":"","adv-header-id-meta":"","stick-header-meta":"","header-above-stick-meta":"","header-main-stick-meta":"","header-below-stick-meta":"","astra-migrate-meta-layouts":"default","ast-page-background-enabled":"default","ast-page-background-meta":{"desktop":{"background-color":"var(--ast-global-color-4)","background-image":"","background-repeat":"repeat","background-position":"center center","background-size":"auto","background-attachment":"scroll","background-type":"","background-media":"","overlay-type":"","overlay-color":"","overlay-opacity":"","overlay-gradient":""},"tablet":{"background-color":"","background-image":"","background-repeat":"repeat","background-position":"center center","background-size":"auto","background-attachment":"scroll","background-type":"","background-media":"","overlay-type":"","overlay-color":"","overlay-opacity":"","overlay-gradient":""},"mobile":{"background-color":"","background-image":"","background-repeat":"repeat","background-position":"center center","background-size":"auto","background-attachment":"scroll","background-type":"","background-media":"","overlay-type":"","overlay-color":"","overlay-opacity":"","overlay-gradient":""}},"ast-content-background-meta":{"desktop":{"background-color":"var(--ast-global-color-5)","background-image":"","background-repeat":"repeat","background-position":"center center","background-size":"auto","background-attachment":"scroll","background-type":"","background-media":"","overlay-type":"","overlay-color":"","overlay-opacity":"","overlay-gradient":""},"tablet":{"background-color":"var(--ast-global-color-5)","background-image":"","background-repeat":"repeat","background-position":"center center","background-size":"auto","background-attachment":"scroll","background-type":"","background-media":"","overlay-type":"","overlay-color":"","overlay-opacity":"","overlay-gradient":""},"mobile":{"background-color":"var(--ast-global-color-5)","background-image":"","background-repeat":"repeat","background-position":"center center","background-size":"auto","background-attachment":"scroll","background-type":"","background-media":"","overlay-type":"","overlay-color":"","overlay-opacity":"","overlay-gradient":""}},"footnotes":""},"categories":[5],"tags":[],"class_list":["post-24364","post","type-post","status-publish","format-standard","hentry","category-noticias"],"yoast_head":"<!-- This site is optimized with the Yoast SEO Premium plugin v20.9 (Yoast SEO v27.4) - https:\/\/yoast.com\/product\/yoast-seo-premium-wordpress\/ -->\n<title>El impacto de la pandemia en la educaci\u00f3n digital: \u00bfqu\u00e9 ha cambiado 5 a\u00f1os despu\u00e9s? - bip4ex<\/title>\n<meta name=\"robots\" content=\"index, follow, max-snippet:-1, max-image-preview:large, max-video-preview:-1\" \/>\n<link rel=\"canonical\" href=\"https:\/\/helloproject.es\/vigilancia\/el-impacto-de-la-pandemia-en-la-educacion-digital-que-ha-cambiado-5-anos-despues\/\" \/>\n<meta property=\"og:locale\" content=\"es_ES\" \/>\n<meta property=\"og:type\" content=\"article\" \/>\n<meta property=\"og:title\" content=\"El impacto de la pandemia en la educaci\u00f3n digital: \u00bfqu\u00e9 ha cambiado 5 a\u00f1os despu\u00e9s?\" \/>\n<meta property=\"og:description\" content=\"Un estudio longitudinal realizado en Espa\u00f1a revela que, 5 a\u00f1os despu\u00e9s de la pandemia, el uso de tecnolog\u00edas digitales en las aulas ha evolucionado, aunque persisten desaf\u00edos. La investigaci\u00f3n, publicada en la revista PLOS ONE, examin\u00f3 c\u00f3mo el periodo de la covid-19 transform\u00f3 las pr\u00e1cticas educativas en primaria y secundaria, en los que hubo tanto [&hellip;]\" \/>\n<meta property=\"og:url\" content=\"https:\/\/helloproject.es\/vigilancia\/el-impacto-de-la-pandemia-en-la-educacion-digital-que-ha-cambiado-5-anos-despues\/\" \/>\n<meta property=\"og:site_name\" content=\"bip4ex\" \/>\n<meta property=\"article:published_time\" content=\"2025-01-22T11:28:17+00:00\" \/>\n<meta name=\"author\" content=\"Luis Miguel Mej\u00edas Ramos\" \/>\n<meta name=\"twitter:card\" content=\"summary_large_image\" \/>\n<meta name=\"twitter:label1\" content=\"Escrito por\" \/>\n\t<meta name=\"twitter:data1\" content=\"Luis Miguel Mej\u00edas Ramos\" \/>\n\t<meta name=\"twitter:label2\" content=\"Tiempo de lectura\" \/>\n\t<meta name=\"twitter:data2\" content=\"3 minutos\" \/>\n<script type=\"application\/ld+json\" class=\"yoast-schema-graph\">{\"@context\":\"https:\\\/\\\/schema.org\",\"@graph\":[{\"@type\":\"Article\",\"@id\":\"https:\\\/\\\/helloproject.es\\\/vigilancia\\\/el-impacto-de-la-pandemia-en-la-educacion-digital-que-ha-cambiado-5-anos-despues\\\/#article\",\"isPartOf\":{\"@id\":\"https:\\\/\\\/helloproject.es\\\/vigilancia\\\/el-impacto-de-la-pandemia-en-la-educacion-digital-que-ha-cambiado-5-anos-despues\\\/\"},\"author\":{\"name\":\"Luis Miguel Mej\u00edas Ramos\",\"@id\":\"https:\\\/\\\/helloproject.es\\\/vigilancia\\\/#\\\/schema\\\/person\\\/3767b0619d59a11570372c821f8619ca\"},\"headline\":\"El impacto de la pandemia en la educaci\u00f3n digital: \u00bfqu\u00e9 ha cambiado 5 a\u00f1os despu\u00e9s?\",\"datePublished\":\"2025-01-22T11:28:17+00:00\",\"mainEntityOfPage\":{\"@id\":\"https:\\\/\\\/helloproject.es\\\/vigilancia\\\/el-impacto-de-la-pandemia-en-la-educacion-digital-que-ha-cambiado-5-anos-despues\\\/\"},\"wordCount\":649,\"publisher\":{\"@id\":\"https:\\\/\\\/helloproject.es\\\/vigilancia\\\/#organization\"},\"articleSection\":[\"Noticias\"],\"inLanguage\":\"es\"},{\"@type\":\"WebPage\",\"@id\":\"https:\\\/\\\/helloproject.es\\\/vigilancia\\\/el-impacto-de-la-pandemia-en-la-educacion-digital-que-ha-cambiado-5-anos-despues\\\/\",\"url\":\"https:\\\/\\\/helloproject.es\\\/vigilancia\\\/el-impacto-de-la-pandemia-en-la-educacion-digital-que-ha-cambiado-5-anos-despues\\\/\",\"name\":\"El impacto de la pandemia en la educaci\u00f3n digital: \u00bfqu\u00e9 ha cambiado 5 a\u00f1os despu\u00e9s? - bip4ex\",\"isPartOf\":{\"@id\":\"https:\\\/\\\/helloproject.es\\\/vigilancia\\\/#website\"},\"datePublished\":\"2025-01-22T11:28:17+00:00\",\"breadcrumb\":{\"@id\":\"https:\\\/\\\/helloproject.es\\\/vigilancia\\\/el-impacto-de-la-pandemia-en-la-educacion-digital-que-ha-cambiado-5-anos-despues\\\/#breadcrumb\"},\"inLanguage\":\"es\",\"potentialAction\":[{\"@type\":\"ReadAction\",\"target\":[\"https:\\\/\\\/helloproject.es\\\/vigilancia\\\/el-impacto-de-la-pandemia-en-la-educacion-digital-que-ha-cambiado-5-anos-despues\\\/\"]}]},{\"@type\":\"BreadcrumbList\",\"@id\":\"https:\\\/\\\/helloproject.es\\\/vigilancia\\\/el-impacto-de-la-pandemia-en-la-educacion-digital-que-ha-cambiado-5-anos-despues\\\/#breadcrumb\",\"itemListElement\":[{\"@type\":\"ListItem\",\"position\":1,\"name\":\"Home\",\"item\":\"https:\\\/\\\/helloproject.es\\\/vigilancia\\\/\"},{\"@type\":\"ListItem\",\"position\":2,\"name\":\"El impacto de la pandemia en la educaci\u00f3n digital: \u00bfqu\u00e9 ha cambiado 5 a\u00f1os despu\u00e9s?\"}]},{\"@type\":\"WebSite\",\"@id\":\"https:\\\/\\\/helloproject.es\\\/vigilancia\\\/#website\",\"url\":\"https:\\\/\\\/helloproject.es\\\/vigilancia\\\/\",\"name\":\"bip4ex\",\"description\":\"Vigilancia Tecnol\u00f3gica\",\"publisher\":{\"@id\":\"https:\\\/\\\/helloproject.es\\\/vigilancia\\\/#organization\"},\"potentialAction\":[{\"@type\":\"SearchAction\",\"target\":{\"@type\":\"EntryPoint\",\"urlTemplate\":\"https:\\\/\\\/helloproject.es\\\/vigilancia\\\/?s={search_term_string}\"},\"query-input\":{\"@type\":\"PropertyValueSpecification\",\"valueRequired\":true,\"valueName\":\"search_term_string\"}}],\"inLanguage\":\"es\"},{\"@type\":\"Organization\",\"@id\":\"https:\\\/\\\/helloproject.es\\\/vigilancia\\\/#organization\",\"name\":\"Helloproject.es\",\"url\":\"https:\\\/\\\/helloproject.es\\\/vigilancia\\\/\",\"logo\":{\"@type\":\"ImageObject\",\"inLanguage\":\"es\",\"@id\":\"https:\\\/\\\/helloproject.es\\\/vigilancia\\\/#\\\/schema\\\/logo\\\/image\\\/\",\"url\":\"https:\\\/\\\/helloproject.es\\\/vigilancia\\\/wp-content\\\/uploads\\\/2023\\\/07\\\/bip4ex.png\",\"contentUrl\":\"https:\\\/\\\/helloproject.es\\\/vigilancia\\\/wp-content\\\/uploads\\\/2023\\\/07\\\/bip4ex.png\",\"width\":322,\"height\":365,\"caption\":\"Helloproject.es\"},\"image\":{\"@id\":\"https:\\\/\\\/helloproject.es\\\/vigilancia\\\/#\\\/schema\\\/logo\\\/image\\\/\"}},{\"@type\":\"Person\",\"@id\":\"https:\\\/\\\/helloproject.es\\\/vigilancia\\\/#\\\/schema\\\/person\\\/3767b0619d59a11570372c821f8619ca\",\"name\":\"Luis Miguel Mej\u00edas Ramos\",\"url\":\"https:\\\/\\\/helloproject.es\\\/vigilancia\\\/author\\\/luismi\\\/\"}]}<\/script>\n<!-- \/ Yoast SEO Premium plugin. -->","yoast_head_json":{"title":"El impacto de la pandemia en la educaci\u00f3n digital: \u00bfqu\u00e9 ha cambiado 5 a\u00f1os despu\u00e9s? - bip4ex","robots":{"index":"index","follow":"follow","max-snippet":"max-snippet:-1","max-image-preview":"max-image-preview:large","max-video-preview":"max-video-preview:-1"},"canonical":"https:\/\/helloproject.es\/vigilancia\/el-impacto-de-la-pandemia-en-la-educacion-digital-que-ha-cambiado-5-anos-despues\/","og_locale":"es_ES","og_type":"article","og_title":"El impacto de la pandemia en la educaci\u00f3n digital: \u00bfqu\u00e9 ha cambiado 5 a\u00f1os despu\u00e9s?","og_description":"Un estudio longitudinal realizado en Espa\u00f1a revela que, 5 a\u00f1os despu\u00e9s de la pandemia, el uso de tecnolog\u00edas digitales en las aulas ha evolucionado, aunque persisten desaf\u00edos. La investigaci\u00f3n, publicada en la revista PLOS ONE, examin\u00f3 c\u00f3mo el periodo de la covid-19 transform\u00f3 las pr\u00e1cticas educativas en primaria y secundaria, en los que hubo tanto [&hellip;]","og_url":"https:\/\/helloproject.es\/vigilancia\/el-impacto-de-la-pandemia-en-la-educacion-digital-que-ha-cambiado-5-anos-despues\/","og_site_name":"bip4ex","article_published_time":"2025-01-22T11:28:17+00:00","author":"Luis Miguel Mej\u00edas Ramos","twitter_card":"summary_large_image","twitter_misc":{"Escrito por":"Luis Miguel Mej\u00edas Ramos","Tiempo de lectura":"3 minutos"},"schema":{"@context":"https:\/\/schema.org","@graph":[{"@type":"Article","@id":"https:\/\/helloproject.es\/vigilancia\/el-impacto-de-la-pandemia-en-la-educacion-digital-que-ha-cambiado-5-anos-despues\/#article","isPartOf":{"@id":"https:\/\/helloproject.es\/vigilancia\/el-impacto-de-la-pandemia-en-la-educacion-digital-que-ha-cambiado-5-anos-despues\/"},"author":{"name":"Luis Miguel Mej\u00edas Ramos","@id":"https:\/\/helloproject.es\/vigilancia\/#\/schema\/person\/3767b0619d59a11570372c821f8619ca"},"headline":"El impacto de la pandemia en la educaci\u00f3n digital: \u00bfqu\u00e9 ha cambiado 5 a\u00f1os despu\u00e9s?","datePublished":"2025-01-22T11:28:17+00:00","mainEntityOfPage":{"@id":"https:\/\/helloproject.es\/vigilancia\/el-impacto-de-la-pandemia-en-la-educacion-digital-que-ha-cambiado-5-anos-despues\/"},"wordCount":649,"publisher":{"@id":"https:\/\/helloproject.es\/vigilancia\/#organization"},"articleSection":["Noticias"],"inLanguage":"es"},{"@type":"WebPage","@id":"https:\/\/helloproject.es\/vigilancia\/el-impacto-de-la-pandemia-en-la-educacion-digital-que-ha-cambiado-5-anos-despues\/","url":"https:\/\/helloproject.es\/vigilancia\/el-impacto-de-la-pandemia-en-la-educacion-digital-que-ha-cambiado-5-anos-despues\/","name":"El impacto de la pandemia en la educaci\u00f3n digital: \u00bfqu\u00e9 ha cambiado 5 a\u00f1os despu\u00e9s? - bip4ex","isPartOf":{"@id":"https:\/\/helloproject.es\/vigilancia\/#website"},"datePublished":"2025-01-22T11:28:17+00:00","breadcrumb":{"@id":"https:\/\/helloproject.es\/vigilancia\/el-impacto-de-la-pandemia-en-la-educacion-digital-que-ha-cambiado-5-anos-despues\/#breadcrumb"},"inLanguage":"es","potentialAction":[{"@type":"ReadAction","target":["https:\/\/helloproject.es\/vigilancia\/el-impacto-de-la-pandemia-en-la-educacion-digital-que-ha-cambiado-5-anos-despues\/"]}]},{"@type":"BreadcrumbList","@id":"https:\/\/helloproject.es\/vigilancia\/el-impacto-de-la-pandemia-en-la-educacion-digital-que-ha-cambiado-5-anos-despues\/#breadcrumb","itemListElement":[{"@type":"ListItem","position":1,"name":"Home","item":"https:\/\/helloproject.es\/vigilancia\/"},{"@type":"ListItem","position":2,"name":"El impacto de la pandemia en la educaci\u00f3n digital: \u00bfqu\u00e9 ha cambiado 5 a\u00f1os despu\u00e9s?"}]},{"@type":"WebSite","@id":"https:\/\/helloproject.es\/vigilancia\/#website","url":"https:\/\/helloproject.es\/vigilancia\/","name":"bip4ex","description":"Vigilancia Tecnol\u00f3gica","publisher":{"@id":"https:\/\/helloproject.es\/vigilancia\/#organization"},"potentialAction":[{"@type":"SearchAction","target":{"@type":"EntryPoint","urlTemplate":"https:\/\/helloproject.es\/vigilancia\/?s={search_term_string}"},"query-input":{"@type":"PropertyValueSpecification","valueRequired":true,"valueName":"search_term_string"}}],"inLanguage":"es"},{"@type":"Organization","@id":"https:\/\/helloproject.es\/vigilancia\/#organization","name":"Helloproject.es","url":"https:\/\/helloproject.es\/vigilancia\/","logo":{"@type":"ImageObject","inLanguage":"es","@id":"https:\/\/helloproject.es\/vigilancia\/#\/schema\/logo\/image\/","url":"https:\/\/helloproject.es\/vigilancia\/wp-content\/uploads\/2023\/07\/bip4ex.png","contentUrl":"https:\/\/helloproject.es\/vigilancia\/wp-content\/uploads\/2023\/07\/bip4ex.png","width":322,"height":365,"caption":"Helloproject.es"},"image":{"@id":"https:\/\/helloproject.es\/vigilancia\/#\/schema\/logo\/image\/"}},{"@type":"Person","@id":"https:\/\/helloproject.es\/vigilancia\/#\/schema\/person\/3767b0619d59a11570372c821f8619ca","name":"Luis Miguel Mej\u00edas Ramos","url":"https:\/\/helloproject.es\/vigilancia\/author\/luismi\/"}]}},"_links":{"self":[{"href":"https:\/\/helloproject.es\/vigilancia\/wp-json\/wp\/v2\/posts\/24364","targetHints":{"allow":["GET"]}}],"collection":[{"href":"https:\/\/helloproject.es\/vigilancia\/wp-json\/wp\/v2\/posts"}],"about":[{"href":"https:\/\/helloproject.es\/vigilancia\/wp-json\/wp\/v2\/types\/post"}],"author":[{"embeddable":true,"href":"https:\/\/helloproject.es\/vigilancia\/wp-json\/wp\/v2\/users\/5"}],"replies":[{"embeddable":true,"href":"https:\/\/helloproject.es\/vigilancia\/wp-json\/wp\/v2\/comments?post=24364"}],"version-history":[{"count":0,"href":"https:\/\/helloproject.es\/vigilancia\/wp-json\/wp\/v2\/posts\/24364\/revisions"}],"wp:attachment":[{"href":"https:\/\/helloproject.es\/vigilancia\/wp-json\/wp\/v2\/media?parent=24364"}],"wp:term":[{"taxonomy":"category","embeddable":true,"href":"https:\/\/helloproject.es\/vigilancia\/wp-json\/wp\/v2\/categories?post=24364"},{"taxonomy":"post_tag","embeddable":true,"href":"https:\/\/helloproject.es\/vigilancia\/wp-json\/wp\/v2\/tags?post=24364"}],"curies":[{"name":"wp","href":"https:\/\/api.w.org\/{rel}","templated":true}]}}