{"id":24371,"date":"2025-01-22T12:29:16","date_gmt":"2025-01-22T11:29:16","guid":{"rendered":"https:\/\/helloproject.es\/vigilancia\/decreto-1-2025-programa-ayuda-de-adquisicon-de-vivienda-habitual-a-las-personas-jovenes-y-para-contribuir-al-reto-demografico\/"},"modified":"2025-01-22T12:29:16","modified_gmt":"2025-01-22T11:29:16","slug":"decreto-1-2025-programa-ayuda-de-adquisicon-de-vivienda-habitual-a-las-personas-jovenes-y-para-contribuir-al-reto-demografico","status":"publish","type":"post","link":"https:\/\/helloproject.es\/vigilancia\/decreto-1-2025-programa-ayuda-de-adquisicon-de-vivienda-habitual-a-las-personas-jovenes-y-para-contribuir-al-reto-demografico\/","title":{"rendered":"DECRETO 1\/2025 \u2013 PROGRAMA AYUDA DE ADQUISIC\u00d3N DE VIVIENDA HABITUAL A LAS PERSONAS JOVENES Y PARA CONTRIBUIR AL RETO DEMOGRAFICO"},"content":{"rendered":"<div class=\"ayuda_subvencion plantillas\">\n<div class=\"portlet-topper\">\n\t\t\t    <strong class=\"sr-only\">Subvencion:<\/strong>\n<h2 class=\"portlet-title\">DECRETO 1\/2025 \u2013 PROGRAMA AYUDA DE ADQUISIC\u00d3N DE VIVIENDA HABITUAL A LAS PERSONAS JOVENES Y PARA CONTRIBUIR AL RETO DEMOGRAFICO<\/h2>\n<\/div>\n<div class=\"iconosTramitacion\">\n<p>\t\t\t<a target=\"_blank\" href=\"https:\/\/sede.cantabria.es\/sede\/ayuda\/012-telefono-de-atencion-administrativa\" title=\"Servicio telef\u00f3nico 012 de atenci\u00f3n al ciudadano de Cantabria\"><img decoding=\"async\" src=\"https:\/\/www.cantabria.es\/documents\/26427\/21881598\/012.jpg\/d4445702-c7cf-c44a-3ce9-b0288c1d9b9a?t=1648806893827\" alt=\"\" aria-hidden=\"true\" \/><span class=\"sr-only\">Servicio telef\u00f3nico 012 de atenci\u00f3n al ciudadano de Cantabria<\/span><\/a>\n\t\t<\/p><\/div>\n<h3>Descripci\u00f3n:<\/h3>\n<p><span>Decreto 1\/2025, de 9 de enero, por el que se regulan determinadas ayudas del Plan Estatal para el acceso a la vivienda 2022-2025 en el \u00e1mbito de la Comunidad Aut\u00f3noma de Cantabria. &#8211; Programa de Ayuda para la adquisici\u00f3n de vivienda habitual y permanente localizada en un municipio o n\u00facleo de poblaci\u00f3n de peque\u00f1o tama\u00f1o.<\/span><\/p>\n<h3>Bolet\u00edn Oficial de Cantabria<\/h3>\n<p><span>N\u00famero BOC: 14<\/span><\/p>\n<p><span>Fecha BOC: 22\/01\/2025<\/span><\/p>\n<p>\n\t\t\t\t\t<span><br \/>\n\t\t\t\t\t\t<a href=\"https:\/\/boc.cantabria.es\/boces\/verAnuncioAction.do?idAnuBlob=414940\" target=\"_blank\" rel=\"noopener noreferrer\">Enlace BOC<\/a><\/span><\/p>\n<p>\t\t\t\t\t\n\t\t\t\t<\/p>\n<h3>Plazo presentaci\u00f3n:<\/h3>\n<div>\n<p>El plazo de presentaci\u00f3n de solicitudes de esta ayuda <strong>permanecer\u00e1 abierto de forma continuada<\/strong>.<\/p>\n<p><strong>Las personas beneficiarias que hayan obtenido la concesi\u00f3n<\/strong> de la ayuda dispondr\u00e1n de un <strong>plazo de tres meses, desde la fecha de notificaci\u00f3n de la resoluci\u00f3n<\/strong> de concesi\u00f3n de la ayuda, <strong>para presentar la solicitud de abono de la ayuda, formulada en el modelo oficial Anexo XI.<\/strong><\/p>\n<\/div>\n<h3>Fecha inicio plazo presentaci\u00f3n:<\/h3>\n<p><span>23\/01\/2025<\/span><\/p>\n<h3>Beneficiarios:<\/h3>\n<div>\n<p>Podr\u00e1n ser personas beneficiarias de la ayuda contemplada en el punto 2 del art\u00edculo 43 de este Programa, las <strong>personas f\u00edsicas <\/strong>que, adem\u00e1s de cumplir con los requisitos y obligaciones previstos en el art\u00edculo 6 del presente decreto, re\u00fanan los siguientes requisitos:<\/p>\n<ol>\n<li>Haber suscrito a partir del 1 de enero de 2024 escritura de <strong>adquisici\u00f3n de vivienda<\/strong> localizada en un municipio o n\u00facleo de<strong> poblaci\u00f3n de 10.000 habitantes o meno<\/strong>s.<\/li>\n<li>Disponer de unos <strong>ingresos anuales iguales o inferiores a 3 veces el IPREM<\/strong> referido a catorce pagas.<\/li>\n<\/ol>\n<p>Dicho umbral ser\u00e1 de<strong> 4 veces el IPREM <\/strong>si se trata de personas con discapacidad y de <strong>5 veces el IPREM <\/strong>cuando se trate de personas con discapacidad de alguno de los siguientes tipos:<\/p>\n<ol start=\"1\">\n<li>Personas con par\u00e1lisis cerebral, personas con enfermedad mental, personas con discapacidad intelectual o personas con discapacidad del desarrollo, con un grado de discapacidad reconocido igual o superior al 33%.<\/li>\n<li>Personas con discapacidad f\u00edsica o sensorial, con un grado de discapacidad reconocido igual o superior al 33%.<\/li>\n<\/ol>\n<p>Para tener en cuenta los <strong>ingresos de la unidad de convivencia<\/strong> se tendr\u00e1 en cuenta la suma de los importes obtenidos en aplicaci\u00f3n de las siguientes reglas:<\/p>\n<ul>\n<li>Aquellos miembros de la unidad de convivencia que est\u00e9n obligados a presentar la declaraci\u00f3n de la renta, se partir\u00e1 de las cuant\u00edas de la base imponible general y del ahorro, reguladas en los art\u00edculos 48 y 49, respectivamente, de la Ley 35\/2006, de 28 de noviembre, del Impuesto sobre la Renta de las Personas F\u00edsicas, correspondiente a los datos del \u00faltimo ejercicio fiscal en vigor.<\/li>\n<li>En el caso de que alg\u00fan miembro de la unidad de convivencia no est\u00e9 obligado a presentar el Impuesto sobre la Renta de las Personas F\u00edsicas, se tomar\u00e1 como referencia todos los ingresos brutos percibidos durante \u00faltimo ejercicio fiscal vigente anterior a la presentaci\u00f3n de la solicitud de concesi\u00f3n.<\/li>\n<\/ul>\n<ol start=\"3\">\n<li><strong>Tener menos de treinta y cinco a\u00f1os<\/strong>, incluida la edad de treinta y cinco a\u00f1os, en el momento de solicitar la ayuda o en el momento de la formalizaci\u00f3n de la compraventa cuando esta se realice antes de la convocatoria y despu\u00e9s del 1 de enero de 2024.<\/li>\n<li>Que la vivienda adquirida vaya a constituir la<strong> residencia habitual <\/strong>y permanente, as\u00ed como el domicilio fiscal, de la persona beneficiaria <strong>por un plazo m\u00ednimo de cinco a\u00f1os<\/strong> desde la fecha su adquisici\u00f3n, <strong>debiendo ser ocupada en el plazo m\u00e1ximo de tres meses desde su entrega por la entidad vendedora<\/strong>.<\/li>\n<\/ol>\n<p>El plazo de <strong>cinco a\u00f1os podr\u00e1 ser inferior<\/strong> cuando sobrevengan cambios de domicilio por razones laborales o cuando se enajene la vivienda reinvirtiendo el total del importe obtenido con la enajenaci\u00f3n en la adquisici\u00f3n de otra vivienda habitual y permanente que se adec\u00fae a las nuevas circunstancias familiares del beneficiario.<\/p>\n<ol start=\"5\">\n<li>Que el <strong>precio de adquisici\u00f3n<\/strong> de la vivienda s<strong>ea igual o inferior a 120.000 euros<\/strong>.<\/li>\n<\/ol>\n<\/div>\n<h3>Cuant\u00eda:<\/h3>\n<div>\n<p>La cuant\u00eda de la ayuda a la adquisici\u00f3n de vivienda regulada en este cap\u00edtulo, <strong>se abonar\u00e1 de una sola vez y ser\u00e1 del 20% del precio de adquisici\u00f3n de la vivienda,<\/strong> excluidos los gastos y tributos inherentes, con el l\u00edmite de 10.800 euros por vivienda.<\/p>\n<p>En el supuesto de <strong>adquisici\u00f3n de la propiedad de una vivienda por m\u00e1s de una person<\/strong>a, el importe de la ayuda que pudiera recibir una persona beneficiaria, que adquiere una parte de la misma, se determinar\u00e1 aplicando al importe de la ayuda que corresponder\u00eda a la adquisici\u00f3n del 100% de la vivienda el porcentaje de cuota adquirida.<\/p>\n<\/div>\n<h3>Documentaci\u00f3n a adjuntar:<\/h3>\n<div>\n<p><strong>Solicitud de calificaci\u00f3n:<\/strong><\/p>\n<p>Las solicitudes se formular\u00e1n en el<strong> Anexo X y se presentar\u00e1n debidamente firmadas <\/strong>por la persona solicitante o, en su caso, por su representante legal y se acompa\u00f1ar\u00e1n de la siguiente documentaci\u00f3n:<\/p>\n<ol start=\"1\">\n<li><strong>Escritura de compraventa<\/strong> de la vivienda.<\/li>\n<li><strong>Acreditaci\u00f3n de no ser propietario<\/strong> de ninguna otra vivienda mediante Informaci\u00f3n registral expedida por el \u00cdndice Nacional de titularidades del Colegio Nacional de Registradores de la Propiedad y Mercantiles de Espa\u00f1a, de la persona solicitante y de todos los miembros de la unidad de convivencia, en todo el territorio nacional. <strong>En caso de que aparezcan como titulares de alguna vivienda, deber\u00e1n aportar copia del t\u00edtulo de propiedad de la misma.<\/strong><\/li>\n<\/ol>\n<p>En caso de la <strong>no disponibilidad de la vivienda<\/strong> de la que es propietaria la persona solicitante o, en su caso, alg\u00fan miembro de la unidad convivencia, acreditaci\u00f3n de la no disponibilidad de la misma por medio de alguno de los siguientes documentos:<\/p>\n<ol>\n<li>Vivienda adquirida por trasmisi\u00f3n mortis causa con o sin testamento, cualquiera que sea la parte al\u00edcuota atribuida: escritura p\u00fablica notarial de aceptaci\u00f3n de la herencia, partici\u00f3n de la herencia o, en su caso, nota simple del registro de la propiedad.<\/li>\n<li>Vivienda cuando el uso de la misma haya sido atribuido a uno de los c\u00f3nyuges, en caso de separaci\u00f3n o divorcio: sentencia judicial o, en su caso, convenio regulador.<\/li>\n<li>Viviendas que no puedan ser destinadas, seg\u00fan la normativa urban\u00edstica que resulte de aplicaci\u00f3n, a un uso residencial: resoluci\u00f3n de declaraci\u00f3n de ruina o, en su caso, ficha urban\u00edstica del inmueble en el que conste el uso del inmueble.<\/li>\n<li>Vivienda que resulte inaccesible por raz\u00f3n de la discapacidad o, en su caso, de la dependencia de la persona beneficiaria o de alg\u00fan miembro de la unidad de convivencia: resoluci\u00f3n de discapacidad o, en su caso, de dependencia e informe t\u00e9cnico que acredite la concurrencia de barreras arquitect\u00f3nicas en el acceso de la vivienda.<\/li>\n<li>Propietario de vivienda ocupada por personas sin t\u00edtulo habilitante: sentencia judicial o, en su caso, auto judicial.<\/li>\n<\/ol>\n<ol start=\"3\">\n<li><strong>Declaraci\u00f3n responsable<\/strong>, formulada en el modelo oficial <strong>Anexo XIII<\/strong>, de aquellos miembros de la unidad de convivencia, mayores de edad, que vayan a vivir en la vivienda y no est\u00e9n obligados a presentar la declaraci\u00f3n del IRPF, sobre los ingresos anuales correspondientes al \u00faltimo per\u00edodo impositivo con plazo de presentaci\u00f3n vencido.<\/li>\n<li><strong>Anexo de la protecci\u00f3n de datos<\/strong>, formulada en el modelo oficial <strong>Anexo XII<\/strong>, de los miembros de la unidad de convivencia, debidamente firmado por sus integrantes. En el supuesto de menores o incapaces integrantes de la unidad de convivencia, la autorizaci\u00f3n ser\u00e1 suscrita por su representante legal.<\/li>\n<li><strong>Certificado de titularidad bancaria<\/strong> de la persona o personas solicitantes.<\/li>\n<li><strong>En caso de no autorizar<\/strong> la consulta, copia de <strong>NIF\/NIE o tarjeta de residencia legal<\/strong> en Espa\u00f1a.<\/li>\n<li><strong>En caso de no autorizar<\/strong> la consulta, copia de tarjeta acreditativa del <strong>grado de discapacidad <\/strong>referida al solicitante o a cualquier miembro de la unidad de convivencia. No obstante, si por cualquier motivo la consulta a la plataforma de intermediaci\u00f3n de datos no ofreciese la informaci\u00f3n requerida para la tramitaci\u00f3n del expediente, se podr\u00e1 solicitar a la persona interesada la documentaci\u00f3n acreditativa correspondiente.<\/li>\n<\/ol>\n<p><strong>Justificaci\u00f3n y solicitud de pago:<\/strong><\/p>\n<p>Las personas beneficiarias que hayan obtenido la concesi\u00f3n de la ayuda dispondr\u00e1n de un plazo de tres meses, desde la fecha de notificaci\u00f3n de la resoluci\u00f3n de concesi\u00f3n de la ayuda, para presentar la solicitud de abono de la ayuda, formulada en el modelo oficial <strong>Anexo XI<\/strong>, y deber\u00e1 ir acompa\u00f1ada de la siguiente documentaci\u00f3n:<\/p>\n<ol start=\"1\">\n<li>Escritura complementaria o diligencia de <strong>incorporaci\u00f3n de la resoluci\u00f3n de concesi\u00f3n a la escritura de compraventa <\/strong>presentada inicialmente, con su inscripci\u00f3n en el Registro de la Propiedad correspondiente.<\/li>\n<li>Alta del <strong>domicilio fiscal<\/strong> la persona solicitante en la vivienda objeto de la adquisici\u00f3n.<\/li>\n<li>Alta en los s<strong>uministros de agua, electricidad y gas <\/strong>a nombre del adquirente de la vivienda.<\/li>\n<li>En caso de no autorizar la consulta, <strong>certificado de empadronamiento colectivo o certificado de convivencia<\/strong> acompa\u00f1ado \u00e9ste \u00faltimo de certificado de empadronamiento individual de cada miembro de la unidad de convivencia.<\/li>\n<\/ol>\n<p>No obstante, si por cualquier motivo la consulta a la plataforma de intermediaci\u00f3n de datos no ofreciese la informaci\u00f3n requerida para la tramitaci\u00f3n del expediente, se podr\u00e1 solicitar a la persona interesada la documentaci\u00f3n acreditativa correspondiente.<\/p>\n<\/div>\n<h3>Anexos:<\/h3>\n<ul>\n<li>\n\t\t\t\t\t\t\t\t<span class=\"fa fa-file-word-o fa-lg\" aria-hidden=\"true\"><\/span><br \/>\n\t\t\t\t\t\t\t\t<a href=\"https:\/\/www.cantabria.es\/documents\/16401\/63169237\/ANEXO+X_+SOLICITUD+DE+CONCESION+DE+AYUDA+ADQUISICION+VIVIENDA+JOVEN.docx\/7aa66bba-4bec-b795-3401-a1265a482ae7?t=1737464605634\" target=\"_blank\" rel=\"noopener noreferrer\">Anexo X Decreto 1\/2025 Solicitud de Concesi\u00f3n de Ayuda a la Adqusici\u00f3n de Vivienda (fijaci\u00f3n de poblaci\u00f3n Joven en el \u00e1mbito Rural)<\/a>\n<\/li>\n<li>\n\t\t\t\t\t\t\t\t<span class=\"fa fa-file-word-o fa-lg\" aria-hidden=\"true\"><\/span><br \/>\n\t\t\t\t\t\t\t\t<a href=\"https:\/\/www.cantabria.es\/documents\/16401\/63169237\/ANEXO+XI_+JUSTIFICACION+Y+SOLICITUD+DE+PAGO+AYUDA+ADQUISICION+VIVIENDA+JOVEN.docx\/5ecbda89-f366-646f-65ec-b599bae1fe5a?t=1737464606279\" target=\"_blank\" rel=\"noopener noreferrer\">Anexo XI Decreto 1\/2025 Justificaci\u00f3n y Solicitud de Pago de la Ayuda a la Adqusici\u00f3n de Vivienda (fijaci\u00f3n de poblaci\u00f3n Joven en el \u00e1mbito Rural)<\/a>\n<\/li>\n<li>\n\t\t\t\t\t\t\t\t<span class=\"fa fa-file-archive-o fa-lg\" aria-hidden=\"true\"><\/span><br \/>\n\t\t\t\t\t\t\t\t<a href=\"https:\/\/www.cantabria.es\/documents\/16401\/63169237\/ANEXOS+DECRETO+1-2025.zip\/23480719-1c37-841d-a58d-2d7287ad585c?t=1737464608234\" target=\"_blank\" rel=\"noopener noreferrer\">Anexos<\/a>\n<\/li>\n<\/ul>\n<h3>Lugar presentaci\u00f3n :<\/h3>\n<div>\n<p>En cualquiera de los lugares establecidos a los que se hace referencia en el art\u00edculo 134.8 de la Ley de Cantabria 5\/2018, de 22 de noviembre, de R\u00e9gimen Jur\u00eddico del Gobierno, de la Administraci\u00f3n y del Sector P\u00fablico Institucional de la Comunidad Aut\u00f3noma de Cantabria: a trav\u00e9s del <a href=\"https:\/\/rec.cantabria.es\/rec\/bienvenida.htm\"><strong>Registro Electr\u00f3nico General<\/strong><\/a> o en la <strong><a href=\"https:\/\/www.cantabria.es\/web\/atencion-a-la-ciudadania\/registros\">Oficina de Asistencia en Materia de Registro<\/a><\/strong> Delegado de la Direcci\u00f3n General.<\/p>\n<\/div>\n<h3>\u00d3rgano tramitador:<\/h3>\n<div>\n\t\t\t\tDirecci\u00f3n: \n<p><strong>DIRECCI\u00d3N GENERAL DE VIVIENDA Y ARQUITECTURA\u00a0(C\u00d3DIGO DIR3 O00006425 &#8211; A06029686)<\/strong><\/p>\n<p>C\/Alta 1 (Rampa Sotileza) &#8211; 39008 Santander<\/p>\n<\/div>\n<p><span>Tel\u00e9fono: 942 20 79 84<\/span><\/p>\n<div class=\"noticias-iframe\">\n<p>\t\t\t\t<a href=\"https:\/\/twitter.com\/share\" class=\"twitter-share-button\" data-url=\"https%3A%2F%2Fwww.cantabria.es%2Fdetalle%2F-%2Fjournal%2Frss%2F16401%2FRSS_ULTIMAS_AYUDAS\" data-via=\"cantabriaes\" data-text=\"DECRETO 1\/2025 \u2013 PROGRAMA AYUDA DE ADQUISIC\u00d3N DE VIVIENDA HABITUAL A LAS PERSONAS JOVENES Y PARA CONTRIBUIR AL RETO DEMOGRAFICO\" data-related=\"anywhere:The Javascript API\" data-count=\"horizontal\"><br \/>\n\t\t\t\t\tTweet<br \/>\n\t\t\t\t<\/a><\/p><\/div>\n<\/div>","protected":false},"excerpt":{"rendered":"<p>Subvencion: DECRETO 1\/2025 \u2013 PROGRAMA AYUDA DE ADQUISIC\u00d3N DE VIVIENDA HABITUAL A LAS PERSONAS JOVENES Y PARA CONTRIBUIR AL RETO DEMOGRAFICO Servicio telef\u00f3nico 012 de atenci\u00f3n al ciudadano de Cantabria Descripci\u00f3n: Decreto 1\/2025, de 9 de enero, por el que se regulan determinadas ayudas del Plan Estatal para el acceso a la vivienda 2022-2025 en [&hellip;]<\/p>\n","protected":false},"author":5,"featured_media":0,"comment_status":"","ping_status":"","sticky":false,"template":"","format":"standard","meta":{"site-sidebar-layout":"default","site-content-layout":"","ast-site-content-layout":"default","site-content-style":"default","site-sidebar-style":"default","ast-global-header-display":"","ast-banner-title-visibility":"","ast-main-header-display":"","ast-hfb-above-header-display":"","ast-hfb-below-header-display":"","ast-hfb-mobile-header-display":"","site-post-title":"","ast-breadcrumbs-content":"","ast-featured-img":"","footer-sml-layout":"","ast-disable-related-posts":"","theme-transparent-header-meta":"","adv-header-id-meta":"","stick-header-meta":"","header-above-stick-meta":"","header-main-stick-meta":"","header-below-stick-meta":"","astra-migrate-meta-layouts":"default","ast-page-background-enabled":"default","ast-page-background-meta":{"desktop":{"background-color":"var(--ast-global-color-4)","background-image":"","background-repeat":"repeat","background-position":"center center","background-size":"auto","background-attachment":"scroll","background-type":"","background-media":"","overlay-type":"","overlay-color":"","overlay-opacity":"","overlay-gradient":""},"tablet":{"background-color":"","background-image":"","background-repeat":"repeat","background-position":"center center","background-size":"auto","background-attachment":"scroll","background-type":"","background-media":"","overlay-type":"","overlay-color":"","overlay-opacity":"","overlay-gradient":""},"mobile":{"background-color":"","background-image":"","background-repeat":"repeat","background-position":"center center","background-size":"auto","background-attachment":"scroll","background-type":"","background-media":"","overlay-type":"","overlay-color":"","overlay-opacity":"","overlay-gradient":""}},"ast-content-background-meta":{"desktop":{"background-color":"var(--ast-global-color-5)","background-image":"","background-repeat":"repeat","background-position":"center center","background-size":"auto","background-attachment":"scroll","background-type":"","background-media":"","overlay-type":"","overlay-color":"","overlay-opacity":"","overlay-gradient":""},"tablet":{"background-color":"var(--ast-global-color-5)","background-image":"","background-repeat":"repeat","background-position":"center center","background-size":"auto","background-attachment":"scroll","background-type":"","background-media":"","overlay-type":"","overlay-color":"","overlay-opacity":"","overlay-gradient":""},"mobile":{"background-color":"var(--ast-global-color-5)","background-image":"","background-repeat":"repeat","background-position":"center center","background-size":"auto","background-attachment":"scroll","background-type":"","background-media":"","overlay-type":"","overlay-color":"","overlay-opacity":"","overlay-gradient":""}},"footnotes":""},"categories":[8],"tags":[],"class_list":["post-24371","post","type-post","status-publish","format-standard","hentry","category-ayudas-y-subvenciones"],"yoast_head":"<!-- This site is optimized with the Yoast SEO Premium plugin v20.9 (Yoast SEO v27.4) - https:\/\/yoast.com\/product\/yoast-seo-premium-wordpress\/ -->\n<title>DECRETO 1\/2025 \u2013 PROGRAMA AYUDA DE ADQUISIC\u00d3N DE VIVIENDA HABITUAL A LAS PERSONAS JOVENES Y PARA CONTRIBUIR AL RETO DEMOGRAFICO - bip4ex<\/title>\n<meta name=\"robots\" content=\"index, follow, max-snippet:-1, max-image-preview:large, max-video-preview:-1\" \/>\n<link rel=\"canonical\" href=\"https:\/\/helloproject.es\/vigilancia\/decreto-1-2025-programa-ayuda-de-adquisicon-de-vivienda-habitual-a-las-personas-jovenes-y-para-contribuir-al-reto-demografico\/\" \/>\n<meta property=\"og:locale\" content=\"es_ES\" \/>\n<meta property=\"og:type\" content=\"article\" \/>\n<meta property=\"og:title\" content=\"DECRETO 1\/2025 \u2013 PROGRAMA AYUDA DE ADQUISIC\u00d3N DE VIVIENDA HABITUAL A LAS PERSONAS JOVENES Y PARA CONTRIBUIR AL RETO DEMOGRAFICO\" \/>\n<meta property=\"og:description\" content=\"Subvencion: DECRETO 1\/2025 \u2013 PROGRAMA AYUDA DE ADQUISIC\u00d3N DE VIVIENDA HABITUAL A LAS PERSONAS JOVENES Y PARA CONTRIBUIR AL RETO DEMOGRAFICO Servicio telef\u00f3nico 012 de atenci\u00f3n al ciudadano de Cantabria Descripci\u00f3n: Decreto 1\/2025, de 9 de enero, por el que se regulan determinadas ayudas del Plan Estatal para el acceso a la vivienda 2022-2025 en [&hellip;]\" \/>\n<meta property=\"og:url\" content=\"https:\/\/helloproject.es\/vigilancia\/decreto-1-2025-programa-ayuda-de-adquisicon-de-vivienda-habitual-a-las-personas-jovenes-y-para-contribuir-al-reto-demografico\/\" \/>\n<meta property=\"og:site_name\" content=\"bip4ex\" \/>\n<meta property=\"article:published_time\" content=\"2025-01-22T11:29:16+00:00\" \/>\n<meta property=\"og:image\" content=\"https:\/\/www.cantabria.es\/documents\/26427\/21881598\/012.jpg\/d4445702-c7cf-c44a-3ce9-b0288c1d9b9a?t=1648806893827\" \/>\n<meta name=\"author\" content=\"Luis Miguel Mej\u00edas Ramos\" \/>\n<meta name=\"twitter:card\" content=\"summary_large_image\" \/>\n<meta name=\"twitter:label1\" content=\"Escrito por\" \/>\n\t<meta name=\"twitter:data1\" content=\"Luis Miguel Mej\u00edas Ramos\" \/>\n\t<meta name=\"twitter:label2\" content=\"Tiempo de lectura\" \/>\n\t<meta name=\"twitter:data2\" content=\"9 minutos\" \/>\n<script type=\"application\/ld+json\" class=\"yoast-schema-graph\">{\"@context\":\"https:\\\/\\\/schema.org\",\"@graph\":[{\"@type\":\"Article\",\"@id\":\"https:\\\/\\\/helloproject.es\\\/vigilancia\\\/decreto-1-2025-programa-ayuda-de-adquisicon-de-vivienda-habitual-a-las-personas-jovenes-y-para-contribuir-al-reto-demografico\\\/#article\",\"isPartOf\":{\"@id\":\"https:\\\/\\\/helloproject.es\\\/vigilancia\\\/decreto-1-2025-programa-ayuda-de-adquisicon-de-vivienda-habitual-a-las-personas-jovenes-y-para-contribuir-al-reto-demografico\\\/\"},\"author\":{\"name\":\"Luis Miguel Mej\u00edas Ramos\",\"@id\":\"https:\\\/\\\/helloproject.es\\\/vigilancia\\\/#\\\/schema\\\/person\\\/3767b0619d59a11570372c821f8619ca\"},\"headline\":\"DECRETO 1\\\/2025 \u2013 PROGRAMA AYUDA DE ADQUISIC\u00d3N DE VIVIENDA HABITUAL A LAS PERSONAS JOVENES Y PARA CONTRIBUIR AL RETO DEMOGRAFICO\",\"datePublished\":\"2025-01-22T11:29:16+00:00\",\"mainEntityOfPage\":{\"@id\":\"https:\\\/\\\/helloproject.es\\\/vigilancia\\\/decreto-1-2025-programa-ayuda-de-adquisicon-de-vivienda-habitual-a-las-personas-jovenes-y-para-contribuir-al-reto-demografico\\\/\"},\"wordCount\":1724,\"publisher\":{\"@id\":\"https:\\\/\\\/helloproject.es\\\/vigilancia\\\/#organization\"},\"image\":{\"@id\":\"https:\\\/\\\/helloproject.es\\\/vigilancia\\\/decreto-1-2025-programa-ayuda-de-adquisicon-de-vivienda-habitual-a-las-personas-jovenes-y-para-contribuir-al-reto-demografico\\\/#primaryimage\"},\"thumbnailUrl\":\"https:\\\/\\\/www.cantabria.es\\\/documents\\\/26427\\\/21881598\\\/012.jpg\\\/d4445702-c7cf-c44a-3ce9-b0288c1d9b9a?t=1648806893827\",\"articleSection\":[\"Ayudas y Subvenciones\"],\"inLanguage\":\"es\"},{\"@type\":\"WebPage\",\"@id\":\"https:\\\/\\\/helloproject.es\\\/vigilancia\\\/decreto-1-2025-programa-ayuda-de-adquisicon-de-vivienda-habitual-a-las-personas-jovenes-y-para-contribuir-al-reto-demografico\\\/\",\"url\":\"https:\\\/\\\/helloproject.es\\\/vigilancia\\\/decreto-1-2025-programa-ayuda-de-adquisicon-de-vivienda-habitual-a-las-personas-jovenes-y-para-contribuir-al-reto-demografico\\\/\",\"name\":\"DECRETO 1\\\/2025 \u2013 PROGRAMA AYUDA DE ADQUISIC\u00d3N DE VIVIENDA HABITUAL A LAS PERSONAS JOVENES Y PARA CONTRIBUIR AL RETO DEMOGRAFICO - bip4ex\",\"isPartOf\":{\"@id\":\"https:\\\/\\\/helloproject.es\\\/vigilancia\\\/#website\"},\"primaryImageOfPage\":{\"@id\":\"https:\\\/\\\/helloproject.es\\\/vigilancia\\\/decreto-1-2025-programa-ayuda-de-adquisicon-de-vivienda-habitual-a-las-personas-jovenes-y-para-contribuir-al-reto-demografico\\\/#primaryimage\"},\"image\":{\"@id\":\"https:\\\/\\\/helloproject.es\\\/vigilancia\\\/decreto-1-2025-programa-ayuda-de-adquisicon-de-vivienda-habitual-a-las-personas-jovenes-y-para-contribuir-al-reto-demografico\\\/#primaryimage\"},\"thumbnailUrl\":\"https:\\\/\\\/www.cantabria.es\\\/documents\\\/26427\\\/21881598\\\/012.jpg\\\/d4445702-c7cf-c44a-3ce9-b0288c1d9b9a?t=1648806893827\",\"datePublished\":\"2025-01-22T11:29:16+00:00\",\"breadcrumb\":{\"@id\":\"https:\\\/\\\/helloproject.es\\\/vigilancia\\\/decreto-1-2025-programa-ayuda-de-adquisicon-de-vivienda-habitual-a-las-personas-jovenes-y-para-contribuir-al-reto-demografico\\\/#breadcrumb\"},\"inLanguage\":\"es\",\"potentialAction\":[{\"@type\":\"ReadAction\",\"target\":[\"https:\\\/\\\/helloproject.es\\\/vigilancia\\\/decreto-1-2025-programa-ayuda-de-adquisicon-de-vivienda-habitual-a-las-personas-jovenes-y-para-contribuir-al-reto-demografico\\\/\"]}]},{\"@type\":\"ImageObject\",\"inLanguage\":\"es\",\"@id\":\"https:\\\/\\\/helloproject.es\\\/vigilancia\\\/decreto-1-2025-programa-ayuda-de-adquisicon-de-vivienda-habitual-a-las-personas-jovenes-y-para-contribuir-al-reto-demografico\\\/#primaryimage\",\"url\":\"https:\\\/\\\/www.cantabria.es\\\/documents\\\/26427\\\/21881598\\\/012.jpg\\\/d4445702-c7cf-c44a-3ce9-b0288c1d9b9a?t=1648806893827\",\"contentUrl\":\"https:\\\/\\\/www.cantabria.es\\\/documents\\\/26427\\\/21881598\\\/012.jpg\\\/d4445702-c7cf-c44a-3ce9-b0288c1d9b9a?t=1648806893827\"},{\"@type\":\"BreadcrumbList\",\"@id\":\"https:\\\/\\\/helloproject.es\\\/vigilancia\\\/decreto-1-2025-programa-ayuda-de-adquisicon-de-vivienda-habitual-a-las-personas-jovenes-y-para-contribuir-al-reto-demografico\\\/#breadcrumb\",\"itemListElement\":[{\"@type\":\"ListItem\",\"position\":1,\"name\":\"Home\",\"item\":\"https:\\\/\\\/helloproject.es\\\/vigilancia\\\/\"},{\"@type\":\"ListItem\",\"position\":2,\"name\":\"DECRETO 1\\\/2025 \u2013 PROGRAMA AYUDA DE ADQUISIC\u00d3N DE VIVIENDA HABITUAL A LAS PERSONAS JOVENES Y PARA CONTRIBUIR AL RETO DEMOGRAFICO\"}]},{\"@type\":\"WebSite\",\"@id\":\"https:\\\/\\\/helloproject.es\\\/vigilancia\\\/#website\",\"url\":\"https:\\\/\\\/helloproject.es\\\/vigilancia\\\/\",\"name\":\"bip4ex\",\"description\":\"Vigilancia Tecnol\u00f3gica\",\"publisher\":{\"@id\":\"https:\\\/\\\/helloproject.es\\\/vigilancia\\\/#organization\"},\"potentialAction\":[{\"@type\":\"SearchAction\",\"target\":{\"@type\":\"EntryPoint\",\"urlTemplate\":\"https:\\\/\\\/helloproject.es\\\/vigilancia\\\/?s={search_term_string}\"},\"query-input\":{\"@type\":\"PropertyValueSpecification\",\"valueRequired\":true,\"valueName\":\"search_term_string\"}}],\"inLanguage\":\"es\"},{\"@type\":\"Organization\",\"@id\":\"https:\\\/\\\/helloproject.es\\\/vigilancia\\\/#organization\",\"name\":\"Helloproject.es\",\"url\":\"https:\\\/\\\/helloproject.es\\\/vigilancia\\\/\",\"logo\":{\"@type\":\"ImageObject\",\"inLanguage\":\"es\",\"@id\":\"https:\\\/\\\/helloproject.es\\\/vigilancia\\\/#\\\/schema\\\/logo\\\/image\\\/\",\"url\":\"https:\\\/\\\/helloproject.es\\\/vigilancia\\\/wp-content\\\/uploads\\\/2023\\\/07\\\/bip4ex.png\",\"contentUrl\":\"https:\\\/\\\/helloproject.es\\\/vigilancia\\\/wp-content\\\/uploads\\\/2023\\\/07\\\/bip4ex.png\",\"width\":322,\"height\":365,\"caption\":\"Helloproject.es\"},\"image\":{\"@id\":\"https:\\\/\\\/helloproject.es\\\/vigilancia\\\/#\\\/schema\\\/logo\\\/image\\\/\"}},{\"@type\":\"Person\",\"@id\":\"https:\\\/\\\/helloproject.es\\\/vigilancia\\\/#\\\/schema\\\/person\\\/3767b0619d59a11570372c821f8619ca\",\"name\":\"Luis Miguel Mej\u00edas Ramos\",\"url\":\"https:\\\/\\\/helloproject.es\\\/vigilancia\\\/author\\\/luismi\\\/\"}]}<\/script>\n<!-- \/ Yoast SEO Premium plugin. -->","yoast_head_json":{"title":"DECRETO 1\/2025 \u2013 PROGRAMA AYUDA DE ADQUISIC\u00d3N DE VIVIENDA HABITUAL A LAS PERSONAS JOVENES Y PARA CONTRIBUIR AL RETO DEMOGRAFICO - bip4ex","robots":{"index":"index","follow":"follow","max-snippet":"max-snippet:-1","max-image-preview":"max-image-preview:large","max-video-preview":"max-video-preview:-1"},"canonical":"https:\/\/helloproject.es\/vigilancia\/decreto-1-2025-programa-ayuda-de-adquisicon-de-vivienda-habitual-a-las-personas-jovenes-y-para-contribuir-al-reto-demografico\/","og_locale":"es_ES","og_type":"article","og_title":"DECRETO 1\/2025 \u2013 PROGRAMA AYUDA DE ADQUISIC\u00d3N DE VIVIENDA HABITUAL A LAS PERSONAS JOVENES Y PARA CONTRIBUIR AL RETO DEMOGRAFICO","og_description":"Subvencion: DECRETO 1\/2025 \u2013 PROGRAMA AYUDA DE ADQUISIC\u00d3N DE VIVIENDA HABITUAL A LAS PERSONAS JOVENES Y PARA CONTRIBUIR AL RETO DEMOGRAFICO Servicio telef\u00f3nico 012 de atenci\u00f3n al ciudadano de Cantabria Descripci\u00f3n: Decreto 1\/2025, de 9 de enero, por el que se regulan determinadas ayudas del Plan Estatal para el acceso a la vivienda 2022-2025 en [&hellip;]","og_url":"https:\/\/helloproject.es\/vigilancia\/decreto-1-2025-programa-ayuda-de-adquisicon-de-vivienda-habitual-a-las-personas-jovenes-y-para-contribuir-al-reto-demografico\/","og_site_name":"bip4ex","article_published_time":"2025-01-22T11:29:16+00:00","og_image":[{"url":"https:\/\/www.cantabria.es\/documents\/26427\/21881598\/012.jpg\/d4445702-c7cf-c44a-3ce9-b0288c1d9b9a?t=1648806893827","type":"","width":"","height":""}],"author":"Luis Miguel Mej\u00edas Ramos","twitter_card":"summary_large_image","twitter_misc":{"Escrito por":"Luis Miguel Mej\u00edas Ramos","Tiempo de lectura":"9 minutos"},"schema":{"@context":"https:\/\/schema.org","@graph":[{"@type":"Article","@id":"https:\/\/helloproject.es\/vigilancia\/decreto-1-2025-programa-ayuda-de-adquisicon-de-vivienda-habitual-a-las-personas-jovenes-y-para-contribuir-al-reto-demografico\/#article","isPartOf":{"@id":"https:\/\/helloproject.es\/vigilancia\/decreto-1-2025-programa-ayuda-de-adquisicon-de-vivienda-habitual-a-las-personas-jovenes-y-para-contribuir-al-reto-demografico\/"},"author":{"name":"Luis Miguel Mej\u00edas Ramos","@id":"https:\/\/helloproject.es\/vigilancia\/#\/schema\/person\/3767b0619d59a11570372c821f8619ca"},"headline":"DECRETO 1\/2025 \u2013 PROGRAMA AYUDA DE ADQUISIC\u00d3N DE VIVIENDA HABITUAL A LAS PERSONAS JOVENES Y PARA CONTRIBUIR AL RETO DEMOGRAFICO","datePublished":"2025-01-22T11:29:16+00:00","mainEntityOfPage":{"@id":"https:\/\/helloproject.es\/vigilancia\/decreto-1-2025-programa-ayuda-de-adquisicon-de-vivienda-habitual-a-las-personas-jovenes-y-para-contribuir-al-reto-demografico\/"},"wordCount":1724,"publisher":{"@id":"https:\/\/helloproject.es\/vigilancia\/#organization"},"image":{"@id":"https:\/\/helloproject.es\/vigilancia\/decreto-1-2025-programa-ayuda-de-adquisicon-de-vivienda-habitual-a-las-personas-jovenes-y-para-contribuir-al-reto-demografico\/#primaryimage"},"thumbnailUrl":"https:\/\/www.cantabria.es\/documents\/26427\/21881598\/012.jpg\/d4445702-c7cf-c44a-3ce9-b0288c1d9b9a?t=1648806893827","articleSection":["Ayudas y Subvenciones"],"inLanguage":"es"},{"@type":"WebPage","@id":"https:\/\/helloproject.es\/vigilancia\/decreto-1-2025-programa-ayuda-de-adquisicon-de-vivienda-habitual-a-las-personas-jovenes-y-para-contribuir-al-reto-demografico\/","url":"https:\/\/helloproject.es\/vigilancia\/decreto-1-2025-programa-ayuda-de-adquisicon-de-vivienda-habitual-a-las-personas-jovenes-y-para-contribuir-al-reto-demografico\/","name":"DECRETO 1\/2025 \u2013 PROGRAMA AYUDA DE ADQUISIC\u00d3N DE VIVIENDA HABITUAL A LAS PERSONAS JOVENES Y PARA CONTRIBUIR AL RETO DEMOGRAFICO - bip4ex","isPartOf":{"@id":"https:\/\/helloproject.es\/vigilancia\/#website"},"primaryImageOfPage":{"@id":"https:\/\/helloproject.es\/vigilancia\/decreto-1-2025-programa-ayuda-de-adquisicon-de-vivienda-habitual-a-las-personas-jovenes-y-para-contribuir-al-reto-demografico\/#primaryimage"},"image":{"@id":"https:\/\/helloproject.es\/vigilancia\/decreto-1-2025-programa-ayuda-de-adquisicon-de-vivienda-habitual-a-las-personas-jovenes-y-para-contribuir-al-reto-demografico\/#primaryimage"},"thumbnailUrl":"https:\/\/www.cantabria.es\/documents\/26427\/21881598\/012.jpg\/d4445702-c7cf-c44a-3ce9-b0288c1d9b9a?t=1648806893827","datePublished":"2025-01-22T11:29:16+00:00","breadcrumb":{"@id":"https:\/\/helloproject.es\/vigilancia\/decreto-1-2025-programa-ayuda-de-adquisicon-de-vivienda-habitual-a-las-personas-jovenes-y-para-contribuir-al-reto-demografico\/#breadcrumb"},"inLanguage":"es","potentialAction":[{"@type":"ReadAction","target":["https:\/\/helloproject.es\/vigilancia\/decreto-1-2025-programa-ayuda-de-adquisicon-de-vivienda-habitual-a-las-personas-jovenes-y-para-contribuir-al-reto-demografico\/"]}]},{"@type":"ImageObject","inLanguage":"es","@id":"https:\/\/helloproject.es\/vigilancia\/decreto-1-2025-programa-ayuda-de-adquisicon-de-vivienda-habitual-a-las-personas-jovenes-y-para-contribuir-al-reto-demografico\/#primaryimage","url":"https:\/\/www.cantabria.es\/documents\/26427\/21881598\/012.jpg\/d4445702-c7cf-c44a-3ce9-b0288c1d9b9a?t=1648806893827","contentUrl":"https:\/\/www.cantabria.es\/documents\/26427\/21881598\/012.jpg\/d4445702-c7cf-c44a-3ce9-b0288c1d9b9a?t=1648806893827"},{"@type":"BreadcrumbList","@id":"https:\/\/helloproject.es\/vigilancia\/decreto-1-2025-programa-ayuda-de-adquisicon-de-vivienda-habitual-a-las-personas-jovenes-y-para-contribuir-al-reto-demografico\/#breadcrumb","itemListElement":[{"@type":"ListItem","position":1,"name":"Home","item":"https:\/\/helloproject.es\/vigilancia\/"},{"@type":"ListItem","position":2,"name":"DECRETO 1\/2025 \u2013 PROGRAMA AYUDA DE ADQUISIC\u00d3N DE VIVIENDA HABITUAL A LAS PERSONAS JOVENES Y PARA CONTRIBUIR AL RETO DEMOGRAFICO"}]},{"@type":"WebSite","@id":"https:\/\/helloproject.es\/vigilancia\/#website","url":"https:\/\/helloproject.es\/vigilancia\/","name":"bip4ex","description":"Vigilancia Tecnol\u00f3gica","publisher":{"@id":"https:\/\/helloproject.es\/vigilancia\/#organization"},"potentialAction":[{"@type":"SearchAction","target":{"@type":"EntryPoint","urlTemplate":"https:\/\/helloproject.es\/vigilancia\/?s={search_term_string}"},"query-input":{"@type":"PropertyValueSpecification","valueRequired":true,"valueName":"search_term_string"}}],"inLanguage":"es"},{"@type":"Organization","@id":"https:\/\/helloproject.es\/vigilancia\/#organization","name":"Helloproject.es","url":"https:\/\/helloproject.es\/vigilancia\/","logo":{"@type":"ImageObject","inLanguage":"es","@id":"https:\/\/helloproject.es\/vigilancia\/#\/schema\/logo\/image\/","url":"https:\/\/helloproject.es\/vigilancia\/wp-content\/uploads\/2023\/07\/bip4ex.png","contentUrl":"https:\/\/helloproject.es\/vigilancia\/wp-content\/uploads\/2023\/07\/bip4ex.png","width":322,"height":365,"caption":"Helloproject.es"},"image":{"@id":"https:\/\/helloproject.es\/vigilancia\/#\/schema\/logo\/image\/"}},{"@type":"Person","@id":"https:\/\/helloproject.es\/vigilancia\/#\/schema\/person\/3767b0619d59a11570372c821f8619ca","name":"Luis Miguel Mej\u00edas Ramos","url":"https:\/\/helloproject.es\/vigilancia\/author\/luismi\/"}]}},"_links":{"self":[{"href":"https:\/\/helloproject.es\/vigilancia\/wp-json\/wp\/v2\/posts\/24371","targetHints":{"allow":["GET"]}}],"collection":[{"href":"https:\/\/helloproject.es\/vigilancia\/wp-json\/wp\/v2\/posts"}],"about":[{"href":"https:\/\/helloproject.es\/vigilancia\/wp-json\/wp\/v2\/types\/post"}],"author":[{"embeddable":true,"href":"https:\/\/helloproject.es\/vigilancia\/wp-json\/wp\/v2\/users\/5"}],"replies":[{"embeddable":true,"href":"https:\/\/helloproject.es\/vigilancia\/wp-json\/wp\/v2\/comments?post=24371"}],"version-history":[{"count":0,"href":"https:\/\/helloproject.es\/vigilancia\/wp-json\/wp\/v2\/posts\/24371\/revisions"}],"wp:attachment":[{"href":"https:\/\/helloproject.es\/vigilancia\/wp-json\/wp\/v2\/media?parent=24371"}],"wp:term":[{"taxonomy":"category","embeddable":true,"href":"https:\/\/helloproject.es\/vigilancia\/wp-json\/wp\/v2\/categories?post=24371"},{"taxonomy":"post_tag","embeddable":true,"href":"https:\/\/helloproject.es\/vigilancia\/wp-json\/wp\/v2\/tags?post=24371"}],"curies":[{"name":"wp","href":"https:\/\/api.w.org\/{rel}","templated":true}]}}