{"id":24488,"date":"2025-01-22T14:17:28","date_gmt":"2025-01-22T13:17:28","guid":{"rendered":"https:\/\/helloproject.es\/vigilancia\/ayming-meets-el-podcast-empresarial-de-ayming-espana\/"},"modified":"2025-01-22T14:17:28","modified_gmt":"2025-01-22T13:17:28","slug":"ayming-meets-el-podcast-empresarial-de-ayming-espana","status":"publish","type":"post","link":"https:\/\/helloproject.es\/vigilancia\/ayming-meets-el-podcast-empresarial-de-ayming-espana\/","title":{"rendered":"Ayming Meets |El podcast empresarial de Ayming Espa\u00f1a"},"content":{"rendered":"<p class=\"cvGsUA direction-ltr align-justify para-style-body\"><span class=\"OYPEnA text-decoration-none text-strikethrough-none large\"><strong>Si tienes una mente curiosa y est\u00e1s en constante b\u00fasqueda de la mejora en el rendimiento de la empresa Ayming Meets es tu podcast.<\/strong> Conoce de primera mano lo que mueve el mundo empresarial actualmente, y conoce las ventajas para tu negocio y las tendencias en Innovaci\u00f3n, Estrategia, Fiscalidad Internacional o Impuestos para aumentar la competitividad de las compa\u00f1\u00edas e instituciones.<\/span><\/p>\n<p class=\"cvGsUA direction-ltr align-justify para-style-body\"><span class=\"OYPEnA text-decoration-none text-strikethrough-none\">Por eso desde Ayming, lanzamos\u00a0<\/span><em><strong><span class=\"OYPEnA text-decoration-none text-strikethrough-none\">\u2018AYMING MEETS\u2019<\/span><\/strong><\/em><span class=\"OYPEnA text-decoration-none text-strikethrough-none\">, un podcast empresarial que te informar\u00e1 sobre todo lo que tiene que ver con la mejora del rendimiento desde diferentes puntos de vista y \u00e1mbitos, de la mano de invitados y compa\u00f1\u00edas de referencia, de una forma amena y pr\u00e1ctica.<\/span><\/p>\n<p><span class=\"large\">\u00a1Ad\u00e9ntrate en un mundo de posibilidades y ve m\u00e1s all\u00e1 en tu empresa!\u00a0<\/span><\/p>\n<p><span class=\"large\"><strong><a class=\"btn btn--green\" href=\"https:\/\/open.spotify.com\/show\/7a7R262zL7cs6Rvma9McPb?si=c5fd527445384329\" target=\"_blank\" rel=\"noopener noreferrer\">ESC\u00daCHANOS EN SPOTIFY<\/a><\/strong><\/span><\/p>\n<hr \/>\n<h2>M\u00e1s all\u00e1 de la Innovaci\u00f3n | Temporada 2 <strong><span class=\"OYPEnA text-decoration-none text-strikethrough-none\">\u00a0<\/span><\/strong><\/h2>\n<p>\u00a0<\/p>\n<p><strong><span class=\"OYPEnA text-decoration-none text-strikethrough-none\"><img fetchpriority=\"high\" decoding=\"async\" class=\"alignright wp-image-101525\" src=\"https:\/\/www.ayming.es\/wp-content\/uploads\/sites\/21\/2023\/10\/Ivan-Aitor-300x300.png\" alt=\"\" width=\"448\" height=\"448\" \/><\/span><\/strong><\/p>\n<h3><span><strong>Episodio 4: Compra P\u00fablica de Innovaci\u00f3n \u2018<span data-slate-fragment=\"JTVCJTdCJTIydHlwZSUyMiUzQSUyMnBhcmFncmFwaCUyMiUyQyUyMmNoaWxkcmVuJTIyJTNBJTVCJTdCJTIydGV4dCUyMiUzQSUyMiVFMiU4MCU5Q0ltcHVsc2FuZG8lMjBsYSUyMElubm92YWNpJUMzJUIzbiUyMGElMjB0cmF2JUMzJUE5cyUyMGRlJTIwbGElMjBDUEklMjBlbiUyMEVzcGElQzMlQjFhJUUyJTgwJTlEJTIyJTdEJTVEJTdEJTVE\">Impulsando la Innovaci\u00f3n a trav\u00e9s de la CPI en Espa\u00f1a\u2019<\/span><\/strong><\/span><\/h3>\n<p><span data-slate-node=\"text\"><span class=\"sc-bfGlA-D keBBPT\" data-slate-leaf=\"true\"><strong>Iv\u00e1n Aitor Lucas del Amo, <\/strong>Director General de Innovaci\u00f3n, Investigaci\u00f3n y Transformaci\u00f3n Digital del Gobierno del Principado de Asturias<\/span><\/span><span class=\"sc-bfGlA-D keBBPT\" data-slate-leaf=\"true\"> y <\/span><span data-slate-node=\"text\"><span class=\"sc-bfGlA-D keBBPT\" data-slate-leaf=\"true\"><strong>Aida L\u00f3pez, <\/strong>Directora de Estrategia y Sector P\u00fablico de Ayming Espa\u00f1a<\/span><\/span><span data-slate-node=\"text\" data-slate-fragment=\"JTVCJTdCJTIydHlwZSUyMiUzQSUyMnBhcmFncmFwaCUyMiUyQyUyMmNoaWxkcmVuJTIyJTNBJTVCJTdCJTIydGV4dCUyMiUzQSUyMkFpdG9yJTIwTHVjYXMlMjBkZWwlMjBBbW8lMkMlMjBEaXJlY3RvciUyMEdlbmVyYWwlMjBkZSUyMElubm92YWNpJUMzJUIzbiUyQyUyMEludmVzdGlnYWNpJUMzJUIzbiUyMHklMjBUcmFuc2Zvcm1hY2klQzMlQjNuJTIwRGlnaXRhbCUyMGRlbCUyMEdvYmllcm5vJTIwZGVsJTIwUHJpbmNpcGFkbyUyMGRlJTIwQXN0dXJpYXMlMjIlMkMlMjJib2xkJTIyJTNBdHJ1ZSU3RCUyQyU3QiUyMnRleHQlMjIlM0ElMjIlMjB5JTIwJTIyJTdEJTJDJTdCJTIydGV4dCUyMiUzQSUyMkFpZGElMjBMJUMzJUIzcGV6JTJDJTIwRGlyZWN0b3JhJTIwZGUlMjBFc3RyYXRlZ2lhJTIweSUyMFNlY3RvciUyMFAlQzMlQkFibGljbyUyMGRlJTIwQXltaW5nJTIwRXNwYSVDMyVCMWElMjIlMkMlMjJib2xkJTIyJTNBdHJ1ZSU3RCUyQyU3QiUyMnRleHQlMjIlM0ElMjIlMkMlMjBxdWllbmVzJTIwbm9zJTIwcHJvcG9yY2lvbmFyYW4lMjB1bmElMjB2aXNpJUMzJUIzbiUyMGRlJTIwbGFzJTIwZXN0cmF0ZWdpYXMlMjBkZSUyMENQSSUyMHF1ZSUyMGVzdCVDMyVBMW4lMjBpbXBsZW1lbnRhbmRvJTJDJTIwYXMlQzMlQUQlMjBjb21vJTIwbGFzJTIwbSVDMyVCQWx0aXBsZXMlMjB2JUMzJUFEYXMlMjBkZSUyMGZpbmFuY2lhY2klQzMlQjNuJTIwZGlzcG9uaWJsZXMlMjBwYXJhJTIwZm9tZW50YXIlMjBlc3RhJTIwcHIlQzMlQTFjdGljYSUyMGVuJTIwbnVlc3RybyUyMHBhJUMzJUFEcy4lMjAlMjIlN0QlNUQlN0QlNUQ=\"><span class=\"sc-bfGlA-D keBBPT\" data-slate-leaf=\"true\">, abordan este mecanismo de financiaci\u00f3n p\u00fablica y transferencia de conocimiento y nos proporcionan<\/span><\/span><span data-slate-node=\"text\" data-slate-fragment=\"JTVCJTdCJTIydHlwZSUyMiUzQSUyMnBhcmFncmFwaCUyMiUyQyUyMmNoaWxkcmVuJTIyJTNBJTVCJTdCJTIydGV4dCUyMiUzQSUyMkFpdG9yJTIwTHVjYXMlMjBkZWwlMjBBbW8lMkMlMjBEaXJlY3RvciUyMEdlbmVyYWwlMjBkZSUyMElubm92YWNpJUMzJUIzbiUyQyUyMEludmVzdGlnYWNpJUMzJUIzbiUyMHklMjBUcmFuc2Zvcm1hY2klQzMlQjNuJTIwRGlnaXRhbCUyMGRlbCUyMEdvYmllcm5vJTIwZGVsJTIwUHJpbmNpcGFkbyUyMGRlJTIwQXN0dXJpYXMlMjIlMkMlMjJib2xkJTIyJTNBdHJ1ZSU3RCUyQyU3QiUyMnRleHQlMjIlM0ElMjIlMjB5JTIwJTIyJTdEJTJDJTdCJTIydGV4dCUyMiUzQSUyMkFpZGElMjBMJUMzJUIzcGV6JTJDJTIwRGlyZWN0b3JhJTIwZGUlMjBFc3RyYXRlZ2lhJTIweSUyMFNlY3RvciUyMFAlQzMlQkFibGljbyUyMGRlJTIwQXltaW5nJTIwRXNwYSVDMyVCMWElMjIlMkMlMjJib2xkJTIyJTNBdHJ1ZSU3RCUyQyU3QiUyMnRleHQlMjIlM0ElMjIlMkMlMjBxdWllbmVzJTIwbm9zJTIwcHJvcG9yY2lvbmFyYW4lMjB1bmElMjB2aXNpJUMzJUIzbiUyMGRlJTIwbGFzJTIwZXN0cmF0ZWdpYXMlMjBkZSUyMENQSSUyMHF1ZSUyMGVzdCVDMyVBMW4lMjBpbXBsZW1lbnRhbmRvJTJDJTIwYXMlQzMlQUQlMjBjb21vJTIwbGFzJTIwbSVDMyVCQWx0aXBsZXMlMjB2JUMzJUFEYXMlMjBkZSUyMGZpbmFuY2lhY2klQzMlQjNuJTIwZGlzcG9uaWJsZXMlMjBwYXJhJTIwZm9tZW50YXIlMjBlc3RhJTIwcHIlQzMlQTFjdGljYSUyMGVuJTIwbnVlc3RybyUyMHBhJUMzJUFEcy4lMjAlMjIlN0QlNUQlN0QlNUQ=\"><span class=\"sc-bfGlA-D keBBPT\" data-slate-leaf=\"true\">\u00a0una visi\u00f3n de las estrategias de CPI que est\u00e1n implementando, as\u00ed como las m\u00faltiples v\u00edas de financiaci\u00f3n disponibles para fomentar esta pr\u00e1ctica en nuestro pa\u00eds. <\/span><\/span><\/p>\n\n<p><a href=\"https:\/\/open.spotify.com\/episode\/2M1tdDnIYgVwaeZRtdw02V?si=84fd54850c604d9a\"><img decoding=\"async\" class=\"alignnone wp-image-99111\" src=\"https:\/\/www.ayming.es\/wp-content\/uploads\/sites\/21\/2023\/10\/Diseno-sin-titulo-11-300x300.png\" alt=\"\" width=\"46\" height=\"46\" \/><\/a><\/p>\n<p>\u00a0<\/p>\n<p><strong><span class=\"OYPEnA text-decoration-none text-strikethrough-none\"><img decoding=\"async\" class=\"alignleft wp-image-100885\" src=\"https:\/\/www.ayming.es\/wp-content\/uploads\/sites\/21\/2023\/10\/Sonia_-web-300x300.png\" alt=\"Sonia-Alvarez-Directora-Fiscal-Ayming\" width=\"448\" height=\"448\" \/><\/span><\/strong><\/p>\n<h3><span><strong>Episodio 3: Facturaci\u00f3n Electr\u00f3nica en Espa\u00f1a, \u2018Soluciones B2B, soluciones integradas para las empresas\u2019<\/strong><\/span><\/h3>\n<p><span class=\"OYPEnA text-decoration-none text-strikethrough-none\"><span data-slate-node=\"text\"><span class=\"sc-cTTdyq dgjojm\" data-slate-leaf=\"true\"><strong>Sonia \u00c1lvarez, <\/strong>directora fiscal de Ayming Espa\u00f1a<strong> y Diana Salazar, <\/strong>Sales Manager en Generix Group<\/span><\/span><span data-slate-node=\"text\" data-slate-fragment=\"JTVCJTdCJTIydHlwZSUyMiUzQSUyMnBhcmFncmFwaCUyMiUyQyUyMmNoaWxkcmVuJTIyJTNBJTVCJTdCJTIydGV4dCUyMiUzQSUyMkNlY2lsaWElMjBIZXJuJUMzJUExbmRleiUyQyUyMCUyMiUyQyUyMmJvbGQlMjIlM0F0cnVlJTdEJTJDJTdCJTIydGV4dCUyMiUzQSUyMnByZXNpZGVudGElMjBkZWwlMjBub2RvJTIwZGUlMjBJbm5vdmFjaSVDMyVCM24lMjB5JTIwVGVjbm9sb2clQzMlQURhJTIwZGUlMjBsYSUyMEFzb2NpYWNpJUMzJUIzbiUyME11amVyZXMlMjBwb3IlMjBsYSUyMElubm92YWNpJUMzJUIzbiUyMHklMjBUZWNub2xvZyVDMyVBRGElMjAoQU1JVC1NSVQpJTIweSUyMFByZXNpZGVudGElMjBkZWwlMjBDb21pdCVDMyVBOSUyMENpZW50JUMzJUFEZmljbyUyMGRlJTIwbGElMjBBZ2VuY2lhJTIwRXNwYWNpYWwlMjBFdXJvcGVhLiUyMiU3RCU1RCU3RCU1RA==\"><span class=\"sc-cTTdyq dgjojm\" data-slate-leaf=\"true\"> nos hablan sobre <\/span><\/span><\/span><span data-slate-node=\"text\"><span class=\"sc-cTTdyq dgjojm\" data-slate-leaf=\"true\">los cambios y desaf\u00edos en torno a la facturaci\u00f3n electr\u00f3nica, as\u00ed como los consejos y soluciones para que pymes y aut\u00f3nomos puedan cumplir con la normativa de manera efectiva y eficiente.<\/span><\/span><\/p>\n\n<p><a href=\"https:\/\/open.spotify.com\/episode\/3zUv13qhZfFphtJBROuCYW?si=OFM5GdoOTdaYhZ8RekxyOA\"><img decoding=\"async\" class=\"alignnone wp-image-99111\" src=\"https:\/\/www.ayming.es\/wp-content\/uploads\/sites\/21\/2023\/10\/Diseno-sin-titulo-11-300x300.png\" alt=\"\" width=\"46\" height=\"46\" \/><\/a><\/p>\n<p>\u00a0<\/p>\n<p>\u00a0<\/p>\n<h2><strong><span class=\"OYPEnA text-decoration-none text-strikethrough-none\"><img loading=\"lazy\" decoding=\"async\" class=\"alignright wp-image-100033\" src=\"https:\/\/www.ayming.es\/wp-content\/uploads\/sites\/21\/2023\/10\/CBAM_aymingmeets-300x300.png\" alt=\"Mecanismo de Ajuste en Frontera por Carbono\" width=\"448\" height=\"448\" \/><\/span><\/strong><\/h2>\n<h3><\/h3>\n<h3><span><strong>Episodio 2: CBAM, \u2018<span class=\"OYPEnA text-decoration-none text-strikethrough-none\">Un paso en la lucha contra el cambio clim\u00e1tico<\/span>\u2018<\/strong><\/span><\/h3>\n<p><span class=\"OYPEnA text-decoration-none text-strikethrough-none\"><span data-slate-node=\"text\"><span class=\"sc-cTTdyq dgjojm\" data-slate-leaf=\"true\"><strong>Mart\u00edn Landa, <\/strong><\/span><\/span><\/span>consultor experto en Aduanas en Ayming Espa\u00f1a, aborda el nuevo impuesto\u00a0 sobre el Mecanismo de Ajuste en Frontera por Carbono (CBAM), c\u00f3mo funciona, a qui\u00e9n afecta el impuesto de CO2, cu\u00e1les son sus obligaciones y plazos de cumplimiento. Una medida que promueve la descarbonizaci\u00f3n en terceros pa\u00edses e impulsa una econom\u00eda m\u00e1s respetuosa con el medio ambiente.<\/p>\n<p><span data-mce-type=\"bookmark\" class=\"mce_SELRES_start\">\ufeff<\/span><span data-mce-type=\"bookmark\" class=\"mce_SELRES_start\">\ufeff<\/span><\/p>\n<p><a href=\"https:\/\/open.spotify.com\/episode\/4mqyubp384bgRzOgrjsEFz?si=sprTVq3HQ7CbBSXcNQvrQA\"><img decoding=\"async\" class=\"alignnone wp-image-99111\" src=\"https:\/\/www.ayming.es\/wp-content\/uploads\/sites\/21\/2023\/10\/Diseno-sin-titulo-11-300x300.png\" alt=\"\" width=\"46\" height=\"46\" \/><\/a><\/p>\n<p>\u00a0<\/p>\n<p>\u00a0<\/p>\n<p><strong><span class=\"OYPEnA text-decoration-none text-strikethrough-none\"><img loading=\"lazy\" decoding=\"async\" class=\"alignleft wp-image-99738\" src=\"https:\/\/www.ayming.es\/wp-content\/uploads\/sites\/21\/2023\/10\/Cecilia-Hernandez_Mujeres-STEM_Ayming-300x300.png\" alt=\"Mujeres STEM-ayming-meets\" width=\"432\" height=\"432\" \/><\/span><\/strong><\/p>\n<h3><span><strong>Episodio 1: Mujeres STEM, \u2018La importancia de la mujer en la ciencia\u2019<\/strong><\/span><\/h3>\n<p><span class=\"OYPEnA text-decoration-none text-strikethrough-none\"><span data-slate-node=\"text\"><span class=\"sc-cTTdyq dgjojm\" data-slate-leaf=\"true\"><strong>Cecilia Hern\u00e1ndez, <\/strong><\/span><\/span><span data-slate-node=\"text\" data-slate-fragment=\"JTVCJTdCJTIydHlwZSUyMiUzQSUyMnBhcmFncmFwaCUyMiUyQyUyMmNoaWxkcmVuJTIyJTNBJTVCJTdCJTIydGV4dCUyMiUzQSUyMkNlY2lsaWElMjBIZXJuJUMzJUExbmRleiUyQyUyMCUyMiUyQyUyMmJvbGQlMjIlM0F0cnVlJTdEJTJDJTdCJTIydGV4dCUyMiUzQSUyMnByZXNpZGVudGElMjBkZWwlMjBub2RvJTIwZGUlMjBJbm5vdmFjaSVDMyVCM24lMjB5JTIwVGVjbm9sb2clQzMlQURhJTIwZGUlMjBsYSUyMEFzb2NpYWNpJUMzJUIzbiUyME11amVyZXMlMjBwb3IlMjBsYSUyMElubm92YWNpJUMzJUIzbiUyMHklMjBUZWNub2xvZyVDMyVBRGElMjAoQU1JVC1NSVQpJTIweSUyMFByZXNpZGVudGElMjBkZWwlMjBDb21pdCVDMyVBOSUyMENpZW50JUMzJUFEZmljbyUyMGRlJTIwbGElMjBBZ2VuY2lhJTIwRXNwYWNpYWwlMjBFdXJvcGVhLiUyMiU3RCU1RCU3RCU1RA==\"><span class=\"sc-cTTdyq dgjojm\" data-slate-leaf=\"true\">presidenta del nodo de Innovaci\u00f3n y Tecnolog\u00eda de la Asociaci\u00f3n Mujeres por la Innovaci\u00f3n y Tecnolog\u00eda (AMIT-MIT) y Presidenta del Comit\u00e9 Cient\u00edfico de la Agencia Espacial Europea, nos habla sobre las mujeres STEM y la importancia de<\/span><\/span><\/span><span data-slate-node=\"text\"><span class=\"sc-cTTdyq dgjojm\" data-slate-leaf=\"true\">\u00a0<strong>impulsar la vocaci\u00f3n cient\u00edfica entre las estudiantes<\/strong>\u00a0para que se pueda eliminar la brecha de g\u00e9nero relacionada con estudios cient\u00edfico-tecnol\u00f3gicos.<\/span><\/span><\/p>\n<p><span data-mce-type=\"bookmark\" class=\"mce_SELRES_start\">\ufeff<\/span><\/p>\n<p><a href=\"https:\/\/open.spotify.com\/episode\/3Dmqx5gsTaZ3xdFAGrsc5y?si=1onjDDdUQ6G-DIOZc6HMPA\"><img decoding=\"async\" class=\"alignnone wp-image-99111\" src=\"https:\/\/www.ayming.es\/wp-content\/uploads\/sites\/21\/2023\/10\/Diseno-sin-titulo-11-300x300.png\" alt=\"\" width=\"46\" height=\"46\" \/><\/a><\/p>\n<p>\u00a0<\/p>\n<h2>Escucha la Temporada 1 de Ayming Meets<\/h2>\n<p>\u00a0<\/p>\n<table border=\"0\" width=\"240\" cellspacing=\"0\" cellpadding=\"0\">\n<tbody>\n<tr>\n<td width=\"80\" height=\"19\"><a href=\"https:\/\/open.spotify.com\/episode\/1519KJJ8jdpQMmCbTIyM73?si=363031e980054a88\" target=\"_blank\" rel=\"noopener\"><img loading=\"lazy\" decoding=\"async\" class=\"alignnone wp-image-99740 size-medium\" src=\"https:\/\/www.ayming.es\/wp-content\/uploads\/sites\/21\/2023\/10\/CREA-1-300x300.png\" alt=\"francisco-marin-ayming-meets\" width=\"300\" height=\"300\" \/><\/a><\/td>\n<td width=\"80\"><a href=\"https:\/\/open.spotify.com\/episode\/5NzWzIEt2OIrnCFEsZwrsQ?si=72dcae6c26d940ca\" target=\"_blank\" rel=\"noopener\"><img loading=\"lazy\" decoding=\"async\" class=\"alignnone wp-image-99743 size-medium\" src=\"https:\/\/www.ayming.es\/wp-content\/uploads\/sites\/21\/2023\/10\/episodio-2-2-300x300.png\" alt=\"virginia-gonzalez-ayming-meets\" width=\"300\" height=\"300\" \/><\/a><\/td>\n<td width=\"80\"><a href=\"https:\/\/open.spotify.com\/episode\/5R0y0d7QK3kzYvXipfigvg?si=de4203cf03c849b8\" target=\"_blank\" rel=\"noopener\"><img loading=\"lazy\" decoding=\"async\" class=\"alignleft wp-image-99742 size-medium\" src=\"https:\/\/www.ayming.es\/wp-content\/uploads\/sites\/21\/2023\/10\/Episodio-3-podcast-1-1-300x300.png\" alt=\"Fran\u00e7oise-valera-ayming-meets\" width=\"300\" height=\"300\" \/><\/a><\/td>\n<\/tr>\n<\/tbody>\n<\/table>\n<p>\u00a0<\/p>\n<p>\u00a0<\/p>\n<p>The post <a href=\"https:\/\/www.ayming.es\/insights-y-noticias\/podcast\/ayming-meets\/\">Ayming Meets |El podcast empresarial de Ayming Espa\u00f1a<\/a> appeared first on <a href=\"https:\/\/www.ayming.es\/\">Ayming Espa\u00f1a<\/a>.<\/p>","protected":false},"excerpt":{"rendered":"<p>Si tienes una mente curiosa y est\u00e1s en constante b\u00fasqueda de la mejora en el rendimiento de la empresa Ayming Meets es tu podcast. Conoce de primera mano lo que mueve el mundo empresarial actualmente, y conoce las ventajas para tu negocio y las tendencias en Innovaci\u00f3n, Estrategia, Fiscalidad Internacional o Impuestos para aumentar la [&hellip;]<\/p>\n","protected":false},"author":5,"featured_media":0,"comment_status":"","ping_status":"","sticky":false,"template":"","format":"standard","meta":{"site-sidebar-layout":"default","site-content-layout":"","ast-site-content-layout":"default","site-content-style":"default","site-sidebar-style":"default","ast-global-header-display":"","ast-banner-title-visibility":"","ast-main-header-display":"","ast-hfb-above-header-display":"","ast-hfb-below-header-display":"","ast-hfb-mobile-header-display":"","site-post-title":"","ast-breadcrumbs-content":"","ast-featured-img":"","footer-sml-layout":"","ast-disable-related-posts":"","theme-transparent-header-meta":"","adv-header-id-meta":"","stick-header-meta":"","header-above-stick-meta":"","header-main-stick-meta":"","header-below-stick-meta":"","astra-migrate-meta-layouts":"default","ast-page-background-enabled":"default","ast-page-background-meta":{"desktop":{"background-color":"var(--ast-global-color-4)","background-image":"","background-repeat":"repeat","background-position":"center center","background-size":"auto","background-attachment":"scroll","background-type":"","background-media":"","overlay-type":"","overlay-color":"","overlay-opacity":"","overlay-gradient":""},"tablet":{"background-color":"","background-image":"","background-repeat":"repeat","background-position":"center center","background-size":"auto","background-attachment":"scroll","background-type":"","background-media":"","overlay-type":"","overlay-color":"","overlay-opacity":"","overlay-gradient":""},"mobile":{"background-color":"","background-image":"","background-repeat":"repeat","background-position":"center center","background-size":"auto","background-attachment":"scroll","background-type":"","background-media":"","overlay-type":"","overlay-color":"","overlay-opacity":"","overlay-gradient":""}},"ast-content-background-meta":{"desktop":{"background-color":"var(--ast-global-color-5)","background-image":"","background-repeat":"repeat","background-position":"center center","background-size":"auto","background-attachment":"scroll","background-type":"","background-media":"","overlay-type":"","overlay-color":"","overlay-opacity":"","overlay-gradient":""},"tablet":{"background-color":"var(--ast-global-color-5)","background-image":"","background-repeat":"repeat","background-position":"center center","background-size":"auto","background-attachment":"scroll","background-type":"","background-media":"","overlay-type":"","overlay-color":"","overlay-opacity":"","overlay-gradient":""},"mobile":{"background-color":"var(--ast-global-color-5)","background-image":"","background-repeat":"repeat","background-position":"center center","background-size":"auto","background-attachment":"scroll","background-type":"","background-media":"","overlay-type":"","overlay-color":"","overlay-opacity":"","overlay-gradient":""}},"footnotes":""},"categories":[5],"tags":[],"class_list":["post-24488","post","type-post","status-publish","format-standard","hentry","category-noticias"],"yoast_head":"<!-- This site is optimized with the Yoast SEO Premium plugin v20.9 (Yoast SEO v27.4) - https:\/\/yoast.com\/product\/yoast-seo-premium-wordpress\/ -->\n<title>Ayming Meets |El podcast empresarial de Ayming Espa\u00f1a - bip4ex<\/title>\n<meta name=\"robots\" content=\"index, follow, max-snippet:-1, max-image-preview:large, max-video-preview:-1\" \/>\n<link rel=\"canonical\" href=\"https:\/\/helloproject.es\/vigilancia\/ayming-meets-el-podcast-empresarial-de-ayming-espana\/\" \/>\n<meta property=\"og:locale\" content=\"es_ES\" \/>\n<meta property=\"og:type\" content=\"article\" \/>\n<meta property=\"og:title\" content=\"Ayming Meets |El podcast empresarial de Ayming Espa\u00f1a\" \/>\n<meta property=\"og:description\" content=\"Si tienes una mente curiosa y est\u00e1s en constante b\u00fasqueda de la mejora en el rendimiento de la empresa Ayming Meets es tu podcast. Conoce de primera mano lo que mueve el mundo empresarial actualmente, y conoce las ventajas para tu negocio y las tendencias en Innovaci\u00f3n, Estrategia, Fiscalidad Internacional o Impuestos para aumentar la [&hellip;]\" \/>\n<meta property=\"og:url\" content=\"https:\/\/helloproject.es\/vigilancia\/ayming-meets-el-podcast-empresarial-de-ayming-espana\/\" \/>\n<meta property=\"og:site_name\" content=\"bip4ex\" \/>\n<meta property=\"article:published_time\" content=\"2025-01-22T13:17:28+00:00\" \/>\n<meta name=\"author\" content=\"Luis Miguel Mej\u00edas Ramos\" \/>\n<meta name=\"twitter:card\" content=\"summary_large_image\" \/>\n<meta name=\"twitter:label1\" content=\"Escrito por\" \/>\n\t<meta name=\"twitter:data1\" content=\"Luis Miguel Mej\u00edas Ramos\" \/>\n\t<meta name=\"twitter:label2\" content=\"Tiempo de lectura\" \/>\n\t<meta name=\"twitter:data2\" content=\"3 minutos\" \/>\n<script type=\"application\/ld+json\" class=\"yoast-schema-graph\">{\"@context\":\"https:\\\/\\\/schema.org\",\"@graph\":[{\"@type\":\"Article\",\"@id\":\"https:\\\/\\\/helloproject.es\\\/vigilancia\\\/ayming-meets-el-podcast-empresarial-de-ayming-espana\\\/#article\",\"isPartOf\":{\"@id\":\"https:\\\/\\\/helloproject.es\\\/vigilancia\\\/ayming-meets-el-podcast-empresarial-de-ayming-espana\\\/\"},\"author\":{\"name\":\"Luis Miguel Mej\u00edas Ramos\",\"@id\":\"https:\\\/\\\/helloproject.es\\\/vigilancia\\\/#\\\/schema\\\/person\\\/3767b0619d59a11570372c821f8619ca\"},\"headline\":\"Ayming Meets |El podcast empresarial de Ayming Espa\u00f1a\",\"datePublished\":\"2025-01-22T13:17:28+00:00\",\"mainEntityOfPage\":{\"@id\":\"https:\\\/\\\/helloproject.es\\\/vigilancia\\\/ayming-meets-el-podcast-empresarial-de-ayming-espana\\\/\"},\"wordCount\":510,\"publisher\":{\"@id\":\"https:\\\/\\\/helloproject.es\\\/vigilancia\\\/#organization\"},\"image\":{\"@id\":\"https:\\\/\\\/helloproject.es\\\/vigilancia\\\/ayming-meets-el-podcast-empresarial-de-ayming-espana\\\/#primaryimage\"},\"thumbnailUrl\":\"https:\\\/\\\/www.ayming.es\\\/wp-content\\\/uploads\\\/sites\\\/21\\\/2023\\\/10\\\/Ivan-Aitor-300x300.png\",\"articleSection\":[\"Noticias\"],\"inLanguage\":\"es\"},{\"@type\":\"WebPage\",\"@id\":\"https:\\\/\\\/helloproject.es\\\/vigilancia\\\/ayming-meets-el-podcast-empresarial-de-ayming-espana\\\/\",\"url\":\"https:\\\/\\\/helloproject.es\\\/vigilancia\\\/ayming-meets-el-podcast-empresarial-de-ayming-espana\\\/\",\"name\":\"Ayming Meets |El podcast empresarial de Ayming Espa\u00f1a - bip4ex\",\"isPartOf\":{\"@id\":\"https:\\\/\\\/helloproject.es\\\/vigilancia\\\/#website\"},\"primaryImageOfPage\":{\"@id\":\"https:\\\/\\\/helloproject.es\\\/vigilancia\\\/ayming-meets-el-podcast-empresarial-de-ayming-espana\\\/#primaryimage\"},\"image\":{\"@id\":\"https:\\\/\\\/helloproject.es\\\/vigilancia\\\/ayming-meets-el-podcast-empresarial-de-ayming-espana\\\/#primaryimage\"},\"thumbnailUrl\":\"https:\\\/\\\/www.ayming.es\\\/wp-content\\\/uploads\\\/sites\\\/21\\\/2023\\\/10\\\/Ivan-Aitor-300x300.png\",\"datePublished\":\"2025-01-22T13:17:28+00:00\",\"breadcrumb\":{\"@id\":\"https:\\\/\\\/helloproject.es\\\/vigilancia\\\/ayming-meets-el-podcast-empresarial-de-ayming-espana\\\/#breadcrumb\"},\"inLanguage\":\"es\",\"potentialAction\":[{\"@type\":\"ReadAction\",\"target\":[\"https:\\\/\\\/helloproject.es\\\/vigilancia\\\/ayming-meets-el-podcast-empresarial-de-ayming-espana\\\/\"]}]},{\"@type\":\"ImageObject\",\"inLanguage\":\"es\",\"@id\":\"https:\\\/\\\/helloproject.es\\\/vigilancia\\\/ayming-meets-el-podcast-empresarial-de-ayming-espana\\\/#primaryimage\",\"url\":\"https:\\\/\\\/www.ayming.es\\\/wp-content\\\/uploads\\\/sites\\\/21\\\/2023\\\/10\\\/Ivan-Aitor-300x300.png\",\"contentUrl\":\"https:\\\/\\\/www.ayming.es\\\/wp-content\\\/uploads\\\/sites\\\/21\\\/2023\\\/10\\\/Ivan-Aitor-300x300.png\"},{\"@type\":\"BreadcrumbList\",\"@id\":\"https:\\\/\\\/helloproject.es\\\/vigilancia\\\/ayming-meets-el-podcast-empresarial-de-ayming-espana\\\/#breadcrumb\",\"itemListElement\":[{\"@type\":\"ListItem\",\"position\":1,\"name\":\"Home\",\"item\":\"https:\\\/\\\/helloproject.es\\\/vigilancia\\\/\"},{\"@type\":\"ListItem\",\"position\":2,\"name\":\"Ayming Meets |El podcast empresarial de Ayming Espa\u00f1a\"}]},{\"@type\":\"WebSite\",\"@id\":\"https:\\\/\\\/helloproject.es\\\/vigilancia\\\/#website\",\"url\":\"https:\\\/\\\/helloproject.es\\\/vigilancia\\\/\",\"name\":\"bip4ex\",\"description\":\"Vigilancia Tecnol\u00f3gica\",\"publisher\":{\"@id\":\"https:\\\/\\\/helloproject.es\\\/vigilancia\\\/#organization\"},\"potentialAction\":[{\"@type\":\"SearchAction\",\"target\":{\"@type\":\"EntryPoint\",\"urlTemplate\":\"https:\\\/\\\/helloproject.es\\\/vigilancia\\\/?s={search_term_string}\"},\"query-input\":{\"@type\":\"PropertyValueSpecification\",\"valueRequired\":true,\"valueName\":\"search_term_string\"}}],\"inLanguage\":\"es\"},{\"@type\":\"Organization\",\"@id\":\"https:\\\/\\\/helloproject.es\\\/vigilancia\\\/#organization\",\"name\":\"Helloproject.es\",\"url\":\"https:\\\/\\\/helloproject.es\\\/vigilancia\\\/\",\"logo\":{\"@type\":\"ImageObject\",\"inLanguage\":\"es\",\"@id\":\"https:\\\/\\\/helloproject.es\\\/vigilancia\\\/#\\\/schema\\\/logo\\\/image\\\/\",\"url\":\"https:\\\/\\\/helloproject.es\\\/vigilancia\\\/wp-content\\\/uploads\\\/2023\\\/07\\\/bip4ex.png\",\"contentUrl\":\"https:\\\/\\\/helloproject.es\\\/vigilancia\\\/wp-content\\\/uploads\\\/2023\\\/07\\\/bip4ex.png\",\"width\":322,\"height\":365,\"caption\":\"Helloproject.es\"},\"image\":{\"@id\":\"https:\\\/\\\/helloproject.es\\\/vigilancia\\\/#\\\/schema\\\/logo\\\/image\\\/\"}},{\"@type\":\"Person\",\"@id\":\"https:\\\/\\\/helloproject.es\\\/vigilancia\\\/#\\\/schema\\\/person\\\/3767b0619d59a11570372c821f8619ca\",\"name\":\"Luis Miguel Mej\u00edas Ramos\",\"url\":\"https:\\\/\\\/helloproject.es\\\/vigilancia\\\/author\\\/luismi\\\/\"}]}<\/script>\n<!-- \/ Yoast SEO Premium plugin. -->","yoast_head_json":{"title":"Ayming Meets |El podcast empresarial de Ayming Espa\u00f1a - bip4ex","robots":{"index":"index","follow":"follow","max-snippet":"max-snippet:-1","max-image-preview":"max-image-preview:large","max-video-preview":"max-video-preview:-1"},"canonical":"https:\/\/helloproject.es\/vigilancia\/ayming-meets-el-podcast-empresarial-de-ayming-espana\/","og_locale":"es_ES","og_type":"article","og_title":"Ayming Meets |El podcast empresarial de Ayming Espa\u00f1a","og_description":"Si tienes una mente curiosa y est\u00e1s en constante b\u00fasqueda de la mejora en el rendimiento de la empresa Ayming Meets es tu podcast. Conoce de primera mano lo que mueve el mundo empresarial actualmente, y conoce las ventajas para tu negocio y las tendencias en Innovaci\u00f3n, Estrategia, Fiscalidad Internacional o Impuestos para aumentar la [&hellip;]","og_url":"https:\/\/helloproject.es\/vigilancia\/ayming-meets-el-podcast-empresarial-de-ayming-espana\/","og_site_name":"bip4ex","article_published_time":"2025-01-22T13:17:28+00:00","author":"Luis Miguel Mej\u00edas Ramos","twitter_card":"summary_large_image","twitter_misc":{"Escrito por":"Luis Miguel Mej\u00edas Ramos","Tiempo de lectura":"3 minutos"},"schema":{"@context":"https:\/\/schema.org","@graph":[{"@type":"Article","@id":"https:\/\/helloproject.es\/vigilancia\/ayming-meets-el-podcast-empresarial-de-ayming-espana\/#article","isPartOf":{"@id":"https:\/\/helloproject.es\/vigilancia\/ayming-meets-el-podcast-empresarial-de-ayming-espana\/"},"author":{"name":"Luis Miguel Mej\u00edas Ramos","@id":"https:\/\/helloproject.es\/vigilancia\/#\/schema\/person\/3767b0619d59a11570372c821f8619ca"},"headline":"Ayming Meets |El podcast empresarial de Ayming Espa\u00f1a","datePublished":"2025-01-22T13:17:28+00:00","mainEntityOfPage":{"@id":"https:\/\/helloproject.es\/vigilancia\/ayming-meets-el-podcast-empresarial-de-ayming-espana\/"},"wordCount":510,"publisher":{"@id":"https:\/\/helloproject.es\/vigilancia\/#organization"},"image":{"@id":"https:\/\/helloproject.es\/vigilancia\/ayming-meets-el-podcast-empresarial-de-ayming-espana\/#primaryimage"},"thumbnailUrl":"https:\/\/www.ayming.es\/wp-content\/uploads\/sites\/21\/2023\/10\/Ivan-Aitor-300x300.png","articleSection":["Noticias"],"inLanguage":"es"},{"@type":"WebPage","@id":"https:\/\/helloproject.es\/vigilancia\/ayming-meets-el-podcast-empresarial-de-ayming-espana\/","url":"https:\/\/helloproject.es\/vigilancia\/ayming-meets-el-podcast-empresarial-de-ayming-espana\/","name":"Ayming Meets |El podcast empresarial de Ayming Espa\u00f1a - bip4ex","isPartOf":{"@id":"https:\/\/helloproject.es\/vigilancia\/#website"},"primaryImageOfPage":{"@id":"https:\/\/helloproject.es\/vigilancia\/ayming-meets-el-podcast-empresarial-de-ayming-espana\/#primaryimage"},"image":{"@id":"https:\/\/helloproject.es\/vigilancia\/ayming-meets-el-podcast-empresarial-de-ayming-espana\/#primaryimage"},"thumbnailUrl":"https:\/\/www.ayming.es\/wp-content\/uploads\/sites\/21\/2023\/10\/Ivan-Aitor-300x300.png","datePublished":"2025-01-22T13:17:28+00:00","breadcrumb":{"@id":"https:\/\/helloproject.es\/vigilancia\/ayming-meets-el-podcast-empresarial-de-ayming-espana\/#breadcrumb"},"inLanguage":"es","potentialAction":[{"@type":"ReadAction","target":["https:\/\/helloproject.es\/vigilancia\/ayming-meets-el-podcast-empresarial-de-ayming-espana\/"]}]},{"@type":"ImageObject","inLanguage":"es","@id":"https:\/\/helloproject.es\/vigilancia\/ayming-meets-el-podcast-empresarial-de-ayming-espana\/#primaryimage","url":"https:\/\/www.ayming.es\/wp-content\/uploads\/sites\/21\/2023\/10\/Ivan-Aitor-300x300.png","contentUrl":"https:\/\/www.ayming.es\/wp-content\/uploads\/sites\/21\/2023\/10\/Ivan-Aitor-300x300.png"},{"@type":"BreadcrumbList","@id":"https:\/\/helloproject.es\/vigilancia\/ayming-meets-el-podcast-empresarial-de-ayming-espana\/#breadcrumb","itemListElement":[{"@type":"ListItem","position":1,"name":"Home","item":"https:\/\/helloproject.es\/vigilancia\/"},{"@type":"ListItem","position":2,"name":"Ayming Meets |El podcast empresarial de Ayming Espa\u00f1a"}]},{"@type":"WebSite","@id":"https:\/\/helloproject.es\/vigilancia\/#website","url":"https:\/\/helloproject.es\/vigilancia\/","name":"bip4ex","description":"Vigilancia Tecnol\u00f3gica","publisher":{"@id":"https:\/\/helloproject.es\/vigilancia\/#organization"},"potentialAction":[{"@type":"SearchAction","target":{"@type":"EntryPoint","urlTemplate":"https:\/\/helloproject.es\/vigilancia\/?s={search_term_string}"},"query-input":{"@type":"PropertyValueSpecification","valueRequired":true,"valueName":"search_term_string"}}],"inLanguage":"es"},{"@type":"Organization","@id":"https:\/\/helloproject.es\/vigilancia\/#organization","name":"Helloproject.es","url":"https:\/\/helloproject.es\/vigilancia\/","logo":{"@type":"ImageObject","inLanguage":"es","@id":"https:\/\/helloproject.es\/vigilancia\/#\/schema\/logo\/image\/","url":"https:\/\/helloproject.es\/vigilancia\/wp-content\/uploads\/2023\/07\/bip4ex.png","contentUrl":"https:\/\/helloproject.es\/vigilancia\/wp-content\/uploads\/2023\/07\/bip4ex.png","width":322,"height":365,"caption":"Helloproject.es"},"image":{"@id":"https:\/\/helloproject.es\/vigilancia\/#\/schema\/logo\/image\/"}},{"@type":"Person","@id":"https:\/\/helloproject.es\/vigilancia\/#\/schema\/person\/3767b0619d59a11570372c821f8619ca","name":"Luis Miguel Mej\u00edas Ramos","url":"https:\/\/helloproject.es\/vigilancia\/author\/luismi\/"}]}},"_links":{"self":[{"href":"https:\/\/helloproject.es\/vigilancia\/wp-json\/wp\/v2\/posts\/24488","targetHints":{"allow":["GET"]}}],"collection":[{"href":"https:\/\/helloproject.es\/vigilancia\/wp-json\/wp\/v2\/posts"}],"about":[{"href":"https:\/\/helloproject.es\/vigilancia\/wp-json\/wp\/v2\/types\/post"}],"author":[{"embeddable":true,"href":"https:\/\/helloproject.es\/vigilancia\/wp-json\/wp\/v2\/users\/5"}],"replies":[{"embeddable":true,"href":"https:\/\/helloproject.es\/vigilancia\/wp-json\/wp\/v2\/comments?post=24488"}],"version-history":[{"count":0,"href":"https:\/\/helloproject.es\/vigilancia\/wp-json\/wp\/v2\/posts\/24488\/revisions"}],"wp:attachment":[{"href":"https:\/\/helloproject.es\/vigilancia\/wp-json\/wp\/v2\/media?parent=24488"}],"wp:term":[{"taxonomy":"category","embeddable":true,"href":"https:\/\/helloproject.es\/vigilancia\/wp-json\/wp\/v2\/categories?post=24488"},{"taxonomy":"post_tag","embeddable":true,"href":"https:\/\/helloproject.es\/vigilancia\/wp-json\/wp\/v2\/tags?post=24488"}],"curies":[{"name":"wp","href":"https:\/\/api.w.org\/{rel}","templated":true}]}}