{"id":24620,"date":"2025-01-22T16:29:04","date_gmt":"2025-01-22T15:29:04","guid":{"rendered":"https:\/\/helloproject.es\/vigilancia\/nuestros-focos-vivos-de-cultura-en-el-mejor-entorno-romano-en-palencia\/"},"modified":"2025-01-22T16:29:04","modified_gmt":"2025-01-22T15:29:04","slug":"nuestros-focos-vivos-de-cultura-en-el-mejor-entorno-romano-en-palencia","status":"publish","type":"post","link":"https:\/\/helloproject.es\/vigilancia\/nuestros-focos-vivos-de-cultura-en-el-mejor-entorno-romano-en-palencia\/","title":{"rendered":"Nuestros focos \u201cvivos\u201d de Cultura en el mejor entorno romano, en Palencia"},"content":{"rendered":"<p><span>Nuestros focos \u201cvivos\u201d de Cultura en el mejor entorno romano, en Palencia <\/span><\/p>\n<div>\n<div>Fecha de noticia<\/div>\n<div>Mi\u00e9rcoles, 22 de Enero de 2025\n<\/div>\n<\/div>\n<p><span><span>prensa<\/span><\/span><br \/>\n<span>Mi\u00e9, 22\/01\/2025 &#8211; 15:39<br \/>\n<\/span><\/p>\n<div>La Diputaci\u00f3n de Palencia dio cuenta\u00a0en FITUR 2025\u00a0de\u00a0la relevancia\u00a0de sus\u00a0villas: La Olmeda y la Tejada<\/div>\n<div>\n<ul>\n<li>\n<p class=\"text-align-justify\"><span lang=\"ES-TRAD\">La presidenta de la Diputaci\u00f3n, \u00c1ngeles Armis\u00e9n, con la colaboraci\u00f3n especial de comunicador e historiador Emilio del R\u00edo y la presencia del alcalde de Salda\u00f1a, Adolfo Palacios acompa\u00f1ado de varios centuriones romanos, han sido protagonistas esta ma\u00f1ana en el\u00a0<strong>acto de la Diputaci\u00f3n palentina de la Feria Internacional de Turismo, FITUR<\/strong>,\u00a0que se celebra en Madrid hasta el 26 de enero, para dar visibilidad\u00a0 de la oferta tur\u00edstica de la provincia esta a\u00f1o, y que tiene como base las villas romanas palentinas, como ejemplos de nuestro patrimonio provincial.<\/span><span lang=\"ES-TRAD\"><\/span><\/p>\n<\/li>\n<li>\n<p class=\"text-align-justify\"><span lang=\"ES-TRAD\"><\/span><span lang=\"ES-TRAD\">La Feria se inaugur\u00f3 esta ma\u00f1ana por parte de SS.MM los Reyes de Espa\u00f1a, quienes pasaron por el pabell\u00f3n regional, donde se encuentra el espacio palentino, y recibieron el saludo caluroso de las autoridades y del numeroso p\u00fablico que acudi\u00f3 hoy all\u00ed, para arropar la presencia de Palencia en Madrid.\u00a0<\/span><\/p>\n<p class=\"text-align-justify\"><span lang=\"ES-TRAD\"><\/span><\/p>\n<\/li>\n<li><span lang=\"ES-TRAD\"><\/span><span lang=\"ES-TRAD\">Recordamos que la Instituci\u00f3n Provincial est\u00e1 presente, como coexpositor, en el stand de la Junta de Castilla y Le\u00f3n bajo el lema \u201c<strong>Palencia Romana. Descubrir nuestra historia\u201d<\/strong>, en un espacio en el que se pondr\u00e1 el \u00e9nfasis en posicionar a Palencia como un destino cultural, resaltando su valioso patrimonio y las diversas experiencias que se pueden vivir a su alrededor, con un espacio expositivo en el que tomar\u00e1 protagonismo el oecus del gineceo de la Villa Romana La Olmeda.<\/span><\/li>\n<\/ul>\n<\/div>","protected":false},"excerpt":{"rendered":"<p>Nuestros focos \u201cvivos\u201d de Cultura en el mejor entorno romano, en Palencia Fecha de noticia Mi\u00e9rcoles, 22 de Enero de 2025 prensa Mi\u00e9, 22\/01\/2025 &#8211; 15:39 La Diputaci\u00f3n de Palencia dio cuenta\u00a0en FITUR 2025\u00a0de\u00a0la relevancia\u00a0de sus\u00a0villas: La Olmeda y la Tejada La presidenta de la Diputaci\u00f3n, \u00c1ngeles Armis\u00e9n, con la colaboraci\u00f3n especial de comunicador e [&hellip;]<\/p>\n","protected":false},"author":5,"featured_media":0,"comment_status":"","ping_status":"","sticky":false,"template":"","format":"standard","meta":{"site-sidebar-layout":"default","site-content-layout":"","ast-site-content-layout":"default","site-content-style":"default","site-sidebar-style":"default","ast-global-header-display":"","ast-banner-title-visibility":"","ast-main-header-display":"","ast-hfb-above-header-display":"","ast-hfb-below-header-display":"","ast-hfb-mobile-header-display":"","site-post-title":"","ast-breadcrumbs-content":"","ast-featured-img":"","footer-sml-layout":"","ast-disable-related-posts":"","theme-transparent-header-meta":"","adv-header-id-meta":"","stick-header-meta":"","header-above-stick-meta":"","header-main-stick-meta":"","header-below-stick-meta":"","astra-migrate-meta-layouts":"default","ast-page-background-enabled":"default","ast-page-background-meta":{"desktop":{"background-color":"var(--ast-global-color-4)","background-image":"","background-repeat":"repeat","background-position":"center center","background-size":"auto","background-attachment":"scroll","background-type":"","background-media":"","overlay-type":"","overlay-color":"","overlay-opacity":"","overlay-gradient":""},"tablet":{"background-color":"","background-image":"","background-repeat":"repeat","background-position":"center center","background-size":"auto","background-attachment":"scroll","background-type":"","background-media":"","overlay-type":"","overlay-color":"","overlay-opacity":"","overlay-gradient":""},"mobile":{"background-color":"","background-image":"","background-repeat":"repeat","background-position":"center center","background-size":"auto","background-attachment":"scroll","background-type":"","background-media":"","overlay-type":"","overlay-color":"","overlay-opacity":"","overlay-gradient":""}},"ast-content-background-meta":{"desktop":{"background-color":"var(--ast-global-color-5)","background-image":"","background-repeat":"repeat","background-position":"center center","background-size":"auto","background-attachment":"scroll","background-type":"","background-media":"","overlay-type":"","overlay-color":"","overlay-opacity":"","overlay-gradient":""},"tablet":{"background-color":"var(--ast-global-color-5)","background-image":"","background-repeat":"repeat","background-position":"center center","background-size":"auto","background-attachment":"scroll","background-type":"","background-media":"","overlay-type":"","overlay-color":"","overlay-opacity":"","overlay-gradient":""},"mobile":{"background-color":"var(--ast-global-color-5)","background-image":"","background-repeat":"repeat","background-position":"center center","background-size":"auto","background-attachment":"scroll","background-type":"","background-media":"","overlay-type":"","overlay-color":"","overlay-opacity":"","overlay-gradient":""}},"footnotes":""},"categories":[5],"tags":[],"class_list":["post-24620","post","type-post","status-publish","format-standard","hentry","category-noticias"],"yoast_head":"<!-- This site is optimized with the Yoast SEO Premium plugin v20.9 (Yoast SEO v27.4) - https:\/\/yoast.com\/product\/yoast-seo-premium-wordpress\/ -->\n<title>Nuestros focos \u201cvivos\u201d de Cultura en el mejor entorno romano, en Palencia - bip4ex<\/title>\n<meta name=\"robots\" content=\"index, follow, max-snippet:-1, max-image-preview:large, max-video-preview:-1\" \/>\n<link rel=\"canonical\" href=\"https:\/\/helloproject.es\/vigilancia\/nuestros-focos-vivos-de-cultura-en-el-mejor-entorno-romano-en-palencia\/\" \/>\n<meta property=\"og:locale\" content=\"es_ES\" \/>\n<meta property=\"og:type\" content=\"article\" \/>\n<meta property=\"og:title\" content=\"Nuestros focos \u201cvivos\u201d de Cultura en el mejor entorno romano, en Palencia\" \/>\n<meta property=\"og:description\" content=\"Nuestros focos \u201cvivos\u201d de Cultura en el mejor entorno romano, en Palencia Fecha de noticia Mi\u00e9rcoles, 22 de Enero de 2025 prensa Mi\u00e9, 22\/01\/2025 &#8211; 15:39 La Diputaci\u00f3n de Palencia dio cuenta\u00a0en FITUR 2025\u00a0de\u00a0la relevancia\u00a0de sus\u00a0villas: La Olmeda y la Tejada La presidenta de la Diputaci\u00f3n, \u00c1ngeles Armis\u00e9n, con la colaboraci\u00f3n especial de comunicador e [&hellip;]\" \/>\n<meta property=\"og:url\" content=\"https:\/\/helloproject.es\/vigilancia\/nuestros-focos-vivos-de-cultura-en-el-mejor-entorno-romano-en-palencia\/\" \/>\n<meta property=\"og:site_name\" content=\"bip4ex\" \/>\n<meta property=\"article:published_time\" content=\"2025-01-22T15:29:04+00:00\" \/>\n<meta name=\"author\" content=\"Luis Miguel Mej\u00edas Ramos\" \/>\n<meta name=\"twitter:card\" content=\"summary_large_image\" \/>\n<meta name=\"twitter:label1\" content=\"Escrito por\" \/>\n\t<meta name=\"twitter:data1\" content=\"Luis Miguel Mej\u00edas Ramos\" \/>\n\t<meta name=\"twitter:label2\" content=\"Tiempo de lectura\" \/>\n\t<meta name=\"twitter:data2\" content=\"1 minuto\" \/>\n<script type=\"application\/ld+json\" class=\"yoast-schema-graph\">{\"@context\":\"https:\\\/\\\/schema.org\",\"@graph\":[{\"@type\":\"Article\",\"@id\":\"https:\\\/\\\/helloproject.es\\\/vigilancia\\\/nuestros-focos-vivos-de-cultura-en-el-mejor-entorno-romano-en-palencia\\\/#article\",\"isPartOf\":{\"@id\":\"https:\\\/\\\/helloproject.es\\\/vigilancia\\\/nuestros-focos-vivos-de-cultura-en-el-mejor-entorno-romano-en-palencia\\\/\"},\"author\":{\"name\":\"Luis Miguel Mej\u00edas Ramos\",\"@id\":\"https:\\\/\\\/helloproject.es\\\/vigilancia\\\/#\\\/schema\\\/person\\\/3767b0619d59a11570372c821f8619ca\"},\"headline\":\"Nuestros focos \u201cvivos\u201d de Cultura en el mejor entorno romano, en Palencia\",\"datePublished\":\"2025-01-22T15:29:04+00:00\",\"mainEntityOfPage\":{\"@id\":\"https:\\\/\\\/helloproject.es\\\/vigilancia\\\/nuestros-focos-vivos-de-cultura-en-el-mejor-entorno-romano-en-palencia\\\/\"},\"wordCount\":288,\"publisher\":{\"@id\":\"https:\\\/\\\/helloproject.es\\\/vigilancia\\\/#organization\"},\"articleSection\":[\"Noticias\"],\"inLanguage\":\"es\"},{\"@type\":\"WebPage\",\"@id\":\"https:\\\/\\\/helloproject.es\\\/vigilancia\\\/nuestros-focos-vivos-de-cultura-en-el-mejor-entorno-romano-en-palencia\\\/\",\"url\":\"https:\\\/\\\/helloproject.es\\\/vigilancia\\\/nuestros-focos-vivos-de-cultura-en-el-mejor-entorno-romano-en-palencia\\\/\",\"name\":\"Nuestros focos \u201cvivos\u201d de Cultura en el mejor entorno romano, en Palencia - bip4ex\",\"isPartOf\":{\"@id\":\"https:\\\/\\\/helloproject.es\\\/vigilancia\\\/#website\"},\"datePublished\":\"2025-01-22T15:29:04+00:00\",\"breadcrumb\":{\"@id\":\"https:\\\/\\\/helloproject.es\\\/vigilancia\\\/nuestros-focos-vivos-de-cultura-en-el-mejor-entorno-romano-en-palencia\\\/#breadcrumb\"},\"inLanguage\":\"es\",\"potentialAction\":[{\"@type\":\"ReadAction\",\"target\":[\"https:\\\/\\\/helloproject.es\\\/vigilancia\\\/nuestros-focos-vivos-de-cultura-en-el-mejor-entorno-romano-en-palencia\\\/\"]}]},{\"@type\":\"BreadcrumbList\",\"@id\":\"https:\\\/\\\/helloproject.es\\\/vigilancia\\\/nuestros-focos-vivos-de-cultura-en-el-mejor-entorno-romano-en-palencia\\\/#breadcrumb\",\"itemListElement\":[{\"@type\":\"ListItem\",\"position\":1,\"name\":\"Home\",\"item\":\"https:\\\/\\\/helloproject.es\\\/vigilancia\\\/\"},{\"@type\":\"ListItem\",\"position\":2,\"name\":\"Nuestros focos \u201cvivos\u201d de Cultura en el mejor entorno romano, en Palencia\"}]},{\"@type\":\"WebSite\",\"@id\":\"https:\\\/\\\/helloproject.es\\\/vigilancia\\\/#website\",\"url\":\"https:\\\/\\\/helloproject.es\\\/vigilancia\\\/\",\"name\":\"bip4ex\",\"description\":\"Vigilancia Tecnol\u00f3gica\",\"publisher\":{\"@id\":\"https:\\\/\\\/helloproject.es\\\/vigilancia\\\/#organization\"},\"potentialAction\":[{\"@type\":\"SearchAction\",\"target\":{\"@type\":\"EntryPoint\",\"urlTemplate\":\"https:\\\/\\\/helloproject.es\\\/vigilancia\\\/?s={search_term_string}\"},\"query-input\":{\"@type\":\"PropertyValueSpecification\",\"valueRequired\":true,\"valueName\":\"search_term_string\"}}],\"inLanguage\":\"es\"},{\"@type\":\"Organization\",\"@id\":\"https:\\\/\\\/helloproject.es\\\/vigilancia\\\/#organization\",\"name\":\"Helloproject.es\",\"url\":\"https:\\\/\\\/helloproject.es\\\/vigilancia\\\/\",\"logo\":{\"@type\":\"ImageObject\",\"inLanguage\":\"es\",\"@id\":\"https:\\\/\\\/helloproject.es\\\/vigilancia\\\/#\\\/schema\\\/logo\\\/image\\\/\",\"url\":\"https:\\\/\\\/helloproject.es\\\/vigilancia\\\/wp-content\\\/uploads\\\/2023\\\/07\\\/bip4ex.png\",\"contentUrl\":\"https:\\\/\\\/helloproject.es\\\/vigilancia\\\/wp-content\\\/uploads\\\/2023\\\/07\\\/bip4ex.png\",\"width\":322,\"height\":365,\"caption\":\"Helloproject.es\"},\"image\":{\"@id\":\"https:\\\/\\\/helloproject.es\\\/vigilancia\\\/#\\\/schema\\\/logo\\\/image\\\/\"}},{\"@type\":\"Person\",\"@id\":\"https:\\\/\\\/helloproject.es\\\/vigilancia\\\/#\\\/schema\\\/person\\\/3767b0619d59a11570372c821f8619ca\",\"name\":\"Luis Miguel Mej\u00edas Ramos\",\"url\":\"https:\\\/\\\/helloproject.es\\\/vigilancia\\\/author\\\/luismi\\\/\"}]}<\/script>\n<!-- \/ Yoast SEO Premium plugin. -->","yoast_head_json":{"title":"Nuestros focos \u201cvivos\u201d de Cultura en el mejor entorno romano, en Palencia - bip4ex","robots":{"index":"index","follow":"follow","max-snippet":"max-snippet:-1","max-image-preview":"max-image-preview:large","max-video-preview":"max-video-preview:-1"},"canonical":"https:\/\/helloproject.es\/vigilancia\/nuestros-focos-vivos-de-cultura-en-el-mejor-entorno-romano-en-palencia\/","og_locale":"es_ES","og_type":"article","og_title":"Nuestros focos \u201cvivos\u201d de Cultura en el mejor entorno romano, en Palencia","og_description":"Nuestros focos \u201cvivos\u201d de Cultura en el mejor entorno romano, en Palencia Fecha de noticia Mi\u00e9rcoles, 22 de Enero de 2025 prensa Mi\u00e9, 22\/01\/2025 &#8211; 15:39 La Diputaci\u00f3n de Palencia dio cuenta\u00a0en FITUR 2025\u00a0de\u00a0la relevancia\u00a0de sus\u00a0villas: La Olmeda y la Tejada La presidenta de la Diputaci\u00f3n, \u00c1ngeles Armis\u00e9n, con la colaboraci\u00f3n especial de comunicador e [&hellip;]","og_url":"https:\/\/helloproject.es\/vigilancia\/nuestros-focos-vivos-de-cultura-en-el-mejor-entorno-romano-en-palencia\/","og_site_name":"bip4ex","article_published_time":"2025-01-22T15:29:04+00:00","author":"Luis Miguel Mej\u00edas Ramos","twitter_card":"summary_large_image","twitter_misc":{"Escrito por":"Luis Miguel Mej\u00edas Ramos","Tiempo de lectura":"1 minuto"},"schema":{"@context":"https:\/\/schema.org","@graph":[{"@type":"Article","@id":"https:\/\/helloproject.es\/vigilancia\/nuestros-focos-vivos-de-cultura-en-el-mejor-entorno-romano-en-palencia\/#article","isPartOf":{"@id":"https:\/\/helloproject.es\/vigilancia\/nuestros-focos-vivos-de-cultura-en-el-mejor-entorno-romano-en-palencia\/"},"author":{"name":"Luis Miguel Mej\u00edas Ramos","@id":"https:\/\/helloproject.es\/vigilancia\/#\/schema\/person\/3767b0619d59a11570372c821f8619ca"},"headline":"Nuestros focos \u201cvivos\u201d de Cultura en el mejor entorno romano, en Palencia","datePublished":"2025-01-22T15:29:04+00:00","mainEntityOfPage":{"@id":"https:\/\/helloproject.es\/vigilancia\/nuestros-focos-vivos-de-cultura-en-el-mejor-entorno-romano-en-palencia\/"},"wordCount":288,"publisher":{"@id":"https:\/\/helloproject.es\/vigilancia\/#organization"},"articleSection":["Noticias"],"inLanguage":"es"},{"@type":"WebPage","@id":"https:\/\/helloproject.es\/vigilancia\/nuestros-focos-vivos-de-cultura-en-el-mejor-entorno-romano-en-palencia\/","url":"https:\/\/helloproject.es\/vigilancia\/nuestros-focos-vivos-de-cultura-en-el-mejor-entorno-romano-en-palencia\/","name":"Nuestros focos \u201cvivos\u201d de Cultura en el mejor entorno romano, en Palencia - bip4ex","isPartOf":{"@id":"https:\/\/helloproject.es\/vigilancia\/#website"},"datePublished":"2025-01-22T15:29:04+00:00","breadcrumb":{"@id":"https:\/\/helloproject.es\/vigilancia\/nuestros-focos-vivos-de-cultura-en-el-mejor-entorno-romano-en-palencia\/#breadcrumb"},"inLanguage":"es","potentialAction":[{"@type":"ReadAction","target":["https:\/\/helloproject.es\/vigilancia\/nuestros-focos-vivos-de-cultura-en-el-mejor-entorno-romano-en-palencia\/"]}]},{"@type":"BreadcrumbList","@id":"https:\/\/helloproject.es\/vigilancia\/nuestros-focos-vivos-de-cultura-en-el-mejor-entorno-romano-en-palencia\/#breadcrumb","itemListElement":[{"@type":"ListItem","position":1,"name":"Home","item":"https:\/\/helloproject.es\/vigilancia\/"},{"@type":"ListItem","position":2,"name":"Nuestros focos \u201cvivos\u201d de Cultura en el mejor entorno romano, en Palencia"}]},{"@type":"WebSite","@id":"https:\/\/helloproject.es\/vigilancia\/#website","url":"https:\/\/helloproject.es\/vigilancia\/","name":"bip4ex","description":"Vigilancia Tecnol\u00f3gica","publisher":{"@id":"https:\/\/helloproject.es\/vigilancia\/#organization"},"potentialAction":[{"@type":"SearchAction","target":{"@type":"EntryPoint","urlTemplate":"https:\/\/helloproject.es\/vigilancia\/?s={search_term_string}"},"query-input":{"@type":"PropertyValueSpecification","valueRequired":true,"valueName":"search_term_string"}}],"inLanguage":"es"},{"@type":"Organization","@id":"https:\/\/helloproject.es\/vigilancia\/#organization","name":"Helloproject.es","url":"https:\/\/helloproject.es\/vigilancia\/","logo":{"@type":"ImageObject","inLanguage":"es","@id":"https:\/\/helloproject.es\/vigilancia\/#\/schema\/logo\/image\/","url":"https:\/\/helloproject.es\/vigilancia\/wp-content\/uploads\/2023\/07\/bip4ex.png","contentUrl":"https:\/\/helloproject.es\/vigilancia\/wp-content\/uploads\/2023\/07\/bip4ex.png","width":322,"height":365,"caption":"Helloproject.es"},"image":{"@id":"https:\/\/helloproject.es\/vigilancia\/#\/schema\/logo\/image\/"}},{"@type":"Person","@id":"https:\/\/helloproject.es\/vigilancia\/#\/schema\/person\/3767b0619d59a11570372c821f8619ca","name":"Luis Miguel Mej\u00edas Ramos","url":"https:\/\/helloproject.es\/vigilancia\/author\/luismi\/"}]}},"_links":{"self":[{"href":"https:\/\/helloproject.es\/vigilancia\/wp-json\/wp\/v2\/posts\/24620","targetHints":{"allow":["GET"]}}],"collection":[{"href":"https:\/\/helloproject.es\/vigilancia\/wp-json\/wp\/v2\/posts"}],"about":[{"href":"https:\/\/helloproject.es\/vigilancia\/wp-json\/wp\/v2\/types\/post"}],"author":[{"embeddable":true,"href":"https:\/\/helloproject.es\/vigilancia\/wp-json\/wp\/v2\/users\/5"}],"replies":[{"embeddable":true,"href":"https:\/\/helloproject.es\/vigilancia\/wp-json\/wp\/v2\/comments?post=24620"}],"version-history":[{"count":0,"href":"https:\/\/helloproject.es\/vigilancia\/wp-json\/wp\/v2\/posts\/24620\/revisions"}],"wp:attachment":[{"href":"https:\/\/helloproject.es\/vigilancia\/wp-json\/wp\/v2\/media?parent=24620"}],"wp:term":[{"taxonomy":"category","embeddable":true,"href":"https:\/\/helloproject.es\/vigilancia\/wp-json\/wp\/v2\/categories?post=24620"},{"taxonomy":"post_tag","embeddable":true,"href":"https:\/\/helloproject.es\/vigilancia\/wp-json\/wp\/v2\/tags?post=24620"}],"curies":[{"name":"wp","href":"https:\/\/api.w.org\/{rel}","templated":true}]}}