{"id":32477,"date":"2025-01-29T08:28:08","date_gmt":"2025-01-29T07:28:08","guid":{"rendered":"https:\/\/helloproject.es\/vigilancia\/la-exposicion-al-frio-y-al-calor-afecta-a-la-salud-mental-de-los-adolescentes\/"},"modified":"2025-01-29T08:28:08","modified_gmt":"2025-01-29T07:28:08","slug":"la-exposicion-al-frio-y-al-calor-afecta-a-la-salud-mental-de-los-adolescentes","status":"publish","type":"post","link":"https:\/\/helloproject.es\/vigilancia\/la-exposicion-al-frio-y-al-calor-afecta-a-la-salud-mental-de-los-adolescentes\/","title":{"rendered":"La exposici\u00f3n al fr\u00edo y al calor afecta a la salud mental de los adolescentes"},"content":{"rendered":"<p>La exposici\u00f3n al fr\u00edo y al calor podr\u00eda afectar a la salud mental de los adolescentes, seg\u00fan un estudio liderado por el Instituto de Salud Global de Barcelona (ISGlobal), un centro impulsado por la Fundaci\u00f3n \u201cla Caixa\u201d. La investigaci\u00f3n, realizada con casi 5.000 adolescentes de los Pa\u00edses Bajos (3.934) y Espa\u00f1a (885), destaca c\u00f3mo la exposici\u00f3n a temperaturas ambientales influye en s\u00edntomas psiqui\u00e1tricos como la ansiedad, la depresi\u00f3n y los problemas de atenci\u00f3n. Los resultados se han publicado recientemente en JAMA Network Open.<\/p>\n<p>El estudio analiz\u00f3 datos de dos grandes cohortes de nacimiento europeas: el estudio <a href=\"https:\/\/generationr.nl\/researchers\/\" target=\"_blank\">Generation R<\/a> en Rotterdam, Pa\u00edses Bajos, y el <a href=\"https:\/\/www.proyectoinma.org\/en\/\" target=\"_blank\">Proyecto INMA<\/a> en Espa\u00f1a (Guip\u00fazcoa, Sabadell y Valencia). Los investigadores evaluaron las temperaturas ambientales diarias en los hogares de los participantes durante tres periodos de tiempo diferentes, hasta dos meses antes de evaluar los s\u00edntomas psiqui\u00e1tricos. Estos s\u00edntomas, que incluyeron los problemas de interiorizaci\u00f3n (relacionados, por ejemplo, con la ansiedad y la depresi\u00f3n), los problemas de exteriorizaci\u00f3n (comportamiento agresivo e incumplimiento de las normas) y los problemas de atenci\u00f3n, se evaluaron mediante un cuestionario estandarizado cumplimentado por las madres de los adolescentes.<\/p>\n<p>El an\u00e1lisis de los datos mostr\u00f3 que, en la cohorte neerlandesa,\u00a0la exposici\u00f3n al fr\u00edo se asociaba a un aumento de los problemas de interiorizaci\u00f3n, como la ansiedad y los s\u00edntomas depresivos<\/p>\n<p>El an\u00e1lisis de los datos mostr\u00f3 que, en la cohorte neerlandesa, la exposici\u00f3n al fr\u00edo se asociaba a un aumento de los problemas de interiorizaci\u00f3n, como la ansiedad y los s\u00edntomas depresivos. Por ejemplo, una exposici\u00f3n acumulativa de dos meses a temperaturas en torno a los 5,5 \u00b0C conllevaba un aumento significativo de las puntuaciones de dichos problemas.<\/p>\n<p>Por otro lado, los resultados de la cohorte espa\u00f1ola mostraron que la exposici\u00f3n al calor se relacionaba con un aumento de los problemas de atenci\u00f3n. Los adolescentes expuestos a una temperatura media de 21,7 \u00b0C durante dos meses obtuvieron puntuaciones significativamente m\u00e1s altas en esta \u00e1rea. Estos resultados sugieren que la salud mental de los adolescentes puede verse afectada por cambios moderados de temperatura, observ\u00e1ndose efectos distintos seg\u00fan si las regiones son m\u00e1s fr\u00edas o m\u00e1s c\u00e1lidas.<\/p>\n<p><img decoding=\"async\" src=\"https:\/\/www.agenciasinc.es\/bundles\/app\/images\/quotebefore.png\" \/><\/p>\n<p>El hecho de no detectar ninguna asociaci\u00f3n con el fr\u00edo en los adolescentes de Espa\u00f1a ni con el calor en los participantes de Pa\u00edses Bajos podr\u00eda sugerir que se requiere una exposici\u00f3n prolongada a temperaturas extremas para evidenciar estos efectos<\/p>\n<p>M\u00f2nica Guxens, profesora de Investigaci\u00f3n ICREA<br \/>\n<img decoding=\"async\" src=\"https:\/\/www.agenciasinc.es\/bundles\/app\/images\/quoteafter.png\" \/><\/p>\n<p>\u201cEl hecho de no detectar ninguna asociaci\u00f3n con el fr\u00edo en los adolescentes de Espa\u00f1a ni con el calor en los participantes de Pa\u00edses Bajos podr\u00eda sugerir que se requiere una exposici\u00f3n prolongada a temperaturas extremas para evidenciar estos efectos\u201d. Explica M\u00f2nica Guxens, profesora de Investigaci\u00f3n ICREA en ISGlobal y autora principal del estudio.<\/p>\n<p><a><\/a><\/p>\n<h2>Un problema que va en aumento<\/h2>\n<p>Los s\u00edntomas psiqui\u00e1tricos, como la ansiedad, la depresi\u00f3n y los problemas de atenci\u00f3n, afectan a aproximadamente uno de cada siete adolescentes de entre 10 y 19 a\u00f1os en todo el mundo. El cambio clim\u00e1tico, con su consiguiente incremento de temperaturas extremas, puede exacerbar estos trastornos, sobre todo en poblaciones vulnerables como los adolescentes.<\/p>\n<p>La exposici\u00f3n al fr\u00edo puede desencadenar \u201crespuestas termorreguladoras\u201d, como la vasoconstricci\u00f3n (estrechamiento de los vasos sangu\u00edneos), que puede alterar la temperatura corporal normal y la funci\u00f3n cerebral, provocando problemas de interiorizaci\u00f3n.<\/p>\n<p>La exposici\u00f3n al calor puede aumentar las\u00a0hormonas del estr\u00e9s (cortisol) y los marcadores de inflamaci\u00f3n, al tiempo que dificulta la refrigeraci\u00f3n y la oxigenaci\u00f3n del cerebro. Esto puede afectar a la concentraci\u00f3n, y contribuir los problemas de atenci\u00f3n o irritabilidad. Las altas temperaturas nocturnas tambi\u00e9n pueden interferir en el sue\u00f1o, lo que empeora a\u00fan m\u00e1s los problemas de atenci\u00f3n.<\/p>\n<p><img decoding=\"async\" src=\"https:\/\/www.agenciasinc.es\/bundles\/app\/images\/quotebefore.png\" \/><\/p>\n<p>Se necesita m\u00e1s investigaci\u00f3n en contextos clim\u00e1ticos variados para comprender c\u00f3mo las variaciones de temperatura pueden influir en la salud mental<\/p>\n<p>Esm\u00e9e Essers, investigadora de ISGlobal<br \/>\n<img decoding=\"async\" src=\"https:\/\/www.agenciasinc.es\/bundles\/app\/images\/quoteafter.png\" \/><\/p>\n<p>Por \u00faltimo, tanto el fr\u00edo como el calor pueden causar malestar f\u00edsico, que afecta negativamente al estado de \u00e1nimo y al bienestar emocional, contribuyendo a los s\u00edntomas psiqui\u00e1tricos.<\/p>\n<p>\u201cSe necesita m\u00e1s investigaci\u00f3n en contextos clim\u00e1ticos variados para comprender c\u00f3mo las variaciones de temperatura pueden influir en la salud mental\u201d, a\u00f1ade Esm\u00e9e Essers, investigadora de ISGlobal y autora principal del estudio.<\/p>\n<p>\u201cEntender c\u00f3mo los factores clim\u00e1ticos afectan a la salud mental ayuda a crear estrategias para proteger a los grupos vulnerables, especialmente a los adolescentes\u201d, concluye Guxens. \u201cConsiderar la salud mental en las pol\u00edticas de acci\u00f3n clim\u00e1tica podr\u00eda mejorar estas iniciativas\u201d.<\/p>\n<p>Referencia:<\/p>\n<p>Guxens M. et al. \u00abTemperature Exposure and Psychiatric Symptoms in Adolescents From 2 European Birth Cohorts\u00bb,\u00a0Jama Network\u00a0<\/p>","protected":false},"excerpt":{"rendered":"<p>La exposici\u00f3n al fr\u00edo y al calor podr\u00eda afectar a la salud mental de los adolescentes, seg\u00fan un estudio liderado por el Instituto de Salud Global de Barcelona (ISGlobal), un centro impulsado por la Fundaci\u00f3n \u201cla Caixa\u201d. La investigaci\u00f3n, realizada con casi 5.000 adolescentes de los Pa\u00edses Bajos (3.934) y Espa\u00f1a (885), destaca c\u00f3mo la [&hellip;]<\/p>\n","protected":false},"author":5,"featured_media":0,"comment_status":"","ping_status":"","sticky":false,"template":"","format":"standard","meta":{"site-sidebar-layout":"default","site-content-layout":"","ast-site-content-layout":"default","site-content-style":"default","site-sidebar-style":"default","ast-global-header-display":"","ast-banner-title-visibility":"","ast-main-header-display":"","ast-hfb-above-header-display":"","ast-hfb-below-header-display":"","ast-hfb-mobile-header-display":"","site-post-title":"","ast-breadcrumbs-content":"","ast-featured-img":"","footer-sml-layout":"","ast-disable-related-posts":"","theme-transparent-header-meta":"","adv-header-id-meta":"","stick-header-meta":"","header-above-stick-meta":"","header-main-stick-meta":"","header-below-stick-meta":"","astra-migrate-meta-layouts":"default","ast-page-background-enabled":"default","ast-page-background-meta":{"desktop":{"background-color":"var(--ast-global-color-4)","background-image":"","background-repeat":"repeat","background-position":"center center","background-size":"auto","background-attachment":"scroll","background-type":"","background-media":"","overlay-type":"","overlay-color":"","overlay-opacity":"","overlay-gradient":""},"tablet":{"background-color":"","background-image":"","background-repeat":"repeat","background-position":"center center","background-size":"auto","background-attachment":"scroll","background-type":"","background-media":"","overlay-type":"","overlay-color":"","overlay-opacity":"","overlay-gradient":""},"mobile":{"background-color":"","background-image":"","background-repeat":"repeat","background-position":"center center","background-size":"auto","background-attachment":"scroll","background-type":"","background-media":"","overlay-type":"","overlay-color":"","overlay-opacity":"","overlay-gradient":""}},"ast-content-background-meta":{"desktop":{"background-color":"var(--ast-global-color-5)","background-image":"","background-repeat":"repeat","background-position":"center center","background-size":"auto","background-attachment":"scroll","background-type":"","background-media":"","overlay-type":"","overlay-color":"","overlay-opacity":"","overlay-gradient":""},"tablet":{"background-color":"var(--ast-global-color-5)","background-image":"","background-repeat":"repeat","background-position":"center center","background-size":"auto","background-attachment":"scroll","background-type":"","background-media":"","overlay-type":"","overlay-color":"","overlay-opacity":"","overlay-gradient":""},"mobile":{"background-color":"var(--ast-global-color-5)","background-image":"","background-repeat":"repeat","background-position":"center center","background-size":"auto","background-attachment":"scroll","background-type":"","background-media":"","overlay-type":"","overlay-color":"","overlay-opacity":"","overlay-gradient":""}},"footnotes":""},"categories":[5],"tags":[],"class_list":["post-32477","post","type-post","status-publish","format-standard","hentry","category-noticias"],"yoast_head":"<!-- This site is optimized with the Yoast SEO Premium plugin v20.9 (Yoast SEO v27.4) - https:\/\/yoast.com\/product\/yoast-seo-premium-wordpress\/ -->\n<title>La exposici\u00f3n al fr\u00edo y al calor afecta a la salud mental de los adolescentes - bip4ex<\/title>\n<meta name=\"robots\" content=\"index, follow, max-snippet:-1, max-image-preview:large, max-video-preview:-1\" \/>\n<link rel=\"canonical\" href=\"https:\/\/helloproject.es\/vigilancia\/la-exposicion-al-frio-y-al-calor-afecta-a-la-salud-mental-de-los-adolescentes\/\" \/>\n<meta property=\"og:locale\" content=\"es_ES\" \/>\n<meta property=\"og:type\" content=\"article\" \/>\n<meta property=\"og:title\" content=\"La exposici\u00f3n al fr\u00edo y al calor afecta a la salud mental de los adolescentes\" \/>\n<meta property=\"og:description\" content=\"La exposici\u00f3n al fr\u00edo y al calor podr\u00eda afectar a la salud mental de los adolescentes, seg\u00fan un estudio liderado por el Instituto de Salud Global de Barcelona (ISGlobal), un centro impulsado por la Fundaci\u00f3n \u201cla Caixa\u201d. La investigaci\u00f3n, realizada con casi 5.000 adolescentes de los Pa\u00edses Bajos (3.934) y Espa\u00f1a (885), destaca c\u00f3mo la [&hellip;]\" \/>\n<meta property=\"og:url\" content=\"https:\/\/helloproject.es\/vigilancia\/la-exposicion-al-frio-y-al-calor-afecta-a-la-salud-mental-de-los-adolescentes\/\" \/>\n<meta property=\"og:site_name\" content=\"bip4ex\" \/>\n<meta property=\"article:published_time\" content=\"2025-01-29T07:28:08+00:00\" \/>\n<meta property=\"og:image\" content=\"https:\/\/www.agenciasinc.es\/bundles\/app\/images\/quotebefore.png\" \/>\n<meta name=\"author\" content=\"Luis Miguel Mej\u00edas Ramos\" \/>\n<meta name=\"twitter:card\" content=\"summary_large_image\" \/>\n<meta name=\"twitter:label1\" content=\"Escrito por\" \/>\n\t<meta name=\"twitter:data1\" content=\"Luis Miguel Mej\u00edas Ramos\" \/>\n\t<meta name=\"twitter:label2\" content=\"Tiempo de lectura\" \/>\n\t<meta name=\"twitter:data2\" content=\"4 minutos\" \/>\n<script type=\"application\/ld+json\" class=\"yoast-schema-graph\">{\"@context\":\"https:\\\/\\\/schema.org\",\"@graph\":[{\"@type\":\"Article\",\"@id\":\"https:\\\/\\\/helloproject.es\\\/vigilancia\\\/la-exposicion-al-frio-y-al-calor-afecta-a-la-salud-mental-de-los-adolescentes\\\/#article\",\"isPartOf\":{\"@id\":\"https:\\\/\\\/helloproject.es\\\/vigilancia\\\/la-exposicion-al-frio-y-al-calor-afecta-a-la-salud-mental-de-los-adolescentes\\\/\"},\"author\":{\"name\":\"Luis Miguel Mej\u00edas Ramos\",\"@id\":\"https:\\\/\\\/helloproject.es\\\/vigilancia\\\/#\\\/schema\\\/person\\\/3767b0619d59a11570372c821f8619ca\"},\"headline\":\"La exposici\u00f3n al fr\u00edo y al calor afecta a la salud mental de los adolescentes\",\"datePublished\":\"2025-01-29T07:28:08+00:00\",\"mainEntityOfPage\":{\"@id\":\"https:\\\/\\\/helloproject.es\\\/vigilancia\\\/la-exposicion-al-frio-y-al-calor-afecta-a-la-salud-mental-de-los-adolescentes\\\/\"},\"wordCount\":863,\"publisher\":{\"@id\":\"https:\\\/\\\/helloproject.es\\\/vigilancia\\\/#organization\"},\"image\":{\"@id\":\"https:\\\/\\\/helloproject.es\\\/vigilancia\\\/la-exposicion-al-frio-y-al-calor-afecta-a-la-salud-mental-de-los-adolescentes\\\/#primaryimage\"},\"thumbnailUrl\":\"https:\\\/\\\/www.agenciasinc.es\\\/bundles\\\/app\\\/images\\\/quotebefore.png\",\"articleSection\":[\"Noticias\"],\"inLanguage\":\"es\"},{\"@type\":\"WebPage\",\"@id\":\"https:\\\/\\\/helloproject.es\\\/vigilancia\\\/la-exposicion-al-frio-y-al-calor-afecta-a-la-salud-mental-de-los-adolescentes\\\/\",\"url\":\"https:\\\/\\\/helloproject.es\\\/vigilancia\\\/la-exposicion-al-frio-y-al-calor-afecta-a-la-salud-mental-de-los-adolescentes\\\/\",\"name\":\"La exposici\u00f3n al fr\u00edo y al calor afecta a la salud mental de los adolescentes - bip4ex\",\"isPartOf\":{\"@id\":\"https:\\\/\\\/helloproject.es\\\/vigilancia\\\/#website\"},\"primaryImageOfPage\":{\"@id\":\"https:\\\/\\\/helloproject.es\\\/vigilancia\\\/la-exposicion-al-frio-y-al-calor-afecta-a-la-salud-mental-de-los-adolescentes\\\/#primaryimage\"},\"image\":{\"@id\":\"https:\\\/\\\/helloproject.es\\\/vigilancia\\\/la-exposicion-al-frio-y-al-calor-afecta-a-la-salud-mental-de-los-adolescentes\\\/#primaryimage\"},\"thumbnailUrl\":\"https:\\\/\\\/www.agenciasinc.es\\\/bundles\\\/app\\\/images\\\/quotebefore.png\",\"datePublished\":\"2025-01-29T07:28:08+00:00\",\"breadcrumb\":{\"@id\":\"https:\\\/\\\/helloproject.es\\\/vigilancia\\\/la-exposicion-al-frio-y-al-calor-afecta-a-la-salud-mental-de-los-adolescentes\\\/#breadcrumb\"},\"inLanguage\":\"es\",\"potentialAction\":[{\"@type\":\"ReadAction\",\"target\":[\"https:\\\/\\\/helloproject.es\\\/vigilancia\\\/la-exposicion-al-frio-y-al-calor-afecta-a-la-salud-mental-de-los-adolescentes\\\/\"]}]},{\"@type\":\"ImageObject\",\"inLanguage\":\"es\",\"@id\":\"https:\\\/\\\/helloproject.es\\\/vigilancia\\\/la-exposicion-al-frio-y-al-calor-afecta-a-la-salud-mental-de-los-adolescentes\\\/#primaryimage\",\"url\":\"https:\\\/\\\/www.agenciasinc.es\\\/bundles\\\/app\\\/images\\\/quotebefore.png\",\"contentUrl\":\"https:\\\/\\\/www.agenciasinc.es\\\/bundles\\\/app\\\/images\\\/quotebefore.png\"},{\"@type\":\"BreadcrumbList\",\"@id\":\"https:\\\/\\\/helloproject.es\\\/vigilancia\\\/la-exposicion-al-frio-y-al-calor-afecta-a-la-salud-mental-de-los-adolescentes\\\/#breadcrumb\",\"itemListElement\":[{\"@type\":\"ListItem\",\"position\":1,\"name\":\"Home\",\"item\":\"https:\\\/\\\/helloproject.es\\\/vigilancia\\\/\"},{\"@type\":\"ListItem\",\"position\":2,\"name\":\"La exposici\u00f3n al fr\u00edo y al calor afecta a la salud mental de los adolescentes\"}]},{\"@type\":\"WebSite\",\"@id\":\"https:\\\/\\\/helloproject.es\\\/vigilancia\\\/#website\",\"url\":\"https:\\\/\\\/helloproject.es\\\/vigilancia\\\/\",\"name\":\"bip4ex\",\"description\":\"Vigilancia Tecnol\u00f3gica\",\"publisher\":{\"@id\":\"https:\\\/\\\/helloproject.es\\\/vigilancia\\\/#organization\"},\"potentialAction\":[{\"@type\":\"SearchAction\",\"target\":{\"@type\":\"EntryPoint\",\"urlTemplate\":\"https:\\\/\\\/helloproject.es\\\/vigilancia\\\/?s={search_term_string}\"},\"query-input\":{\"@type\":\"PropertyValueSpecification\",\"valueRequired\":true,\"valueName\":\"search_term_string\"}}],\"inLanguage\":\"es\"},{\"@type\":\"Organization\",\"@id\":\"https:\\\/\\\/helloproject.es\\\/vigilancia\\\/#organization\",\"name\":\"Helloproject.es\",\"url\":\"https:\\\/\\\/helloproject.es\\\/vigilancia\\\/\",\"logo\":{\"@type\":\"ImageObject\",\"inLanguage\":\"es\",\"@id\":\"https:\\\/\\\/helloproject.es\\\/vigilancia\\\/#\\\/schema\\\/logo\\\/image\\\/\",\"url\":\"https:\\\/\\\/helloproject.es\\\/vigilancia\\\/wp-content\\\/uploads\\\/2023\\\/07\\\/bip4ex.png\",\"contentUrl\":\"https:\\\/\\\/helloproject.es\\\/vigilancia\\\/wp-content\\\/uploads\\\/2023\\\/07\\\/bip4ex.png\",\"width\":322,\"height\":365,\"caption\":\"Helloproject.es\"},\"image\":{\"@id\":\"https:\\\/\\\/helloproject.es\\\/vigilancia\\\/#\\\/schema\\\/logo\\\/image\\\/\"}},{\"@type\":\"Person\",\"@id\":\"https:\\\/\\\/helloproject.es\\\/vigilancia\\\/#\\\/schema\\\/person\\\/3767b0619d59a11570372c821f8619ca\",\"name\":\"Luis Miguel Mej\u00edas Ramos\",\"url\":\"https:\\\/\\\/helloproject.es\\\/vigilancia\\\/author\\\/luismi\\\/\"}]}<\/script>\n<!-- \/ Yoast SEO Premium plugin. -->","yoast_head_json":{"title":"La exposici\u00f3n al fr\u00edo y al calor afecta a la salud mental de los adolescentes - bip4ex","robots":{"index":"index","follow":"follow","max-snippet":"max-snippet:-1","max-image-preview":"max-image-preview:large","max-video-preview":"max-video-preview:-1"},"canonical":"https:\/\/helloproject.es\/vigilancia\/la-exposicion-al-frio-y-al-calor-afecta-a-la-salud-mental-de-los-adolescentes\/","og_locale":"es_ES","og_type":"article","og_title":"La exposici\u00f3n al fr\u00edo y al calor afecta a la salud mental de los adolescentes","og_description":"La exposici\u00f3n al fr\u00edo y al calor podr\u00eda afectar a la salud mental de los adolescentes, seg\u00fan un estudio liderado por el Instituto de Salud Global de Barcelona (ISGlobal), un centro impulsado por la Fundaci\u00f3n \u201cla Caixa\u201d. La investigaci\u00f3n, realizada con casi 5.000 adolescentes de los Pa\u00edses Bajos (3.934) y Espa\u00f1a (885), destaca c\u00f3mo la [&hellip;]","og_url":"https:\/\/helloproject.es\/vigilancia\/la-exposicion-al-frio-y-al-calor-afecta-a-la-salud-mental-de-los-adolescentes\/","og_site_name":"bip4ex","article_published_time":"2025-01-29T07:28:08+00:00","og_image":[{"url":"https:\/\/www.agenciasinc.es\/bundles\/app\/images\/quotebefore.png","type":"","width":"","height":""}],"author":"Luis Miguel Mej\u00edas Ramos","twitter_card":"summary_large_image","twitter_misc":{"Escrito por":"Luis Miguel Mej\u00edas Ramos","Tiempo de lectura":"4 minutos"},"schema":{"@context":"https:\/\/schema.org","@graph":[{"@type":"Article","@id":"https:\/\/helloproject.es\/vigilancia\/la-exposicion-al-frio-y-al-calor-afecta-a-la-salud-mental-de-los-adolescentes\/#article","isPartOf":{"@id":"https:\/\/helloproject.es\/vigilancia\/la-exposicion-al-frio-y-al-calor-afecta-a-la-salud-mental-de-los-adolescentes\/"},"author":{"name":"Luis Miguel Mej\u00edas Ramos","@id":"https:\/\/helloproject.es\/vigilancia\/#\/schema\/person\/3767b0619d59a11570372c821f8619ca"},"headline":"La exposici\u00f3n al fr\u00edo y al calor afecta a la salud mental de los adolescentes","datePublished":"2025-01-29T07:28:08+00:00","mainEntityOfPage":{"@id":"https:\/\/helloproject.es\/vigilancia\/la-exposicion-al-frio-y-al-calor-afecta-a-la-salud-mental-de-los-adolescentes\/"},"wordCount":863,"publisher":{"@id":"https:\/\/helloproject.es\/vigilancia\/#organization"},"image":{"@id":"https:\/\/helloproject.es\/vigilancia\/la-exposicion-al-frio-y-al-calor-afecta-a-la-salud-mental-de-los-adolescentes\/#primaryimage"},"thumbnailUrl":"https:\/\/www.agenciasinc.es\/bundles\/app\/images\/quotebefore.png","articleSection":["Noticias"],"inLanguage":"es"},{"@type":"WebPage","@id":"https:\/\/helloproject.es\/vigilancia\/la-exposicion-al-frio-y-al-calor-afecta-a-la-salud-mental-de-los-adolescentes\/","url":"https:\/\/helloproject.es\/vigilancia\/la-exposicion-al-frio-y-al-calor-afecta-a-la-salud-mental-de-los-adolescentes\/","name":"La exposici\u00f3n al fr\u00edo y al calor afecta a la salud mental de los adolescentes - bip4ex","isPartOf":{"@id":"https:\/\/helloproject.es\/vigilancia\/#website"},"primaryImageOfPage":{"@id":"https:\/\/helloproject.es\/vigilancia\/la-exposicion-al-frio-y-al-calor-afecta-a-la-salud-mental-de-los-adolescentes\/#primaryimage"},"image":{"@id":"https:\/\/helloproject.es\/vigilancia\/la-exposicion-al-frio-y-al-calor-afecta-a-la-salud-mental-de-los-adolescentes\/#primaryimage"},"thumbnailUrl":"https:\/\/www.agenciasinc.es\/bundles\/app\/images\/quotebefore.png","datePublished":"2025-01-29T07:28:08+00:00","breadcrumb":{"@id":"https:\/\/helloproject.es\/vigilancia\/la-exposicion-al-frio-y-al-calor-afecta-a-la-salud-mental-de-los-adolescentes\/#breadcrumb"},"inLanguage":"es","potentialAction":[{"@type":"ReadAction","target":["https:\/\/helloproject.es\/vigilancia\/la-exposicion-al-frio-y-al-calor-afecta-a-la-salud-mental-de-los-adolescentes\/"]}]},{"@type":"ImageObject","inLanguage":"es","@id":"https:\/\/helloproject.es\/vigilancia\/la-exposicion-al-frio-y-al-calor-afecta-a-la-salud-mental-de-los-adolescentes\/#primaryimage","url":"https:\/\/www.agenciasinc.es\/bundles\/app\/images\/quotebefore.png","contentUrl":"https:\/\/www.agenciasinc.es\/bundles\/app\/images\/quotebefore.png"},{"@type":"BreadcrumbList","@id":"https:\/\/helloproject.es\/vigilancia\/la-exposicion-al-frio-y-al-calor-afecta-a-la-salud-mental-de-los-adolescentes\/#breadcrumb","itemListElement":[{"@type":"ListItem","position":1,"name":"Home","item":"https:\/\/helloproject.es\/vigilancia\/"},{"@type":"ListItem","position":2,"name":"La exposici\u00f3n al fr\u00edo y al calor afecta a la salud mental de los adolescentes"}]},{"@type":"WebSite","@id":"https:\/\/helloproject.es\/vigilancia\/#website","url":"https:\/\/helloproject.es\/vigilancia\/","name":"bip4ex","description":"Vigilancia Tecnol\u00f3gica","publisher":{"@id":"https:\/\/helloproject.es\/vigilancia\/#organization"},"potentialAction":[{"@type":"SearchAction","target":{"@type":"EntryPoint","urlTemplate":"https:\/\/helloproject.es\/vigilancia\/?s={search_term_string}"},"query-input":{"@type":"PropertyValueSpecification","valueRequired":true,"valueName":"search_term_string"}}],"inLanguage":"es"},{"@type":"Organization","@id":"https:\/\/helloproject.es\/vigilancia\/#organization","name":"Helloproject.es","url":"https:\/\/helloproject.es\/vigilancia\/","logo":{"@type":"ImageObject","inLanguage":"es","@id":"https:\/\/helloproject.es\/vigilancia\/#\/schema\/logo\/image\/","url":"https:\/\/helloproject.es\/vigilancia\/wp-content\/uploads\/2023\/07\/bip4ex.png","contentUrl":"https:\/\/helloproject.es\/vigilancia\/wp-content\/uploads\/2023\/07\/bip4ex.png","width":322,"height":365,"caption":"Helloproject.es"},"image":{"@id":"https:\/\/helloproject.es\/vigilancia\/#\/schema\/logo\/image\/"}},{"@type":"Person","@id":"https:\/\/helloproject.es\/vigilancia\/#\/schema\/person\/3767b0619d59a11570372c821f8619ca","name":"Luis Miguel Mej\u00edas Ramos","url":"https:\/\/helloproject.es\/vigilancia\/author\/luismi\/"}]}},"_links":{"self":[{"href":"https:\/\/helloproject.es\/vigilancia\/wp-json\/wp\/v2\/posts\/32477","targetHints":{"allow":["GET"]}}],"collection":[{"href":"https:\/\/helloproject.es\/vigilancia\/wp-json\/wp\/v2\/posts"}],"about":[{"href":"https:\/\/helloproject.es\/vigilancia\/wp-json\/wp\/v2\/types\/post"}],"author":[{"embeddable":true,"href":"https:\/\/helloproject.es\/vigilancia\/wp-json\/wp\/v2\/users\/5"}],"replies":[{"embeddable":true,"href":"https:\/\/helloproject.es\/vigilancia\/wp-json\/wp\/v2\/comments?post=32477"}],"version-history":[{"count":0,"href":"https:\/\/helloproject.es\/vigilancia\/wp-json\/wp\/v2\/posts\/32477\/revisions"}],"wp:attachment":[{"href":"https:\/\/helloproject.es\/vigilancia\/wp-json\/wp\/v2\/media?parent=32477"}],"wp:term":[{"taxonomy":"category","embeddable":true,"href":"https:\/\/helloproject.es\/vigilancia\/wp-json\/wp\/v2\/categories?post=32477"},{"taxonomy":"post_tag","embeddable":true,"href":"https:\/\/helloproject.es\/vigilancia\/wp-json\/wp\/v2\/tags?post=32477"}],"curies":[{"name":"wp","href":"https:\/\/api.w.org\/{rel}","templated":true}]}}