{"id":39582,"date":"2025-02-04T13:28:08","date_gmt":"2025-02-04T12:28:08","guid":{"rendered":"https:\/\/helloproject.es\/vigilancia\/participacion-de-las-cientificas-como-fuentes-expertas-en-los-medios-motivaciones-y-obstaculos\/"},"modified":"2025-02-04T13:28:08","modified_gmt":"2025-02-04T12:28:08","slug":"participacion-de-las-cientificas-como-fuentes-expertas-en-los-medios-motivaciones-y-obstaculos","status":"publish","type":"post","link":"https:\/\/helloproject.es\/vigilancia\/participacion-de-las-cientificas-como-fuentes-expertas-en-los-medios-motivaciones-y-obstaculos\/","title":{"rendered":"Participaci\u00f3n de las cient\u00edficas como fuentes expertas en los medios: motivaciones y obst\u00e1culos"},"content":{"rendered":"<p>Este estudio parte de la reflexi\u00f3n por parte del personal de Science Media Centre (SMC) Espa\u00f1a, de FECYT, sobre el desequilibrio de g\u00e9nero entre las fuentes cient\u00edficas empleadas en los medios de comunicaci\u00f3n. En su labor informativa, el equipo de periodistas del SMC Espa\u00f1a ha percibido una menor predisposici\u00f3n de las mujeres a participar como fuentes expertas. Motivadas por esa inquietud, las personas que componen el equipo realizaron un an\u00e1lisis preliminar de las fuentes del SMC desde el comienzo del proyecto en marzo de 2022, lo que revel\u00f3 que, a pesar de que la oficina muestre una clara sensibilidad con la igualdad de g\u00e9nero, existe una brecha en cuanto a las fuentes empleadas.<\/p>","protected":false},"excerpt":{"rendered":"<p>Este estudio parte de la reflexi\u00f3n por parte del personal de Science Media Centre (SMC) Espa\u00f1a, de FECYT, sobre el desequilibrio de g\u00e9nero entre las fuentes cient\u00edficas empleadas en los medios de comunicaci\u00f3n. En su labor informativa, el equipo de periodistas del SMC Espa\u00f1a ha percibido una menor predisposici\u00f3n de las mujeres a participar como [&hellip;]<\/p>\n","protected":false},"author":5,"featured_media":0,"comment_status":"","ping_status":"","sticky":false,"template":"","format":"standard","meta":{"site-sidebar-layout":"default","site-content-layout":"","ast-site-content-layout":"default","site-content-style":"default","site-sidebar-style":"default","ast-global-header-display":"","ast-banner-title-visibility":"","ast-main-header-display":"","ast-hfb-above-header-display":"","ast-hfb-below-header-display":"","ast-hfb-mobile-header-display":"","site-post-title":"","ast-breadcrumbs-content":"","ast-featured-img":"","footer-sml-layout":"","ast-disable-related-posts":"","theme-transparent-header-meta":"","adv-header-id-meta":"","stick-header-meta":"","header-above-stick-meta":"","header-main-stick-meta":"","header-below-stick-meta":"","astra-migrate-meta-layouts":"default","ast-page-background-enabled":"default","ast-page-background-meta":{"desktop":{"background-color":"var(--ast-global-color-4)","background-image":"","background-repeat":"repeat","background-position":"center center","background-size":"auto","background-attachment":"scroll","background-type":"","background-media":"","overlay-type":"","overlay-color":"","overlay-opacity":"","overlay-gradient":""},"tablet":{"background-color":"","background-image":"","background-repeat":"repeat","background-position":"center center","background-size":"auto","background-attachment":"scroll","background-type":"","background-media":"","overlay-type":"","overlay-color":"","overlay-opacity":"","overlay-gradient":""},"mobile":{"background-color":"","background-image":"","background-repeat":"repeat","background-position":"center center","background-size":"auto","background-attachment":"scroll","background-type":"","background-media":"","overlay-type":"","overlay-color":"","overlay-opacity":"","overlay-gradient":""}},"ast-content-background-meta":{"desktop":{"background-color":"var(--ast-global-color-5)","background-image":"","background-repeat":"repeat","background-position":"center center","background-size":"auto","background-attachment":"scroll","background-type":"","background-media":"","overlay-type":"","overlay-color":"","overlay-opacity":"","overlay-gradient":""},"tablet":{"background-color":"var(--ast-global-color-5)","background-image":"","background-repeat":"repeat","background-position":"center center","background-size":"auto","background-attachment":"scroll","background-type":"","background-media":"","overlay-type":"","overlay-color":"","overlay-opacity":"","overlay-gradient":""},"mobile":{"background-color":"var(--ast-global-color-5)","background-image":"","background-repeat":"repeat","background-position":"center center","background-size":"auto","background-attachment":"scroll","background-type":"","background-media":"","overlay-type":"","overlay-color":"","overlay-opacity":"","overlay-gradient":""}},"footnotes":""},"categories":[6],"tags":[],"class_list":["post-39582","post","type-post","status-publish","format-standard","hentry","category-publicaciones"],"yoast_head":"<!-- This site is optimized with the Yoast SEO Premium plugin v20.9 (Yoast SEO v27.4) - https:\/\/yoast.com\/product\/yoast-seo-premium-wordpress\/ -->\n<title>Participaci\u00f3n de las cient\u00edficas como fuentes expertas en los medios: motivaciones y obst\u00e1culos - bip4ex<\/title>\n<meta name=\"robots\" content=\"index, follow, max-snippet:-1, max-image-preview:large, max-video-preview:-1\" \/>\n<link rel=\"canonical\" href=\"https:\/\/helloproject.es\/vigilancia\/participacion-de-las-cientificas-como-fuentes-expertas-en-los-medios-motivaciones-y-obstaculos\/\" \/>\n<meta property=\"og:locale\" content=\"es_ES\" \/>\n<meta property=\"og:type\" content=\"article\" \/>\n<meta property=\"og:title\" content=\"Participaci\u00f3n de las cient\u00edficas como fuentes expertas en los medios: motivaciones y obst\u00e1culos\" \/>\n<meta property=\"og:description\" content=\"Este estudio parte de la reflexi\u00f3n por parte del personal de Science Media Centre (SMC) Espa\u00f1a, de FECYT, sobre el desequilibrio de g\u00e9nero entre las fuentes cient\u00edficas empleadas en los medios de comunicaci\u00f3n. En su labor informativa, el equipo de periodistas del SMC Espa\u00f1a ha percibido una menor predisposici\u00f3n de las mujeres a participar como [&hellip;]\" \/>\n<meta property=\"og:url\" content=\"https:\/\/helloproject.es\/vigilancia\/participacion-de-las-cientificas-como-fuentes-expertas-en-los-medios-motivaciones-y-obstaculos\/\" \/>\n<meta property=\"og:site_name\" content=\"bip4ex\" \/>\n<meta property=\"article:published_time\" content=\"2025-02-04T12:28:08+00:00\" \/>\n<meta name=\"author\" content=\"Luis Miguel Mej\u00edas Ramos\" \/>\n<meta name=\"twitter:card\" content=\"summary_large_image\" \/>\n<meta name=\"twitter:label1\" content=\"Escrito por\" \/>\n\t<meta name=\"twitter:data1\" content=\"Luis Miguel Mej\u00edas Ramos\" \/>\n\t<meta name=\"twitter:label2\" content=\"Tiempo de lectura\" \/>\n\t<meta name=\"twitter:data2\" content=\"1 minuto\" \/>\n<script type=\"application\/ld+json\" class=\"yoast-schema-graph\">{\"@context\":\"https:\\\/\\\/schema.org\",\"@graph\":[{\"@type\":\"Article\",\"@id\":\"https:\\\/\\\/helloproject.es\\\/vigilancia\\\/participacion-de-las-cientificas-como-fuentes-expertas-en-los-medios-motivaciones-y-obstaculos\\\/#article\",\"isPartOf\":{\"@id\":\"https:\\\/\\\/helloproject.es\\\/vigilancia\\\/participacion-de-las-cientificas-como-fuentes-expertas-en-los-medios-motivaciones-y-obstaculos\\\/\"},\"author\":{\"name\":\"Luis Miguel Mej\u00edas Ramos\",\"@id\":\"https:\\\/\\\/helloproject.es\\\/vigilancia\\\/#\\\/schema\\\/person\\\/3767b0619d59a11570372c821f8619ca\"},\"headline\":\"Participaci\u00f3n de las cient\u00edficas como fuentes expertas en los medios: motivaciones y obst\u00e1culos\",\"datePublished\":\"2025-02-04T12:28:08+00:00\",\"mainEntityOfPage\":{\"@id\":\"https:\\\/\\\/helloproject.es\\\/vigilancia\\\/participacion-de-las-cientificas-como-fuentes-expertas-en-los-medios-motivaciones-y-obstaculos\\\/\"},\"wordCount\":137,\"publisher\":{\"@id\":\"https:\\\/\\\/helloproject.es\\\/vigilancia\\\/#organization\"},\"articleSection\":[\"Publicaciones\"],\"inLanguage\":\"es\"},{\"@type\":\"WebPage\",\"@id\":\"https:\\\/\\\/helloproject.es\\\/vigilancia\\\/participacion-de-las-cientificas-como-fuentes-expertas-en-los-medios-motivaciones-y-obstaculos\\\/\",\"url\":\"https:\\\/\\\/helloproject.es\\\/vigilancia\\\/participacion-de-las-cientificas-como-fuentes-expertas-en-los-medios-motivaciones-y-obstaculos\\\/\",\"name\":\"Participaci\u00f3n de las cient\u00edficas como fuentes expertas en los medios: motivaciones y obst\u00e1culos - bip4ex\",\"isPartOf\":{\"@id\":\"https:\\\/\\\/helloproject.es\\\/vigilancia\\\/#website\"},\"datePublished\":\"2025-02-04T12:28:08+00:00\",\"breadcrumb\":{\"@id\":\"https:\\\/\\\/helloproject.es\\\/vigilancia\\\/participacion-de-las-cientificas-como-fuentes-expertas-en-los-medios-motivaciones-y-obstaculos\\\/#breadcrumb\"},\"inLanguage\":\"es\",\"potentialAction\":[{\"@type\":\"ReadAction\",\"target\":[\"https:\\\/\\\/helloproject.es\\\/vigilancia\\\/participacion-de-las-cientificas-como-fuentes-expertas-en-los-medios-motivaciones-y-obstaculos\\\/\"]}]},{\"@type\":\"BreadcrumbList\",\"@id\":\"https:\\\/\\\/helloproject.es\\\/vigilancia\\\/participacion-de-las-cientificas-como-fuentes-expertas-en-los-medios-motivaciones-y-obstaculos\\\/#breadcrumb\",\"itemListElement\":[{\"@type\":\"ListItem\",\"position\":1,\"name\":\"Home\",\"item\":\"https:\\\/\\\/helloproject.es\\\/vigilancia\\\/\"},{\"@type\":\"ListItem\",\"position\":2,\"name\":\"Participaci\u00f3n de las cient\u00edficas como fuentes expertas en los medios: motivaciones y obst\u00e1culos\"}]},{\"@type\":\"WebSite\",\"@id\":\"https:\\\/\\\/helloproject.es\\\/vigilancia\\\/#website\",\"url\":\"https:\\\/\\\/helloproject.es\\\/vigilancia\\\/\",\"name\":\"bip4ex\",\"description\":\"Vigilancia Tecnol\u00f3gica\",\"publisher\":{\"@id\":\"https:\\\/\\\/helloproject.es\\\/vigilancia\\\/#organization\"},\"potentialAction\":[{\"@type\":\"SearchAction\",\"target\":{\"@type\":\"EntryPoint\",\"urlTemplate\":\"https:\\\/\\\/helloproject.es\\\/vigilancia\\\/?s={search_term_string}\"},\"query-input\":{\"@type\":\"PropertyValueSpecification\",\"valueRequired\":true,\"valueName\":\"search_term_string\"}}],\"inLanguage\":\"es\"},{\"@type\":\"Organization\",\"@id\":\"https:\\\/\\\/helloproject.es\\\/vigilancia\\\/#organization\",\"name\":\"Helloproject.es\",\"url\":\"https:\\\/\\\/helloproject.es\\\/vigilancia\\\/\",\"logo\":{\"@type\":\"ImageObject\",\"inLanguage\":\"es\",\"@id\":\"https:\\\/\\\/helloproject.es\\\/vigilancia\\\/#\\\/schema\\\/logo\\\/image\\\/\",\"url\":\"https:\\\/\\\/helloproject.es\\\/vigilancia\\\/wp-content\\\/uploads\\\/2023\\\/07\\\/bip4ex.png\",\"contentUrl\":\"https:\\\/\\\/helloproject.es\\\/vigilancia\\\/wp-content\\\/uploads\\\/2023\\\/07\\\/bip4ex.png\",\"width\":322,\"height\":365,\"caption\":\"Helloproject.es\"},\"image\":{\"@id\":\"https:\\\/\\\/helloproject.es\\\/vigilancia\\\/#\\\/schema\\\/logo\\\/image\\\/\"}},{\"@type\":\"Person\",\"@id\":\"https:\\\/\\\/helloproject.es\\\/vigilancia\\\/#\\\/schema\\\/person\\\/3767b0619d59a11570372c821f8619ca\",\"name\":\"Luis Miguel Mej\u00edas Ramos\",\"url\":\"https:\\\/\\\/helloproject.es\\\/vigilancia\\\/author\\\/luismi\\\/\"}]}<\/script>\n<!-- \/ Yoast SEO Premium plugin. -->","yoast_head_json":{"title":"Participaci\u00f3n de las cient\u00edficas como fuentes expertas en los medios: motivaciones y obst\u00e1culos - bip4ex","robots":{"index":"index","follow":"follow","max-snippet":"max-snippet:-1","max-image-preview":"max-image-preview:large","max-video-preview":"max-video-preview:-1"},"canonical":"https:\/\/helloproject.es\/vigilancia\/participacion-de-las-cientificas-como-fuentes-expertas-en-los-medios-motivaciones-y-obstaculos\/","og_locale":"es_ES","og_type":"article","og_title":"Participaci\u00f3n de las cient\u00edficas como fuentes expertas en los medios: motivaciones y obst\u00e1culos","og_description":"Este estudio parte de la reflexi\u00f3n por parte del personal de Science Media Centre (SMC) Espa\u00f1a, de FECYT, sobre el desequilibrio de g\u00e9nero entre las fuentes cient\u00edficas empleadas en los medios de comunicaci\u00f3n. En su labor informativa, el equipo de periodistas del SMC Espa\u00f1a ha percibido una menor predisposici\u00f3n de las mujeres a participar como [&hellip;]","og_url":"https:\/\/helloproject.es\/vigilancia\/participacion-de-las-cientificas-como-fuentes-expertas-en-los-medios-motivaciones-y-obstaculos\/","og_site_name":"bip4ex","article_published_time":"2025-02-04T12:28:08+00:00","author":"Luis Miguel Mej\u00edas Ramos","twitter_card":"summary_large_image","twitter_misc":{"Escrito por":"Luis Miguel Mej\u00edas Ramos","Tiempo de lectura":"1 minuto"},"schema":{"@context":"https:\/\/schema.org","@graph":[{"@type":"Article","@id":"https:\/\/helloproject.es\/vigilancia\/participacion-de-las-cientificas-como-fuentes-expertas-en-los-medios-motivaciones-y-obstaculos\/#article","isPartOf":{"@id":"https:\/\/helloproject.es\/vigilancia\/participacion-de-las-cientificas-como-fuentes-expertas-en-los-medios-motivaciones-y-obstaculos\/"},"author":{"name":"Luis Miguel Mej\u00edas Ramos","@id":"https:\/\/helloproject.es\/vigilancia\/#\/schema\/person\/3767b0619d59a11570372c821f8619ca"},"headline":"Participaci\u00f3n de las cient\u00edficas como fuentes expertas en los medios: motivaciones y obst\u00e1culos","datePublished":"2025-02-04T12:28:08+00:00","mainEntityOfPage":{"@id":"https:\/\/helloproject.es\/vigilancia\/participacion-de-las-cientificas-como-fuentes-expertas-en-los-medios-motivaciones-y-obstaculos\/"},"wordCount":137,"publisher":{"@id":"https:\/\/helloproject.es\/vigilancia\/#organization"},"articleSection":["Publicaciones"],"inLanguage":"es"},{"@type":"WebPage","@id":"https:\/\/helloproject.es\/vigilancia\/participacion-de-las-cientificas-como-fuentes-expertas-en-los-medios-motivaciones-y-obstaculos\/","url":"https:\/\/helloproject.es\/vigilancia\/participacion-de-las-cientificas-como-fuentes-expertas-en-los-medios-motivaciones-y-obstaculos\/","name":"Participaci\u00f3n de las cient\u00edficas como fuentes expertas en los medios: motivaciones y obst\u00e1culos - bip4ex","isPartOf":{"@id":"https:\/\/helloproject.es\/vigilancia\/#website"},"datePublished":"2025-02-04T12:28:08+00:00","breadcrumb":{"@id":"https:\/\/helloproject.es\/vigilancia\/participacion-de-las-cientificas-como-fuentes-expertas-en-los-medios-motivaciones-y-obstaculos\/#breadcrumb"},"inLanguage":"es","potentialAction":[{"@type":"ReadAction","target":["https:\/\/helloproject.es\/vigilancia\/participacion-de-las-cientificas-como-fuentes-expertas-en-los-medios-motivaciones-y-obstaculos\/"]}]},{"@type":"BreadcrumbList","@id":"https:\/\/helloproject.es\/vigilancia\/participacion-de-las-cientificas-como-fuentes-expertas-en-los-medios-motivaciones-y-obstaculos\/#breadcrumb","itemListElement":[{"@type":"ListItem","position":1,"name":"Home","item":"https:\/\/helloproject.es\/vigilancia\/"},{"@type":"ListItem","position":2,"name":"Participaci\u00f3n de las cient\u00edficas como fuentes expertas en los medios: motivaciones y obst\u00e1culos"}]},{"@type":"WebSite","@id":"https:\/\/helloproject.es\/vigilancia\/#website","url":"https:\/\/helloproject.es\/vigilancia\/","name":"bip4ex","description":"Vigilancia Tecnol\u00f3gica","publisher":{"@id":"https:\/\/helloproject.es\/vigilancia\/#organization"},"potentialAction":[{"@type":"SearchAction","target":{"@type":"EntryPoint","urlTemplate":"https:\/\/helloproject.es\/vigilancia\/?s={search_term_string}"},"query-input":{"@type":"PropertyValueSpecification","valueRequired":true,"valueName":"search_term_string"}}],"inLanguage":"es"},{"@type":"Organization","@id":"https:\/\/helloproject.es\/vigilancia\/#organization","name":"Helloproject.es","url":"https:\/\/helloproject.es\/vigilancia\/","logo":{"@type":"ImageObject","inLanguage":"es","@id":"https:\/\/helloproject.es\/vigilancia\/#\/schema\/logo\/image\/","url":"https:\/\/helloproject.es\/vigilancia\/wp-content\/uploads\/2023\/07\/bip4ex.png","contentUrl":"https:\/\/helloproject.es\/vigilancia\/wp-content\/uploads\/2023\/07\/bip4ex.png","width":322,"height":365,"caption":"Helloproject.es"},"image":{"@id":"https:\/\/helloproject.es\/vigilancia\/#\/schema\/logo\/image\/"}},{"@type":"Person","@id":"https:\/\/helloproject.es\/vigilancia\/#\/schema\/person\/3767b0619d59a11570372c821f8619ca","name":"Luis Miguel Mej\u00edas Ramos","url":"https:\/\/helloproject.es\/vigilancia\/author\/luismi\/"}]}},"_links":{"self":[{"href":"https:\/\/helloproject.es\/vigilancia\/wp-json\/wp\/v2\/posts\/39582","targetHints":{"allow":["GET"]}}],"collection":[{"href":"https:\/\/helloproject.es\/vigilancia\/wp-json\/wp\/v2\/posts"}],"about":[{"href":"https:\/\/helloproject.es\/vigilancia\/wp-json\/wp\/v2\/types\/post"}],"author":[{"embeddable":true,"href":"https:\/\/helloproject.es\/vigilancia\/wp-json\/wp\/v2\/users\/5"}],"replies":[{"embeddable":true,"href":"https:\/\/helloproject.es\/vigilancia\/wp-json\/wp\/v2\/comments?post=39582"}],"version-history":[{"count":0,"href":"https:\/\/helloproject.es\/vigilancia\/wp-json\/wp\/v2\/posts\/39582\/revisions"}],"wp:attachment":[{"href":"https:\/\/helloproject.es\/vigilancia\/wp-json\/wp\/v2\/media?parent=39582"}],"wp:term":[{"taxonomy":"category","embeddable":true,"href":"https:\/\/helloproject.es\/vigilancia\/wp-json\/wp\/v2\/categories?post=39582"},{"taxonomy":"post_tag","embeddable":true,"href":"https:\/\/helloproject.es\/vigilancia\/wp-json\/wp\/v2\/tags?post=39582"}],"curies":[{"name":"wp","href":"https:\/\/api.w.org\/{rel}","templated":true}]}}