{"id":49842,"date":"2025-02-13T09:29:45","date_gmt":"2025-02-13T08:29:45","guid":{"rendered":"https:\/\/helloproject.es\/vigilancia\/decreto-4-2025-crece-1\/"},"modified":"2025-02-13T09:29:45","modified_gmt":"2025-02-13T08:29:45","slug":"decreto-4-2025-crece-1","status":"publish","type":"post","link":"https:\/\/helloproject.es\/vigilancia\/decreto-4-2025-crece-1\/","title":{"rendered":"Decreto 4\/2025 &#8211; CRECE 1"},"content":{"rendered":"<div class=\"ayuda_subvencion plantillas\">\n<div class=\"portlet-topper\">\n\t\t\t    <strong class=\"sr-only\">Subvencion:<\/strong>\n<h2 class=\"portlet-title\">Decreto 4\/2025 &#8211; CRECE 1<\/h2>\n<\/div>\n<div class=\"iconosTramitacion\">\n<p>\t\t\t\t\t<a href=\"https:\/\/rec.cantabria.es\/rec\/auth\/prepare-cert-login.htm?forward=DEC-I-004-2025\" title=\"Con certificado\"><img decoding=\"async\" src=\"https:\/\/www.cantabria.es\/documents\/26427\/21881598\/DNIe.jpg\/01f4c245-cfe3-9563-9845-0e0f97e7f720?t=1648806919369\" alt=\"\" aria-hidden=\"true\" \/><span class=\"sr-only\">Con certificado<\/span><\/a><\/p>\n<p>\t\t\t<a target=\"_blank\" href=\"https:\/\/sede.cantabria.es\/sede\/ayuda\/012-telefono-de-atencion-administrativa\" title=\"Servicio telef\u00f3nico 012 de atenci\u00f3n al ciudadano de Cantabria\"><img decoding=\"async\" src=\"https:\/\/www.cantabria.es\/documents\/26427\/21881598\/012.jpg\/d4445702-c7cf-c44a-3ce9-b0288c1d9b9a?t=1648806893827\" alt=\"\" aria-hidden=\"true\" \/><span class=\"sr-only\">Servicio telef\u00f3nico 012 de atenci\u00f3n al ciudadano de Cantabria<\/span><\/a>\n\t\t<\/p><\/div>\n<h3>Descripci\u00f3n:<\/h3>\n<p><span>Decreto 4\/2025, de 6 de febrero, por el que se regula la concesi\u00f3n directa de subvenciones destinadas a fomentar la inversi\u00f3n industrial en Cantabria (ayudas \u00abCRECE 1\u00bb).<\/span><\/p>\n<h3>Bolet\u00edn Oficial de Cantabria<\/h3>\n<p><span>N\u00famero BOC: 30<\/span><\/p>\n<p><span>Fecha BOC: 13\/02\/2025<\/span><\/p>\n<p>\n\t\t\t\t\t<span><br \/>\n\t\t\t\t\t\t<a href=\"https:\/\/boc.cantabria.es\/boces\/verAnuncioAction.do?idAnuBlob=415945\" target=\"_blank\" rel=\"noopener noreferrer\">Enlace BOC<\/a><\/span><\/p>\n<p>\t\t\t\t\t\n\t\t\t\t<\/p>\n<h3>Plazo presentaci\u00f3n:<\/h3>\n<div>\n<p>Para las inversiones realizadas <strong>despu\u00e9s de la entrada en vigor de este decreto<\/strong>, las solicitudes de subvenci\u00f3n, acompa\u00f1adas de la documentaci\u00f3n requerida, deber\u00e1n presentarse en el plazo de <strong>seis meses contado a partir del d\u00eda siguiente al completo pago de los gastos subvencionables al proveedor o proveedores.<\/strong><\/p>\n<p>En el caso de inversiones <strong>realizadas entre el 1 de julio de 2024 y la fecha de publicaci\u00f3n de este decreto, el plazo de presentaci\u00f3n ser\u00e1 de cuatro meses contado a partir del d\u00eda siguiente a dicha publicaci\u00f3n.<\/strong><\/p>\n<\/div>\n<h3>Fecha inicio plazo presentaci\u00f3n:<\/h3>\n<p><span>14\/02\/2025<\/span><\/p>\n<h3>Beneficiarios:<\/h3>\n<div>\n<p>Podr\u00e1 tener la condici\u00f3n de persona beneficiaria la <strong>microempresa<\/strong>, cualquiera que sea su forma jur\u00eddica, que est\u00e9 v\u00e1lidamente constituida en el momento de presentar la solicitud, sea titular de un establecimiento en Cantabria que desarrolle alguna de las actividades econ\u00f3micas relacionadas en el art\u00edculo anterior, est\u00e9 dada de alta en el ep\u00edgrafe correspondiente del impuesto sobre actividades econ\u00f3micas y en la Seguridad Social y disponga de las autorizaciones que la normativa nacional y comunitaria le exija para su actividad industrial.<\/p>\n<p>Asimismo, podr\u00e1n tener la condici\u00f3n de persona beneficiaria las <strong>fundaciones<\/strong>, siempre que realicen una actividad mercantil en las condiciones exigidas para la microempresa, debiendo estar inscritas en el Registro de Fundaciones.\u00a0<\/p>\n<\/div>\n<h3>Documentaci\u00f3n a adjuntar:<\/h3>\n<div>\n<p>La solicitud se acompa\u00f1ar\u00e1 de la siguiente documentaci\u00f3n:<\/p>\n<ol start=\"1\">\n<li><strong>Declaraci\u00f3n responsable<\/strong> seg\u00fan modelo disponible en el Portal Institucional del Gobierno de Cantabria, en su apartado \u00abAtenci\u00f3n a la Ciudadan\u00eda 012\u00bb, \u00abAyudas y Subvenciones\u00bb (http:\/\/www.cantabria.es) y en la p\u00e1gina \u00abweb\u00bb de la Direcci\u00f3n General de Industria, Energ\u00eda y Minas (http:\/\/dgicc.cantabria.es).<\/li>\n<li>Breve <strong>memoria<\/strong> que incluya, al menos, una descripci\u00f3n de la actividad de la microempresa y una explicaci\u00f3n del objeto de las inversiones para las que solicita subvenci\u00f3n. En el caso de bienes de equipo, m\u00e1quinas, herramientas, equipos inform\u00e1ticos y de comunicaciones y elementos de transporte interior, incluir una fotograf\u00eda del equipo y otra de su placa identificativa, si la tiene.<\/li>\n<li><strong>Facturas<\/strong> detalladas justificativas de las inversiones, las cuales deber\u00e1n reunir los requisitos previstos en el Real Decreto 1619\/2012, de 30 de noviembre, por el que se aprueba el Reglamento por el que se regulan las obligaciones de facturaci\u00f3n.<\/li>\n<\/ol>\n<p>Estas facturas deber\u00e1n estar emitidas a nombre de la microempresa solicitante de la subvenci\u00f3n entre la fecha de entrada en vigor de este decreto y la de presentaci\u00f3n de la solicitud de ayuda, salvo para el caso de inversiones realizadas entre el 1 de julio de 2024 y la publicaci\u00f3n de este decreto, supuesto en el cual las facturas deber\u00e1n estar comprendidas entre ambas fechas.<\/p>\n<p>En el caso de que una misma factura incluya varios conceptos, los importes se desglosaran por cada uno de los conceptos incluidos en la misma.<\/p>\n<p>Las facturas estar\u00e1n debidamente relacionadas en una <strong>lista numerada de las mismas<\/strong>.<\/p>\n<ol start=\"4\">\n<li><strong>Justificantes del pago de las facturas<\/strong>, abonadas totalmente por la microempresa solicitante de la subvenci\u00f3n.<\/li>\n<\/ol>\n<p>Los pagos deber\u00e1n haberse realizado a trav\u00e9s de entidades financieras y la fecha del pago ser\u00e1, a todos los efectos, la fecha de valor que figure en el correspondiente cargo o adeudo. La compensaci\u00f3n entre facturas no se considera un m\u00e9todo de pago v\u00e1lido a efectos de justificaci\u00f3n.<\/p>\n<p>Excepcionalmente ser\u00e1n admitidos los pagos en met\u00e1lico cuando su importe individual o conjunto por proveedor no sea superior a 1.000 euros y siempre que est\u00e9n acreditados mediante recib\u00ed del proveedor, con los siguientes datos: fecha del pago, sello, raz\u00f3n o denominaci\u00f3n social, NIF del proveedor, firma, nombre, apellidos y DNI de la persona que lo firma.<\/p>\n<p>En el caso de que una orden de transferencia y\/o apunte de extracto bancario sea global y, por tanto, referido a varios justificantes de gasto, relacionados o no con el proyecto, ser\u00e1 necesario acompa\u00f1ar al mismo un documento bancario que incluya la relaci\u00f3n detallada de los mismos, en los que aparezca el beneficiario, la identificaci\u00f3n del justificante de gasto (el n\u00famero de factura o concepto) y el importe pagado.<\/p>\n<ol start=\"5\">\n<li>En el caso de <strong>adquisici\u00f3n mediante arrendamiento financiero o \u00ableasing\u00bb<\/strong> se deber\u00e1 presentar el <strong>contrato <\/strong>completo suscrito por la microempresa solicitante, incluida la factura o anexo que identifique totalmente el concepto, los justificantes de pago hasta la fecha y una declaraci\u00f3n responsable de quien ostente la representaci\u00f3n legal de la microempresa comprometi\u00e9ndose a ejercer la <strong>opci\u00f3n de compra <\/strong>a la finalizaci\u00f3n del contrato de arrendamiento.<\/li>\n<li>Cuando la microempresa solicitante no tenga obligaci\u00f3n de estar inscrita en el Registro Mercantil deber\u00e1 aportar copia del <strong>documento de constituci\u00f3n y del poder<\/strong> de la persona que firma la solicitud.<\/li>\n<li>\u00a0<strong>Certificado electr\u00f3nico bancario<\/strong> firmado electr\u00f3nicamente por la <strong>entidad bancaria<\/strong>.<\/li>\n<\/ol>\n<p>La presentaci\u00f3n de la solicitud para la obtenci\u00f3n de subvenci\u00f3n conllevar\u00e1 la <strong>autorizaci\u00f3n<\/strong> de la microempresa solicitante para que la Direcci\u00f3n General competente en materia de industria obtenga de forma directa la acreditaci\u00f3n del cumplimiento por la microempresa solicitante de sus obligaciones tributarias, con la Agencia Estatal de Administraci\u00f3n Tributaria, la Agencia C\u00e1ntabra de Administraci\u00f3n Tributaria, as\u00ed como con la Seguridad Social, a trav\u00e9s de certificados telem\u00e1ticos.<\/p>\n<p>En el supuesto de que la microempresa solicitante manifestara expresamente que <strong>no otorga dicha autorizaci\u00f3n<\/strong> para recabar los certificados acreditativos de estar al corriente de sus obligaciones tributarias y con la Seguridad Social, <strong>deber\u00e1 presentar dichos certificados<\/strong> junto con su solicitud de subvenci\u00f3n.<\/p>\n<p>La presentaci\u00f3n de la solicitud, asimismo, conllevar\u00e1 la <strong>autorizaci\u00f3n <\/strong>para que la Direcci\u00f3n General competente en materia de industria realice la consulta sobre la identidad de la persona firmante al sistema de verificaci\u00f3n de datos, de conformidad con la Orden PRE\/3949\/2006, de 26 de diciembre, y la consulta sobre vida laboral de la empresa en la Tesorer\u00eda General de la Seguridad Social, en el caso de que el \u00f3rgano instructor lo considerara necesario para la tramitaci\u00f3n de la solicitud.<\/p>\n<p>En el supuesto de que la microempresa solicitante manifestara expresamente que <strong>no otorga dicha autorizaci\u00f3n<\/strong> a la citada Direcci\u00f3n General para recabar los datos relativos a la identidad de los solicitantes o sus representantes, <strong>deber\u00e1 presentar dichos datos s<\/strong>obre la identidad de la persona firmante junto con la solicitud.<\/p>\n<p><strong>Los ficheros electr\u00f3nico<\/strong>s que se adjunten a la solicitud deber\u00e1n estar en formato Portable Document Format <strong>(PDF)<\/strong> y el tama\u00f1o m\u00e1ximo admitido para cada uno de ellos ser\u00e1 de <strong>3 megabytes.<\/strong><\/p>\n<\/div>\n<h3>Anexos:<\/h3>\n<ul>\n<li>\n\t\t\t\t\t\t\t\t<span class=\"fa fa-file-word-o fa-lg\" aria-hidden=\"true\"><\/span><br \/>\n\t\t\t\t\t\t\t\t<a href=\"https:\/\/www.cantabria.es\/documents\/16401\/66349256\/01+Solicitud++CRECE+1.docx\/20f97f0e-f8c5-f6dd-ad22-28f4353041f8?t=1739361178833\" target=\"_blank\" rel=\"noopener noreferrer\">Modelo de Solicitud<\/a>\n<\/li>\n<li>\n\t\t\t\t\t\t\t\t<span class=\"fa fa-file-word-o fa-lg\" aria-hidden=\"true\"><\/span><br \/>\n\t\t\t\t\t\t\t\t<a href=\"https:\/\/www.cantabria.es\/documents\/16401\/66349256\/02+Declaracion+Responsable+CRECE+1.docx\/c4647890-c7bb-e2c4-b628-18681a5e96b6?t=1739361179570\" target=\"_blank\" rel=\"noopener noreferrer\">Anexo 2 Declaraci\u00f3n Responsable<\/a>\n<\/li>\n<\/ul>\n<h3>Lugar presentaci\u00f3n :<\/h3>\n<div>\n<p>Las <strong>personas jur\u00eddicas<\/strong> y dem\u00e1s sujetos recogidos en el art\u00edculo 14.2 de la ley 39\/2015, de 1 de octubre, del procedimiento administrativo com\u00fan de las administraciones p\u00fablicas, <strong>est\u00e1n obligados<\/strong> a presentar sus solicitudes a trav\u00e9s del <strong><a href=\"https:\/\/rec.cantabria.es\/rec\/bienvenida.htm\">Registro Electr\u00f3nico General<\/a><\/strong> de la Administraci\u00f3n de la Comunidad Aut\u00f3noma de Cantabria en la direcci\u00f3n electr\u00f3nica \u00absede.cantabria.es\u00bb.<\/p>\n<p>Las <strong>personas f\u00edsicas<\/strong> pueden presentar sus solicitudes en cualquiera de los lugares establecidos a los que se hace referencia en el art\u00edculo 134.8 de la Ley de Cantabria 5\/2018, de 22 de noviembre, de R\u00e9gimen Jur\u00eddico del Gobierno, de la Administraci\u00f3n y del Sector P\u00fablico Institucional de la Comunidad Aut\u00f3noma de Cantabria: a trav\u00e9s del <a href=\"https:\/\/rec.cantabria.es\/rec\/bienvenida.htm\"><strong>Registro Electr\u00f3nico General <\/strong><\/a>o en la <strong><a href=\"https:\/\/www.cantabria.es\/web\/atencion-a-la-ciudadania\/registros\">Oficina de Asistencia en Materia de Registro<\/a><\/strong> Auxiliar de la Consejer\u00eda.<\/p>\n<p><strong>El certificado electr\u00f3nico con el que se firma<\/strong> la documentaci\u00f3n presentada deber\u00e1 corresponder a la <strong>persona que ostente la representaci\u00f3n legal de la empresa solicitante<\/strong>.<\/p>\n<\/div>\n<h3>\u00d3rgano tramitador:<\/h3>\n<div>\n\t\t\t\tDirecci\u00f3n: \n<p><strong>DIRECCI\u00d3N GENERAL DE INDUSTRIA, ENERG\u00cdA Y MINAS (C\u00d3DIGO DIR 3 O00006459 &#8211; A06027837)<\/strong><\/p>\n<p>Avda. Albert Einstein, 2 &#8211; 39011 Santander<\/p>\n<\/div>\n<p><span>Tel\u00e9fono: 942 20 00 33<\/span><\/p>\n<div class=\"noticias-iframe\">\n<p>\t\t\t\t<a href=\"https:\/\/twitter.com\/share\" class=\"twitter-share-button\" data-url=\"https%3A%2F%2Fwww.cantabria.es%2Fdetalle%2F-%2Fjournal%2Frss%2F16401%2FRSS_ULTIMAS_AYUDAS\" data-via=\"cantabriaes\" data-text=\"Decreto 4\/2025 - CRECE 1\" data-related=\"anywhere:The Javascript API\" data-count=\"horizontal\"><br \/>\n\t\t\t\t\tTweet<br \/>\n\t\t\t\t<\/a><\/p><\/div>\n<\/div>","protected":false},"excerpt":{"rendered":"<p>Subvencion: Decreto 4\/2025 &#8211; CRECE 1 Con certificado Servicio telef\u00f3nico 012 de atenci\u00f3n al ciudadano de Cantabria Descripci\u00f3n: Decreto 4\/2025, de 6 de febrero, por el que se regula la concesi\u00f3n directa de subvenciones destinadas a fomentar la inversi\u00f3n industrial en Cantabria (ayudas \u00abCRECE 1\u00bb). Bolet\u00edn Oficial de Cantabria N\u00famero BOC: 30 Fecha BOC: 13\/02\/2025 [&hellip;]<\/p>\n","protected":false},"author":5,"featured_media":0,"comment_status":"","ping_status":"","sticky":false,"template":"","format":"standard","meta":{"site-sidebar-layout":"default","site-content-layout":"","ast-site-content-layout":"default","site-content-style":"default","site-sidebar-style":"default","ast-global-header-display":"","ast-banner-title-visibility":"","ast-main-header-display":"","ast-hfb-above-header-display":"","ast-hfb-below-header-display":"","ast-hfb-mobile-header-display":"","site-post-title":"","ast-breadcrumbs-content":"","ast-featured-img":"","footer-sml-layout":"","ast-disable-related-posts":"","theme-transparent-header-meta":"","adv-header-id-meta":"","stick-header-meta":"","header-above-stick-meta":"","header-main-stick-meta":"","header-below-stick-meta":"","astra-migrate-meta-layouts":"default","ast-page-background-enabled":"default","ast-page-background-meta":{"desktop":{"background-color":"var(--ast-global-color-4)","background-image":"","background-repeat":"repeat","background-position":"center center","background-size":"auto","background-attachment":"scroll","background-type":"","background-media":"","overlay-type":"","overlay-color":"","overlay-opacity":"","overlay-gradient":""},"tablet":{"background-color":"","background-image":"","background-repeat":"repeat","background-position":"center center","background-size":"auto","background-attachment":"scroll","background-type":"","background-media":"","overlay-type":"","overlay-color":"","overlay-opacity":"","overlay-gradient":""},"mobile":{"background-color":"","background-image":"","background-repeat":"repeat","background-position":"center center","background-size":"auto","background-attachment":"scroll","background-type":"","background-media":"","overlay-type":"","overlay-color":"","overlay-opacity":"","overlay-gradient":""}},"ast-content-background-meta":{"desktop":{"background-color":"var(--ast-global-color-5)","background-image":"","background-repeat":"repeat","background-position":"center center","background-size":"auto","background-attachment":"scroll","background-type":"","background-media":"","overlay-type":"","overlay-color":"","overlay-opacity":"","overlay-gradient":""},"tablet":{"background-color":"var(--ast-global-color-5)","background-image":"","background-repeat":"repeat","background-position":"center center","background-size":"auto","background-attachment":"scroll","background-type":"","background-media":"","overlay-type":"","overlay-color":"","overlay-opacity":"","overlay-gradient":""},"mobile":{"background-color":"var(--ast-global-color-5)","background-image":"","background-repeat":"repeat","background-position":"center center","background-size":"auto","background-attachment":"scroll","background-type":"","background-media":"","overlay-type":"","overlay-color":"","overlay-opacity":"","overlay-gradient":""}},"footnotes":""},"categories":[8],"tags":[],"class_list":["post-49842","post","type-post","status-publish","format-standard","hentry","category-ayudas-y-subvenciones"],"yoast_head":"<!-- This site is optimized with the Yoast SEO Premium plugin v20.9 (Yoast SEO v27.4) - https:\/\/yoast.com\/product\/yoast-seo-premium-wordpress\/ -->\n<title>Decreto 4\/2025 - CRECE 1 - bip4ex<\/title>\n<meta name=\"robots\" content=\"index, follow, max-snippet:-1, max-image-preview:large, max-video-preview:-1\" \/>\n<link rel=\"canonical\" href=\"https:\/\/helloproject.es\/vigilancia\/decreto-4-2025-crece-1\/\" \/>\n<meta property=\"og:locale\" content=\"es_ES\" \/>\n<meta property=\"og:type\" content=\"article\" \/>\n<meta property=\"og:title\" content=\"Decreto 4\/2025 - CRECE 1\" \/>\n<meta property=\"og:description\" content=\"Subvencion: Decreto 4\/2025 &#8211; CRECE 1 Con certificado Servicio telef\u00f3nico 012 de atenci\u00f3n al ciudadano de Cantabria Descripci\u00f3n: Decreto 4\/2025, de 6 de febrero, por el que se regula la concesi\u00f3n directa de subvenciones destinadas a fomentar la inversi\u00f3n industrial en Cantabria (ayudas \u00abCRECE 1\u00bb). Bolet\u00edn Oficial de Cantabria N\u00famero BOC: 30 Fecha BOC: 13\/02\/2025 [&hellip;]\" \/>\n<meta property=\"og:url\" content=\"https:\/\/helloproject.es\/vigilancia\/decreto-4-2025-crece-1\/\" \/>\n<meta property=\"og:site_name\" content=\"bip4ex\" \/>\n<meta property=\"article:published_time\" content=\"2025-02-13T08:29:45+00:00\" \/>\n<meta property=\"og:image\" content=\"https:\/\/www.cantabria.es\/documents\/26427\/21881598\/DNIe.jpg\/01f4c245-cfe3-9563-9845-0e0f97e7f720?t=1648806919369\" \/>\n<meta name=\"author\" content=\"Luis Miguel Mej\u00edas Ramos\" \/>\n<meta name=\"twitter:card\" content=\"summary_large_image\" \/>\n<meta name=\"twitter:label1\" content=\"Escrito por\" \/>\n\t<meta name=\"twitter:data1\" content=\"Luis Miguel Mej\u00edas Ramos\" \/>\n\t<meta name=\"twitter:label2\" content=\"Tiempo de lectura\" \/>\n\t<meta name=\"twitter:data2\" content=\"7 minutos\" \/>\n<script type=\"application\/ld+json\" class=\"yoast-schema-graph\">{\"@context\":\"https:\\\/\\\/schema.org\",\"@graph\":[{\"@type\":\"Article\",\"@id\":\"https:\\\/\\\/helloproject.es\\\/vigilancia\\\/decreto-4-2025-crece-1\\\/#article\",\"isPartOf\":{\"@id\":\"https:\\\/\\\/helloproject.es\\\/vigilancia\\\/decreto-4-2025-crece-1\\\/\"},\"author\":{\"name\":\"Luis Miguel Mej\u00edas Ramos\",\"@id\":\"https:\\\/\\\/helloproject.es\\\/vigilancia\\\/#\\\/schema\\\/person\\\/3767b0619d59a11570372c821f8619ca\"},\"headline\":\"Decreto 4\\\/2025 &#8211; CRECE 1\",\"datePublished\":\"2025-02-13T08:29:45+00:00\",\"mainEntityOfPage\":{\"@id\":\"https:\\\/\\\/helloproject.es\\\/vigilancia\\\/decreto-4-2025-crece-1\\\/\"},\"wordCount\":1377,\"publisher\":{\"@id\":\"https:\\\/\\\/helloproject.es\\\/vigilancia\\\/#organization\"},\"image\":{\"@id\":\"https:\\\/\\\/helloproject.es\\\/vigilancia\\\/decreto-4-2025-crece-1\\\/#primaryimage\"},\"thumbnailUrl\":\"https:\\\/\\\/www.cantabria.es\\\/documents\\\/26427\\\/21881598\\\/DNIe.jpg\\\/01f4c245-cfe3-9563-9845-0e0f97e7f720?t=1648806919369\",\"articleSection\":[\"Ayudas y Subvenciones\"],\"inLanguage\":\"es\"},{\"@type\":\"WebPage\",\"@id\":\"https:\\\/\\\/helloproject.es\\\/vigilancia\\\/decreto-4-2025-crece-1\\\/\",\"url\":\"https:\\\/\\\/helloproject.es\\\/vigilancia\\\/decreto-4-2025-crece-1\\\/\",\"name\":\"Decreto 4\\\/2025 - CRECE 1 - bip4ex\",\"isPartOf\":{\"@id\":\"https:\\\/\\\/helloproject.es\\\/vigilancia\\\/#website\"},\"primaryImageOfPage\":{\"@id\":\"https:\\\/\\\/helloproject.es\\\/vigilancia\\\/decreto-4-2025-crece-1\\\/#primaryimage\"},\"image\":{\"@id\":\"https:\\\/\\\/helloproject.es\\\/vigilancia\\\/decreto-4-2025-crece-1\\\/#primaryimage\"},\"thumbnailUrl\":\"https:\\\/\\\/www.cantabria.es\\\/documents\\\/26427\\\/21881598\\\/DNIe.jpg\\\/01f4c245-cfe3-9563-9845-0e0f97e7f720?t=1648806919369\",\"datePublished\":\"2025-02-13T08:29:45+00:00\",\"breadcrumb\":{\"@id\":\"https:\\\/\\\/helloproject.es\\\/vigilancia\\\/decreto-4-2025-crece-1\\\/#breadcrumb\"},\"inLanguage\":\"es\",\"potentialAction\":[{\"@type\":\"ReadAction\",\"target\":[\"https:\\\/\\\/helloproject.es\\\/vigilancia\\\/decreto-4-2025-crece-1\\\/\"]}]},{\"@type\":\"ImageObject\",\"inLanguage\":\"es\",\"@id\":\"https:\\\/\\\/helloproject.es\\\/vigilancia\\\/decreto-4-2025-crece-1\\\/#primaryimage\",\"url\":\"https:\\\/\\\/www.cantabria.es\\\/documents\\\/26427\\\/21881598\\\/DNIe.jpg\\\/01f4c245-cfe3-9563-9845-0e0f97e7f720?t=1648806919369\",\"contentUrl\":\"https:\\\/\\\/www.cantabria.es\\\/documents\\\/26427\\\/21881598\\\/DNIe.jpg\\\/01f4c245-cfe3-9563-9845-0e0f97e7f720?t=1648806919369\"},{\"@type\":\"BreadcrumbList\",\"@id\":\"https:\\\/\\\/helloproject.es\\\/vigilancia\\\/decreto-4-2025-crece-1\\\/#breadcrumb\",\"itemListElement\":[{\"@type\":\"ListItem\",\"position\":1,\"name\":\"Home\",\"item\":\"https:\\\/\\\/helloproject.es\\\/vigilancia\\\/\"},{\"@type\":\"ListItem\",\"position\":2,\"name\":\"Decreto 4\\\/2025 &#8211; CRECE 1\"}]},{\"@type\":\"WebSite\",\"@id\":\"https:\\\/\\\/helloproject.es\\\/vigilancia\\\/#website\",\"url\":\"https:\\\/\\\/helloproject.es\\\/vigilancia\\\/\",\"name\":\"bip4ex\",\"description\":\"Vigilancia Tecnol\u00f3gica\",\"publisher\":{\"@id\":\"https:\\\/\\\/helloproject.es\\\/vigilancia\\\/#organization\"},\"potentialAction\":[{\"@type\":\"SearchAction\",\"target\":{\"@type\":\"EntryPoint\",\"urlTemplate\":\"https:\\\/\\\/helloproject.es\\\/vigilancia\\\/?s={search_term_string}\"},\"query-input\":{\"@type\":\"PropertyValueSpecification\",\"valueRequired\":true,\"valueName\":\"search_term_string\"}}],\"inLanguage\":\"es\"},{\"@type\":\"Organization\",\"@id\":\"https:\\\/\\\/helloproject.es\\\/vigilancia\\\/#organization\",\"name\":\"Helloproject.es\",\"url\":\"https:\\\/\\\/helloproject.es\\\/vigilancia\\\/\",\"logo\":{\"@type\":\"ImageObject\",\"inLanguage\":\"es\",\"@id\":\"https:\\\/\\\/helloproject.es\\\/vigilancia\\\/#\\\/schema\\\/logo\\\/image\\\/\",\"url\":\"https:\\\/\\\/helloproject.es\\\/vigilancia\\\/wp-content\\\/uploads\\\/2023\\\/07\\\/bip4ex.png\",\"contentUrl\":\"https:\\\/\\\/helloproject.es\\\/vigilancia\\\/wp-content\\\/uploads\\\/2023\\\/07\\\/bip4ex.png\",\"width\":322,\"height\":365,\"caption\":\"Helloproject.es\"},\"image\":{\"@id\":\"https:\\\/\\\/helloproject.es\\\/vigilancia\\\/#\\\/schema\\\/logo\\\/image\\\/\"}},{\"@type\":\"Person\",\"@id\":\"https:\\\/\\\/helloproject.es\\\/vigilancia\\\/#\\\/schema\\\/person\\\/3767b0619d59a11570372c821f8619ca\",\"name\":\"Luis Miguel Mej\u00edas Ramos\",\"url\":\"https:\\\/\\\/helloproject.es\\\/vigilancia\\\/author\\\/luismi\\\/\"}]}<\/script>\n<!-- \/ Yoast SEO Premium plugin. -->","yoast_head_json":{"title":"Decreto 4\/2025 - CRECE 1 - bip4ex","robots":{"index":"index","follow":"follow","max-snippet":"max-snippet:-1","max-image-preview":"max-image-preview:large","max-video-preview":"max-video-preview:-1"},"canonical":"https:\/\/helloproject.es\/vigilancia\/decreto-4-2025-crece-1\/","og_locale":"es_ES","og_type":"article","og_title":"Decreto 4\/2025 - CRECE 1","og_description":"Subvencion: Decreto 4\/2025 &#8211; CRECE 1 Con certificado Servicio telef\u00f3nico 012 de atenci\u00f3n al ciudadano de Cantabria Descripci\u00f3n: Decreto 4\/2025, de 6 de febrero, por el que se regula la concesi\u00f3n directa de subvenciones destinadas a fomentar la inversi\u00f3n industrial en Cantabria (ayudas \u00abCRECE 1\u00bb). Bolet\u00edn Oficial de Cantabria N\u00famero BOC: 30 Fecha BOC: 13\/02\/2025 [&hellip;]","og_url":"https:\/\/helloproject.es\/vigilancia\/decreto-4-2025-crece-1\/","og_site_name":"bip4ex","article_published_time":"2025-02-13T08:29:45+00:00","og_image":[{"url":"https:\/\/www.cantabria.es\/documents\/26427\/21881598\/DNIe.jpg\/01f4c245-cfe3-9563-9845-0e0f97e7f720?t=1648806919369","type":"","width":"","height":""}],"author":"Luis Miguel Mej\u00edas Ramos","twitter_card":"summary_large_image","twitter_misc":{"Escrito por":"Luis Miguel Mej\u00edas Ramos","Tiempo de lectura":"7 minutos"},"schema":{"@context":"https:\/\/schema.org","@graph":[{"@type":"Article","@id":"https:\/\/helloproject.es\/vigilancia\/decreto-4-2025-crece-1\/#article","isPartOf":{"@id":"https:\/\/helloproject.es\/vigilancia\/decreto-4-2025-crece-1\/"},"author":{"name":"Luis Miguel Mej\u00edas Ramos","@id":"https:\/\/helloproject.es\/vigilancia\/#\/schema\/person\/3767b0619d59a11570372c821f8619ca"},"headline":"Decreto 4\/2025 &#8211; CRECE 1","datePublished":"2025-02-13T08:29:45+00:00","mainEntityOfPage":{"@id":"https:\/\/helloproject.es\/vigilancia\/decreto-4-2025-crece-1\/"},"wordCount":1377,"publisher":{"@id":"https:\/\/helloproject.es\/vigilancia\/#organization"},"image":{"@id":"https:\/\/helloproject.es\/vigilancia\/decreto-4-2025-crece-1\/#primaryimage"},"thumbnailUrl":"https:\/\/www.cantabria.es\/documents\/26427\/21881598\/DNIe.jpg\/01f4c245-cfe3-9563-9845-0e0f97e7f720?t=1648806919369","articleSection":["Ayudas y Subvenciones"],"inLanguage":"es"},{"@type":"WebPage","@id":"https:\/\/helloproject.es\/vigilancia\/decreto-4-2025-crece-1\/","url":"https:\/\/helloproject.es\/vigilancia\/decreto-4-2025-crece-1\/","name":"Decreto 4\/2025 - CRECE 1 - bip4ex","isPartOf":{"@id":"https:\/\/helloproject.es\/vigilancia\/#website"},"primaryImageOfPage":{"@id":"https:\/\/helloproject.es\/vigilancia\/decreto-4-2025-crece-1\/#primaryimage"},"image":{"@id":"https:\/\/helloproject.es\/vigilancia\/decreto-4-2025-crece-1\/#primaryimage"},"thumbnailUrl":"https:\/\/www.cantabria.es\/documents\/26427\/21881598\/DNIe.jpg\/01f4c245-cfe3-9563-9845-0e0f97e7f720?t=1648806919369","datePublished":"2025-02-13T08:29:45+00:00","breadcrumb":{"@id":"https:\/\/helloproject.es\/vigilancia\/decreto-4-2025-crece-1\/#breadcrumb"},"inLanguage":"es","potentialAction":[{"@type":"ReadAction","target":["https:\/\/helloproject.es\/vigilancia\/decreto-4-2025-crece-1\/"]}]},{"@type":"ImageObject","inLanguage":"es","@id":"https:\/\/helloproject.es\/vigilancia\/decreto-4-2025-crece-1\/#primaryimage","url":"https:\/\/www.cantabria.es\/documents\/26427\/21881598\/DNIe.jpg\/01f4c245-cfe3-9563-9845-0e0f97e7f720?t=1648806919369","contentUrl":"https:\/\/www.cantabria.es\/documents\/26427\/21881598\/DNIe.jpg\/01f4c245-cfe3-9563-9845-0e0f97e7f720?t=1648806919369"},{"@type":"BreadcrumbList","@id":"https:\/\/helloproject.es\/vigilancia\/decreto-4-2025-crece-1\/#breadcrumb","itemListElement":[{"@type":"ListItem","position":1,"name":"Home","item":"https:\/\/helloproject.es\/vigilancia\/"},{"@type":"ListItem","position":2,"name":"Decreto 4\/2025 &#8211; CRECE 1"}]},{"@type":"WebSite","@id":"https:\/\/helloproject.es\/vigilancia\/#website","url":"https:\/\/helloproject.es\/vigilancia\/","name":"bip4ex","description":"Vigilancia Tecnol\u00f3gica","publisher":{"@id":"https:\/\/helloproject.es\/vigilancia\/#organization"},"potentialAction":[{"@type":"SearchAction","target":{"@type":"EntryPoint","urlTemplate":"https:\/\/helloproject.es\/vigilancia\/?s={search_term_string}"},"query-input":{"@type":"PropertyValueSpecification","valueRequired":true,"valueName":"search_term_string"}}],"inLanguage":"es"},{"@type":"Organization","@id":"https:\/\/helloproject.es\/vigilancia\/#organization","name":"Helloproject.es","url":"https:\/\/helloproject.es\/vigilancia\/","logo":{"@type":"ImageObject","inLanguage":"es","@id":"https:\/\/helloproject.es\/vigilancia\/#\/schema\/logo\/image\/","url":"https:\/\/helloproject.es\/vigilancia\/wp-content\/uploads\/2023\/07\/bip4ex.png","contentUrl":"https:\/\/helloproject.es\/vigilancia\/wp-content\/uploads\/2023\/07\/bip4ex.png","width":322,"height":365,"caption":"Helloproject.es"},"image":{"@id":"https:\/\/helloproject.es\/vigilancia\/#\/schema\/logo\/image\/"}},{"@type":"Person","@id":"https:\/\/helloproject.es\/vigilancia\/#\/schema\/person\/3767b0619d59a11570372c821f8619ca","name":"Luis Miguel Mej\u00edas Ramos","url":"https:\/\/helloproject.es\/vigilancia\/author\/luismi\/"}]}},"_links":{"self":[{"href":"https:\/\/helloproject.es\/vigilancia\/wp-json\/wp\/v2\/posts\/49842","targetHints":{"allow":["GET"]}}],"collection":[{"href":"https:\/\/helloproject.es\/vigilancia\/wp-json\/wp\/v2\/posts"}],"about":[{"href":"https:\/\/helloproject.es\/vigilancia\/wp-json\/wp\/v2\/types\/post"}],"author":[{"embeddable":true,"href":"https:\/\/helloproject.es\/vigilancia\/wp-json\/wp\/v2\/users\/5"}],"replies":[{"embeddable":true,"href":"https:\/\/helloproject.es\/vigilancia\/wp-json\/wp\/v2\/comments?post=49842"}],"version-history":[{"count":0,"href":"https:\/\/helloproject.es\/vigilancia\/wp-json\/wp\/v2\/posts\/49842\/revisions"}],"wp:attachment":[{"href":"https:\/\/helloproject.es\/vigilancia\/wp-json\/wp\/v2\/media?parent=49842"}],"wp:term":[{"taxonomy":"category","embeddable":true,"href":"https:\/\/helloproject.es\/vigilancia\/wp-json\/wp\/v2\/categories?post=49842"},{"taxonomy":"post_tag","embeddable":true,"href":"https:\/\/helloproject.es\/vigilancia\/wp-json\/wp\/v2\/tags?post=49842"}],"curies":[{"name":"wp","href":"https:\/\/api.w.org\/{rel}","templated":true}]}}