{"id":49844,"date":"2025-02-13T09:29:46","date_gmt":"2025-02-13T08:29:46","guid":{"rendered":"https:\/\/helloproject.es\/vigilancia\/decreto-4-2025-crece-2\/"},"modified":"2025-02-13T09:29:46","modified_gmt":"2025-02-13T08:29:46","slug":"decreto-4-2025-crece-2","status":"publish","type":"post","link":"https:\/\/helloproject.es\/vigilancia\/decreto-4-2025-crece-2\/","title":{"rendered":"Decreto 4\/2025 &#8211; CRECE 2"},"content":{"rendered":"<div class=\"ayuda_subvencion plantillas\">\n<div class=\"portlet-topper\">\n\t\t\t    <strong class=\"sr-only\">Subvencion:<\/strong>\n<h2 class=\"portlet-title\">Decreto 4\/2025 &#8211; CRECE 2<\/h2>\n<\/div>\n<div class=\"iconosTramitacion\">\n<p>\t\t\t\t\t<a href=\"https:\/\/rec.cantabria.es\/rec\/auth\/prepare-cert-login.htm?forward=DEC-2I-004-2025\" title=\"Con certificado\"><img decoding=\"async\" src=\"https:\/\/www.cantabria.es\/documents\/26427\/21881598\/DNIe.jpg\/01f4c245-cfe3-9563-9845-0e0f97e7f720?t=1648806919369\" alt=\"\" aria-hidden=\"true\" \/><span class=\"sr-only\">Con certificado<\/span><\/a><\/p>\n<p>\t\t\t<a target=\"_blank\" href=\"https:\/\/sede.cantabria.es\/sede\/ayuda\/012-telefono-de-atencion-administrativa\" title=\"Servicio telef\u00f3nico 012 de atenci\u00f3n al ciudadano de Cantabria\"><img decoding=\"async\" src=\"https:\/\/www.cantabria.es\/documents\/26427\/21881598\/012.jpg\/d4445702-c7cf-c44a-3ce9-b0288c1d9b9a?t=1648806893827\" alt=\"\" aria-hidden=\"true\" \/><span class=\"sr-only\">Servicio telef\u00f3nico 012 de atenci\u00f3n al ciudadano de Cantabria<\/span><\/a>\n\t\t<\/p><\/div>\n<h3>Descripci\u00f3n:<\/h3>\n<p><span>Decreto 4\/2025, de 6 de febrero, por el que se regula la concesi\u00f3n directa de subvenciones destinadas a fomentar la inversi\u00f3n industrial en Cantabria (ayudas \u00abCRECE 2\u00bb).<\/span><\/p>\n<h3>Bolet\u00edn Oficial de Cantabria<\/h3>\n<p><span>N\u00famero BOC: 30<\/span><\/p>\n<p><span>Fecha BOC: 13\/02\/2025<\/span><\/p>\n<p>\n\t\t\t\t\t<span><br \/>\n\t\t\t\t\t\t<a href=\"https:\/\/boc.cantabria.es\/boces\/verAnuncioAction.do?idAnuBlob=415945\" target=\"_blank\" rel=\"noopener noreferrer\">Enlace BOC<\/a><\/span><\/p>\n<p>\t\t\t\t\t\n\t\t\t\t<\/p>\n<h3>Plazo presentaci\u00f3n:<\/h3>\n<div>\n<p>Las solicitudes podr\u00e1n presentarse <strong>durante toda la vigencia de este decreto<\/strong>. En todo caso, deber\u00e1n respetar el efecto incentivador de estas ayudas a que se refiere la letra c) del art\u00edculo 18.1 de este decreto.<\/p>\n<\/div>\n<h3>Fecha inicio plazo presentaci\u00f3n:<\/h3>\n<p><span>14\/02\/2025<\/span><\/p>\n<h3>Beneficiarios:<\/h3>\n<div>\n<p>Podr\u00e1 tener la condici\u00f3n de persona beneficiaria la<strong> empresa, cualquiera que sea su forma jur\u00eddica,<\/strong> que est\u00e9 v\u00e1lidamente constituida en el momento de presentar la solicitud, sea titular de un establecimiento en Cantabria que desarrolle alguna de las actividades econ\u00f3micas relacionadas en el art\u00edculo anterior, est\u00e9 dada de alta en el ep\u00edgrafe correspondiente del impuesto sobre actividades econ\u00f3micas y en la Seguridad Social y disponga de las autorizaciones que la normativa nacional y comunitaria le exija para su actividad.<\/p>\n<p>Asimismo, podr\u00e1n tener la condici\u00f3n de persona beneficiaria las <strong>fundaciones<\/strong>, siempre que realicen una actividad mercantil en las condiciones exigidas para las empresas.<\/p>\n<p>Las <strong>empresas de nueva creaci\u00f3n<\/strong> podr\u00e1n ser beneficiarias, aunque no est\u00e9n dadas de alta en la Seguridad Social en el momento de presentar la solicitud, debiendo, en este caso, acreditar su actividad laboral en cualquier r\u00e9gimen de la Seguridad Social a la fecha de justificaci\u00f3n.<\/p>\n<\/div>\n<h3>Documentaci\u00f3n a adjuntar:<\/h3>\n<div>\n<p>Las solicitudes se acompa\u00f1ar\u00e1n de la siguiente documentaci\u00f3n:<\/p>\n<ol start=\"1\">\n<li><strong>Declaraci\u00f3n responsable<\/strong> seg\u00fan modelo disponible en el Portal Institucional del Gobierno de Cantabria, en su apartado \u00abAtenci\u00f3n a la Ciudadan\u00eda 012\u00bb, \u00abAyudas y Subvenciones\u00bb (http:\/\/www.cantabria.es) y en la p\u00e1gina \u00abweb\u00bb de la Direcci\u00f3n General de Industria, Energ\u00eda y Minas (http:\/\/dgicc.cantabria.es).<\/li>\n<li><strong>Declaraci\u00f3n de cumplimiento del efecto incentivador<\/strong> y de clasificaci\u00f3n del proyecto de inversi\u00f3n como subvencionable, seg\u00fan modelo disponible en los lugares a que se refiere la letra anterior.<\/li>\n<li><strong>Memoria descriptiva<\/strong> de la actividad de la empresa que contenga como m\u00ednimo los siguientes apartados:<\/li>\n<\/ol>\n<ul>\n<li>Presentaci\u00f3n de la empresa y actividades que realiza.<\/li>\n<li>Justificaci\u00f3n de la clasificaci\u00f3n del proyecto de inversi\u00f3n como subvencionable: Se deber\u00e1 describir la situaci\u00f3n de partida, la actuaci\u00f3n a realizar y la situaci\u00f3n objetivo final y, adem\u00e1s:<\/li>\n<\/ul>\n<p><strong>En el caso de PYME<\/strong>, seg\u00fan como se clasifique el proyecto de inversi\u00f3n aplicando los criterios del art\u00edculo 18.2 de este decreto, se deber\u00e1 indicar:<\/p>\n<p>P1.- Si la inversi\u00f3n es para la creaci\u00f3n de un nuevo establecimiento: su localizaci\u00f3n, las dimensiones en planos acotados y la distribuci\u00f3n en planta del nuevo establecimiento.<\/p>\n<p>P2.- Si la inversi\u00f3n es para la ampliaci\u00f3n de la capacidad de un establecimiento existente: la localizaci\u00f3n de la actuaci\u00f3n en el proceso productivo, la capacidad inicial, la actuaci\u00f3n a realizar y la capacidad final proyectada.<\/p>\n<p>P3.- Si la inversi\u00f3n es para una diversificaci\u00f3n de un establecimiento existente: el valor contable de los activos que se reutilizan, registrados en el ejercicio fiscal anterior al inicio de los trabajos. Se tiene que demostrar que los costes subvencionables superan el 200% de este valor.<\/p>\n<p>P4.- Si la inversi\u00f3n es para una transformaci\u00f3n fundamental en el proceso de producci\u00f3n: el importe de la amortizaci\u00f3n de los activos relativos a la actividad que se va a modernizar en los tres ejercicios fiscales anteriores. Se tiene que demostrar que los costes subvencionables superan este valor.<\/p>\n<p>P5, P6 y P7.- Se deber\u00e1n identificar las \u00e1reas de actuaci\u00f3n en la empresa, explicar el nuevo m\u00e9todo, las innovaciones, mejoras o cambios respecto a la organizaci\u00f3n o producci\u00f3n existentes y definir las medidas y su forma de implantaci\u00f3n.<\/p>\n<p><strong>En el caso de una gran empresa<\/strong>, seg\u00fan como se clasifique el proyecto de inversi\u00f3n inicial a favor de una nueva actividad econ\u00f3mica aplicando los criterios del art\u00edculo 18, apartado 3, de este decreto, se deber\u00e1 indicar:<\/p>\n<p>P8.- Si la inversi\u00f3n es para la creaci\u00f3n de un nuevo establecimiento: su localizaci\u00f3n, las dimensiones en planos acotados y la distribuci\u00f3n en planta del nuevo establecimiento.<\/p>\n<p>P9.- Si la inversi\u00f3n es para la diversificaci\u00f3n de la actividad de un establecimiento existente: las actividades que se realizaban en el establecimiento y la nueva actividad, identificando todas las actividades por su nombre y el c\u00f3digo num\u00e9rico de cuatro d\u00edgitos de la nomenclatura estad\u00edstica de actividades econ\u00f3micas NACE Rev. 2.<\/p>\n<ul>\n<li>Descripci\u00f3n t\u00e9cnica y econ\u00f3mica de las actuaciones e inversiones.<\/li>\n<li>Nivel de empleo. En el caso que haya compromiso de creaci\u00f3n de puestos de trabajo, se deber\u00e1 concretar el n\u00famero de nuevos puestos de trabajo a crear, teniendo en cuenta que se deben de crear desde la fecha de solicitud de la subvenci\u00f3n hasta la fecha de su justificaci\u00f3n.<\/li>\n<\/ul>\n<ol start=\"4\">\n<li><strong>Facturas <\/strong>proforma o <strong>presupuestos, contratos, proyectos, etc<\/strong>., emitidos por las empresas proveedoras, debiendo ser claros, espec\u00edficos y actualizados.<\/li>\n<\/ol>\n<p>Cuando el importe de los mismos supere los 40.000 euros en el caso de obra civil, o los 15.000 euros en cualquier otro caso, se aportar\u00e1n al menos <strong>tres ofertas de proveedores<\/strong> diferentes, indicando en la memoria cu\u00e1l es la oferta elegida y justificando la elecci\u00f3n cuando no recaiga en la propuesta econ\u00f3mica m\u00e1s ventajosa. En el caso de que se presenten menos de tres presupuestos se justificar\u00e1 documentalmente el motivo. No se considerar\u00e1 justificaci\u00f3n suficiente la mera declaraci\u00f3n de la persona solicitante sin ning\u00fan documento probatorio ajeno al mismo.<\/p>\n<ol start=\"5\">\n<li><strong>Cuadro resumen de las inversiones<\/strong>, detallando las partidas con sus importes para cada cap\u00edtulo de coste definido en el art\u00edculo 19 de este decreto: C1 \u2013 Terrenos; C2 \u2013 Urbanizaci\u00f3n; C3 \u2013 Obra civil; C4 \u2013 Bienes de equipo; C5 \u2013 Otros activos; C6 \u2013 Inmateriales y C7 \u2013 Consultor\u00eda. Se presentar\u00e1 una copia del cuadro resumen de las inversiones en formato Excel.<\/li>\n<\/ol>\n<p>Si la solicitud contemplase varios tipos de proyectos se deber\u00e1 presentar un cuadro resumen por tipo de proyecto de los contemplados en la solicitud.<\/p>\n<p>Se relacionar\u00e1n numerados todos los presupuestos presentados, indicando el presupuesto elegido para aquellos importes en que haya tres presupuestos.<\/p>\n<ol start=\"6\">\n<li>Solamente en el caso de que haya c<strong>ompromiso de creaci\u00f3n de nuevos puestos<\/strong> de trabajo:<\/li>\n<\/ol>\n<p><strong>Informe de vida laboral <\/strong>de trabajadores adscritos a los c\u00f3digos de cuenta de cotizaci\u00f3n de la empresa en la Seguridad Social en los doce meses anteriores a la fecha de solicitud, emitida por \u00f3rgano competente. Los puestos de trabajo existentes y de nueva creaci\u00f3n que se considerar\u00e1n a todos los efectos ser\u00e1n los del centro de trabajo en Cantabria donde se realice la inversi\u00f3n.<\/p>\n<ol start=\"7\">\n<li>Cuando la empresa solicitante no tenga obligaci\u00f3n de estar inscrita en el Registro Mercantil deber\u00e1 aportar copia del<strong> documento de constituci\u00f3n<\/strong> <strong>y del<\/strong> <strong>poder<\/strong> de la persona firmante de la solicitud.<\/li>\n<li><strong>Certificado electr\u00f3nico bancario <\/strong>firmado electr\u00f3nicamente por la<strong> entidad bancaria<\/strong>.<\/li>\n<\/ol>\n<p>La presentaci\u00f3n de la solicitud para la obtenci\u00f3n de subvenci\u00f3n conllevar\u00e1 la <strong>autorizaci\u00f3n<\/strong> de la empresa solicitante para que la Direcci\u00f3n General competente en materia de industria obtenga de forma directa la acreditaci\u00f3n del cumplimiento por la microempresa solicitante de sus obligaciones tributarias, con la Agencia Estatal de Administraci\u00f3n Tributaria, la Agencia C\u00e1ntabra de Administraci\u00f3n Tributaria, as\u00ed como con la Seguridad Social, a trav\u00e9s de certificados telem\u00e1ticos.<\/p>\n<p>En el supuesto de que la empresa solicitante manifestara expresamente que <strong>no otorga dicha autorizaci\u00f3n<\/strong> para recabar los certificados acreditativos de estar al corriente de sus obligaciones tributarias y con la Seguridad Social, <strong>deber\u00e1 presentar dichos certificado<\/strong>s junto con su solicitud de subvenci\u00f3n.<\/p>\n<p>La presentaci\u00f3n de la solicitud, asimismo, conllevar\u00e1 la <strong>autorizaci\u00f3n<\/strong> para que la Direcci\u00f3n General competente en materia de industria realice la consulta sobre la identidad de la persona firmante al sistema de verificaci\u00f3n de datos, de conformidad con la Orden PRE\/3949\/2006, de 26 de diciembre, y a la consulta sobre vida laboral de la empresa en la Tesorer\u00eda General de la Seguridad Social, en el caso de que el \u00f3rgano instructor lo considerara necesario para la tramitaci\u00f3n de la solicitud.<\/p>\n<p>En el supuesto de que la empresa solicitante manifestara expresamente que <strong>no otorga dicha autorizaci\u00f3n<\/strong> a la citada Direcci\u00f3n General para recabar los datos relativos a la identidad de los solicitantes o sus representantes, <strong>deber\u00e1 presentar dichos datos<\/strong> sobre la identidad de la persona firmante junto con la solicitud.<\/p>\n<p><strong>Los ficheros electr\u00f3nicos<\/strong> que se adjunten a la solicitud deber\u00e1n estar en formato Portable Document Format <strong>(PDF)<\/strong> y el tama\u00f1o m\u00e1ximo admitido para cada uno de ellos ser\u00e1 de <strong>3 megabytes.<\/strong><\/p>\n<\/div>\n<h3>Anexos:<\/h3>\n<ul>\n<li>\n\t\t\t\t\t\t\t\t<span class=\"fa fa-file-word-o fa-lg\" aria-hidden=\"true\"><\/span><br \/>\n\t\t\t\t\t\t\t\t<a href=\"https:\/\/www.cantabria.es\/documents\/16401\/66349287\/01+Solicitud+Decreto+CRECE+2.docx\/46c61da4-6986-ae9c-2e68-97b686be9b94?t=1739361217383\" target=\"_blank\" rel=\"noopener noreferrer\">Modelo de Solicitud<\/a>\n<\/li>\n<li>\n\t\t\t\t\t\t\t\t<span class=\"fa fa-file-word-o fa-lg\" aria-hidden=\"true\"><\/span><br \/>\n\t\t\t\t\t\t\t\t<a href=\"https:\/\/www.cantabria.es\/documents\/16401\/66349287\/02+Declaracion+responsable+Decreto+CRECE+2.docx\/4508d4de-ebdf-fb3f-5aba-aa3f6e26fc86?t=1739361217884\" target=\"_blank\" rel=\"noopener noreferrer\">Anexo 2 Declaraci\u00f3n Responsable<\/a>\n<\/li>\n<li>\n\t\t\t\t\t\t\t\t<span class=\"fa fa-file-word-o fa-lg\" aria-hidden=\"true\"><\/span><br \/>\n\t\t\t\t\t\t\t\t<a href=\"https:\/\/www.cantabria.es\/documents\/16401\/66349287\/03+Declaraci%C3%B3n+efecto+incentivador+Decreto+CRECE+2.docx\/f556e311-4cb4-71c6-c219-3519a7cd3250?t=1739361218685\" target=\"_blank\" rel=\"noopener noreferrer\">Anexo 3 Declaraci\u00f3n Efecto Incentivador<\/a>\n<\/li>\n<\/ul>\n<h3>Lugar presentaci\u00f3n :<\/h3>\n<div>\n<p>Las <strong>personas jur\u00eddicas<\/strong> y dem\u00e1s sujetos recogidos en el art\u00edculo 14.2 de la ley 39\/2015, de 1 de octubre, del procedimiento administrativo com\u00fan de las administraciones p\u00fablicas, <strong>est\u00e1n obligados<\/strong> a presentar sus solicitudes a trav\u00e9s del <strong><a href=\"https:\/\/rec.cantabria.es\/rec\/bienvenida.htm\">Registro Electr\u00f3nico General<\/a><\/strong> de la Administraci\u00f3n de la Comunidad Aut\u00f3noma de Cantabria en la direcci\u00f3n electr\u00f3nica \u00absede.cantabria.es\u00bb.<\/p>\n<p>Las <strong>personas f\u00edsicas<\/strong> pueden presentar sus solicitudes en cualquiera de los lugares establecidos a los que se hace referencia en el art\u00edculo 134.8 de la Ley de Cantabria 5\/2018, de 22 de noviembre, de R\u00e9gimen Jur\u00eddico del Gobierno, de la Administraci\u00f3n y del Sector P\u00fablico Institucional de la Comunidad Aut\u00f3noma de Cantabria: a trav\u00e9s del <a href=\"https:\/\/rec.cantabria.es\/rec\/bienvenida.htm\"><strong>Registro Electr\u00f3nico General <\/strong><\/a>o en la <strong><a href=\"https:\/\/www.cantabria.es\/web\/atencion-a-la-ciudadania\/registros\">Oficina de Asistencia en Materia de Registro<\/a><\/strong> Auxiliar de la Consejer\u00eda.<\/p>\n<p><strong>El certificado electr\u00f3nico con el que se firma<\/strong> la documentaci\u00f3n presentada deber\u00e1 corresponder a la <strong>persona que ostente la representaci\u00f3n legal de la empresa solicitante<\/strong>.<\/p>\n<\/div>\n<h3>\u00d3rgano tramitador:<\/h3>\n<div>\n\t\t\t\tDirecci\u00f3n: \n<p><strong>DIRECCI\u00d3N GENERAL DE INDUSTRIA, ENERG\u00cdA Y MINAS (C\u00d3DIGO DIR 3 O00006459 &#8211; A06027837)<\/strong><\/p>\n<p>Avda. Albert Einstein, 2 &#8211; 39011 Santander<\/p>\n<\/div>\n<p><span>Tel\u00e9fono: 942 20 00 33<\/span><\/p>\n<div class=\"noticias-iframe\">\n<p>\t\t\t\t<a href=\"https:\/\/twitter.com\/share\" class=\"twitter-share-button\" data-url=\"https%3A%2F%2Fwww.cantabria.es%2Fdetalle%2F-%2Fjournal%2Frss%2F16401%2FRSS_ULTIMAS_AYUDAS\" data-via=\"cantabriaes\" data-text=\"Decreto 4\/2025 - CRECE 2\" data-related=\"anywhere:The Javascript API\" data-count=\"horizontal\"><br \/>\n\t\t\t\t\tTweet<br \/>\n\t\t\t\t<\/a><\/p><\/div>\n<\/div>","protected":false},"excerpt":{"rendered":"<p>Subvencion: Decreto 4\/2025 &#8211; CRECE 2 Con certificado Servicio telef\u00f3nico 012 de atenci\u00f3n al ciudadano de Cantabria Descripci\u00f3n: Decreto 4\/2025, de 6 de febrero, por el que se regula la concesi\u00f3n directa de subvenciones destinadas a fomentar la inversi\u00f3n industrial en Cantabria (ayudas \u00abCRECE 2\u00bb). Bolet\u00edn Oficial de Cantabria N\u00famero BOC: 30 Fecha BOC: 13\/02\/2025 [&hellip;]<\/p>\n","protected":false},"author":5,"featured_media":0,"comment_status":"","ping_status":"","sticky":false,"template":"","format":"standard","meta":{"site-sidebar-layout":"default","site-content-layout":"","ast-site-content-layout":"default","site-content-style":"default","site-sidebar-style":"default","ast-global-header-display":"","ast-banner-title-visibility":"","ast-main-header-display":"","ast-hfb-above-header-display":"","ast-hfb-below-header-display":"","ast-hfb-mobile-header-display":"","site-post-title":"","ast-breadcrumbs-content":"","ast-featured-img":"","footer-sml-layout":"","ast-disable-related-posts":"","theme-transparent-header-meta":"","adv-header-id-meta":"","stick-header-meta":"","header-above-stick-meta":"","header-main-stick-meta":"","header-below-stick-meta":"","astra-migrate-meta-layouts":"default","ast-page-background-enabled":"default","ast-page-background-meta":{"desktop":{"background-color":"var(--ast-global-color-4)","background-image":"","background-repeat":"repeat","background-position":"center center","background-size":"auto","background-attachment":"scroll","background-type":"","background-media":"","overlay-type":"","overlay-color":"","overlay-opacity":"","overlay-gradient":""},"tablet":{"background-color":"","background-image":"","background-repeat":"repeat","background-position":"center center","background-size":"auto","background-attachment":"scroll","background-type":"","background-media":"","overlay-type":"","overlay-color":"","overlay-opacity":"","overlay-gradient":""},"mobile":{"background-color":"","background-image":"","background-repeat":"repeat","background-position":"center center","background-size":"auto","background-attachment":"scroll","background-type":"","background-media":"","overlay-type":"","overlay-color":"","overlay-opacity":"","overlay-gradient":""}},"ast-content-background-meta":{"desktop":{"background-color":"var(--ast-global-color-5)","background-image":"","background-repeat":"repeat","background-position":"center center","background-size":"auto","background-attachment":"scroll","background-type":"","background-media":"","overlay-type":"","overlay-color":"","overlay-opacity":"","overlay-gradient":""},"tablet":{"background-color":"var(--ast-global-color-5)","background-image":"","background-repeat":"repeat","background-position":"center center","background-size":"auto","background-attachment":"scroll","background-type":"","background-media":"","overlay-type":"","overlay-color":"","overlay-opacity":"","overlay-gradient":""},"mobile":{"background-color":"var(--ast-global-color-5)","background-image":"","background-repeat":"repeat","background-position":"center center","background-size":"auto","background-attachment":"scroll","background-type":"","background-media":"","overlay-type":"","overlay-color":"","overlay-opacity":"","overlay-gradient":""}},"footnotes":""},"categories":[8],"tags":[],"class_list":["post-49844","post","type-post","status-publish","format-standard","hentry","category-ayudas-y-subvenciones"],"yoast_head":"<!-- This site is optimized with the Yoast SEO Premium plugin v20.9 (Yoast SEO v27.4) - https:\/\/yoast.com\/product\/yoast-seo-premium-wordpress\/ -->\n<title>Decreto 4\/2025 - CRECE 2 - bip4ex<\/title>\n<meta name=\"robots\" content=\"index, follow, max-snippet:-1, max-image-preview:large, max-video-preview:-1\" \/>\n<link rel=\"canonical\" href=\"https:\/\/helloproject.es\/vigilancia\/decreto-4-2025-crece-2\/\" \/>\n<meta property=\"og:locale\" content=\"es_ES\" \/>\n<meta property=\"og:type\" content=\"article\" \/>\n<meta property=\"og:title\" content=\"Decreto 4\/2025 - CRECE 2\" \/>\n<meta property=\"og:description\" content=\"Subvencion: Decreto 4\/2025 &#8211; CRECE 2 Con certificado Servicio telef\u00f3nico 012 de atenci\u00f3n al ciudadano de Cantabria Descripci\u00f3n: Decreto 4\/2025, de 6 de febrero, por el que se regula la concesi\u00f3n directa de subvenciones destinadas a fomentar la inversi\u00f3n industrial en Cantabria (ayudas \u00abCRECE 2\u00bb). Bolet\u00edn Oficial de Cantabria N\u00famero BOC: 30 Fecha BOC: 13\/02\/2025 [&hellip;]\" \/>\n<meta property=\"og:url\" content=\"https:\/\/helloproject.es\/vigilancia\/decreto-4-2025-crece-2\/\" \/>\n<meta property=\"og:site_name\" content=\"bip4ex\" \/>\n<meta property=\"article:published_time\" content=\"2025-02-13T08:29:46+00:00\" \/>\n<meta property=\"og:image\" content=\"https:\/\/www.cantabria.es\/documents\/26427\/21881598\/DNIe.jpg\/01f4c245-cfe3-9563-9845-0e0f97e7f720?t=1648806919369\" \/>\n<meta name=\"author\" content=\"Luis Miguel Mej\u00edas Ramos\" \/>\n<meta name=\"twitter:card\" content=\"summary_large_image\" \/>\n<meta name=\"twitter:label1\" content=\"Escrito por\" \/>\n\t<meta name=\"twitter:data1\" content=\"Luis Miguel Mej\u00edas Ramos\" \/>\n\t<meta name=\"twitter:label2\" content=\"Tiempo de lectura\" \/>\n\t<meta name=\"twitter:data2\" content=\"9 minutos\" \/>\n<script type=\"application\/ld+json\" class=\"yoast-schema-graph\">{\"@context\":\"https:\\\/\\\/schema.org\",\"@graph\":[{\"@type\":\"Article\",\"@id\":\"https:\\\/\\\/helloproject.es\\\/vigilancia\\\/decreto-4-2025-crece-2\\\/#article\",\"isPartOf\":{\"@id\":\"https:\\\/\\\/helloproject.es\\\/vigilancia\\\/decreto-4-2025-crece-2\\\/\"},\"author\":{\"name\":\"Luis Miguel Mej\u00edas Ramos\",\"@id\":\"https:\\\/\\\/helloproject.es\\\/vigilancia\\\/#\\\/schema\\\/person\\\/3767b0619d59a11570372c821f8619ca\"},\"headline\":\"Decreto 4\\\/2025 &#8211; CRECE 2\",\"datePublished\":\"2025-02-13T08:29:46+00:00\",\"mainEntityOfPage\":{\"@id\":\"https:\\\/\\\/helloproject.es\\\/vigilancia\\\/decreto-4-2025-crece-2\\\/\"},\"wordCount\":1722,\"publisher\":{\"@id\":\"https:\\\/\\\/helloproject.es\\\/vigilancia\\\/#organization\"},\"image\":{\"@id\":\"https:\\\/\\\/helloproject.es\\\/vigilancia\\\/decreto-4-2025-crece-2\\\/#primaryimage\"},\"thumbnailUrl\":\"https:\\\/\\\/www.cantabria.es\\\/documents\\\/26427\\\/21881598\\\/DNIe.jpg\\\/01f4c245-cfe3-9563-9845-0e0f97e7f720?t=1648806919369\",\"articleSection\":[\"Ayudas y Subvenciones\"],\"inLanguage\":\"es\"},{\"@type\":\"WebPage\",\"@id\":\"https:\\\/\\\/helloproject.es\\\/vigilancia\\\/decreto-4-2025-crece-2\\\/\",\"url\":\"https:\\\/\\\/helloproject.es\\\/vigilancia\\\/decreto-4-2025-crece-2\\\/\",\"name\":\"Decreto 4\\\/2025 - CRECE 2 - bip4ex\",\"isPartOf\":{\"@id\":\"https:\\\/\\\/helloproject.es\\\/vigilancia\\\/#website\"},\"primaryImageOfPage\":{\"@id\":\"https:\\\/\\\/helloproject.es\\\/vigilancia\\\/decreto-4-2025-crece-2\\\/#primaryimage\"},\"image\":{\"@id\":\"https:\\\/\\\/helloproject.es\\\/vigilancia\\\/decreto-4-2025-crece-2\\\/#primaryimage\"},\"thumbnailUrl\":\"https:\\\/\\\/www.cantabria.es\\\/documents\\\/26427\\\/21881598\\\/DNIe.jpg\\\/01f4c245-cfe3-9563-9845-0e0f97e7f720?t=1648806919369\",\"datePublished\":\"2025-02-13T08:29:46+00:00\",\"breadcrumb\":{\"@id\":\"https:\\\/\\\/helloproject.es\\\/vigilancia\\\/decreto-4-2025-crece-2\\\/#breadcrumb\"},\"inLanguage\":\"es\",\"potentialAction\":[{\"@type\":\"ReadAction\",\"target\":[\"https:\\\/\\\/helloproject.es\\\/vigilancia\\\/decreto-4-2025-crece-2\\\/\"]}]},{\"@type\":\"ImageObject\",\"inLanguage\":\"es\",\"@id\":\"https:\\\/\\\/helloproject.es\\\/vigilancia\\\/decreto-4-2025-crece-2\\\/#primaryimage\",\"url\":\"https:\\\/\\\/www.cantabria.es\\\/documents\\\/26427\\\/21881598\\\/DNIe.jpg\\\/01f4c245-cfe3-9563-9845-0e0f97e7f720?t=1648806919369\",\"contentUrl\":\"https:\\\/\\\/www.cantabria.es\\\/documents\\\/26427\\\/21881598\\\/DNIe.jpg\\\/01f4c245-cfe3-9563-9845-0e0f97e7f720?t=1648806919369\"},{\"@type\":\"BreadcrumbList\",\"@id\":\"https:\\\/\\\/helloproject.es\\\/vigilancia\\\/decreto-4-2025-crece-2\\\/#breadcrumb\",\"itemListElement\":[{\"@type\":\"ListItem\",\"position\":1,\"name\":\"Home\",\"item\":\"https:\\\/\\\/helloproject.es\\\/vigilancia\\\/\"},{\"@type\":\"ListItem\",\"position\":2,\"name\":\"Decreto 4\\\/2025 &#8211; CRECE 2\"}]},{\"@type\":\"WebSite\",\"@id\":\"https:\\\/\\\/helloproject.es\\\/vigilancia\\\/#website\",\"url\":\"https:\\\/\\\/helloproject.es\\\/vigilancia\\\/\",\"name\":\"bip4ex\",\"description\":\"Vigilancia Tecnol\u00f3gica\",\"publisher\":{\"@id\":\"https:\\\/\\\/helloproject.es\\\/vigilancia\\\/#organization\"},\"potentialAction\":[{\"@type\":\"SearchAction\",\"target\":{\"@type\":\"EntryPoint\",\"urlTemplate\":\"https:\\\/\\\/helloproject.es\\\/vigilancia\\\/?s={search_term_string}\"},\"query-input\":{\"@type\":\"PropertyValueSpecification\",\"valueRequired\":true,\"valueName\":\"search_term_string\"}}],\"inLanguage\":\"es\"},{\"@type\":\"Organization\",\"@id\":\"https:\\\/\\\/helloproject.es\\\/vigilancia\\\/#organization\",\"name\":\"Helloproject.es\",\"url\":\"https:\\\/\\\/helloproject.es\\\/vigilancia\\\/\",\"logo\":{\"@type\":\"ImageObject\",\"inLanguage\":\"es\",\"@id\":\"https:\\\/\\\/helloproject.es\\\/vigilancia\\\/#\\\/schema\\\/logo\\\/image\\\/\",\"url\":\"https:\\\/\\\/helloproject.es\\\/vigilancia\\\/wp-content\\\/uploads\\\/2023\\\/07\\\/bip4ex.png\",\"contentUrl\":\"https:\\\/\\\/helloproject.es\\\/vigilancia\\\/wp-content\\\/uploads\\\/2023\\\/07\\\/bip4ex.png\",\"width\":322,\"height\":365,\"caption\":\"Helloproject.es\"},\"image\":{\"@id\":\"https:\\\/\\\/helloproject.es\\\/vigilancia\\\/#\\\/schema\\\/logo\\\/image\\\/\"}},{\"@type\":\"Person\",\"@id\":\"https:\\\/\\\/helloproject.es\\\/vigilancia\\\/#\\\/schema\\\/person\\\/3767b0619d59a11570372c821f8619ca\",\"name\":\"Luis Miguel Mej\u00edas Ramos\",\"url\":\"https:\\\/\\\/helloproject.es\\\/vigilancia\\\/author\\\/luismi\\\/\"}]}<\/script>\n<!-- \/ Yoast SEO Premium plugin. -->","yoast_head_json":{"title":"Decreto 4\/2025 - CRECE 2 - bip4ex","robots":{"index":"index","follow":"follow","max-snippet":"max-snippet:-1","max-image-preview":"max-image-preview:large","max-video-preview":"max-video-preview:-1"},"canonical":"https:\/\/helloproject.es\/vigilancia\/decreto-4-2025-crece-2\/","og_locale":"es_ES","og_type":"article","og_title":"Decreto 4\/2025 - CRECE 2","og_description":"Subvencion: Decreto 4\/2025 &#8211; CRECE 2 Con certificado Servicio telef\u00f3nico 012 de atenci\u00f3n al ciudadano de Cantabria Descripci\u00f3n: Decreto 4\/2025, de 6 de febrero, por el que se regula la concesi\u00f3n directa de subvenciones destinadas a fomentar la inversi\u00f3n industrial en Cantabria (ayudas \u00abCRECE 2\u00bb). Bolet\u00edn Oficial de Cantabria N\u00famero BOC: 30 Fecha BOC: 13\/02\/2025 [&hellip;]","og_url":"https:\/\/helloproject.es\/vigilancia\/decreto-4-2025-crece-2\/","og_site_name":"bip4ex","article_published_time":"2025-02-13T08:29:46+00:00","og_image":[{"url":"https:\/\/www.cantabria.es\/documents\/26427\/21881598\/DNIe.jpg\/01f4c245-cfe3-9563-9845-0e0f97e7f720?t=1648806919369","type":"","width":"","height":""}],"author":"Luis Miguel Mej\u00edas Ramos","twitter_card":"summary_large_image","twitter_misc":{"Escrito por":"Luis Miguel Mej\u00edas Ramos","Tiempo de lectura":"9 minutos"},"schema":{"@context":"https:\/\/schema.org","@graph":[{"@type":"Article","@id":"https:\/\/helloproject.es\/vigilancia\/decreto-4-2025-crece-2\/#article","isPartOf":{"@id":"https:\/\/helloproject.es\/vigilancia\/decreto-4-2025-crece-2\/"},"author":{"name":"Luis Miguel Mej\u00edas Ramos","@id":"https:\/\/helloproject.es\/vigilancia\/#\/schema\/person\/3767b0619d59a11570372c821f8619ca"},"headline":"Decreto 4\/2025 &#8211; CRECE 2","datePublished":"2025-02-13T08:29:46+00:00","mainEntityOfPage":{"@id":"https:\/\/helloproject.es\/vigilancia\/decreto-4-2025-crece-2\/"},"wordCount":1722,"publisher":{"@id":"https:\/\/helloproject.es\/vigilancia\/#organization"},"image":{"@id":"https:\/\/helloproject.es\/vigilancia\/decreto-4-2025-crece-2\/#primaryimage"},"thumbnailUrl":"https:\/\/www.cantabria.es\/documents\/26427\/21881598\/DNIe.jpg\/01f4c245-cfe3-9563-9845-0e0f97e7f720?t=1648806919369","articleSection":["Ayudas y Subvenciones"],"inLanguage":"es"},{"@type":"WebPage","@id":"https:\/\/helloproject.es\/vigilancia\/decreto-4-2025-crece-2\/","url":"https:\/\/helloproject.es\/vigilancia\/decreto-4-2025-crece-2\/","name":"Decreto 4\/2025 - CRECE 2 - bip4ex","isPartOf":{"@id":"https:\/\/helloproject.es\/vigilancia\/#website"},"primaryImageOfPage":{"@id":"https:\/\/helloproject.es\/vigilancia\/decreto-4-2025-crece-2\/#primaryimage"},"image":{"@id":"https:\/\/helloproject.es\/vigilancia\/decreto-4-2025-crece-2\/#primaryimage"},"thumbnailUrl":"https:\/\/www.cantabria.es\/documents\/26427\/21881598\/DNIe.jpg\/01f4c245-cfe3-9563-9845-0e0f97e7f720?t=1648806919369","datePublished":"2025-02-13T08:29:46+00:00","breadcrumb":{"@id":"https:\/\/helloproject.es\/vigilancia\/decreto-4-2025-crece-2\/#breadcrumb"},"inLanguage":"es","potentialAction":[{"@type":"ReadAction","target":["https:\/\/helloproject.es\/vigilancia\/decreto-4-2025-crece-2\/"]}]},{"@type":"ImageObject","inLanguage":"es","@id":"https:\/\/helloproject.es\/vigilancia\/decreto-4-2025-crece-2\/#primaryimage","url":"https:\/\/www.cantabria.es\/documents\/26427\/21881598\/DNIe.jpg\/01f4c245-cfe3-9563-9845-0e0f97e7f720?t=1648806919369","contentUrl":"https:\/\/www.cantabria.es\/documents\/26427\/21881598\/DNIe.jpg\/01f4c245-cfe3-9563-9845-0e0f97e7f720?t=1648806919369"},{"@type":"BreadcrumbList","@id":"https:\/\/helloproject.es\/vigilancia\/decreto-4-2025-crece-2\/#breadcrumb","itemListElement":[{"@type":"ListItem","position":1,"name":"Home","item":"https:\/\/helloproject.es\/vigilancia\/"},{"@type":"ListItem","position":2,"name":"Decreto 4\/2025 &#8211; CRECE 2"}]},{"@type":"WebSite","@id":"https:\/\/helloproject.es\/vigilancia\/#website","url":"https:\/\/helloproject.es\/vigilancia\/","name":"bip4ex","description":"Vigilancia Tecnol\u00f3gica","publisher":{"@id":"https:\/\/helloproject.es\/vigilancia\/#organization"},"potentialAction":[{"@type":"SearchAction","target":{"@type":"EntryPoint","urlTemplate":"https:\/\/helloproject.es\/vigilancia\/?s={search_term_string}"},"query-input":{"@type":"PropertyValueSpecification","valueRequired":true,"valueName":"search_term_string"}}],"inLanguage":"es"},{"@type":"Organization","@id":"https:\/\/helloproject.es\/vigilancia\/#organization","name":"Helloproject.es","url":"https:\/\/helloproject.es\/vigilancia\/","logo":{"@type":"ImageObject","inLanguage":"es","@id":"https:\/\/helloproject.es\/vigilancia\/#\/schema\/logo\/image\/","url":"https:\/\/helloproject.es\/vigilancia\/wp-content\/uploads\/2023\/07\/bip4ex.png","contentUrl":"https:\/\/helloproject.es\/vigilancia\/wp-content\/uploads\/2023\/07\/bip4ex.png","width":322,"height":365,"caption":"Helloproject.es"},"image":{"@id":"https:\/\/helloproject.es\/vigilancia\/#\/schema\/logo\/image\/"}},{"@type":"Person","@id":"https:\/\/helloproject.es\/vigilancia\/#\/schema\/person\/3767b0619d59a11570372c821f8619ca","name":"Luis Miguel Mej\u00edas Ramos","url":"https:\/\/helloproject.es\/vigilancia\/author\/luismi\/"}]}},"_links":{"self":[{"href":"https:\/\/helloproject.es\/vigilancia\/wp-json\/wp\/v2\/posts\/49844","targetHints":{"allow":["GET"]}}],"collection":[{"href":"https:\/\/helloproject.es\/vigilancia\/wp-json\/wp\/v2\/posts"}],"about":[{"href":"https:\/\/helloproject.es\/vigilancia\/wp-json\/wp\/v2\/types\/post"}],"author":[{"embeddable":true,"href":"https:\/\/helloproject.es\/vigilancia\/wp-json\/wp\/v2\/users\/5"}],"replies":[{"embeddable":true,"href":"https:\/\/helloproject.es\/vigilancia\/wp-json\/wp\/v2\/comments?post=49844"}],"version-history":[{"count":0,"href":"https:\/\/helloproject.es\/vigilancia\/wp-json\/wp\/v2\/posts\/49844\/revisions"}],"wp:attachment":[{"href":"https:\/\/helloproject.es\/vigilancia\/wp-json\/wp\/v2\/media?parent=49844"}],"wp:term":[{"taxonomy":"category","embeddable":true,"href":"https:\/\/helloproject.es\/vigilancia\/wp-json\/wp\/v2\/categories?post=49844"},{"taxonomy":"post_tag","embeddable":true,"href":"https:\/\/helloproject.es\/vigilancia\/wp-json\/wp\/v2\/tags?post=49844"}],"curies":[{"name":"wp","href":"https:\/\/api.w.org\/{rel}","templated":true}]}}