{"id":5354,"date":"2024-12-04T16:17:10","date_gmt":"2024-12-04T15:17:10","guid":{"rendered":"https:\/\/helloproject.es\/vigilancia\/los-campings-de-la-rioja-ven-el-nuevo-registro-de-viajeros-como-un-afan-de-control-del-turista\/"},"modified":"2024-12-04T16:17:10","modified_gmt":"2024-12-04T15:17:10","slug":"los-campings-de-la-rioja-ven-el-nuevo-registro-de-viajeros-como-un-afan-de-control-del-turista","status":"publish","type":"post","link":"https:\/\/helloproject.es\/vigilancia\/los-campings-de-la-rioja-ven-el-nuevo-registro-de-viajeros-como-un-afan-de-control-del-turista\/","title":{"rendered":"Los Campings de La Rioja ven el nuevo registro de viajeros como un af\u00e1n de control del turista"},"content":{"rendered":"<p><span><span><b><span><span>Logro\u00f1o, 4 de diciembre de 2024.- <\/span><\/span><\/b><span><span>La Asociaci\u00f3n de Empresarios de Camping de La Rioja, integrada en la FER valora la aplicaci\u00f3n del registro de viajeros \u00a0como \u201cun af\u00e1n de control al turista\u201d, que provocar\u00e1 una visi\u00f3n negativa y una p\u00e9sima imagen del sector.<\/span><\/span><\/span><\/span><\/p>\n<p>\u00a0<\/p>\n<p><span><span><span><span>El sector considera que \u201csolicitar a una persona cuando vaya a alojarse ciertos datos puede hacer que se sienta agredida en su intimidad, adem\u00e1s de la espera en el registro de entrada en muchos casos (momentos de gran afluencia de turismo en nuestra comunidad, grupos grandes de personas), lo que complica sobremanera la gesti\u00f3n\u201d<\/span><\/span><\/span><\/span><\/p>\n<p>\u00a0<\/p>\n<p><span><span><span><span>La Asociaci\u00f3n de Camping\u00a0 de La Rioja cree que estas nuevas obligaciones \u201cnos dejan en desventaja respecto a otros pa\u00edses en los que no se solicitan datos tan personales\u201d. <\/span><\/span><\/span><\/span><\/p>\n<p>\u00a0<\/p>\n<p><span><span><span><span>Por otro lado, implementar \u201cuna plataforma que no funciona correctamente deja en una situaci\u00f3n de inseguridad a los sectores tur\u00edsticos que tienen que aplicar este registro, ya que la recogida de datos es responsabilidad delpropio establecimiento, as\u00ed como el cumplimiento de la Ley de Protecci\u00f3n de Datos.<\/span><\/span><\/span><\/span><\/p>\n<p>\u00a0<\/p>\n<p><span><span><span><span>Desde la organizaci\u00f3n nacional (Federaci\u00f3n Espa\u00f1ola de Campings, FEEC) tambi\u00e9n se est\u00e1 instando al Ministerio del Interior que se revise este Real Decreto y se haga en consenso con los sectores a los que aplica.<\/span><\/span><\/span><\/span><\/p>","protected":false},"excerpt":{"rendered":"<p>Logro\u00f1o, 4 de diciembre de 2024.- La Asociaci\u00f3n de Empresarios de Camping de La Rioja, integrada en la FER valora la aplicaci\u00f3n del registro de viajeros \u00a0como \u201cun af\u00e1n de control al turista\u201d, que provocar\u00e1 una visi\u00f3n negativa y una p\u00e9sima imagen del sector. \u00a0 El sector considera que \u201csolicitar a una persona cuando vaya [&hellip;]<\/p>\n","protected":false},"author":0,"featured_media":0,"comment_status":"","ping_status":"","sticky":false,"template":"","format":"standard","meta":{"site-sidebar-layout":"default","site-content-layout":"","ast-site-content-layout":"default","site-content-style":"default","site-sidebar-style":"default","ast-global-header-display":"","ast-banner-title-visibility":"","ast-main-header-display":"","ast-hfb-above-header-display":"","ast-hfb-below-header-display":"","ast-hfb-mobile-header-display":"","site-post-title":"","ast-breadcrumbs-content":"","ast-featured-img":"","footer-sml-layout":"","ast-disable-related-posts":"","theme-transparent-header-meta":"","adv-header-id-meta":"","stick-header-meta":"","header-above-stick-meta":"","header-main-stick-meta":"","header-below-stick-meta":"","astra-migrate-meta-layouts":"default","ast-page-background-enabled":"default","ast-page-background-meta":{"desktop":{"background-color":"var(--ast-global-color-4)","background-image":"","background-repeat":"repeat","background-position":"center center","background-size":"auto","background-attachment":"scroll","background-type":"","background-media":"","overlay-type":"","overlay-color":"","overlay-opacity":"","overlay-gradient":""},"tablet":{"background-color":"","background-image":"","background-repeat":"repeat","background-position":"center center","background-size":"auto","background-attachment":"scroll","background-type":"","background-media":"","overlay-type":"","overlay-color":"","overlay-opacity":"","overlay-gradient":""},"mobile":{"background-color":"","background-image":"","background-repeat":"repeat","background-position":"center center","background-size":"auto","background-attachment":"scroll","background-type":"","background-media":"","overlay-type":"","overlay-color":"","overlay-opacity":"","overlay-gradient":""}},"ast-content-background-meta":{"desktop":{"background-color":"var(--ast-global-color-5)","background-image":"","background-repeat":"repeat","background-position":"center center","background-size":"auto","background-attachment":"scroll","background-type":"","background-media":"","overlay-type":"","overlay-color":"","overlay-opacity":"","overlay-gradient":""},"tablet":{"background-color":"var(--ast-global-color-5)","background-image":"","background-repeat":"repeat","background-position":"center center","background-size":"auto","background-attachment":"scroll","background-type":"","background-media":"","overlay-type":"","overlay-color":"","overlay-opacity":"","overlay-gradient":""},"mobile":{"background-color":"var(--ast-global-color-5)","background-image":"","background-repeat":"repeat","background-position":"center center","background-size":"auto","background-attachment":"scroll","background-type":"","background-media":"","overlay-type":"","overlay-color":"","overlay-opacity":"","overlay-gradient":""}},"footnotes":""},"categories":[5],"tags":[],"class_list":["post-5354","post","type-post","status-publish","format-standard","hentry","category-noticias"],"yoast_head":"<!-- This site is optimized with the Yoast SEO Premium plugin v20.9 (Yoast SEO v27.4) - https:\/\/yoast.com\/product\/yoast-seo-premium-wordpress\/ -->\n<title>Los Campings de La Rioja ven el nuevo registro de viajeros como un af\u00e1n de control del turista - bip4ex<\/title>\n<meta name=\"robots\" content=\"index, follow, max-snippet:-1, max-image-preview:large, max-video-preview:-1\" \/>\n<link rel=\"canonical\" href=\"https:\/\/helloproject.es\/vigilancia\/los-campings-de-la-rioja-ven-el-nuevo-registro-de-viajeros-como-un-afan-de-control-del-turista\/\" \/>\n<meta property=\"og:locale\" content=\"es_ES\" \/>\n<meta property=\"og:type\" content=\"article\" \/>\n<meta property=\"og:title\" content=\"Los Campings de La Rioja ven el nuevo registro de viajeros como un af\u00e1n de control del turista\" \/>\n<meta property=\"og:description\" content=\"Logro\u00f1o, 4 de diciembre de 2024.- La Asociaci\u00f3n de Empresarios de Camping de La Rioja, integrada en la FER valora la aplicaci\u00f3n del registro de viajeros \u00a0como \u201cun af\u00e1n de control al turista\u201d, que provocar\u00e1 una visi\u00f3n negativa y una p\u00e9sima imagen del sector. \u00a0 El sector considera que \u201csolicitar a una persona cuando vaya [&hellip;]\" \/>\n<meta property=\"og:url\" content=\"https:\/\/helloproject.es\/vigilancia\/los-campings-de-la-rioja-ven-el-nuevo-registro-de-viajeros-como-un-afan-de-control-del-turista\/\" \/>\n<meta property=\"og:site_name\" content=\"bip4ex\" \/>\n<meta property=\"article:published_time\" content=\"2024-12-04T15:17:10+00:00\" \/>\n<meta name=\"twitter:card\" content=\"summary_large_image\" \/>\n<meta name=\"twitter:label1\" content=\"Tiempo de lectura\" \/>\n\t<meta name=\"twitter:data1\" content=\"1 minuto\" \/>\n<script type=\"application\/ld+json\" class=\"yoast-schema-graph\">{\"@context\":\"https:\\\/\\\/schema.org\",\"@graph\":[{\"@type\":\"Article\",\"@id\":\"https:\\\/\\\/helloproject.es\\\/vigilancia\\\/los-campings-de-la-rioja-ven-el-nuevo-registro-de-viajeros-como-un-afan-de-control-del-turista\\\/#article\",\"isPartOf\":{\"@id\":\"https:\\\/\\\/helloproject.es\\\/vigilancia\\\/los-campings-de-la-rioja-ven-el-nuevo-registro-de-viajeros-como-un-afan-de-control-del-turista\\\/\"},\"author\":{\"name\":\"\",\"@id\":\"\"},\"headline\":\"Los Campings de La Rioja ven el nuevo registro de viajeros como un af\u00e1n de control del turista\",\"datePublished\":\"2024-12-04T15:17:10+00:00\",\"mainEntityOfPage\":{\"@id\":\"https:\\\/\\\/helloproject.es\\\/vigilancia\\\/los-campings-de-la-rioja-ven-el-nuevo-registro-de-viajeros-como-un-afan-de-control-del-turista\\\/\"},\"wordCount\":244,\"publisher\":{\"@id\":\"https:\\\/\\\/helloproject.es\\\/vigilancia\\\/#organization\"},\"articleSection\":[\"Noticias\"],\"inLanguage\":\"es\"},{\"@type\":\"WebPage\",\"@id\":\"https:\\\/\\\/helloproject.es\\\/vigilancia\\\/los-campings-de-la-rioja-ven-el-nuevo-registro-de-viajeros-como-un-afan-de-control-del-turista\\\/\",\"url\":\"https:\\\/\\\/helloproject.es\\\/vigilancia\\\/los-campings-de-la-rioja-ven-el-nuevo-registro-de-viajeros-como-un-afan-de-control-del-turista\\\/\",\"name\":\"Los Campings de La Rioja ven el nuevo registro de viajeros como un af\u00e1n de control del turista - bip4ex\",\"isPartOf\":{\"@id\":\"https:\\\/\\\/helloproject.es\\\/vigilancia\\\/#website\"},\"datePublished\":\"2024-12-04T15:17:10+00:00\",\"breadcrumb\":{\"@id\":\"https:\\\/\\\/helloproject.es\\\/vigilancia\\\/los-campings-de-la-rioja-ven-el-nuevo-registro-de-viajeros-como-un-afan-de-control-del-turista\\\/#breadcrumb\"},\"inLanguage\":\"es\",\"potentialAction\":[{\"@type\":\"ReadAction\",\"target\":[\"https:\\\/\\\/helloproject.es\\\/vigilancia\\\/los-campings-de-la-rioja-ven-el-nuevo-registro-de-viajeros-como-un-afan-de-control-del-turista\\\/\"]}]},{\"@type\":\"BreadcrumbList\",\"@id\":\"https:\\\/\\\/helloproject.es\\\/vigilancia\\\/los-campings-de-la-rioja-ven-el-nuevo-registro-de-viajeros-como-un-afan-de-control-del-turista\\\/#breadcrumb\",\"itemListElement\":[{\"@type\":\"ListItem\",\"position\":1,\"name\":\"Home\",\"item\":\"https:\\\/\\\/helloproject.es\\\/vigilancia\\\/\"},{\"@type\":\"ListItem\",\"position\":2,\"name\":\"Los Campings de La Rioja ven el nuevo registro de viajeros como un af\u00e1n de control del turista\"}]},{\"@type\":\"WebSite\",\"@id\":\"https:\\\/\\\/helloproject.es\\\/vigilancia\\\/#website\",\"url\":\"https:\\\/\\\/helloproject.es\\\/vigilancia\\\/\",\"name\":\"bip4ex\",\"description\":\"Vigilancia Tecnol\u00f3gica\",\"publisher\":{\"@id\":\"https:\\\/\\\/helloproject.es\\\/vigilancia\\\/#organization\"},\"potentialAction\":[{\"@type\":\"SearchAction\",\"target\":{\"@type\":\"EntryPoint\",\"urlTemplate\":\"https:\\\/\\\/helloproject.es\\\/vigilancia\\\/?s={search_term_string}\"},\"query-input\":{\"@type\":\"PropertyValueSpecification\",\"valueRequired\":true,\"valueName\":\"search_term_string\"}}],\"inLanguage\":\"es\"},{\"@type\":\"Organization\",\"@id\":\"https:\\\/\\\/helloproject.es\\\/vigilancia\\\/#organization\",\"name\":\"Helloproject.es\",\"url\":\"https:\\\/\\\/helloproject.es\\\/vigilancia\\\/\",\"logo\":{\"@type\":\"ImageObject\",\"inLanguage\":\"es\",\"@id\":\"https:\\\/\\\/helloproject.es\\\/vigilancia\\\/#\\\/schema\\\/logo\\\/image\\\/\",\"url\":\"https:\\\/\\\/helloproject.es\\\/vigilancia\\\/wp-content\\\/uploads\\\/2023\\\/07\\\/bip4ex.png\",\"contentUrl\":\"https:\\\/\\\/helloproject.es\\\/vigilancia\\\/wp-content\\\/uploads\\\/2023\\\/07\\\/bip4ex.png\",\"width\":322,\"height\":365,\"caption\":\"Helloproject.es\"},\"image\":{\"@id\":\"https:\\\/\\\/helloproject.es\\\/vigilancia\\\/#\\\/schema\\\/logo\\\/image\\\/\"}}]}<\/script>\n<!-- \/ Yoast SEO Premium plugin. -->","yoast_head_json":{"title":"Los Campings de La Rioja ven el nuevo registro de viajeros como un af\u00e1n de control del turista - bip4ex","robots":{"index":"index","follow":"follow","max-snippet":"max-snippet:-1","max-image-preview":"max-image-preview:large","max-video-preview":"max-video-preview:-1"},"canonical":"https:\/\/helloproject.es\/vigilancia\/los-campings-de-la-rioja-ven-el-nuevo-registro-de-viajeros-como-un-afan-de-control-del-turista\/","og_locale":"es_ES","og_type":"article","og_title":"Los Campings de La Rioja ven el nuevo registro de viajeros como un af\u00e1n de control del turista","og_description":"Logro\u00f1o, 4 de diciembre de 2024.- La Asociaci\u00f3n de Empresarios de Camping de La Rioja, integrada en la FER valora la aplicaci\u00f3n del registro de viajeros \u00a0como \u201cun af\u00e1n de control al turista\u201d, que provocar\u00e1 una visi\u00f3n negativa y una p\u00e9sima imagen del sector. \u00a0 El sector considera que \u201csolicitar a una persona cuando vaya [&hellip;]","og_url":"https:\/\/helloproject.es\/vigilancia\/los-campings-de-la-rioja-ven-el-nuevo-registro-de-viajeros-como-un-afan-de-control-del-turista\/","og_site_name":"bip4ex","article_published_time":"2024-12-04T15:17:10+00:00","twitter_card":"summary_large_image","twitter_misc":{"Tiempo de lectura":"1 minuto"},"schema":{"@context":"https:\/\/schema.org","@graph":[{"@type":"Article","@id":"https:\/\/helloproject.es\/vigilancia\/los-campings-de-la-rioja-ven-el-nuevo-registro-de-viajeros-como-un-afan-de-control-del-turista\/#article","isPartOf":{"@id":"https:\/\/helloproject.es\/vigilancia\/los-campings-de-la-rioja-ven-el-nuevo-registro-de-viajeros-como-un-afan-de-control-del-turista\/"},"author":{"name":"","@id":""},"headline":"Los Campings de La Rioja ven el nuevo registro de viajeros como un af\u00e1n de control del turista","datePublished":"2024-12-04T15:17:10+00:00","mainEntityOfPage":{"@id":"https:\/\/helloproject.es\/vigilancia\/los-campings-de-la-rioja-ven-el-nuevo-registro-de-viajeros-como-un-afan-de-control-del-turista\/"},"wordCount":244,"publisher":{"@id":"https:\/\/helloproject.es\/vigilancia\/#organization"},"articleSection":["Noticias"],"inLanguage":"es"},{"@type":"WebPage","@id":"https:\/\/helloproject.es\/vigilancia\/los-campings-de-la-rioja-ven-el-nuevo-registro-de-viajeros-como-un-afan-de-control-del-turista\/","url":"https:\/\/helloproject.es\/vigilancia\/los-campings-de-la-rioja-ven-el-nuevo-registro-de-viajeros-como-un-afan-de-control-del-turista\/","name":"Los Campings de La Rioja ven el nuevo registro de viajeros como un af\u00e1n de control del turista - bip4ex","isPartOf":{"@id":"https:\/\/helloproject.es\/vigilancia\/#website"},"datePublished":"2024-12-04T15:17:10+00:00","breadcrumb":{"@id":"https:\/\/helloproject.es\/vigilancia\/los-campings-de-la-rioja-ven-el-nuevo-registro-de-viajeros-como-un-afan-de-control-del-turista\/#breadcrumb"},"inLanguage":"es","potentialAction":[{"@type":"ReadAction","target":["https:\/\/helloproject.es\/vigilancia\/los-campings-de-la-rioja-ven-el-nuevo-registro-de-viajeros-como-un-afan-de-control-del-turista\/"]}]},{"@type":"BreadcrumbList","@id":"https:\/\/helloproject.es\/vigilancia\/los-campings-de-la-rioja-ven-el-nuevo-registro-de-viajeros-como-un-afan-de-control-del-turista\/#breadcrumb","itemListElement":[{"@type":"ListItem","position":1,"name":"Home","item":"https:\/\/helloproject.es\/vigilancia\/"},{"@type":"ListItem","position":2,"name":"Los Campings de La Rioja ven el nuevo registro de viajeros como un af\u00e1n de control del turista"}]},{"@type":"WebSite","@id":"https:\/\/helloproject.es\/vigilancia\/#website","url":"https:\/\/helloproject.es\/vigilancia\/","name":"bip4ex","description":"Vigilancia Tecnol\u00f3gica","publisher":{"@id":"https:\/\/helloproject.es\/vigilancia\/#organization"},"potentialAction":[{"@type":"SearchAction","target":{"@type":"EntryPoint","urlTemplate":"https:\/\/helloproject.es\/vigilancia\/?s={search_term_string}"},"query-input":{"@type":"PropertyValueSpecification","valueRequired":true,"valueName":"search_term_string"}}],"inLanguage":"es"},{"@type":"Organization","@id":"https:\/\/helloproject.es\/vigilancia\/#organization","name":"Helloproject.es","url":"https:\/\/helloproject.es\/vigilancia\/","logo":{"@type":"ImageObject","inLanguage":"es","@id":"https:\/\/helloproject.es\/vigilancia\/#\/schema\/logo\/image\/","url":"https:\/\/helloproject.es\/vigilancia\/wp-content\/uploads\/2023\/07\/bip4ex.png","contentUrl":"https:\/\/helloproject.es\/vigilancia\/wp-content\/uploads\/2023\/07\/bip4ex.png","width":322,"height":365,"caption":"Helloproject.es"},"image":{"@id":"https:\/\/helloproject.es\/vigilancia\/#\/schema\/logo\/image\/"}}]}},"_links":{"self":[{"href":"https:\/\/helloproject.es\/vigilancia\/wp-json\/wp\/v2\/posts\/5354","targetHints":{"allow":["GET"]}}],"collection":[{"href":"https:\/\/helloproject.es\/vigilancia\/wp-json\/wp\/v2\/posts"}],"about":[{"href":"https:\/\/helloproject.es\/vigilancia\/wp-json\/wp\/v2\/types\/post"}],"replies":[{"embeddable":true,"href":"https:\/\/helloproject.es\/vigilancia\/wp-json\/wp\/v2\/comments?post=5354"}],"version-history":[{"count":0,"href":"https:\/\/helloproject.es\/vigilancia\/wp-json\/wp\/v2\/posts\/5354\/revisions"}],"wp:attachment":[{"href":"https:\/\/helloproject.es\/vigilancia\/wp-json\/wp\/v2\/media?parent=5354"}],"wp:term":[{"taxonomy":"category","embeddable":true,"href":"https:\/\/helloproject.es\/vigilancia\/wp-json\/wp\/v2\/categories?post=5354"},{"taxonomy":"post_tag","embeddable":true,"href":"https:\/\/helloproject.es\/vigilancia\/wp-json\/wp\/v2\/tags?post=5354"}],"curies":[{"name":"wp","href":"https:\/\/api.w.org\/{rel}","templated":true}]}}