{"id":5355,"date":"2024-12-04T17:17:04","date_gmt":"2024-12-04T16:17:04","guid":{"rendered":"https:\/\/helloproject.es\/vigilancia\/arfeppan-visita-la-panaderia-manrique-de-burgo-de-osma-ejemplo-del-impulso-de-la-economia-rural-en-un-territorio\/"},"modified":"2024-12-04T17:17:04","modified_gmt":"2024-12-04T16:17:04","slug":"arfeppan-visita-la-panaderia-manrique-de-burgo-de-osma-ejemplo-del-impulso-de-la-economia-rural-en-un-territorio","status":"publish","type":"post","link":"https:\/\/helloproject.es\/vigilancia\/arfeppan-visita-la-panaderia-manrique-de-burgo-de-osma-ejemplo-del-impulso-de-la-economia-rural-en-un-territorio\/","title":{"rendered":"ARFEPPAN visita la panader\u00eda Manrique de Burgo de Osma, ejemplo del impulso de la econom\u00eda rural en un territorio"},"content":{"rendered":"<p align=\"center\"><span><span><span><b><span><span>El presidente de ARFEPPAN y vicepresidente de la UIBC, Eduardo Villar, se ha reunido con el presidente de la Asociaci\u00f3n de Panaderos de Soria, Julio Esteban, y el gerente de la Asociaci\u00f3n, Miguel Soria<\/span><\/span><\/b><\/span><\/span><\/span><\/p>\n<p><span><span><span><b><span><span>Logro\u00f1o, 4 de diciembre de 2023.-\u00a0\u00a0 <\/span><\/span><\/b><span><span>ARFEPPAN, la Asociaci\u00f3n de Fabricantes y Expendedores de Pan y de Pasteler\u00eda de La Rioja, integrada en la FER, est\u00e1 comprometida con el desarrollo de la econom\u00eda en el medio rural. La desaparici\u00f3n de panader\u00edas es particularmente dolorosa, ya que estos establecimientos est\u00e1n regentados en muchas ocasiones por familias y mujeres, que sostienen la econom\u00eda familiar. El pan natural y tradicional ha sido desde siempre uno de los alimentos b\u00e1sicos de nuestros pueblos riojanos.<\/span><\/span><\/span><\/span><\/span><\/p>\n<p><span><span><span><span><span>El presidente de ARFEPPAN y vicepresidente de la UIBC (La Organizaci\u00f3n Internacional de la Panader\u00eda), <b>Eduardo Villar<\/b>, en su empe\u00f1o personal de apoyar la panader\u00eda local, lleva a\u00f1os recorriendo estos municipios y algunos de los establecimientos de panader\u00eda.<\/span><\/span><\/span><\/span><\/span><\/p>\n<p><span><span><span><span><span>Durante el d\u00eda de ayer, 3 de diciembre, <b>Eduardo Villar<\/b> ha visitado la panader\u00eda Manrique, en Burgo de Osma (Soria), porque este peque\u00f1o negocio es un ejemplo del impulso de la econom\u00eda rural en su territorios. Y uno de los motivos es, adem\u00e1s de la calidad de su producto, la transformaci\u00f3n y del negocio y la formaci\u00f3n que sus propietarios est\u00e1n llevando a cabo. \u00a0<b>Panader\u00eda Manrique<\/b> logr\u00f3 la Miga de Oro del concurso nacional de panader\u00eda en 2022 y est\u00e1 considerada entre las mejores 50 panader\u00edas de Espa\u00f1a.<\/span><\/span><\/span><\/span><\/span><\/p>\n<p><span><span><span><span><span>El presidente de ARFEPPAN ha aprovechado hoy la visita para reunirse posteriormente con el presidente de la Asociaci\u00f3n de Panaderos de Soria, <b>Julio Esteban<\/b>, y el gerente de la Asociaci\u00f3n, <b>Miguel Soria<\/b>, con quienes ha intercambiado opiniones sobre el desarrollo de la econom\u00eda rural y local.<\/span><\/span><\/span><\/span><\/span><\/p>","protected":false},"excerpt":{"rendered":"<p>El presidente de ARFEPPAN y vicepresidente de la UIBC, Eduardo Villar, se ha reunido con el presidente de la Asociaci\u00f3n de Panaderos de Soria, Julio Esteban, y el gerente de la Asociaci\u00f3n, Miguel Soria Logro\u00f1o, 4 de diciembre de 2023.-\u00a0\u00a0 ARFEPPAN, la Asociaci\u00f3n de Fabricantes y Expendedores de Pan y de Pasteler\u00eda de La Rioja, [&hellip;]<\/p>\n","protected":false},"author":0,"featured_media":0,"comment_status":"","ping_status":"","sticky":false,"template":"","format":"standard","meta":{"site-sidebar-layout":"default","site-content-layout":"","ast-site-content-layout":"default","site-content-style":"default","site-sidebar-style":"default","ast-global-header-display":"","ast-banner-title-visibility":"","ast-main-header-display":"","ast-hfb-above-header-display":"","ast-hfb-below-header-display":"","ast-hfb-mobile-header-display":"","site-post-title":"","ast-breadcrumbs-content":"","ast-featured-img":"","footer-sml-layout":"","ast-disable-related-posts":"","theme-transparent-header-meta":"","adv-header-id-meta":"","stick-header-meta":"","header-above-stick-meta":"","header-main-stick-meta":"","header-below-stick-meta":"","astra-migrate-meta-layouts":"default","ast-page-background-enabled":"default","ast-page-background-meta":{"desktop":{"background-color":"var(--ast-global-color-4)","background-image":"","background-repeat":"repeat","background-position":"center center","background-size":"auto","background-attachment":"scroll","background-type":"","background-media":"","overlay-type":"","overlay-color":"","overlay-opacity":"","overlay-gradient":""},"tablet":{"background-color":"","background-image":"","background-repeat":"repeat","background-position":"center center","background-size":"auto","background-attachment":"scroll","background-type":"","background-media":"","overlay-type":"","overlay-color":"","overlay-opacity":"","overlay-gradient":""},"mobile":{"background-color":"","background-image":"","background-repeat":"repeat","background-position":"center center","background-size":"auto","background-attachment":"scroll","background-type":"","background-media":"","overlay-type":"","overlay-color":"","overlay-opacity":"","overlay-gradient":""}},"ast-content-background-meta":{"desktop":{"background-color":"var(--ast-global-color-5)","background-image":"","background-repeat":"repeat","background-position":"center center","background-size":"auto","background-attachment":"scroll","background-type":"","background-media":"","overlay-type":"","overlay-color":"","overlay-opacity":"","overlay-gradient":""},"tablet":{"background-color":"var(--ast-global-color-5)","background-image":"","background-repeat":"repeat","background-position":"center center","background-size":"auto","background-attachment":"scroll","background-type":"","background-media":"","overlay-type":"","overlay-color":"","overlay-opacity":"","overlay-gradient":""},"mobile":{"background-color":"var(--ast-global-color-5)","background-image":"","background-repeat":"repeat","background-position":"center center","background-size":"auto","background-attachment":"scroll","background-type":"","background-media":"","overlay-type":"","overlay-color":"","overlay-opacity":"","overlay-gradient":""}},"footnotes":""},"categories":[5],"tags":[],"class_list":["post-5355","post","type-post","status-publish","format-standard","hentry","category-noticias"],"yoast_head":"<!-- This site is optimized with the Yoast SEO Premium plugin v20.9 (Yoast SEO v27.4) - https:\/\/yoast.com\/product\/yoast-seo-premium-wordpress\/ -->\n<title>ARFEPPAN visita la panader\u00eda Manrique de Burgo de Osma, ejemplo del impulso de la econom\u00eda rural en un territorio - bip4ex<\/title>\n<meta name=\"robots\" content=\"index, follow, max-snippet:-1, max-image-preview:large, max-video-preview:-1\" \/>\n<link rel=\"canonical\" href=\"https:\/\/helloproject.es\/vigilancia\/arfeppan-visita-la-panaderia-manrique-de-burgo-de-osma-ejemplo-del-impulso-de-la-economia-rural-en-un-territorio\/\" \/>\n<meta property=\"og:locale\" content=\"es_ES\" \/>\n<meta property=\"og:type\" content=\"article\" \/>\n<meta property=\"og:title\" content=\"ARFEPPAN visita la panader\u00eda Manrique de Burgo de Osma, ejemplo del impulso de la econom\u00eda rural en un territorio\" \/>\n<meta property=\"og:description\" content=\"El presidente de ARFEPPAN y vicepresidente de la UIBC, Eduardo Villar, se ha reunido con el presidente de la Asociaci\u00f3n de Panaderos de Soria, Julio Esteban, y el gerente de la Asociaci\u00f3n, Miguel Soria Logro\u00f1o, 4 de diciembre de 2023.-\u00a0\u00a0 ARFEPPAN, la Asociaci\u00f3n de Fabricantes y Expendedores de Pan y de Pasteler\u00eda de La Rioja, [&hellip;]\" \/>\n<meta property=\"og:url\" content=\"https:\/\/helloproject.es\/vigilancia\/arfeppan-visita-la-panaderia-manrique-de-burgo-de-osma-ejemplo-del-impulso-de-la-economia-rural-en-un-territorio\/\" \/>\n<meta property=\"og:site_name\" content=\"bip4ex\" \/>\n<meta property=\"article:published_time\" content=\"2024-12-04T16:17:04+00:00\" \/>\n<meta name=\"twitter:card\" content=\"summary_large_image\" \/>\n<meta name=\"twitter:label1\" content=\"Tiempo de lectura\" \/>\n\t<meta name=\"twitter:data1\" content=\"2 minutos\" \/>\n<script type=\"application\/ld+json\" class=\"yoast-schema-graph\">{\"@context\":\"https:\\\/\\\/schema.org\",\"@graph\":[{\"@type\":\"Article\",\"@id\":\"https:\\\/\\\/helloproject.es\\\/vigilancia\\\/arfeppan-visita-la-panaderia-manrique-de-burgo-de-osma-ejemplo-del-impulso-de-la-economia-rural-en-un-territorio\\\/#article\",\"isPartOf\":{\"@id\":\"https:\\\/\\\/helloproject.es\\\/vigilancia\\\/arfeppan-visita-la-panaderia-manrique-de-burgo-de-osma-ejemplo-del-impulso-de-la-economia-rural-en-un-territorio\\\/\"},\"author\":{\"name\":\"\",\"@id\":\"\"},\"headline\":\"ARFEPPAN visita la panader\u00eda Manrique de Burgo de Osma, ejemplo del impulso de la econom\u00eda rural en un territorio\",\"datePublished\":\"2024-12-04T16:17:04+00:00\",\"mainEntityOfPage\":{\"@id\":\"https:\\\/\\\/helloproject.es\\\/vigilancia\\\/arfeppan-visita-la-panaderia-manrique-de-burgo-de-osma-ejemplo-del-impulso-de-la-economia-rural-en-un-territorio\\\/\"},\"wordCount\":335,\"publisher\":{\"@id\":\"https:\\\/\\\/helloproject.es\\\/vigilancia\\\/#organization\"},\"articleSection\":[\"Noticias\"],\"inLanguage\":\"es\"},{\"@type\":\"WebPage\",\"@id\":\"https:\\\/\\\/helloproject.es\\\/vigilancia\\\/arfeppan-visita-la-panaderia-manrique-de-burgo-de-osma-ejemplo-del-impulso-de-la-economia-rural-en-un-territorio\\\/\",\"url\":\"https:\\\/\\\/helloproject.es\\\/vigilancia\\\/arfeppan-visita-la-panaderia-manrique-de-burgo-de-osma-ejemplo-del-impulso-de-la-economia-rural-en-un-territorio\\\/\",\"name\":\"ARFEPPAN visita la panader\u00eda Manrique de Burgo de Osma, ejemplo del impulso de la econom\u00eda rural en un territorio - bip4ex\",\"isPartOf\":{\"@id\":\"https:\\\/\\\/helloproject.es\\\/vigilancia\\\/#website\"},\"datePublished\":\"2024-12-04T16:17:04+00:00\",\"breadcrumb\":{\"@id\":\"https:\\\/\\\/helloproject.es\\\/vigilancia\\\/arfeppan-visita-la-panaderia-manrique-de-burgo-de-osma-ejemplo-del-impulso-de-la-economia-rural-en-un-territorio\\\/#breadcrumb\"},\"inLanguage\":\"es\",\"potentialAction\":[{\"@type\":\"ReadAction\",\"target\":[\"https:\\\/\\\/helloproject.es\\\/vigilancia\\\/arfeppan-visita-la-panaderia-manrique-de-burgo-de-osma-ejemplo-del-impulso-de-la-economia-rural-en-un-territorio\\\/\"]}]},{\"@type\":\"BreadcrumbList\",\"@id\":\"https:\\\/\\\/helloproject.es\\\/vigilancia\\\/arfeppan-visita-la-panaderia-manrique-de-burgo-de-osma-ejemplo-del-impulso-de-la-economia-rural-en-un-territorio\\\/#breadcrumb\",\"itemListElement\":[{\"@type\":\"ListItem\",\"position\":1,\"name\":\"Home\",\"item\":\"https:\\\/\\\/helloproject.es\\\/vigilancia\\\/\"},{\"@type\":\"ListItem\",\"position\":2,\"name\":\"ARFEPPAN visita la panader\u00eda Manrique de Burgo de Osma, ejemplo del impulso de la econom\u00eda rural en un territorio\"}]},{\"@type\":\"WebSite\",\"@id\":\"https:\\\/\\\/helloproject.es\\\/vigilancia\\\/#website\",\"url\":\"https:\\\/\\\/helloproject.es\\\/vigilancia\\\/\",\"name\":\"bip4ex\",\"description\":\"Vigilancia Tecnol\u00f3gica\",\"publisher\":{\"@id\":\"https:\\\/\\\/helloproject.es\\\/vigilancia\\\/#organization\"},\"potentialAction\":[{\"@type\":\"SearchAction\",\"target\":{\"@type\":\"EntryPoint\",\"urlTemplate\":\"https:\\\/\\\/helloproject.es\\\/vigilancia\\\/?s={search_term_string}\"},\"query-input\":{\"@type\":\"PropertyValueSpecification\",\"valueRequired\":true,\"valueName\":\"search_term_string\"}}],\"inLanguage\":\"es\"},{\"@type\":\"Organization\",\"@id\":\"https:\\\/\\\/helloproject.es\\\/vigilancia\\\/#organization\",\"name\":\"Helloproject.es\",\"url\":\"https:\\\/\\\/helloproject.es\\\/vigilancia\\\/\",\"logo\":{\"@type\":\"ImageObject\",\"inLanguage\":\"es\",\"@id\":\"https:\\\/\\\/helloproject.es\\\/vigilancia\\\/#\\\/schema\\\/logo\\\/image\\\/\",\"url\":\"https:\\\/\\\/helloproject.es\\\/vigilancia\\\/wp-content\\\/uploads\\\/2023\\\/07\\\/bip4ex.png\",\"contentUrl\":\"https:\\\/\\\/helloproject.es\\\/vigilancia\\\/wp-content\\\/uploads\\\/2023\\\/07\\\/bip4ex.png\",\"width\":322,\"height\":365,\"caption\":\"Helloproject.es\"},\"image\":{\"@id\":\"https:\\\/\\\/helloproject.es\\\/vigilancia\\\/#\\\/schema\\\/logo\\\/image\\\/\"}}]}<\/script>\n<!-- \/ Yoast SEO Premium plugin. -->","yoast_head_json":{"title":"ARFEPPAN visita la panader\u00eda Manrique de Burgo de Osma, ejemplo del impulso de la econom\u00eda rural en un territorio - bip4ex","robots":{"index":"index","follow":"follow","max-snippet":"max-snippet:-1","max-image-preview":"max-image-preview:large","max-video-preview":"max-video-preview:-1"},"canonical":"https:\/\/helloproject.es\/vigilancia\/arfeppan-visita-la-panaderia-manrique-de-burgo-de-osma-ejemplo-del-impulso-de-la-economia-rural-en-un-territorio\/","og_locale":"es_ES","og_type":"article","og_title":"ARFEPPAN visita la panader\u00eda Manrique de Burgo de Osma, ejemplo del impulso de la econom\u00eda rural en un territorio","og_description":"El presidente de ARFEPPAN y vicepresidente de la UIBC, Eduardo Villar, se ha reunido con el presidente de la Asociaci\u00f3n de Panaderos de Soria, Julio Esteban, y el gerente de la Asociaci\u00f3n, Miguel Soria Logro\u00f1o, 4 de diciembre de 2023.-\u00a0\u00a0 ARFEPPAN, la Asociaci\u00f3n de Fabricantes y Expendedores de Pan y de Pasteler\u00eda de La Rioja, [&hellip;]","og_url":"https:\/\/helloproject.es\/vigilancia\/arfeppan-visita-la-panaderia-manrique-de-burgo-de-osma-ejemplo-del-impulso-de-la-economia-rural-en-un-territorio\/","og_site_name":"bip4ex","article_published_time":"2024-12-04T16:17:04+00:00","twitter_card":"summary_large_image","twitter_misc":{"Tiempo de lectura":"2 minutos"},"schema":{"@context":"https:\/\/schema.org","@graph":[{"@type":"Article","@id":"https:\/\/helloproject.es\/vigilancia\/arfeppan-visita-la-panaderia-manrique-de-burgo-de-osma-ejemplo-del-impulso-de-la-economia-rural-en-un-territorio\/#article","isPartOf":{"@id":"https:\/\/helloproject.es\/vigilancia\/arfeppan-visita-la-panaderia-manrique-de-burgo-de-osma-ejemplo-del-impulso-de-la-economia-rural-en-un-territorio\/"},"author":{"name":"","@id":""},"headline":"ARFEPPAN visita la panader\u00eda Manrique de Burgo de Osma, ejemplo del impulso de la econom\u00eda rural en un territorio","datePublished":"2024-12-04T16:17:04+00:00","mainEntityOfPage":{"@id":"https:\/\/helloproject.es\/vigilancia\/arfeppan-visita-la-panaderia-manrique-de-burgo-de-osma-ejemplo-del-impulso-de-la-economia-rural-en-un-territorio\/"},"wordCount":335,"publisher":{"@id":"https:\/\/helloproject.es\/vigilancia\/#organization"},"articleSection":["Noticias"],"inLanguage":"es"},{"@type":"WebPage","@id":"https:\/\/helloproject.es\/vigilancia\/arfeppan-visita-la-panaderia-manrique-de-burgo-de-osma-ejemplo-del-impulso-de-la-economia-rural-en-un-territorio\/","url":"https:\/\/helloproject.es\/vigilancia\/arfeppan-visita-la-panaderia-manrique-de-burgo-de-osma-ejemplo-del-impulso-de-la-economia-rural-en-un-territorio\/","name":"ARFEPPAN visita la panader\u00eda Manrique de Burgo de Osma, ejemplo del impulso de la econom\u00eda rural en un territorio - bip4ex","isPartOf":{"@id":"https:\/\/helloproject.es\/vigilancia\/#website"},"datePublished":"2024-12-04T16:17:04+00:00","breadcrumb":{"@id":"https:\/\/helloproject.es\/vigilancia\/arfeppan-visita-la-panaderia-manrique-de-burgo-de-osma-ejemplo-del-impulso-de-la-economia-rural-en-un-territorio\/#breadcrumb"},"inLanguage":"es","potentialAction":[{"@type":"ReadAction","target":["https:\/\/helloproject.es\/vigilancia\/arfeppan-visita-la-panaderia-manrique-de-burgo-de-osma-ejemplo-del-impulso-de-la-economia-rural-en-un-territorio\/"]}]},{"@type":"BreadcrumbList","@id":"https:\/\/helloproject.es\/vigilancia\/arfeppan-visita-la-panaderia-manrique-de-burgo-de-osma-ejemplo-del-impulso-de-la-economia-rural-en-un-territorio\/#breadcrumb","itemListElement":[{"@type":"ListItem","position":1,"name":"Home","item":"https:\/\/helloproject.es\/vigilancia\/"},{"@type":"ListItem","position":2,"name":"ARFEPPAN visita la panader\u00eda Manrique de Burgo de Osma, ejemplo del impulso de la econom\u00eda rural en un territorio"}]},{"@type":"WebSite","@id":"https:\/\/helloproject.es\/vigilancia\/#website","url":"https:\/\/helloproject.es\/vigilancia\/","name":"bip4ex","description":"Vigilancia Tecnol\u00f3gica","publisher":{"@id":"https:\/\/helloproject.es\/vigilancia\/#organization"},"potentialAction":[{"@type":"SearchAction","target":{"@type":"EntryPoint","urlTemplate":"https:\/\/helloproject.es\/vigilancia\/?s={search_term_string}"},"query-input":{"@type":"PropertyValueSpecification","valueRequired":true,"valueName":"search_term_string"}}],"inLanguage":"es"},{"@type":"Organization","@id":"https:\/\/helloproject.es\/vigilancia\/#organization","name":"Helloproject.es","url":"https:\/\/helloproject.es\/vigilancia\/","logo":{"@type":"ImageObject","inLanguage":"es","@id":"https:\/\/helloproject.es\/vigilancia\/#\/schema\/logo\/image\/","url":"https:\/\/helloproject.es\/vigilancia\/wp-content\/uploads\/2023\/07\/bip4ex.png","contentUrl":"https:\/\/helloproject.es\/vigilancia\/wp-content\/uploads\/2023\/07\/bip4ex.png","width":322,"height":365,"caption":"Helloproject.es"},"image":{"@id":"https:\/\/helloproject.es\/vigilancia\/#\/schema\/logo\/image\/"}}]}},"_links":{"self":[{"href":"https:\/\/helloproject.es\/vigilancia\/wp-json\/wp\/v2\/posts\/5355","targetHints":{"allow":["GET"]}}],"collection":[{"href":"https:\/\/helloproject.es\/vigilancia\/wp-json\/wp\/v2\/posts"}],"about":[{"href":"https:\/\/helloproject.es\/vigilancia\/wp-json\/wp\/v2\/types\/post"}],"replies":[{"embeddable":true,"href":"https:\/\/helloproject.es\/vigilancia\/wp-json\/wp\/v2\/comments?post=5355"}],"version-history":[{"count":0,"href":"https:\/\/helloproject.es\/vigilancia\/wp-json\/wp\/v2\/posts\/5355\/revisions"}],"wp:attachment":[{"href":"https:\/\/helloproject.es\/vigilancia\/wp-json\/wp\/v2\/media?parent=5355"}],"wp:term":[{"taxonomy":"category","embeddable":true,"href":"https:\/\/helloproject.es\/vigilancia\/wp-json\/wp\/v2\/categories?post=5355"},{"taxonomy":"post_tag","embeddable":true,"href":"https:\/\/helloproject.es\/vigilancia\/wp-json\/wp\/v2\/tags?post=5355"}],"curies":[{"name":"wp","href":"https:\/\/api.w.org\/{rel}","templated":true}]}}