{"id":5356,"date":"2024-12-04T17:17:04","date_gmt":"2024-12-04T16:17:04","guid":{"rendered":"https:\/\/helloproject.es\/vigilancia\/la-fer-caixabank-y-ceoe-analizaron-las-perspectivas-economicas-para-2025\/"},"modified":"2024-12-04T17:17:04","modified_gmt":"2024-12-04T16:17:04","slug":"la-fer-caixabank-y-ceoe-analizaron-las-perspectivas-economicas-para-2025","status":"publish","type":"post","link":"https:\/\/helloproject.es\/vigilancia\/la-fer-caixabank-y-ceoe-analizaron-las-perspectivas-economicas-para-2025\/","title":{"rendered":"La FER, CaixaBank y CEOE analizaron las perspectivas econ\u00f3micas para 2025"},"content":{"rendered":"<p align=\"center\"><span><span><b><span>La sesi\u00f3n cont\u00f3 con dos analistas de referencia: Luis Pinheiro de Matos, economista de Econom\u00eda y Mercados de CaixaBank Research y Gregorio Izquierdo Llanes, Director General del Instituto de Estudios Econ\u00f3micos y Director de Econom\u00eda de CEOE<\/span><\/b><\/span><\/span><\/p>\n<p>\u00a0<\/p>\n<p>\u00a0<\/p>\n<p><span><span><span>Con la participaci\u00f3n de un centenar de empresas riojanas, la Federaci\u00f3n de Empresas de La Rioja (FER), CaixaBank y CEOE han celebrado<b> en el Espacio Lagares (Calle Ruavieja, 18 de Logro\u00f1o) <\/b>una jornada de an\u00e1lisis de las perspectivas econ\u00f3micas para el a\u00f1o 2025 que manejan estas entidades.<\/span><\/span><\/span><\/p>\n<p>\u00a0<\/p>\n<p><span><span><span>El presidente de la FER, <b>Jaime Garc\u00eda-Calzada<\/b> y el director del centro de empresas de CaixaBank en La Rioja, <b>Diego Saugar<\/b>, ofrecieron la bienvenida institucional.<\/span><\/span><\/span><\/p>\n<p>\u00a0<\/p>\n<p><span><span><span>Los ponentes invitados a esta jornada fueron <b>Luis Pinheiro de Matos<\/b>, Economista de Econom\u00eda y Mercados Internacionales de CaixaBank Research y <b>Gregorio Izquierdo Llanes<\/b>, Director General del Instituto de Estudios Econ\u00f3micos y Director de Econom\u00eda de CEOE.<\/span><\/span><\/span><\/p>\n<p>\u00a0<\/p>\n<p><span><span><span>Tras las ponencias, los conferenciantes compartir\u00e1n un coloquio con los asistentes<\/span><\/span><\/span><\/p>","protected":false},"excerpt":{"rendered":"<p>La sesi\u00f3n cont\u00f3 con dos analistas de referencia: Luis Pinheiro de Matos, economista de Econom\u00eda y Mercados de CaixaBank Research y Gregorio Izquierdo Llanes, Director General del Instituto de Estudios Econ\u00f3micos y Director de Econom\u00eda de CEOE \u00a0 \u00a0 Con la participaci\u00f3n de un centenar de empresas riojanas, la Federaci\u00f3n de Empresas de La Rioja [&hellip;]<\/p>\n","protected":false},"author":0,"featured_media":0,"comment_status":"","ping_status":"","sticky":false,"template":"","format":"standard","meta":{"site-sidebar-layout":"default","site-content-layout":"","ast-site-content-layout":"default","site-content-style":"default","site-sidebar-style":"default","ast-global-header-display":"","ast-banner-title-visibility":"","ast-main-header-display":"","ast-hfb-above-header-display":"","ast-hfb-below-header-display":"","ast-hfb-mobile-header-display":"","site-post-title":"","ast-breadcrumbs-content":"","ast-featured-img":"","footer-sml-layout":"","ast-disable-related-posts":"","theme-transparent-header-meta":"","adv-header-id-meta":"","stick-header-meta":"","header-above-stick-meta":"","header-main-stick-meta":"","header-below-stick-meta":"","astra-migrate-meta-layouts":"default","ast-page-background-enabled":"default","ast-page-background-meta":{"desktop":{"background-color":"var(--ast-global-color-4)","background-image":"","background-repeat":"repeat","background-position":"center center","background-size":"auto","background-attachment":"scroll","background-type":"","background-media":"","overlay-type":"","overlay-color":"","overlay-opacity":"","overlay-gradient":""},"tablet":{"background-color":"","background-image":"","background-repeat":"repeat","background-position":"center center","background-size":"auto","background-attachment":"scroll","background-type":"","background-media":"","overlay-type":"","overlay-color":"","overlay-opacity":"","overlay-gradient":""},"mobile":{"background-color":"","background-image":"","background-repeat":"repeat","background-position":"center center","background-size":"auto","background-attachment":"scroll","background-type":"","background-media":"","overlay-type":"","overlay-color":"","overlay-opacity":"","overlay-gradient":""}},"ast-content-background-meta":{"desktop":{"background-color":"var(--ast-global-color-5)","background-image":"","background-repeat":"repeat","background-position":"center center","background-size":"auto","background-attachment":"scroll","background-type":"","background-media":"","overlay-type":"","overlay-color":"","overlay-opacity":"","overlay-gradient":""},"tablet":{"background-color":"var(--ast-global-color-5)","background-image":"","background-repeat":"repeat","background-position":"center center","background-size":"auto","background-attachment":"scroll","background-type":"","background-media":"","overlay-type":"","overlay-color":"","overlay-opacity":"","overlay-gradient":""},"mobile":{"background-color":"var(--ast-global-color-5)","background-image":"","background-repeat":"repeat","background-position":"center center","background-size":"auto","background-attachment":"scroll","background-type":"","background-media":"","overlay-type":"","overlay-color":"","overlay-opacity":"","overlay-gradient":""}},"footnotes":""},"categories":[5],"tags":[],"class_list":["post-5356","post","type-post","status-publish","format-standard","hentry","category-noticias"],"yoast_head":"<!-- This site is optimized with the Yoast SEO Premium plugin v20.9 (Yoast SEO v27.4) - https:\/\/yoast.com\/product\/yoast-seo-premium-wordpress\/ -->\n<title>La FER, CaixaBank y CEOE analizaron las perspectivas econ\u00f3micas para 2025 - bip4ex<\/title>\n<meta name=\"robots\" content=\"index, follow, max-snippet:-1, max-image-preview:large, max-video-preview:-1\" \/>\n<link rel=\"canonical\" href=\"https:\/\/helloproject.es\/vigilancia\/la-fer-caixabank-y-ceoe-analizaron-las-perspectivas-economicas-para-2025\/\" \/>\n<meta property=\"og:locale\" content=\"es_ES\" \/>\n<meta property=\"og:type\" content=\"article\" \/>\n<meta property=\"og:title\" content=\"La FER, CaixaBank y CEOE analizaron las perspectivas econ\u00f3micas para 2025\" \/>\n<meta property=\"og:description\" content=\"La sesi\u00f3n cont\u00f3 con dos analistas de referencia: Luis Pinheiro de Matos, economista de Econom\u00eda y Mercados de CaixaBank Research y Gregorio Izquierdo Llanes, Director General del Instituto de Estudios Econ\u00f3micos y Director de Econom\u00eda de CEOE \u00a0 \u00a0 Con la participaci\u00f3n de un centenar de empresas riojanas, la Federaci\u00f3n de Empresas de La Rioja [&hellip;]\" \/>\n<meta property=\"og:url\" content=\"https:\/\/helloproject.es\/vigilancia\/la-fer-caixabank-y-ceoe-analizaron-las-perspectivas-economicas-para-2025\/\" \/>\n<meta property=\"og:site_name\" content=\"bip4ex\" \/>\n<meta property=\"article:published_time\" content=\"2024-12-04T16:17:04+00:00\" \/>\n<meta name=\"twitter:card\" content=\"summary_large_image\" \/>\n<meta name=\"twitter:label1\" content=\"Tiempo de lectura\" \/>\n\t<meta name=\"twitter:data1\" content=\"1 minuto\" \/>\n<script type=\"application\/ld+json\" class=\"yoast-schema-graph\">{\"@context\":\"https:\\\/\\\/schema.org\",\"@graph\":[{\"@type\":\"Article\",\"@id\":\"https:\\\/\\\/helloproject.es\\\/vigilancia\\\/la-fer-caixabank-y-ceoe-analizaron-las-perspectivas-economicas-para-2025\\\/#article\",\"isPartOf\":{\"@id\":\"https:\\\/\\\/helloproject.es\\\/vigilancia\\\/la-fer-caixabank-y-ceoe-analizaron-las-perspectivas-economicas-para-2025\\\/\"},\"author\":{\"name\":\"\",\"@id\":\"\"},\"headline\":\"La FER, CaixaBank y CEOE analizaron las perspectivas econ\u00f3micas para 2025\",\"datePublished\":\"2024-12-04T16:17:04+00:00\",\"mainEntityOfPage\":{\"@id\":\"https:\\\/\\\/helloproject.es\\\/vigilancia\\\/la-fer-caixabank-y-ceoe-analizaron-las-perspectivas-economicas-para-2025\\\/\"},\"wordCount\":181,\"publisher\":{\"@id\":\"https:\\\/\\\/helloproject.es\\\/vigilancia\\\/#organization\"},\"articleSection\":[\"Noticias\"],\"inLanguage\":\"es\"},{\"@type\":\"WebPage\",\"@id\":\"https:\\\/\\\/helloproject.es\\\/vigilancia\\\/la-fer-caixabank-y-ceoe-analizaron-las-perspectivas-economicas-para-2025\\\/\",\"url\":\"https:\\\/\\\/helloproject.es\\\/vigilancia\\\/la-fer-caixabank-y-ceoe-analizaron-las-perspectivas-economicas-para-2025\\\/\",\"name\":\"La FER, CaixaBank y CEOE analizaron las perspectivas econ\u00f3micas para 2025 - bip4ex\",\"isPartOf\":{\"@id\":\"https:\\\/\\\/helloproject.es\\\/vigilancia\\\/#website\"},\"datePublished\":\"2024-12-04T16:17:04+00:00\",\"breadcrumb\":{\"@id\":\"https:\\\/\\\/helloproject.es\\\/vigilancia\\\/la-fer-caixabank-y-ceoe-analizaron-las-perspectivas-economicas-para-2025\\\/#breadcrumb\"},\"inLanguage\":\"es\",\"potentialAction\":[{\"@type\":\"ReadAction\",\"target\":[\"https:\\\/\\\/helloproject.es\\\/vigilancia\\\/la-fer-caixabank-y-ceoe-analizaron-las-perspectivas-economicas-para-2025\\\/\"]}]},{\"@type\":\"BreadcrumbList\",\"@id\":\"https:\\\/\\\/helloproject.es\\\/vigilancia\\\/la-fer-caixabank-y-ceoe-analizaron-las-perspectivas-economicas-para-2025\\\/#breadcrumb\",\"itemListElement\":[{\"@type\":\"ListItem\",\"position\":1,\"name\":\"Home\",\"item\":\"https:\\\/\\\/helloproject.es\\\/vigilancia\\\/\"},{\"@type\":\"ListItem\",\"position\":2,\"name\":\"La FER, CaixaBank y CEOE analizaron las perspectivas econ\u00f3micas para 2025\"}]},{\"@type\":\"WebSite\",\"@id\":\"https:\\\/\\\/helloproject.es\\\/vigilancia\\\/#website\",\"url\":\"https:\\\/\\\/helloproject.es\\\/vigilancia\\\/\",\"name\":\"bip4ex\",\"description\":\"Vigilancia Tecnol\u00f3gica\",\"publisher\":{\"@id\":\"https:\\\/\\\/helloproject.es\\\/vigilancia\\\/#organization\"},\"potentialAction\":[{\"@type\":\"SearchAction\",\"target\":{\"@type\":\"EntryPoint\",\"urlTemplate\":\"https:\\\/\\\/helloproject.es\\\/vigilancia\\\/?s={search_term_string}\"},\"query-input\":{\"@type\":\"PropertyValueSpecification\",\"valueRequired\":true,\"valueName\":\"search_term_string\"}}],\"inLanguage\":\"es\"},{\"@type\":\"Organization\",\"@id\":\"https:\\\/\\\/helloproject.es\\\/vigilancia\\\/#organization\",\"name\":\"Helloproject.es\",\"url\":\"https:\\\/\\\/helloproject.es\\\/vigilancia\\\/\",\"logo\":{\"@type\":\"ImageObject\",\"inLanguage\":\"es\",\"@id\":\"https:\\\/\\\/helloproject.es\\\/vigilancia\\\/#\\\/schema\\\/logo\\\/image\\\/\",\"url\":\"https:\\\/\\\/helloproject.es\\\/vigilancia\\\/wp-content\\\/uploads\\\/2023\\\/07\\\/bip4ex.png\",\"contentUrl\":\"https:\\\/\\\/helloproject.es\\\/vigilancia\\\/wp-content\\\/uploads\\\/2023\\\/07\\\/bip4ex.png\",\"width\":322,\"height\":365,\"caption\":\"Helloproject.es\"},\"image\":{\"@id\":\"https:\\\/\\\/helloproject.es\\\/vigilancia\\\/#\\\/schema\\\/logo\\\/image\\\/\"}}]}<\/script>\n<!-- \/ Yoast SEO Premium plugin. -->","yoast_head_json":{"title":"La FER, CaixaBank y CEOE analizaron las perspectivas econ\u00f3micas para 2025 - bip4ex","robots":{"index":"index","follow":"follow","max-snippet":"max-snippet:-1","max-image-preview":"max-image-preview:large","max-video-preview":"max-video-preview:-1"},"canonical":"https:\/\/helloproject.es\/vigilancia\/la-fer-caixabank-y-ceoe-analizaron-las-perspectivas-economicas-para-2025\/","og_locale":"es_ES","og_type":"article","og_title":"La FER, CaixaBank y CEOE analizaron las perspectivas econ\u00f3micas para 2025","og_description":"La sesi\u00f3n cont\u00f3 con dos analistas de referencia: Luis Pinheiro de Matos, economista de Econom\u00eda y Mercados de CaixaBank Research y Gregorio Izquierdo Llanes, Director General del Instituto de Estudios Econ\u00f3micos y Director de Econom\u00eda de CEOE \u00a0 \u00a0 Con la participaci\u00f3n de un centenar de empresas riojanas, la Federaci\u00f3n de Empresas de La Rioja [&hellip;]","og_url":"https:\/\/helloproject.es\/vigilancia\/la-fer-caixabank-y-ceoe-analizaron-las-perspectivas-economicas-para-2025\/","og_site_name":"bip4ex","article_published_time":"2024-12-04T16:17:04+00:00","twitter_card":"summary_large_image","twitter_misc":{"Tiempo de lectura":"1 minuto"},"schema":{"@context":"https:\/\/schema.org","@graph":[{"@type":"Article","@id":"https:\/\/helloproject.es\/vigilancia\/la-fer-caixabank-y-ceoe-analizaron-las-perspectivas-economicas-para-2025\/#article","isPartOf":{"@id":"https:\/\/helloproject.es\/vigilancia\/la-fer-caixabank-y-ceoe-analizaron-las-perspectivas-economicas-para-2025\/"},"author":{"name":"","@id":""},"headline":"La FER, CaixaBank y CEOE analizaron las perspectivas econ\u00f3micas para 2025","datePublished":"2024-12-04T16:17:04+00:00","mainEntityOfPage":{"@id":"https:\/\/helloproject.es\/vigilancia\/la-fer-caixabank-y-ceoe-analizaron-las-perspectivas-economicas-para-2025\/"},"wordCount":181,"publisher":{"@id":"https:\/\/helloproject.es\/vigilancia\/#organization"},"articleSection":["Noticias"],"inLanguage":"es"},{"@type":"WebPage","@id":"https:\/\/helloproject.es\/vigilancia\/la-fer-caixabank-y-ceoe-analizaron-las-perspectivas-economicas-para-2025\/","url":"https:\/\/helloproject.es\/vigilancia\/la-fer-caixabank-y-ceoe-analizaron-las-perspectivas-economicas-para-2025\/","name":"La FER, CaixaBank y CEOE analizaron las perspectivas econ\u00f3micas para 2025 - bip4ex","isPartOf":{"@id":"https:\/\/helloproject.es\/vigilancia\/#website"},"datePublished":"2024-12-04T16:17:04+00:00","breadcrumb":{"@id":"https:\/\/helloproject.es\/vigilancia\/la-fer-caixabank-y-ceoe-analizaron-las-perspectivas-economicas-para-2025\/#breadcrumb"},"inLanguage":"es","potentialAction":[{"@type":"ReadAction","target":["https:\/\/helloproject.es\/vigilancia\/la-fer-caixabank-y-ceoe-analizaron-las-perspectivas-economicas-para-2025\/"]}]},{"@type":"BreadcrumbList","@id":"https:\/\/helloproject.es\/vigilancia\/la-fer-caixabank-y-ceoe-analizaron-las-perspectivas-economicas-para-2025\/#breadcrumb","itemListElement":[{"@type":"ListItem","position":1,"name":"Home","item":"https:\/\/helloproject.es\/vigilancia\/"},{"@type":"ListItem","position":2,"name":"La FER, CaixaBank y CEOE analizaron las perspectivas econ\u00f3micas para 2025"}]},{"@type":"WebSite","@id":"https:\/\/helloproject.es\/vigilancia\/#website","url":"https:\/\/helloproject.es\/vigilancia\/","name":"bip4ex","description":"Vigilancia Tecnol\u00f3gica","publisher":{"@id":"https:\/\/helloproject.es\/vigilancia\/#organization"},"potentialAction":[{"@type":"SearchAction","target":{"@type":"EntryPoint","urlTemplate":"https:\/\/helloproject.es\/vigilancia\/?s={search_term_string}"},"query-input":{"@type":"PropertyValueSpecification","valueRequired":true,"valueName":"search_term_string"}}],"inLanguage":"es"},{"@type":"Organization","@id":"https:\/\/helloproject.es\/vigilancia\/#organization","name":"Helloproject.es","url":"https:\/\/helloproject.es\/vigilancia\/","logo":{"@type":"ImageObject","inLanguage":"es","@id":"https:\/\/helloproject.es\/vigilancia\/#\/schema\/logo\/image\/","url":"https:\/\/helloproject.es\/vigilancia\/wp-content\/uploads\/2023\/07\/bip4ex.png","contentUrl":"https:\/\/helloproject.es\/vigilancia\/wp-content\/uploads\/2023\/07\/bip4ex.png","width":322,"height":365,"caption":"Helloproject.es"},"image":{"@id":"https:\/\/helloproject.es\/vigilancia\/#\/schema\/logo\/image\/"}}]}},"_links":{"self":[{"href":"https:\/\/helloproject.es\/vigilancia\/wp-json\/wp\/v2\/posts\/5356","targetHints":{"allow":["GET"]}}],"collection":[{"href":"https:\/\/helloproject.es\/vigilancia\/wp-json\/wp\/v2\/posts"}],"about":[{"href":"https:\/\/helloproject.es\/vigilancia\/wp-json\/wp\/v2\/types\/post"}],"replies":[{"embeddable":true,"href":"https:\/\/helloproject.es\/vigilancia\/wp-json\/wp\/v2\/comments?post=5356"}],"version-history":[{"count":0,"href":"https:\/\/helloproject.es\/vigilancia\/wp-json\/wp\/v2\/posts\/5356\/revisions"}],"wp:attachment":[{"href":"https:\/\/helloproject.es\/vigilancia\/wp-json\/wp\/v2\/media?parent=5356"}],"wp:term":[{"taxonomy":"category","embeddable":true,"href":"https:\/\/helloproject.es\/vigilancia\/wp-json\/wp\/v2\/categories?post=5356"},{"taxonomy":"post_tag","embeddable":true,"href":"https:\/\/helloproject.es\/vigilancia\/wp-json\/wp\/v2\/tags?post=5356"}],"curies":[{"name":"wp","href":"https:\/\/api.w.org\/{rel}","templated":true}]}}