{"id":5732,"date":"2025-01-07T07:31:43","date_gmt":"2025-01-07T06:31:43","guid":{"rendered":"https:\/\/helloproject.es\/vigilancia\/mapas-geologicos-y-mineros-de-extremadura-en-portal-sigeo\/"},"modified":"2025-01-07T07:31:43","modified_gmt":"2025-01-07T06:31:43","slug":"mapas-geologicos-y-mineros-de-extremadura-en-portal-sigeo","status":"publish","type":"post","link":"https:\/\/helloproject.es\/vigilancia\/mapas-geologicos-y-mineros-de-extremadura-en-portal-sigeo\/","title":{"rendered":"Mapas Geol\u00f3gicos y Mineros de Extremadura en Portal SIGEO"},"content":{"rendered":"<div>\n<div>\n<p class=\"epigraf\">PORTAL SIGEO<\/p>\n<h3>Mapas Geol\u00f3gicos y Mineros de Extremadura en Portal SIGEO<\/h3>\n<div class=\"fotoesquerra\">\n<a href=\"http:\/\/sigeo.juntaex.es\/portalsigeo\/image\/journal\/article?img_id=473316&amp;t=1727352114715\"><img decoding=\"async\" src=\"http:\/\/sigeo.juntaex.es\/portalsigeo\/image\/journal\/article?img_id=473316&amp;t=1727352114715\" alt=\"\" \/><\/a>\n<\/div>\n<p>\n<!-- jue, 26 sep 2024 09:24:10 +0200&nbsp; --><br \/>\n<strong class=\"data\">jue, 26 sep 2024 09:21:00 +0200\u00a0ADMINISTRADOR<\/strong>\n<\/p>\n<p><span>\u00a0<span>Ya est\u00e1 disponible un nuevo contenido dentro de la secci\u00f3n Biblioteca del Portal SIGEO donde se pueden encontrar \u201cMapas Geol\u00f3gicos y Mineros de Extremadura\u201d en formato PDF para su descarga. Los mapas disponibles son:<\/span><\/span><span><span>\u00a0<\/span><\/span><\/p>\n<ul>\n<li><span><span>Geol\u00f3gico de Extremadura 1:250.000 (2010)<\/span><\/span><span>\n\n<p><\/p><\/span><\/li>\n<li><span><span>Metalogen\u00e9tico de Extremadura 1:250.000 (2007)<\/span><\/span><span>\n\n<p><\/p><\/span><\/li>\n<li><span><span>Metalogen\u00e9tico de Extremadura. Simplificado (2007)<\/span><\/span><span>\n\n<p><\/p><\/span><\/li>\n<li><span><span>Los Recursos Mineros de Extremadura: Las Rocas y Minerales Industriales (2019)<\/span><\/span><span>\n\n<p><\/p><\/span><\/li>\n<li><span><span>Yacimientos de Materias Primas Cr\u00edticas y Estrat\u00e9gicas de Extremadura (2024)<\/span><\/span><span>\n\n<p><\/p><\/span><\/li>\n<li><span><span>Las Aguas Minerales de Extremadura (2024)<\/span><\/span><\/li>\n<li><span>Mapa del Patrimonio Minero de Extremadura (2009)<\/span><\/li>\n<li><span><span>Exploraci\u00f3n Minera en Extremadura (2024)<\/span><\/span><span>\n\n<p><\/p><\/span><\/li>\n<li><span><span>Concesiones de Explotaci\u00f3n Vigentes de Rocas Ornamentales (2024)<\/span><\/span><span>\n\n<p><\/p><\/span><\/li>\n<li><span><span>Concesiones de Explotaci\u00f3n Vigentes de Minerales Industriales (2024)<\/span><\/span><span>\n\n<p><\/p><\/span><\/li>\n<li><span><span>Concesiones de Explotaci\u00f3n de Minerales Met\u00e1licos y Energ\u00e9ticos (2024)<\/span><\/span><span>\n\n<p><\/p><\/span><\/li>\n<li><span><span>Concesiones y Autorizaciones de Explotaci\u00f3n Vigentes de \u00c1ridos y Rocas Industriales\u00a0 (2024)<\/span><\/span><span>\n\n<p><\/p><\/span><\/li>\n<li><span><span>Concesiones y Autorizaciones de Aprovechamiento Vigentes y Activas de Aguas Mineromedicinales\u00a0 (2024)<\/span><\/span><\/li>\n<\/ul>\n<\/div>\n<\/div>","protected":false},"excerpt":{"rendered":"<p>PORTAL SIGEO Mapas Geol\u00f3gicos y Mineros de Extremadura en Portal SIGEO jue, 26 sep 2024 09:21:00 +0200\u00a0ADMINISTRADOR \u00a0Ya est\u00e1 disponible un nuevo contenido dentro de la secci\u00f3n Biblioteca del Portal SIGEO donde se pueden encontrar \u201cMapas Geol\u00f3gicos y Mineros de Extremadura\u201d en formato PDF para su descarga. Los mapas disponibles son:\u00a0 Geol\u00f3gico de Extremadura 1:250.000 [&hellip;]<\/p>\n","protected":false},"author":5,"featured_media":0,"comment_status":"","ping_status":"","sticky":false,"template":"","format":"standard","meta":{"site-sidebar-layout":"default","site-content-layout":"","ast-site-content-layout":"default","site-content-style":"default","site-sidebar-style":"default","ast-global-header-display":"","ast-banner-title-visibility":"","ast-main-header-display":"","ast-hfb-above-header-display":"","ast-hfb-below-header-display":"","ast-hfb-mobile-header-display":"","site-post-title":"","ast-breadcrumbs-content":"","ast-featured-img":"","footer-sml-layout":"","ast-disable-related-posts":"","theme-transparent-header-meta":"","adv-header-id-meta":"","stick-header-meta":"","header-above-stick-meta":"","header-main-stick-meta":"","header-below-stick-meta":"","astra-migrate-meta-layouts":"default","ast-page-background-enabled":"default","ast-page-background-meta":{"desktop":{"background-color":"var(--ast-global-color-4)","background-image":"","background-repeat":"repeat","background-position":"center center","background-size":"auto","background-attachment":"scroll","background-type":"","background-media":"","overlay-type":"","overlay-color":"","overlay-opacity":"","overlay-gradient":""},"tablet":{"background-color":"","background-image":"","background-repeat":"repeat","background-position":"center center","background-size":"auto","background-attachment":"scroll","background-type":"","background-media":"","overlay-type":"","overlay-color":"","overlay-opacity":"","overlay-gradient":""},"mobile":{"background-color":"","background-image":"","background-repeat":"repeat","background-position":"center center","background-size":"auto","background-attachment":"scroll","background-type":"","background-media":"","overlay-type":"","overlay-color":"","overlay-opacity":"","overlay-gradient":""}},"ast-content-background-meta":{"desktop":{"background-color":"var(--ast-global-color-5)","background-image":"","background-repeat":"repeat","background-position":"center center","background-size":"auto","background-attachment":"scroll","background-type":"","background-media":"","overlay-type":"","overlay-color":"","overlay-opacity":"","overlay-gradient":""},"tablet":{"background-color":"var(--ast-global-color-5)","background-image":"","background-repeat":"repeat","background-position":"center center","background-size":"auto","background-attachment":"scroll","background-type":"","background-media":"","overlay-type":"","overlay-color":"","overlay-opacity":"","overlay-gradient":""},"mobile":{"background-color":"var(--ast-global-color-5)","background-image":"","background-repeat":"repeat","background-position":"center center","background-size":"auto","background-attachment":"scroll","background-type":"","background-media":"","overlay-type":"","overlay-color":"","overlay-opacity":"","overlay-gradient":""}},"footnotes":""},"categories":[5],"tags":[],"class_list":["post-5732","post","type-post","status-publish","format-standard","hentry","category-noticias"],"yoast_head":"<!-- This site is optimized with the Yoast SEO Premium plugin v20.9 (Yoast SEO v27.4) - https:\/\/yoast.com\/product\/yoast-seo-premium-wordpress\/ -->\n<title>Mapas Geol\u00f3gicos y Mineros de Extremadura en Portal SIGEO - bip4ex<\/title>\n<meta name=\"robots\" content=\"index, follow, max-snippet:-1, max-image-preview:large, max-video-preview:-1\" \/>\n<link rel=\"canonical\" href=\"https:\/\/helloproject.es\/vigilancia\/mapas-geologicos-y-mineros-de-extremadura-en-portal-sigeo\/\" \/>\n<meta property=\"og:locale\" content=\"es_ES\" \/>\n<meta property=\"og:type\" content=\"article\" \/>\n<meta property=\"og:title\" content=\"Mapas Geol\u00f3gicos y Mineros de Extremadura en Portal SIGEO\" \/>\n<meta property=\"og:description\" content=\"PORTAL SIGEO Mapas Geol\u00f3gicos y Mineros de Extremadura en Portal SIGEO jue, 26 sep 2024 09:21:00 +0200\u00a0ADMINISTRADOR \u00a0Ya est\u00e1 disponible un nuevo contenido dentro de la secci\u00f3n Biblioteca del Portal SIGEO donde se pueden encontrar \u201cMapas Geol\u00f3gicos y Mineros de Extremadura\u201d en formato PDF para su descarga. Los mapas disponibles son:\u00a0 Geol\u00f3gico de Extremadura 1:250.000 [&hellip;]\" \/>\n<meta property=\"og:url\" content=\"https:\/\/helloproject.es\/vigilancia\/mapas-geologicos-y-mineros-de-extremadura-en-portal-sigeo\/\" \/>\n<meta property=\"og:site_name\" content=\"bip4ex\" \/>\n<meta property=\"article:published_time\" content=\"2025-01-07T06:31:43+00:00\" \/>\n<meta property=\"og:image\" content=\"http:\/\/sigeo.juntaex.es\/portalsigeo\/image\/journal\/article?img_id=473316&amp;t=1727352114715\" \/>\n<meta name=\"author\" content=\"Luis Miguel Mej\u00edas Ramos\" \/>\n<meta name=\"twitter:card\" content=\"summary_large_image\" \/>\n<meta name=\"twitter:label1\" content=\"Escrito por\" \/>\n\t<meta name=\"twitter:data1\" content=\"Luis Miguel Mej\u00edas Ramos\" \/>\n\t<meta name=\"twitter:label2\" content=\"Tiempo de lectura\" \/>\n\t<meta name=\"twitter:data2\" content=\"1 minuto\" \/>\n<script type=\"application\/ld+json\" class=\"yoast-schema-graph\">{\"@context\":\"https:\\\/\\\/schema.org\",\"@graph\":[{\"@type\":\"Article\",\"@id\":\"https:\\\/\\\/helloproject.es\\\/vigilancia\\\/mapas-geologicos-y-mineros-de-extremadura-en-portal-sigeo\\\/#article\",\"isPartOf\":{\"@id\":\"https:\\\/\\\/helloproject.es\\\/vigilancia\\\/mapas-geologicos-y-mineros-de-extremadura-en-portal-sigeo\\\/\"},\"author\":{\"name\":\"Luis Miguel Mej\u00edas Ramos\",\"@id\":\"https:\\\/\\\/helloproject.es\\\/vigilancia\\\/#\\\/schema\\\/person\\\/3767b0619d59a11570372c821f8619ca\"},\"headline\":\"Mapas Geol\u00f3gicos y Mineros de Extremadura en Portal SIGEO\",\"datePublished\":\"2025-01-07T06:31:43+00:00\",\"mainEntityOfPage\":{\"@id\":\"https:\\\/\\\/helloproject.es\\\/vigilancia\\\/mapas-geologicos-y-mineros-de-extremadura-en-portal-sigeo\\\/\"},\"wordCount\":161,\"publisher\":{\"@id\":\"https:\\\/\\\/helloproject.es\\\/vigilancia\\\/#organization\"},\"image\":{\"@id\":\"https:\\\/\\\/helloproject.es\\\/vigilancia\\\/mapas-geologicos-y-mineros-de-extremadura-en-portal-sigeo\\\/#primaryimage\"},\"thumbnailUrl\":\"http:\\\/\\\/sigeo.juntaex.es\\\/portalsigeo\\\/image\\\/journal\\\/article?img_id=473316&amp;t=1727352114715\",\"articleSection\":[\"Noticias\"],\"inLanguage\":\"es\"},{\"@type\":\"WebPage\",\"@id\":\"https:\\\/\\\/helloproject.es\\\/vigilancia\\\/mapas-geologicos-y-mineros-de-extremadura-en-portal-sigeo\\\/\",\"url\":\"https:\\\/\\\/helloproject.es\\\/vigilancia\\\/mapas-geologicos-y-mineros-de-extremadura-en-portal-sigeo\\\/\",\"name\":\"Mapas Geol\u00f3gicos y Mineros de Extremadura en Portal SIGEO - bip4ex\",\"isPartOf\":{\"@id\":\"https:\\\/\\\/helloproject.es\\\/vigilancia\\\/#website\"},\"primaryImageOfPage\":{\"@id\":\"https:\\\/\\\/helloproject.es\\\/vigilancia\\\/mapas-geologicos-y-mineros-de-extremadura-en-portal-sigeo\\\/#primaryimage\"},\"image\":{\"@id\":\"https:\\\/\\\/helloproject.es\\\/vigilancia\\\/mapas-geologicos-y-mineros-de-extremadura-en-portal-sigeo\\\/#primaryimage\"},\"thumbnailUrl\":\"http:\\\/\\\/sigeo.juntaex.es\\\/portalsigeo\\\/image\\\/journal\\\/article?img_id=473316&amp;t=1727352114715\",\"datePublished\":\"2025-01-07T06:31:43+00:00\",\"breadcrumb\":{\"@id\":\"https:\\\/\\\/helloproject.es\\\/vigilancia\\\/mapas-geologicos-y-mineros-de-extremadura-en-portal-sigeo\\\/#breadcrumb\"},\"inLanguage\":\"es\",\"potentialAction\":[{\"@type\":\"ReadAction\",\"target\":[\"https:\\\/\\\/helloproject.es\\\/vigilancia\\\/mapas-geologicos-y-mineros-de-extremadura-en-portal-sigeo\\\/\"]}]},{\"@type\":\"ImageObject\",\"inLanguage\":\"es\",\"@id\":\"https:\\\/\\\/helloproject.es\\\/vigilancia\\\/mapas-geologicos-y-mineros-de-extremadura-en-portal-sigeo\\\/#primaryimage\",\"url\":\"http:\\\/\\\/sigeo.juntaex.es\\\/portalsigeo\\\/image\\\/journal\\\/article?img_id=473316&amp;t=1727352114715\",\"contentUrl\":\"http:\\\/\\\/sigeo.juntaex.es\\\/portalsigeo\\\/image\\\/journal\\\/article?img_id=473316&amp;t=1727352114715\"},{\"@type\":\"BreadcrumbList\",\"@id\":\"https:\\\/\\\/helloproject.es\\\/vigilancia\\\/mapas-geologicos-y-mineros-de-extremadura-en-portal-sigeo\\\/#breadcrumb\",\"itemListElement\":[{\"@type\":\"ListItem\",\"position\":1,\"name\":\"Home\",\"item\":\"https:\\\/\\\/helloproject.es\\\/vigilancia\\\/\"},{\"@type\":\"ListItem\",\"position\":2,\"name\":\"Mapas Geol\u00f3gicos y Mineros de Extremadura en Portal SIGEO\"}]},{\"@type\":\"WebSite\",\"@id\":\"https:\\\/\\\/helloproject.es\\\/vigilancia\\\/#website\",\"url\":\"https:\\\/\\\/helloproject.es\\\/vigilancia\\\/\",\"name\":\"bip4ex\",\"description\":\"Vigilancia Tecnol\u00f3gica\",\"publisher\":{\"@id\":\"https:\\\/\\\/helloproject.es\\\/vigilancia\\\/#organization\"},\"potentialAction\":[{\"@type\":\"SearchAction\",\"target\":{\"@type\":\"EntryPoint\",\"urlTemplate\":\"https:\\\/\\\/helloproject.es\\\/vigilancia\\\/?s={search_term_string}\"},\"query-input\":{\"@type\":\"PropertyValueSpecification\",\"valueRequired\":true,\"valueName\":\"search_term_string\"}}],\"inLanguage\":\"es\"},{\"@type\":\"Organization\",\"@id\":\"https:\\\/\\\/helloproject.es\\\/vigilancia\\\/#organization\",\"name\":\"Helloproject.es\",\"url\":\"https:\\\/\\\/helloproject.es\\\/vigilancia\\\/\",\"logo\":{\"@type\":\"ImageObject\",\"inLanguage\":\"es\",\"@id\":\"https:\\\/\\\/helloproject.es\\\/vigilancia\\\/#\\\/schema\\\/logo\\\/image\\\/\",\"url\":\"https:\\\/\\\/helloproject.es\\\/vigilancia\\\/wp-content\\\/uploads\\\/2023\\\/07\\\/bip4ex.png\",\"contentUrl\":\"https:\\\/\\\/helloproject.es\\\/vigilancia\\\/wp-content\\\/uploads\\\/2023\\\/07\\\/bip4ex.png\",\"width\":322,\"height\":365,\"caption\":\"Helloproject.es\"},\"image\":{\"@id\":\"https:\\\/\\\/helloproject.es\\\/vigilancia\\\/#\\\/schema\\\/logo\\\/image\\\/\"}},{\"@type\":\"Person\",\"@id\":\"https:\\\/\\\/helloproject.es\\\/vigilancia\\\/#\\\/schema\\\/person\\\/3767b0619d59a11570372c821f8619ca\",\"name\":\"Luis Miguel Mej\u00edas Ramos\",\"url\":\"https:\\\/\\\/helloproject.es\\\/vigilancia\\\/author\\\/luismi\\\/\"}]}<\/script>\n<!-- \/ Yoast SEO Premium plugin. -->","yoast_head_json":{"title":"Mapas Geol\u00f3gicos y Mineros de Extremadura en Portal SIGEO - bip4ex","robots":{"index":"index","follow":"follow","max-snippet":"max-snippet:-1","max-image-preview":"max-image-preview:large","max-video-preview":"max-video-preview:-1"},"canonical":"https:\/\/helloproject.es\/vigilancia\/mapas-geologicos-y-mineros-de-extremadura-en-portal-sigeo\/","og_locale":"es_ES","og_type":"article","og_title":"Mapas Geol\u00f3gicos y Mineros de Extremadura en Portal SIGEO","og_description":"PORTAL SIGEO Mapas Geol\u00f3gicos y Mineros de Extremadura en Portal SIGEO jue, 26 sep 2024 09:21:00 +0200\u00a0ADMINISTRADOR \u00a0Ya est\u00e1 disponible un nuevo contenido dentro de la secci\u00f3n Biblioteca del Portal SIGEO donde se pueden encontrar \u201cMapas Geol\u00f3gicos y Mineros de Extremadura\u201d en formato PDF para su descarga. Los mapas disponibles son:\u00a0 Geol\u00f3gico de Extremadura 1:250.000 [&hellip;]","og_url":"https:\/\/helloproject.es\/vigilancia\/mapas-geologicos-y-mineros-de-extremadura-en-portal-sigeo\/","og_site_name":"bip4ex","article_published_time":"2025-01-07T06:31:43+00:00","og_image":[{"url":"http:\/\/sigeo.juntaex.es\/portalsigeo\/image\/journal\/article?img_id=473316&amp;t=1727352114715","type":"","width":"","height":""}],"author":"Luis Miguel Mej\u00edas Ramos","twitter_card":"summary_large_image","twitter_misc":{"Escrito por":"Luis Miguel Mej\u00edas Ramos","Tiempo de lectura":"1 minuto"},"schema":{"@context":"https:\/\/schema.org","@graph":[{"@type":"Article","@id":"https:\/\/helloproject.es\/vigilancia\/mapas-geologicos-y-mineros-de-extremadura-en-portal-sigeo\/#article","isPartOf":{"@id":"https:\/\/helloproject.es\/vigilancia\/mapas-geologicos-y-mineros-de-extremadura-en-portal-sigeo\/"},"author":{"name":"Luis Miguel Mej\u00edas Ramos","@id":"https:\/\/helloproject.es\/vigilancia\/#\/schema\/person\/3767b0619d59a11570372c821f8619ca"},"headline":"Mapas Geol\u00f3gicos y Mineros de Extremadura en Portal SIGEO","datePublished":"2025-01-07T06:31:43+00:00","mainEntityOfPage":{"@id":"https:\/\/helloproject.es\/vigilancia\/mapas-geologicos-y-mineros-de-extremadura-en-portal-sigeo\/"},"wordCount":161,"publisher":{"@id":"https:\/\/helloproject.es\/vigilancia\/#organization"},"image":{"@id":"https:\/\/helloproject.es\/vigilancia\/mapas-geologicos-y-mineros-de-extremadura-en-portal-sigeo\/#primaryimage"},"thumbnailUrl":"http:\/\/sigeo.juntaex.es\/portalsigeo\/image\/journal\/article?img_id=473316&amp;t=1727352114715","articleSection":["Noticias"],"inLanguage":"es"},{"@type":"WebPage","@id":"https:\/\/helloproject.es\/vigilancia\/mapas-geologicos-y-mineros-de-extremadura-en-portal-sigeo\/","url":"https:\/\/helloproject.es\/vigilancia\/mapas-geologicos-y-mineros-de-extremadura-en-portal-sigeo\/","name":"Mapas Geol\u00f3gicos y Mineros de Extremadura en Portal SIGEO - bip4ex","isPartOf":{"@id":"https:\/\/helloproject.es\/vigilancia\/#website"},"primaryImageOfPage":{"@id":"https:\/\/helloproject.es\/vigilancia\/mapas-geologicos-y-mineros-de-extremadura-en-portal-sigeo\/#primaryimage"},"image":{"@id":"https:\/\/helloproject.es\/vigilancia\/mapas-geologicos-y-mineros-de-extremadura-en-portal-sigeo\/#primaryimage"},"thumbnailUrl":"http:\/\/sigeo.juntaex.es\/portalsigeo\/image\/journal\/article?img_id=473316&amp;t=1727352114715","datePublished":"2025-01-07T06:31:43+00:00","breadcrumb":{"@id":"https:\/\/helloproject.es\/vigilancia\/mapas-geologicos-y-mineros-de-extremadura-en-portal-sigeo\/#breadcrumb"},"inLanguage":"es","potentialAction":[{"@type":"ReadAction","target":["https:\/\/helloproject.es\/vigilancia\/mapas-geologicos-y-mineros-de-extremadura-en-portal-sigeo\/"]}]},{"@type":"ImageObject","inLanguage":"es","@id":"https:\/\/helloproject.es\/vigilancia\/mapas-geologicos-y-mineros-de-extremadura-en-portal-sigeo\/#primaryimage","url":"http:\/\/sigeo.juntaex.es\/portalsigeo\/image\/journal\/article?img_id=473316&amp;t=1727352114715","contentUrl":"http:\/\/sigeo.juntaex.es\/portalsigeo\/image\/journal\/article?img_id=473316&amp;t=1727352114715"},{"@type":"BreadcrumbList","@id":"https:\/\/helloproject.es\/vigilancia\/mapas-geologicos-y-mineros-de-extremadura-en-portal-sigeo\/#breadcrumb","itemListElement":[{"@type":"ListItem","position":1,"name":"Home","item":"https:\/\/helloproject.es\/vigilancia\/"},{"@type":"ListItem","position":2,"name":"Mapas Geol\u00f3gicos y Mineros de Extremadura en Portal SIGEO"}]},{"@type":"WebSite","@id":"https:\/\/helloproject.es\/vigilancia\/#website","url":"https:\/\/helloproject.es\/vigilancia\/","name":"bip4ex","description":"Vigilancia Tecnol\u00f3gica","publisher":{"@id":"https:\/\/helloproject.es\/vigilancia\/#organization"},"potentialAction":[{"@type":"SearchAction","target":{"@type":"EntryPoint","urlTemplate":"https:\/\/helloproject.es\/vigilancia\/?s={search_term_string}"},"query-input":{"@type":"PropertyValueSpecification","valueRequired":true,"valueName":"search_term_string"}}],"inLanguage":"es"},{"@type":"Organization","@id":"https:\/\/helloproject.es\/vigilancia\/#organization","name":"Helloproject.es","url":"https:\/\/helloproject.es\/vigilancia\/","logo":{"@type":"ImageObject","inLanguage":"es","@id":"https:\/\/helloproject.es\/vigilancia\/#\/schema\/logo\/image\/","url":"https:\/\/helloproject.es\/vigilancia\/wp-content\/uploads\/2023\/07\/bip4ex.png","contentUrl":"https:\/\/helloproject.es\/vigilancia\/wp-content\/uploads\/2023\/07\/bip4ex.png","width":322,"height":365,"caption":"Helloproject.es"},"image":{"@id":"https:\/\/helloproject.es\/vigilancia\/#\/schema\/logo\/image\/"}},{"@type":"Person","@id":"https:\/\/helloproject.es\/vigilancia\/#\/schema\/person\/3767b0619d59a11570372c821f8619ca","name":"Luis Miguel Mej\u00edas Ramos","url":"https:\/\/helloproject.es\/vigilancia\/author\/luismi\/"}]}},"_links":{"self":[{"href":"https:\/\/helloproject.es\/vigilancia\/wp-json\/wp\/v2\/posts\/5732","targetHints":{"allow":["GET"]}}],"collection":[{"href":"https:\/\/helloproject.es\/vigilancia\/wp-json\/wp\/v2\/posts"}],"about":[{"href":"https:\/\/helloproject.es\/vigilancia\/wp-json\/wp\/v2\/types\/post"}],"author":[{"embeddable":true,"href":"https:\/\/helloproject.es\/vigilancia\/wp-json\/wp\/v2\/users\/5"}],"replies":[{"embeddable":true,"href":"https:\/\/helloproject.es\/vigilancia\/wp-json\/wp\/v2\/comments?post=5732"}],"version-history":[{"count":0,"href":"https:\/\/helloproject.es\/vigilancia\/wp-json\/wp\/v2\/posts\/5732\/revisions"}],"wp:attachment":[{"href":"https:\/\/helloproject.es\/vigilancia\/wp-json\/wp\/v2\/media?parent=5732"}],"wp:term":[{"taxonomy":"category","embeddable":true,"href":"https:\/\/helloproject.es\/vigilancia\/wp-json\/wp\/v2\/categories?post=5732"},{"taxonomy":"post_tag","embeddable":true,"href":"https:\/\/helloproject.es\/vigilancia\/wp-json\/wp\/v2\/tags?post=5732"}],"curies":[{"name":"wp","href":"https:\/\/api.w.org\/{rel}","templated":true}]}}