{"id":5733,"date":"2025-01-07T07:31:43","date_gmt":"2025-01-07T06:31:43","guid":{"rendered":"https:\/\/helloproject.es\/vigilancia\/subvenciones-para-el-fomento-y-apoyo-de-la-seguridad-minera-en-extremadura-2024\/"},"modified":"2025-01-07T07:31:43","modified_gmt":"2025-01-07T06:31:43","slug":"subvenciones-para-el-fomento-y-apoyo-de-la-seguridad-minera-en-extremadura-2024","status":"publish","type":"post","link":"https:\/\/helloproject.es\/vigilancia\/subvenciones-para-el-fomento-y-apoyo-de-la-seguridad-minera-en-extremadura-2024\/","title":{"rendered":"Subvenciones para el fomento y apoyo de la seguridad minera en Extremadura 2024"},"content":{"rendered":"<div>\n<div>\n<p class=\"epigraf\">SEGURIDAD MINERA<\/p>\n<h3>Subvenciones para el fomento y apoyo de la seguridad minera en Extremadura 2024<\/h3>\n<div class=\"fotoesquerra\">\n<a href=\"http:\/\/sigeo.juntaex.es\/portalsigeo\/image\/journal\/article?img_id=448691&amp;t=1718001499933\"><img decoding=\"async\" src=\"http:\/\/sigeo.juntaex.es\/portalsigeo\/image\/journal\/article?img_id=448691&amp;t=1718001499933\" alt=\"\" \/><\/a>\n<\/div>\n<p>\n<!-- lun, 10 jun 2024 08:38:19 +0200&nbsp; --><br \/>\n<strong class=\"data\">lun, 10 jun 2024 08:34:00 +0200\u00a0ADMINISTRADOR<\/strong>\n<\/p>\n<p><span><span>Se ha publicado con fecha 10 de junio de 2024 en el Diario Oficial de Extremadura (DOE) n\u00famero 111 la Resoluci\u00f3n de 30 de mayo de 2024, de la Secretar\u00eda General, por la que se aprueba la convocatoria de subvenciones para el fomento y apoyo de la seguridad minera en Extremadura, para el ejercicio 2024.<\/span><\/span><span><span><\/span><\/span><\/p>\n<p>\u00a0<\/p>\n<p><span><\/span><\/p>\n<p><\/p>\n<p><span><span>El objeto de la presente resoluci\u00f3n es realizar la convocatoria, para el ejercicio 2024, de las ayudas destinadas al fomento y apoyo a la seguridad minera en las empresas que de\u00adsarrollen su actividad minera en Extremadura, de conformidad con el Decreto 209\/2017, de 28 de noviembre, por el que se establecen las bases reguladoras de las subvenciones para el fomento y apoyo a la seguridad minera en la Comunidad Aut\u00f3noma de Extremadura, (DOE n.\u00ba 232, de 4 de diciembre), posibilitando la aplicaci\u00f3n de nuevas tecnolog\u00edas orientadas a la mejora de las condiciones laborales en las explotaciones y establecimientos de beneficios, regulados por la Ley 22\/1973, de 21 de julio, de Minas.<\/span><\/span><span>\u00a0<\/span><\/p>\n<p><span><span>El plazo de presentaci\u00f3n de solicitudes ser\u00e1 de un mes, a contar desde el d\u00eda siguiente al de la publicaci\u00f3n de la presente resoluci\u00f3n de convocatoria y de su extracto, en el Diario Oficial de Extremadura.<\/span><span> Las solicitudes de ayudas ir\u00e1n dirigidas a <\/span><\/span><span><span>la  Direcci\u00f3n General<\/span><span> de Industria, Energ\u00eda y Minas seg\u00fan el modelo establecido en el Anexo I de la orden de convocatoria.<\/span><\/span><span>\u00a0<\/span><\/p>\n<p><span><span>Enlaces a documentos:<\/span><\/span><span>\u00a0<\/span><\/p>\n<ul>\n<li><a href=\"https:\/\/doe.juntaex.es\/pdfs\/doe\/2024\/1110o\/24061996.pdf\" target=\"_blank\"><span><span>Resoluci\u00f3n de 30 de mayo de 2024<\/span><\/span><\/a><span>\u00a0<\/span><\/li>\n<li><a href=\"https:\/\/doe.juntaex.es\/pdfs\/doe\/2024\/1110o\/24062001.pdf\" target=\"_blank\"><span><span>Extracto de la Resoluci\u00f3n de 30 de mayo de 2024<\/span><\/span><\/a><span>\u00a0<\/span><\/li>\n<li><a href=\"https:\/\/www.infosubvenciones.gob.es\/bdnstrans\/GE\/es\/convocatorias\/765839\" target=\"_blank\"><span><span>Base de Datos Nacional de Subvenciones<\/span><\/span><\/a><span>\n\n<p><\/p><\/span><\/li>\n<\/ul>\n<\/div>\n<\/div>","protected":false},"excerpt":{"rendered":"<p>SEGURIDAD MINERA Subvenciones para el fomento y apoyo de la seguridad minera en Extremadura 2024 lun, 10 jun 2024 08:34:00 +0200\u00a0ADMINISTRADOR Se ha publicado con fecha 10 de junio de 2024 en el Diario Oficial de Extremadura (DOE) n\u00famero 111 la Resoluci\u00f3n de 30 de mayo de 2024, de la Secretar\u00eda General, por la que [&hellip;]<\/p>\n","protected":false},"author":5,"featured_media":0,"comment_status":"","ping_status":"","sticky":false,"template":"","format":"standard","meta":{"site-sidebar-layout":"default","site-content-layout":"","ast-site-content-layout":"default","site-content-style":"default","site-sidebar-style":"default","ast-global-header-display":"","ast-banner-title-visibility":"","ast-main-header-display":"","ast-hfb-above-header-display":"","ast-hfb-below-header-display":"","ast-hfb-mobile-header-display":"","site-post-title":"","ast-breadcrumbs-content":"","ast-featured-img":"","footer-sml-layout":"","ast-disable-related-posts":"","theme-transparent-header-meta":"","adv-header-id-meta":"","stick-header-meta":"","header-above-stick-meta":"","header-main-stick-meta":"","header-below-stick-meta":"","astra-migrate-meta-layouts":"default","ast-page-background-enabled":"default","ast-page-background-meta":{"desktop":{"background-color":"var(--ast-global-color-4)","background-image":"","background-repeat":"repeat","background-position":"center center","background-size":"auto","background-attachment":"scroll","background-type":"","background-media":"","overlay-type":"","overlay-color":"","overlay-opacity":"","overlay-gradient":""},"tablet":{"background-color":"","background-image":"","background-repeat":"repeat","background-position":"center center","background-size":"auto","background-attachment":"scroll","background-type":"","background-media":"","overlay-type":"","overlay-color":"","overlay-opacity":"","overlay-gradient":""},"mobile":{"background-color":"","background-image":"","background-repeat":"repeat","background-position":"center center","background-size":"auto","background-attachment":"scroll","background-type":"","background-media":"","overlay-type":"","overlay-color":"","overlay-opacity":"","overlay-gradient":""}},"ast-content-background-meta":{"desktop":{"background-color":"var(--ast-global-color-5)","background-image":"","background-repeat":"repeat","background-position":"center center","background-size":"auto","background-attachment":"scroll","background-type":"","background-media":"","overlay-type":"","overlay-color":"","overlay-opacity":"","overlay-gradient":""},"tablet":{"background-color":"var(--ast-global-color-5)","background-image":"","background-repeat":"repeat","background-position":"center center","background-size":"auto","background-attachment":"scroll","background-type":"","background-media":"","overlay-type":"","overlay-color":"","overlay-opacity":"","overlay-gradient":""},"mobile":{"background-color":"var(--ast-global-color-5)","background-image":"","background-repeat":"repeat","background-position":"center center","background-size":"auto","background-attachment":"scroll","background-type":"","background-media":"","overlay-type":"","overlay-color":"","overlay-opacity":"","overlay-gradient":""}},"footnotes":""},"categories":[5],"tags":[],"class_list":["post-5733","post","type-post","status-publish","format-standard","hentry","category-noticias"],"yoast_head":"<!-- This site is optimized with the Yoast SEO Premium plugin v20.9 (Yoast SEO v27.4) - https:\/\/yoast.com\/product\/yoast-seo-premium-wordpress\/ -->\n<title>Subvenciones para el fomento y apoyo de la seguridad minera en Extremadura 2024 - bip4ex<\/title>\n<meta name=\"robots\" content=\"index, follow, max-snippet:-1, max-image-preview:large, max-video-preview:-1\" \/>\n<link rel=\"canonical\" href=\"https:\/\/helloproject.es\/vigilancia\/subvenciones-para-el-fomento-y-apoyo-de-la-seguridad-minera-en-extremadura-2024\/\" \/>\n<meta property=\"og:locale\" content=\"es_ES\" \/>\n<meta property=\"og:type\" content=\"article\" \/>\n<meta property=\"og:title\" content=\"Subvenciones para el fomento y apoyo de la seguridad minera en Extremadura 2024\" \/>\n<meta property=\"og:description\" content=\"SEGURIDAD MINERA Subvenciones para el fomento y apoyo de la seguridad minera en Extremadura 2024 lun, 10 jun 2024 08:34:00 +0200\u00a0ADMINISTRADOR Se ha publicado con fecha 10 de junio de 2024 en el Diario Oficial de Extremadura (DOE) n\u00famero 111 la Resoluci\u00f3n de 30 de mayo de 2024, de la Secretar\u00eda General, por la que [&hellip;]\" \/>\n<meta property=\"og:url\" content=\"https:\/\/helloproject.es\/vigilancia\/subvenciones-para-el-fomento-y-apoyo-de-la-seguridad-minera-en-extremadura-2024\/\" \/>\n<meta property=\"og:site_name\" content=\"bip4ex\" \/>\n<meta property=\"article:published_time\" content=\"2025-01-07T06:31:43+00:00\" \/>\n<meta property=\"og:image\" content=\"http:\/\/sigeo.juntaex.es\/portalsigeo\/image\/journal\/article?img_id=448691&amp;t=1718001499933\" \/>\n<meta name=\"author\" content=\"Luis Miguel Mej\u00edas Ramos\" \/>\n<meta name=\"twitter:card\" content=\"summary_large_image\" \/>\n<meta name=\"twitter:label1\" content=\"Escrito por\" \/>\n\t<meta name=\"twitter:data1\" content=\"Luis Miguel Mej\u00edas Ramos\" \/>\n\t<meta name=\"twitter:label2\" content=\"Tiempo de lectura\" \/>\n\t<meta name=\"twitter:data2\" content=\"1 minuto\" \/>\n<script type=\"application\/ld+json\" class=\"yoast-schema-graph\">{\"@context\":\"https:\\\/\\\/schema.org\",\"@graph\":[{\"@type\":\"Article\",\"@id\":\"https:\\\/\\\/helloproject.es\\\/vigilancia\\\/subvenciones-para-el-fomento-y-apoyo-de-la-seguridad-minera-en-extremadura-2024\\\/#article\",\"isPartOf\":{\"@id\":\"https:\\\/\\\/helloproject.es\\\/vigilancia\\\/subvenciones-para-el-fomento-y-apoyo-de-la-seguridad-minera-en-extremadura-2024\\\/\"},\"author\":{\"name\":\"Luis Miguel Mej\u00edas Ramos\",\"@id\":\"https:\\\/\\\/helloproject.es\\\/vigilancia\\\/#\\\/schema\\\/person\\\/3767b0619d59a11570372c821f8619ca\"},\"headline\":\"Subvenciones para el fomento y apoyo de la seguridad minera en Extremadura 2024\",\"datePublished\":\"2025-01-07T06:31:43+00:00\",\"mainEntityOfPage\":{\"@id\":\"https:\\\/\\\/helloproject.es\\\/vigilancia\\\/subvenciones-para-el-fomento-y-apoyo-de-la-seguridad-minera-en-extremadura-2024\\\/\"},\"wordCount\":286,\"publisher\":{\"@id\":\"https:\\\/\\\/helloproject.es\\\/vigilancia\\\/#organization\"},\"image\":{\"@id\":\"https:\\\/\\\/helloproject.es\\\/vigilancia\\\/subvenciones-para-el-fomento-y-apoyo-de-la-seguridad-minera-en-extremadura-2024\\\/#primaryimage\"},\"thumbnailUrl\":\"http:\\\/\\\/sigeo.juntaex.es\\\/portalsigeo\\\/image\\\/journal\\\/article?img_id=448691&amp;t=1718001499933\",\"articleSection\":[\"Noticias\"],\"inLanguage\":\"es\"},{\"@type\":\"WebPage\",\"@id\":\"https:\\\/\\\/helloproject.es\\\/vigilancia\\\/subvenciones-para-el-fomento-y-apoyo-de-la-seguridad-minera-en-extremadura-2024\\\/\",\"url\":\"https:\\\/\\\/helloproject.es\\\/vigilancia\\\/subvenciones-para-el-fomento-y-apoyo-de-la-seguridad-minera-en-extremadura-2024\\\/\",\"name\":\"Subvenciones para el fomento y apoyo de la seguridad minera en Extremadura 2024 - bip4ex\",\"isPartOf\":{\"@id\":\"https:\\\/\\\/helloproject.es\\\/vigilancia\\\/#website\"},\"primaryImageOfPage\":{\"@id\":\"https:\\\/\\\/helloproject.es\\\/vigilancia\\\/subvenciones-para-el-fomento-y-apoyo-de-la-seguridad-minera-en-extremadura-2024\\\/#primaryimage\"},\"image\":{\"@id\":\"https:\\\/\\\/helloproject.es\\\/vigilancia\\\/subvenciones-para-el-fomento-y-apoyo-de-la-seguridad-minera-en-extremadura-2024\\\/#primaryimage\"},\"thumbnailUrl\":\"http:\\\/\\\/sigeo.juntaex.es\\\/portalsigeo\\\/image\\\/journal\\\/article?img_id=448691&amp;t=1718001499933\",\"datePublished\":\"2025-01-07T06:31:43+00:00\",\"breadcrumb\":{\"@id\":\"https:\\\/\\\/helloproject.es\\\/vigilancia\\\/subvenciones-para-el-fomento-y-apoyo-de-la-seguridad-minera-en-extremadura-2024\\\/#breadcrumb\"},\"inLanguage\":\"es\",\"potentialAction\":[{\"@type\":\"ReadAction\",\"target\":[\"https:\\\/\\\/helloproject.es\\\/vigilancia\\\/subvenciones-para-el-fomento-y-apoyo-de-la-seguridad-minera-en-extremadura-2024\\\/\"]}]},{\"@type\":\"ImageObject\",\"inLanguage\":\"es\",\"@id\":\"https:\\\/\\\/helloproject.es\\\/vigilancia\\\/subvenciones-para-el-fomento-y-apoyo-de-la-seguridad-minera-en-extremadura-2024\\\/#primaryimage\",\"url\":\"http:\\\/\\\/sigeo.juntaex.es\\\/portalsigeo\\\/image\\\/journal\\\/article?img_id=448691&amp;t=1718001499933\",\"contentUrl\":\"http:\\\/\\\/sigeo.juntaex.es\\\/portalsigeo\\\/image\\\/journal\\\/article?img_id=448691&amp;t=1718001499933\"},{\"@type\":\"BreadcrumbList\",\"@id\":\"https:\\\/\\\/helloproject.es\\\/vigilancia\\\/subvenciones-para-el-fomento-y-apoyo-de-la-seguridad-minera-en-extremadura-2024\\\/#breadcrumb\",\"itemListElement\":[{\"@type\":\"ListItem\",\"position\":1,\"name\":\"Home\",\"item\":\"https:\\\/\\\/helloproject.es\\\/vigilancia\\\/\"},{\"@type\":\"ListItem\",\"position\":2,\"name\":\"Subvenciones para el fomento y apoyo de la seguridad minera en Extremadura 2024\"}]},{\"@type\":\"WebSite\",\"@id\":\"https:\\\/\\\/helloproject.es\\\/vigilancia\\\/#website\",\"url\":\"https:\\\/\\\/helloproject.es\\\/vigilancia\\\/\",\"name\":\"bip4ex\",\"description\":\"Vigilancia Tecnol\u00f3gica\",\"publisher\":{\"@id\":\"https:\\\/\\\/helloproject.es\\\/vigilancia\\\/#organization\"},\"potentialAction\":[{\"@type\":\"SearchAction\",\"target\":{\"@type\":\"EntryPoint\",\"urlTemplate\":\"https:\\\/\\\/helloproject.es\\\/vigilancia\\\/?s={search_term_string}\"},\"query-input\":{\"@type\":\"PropertyValueSpecification\",\"valueRequired\":true,\"valueName\":\"search_term_string\"}}],\"inLanguage\":\"es\"},{\"@type\":\"Organization\",\"@id\":\"https:\\\/\\\/helloproject.es\\\/vigilancia\\\/#organization\",\"name\":\"Helloproject.es\",\"url\":\"https:\\\/\\\/helloproject.es\\\/vigilancia\\\/\",\"logo\":{\"@type\":\"ImageObject\",\"inLanguage\":\"es\",\"@id\":\"https:\\\/\\\/helloproject.es\\\/vigilancia\\\/#\\\/schema\\\/logo\\\/image\\\/\",\"url\":\"https:\\\/\\\/helloproject.es\\\/vigilancia\\\/wp-content\\\/uploads\\\/2023\\\/07\\\/bip4ex.png\",\"contentUrl\":\"https:\\\/\\\/helloproject.es\\\/vigilancia\\\/wp-content\\\/uploads\\\/2023\\\/07\\\/bip4ex.png\",\"width\":322,\"height\":365,\"caption\":\"Helloproject.es\"},\"image\":{\"@id\":\"https:\\\/\\\/helloproject.es\\\/vigilancia\\\/#\\\/schema\\\/logo\\\/image\\\/\"}},{\"@type\":\"Person\",\"@id\":\"https:\\\/\\\/helloproject.es\\\/vigilancia\\\/#\\\/schema\\\/person\\\/3767b0619d59a11570372c821f8619ca\",\"name\":\"Luis Miguel Mej\u00edas Ramos\",\"url\":\"https:\\\/\\\/helloproject.es\\\/vigilancia\\\/author\\\/luismi\\\/\"}]}<\/script>\n<!-- \/ Yoast SEO Premium plugin. -->","yoast_head_json":{"title":"Subvenciones para el fomento y apoyo de la seguridad minera en Extremadura 2024 - bip4ex","robots":{"index":"index","follow":"follow","max-snippet":"max-snippet:-1","max-image-preview":"max-image-preview:large","max-video-preview":"max-video-preview:-1"},"canonical":"https:\/\/helloproject.es\/vigilancia\/subvenciones-para-el-fomento-y-apoyo-de-la-seguridad-minera-en-extremadura-2024\/","og_locale":"es_ES","og_type":"article","og_title":"Subvenciones para el fomento y apoyo de la seguridad minera en Extremadura 2024","og_description":"SEGURIDAD MINERA Subvenciones para el fomento y apoyo de la seguridad minera en Extremadura 2024 lun, 10 jun 2024 08:34:00 +0200\u00a0ADMINISTRADOR Se ha publicado con fecha 10 de junio de 2024 en el Diario Oficial de Extremadura (DOE) n\u00famero 111 la Resoluci\u00f3n de 30 de mayo de 2024, de la Secretar\u00eda General, por la que [&hellip;]","og_url":"https:\/\/helloproject.es\/vigilancia\/subvenciones-para-el-fomento-y-apoyo-de-la-seguridad-minera-en-extremadura-2024\/","og_site_name":"bip4ex","article_published_time":"2025-01-07T06:31:43+00:00","og_image":[{"url":"http:\/\/sigeo.juntaex.es\/portalsigeo\/image\/journal\/article?img_id=448691&amp;t=1718001499933","type":"","width":"","height":""}],"author":"Luis Miguel Mej\u00edas Ramos","twitter_card":"summary_large_image","twitter_misc":{"Escrito por":"Luis Miguel Mej\u00edas Ramos","Tiempo de lectura":"1 minuto"},"schema":{"@context":"https:\/\/schema.org","@graph":[{"@type":"Article","@id":"https:\/\/helloproject.es\/vigilancia\/subvenciones-para-el-fomento-y-apoyo-de-la-seguridad-minera-en-extremadura-2024\/#article","isPartOf":{"@id":"https:\/\/helloproject.es\/vigilancia\/subvenciones-para-el-fomento-y-apoyo-de-la-seguridad-minera-en-extremadura-2024\/"},"author":{"name":"Luis Miguel Mej\u00edas Ramos","@id":"https:\/\/helloproject.es\/vigilancia\/#\/schema\/person\/3767b0619d59a11570372c821f8619ca"},"headline":"Subvenciones para el fomento y apoyo de la seguridad minera en Extremadura 2024","datePublished":"2025-01-07T06:31:43+00:00","mainEntityOfPage":{"@id":"https:\/\/helloproject.es\/vigilancia\/subvenciones-para-el-fomento-y-apoyo-de-la-seguridad-minera-en-extremadura-2024\/"},"wordCount":286,"publisher":{"@id":"https:\/\/helloproject.es\/vigilancia\/#organization"},"image":{"@id":"https:\/\/helloproject.es\/vigilancia\/subvenciones-para-el-fomento-y-apoyo-de-la-seguridad-minera-en-extremadura-2024\/#primaryimage"},"thumbnailUrl":"http:\/\/sigeo.juntaex.es\/portalsigeo\/image\/journal\/article?img_id=448691&amp;t=1718001499933","articleSection":["Noticias"],"inLanguage":"es"},{"@type":"WebPage","@id":"https:\/\/helloproject.es\/vigilancia\/subvenciones-para-el-fomento-y-apoyo-de-la-seguridad-minera-en-extremadura-2024\/","url":"https:\/\/helloproject.es\/vigilancia\/subvenciones-para-el-fomento-y-apoyo-de-la-seguridad-minera-en-extremadura-2024\/","name":"Subvenciones para el fomento y apoyo de la seguridad minera en Extremadura 2024 - bip4ex","isPartOf":{"@id":"https:\/\/helloproject.es\/vigilancia\/#website"},"primaryImageOfPage":{"@id":"https:\/\/helloproject.es\/vigilancia\/subvenciones-para-el-fomento-y-apoyo-de-la-seguridad-minera-en-extremadura-2024\/#primaryimage"},"image":{"@id":"https:\/\/helloproject.es\/vigilancia\/subvenciones-para-el-fomento-y-apoyo-de-la-seguridad-minera-en-extremadura-2024\/#primaryimage"},"thumbnailUrl":"http:\/\/sigeo.juntaex.es\/portalsigeo\/image\/journal\/article?img_id=448691&amp;t=1718001499933","datePublished":"2025-01-07T06:31:43+00:00","breadcrumb":{"@id":"https:\/\/helloproject.es\/vigilancia\/subvenciones-para-el-fomento-y-apoyo-de-la-seguridad-minera-en-extremadura-2024\/#breadcrumb"},"inLanguage":"es","potentialAction":[{"@type":"ReadAction","target":["https:\/\/helloproject.es\/vigilancia\/subvenciones-para-el-fomento-y-apoyo-de-la-seguridad-minera-en-extremadura-2024\/"]}]},{"@type":"ImageObject","inLanguage":"es","@id":"https:\/\/helloproject.es\/vigilancia\/subvenciones-para-el-fomento-y-apoyo-de-la-seguridad-minera-en-extremadura-2024\/#primaryimage","url":"http:\/\/sigeo.juntaex.es\/portalsigeo\/image\/journal\/article?img_id=448691&amp;t=1718001499933","contentUrl":"http:\/\/sigeo.juntaex.es\/portalsigeo\/image\/journal\/article?img_id=448691&amp;t=1718001499933"},{"@type":"BreadcrumbList","@id":"https:\/\/helloproject.es\/vigilancia\/subvenciones-para-el-fomento-y-apoyo-de-la-seguridad-minera-en-extremadura-2024\/#breadcrumb","itemListElement":[{"@type":"ListItem","position":1,"name":"Home","item":"https:\/\/helloproject.es\/vigilancia\/"},{"@type":"ListItem","position":2,"name":"Subvenciones para el fomento y apoyo de la seguridad minera en Extremadura 2024"}]},{"@type":"WebSite","@id":"https:\/\/helloproject.es\/vigilancia\/#website","url":"https:\/\/helloproject.es\/vigilancia\/","name":"bip4ex","description":"Vigilancia Tecnol\u00f3gica","publisher":{"@id":"https:\/\/helloproject.es\/vigilancia\/#organization"},"potentialAction":[{"@type":"SearchAction","target":{"@type":"EntryPoint","urlTemplate":"https:\/\/helloproject.es\/vigilancia\/?s={search_term_string}"},"query-input":{"@type":"PropertyValueSpecification","valueRequired":true,"valueName":"search_term_string"}}],"inLanguage":"es"},{"@type":"Organization","@id":"https:\/\/helloproject.es\/vigilancia\/#organization","name":"Helloproject.es","url":"https:\/\/helloproject.es\/vigilancia\/","logo":{"@type":"ImageObject","inLanguage":"es","@id":"https:\/\/helloproject.es\/vigilancia\/#\/schema\/logo\/image\/","url":"https:\/\/helloproject.es\/vigilancia\/wp-content\/uploads\/2023\/07\/bip4ex.png","contentUrl":"https:\/\/helloproject.es\/vigilancia\/wp-content\/uploads\/2023\/07\/bip4ex.png","width":322,"height":365,"caption":"Helloproject.es"},"image":{"@id":"https:\/\/helloproject.es\/vigilancia\/#\/schema\/logo\/image\/"}},{"@type":"Person","@id":"https:\/\/helloproject.es\/vigilancia\/#\/schema\/person\/3767b0619d59a11570372c821f8619ca","name":"Luis Miguel Mej\u00edas Ramos","url":"https:\/\/helloproject.es\/vigilancia\/author\/luismi\/"}]}},"_links":{"self":[{"href":"https:\/\/helloproject.es\/vigilancia\/wp-json\/wp\/v2\/posts\/5733","targetHints":{"allow":["GET"]}}],"collection":[{"href":"https:\/\/helloproject.es\/vigilancia\/wp-json\/wp\/v2\/posts"}],"about":[{"href":"https:\/\/helloproject.es\/vigilancia\/wp-json\/wp\/v2\/types\/post"}],"author":[{"embeddable":true,"href":"https:\/\/helloproject.es\/vigilancia\/wp-json\/wp\/v2\/users\/5"}],"replies":[{"embeddable":true,"href":"https:\/\/helloproject.es\/vigilancia\/wp-json\/wp\/v2\/comments?post=5733"}],"version-history":[{"count":0,"href":"https:\/\/helloproject.es\/vigilancia\/wp-json\/wp\/v2\/posts\/5733\/revisions"}],"wp:attachment":[{"href":"https:\/\/helloproject.es\/vigilancia\/wp-json\/wp\/v2\/media?parent=5733"}],"wp:term":[{"taxonomy":"category","embeddable":true,"href":"https:\/\/helloproject.es\/vigilancia\/wp-json\/wp\/v2\/categories?post=5733"},{"taxonomy":"post_tag","embeddable":true,"href":"https:\/\/helloproject.es\/vigilancia\/wp-json\/wp\/v2\/tags?post=5733"}],"curies":[{"name":"wp","href":"https:\/\/api.w.org\/{rel}","templated":true}]}}