{"id":5738,"date":"2025-01-07T07:31:46","date_gmt":"2025-01-07T06:31:46","guid":{"rendered":"https:\/\/helloproject.es\/vigilancia\/consulta-delimitacion-dph-rios-guadiana-y-gargaligas\/"},"modified":"2025-01-07T07:31:46","modified_gmt":"2025-01-07T06:31:46","slug":"consulta-delimitacion-dph-rios-guadiana-y-gargaligas","status":"publish","type":"post","link":"https:\/\/helloproject.es\/vigilancia\/consulta-delimitacion-dph-rios-guadiana-y-gargaligas\/","title":{"rendered":"Consulta Delimitaci\u00f3n DPH r\u00edos Guadiana y Garg\u00e1ligas"},"content":{"rendered":"<div>\n<div>\n<p class=\"epigraf\">BOE<\/p>\n<h3>Consulta Delimitaci\u00f3n DPH r\u00edos Guadiana y Garg\u00e1ligas<\/h3>\n<div class=\"fotoesquerra\">\n<a href=\"http:\/\/sigeo.juntaex.es\/portalsigeo\/image\/journal\/article?img_id=384872&amp;t=1689058690127\"><img decoding=\"async\" src=\"http:\/\/sigeo.juntaex.es\/portalsigeo\/image\/journal\/article?img_id=384872&amp;t=1689058690127\" alt=\"\" \/><\/a>\n<\/div>\n<p>\n<!-- mar, 11 jul 2023 08:58:10 +0200&nbsp; --><br \/>\n<strong class=\"data\">mar, 11 jul 2023 08:55:00 +0200\u00a0ADMINISTRADOR<\/strong>\n<\/p>\n<p class=\"MsoNormal\"><span><span>Publicado en el Bolet\u00edn Oficial del Estado n\u00famero 163 de 10 de julio de 2023, r<span>esoluci\u00f3n de la Confederaci\u00f3n Hidrogr\u00e1fica del Guadiana, O.A. por la que se anuncia el inicio del proceso de consulta p\u00fablica de la<\/span> <span>cartograf\u00eda propuesta de delimitaci\u00f3n del dominio p\u00fablico hidr\u00e1ulico, de las zonas inundables y de las zonas de flujo preferente, de varios tramos del r\u00edo Guadiana y de un tramo del r\u00edo Garg\u00e1ligas<\/span>.<\/span><\/span><span>\u00a0<\/span><\/p>\n<p class=\"MsoNormal\"><span><span>La exposici\u00f3n de estos mapas se va a realizar en la p\u00e1gina web de la Confederaci\u00f3n Hidrogr\u00e1fica del Guadiana, y concretamente en la siguiente direcci\u00f3n: https:\/\/www.chguadiana.es\/cuenca-hidrografica\/cartograf\u00ed-y-gestion-del-riesgo-de-inundacion\/cartograf\u00eda-de-otras-zonas-inundables\/.<\/span><\/span><span>\u00a0<\/span><\/p>\n<p class=\"MsoNormal\"><span><span>Se podr\u00e1n realizar aportaciones y formular cuantas observaciones y sugerencias se estimen convenientes durante un periodo de tres (3) meses, a contar desde el d\u00eda siguiente a la publicaci\u00f3n del presente anuncio en el Bolet\u00edn Oficial del Estado.<\/span><\/span><span>\u00a0<\/span><\/p>\n<p class=\"MsoNormal\"><span><span>El enlace al Bolet\u00edn Oficial del Estado es el siguiente:<\/span><\/span><span>\u00a0<\/span><\/p>\n<p class=\"MsoNormal\"><a href=\"https:\/\/www.boe.es\/boe\/dias\/2023\/07\/10\/pdfs\/BOE-B-2023-21193.pdf\"><span><span>https:\/\/www.boe.es\/boe\/dias\/2023\/07\/10\/pdfs\/BOE-B-2023-21193.pdf<\/span><\/span><\/a><\/p>\n<\/div>\n<\/div>","protected":false},"excerpt":{"rendered":"<p>BOE Consulta Delimitaci\u00f3n DPH r\u00edos Guadiana y Garg\u00e1ligas mar, 11 jul 2023 08:55:00 +0200\u00a0ADMINISTRADOR Publicado en el Bolet\u00edn Oficial del Estado n\u00famero 163 de 10 de julio de 2023, resoluci\u00f3n de la Confederaci\u00f3n Hidrogr\u00e1fica del Guadiana, O.A. por la que se anuncia el inicio del proceso de consulta p\u00fablica de la cartograf\u00eda propuesta de delimitaci\u00f3n [&hellip;]<\/p>\n","protected":false},"author":5,"featured_media":0,"comment_status":"","ping_status":"","sticky":false,"template":"","format":"standard","meta":{"site-sidebar-layout":"default","site-content-layout":"","ast-site-content-layout":"default","site-content-style":"default","site-sidebar-style":"default","ast-global-header-display":"","ast-banner-title-visibility":"","ast-main-header-display":"","ast-hfb-above-header-display":"","ast-hfb-below-header-display":"","ast-hfb-mobile-header-display":"","site-post-title":"","ast-breadcrumbs-content":"","ast-featured-img":"","footer-sml-layout":"","ast-disable-related-posts":"","theme-transparent-header-meta":"","adv-header-id-meta":"","stick-header-meta":"","header-above-stick-meta":"","header-main-stick-meta":"","header-below-stick-meta":"","astra-migrate-meta-layouts":"default","ast-page-background-enabled":"default","ast-page-background-meta":{"desktop":{"background-color":"var(--ast-global-color-4)","background-image":"","background-repeat":"repeat","background-position":"center center","background-size":"auto","background-attachment":"scroll","background-type":"","background-media":"","overlay-type":"","overlay-color":"","overlay-opacity":"","overlay-gradient":""},"tablet":{"background-color":"","background-image":"","background-repeat":"repeat","background-position":"center center","background-size":"auto","background-attachment":"scroll","background-type":"","background-media":"","overlay-type":"","overlay-color":"","overlay-opacity":"","overlay-gradient":""},"mobile":{"background-color":"","background-image":"","background-repeat":"repeat","background-position":"center center","background-size":"auto","background-attachment":"scroll","background-type":"","background-media":"","overlay-type":"","overlay-color":"","overlay-opacity":"","overlay-gradient":""}},"ast-content-background-meta":{"desktop":{"background-color":"var(--ast-global-color-5)","background-image":"","background-repeat":"repeat","background-position":"center center","background-size":"auto","background-attachment":"scroll","background-type":"","background-media":"","overlay-type":"","overlay-color":"","overlay-opacity":"","overlay-gradient":""},"tablet":{"background-color":"var(--ast-global-color-5)","background-image":"","background-repeat":"repeat","background-position":"center center","background-size":"auto","background-attachment":"scroll","background-type":"","background-media":"","overlay-type":"","overlay-color":"","overlay-opacity":"","overlay-gradient":""},"mobile":{"background-color":"var(--ast-global-color-5)","background-image":"","background-repeat":"repeat","background-position":"center center","background-size":"auto","background-attachment":"scroll","background-type":"","background-media":"","overlay-type":"","overlay-color":"","overlay-opacity":"","overlay-gradient":""}},"footnotes":""},"categories":[5],"tags":[],"class_list":["post-5738","post","type-post","status-publish","format-standard","hentry","category-noticias"],"yoast_head":"<!-- This site is optimized with the Yoast SEO Premium plugin v20.9 (Yoast SEO v27.4) - https:\/\/yoast.com\/product\/yoast-seo-premium-wordpress\/ -->\n<title>Consulta Delimitaci\u00f3n DPH r\u00edos Guadiana y Garg\u00e1ligas - bip4ex<\/title>\n<meta name=\"robots\" content=\"index, follow, max-snippet:-1, max-image-preview:large, max-video-preview:-1\" \/>\n<link rel=\"canonical\" href=\"https:\/\/helloproject.es\/vigilancia\/consulta-delimitacion-dph-rios-guadiana-y-gargaligas\/\" \/>\n<meta property=\"og:locale\" content=\"es_ES\" \/>\n<meta property=\"og:type\" content=\"article\" \/>\n<meta property=\"og:title\" content=\"Consulta Delimitaci\u00f3n DPH r\u00edos Guadiana y Garg\u00e1ligas\" \/>\n<meta property=\"og:description\" content=\"BOE Consulta Delimitaci\u00f3n DPH r\u00edos Guadiana y Garg\u00e1ligas mar, 11 jul 2023 08:55:00 +0200\u00a0ADMINISTRADOR Publicado en el Bolet\u00edn Oficial del Estado n\u00famero 163 de 10 de julio de 2023, resoluci\u00f3n de la Confederaci\u00f3n Hidrogr\u00e1fica del Guadiana, O.A. por la que se anuncia el inicio del proceso de consulta p\u00fablica de la cartograf\u00eda propuesta de delimitaci\u00f3n [&hellip;]\" \/>\n<meta property=\"og:url\" content=\"https:\/\/helloproject.es\/vigilancia\/consulta-delimitacion-dph-rios-guadiana-y-gargaligas\/\" \/>\n<meta property=\"og:site_name\" content=\"bip4ex\" \/>\n<meta property=\"article:published_time\" content=\"2025-01-07T06:31:46+00:00\" \/>\n<meta property=\"og:image\" content=\"http:\/\/sigeo.juntaex.es\/portalsigeo\/image\/journal\/article?img_id=384872&amp;t=1689058690127\" \/>\n<meta name=\"author\" content=\"Luis Miguel Mej\u00edas Ramos\" \/>\n<meta name=\"twitter:card\" content=\"summary_large_image\" \/>\n<meta name=\"twitter:label1\" content=\"Escrito por\" \/>\n\t<meta name=\"twitter:data1\" content=\"Luis Miguel Mej\u00edas Ramos\" \/>\n\t<meta name=\"twitter:label2\" content=\"Tiempo de lectura\" \/>\n\t<meta name=\"twitter:data2\" content=\"1 minuto\" \/>\n<script type=\"application\/ld+json\" class=\"yoast-schema-graph\">{\"@context\":\"https:\\\/\\\/schema.org\",\"@graph\":[{\"@type\":\"Article\",\"@id\":\"https:\\\/\\\/helloproject.es\\\/vigilancia\\\/consulta-delimitacion-dph-rios-guadiana-y-gargaligas\\\/#article\",\"isPartOf\":{\"@id\":\"https:\\\/\\\/helloproject.es\\\/vigilancia\\\/consulta-delimitacion-dph-rios-guadiana-y-gargaligas\\\/\"},\"author\":{\"name\":\"Luis Miguel Mej\u00edas Ramos\",\"@id\":\"https:\\\/\\\/helloproject.es\\\/vigilancia\\\/#\\\/schema\\\/person\\\/3767b0619d59a11570372c821f8619ca\"},\"headline\":\"Consulta Delimitaci\u00f3n DPH r\u00edos Guadiana y Garg\u00e1ligas\",\"datePublished\":\"2025-01-07T06:31:46+00:00\",\"mainEntityOfPage\":{\"@id\":\"https:\\\/\\\/helloproject.es\\\/vigilancia\\\/consulta-delimitacion-dph-rios-guadiana-y-gargaligas\\\/\"},\"wordCount\":205,\"publisher\":{\"@id\":\"https:\\\/\\\/helloproject.es\\\/vigilancia\\\/#organization\"},\"image\":{\"@id\":\"https:\\\/\\\/helloproject.es\\\/vigilancia\\\/consulta-delimitacion-dph-rios-guadiana-y-gargaligas\\\/#primaryimage\"},\"thumbnailUrl\":\"http:\\\/\\\/sigeo.juntaex.es\\\/portalsigeo\\\/image\\\/journal\\\/article?img_id=384872&amp;t=1689058690127\",\"articleSection\":[\"Noticias\"],\"inLanguage\":\"es\"},{\"@type\":\"WebPage\",\"@id\":\"https:\\\/\\\/helloproject.es\\\/vigilancia\\\/consulta-delimitacion-dph-rios-guadiana-y-gargaligas\\\/\",\"url\":\"https:\\\/\\\/helloproject.es\\\/vigilancia\\\/consulta-delimitacion-dph-rios-guadiana-y-gargaligas\\\/\",\"name\":\"Consulta Delimitaci\u00f3n DPH r\u00edos Guadiana y Garg\u00e1ligas - bip4ex\",\"isPartOf\":{\"@id\":\"https:\\\/\\\/helloproject.es\\\/vigilancia\\\/#website\"},\"primaryImageOfPage\":{\"@id\":\"https:\\\/\\\/helloproject.es\\\/vigilancia\\\/consulta-delimitacion-dph-rios-guadiana-y-gargaligas\\\/#primaryimage\"},\"image\":{\"@id\":\"https:\\\/\\\/helloproject.es\\\/vigilancia\\\/consulta-delimitacion-dph-rios-guadiana-y-gargaligas\\\/#primaryimage\"},\"thumbnailUrl\":\"http:\\\/\\\/sigeo.juntaex.es\\\/portalsigeo\\\/image\\\/journal\\\/article?img_id=384872&amp;t=1689058690127\",\"datePublished\":\"2025-01-07T06:31:46+00:00\",\"breadcrumb\":{\"@id\":\"https:\\\/\\\/helloproject.es\\\/vigilancia\\\/consulta-delimitacion-dph-rios-guadiana-y-gargaligas\\\/#breadcrumb\"},\"inLanguage\":\"es\",\"potentialAction\":[{\"@type\":\"ReadAction\",\"target\":[\"https:\\\/\\\/helloproject.es\\\/vigilancia\\\/consulta-delimitacion-dph-rios-guadiana-y-gargaligas\\\/\"]}]},{\"@type\":\"ImageObject\",\"inLanguage\":\"es\",\"@id\":\"https:\\\/\\\/helloproject.es\\\/vigilancia\\\/consulta-delimitacion-dph-rios-guadiana-y-gargaligas\\\/#primaryimage\",\"url\":\"http:\\\/\\\/sigeo.juntaex.es\\\/portalsigeo\\\/image\\\/journal\\\/article?img_id=384872&amp;t=1689058690127\",\"contentUrl\":\"http:\\\/\\\/sigeo.juntaex.es\\\/portalsigeo\\\/image\\\/journal\\\/article?img_id=384872&amp;t=1689058690127\"},{\"@type\":\"BreadcrumbList\",\"@id\":\"https:\\\/\\\/helloproject.es\\\/vigilancia\\\/consulta-delimitacion-dph-rios-guadiana-y-gargaligas\\\/#breadcrumb\",\"itemListElement\":[{\"@type\":\"ListItem\",\"position\":1,\"name\":\"Home\",\"item\":\"https:\\\/\\\/helloproject.es\\\/vigilancia\\\/\"},{\"@type\":\"ListItem\",\"position\":2,\"name\":\"Consulta Delimitaci\u00f3n DPH r\u00edos Guadiana y Garg\u00e1ligas\"}]},{\"@type\":\"WebSite\",\"@id\":\"https:\\\/\\\/helloproject.es\\\/vigilancia\\\/#website\",\"url\":\"https:\\\/\\\/helloproject.es\\\/vigilancia\\\/\",\"name\":\"bip4ex\",\"description\":\"Vigilancia Tecnol\u00f3gica\",\"publisher\":{\"@id\":\"https:\\\/\\\/helloproject.es\\\/vigilancia\\\/#organization\"},\"potentialAction\":[{\"@type\":\"SearchAction\",\"target\":{\"@type\":\"EntryPoint\",\"urlTemplate\":\"https:\\\/\\\/helloproject.es\\\/vigilancia\\\/?s={search_term_string}\"},\"query-input\":{\"@type\":\"PropertyValueSpecification\",\"valueRequired\":true,\"valueName\":\"search_term_string\"}}],\"inLanguage\":\"es\"},{\"@type\":\"Organization\",\"@id\":\"https:\\\/\\\/helloproject.es\\\/vigilancia\\\/#organization\",\"name\":\"Helloproject.es\",\"url\":\"https:\\\/\\\/helloproject.es\\\/vigilancia\\\/\",\"logo\":{\"@type\":\"ImageObject\",\"inLanguage\":\"es\",\"@id\":\"https:\\\/\\\/helloproject.es\\\/vigilancia\\\/#\\\/schema\\\/logo\\\/image\\\/\",\"url\":\"https:\\\/\\\/helloproject.es\\\/vigilancia\\\/wp-content\\\/uploads\\\/2023\\\/07\\\/bip4ex.png\",\"contentUrl\":\"https:\\\/\\\/helloproject.es\\\/vigilancia\\\/wp-content\\\/uploads\\\/2023\\\/07\\\/bip4ex.png\",\"width\":322,\"height\":365,\"caption\":\"Helloproject.es\"},\"image\":{\"@id\":\"https:\\\/\\\/helloproject.es\\\/vigilancia\\\/#\\\/schema\\\/logo\\\/image\\\/\"}},{\"@type\":\"Person\",\"@id\":\"https:\\\/\\\/helloproject.es\\\/vigilancia\\\/#\\\/schema\\\/person\\\/3767b0619d59a11570372c821f8619ca\",\"name\":\"Luis Miguel Mej\u00edas Ramos\",\"url\":\"https:\\\/\\\/helloproject.es\\\/vigilancia\\\/author\\\/luismi\\\/\"}]}<\/script>\n<!-- \/ Yoast SEO Premium plugin. -->","yoast_head_json":{"title":"Consulta Delimitaci\u00f3n DPH r\u00edos Guadiana y Garg\u00e1ligas - bip4ex","robots":{"index":"index","follow":"follow","max-snippet":"max-snippet:-1","max-image-preview":"max-image-preview:large","max-video-preview":"max-video-preview:-1"},"canonical":"https:\/\/helloproject.es\/vigilancia\/consulta-delimitacion-dph-rios-guadiana-y-gargaligas\/","og_locale":"es_ES","og_type":"article","og_title":"Consulta Delimitaci\u00f3n DPH r\u00edos Guadiana y Garg\u00e1ligas","og_description":"BOE Consulta Delimitaci\u00f3n DPH r\u00edos Guadiana y Garg\u00e1ligas mar, 11 jul 2023 08:55:00 +0200\u00a0ADMINISTRADOR Publicado en el Bolet\u00edn Oficial del Estado n\u00famero 163 de 10 de julio de 2023, resoluci\u00f3n de la Confederaci\u00f3n Hidrogr\u00e1fica del Guadiana, O.A. por la que se anuncia el inicio del proceso de consulta p\u00fablica de la cartograf\u00eda propuesta de delimitaci\u00f3n [&hellip;]","og_url":"https:\/\/helloproject.es\/vigilancia\/consulta-delimitacion-dph-rios-guadiana-y-gargaligas\/","og_site_name":"bip4ex","article_published_time":"2025-01-07T06:31:46+00:00","og_image":[{"url":"http:\/\/sigeo.juntaex.es\/portalsigeo\/image\/journal\/article?img_id=384872&amp;t=1689058690127","type":"","width":"","height":""}],"author":"Luis Miguel Mej\u00edas Ramos","twitter_card":"summary_large_image","twitter_misc":{"Escrito por":"Luis Miguel Mej\u00edas Ramos","Tiempo de lectura":"1 minuto"},"schema":{"@context":"https:\/\/schema.org","@graph":[{"@type":"Article","@id":"https:\/\/helloproject.es\/vigilancia\/consulta-delimitacion-dph-rios-guadiana-y-gargaligas\/#article","isPartOf":{"@id":"https:\/\/helloproject.es\/vigilancia\/consulta-delimitacion-dph-rios-guadiana-y-gargaligas\/"},"author":{"name":"Luis Miguel Mej\u00edas Ramos","@id":"https:\/\/helloproject.es\/vigilancia\/#\/schema\/person\/3767b0619d59a11570372c821f8619ca"},"headline":"Consulta Delimitaci\u00f3n DPH r\u00edos Guadiana y Garg\u00e1ligas","datePublished":"2025-01-07T06:31:46+00:00","mainEntityOfPage":{"@id":"https:\/\/helloproject.es\/vigilancia\/consulta-delimitacion-dph-rios-guadiana-y-gargaligas\/"},"wordCount":205,"publisher":{"@id":"https:\/\/helloproject.es\/vigilancia\/#organization"},"image":{"@id":"https:\/\/helloproject.es\/vigilancia\/consulta-delimitacion-dph-rios-guadiana-y-gargaligas\/#primaryimage"},"thumbnailUrl":"http:\/\/sigeo.juntaex.es\/portalsigeo\/image\/journal\/article?img_id=384872&amp;t=1689058690127","articleSection":["Noticias"],"inLanguage":"es"},{"@type":"WebPage","@id":"https:\/\/helloproject.es\/vigilancia\/consulta-delimitacion-dph-rios-guadiana-y-gargaligas\/","url":"https:\/\/helloproject.es\/vigilancia\/consulta-delimitacion-dph-rios-guadiana-y-gargaligas\/","name":"Consulta Delimitaci\u00f3n DPH r\u00edos Guadiana y Garg\u00e1ligas - bip4ex","isPartOf":{"@id":"https:\/\/helloproject.es\/vigilancia\/#website"},"primaryImageOfPage":{"@id":"https:\/\/helloproject.es\/vigilancia\/consulta-delimitacion-dph-rios-guadiana-y-gargaligas\/#primaryimage"},"image":{"@id":"https:\/\/helloproject.es\/vigilancia\/consulta-delimitacion-dph-rios-guadiana-y-gargaligas\/#primaryimage"},"thumbnailUrl":"http:\/\/sigeo.juntaex.es\/portalsigeo\/image\/journal\/article?img_id=384872&amp;t=1689058690127","datePublished":"2025-01-07T06:31:46+00:00","breadcrumb":{"@id":"https:\/\/helloproject.es\/vigilancia\/consulta-delimitacion-dph-rios-guadiana-y-gargaligas\/#breadcrumb"},"inLanguage":"es","potentialAction":[{"@type":"ReadAction","target":["https:\/\/helloproject.es\/vigilancia\/consulta-delimitacion-dph-rios-guadiana-y-gargaligas\/"]}]},{"@type":"ImageObject","inLanguage":"es","@id":"https:\/\/helloproject.es\/vigilancia\/consulta-delimitacion-dph-rios-guadiana-y-gargaligas\/#primaryimage","url":"http:\/\/sigeo.juntaex.es\/portalsigeo\/image\/journal\/article?img_id=384872&amp;t=1689058690127","contentUrl":"http:\/\/sigeo.juntaex.es\/portalsigeo\/image\/journal\/article?img_id=384872&amp;t=1689058690127"},{"@type":"BreadcrumbList","@id":"https:\/\/helloproject.es\/vigilancia\/consulta-delimitacion-dph-rios-guadiana-y-gargaligas\/#breadcrumb","itemListElement":[{"@type":"ListItem","position":1,"name":"Home","item":"https:\/\/helloproject.es\/vigilancia\/"},{"@type":"ListItem","position":2,"name":"Consulta Delimitaci\u00f3n DPH r\u00edos Guadiana y Garg\u00e1ligas"}]},{"@type":"WebSite","@id":"https:\/\/helloproject.es\/vigilancia\/#website","url":"https:\/\/helloproject.es\/vigilancia\/","name":"bip4ex","description":"Vigilancia Tecnol\u00f3gica","publisher":{"@id":"https:\/\/helloproject.es\/vigilancia\/#organization"},"potentialAction":[{"@type":"SearchAction","target":{"@type":"EntryPoint","urlTemplate":"https:\/\/helloproject.es\/vigilancia\/?s={search_term_string}"},"query-input":{"@type":"PropertyValueSpecification","valueRequired":true,"valueName":"search_term_string"}}],"inLanguage":"es"},{"@type":"Organization","@id":"https:\/\/helloproject.es\/vigilancia\/#organization","name":"Helloproject.es","url":"https:\/\/helloproject.es\/vigilancia\/","logo":{"@type":"ImageObject","inLanguage":"es","@id":"https:\/\/helloproject.es\/vigilancia\/#\/schema\/logo\/image\/","url":"https:\/\/helloproject.es\/vigilancia\/wp-content\/uploads\/2023\/07\/bip4ex.png","contentUrl":"https:\/\/helloproject.es\/vigilancia\/wp-content\/uploads\/2023\/07\/bip4ex.png","width":322,"height":365,"caption":"Helloproject.es"},"image":{"@id":"https:\/\/helloproject.es\/vigilancia\/#\/schema\/logo\/image\/"}},{"@type":"Person","@id":"https:\/\/helloproject.es\/vigilancia\/#\/schema\/person\/3767b0619d59a11570372c821f8619ca","name":"Luis Miguel Mej\u00edas Ramos","url":"https:\/\/helloproject.es\/vigilancia\/author\/luismi\/"}]}},"_links":{"self":[{"href":"https:\/\/helloproject.es\/vigilancia\/wp-json\/wp\/v2\/posts\/5738","targetHints":{"allow":["GET"]}}],"collection":[{"href":"https:\/\/helloproject.es\/vigilancia\/wp-json\/wp\/v2\/posts"}],"about":[{"href":"https:\/\/helloproject.es\/vigilancia\/wp-json\/wp\/v2\/types\/post"}],"author":[{"embeddable":true,"href":"https:\/\/helloproject.es\/vigilancia\/wp-json\/wp\/v2\/users\/5"}],"replies":[{"embeddable":true,"href":"https:\/\/helloproject.es\/vigilancia\/wp-json\/wp\/v2\/comments?post=5738"}],"version-history":[{"count":0,"href":"https:\/\/helloproject.es\/vigilancia\/wp-json\/wp\/v2\/posts\/5738\/revisions"}],"wp:attachment":[{"href":"https:\/\/helloproject.es\/vigilancia\/wp-json\/wp\/v2\/media?parent=5738"}],"wp:term":[{"taxonomy":"category","embeddable":true,"href":"https:\/\/helloproject.es\/vigilancia\/wp-json\/wp\/v2\/categories?post=5738"},{"taxonomy":"post_tag","embeddable":true,"href":"https:\/\/helloproject.es\/vigilancia\/wp-json\/wp\/v2\/tags?post=5738"}],"curies":[{"name":"wp","href":"https:\/\/api.w.org\/{rel}","templated":true}]}}