{"id":5747,"date":"2025-01-07T07:31:51","date_gmt":"2025-01-07T06:31:51","guid":{"rendered":"https:\/\/helloproject.es\/vigilancia\/telefono-de-informacion-gratuito-para-agricultores-y-ganaderos-afectados-por-la-dana\/"},"modified":"2025-01-07T07:31:51","modified_gmt":"2025-01-07T06:31:51","slug":"telefono-de-informacion-gratuito-para-agricultores-y-ganaderos-afectados-por-la-dana","status":"publish","type":"post","link":"https:\/\/helloproject.es\/vigilancia\/telefono-de-informacion-gratuito-para-agricultores-y-ganaderos-afectados-por-la-dana\/","title":{"rendered":"Tel\u00e9fono de informaci\u00f3n gratuito para agricultores y ganaderos afectados por la dana"},"content":{"rendered":"<p><span>El Ministerio de Agricultura, Pesca y Alimentaci\u00f3n ha habilitado el <strong>tel\u00e9fono de informaci\u00f3n<\/strong> <strong>gratuito 900 925 782<\/strong> para que los agricultores y ganaderos afectados por la dana puedan recabar informaci\u00f3n de las ayudas, as\u00ed como de las distintas medidas de apoyo a las que pueden optar.<\/span><\/p>\n<p><span>Este tel\u00e9fono estar\u00e1 operativo a partir del 20 de noviembre, de 8.00 a 19.00 horas, de lunes a s\u00e1bado; y de 9.00 a 14.00 horas, los domingos y festivos.<\/span><\/p>\n<ul type=\"disc\">\n<li><a href=\"https:\/\/www.mapa.gob.es\/es\/prensa\/ultimas-noticias\/el-ministerio-de-agricultura-pesca-y-alimentaci%C3%B3n-habilita-el-tel%C3%A9fono-900-925-782-para-facilitar-informaci%C3%B3n-a-los-agricultores-y-ganaderos-afe\/tcm:30-696823#prettyPhoto%5Bpp_gal%5D\/0\/\" title=\"Pinche aqu\u00ed para ir a la Nota de prensa MAPA\"><span class=\"text-decoration-underline\">Ver Nota de prensa MAPA<\/span><\/a><\/li>\n<\/ul>\n<p><span>Para m\u00e1s informaci\u00f3n consulte tambi\u00e9n el siguiente enlace del MAPA: <\/span><a href=\"https:\/\/www.mapa.gob.es\/es\/ministerio\/info-dana\/default.aspx\" title=\"Enlace a web externa\"><span>Plan de Respuesta Inmediata, Reconstrucci\u00f3n y Relanzamiento<\/span><\/a><\/p>","protected":false},"excerpt":{"rendered":"<p>El Ministerio de Agricultura, Pesca y Alimentaci\u00f3n ha habilitado el tel\u00e9fono de informaci\u00f3n gratuito 900 925 782 para que los agricultores y ganaderos afectados por la dana puedan recabar informaci\u00f3n de las ayudas, as\u00ed como de las distintas medidas de apoyo a las que pueden optar. Este tel\u00e9fono estar\u00e1 operativo a partir del 20 de [&hellip;]<\/p>\n","protected":false},"author":5,"featured_media":0,"comment_status":"","ping_status":"","sticky":false,"template":"","format":"standard","meta":{"site-sidebar-layout":"default","site-content-layout":"","ast-site-content-layout":"default","site-content-style":"default","site-sidebar-style":"default","ast-global-header-display":"","ast-banner-title-visibility":"","ast-main-header-display":"","ast-hfb-above-header-display":"","ast-hfb-below-header-display":"","ast-hfb-mobile-header-display":"","site-post-title":"","ast-breadcrumbs-content":"","ast-featured-img":"","footer-sml-layout":"","ast-disable-related-posts":"","theme-transparent-header-meta":"","adv-header-id-meta":"","stick-header-meta":"","header-above-stick-meta":"","header-main-stick-meta":"","header-below-stick-meta":"","astra-migrate-meta-layouts":"default","ast-page-background-enabled":"default","ast-page-background-meta":{"desktop":{"background-color":"var(--ast-global-color-4)","background-image":"","background-repeat":"repeat","background-position":"center center","background-size":"auto","background-attachment":"scroll","background-type":"","background-media":"","overlay-type":"","overlay-color":"","overlay-opacity":"","overlay-gradient":""},"tablet":{"background-color":"","background-image":"","background-repeat":"repeat","background-position":"center center","background-size":"auto","background-attachment":"scroll","background-type":"","background-media":"","overlay-type":"","overlay-color":"","overlay-opacity":"","overlay-gradient":""},"mobile":{"background-color":"","background-image":"","background-repeat":"repeat","background-position":"center center","background-size":"auto","background-attachment":"scroll","background-type":"","background-media":"","overlay-type":"","overlay-color":"","overlay-opacity":"","overlay-gradient":""}},"ast-content-background-meta":{"desktop":{"background-color":"var(--ast-global-color-5)","background-image":"","background-repeat":"repeat","background-position":"center center","background-size":"auto","background-attachment":"scroll","background-type":"","background-media":"","overlay-type":"","overlay-color":"","overlay-opacity":"","overlay-gradient":""},"tablet":{"background-color":"var(--ast-global-color-5)","background-image":"","background-repeat":"repeat","background-position":"center center","background-size":"auto","background-attachment":"scroll","background-type":"","background-media":"","overlay-type":"","overlay-color":"","overlay-opacity":"","overlay-gradient":""},"mobile":{"background-color":"var(--ast-global-color-5)","background-image":"","background-repeat":"repeat","background-position":"center center","background-size":"auto","background-attachment":"scroll","background-type":"","background-media":"","overlay-type":"","overlay-color":"","overlay-opacity":"","overlay-gradient":""}},"footnotes":""},"categories":[5],"tags":[],"class_list":["post-5747","post","type-post","status-publish","format-standard","hentry","category-noticias"],"yoast_head":"<!-- This site is optimized with the Yoast SEO Premium plugin v20.9 (Yoast SEO v27.4) - https:\/\/yoast.com\/product\/yoast-seo-premium-wordpress\/ -->\n<title>Tel\u00e9fono de informaci\u00f3n gratuito para agricultores y ganaderos afectados por la dana - bip4ex<\/title>\n<meta name=\"robots\" content=\"index, follow, max-snippet:-1, max-image-preview:large, max-video-preview:-1\" \/>\n<link rel=\"canonical\" href=\"https:\/\/helloproject.es\/vigilancia\/telefono-de-informacion-gratuito-para-agricultores-y-ganaderos-afectados-por-la-dana\/\" \/>\n<meta property=\"og:locale\" content=\"es_ES\" \/>\n<meta property=\"og:type\" content=\"article\" \/>\n<meta property=\"og:title\" content=\"Tel\u00e9fono de informaci\u00f3n gratuito para agricultores y ganaderos afectados por la dana\" \/>\n<meta property=\"og:description\" content=\"El Ministerio de Agricultura, Pesca y Alimentaci\u00f3n ha habilitado el tel\u00e9fono de informaci\u00f3n gratuito 900 925 782 para que los agricultores y ganaderos afectados por la dana puedan recabar informaci\u00f3n de las ayudas, as\u00ed como de las distintas medidas de apoyo a las que pueden optar. Este tel\u00e9fono estar\u00e1 operativo a partir del 20 de [&hellip;]\" \/>\n<meta property=\"og:url\" content=\"https:\/\/helloproject.es\/vigilancia\/telefono-de-informacion-gratuito-para-agricultores-y-ganaderos-afectados-por-la-dana\/\" \/>\n<meta property=\"og:site_name\" content=\"bip4ex\" \/>\n<meta property=\"article:published_time\" content=\"2025-01-07T06:31:51+00:00\" \/>\n<meta name=\"author\" content=\"Luis Miguel Mej\u00edas Ramos\" \/>\n<meta name=\"twitter:card\" content=\"summary_large_image\" \/>\n<meta name=\"twitter:label1\" content=\"Escrito por\" \/>\n\t<meta name=\"twitter:data1\" content=\"Luis Miguel Mej\u00edas Ramos\" \/>\n<script type=\"application\/ld+json\" class=\"yoast-schema-graph\">{\"@context\":\"https:\\\/\\\/schema.org\",\"@graph\":[{\"@type\":\"Article\",\"@id\":\"https:\\\/\\\/helloproject.es\\\/vigilancia\\\/telefono-de-informacion-gratuito-para-agricultores-y-ganaderos-afectados-por-la-dana\\\/#article\",\"isPartOf\":{\"@id\":\"https:\\\/\\\/helloproject.es\\\/vigilancia\\\/telefono-de-informacion-gratuito-para-agricultores-y-ganaderos-afectados-por-la-dana\\\/\"},\"author\":{\"name\":\"Luis Miguel Mej\u00edas Ramos\",\"@id\":\"https:\\\/\\\/helloproject.es\\\/vigilancia\\\/#\\\/schema\\\/person\\\/3767b0619d59a11570372c821f8619ca\"},\"headline\":\"Tel\u00e9fono de informaci\u00f3n gratuito para agricultores y ganaderos afectados por la dana\",\"datePublished\":\"2025-01-07T06:31:51+00:00\",\"mainEntityOfPage\":{\"@id\":\"https:\\\/\\\/helloproject.es\\\/vigilancia\\\/telefono-de-informacion-gratuito-para-agricultores-y-ganaderos-afectados-por-la-dana\\\/\"},\"wordCount\":113,\"publisher\":{\"@id\":\"https:\\\/\\\/helloproject.es\\\/vigilancia\\\/#organization\"},\"articleSection\":[\"Noticias\"],\"inLanguage\":\"es\"},{\"@type\":\"WebPage\",\"@id\":\"https:\\\/\\\/helloproject.es\\\/vigilancia\\\/telefono-de-informacion-gratuito-para-agricultores-y-ganaderos-afectados-por-la-dana\\\/\",\"url\":\"https:\\\/\\\/helloproject.es\\\/vigilancia\\\/telefono-de-informacion-gratuito-para-agricultores-y-ganaderos-afectados-por-la-dana\\\/\",\"name\":\"Tel\u00e9fono de informaci\u00f3n gratuito para agricultores y ganaderos afectados por la dana - bip4ex\",\"isPartOf\":{\"@id\":\"https:\\\/\\\/helloproject.es\\\/vigilancia\\\/#website\"},\"datePublished\":\"2025-01-07T06:31:51+00:00\",\"breadcrumb\":{\"@id\":\"https:\\\/\\\/helloproject.es\\\/vigilancia\\\/telefono-de-informacion-gratuito-para-agricultores-y-ganaderos-afectados-por-la-dana\\\/#breadcrumb\"},\"inLanguage\":\"es\",\"potentialAction\":[{\"@type\":\"ReadAction\",\"target\":[\"https:\\\/\\\/helloproject.es\\\/vigilancia\\\/telefono-de-informacion-gratuito-para-agricultores-y-ganaderos-afectados-por-la-dana\\\/\"]}]},{\"@type\":\"BreadcrumbList\",\"@id\":\"https:\\\/\\\/helloproject.es\\\/vigilancia\\\/telefono-de-informacion-gratuito-para-agricultores-y-ganaderos-afectados-por-la-dana\\\/#breadcrumb\",\"itemListElement\":[{\"@type\":\"ListItem\",\"position\":1,\"name\":\"Home\",\"item\":\"https:\\\/\\\/helloproject.es\\\/vigilancia\\\/\"},{\"@type\":\"ListItem\",\"position\":2,\"name\":\"Tel\u00e9fono de informaci\u00f3n gratuito para agricultores y ganaderos afectados por la dana\"}]},{\"@type\":\"WebSite\",\"@id\":\"https:\\\/\\\/helloproject.es\\\/vigilancia\\\/#website\",\"url\":\"https:\\\/\\\/helloproject.es\\\/vigilancia\\\/\",\"name\":\"bip4ex\",\"description\":\"Vigilancia Tecnol\u00f3gica\",\"publisher\":{\"@id\":\"https:\\\/\\\/helloproject.es\\\/vigilancia\\\/#organization\"},\"potentialAction\":[{\"@type\":\"SearchAction\",\"target\":{\"@type\":\"EntryPoint\",\"urlTemplate\":\"https:\\\/\\\/helloproject.es\\\/vigilancia\\\/?s={search_term_string}\"},\"query-input\":{\"@type\":\"PropertyValueSpecification\",\"valueRequired\":true,\"valueName\":\"search_term_string\"}}],\"inLanguage\":\"es\"},{\"@type\":\"Organization\",\"@id\":\"https:\\\/\\\/helloproject.es\\\/vigilancia\\\/#organization\",\"name\":\"Helloproject.es\",\"url\":\"https:\\\/\\\/helloproject.es\\\/vigilancia\\\/\",\"logo\":{\"@type\":\"ImageObject\",\"inLanguage\":\"es\",\"@id\":\"https:\\\/\\\/helloproject.es\\\/vigilancia\\\/#\\\/schema\\\/logo\\\/image\\\/\",\"url\":\"https:\\\/\\\/helloproject.es\\\/vigilancia\\\/wp-content\\\/uploads\\\/2023\\\/07\\\/bip4ex.png\",\"contentUrl\":\"https:\\\/\\\/helloproject.es\\\/vigilancia\\\/wp-content\\\/uploads\\\/2023\\\/07\\\/bip4ex.png\",\"width\":322,\"height\":365,\"caption\":\"Helloproject.es\"},\"image\":{\"@id\":\"https:\\\/\\\/helloproject.es\\\/vigilancia\\\/#\\\/schema\\\/logo\\\/image\\\/\"}},{\"@type\":\"Person\",\"@id\":\"https:\\\/\\\/helloproject.es\\\/vigilancia\\\/#\\\/schema\\\/person\\\/3767b0619d59a11570372c821f8619ca\",\"name\":\"Luis Miguel Mej\u00edas Ramos\",\"url\":\"https:\\\/\\\/helloproject.es\\\/vigilancia\\\/author\\\/luismi\\\/\"}]}<\/script>\n<!-- \/ Yoast SEO Premium plugin. -->","yoast_head_json":{"title":"Tel\u00e9fono de informaci\u00f3n gratuito para agricultores y ganaderos afectados por la dana - bip4ex","robots":{"index":"index","follow":"follow","max-snippet":"max-snippet:-1","max-image-preview":"max-image-preview:large","max-video-preview":"max-video-preview:-1"},"canonical":"https:\/\/helloproject.es\/vigilancia\/telefono-de-informacion-gratuito-para-agricultores-y-ganaderos-afectados-por-la-dana\/","og_locale":"es_ES","og_type":"article","og_title":"Tel\u00e9fono de informaci\u00f3n gratuito para agricultores y ganaderos afectados por la dana","og_description":"El Ministerio de Agricultura, Pesca y Alimentaci\u00f3n ha habilitado el tel\u00e9fono de informaci\u00f3n gratuito 900 925 782 para que los agricultores y ganaderos afectados por la dana puedan recabar informaci\u00f3n de las ayudas, as\u00ed como de las distintas medidas de apoyo a las que pueden optar. Este tel\u00e9fono estar\u00e1 operativo a partir del 20 de [&hellip;]","og_url":"https:\/\/helloproject.es\/vigilancia\/telefono-de-informacion-gratuito-para-agricultores-y-ganaderos-afectados-por-la-dana\/","og_site_name":"bip4ex","article_published_time":"2025-01-07T06:31:51+00:00","author":"Luis Miguel Mej\u00edas Ramos","twitter_card":"summary_large_image","twitter_misc":{"Escrito por":"Luis Miguel Mej\u00edas Ramos"},"schema":{"@context":"https:\/\/schema.org","@graph":[{"@type":"Article","@id":"https:\/\/helloproject.es\/vigilancia\/telefono-de-informacion-gratuito-para-agricultores-y-ganaderos-afectados-por-la-dana\/#article","isPartOf":{"@id":"https:\/\/helloproject.es\/vigilancia\/telefono-de-informacion-gratuito-para-agricultores-y-ganaderos-afectados-por-la-dana\/"},"author":{"name":"Luis Miguel Mej\u00edas Ramos","@id":"https:\/\/helloproject.es\/vigilancia\/#\/schema\/person\/3767b0619d59a11570372c821f8619ca"},"headline":"Tel\u00e9fono de informaci\u00f3n gratuito para agricultores y ganaderos afectados por la dana","datePublished":"2025-01-07T06:31:51+00:00","mainEntityOfPage":{"@id":"https:\/\/helloproject.es\/vigilancia\/telefono-de-informacion-gratuito-para-agricultores-y-ganaderos-afectados-por-la-dana\/"},"wordCount":113,"publisher":{"@id":"https:\/\/helloproject.es\/vigilancia\/#organization"},"articleSection":["Noticias"],"inLanguage":"es"},{"@type":"WebPage","@id":"https:\/\/helloproject.es\/vigilancia\/telefono-de-informacion-gratuito-para-agricultores-y-ganaderos-afectados-por-la-dana\/","url":"https:\/\/helloproject.es\/vigilancia\/telefono-de-informacion-gratuito-para-agricultores-y-ganaderos-afectados-por-la-dana\/","name":"Tel\u00e9fono de informaci\u00f3n gratuito para agricultores y ganaderos afectados por la dana - bip4ex","isPartOf":{"@id":"https:\/\/helloproject.es\/vigilancia\/#website"},"datePublished":"2025-01-07T06:31:51+00:00","breadcrumb":{"@id":"https:\/\/helloproject.es\/vigilancia\/telefono-de-informacion-gratuito-para-agricultores-y-ganaderos-afectados-por-la-dana\/#breadcrumb"},"inLanguage":"es","potentialAction":[{"@type":"ReadAction","target":["https:\/\/helloproject.es\/vigilancia\/telefono-de-informacion-gratuito-para-agricultores-y-ganaderos-afectados-por-la-dana\/"]}]},{"@type":"BreadcrumbList","@id":"https:\/\/helloproject.es\/vigilancia\/telefono-de-informacion-gratuito-para-agricultores-y-ganaderos-afectados-por-la-dana\/#breadcrumb","itemListElement":[{"@type":"ListItem","position":1,"name":"Home","item":"https:\/\/helloproject.es\/vigilancia\/"},{"@type":"ListItem","position":2,"name":"Tel\u00e9fono de informaci\u00f3n gratuito para agricultores y ganaderos afectados por la dana"}]},{"@type":"WebSite","@id":"https:\/\/helloproject.es\/vigilancia\/#website","url":"https:\/\/helloproject.es\/vigilancia\/","name":"bip4ex","description":"Vigilancia Tecnol\u00f3gica","publisher":{"@id":"https:\/\/helloproject.es\/vigilancia\/#organization"},"potentialAction":[{"@type":"SearchAction","target":{"@type":"EntryPoint","urlTemplate":"https:\/\/helloproject.es\/vigilancia\/?s={search_term_string}"},"query-input":{"@type":"PropertyValueSpecification","valueRequired":true,"valueName":"search_term_string"}}],"inLanguage":"es"},{"@type":"Organization","@id":"https:\/\/helloproject.es\/vigilancia\/#organization","name":"Helloproject.es","url":"https:\/\/helloproject.es\/vigilancia\/","logo":{"@type":"ImageObject","inLanguage":"es","@id":"https:\/\/helloproject.es\/vigilancia\/#\/schema\/logo\/image\/","url":"https:\/\/helloproject.es\/vigilancia\/wp-content\/uploads\/2023\/07\/bip4ex.png","contentUrl":"https:\/\/helloproject.es\/vigilancia\/wp-content\/uploads\/2023\/07\/bip4ex.png","width":322,"height":365,"caption":"Helloproject.es"},"image":{"@id":"https:\/\/helloproject.es\/vigilancia\/#\/schema\/logo\/image\/"}},{"@type":"Person","@id":"https:\/\/helloproject.es\/vigilancia\/#\/schema\/person\/3767b0619d59a11570372c821f8619ca","name":"Luis Miguel Mej\u00edas Ramos","url":"https:\/\/helloproject.es\/vigilancia\/author\/luismi\/"}]}},"_links":{"self":[{"href":"https:\/\/helloproject.es\/vigilancia\/wp-json\/wp\/v2\/posts\/5747","targetHints":{"allow":["GET"]}}],"collection":[{"href":"https:\/\/helloproject.es\/vigilancia\/wp-json\/wp\/v2\/posts"}],"about":[{"href":"https:\/\/helloproject.es\/vigilancia\/wp-json\/wp\/v2\/types\/post"}],"author":[{"embeddable":true,"href":"https:\/\/helloproject.es\/vigilancia\/wp-json\/wp\/v2\/users\/5"}],"replies":[{"embeddable":true,"href":"https:\/\/helloproject.es\/vigilancia\/wp-json\/wp\/v2\/comments?post=5747"}],"version-history":[{"count":0,"href":"https:\/\/helloproject.es\/vigilancia\/wp-json\/wp\/v2\/posts\/5747\/revisions"}],"wp:attachment":[{"href":"https:\/\/helloproject.es\/vigilancia\/wp-json\/wp\/v2\/media?parent=5747"}],"wp:term":[{"taxonomy":"category","embeddable":true,"href":"https:\/\/helloproject.es\/vigilancia\/wp-json\/wp\/v2\/categories?post=5747"},{"taxonomy":"post_tag","embeddable":true,"href":"https:\/\/helloproject.es\/vigilancia\/wp-json\/wp\/v2\/tags?post=5747"}],"curies":[{"name":"wp","href":"https:\/\/api.w.org\/{rel}","templated":true}]}}