{"id":63777,"date":"2025-02-25T12:30:42","date_gmt":"2025-02-25T11:30:42","guid":{"rendered":"https:\/\/helloproject.es\/vigilancia\/acuerdo-marco-para-la-contratacion-por-lotes-obras-de-reforma-reparacion-y-rehabilitacion-en-inmuebles-titularidad-o-incorporados-al-inventario-de-la-agencia-de-vivienda-social-de-la-comunidad-de-ma\/"},"modified":"2025-02-25T12:30:42","modified_gmt":"2025-02-25T11:30:42","slug":"acuerdo-marco-para-la-contratacion-por-lotes-obras-de-reforma-reparacion-y-rehabilitacion-en-inmuebles-titularidad-o-incorporados-al-inventario-de-la-agencia-de-vivienda-social-de-la-comunidad-de-ma","status":"publish","type":"post","link":"https:\/\/helloproject.es\/vigilancia\/acuerdo-marco-para-la-contratacion-por-lotes-obras-de-reforma-reparacion-y-rehabilitacion-en-inmuebles-titularidad-o-incorporados-al-inventario-de-la-agencia-de-vivienda-social-de-la-comunidad-de-ma\/","title":{"rendered":"Acuerdo Marco para la contrataci\u00f3n por lotes: obras de reforma, reparaci\u00f3n y rehabilitaci\u00f3n en inmuebles titularidad o incorporados al inventario de la Agencia de Vivienda Social de la Comunidad de Madrid, as\u00ed como de las de nueva adquisici\u00f3n que se integrar\u00e1n en el patrimonio de la AVS cofinanciadas parcialmente por el Fondo Europeo de Desarrollo Regional. CONVOCATORIA ANUNCIADA A LICITACI\u00d3N"},"content":{"rendered":"<p><b> Fecha y hora de la \u00faltima actualizaci\u00f3n: <\/b> 25 de febrero del  2025 12:26<\/p>\n<p><b>Tipo de publicaci\u00f3n:<\/b>Convocatoria anunciada a licitaci\u00f3n<\/p>\n<p> <b>N\u00famero expediente:<\/b>A\/OBR-005553\/2021<\/p>\n<p><b>Entidad adjudicadora:<\/b>Organismo aut\u00f3nomo Agencia de Vivienda Social de la Comunidad de Madrid <\/p>\n<p><b>Tipo de contrato:<\/b>Obras<\/p>\n<p><b>Estado o situaci\u00f3n:<\/b>Resuelta<\/p>","protected":false},"excerpt":{"rendered":"<p>Fecha y hora de la \u00faltima actualizaci\u00f3n: 25 de febrero del 2025 12:26 Tipo de publicaci\u00f3n:Convocatoria anunciada a licitaci\u00f3n N\u00famero expediente:A\/OBR-005553\/2021 Entidad adjudicadora:Organismo aut\u00f3nomo Agencia de Vivienda Social de la Comunidad de Madrid Tipo de contrato:Obras Estado o situaci\u00f3n:Resuelta<\/p>\n","protected":false},"author":5,"featured_media":0,"comment_status":"","ping_status":"","sticky":false,"template":"","format":"standard","meta":{"site-sidebar-layout":"default","site-content-layout":"","ast-site-content-layout":"default","site-content-style":"default","site-sidebar-style":"default","ast-global-header-display":"","ast-banner-title-visibility":"","ast-main-header-display":"","ast-hfb-above-header-display":"","ast-hfb-below-header-display":"","ast-hfb-mobile-header-display":"","site-post-title":"","ast-breadcrumbs-content":"","ast-featured-img":"","footer-sml-layout":"","ast-disable-related-posts":"","theme-transparent-header-meta":"","adv-header-id-meta":"","stick-header-meta":"","header-above-stick-meta":"","header-main-stick-meta":"","header-below-stick-meta":"","astra-migrate-meta-layouts":"default","ast-page-background-enabled":"default","ast-page-background-meta":{"desktop":{"background-color":"var(--ast-global-color-4)","background-image":"","background-repeat":"repeat","background-position":"center center","background-size":"auto","background-attachment":"scroll","background-type":"","background-media":"","overlay-type":"","overlay-color":"","overlay-opacity":"","overlay-gradient":""},"tablet":{"background-color":"","background-image":"","background-repeat":"repeat","background-position":"center center","background-size":"auto","background-attachment":"scroll","background-type":"","background-media":"","overlay-type":"","overlay-color":"","overlay-opacity":"","overlay-gradient":""},"mobile":{"background-color":"","background-image":"","background-repeat":"repeat","background-position":"center center","background-size":"auto","background-attachment":"scroll","background-type":"","background-media":"","overlay-type":"","overlay-color":"","overlay-opacity":"","overlay-gradient":""}},"ast-content-background-meta":{"desktop":{"background-color":"var(--ast-global-color-5)","background-image":"","background-repeat":"repeat","background-position":"center center","background-size":"auto","background-attachment":"scroll","background-type":"","background-media":"","overlay-type":"","overlay-color":"","overlay-opacity":"","overlay-gradient":""},"tablet":{"background-color":"var(--ast-global-color-5)","background-image":"","background-repeat":"repeat","background-position":"center center","background-size":"auto","background-attachment":"scroll","background-type":"","background-media":"","overlay-type":"","overlay-color":"","overlay-opacity":"","overlay-gradient":""},"mobile":{"background-color":"var(--ast-global-color-5)","background-image":"","background-repeat":"repeat","background-position":"center center","background-size":"auto","background-attachment":"scroll","background-type":"","background-media":"","overlay-type":"","overlay-color":"","overlay-opacity":"","overlay-gradient":""}},"footnotes":""},"categories":[8,6],"tags":[],"class_list":["post-63777","post","type-post","status-publish","format-standard","hentry","category-ayudas-y-subvenciones","category-publicaciones"],"yoast_head":"<!-- This site is optimized with the Yoast SEO Premium plugin v20.9 (Yoast SEO v27.4) - https:\/\/yoast.com\/product\/yoast-seo-premium-wordpress\/ -->\n<title>Acuerdo Marco para la contrataci\u00f3n por lotes: obras de reforma, reparaci\u00f3n y rehabilitaci\u00f3n en inmuebles titularidad o incorporados al inventario de la Agencia de Vivienda Social de la Comunidad de Madrid, as\u00ed como de las de nueva adquisici\u00f3n que se integrar\u00e1n en el patrimonio de la AVS cofinanciadas parcialmente por el Fondo Europeo de Desarrollo Regional. CONVOCATORIA ANUNCIADA A LICITACI\u00d3N - bip4ex<\/title>\n<meta name=\"robots\" content=\"index, follow, max-snippet:-1, max-image-preview:large, max-video-preview:-1\" \/>\n<link rel=\"canonical\" href=\"https:\/\/helloproject.es\/vigilancia\/acuerdo-marco-para-la-contratacion-por-lotes-obras-de-reforma-reparacion-y-rehabilitacion-en-inmuebles-titularidad-o-incorporados-al-inventario-de-la-agencia-de-vivienda-social-de-la-comunidad-de-ma\/\" \/>\n<meta property=\"og:locale\" content=\"es_ES\" \/>\n<meta property=\"og:type\" content=\"article\" \/>\n<meta property=\"og:title\" content=\"Acuerdo Marco para la contrataci\u00f3n por lotes: obras de reforma, reparaci\u00f3n y rehabilitaci\u00f3n en inmuebles titularidad o incorporados al inventario de la Agencia de Vivienda Social de la Comunidad de Madrid, as\u00ed como de las de nueva adquisici\u00f3n que se integrar\u00e1n en el patrimonio de la AVS cofinanciadas parcialmente por el Fondo Europeo de Desarrollo Regional. CONVOCATORIA ANUNCIADA A LICITACI\u00d3N\" \/>\n<meta property=\"og:description\" content=\"Fecha y hora de la \u00faltima actualizaci\u00f3n: 25 de febrero del 2025 12:26 Tipo de publicaci\u00f3n:Convocatoria anunciada a licitaci\u00f3n N\u00famero expediente:A\/OBR-005553\/2021 Entidad adjudicadora:Organismo aut\u00f3nomo Agencia de Vivienda Social de la Comunidad de Madrid Tipo de contrato:Obras Estado o situaci\u00f3n:Resuelta\" \/>\n<meta property=\"og:url\" content=\"https:\/\/helloproject.es\/vigilancia\/acuerdo-marco-para-la-contratacion-por-lotes-obras-de-reforma-reparacion-y-rehabilitacion-en-inmuebles-titularidad-o-incorporados-al-inventario-de-la-agencia-de-vivienda-social-de-la-comunidad-de-ma\/\" \/>\n<meta property=\"og:site_name\" content=\"bip4ex\" \/>\n<meta property=\"article:published_time\" content=\"2025-02-25T11:30:42+00:00\" \/>\n<meta name=\"author\" content=\"Luis Miguel Mej\u00edas Ramos\" \/>\n<meta name=\"twitter:card\" content=\"summary_large_image\" \/>\n<meta name=\"twitter:label1\" content=\"Escrito por\" \/>\n\t<meta name=\"twitter:data1\" content=\"Luis Miguel Mej\u00edas Ramos\" \/>\n<script type=\"application\/ld+json\" class=\"yoast-schema-graph\">{\"@context\":\"https:\\\/\\\/schema.org\",\"@graph\":[{\"@type\":\"Article\",\"@id\":\"https:\\\/\\\/helloproject.es\\\/vigilancia\\\/acuerdo-marco-para-la-contratacion-por-lotes-obras-de-reforma-reparacion-y-rehabilitacion-en-inmuebles-titularidad-o-incorporados-al-inventario-de-la-agencia-de-vivienda-social-de-la-comunidad-de-ma\\\/#article\",\"isPartOf\":{\"@id\":\"https:\\\/\\\/helloproject.es\\\/vigilancia\\\/acuerdo-marco-para-la-contratacion-por-lotes-obras-de-reforma-reparacion-y-rehabilitacion-en-inmuebles-titularidad-o-incorporados-al-inventario-de-la-agencia-de-vivienda-social-de-la-comunidad-de-ma\\\/\"},\"author\":{\"name\":\"Luis Miguel Mej\u00edas Ramos\",\"@id\":\"https:\\\/\\\/helloproject.es\\\/vigilancia\\\/#\\\/schema\\\/person\\\/3767b0619d59a11570372c821f8619ca\"},\"headline\":\"Acuerdo Marco para la contrataci\u00f3n por lotes: obras de reforma, reparaci\u00f3n y rehabilitaci\u00f3n en inmuebles titularidad o incorporados al inventario de la Agencia de Vivienda Social de la Comunidad de Madrid, as\u00ed como de las de nueva adquisici\u00f3n que se integrar\u00e1n en el patrimonio de la AVS cofinanciadas parcialmente por el Fondo Europeo de Desarrollo Regional. CONVOCATORIA ANUNCIADA A LICITACI\u00d3N\",\"datePublished\":\"2025-02-25T11:30:42+00:00\",\"mainEntityOfPage\":{\"@id\":\"https:\\\/\\\/helloproject.es\\\/vigilancia\\\/acuerdo-marco-para-la-contratacion-por-lotes-obras-de-reforma-reparacion-y-rehabilitacion-en-inmuebles-titularidad-o-incorporados-al-inventario-de-la-agencia-de-vivienda-social-de-la-comunidad-de-ma\\\/\"},\"wordCount\":114,\"publisher\":{\"@id\":\"https:\\\/\\\/helloproject.es\\\/vigilancia\\\/#organization\"},\"articleSection\":[\"Ayudas y Subvenciones\",\"Publicaciones\"],\"inLanguage\":\"es\"},{\"@type\":\"WebPage\",\"@id\":\"https:\\\/\\\/helloproject.es\\\/vigilancia\\\/acuerdo-marco-para-la-contratacion-por-lotes-obras-de-reforma-reparacion-y-rehabilitacion-en-inmuebles-titularidad-o-incorporados-al-inventario-de-la-agencia-de-vivienda-social-de-la-comunidad-de-ma\\\/\",\"url\":\"https:\\\/\\\/helloproject.es\\\/vigilancia\\\/acuerdo-marco-para-la-contratacion-por-lotes-obras-de-reforma-reparacion-y-rehabilitacion-en-inmuebles-titularidad-o-incorporados-al-inventario-de-la-agencia-de-vivienda-social-de-la-comunidad-de-ma\\\/\",\"name\":\"Acuerdo Marco para la contrataci\u00f3n por lotes: obras de reforma, reparaci\u00f3n y rehabilitaci\u00f3n en inmuebles titularidad o incorporados al inventario de la Agencia de Vivienda Social de la Comunidad de Madrid, as\u00ed como de las de nueva adquisici\u00f3n que se integrar\u00e1n en el patrimonio de la AVS cofinanciadas parcialmente por el Fondo Europeo de Desarrollo Regional. CONVOCATORIA ANUNCIADA A LICITACI\u00d3N - bip4ex\",\"isPartOf\":{\"@id\":\"https:\\\/\\\/helloproject.es\\\/vigilancia\\\/#website\"},\"datePublished\":\"2025-02-25T11:30:42+00:00\",\"breadcrumb\":{\"@id\":\"https:\\\/\\\/helloproject.es\\\/vigilancia\\\/acuerdo-marco-para-la-contratacion-por-lotes-obras-de-reforma-reparacion-y-rehabilitacion-en-inmuebles-titularidad-o-incorporados-al-inventario-de-la-agencia-de-vivienda-social-de-la-comunidad-de-ma\\\/#breadcrumb\"},\"inLanguage\":\"es\",\"potentialAction\":[{\"@type\":\"ReadAction\",\"target\":[\"https:\\\/\\\/helloproject.es\\\/vigilancia\\\/acuerdo-marco-para-la-contratacion-por-lotes-obras-de-reforma-reparacion-y-rehabilitacion-en-inmuebles-titularidad-o-incorporados-al-inventario-de-la-agencia-de-vivienda-social-de-la-comunidad-de-ma\\\/\"]}]},{\"@type\":\"BreadcrumbList\",\"@id\":\"https:\\\/\\\/helloproject.es\\\/vigilancia\\\/acuerdo-marco-para-la-contratacion-por-lotes-obras-de-reforma-reparacion-y-rehabilitacion-en-inmuebles-titularidad-o-incorporados-al-inventario-de-la-agencia-de-vivienda-social-de-la-comunidad-de-ma\\\/#breadcrumb\",\"itemListElement\":[{\"@type\":\"ListItem\",\"position\":1,\"name\":\"Home\",\"item\":\"https:\\\/\\\/helloproject.es\\\/vigilancia\\\/\"},{\"@type\":\"ListItem\",\"position\":2,\"name\":\"Acuerdo Marco para la contrataci\u00f3n por lotes: obras de reforma, reparaci\u00f3n y rehabilitaci\u00f3n en inmuebles titularidad o incorporados al inventario de la Agencia de Vivienda Social de la Comunidad de Madrid, as\u00ed como de las de nueva adquisici\u00f3n que se integrar\u00e1n en el patrimonio de la AVS cofinanciadas parcialmente por el Fondo Europeo de Desarrollo Regional. CONVOCATORIA ANUNCIADA A LICITACI\u00d3N\"}]},{\"@type\":\"WebSite\",\"@id\":\"https:\\\/\\\/helloproject.es\\\/vigilancia\\\/#website\",\"url\":\"https:\\\/\\\/helloproject.es\\\/vigilancia\\\/\",\"name\":\"bip4ex\",\"description\":\"Vigilancia Tecnol\u00f3gica\",\"publisher\":{\"@id\":\"https:\\\/\\\/helloproject.es\\\/vigilancia\\\/#organization\"},\"potentialAction\":[{\"@type\":\"SearchAction\",\"target\":{\"@type\":\"EntryPoint\",\"urlTemplate\":\"https:\\\/\\\/helloproject.es\\\/vigilancia\\\/?s={search_term_string}\"},\"query-input\":{\"@type\":\"PropertyValueSpecification\",\"valueRequired\":true,\"valueName\":\"search_term_string\"}}],\"inLanguage\":\"es\"},{\"@type\":\"Organization\",\"@id\":\"https:\\\/\\\/helloproject.es\\\/vigilancia\\\/#organization\",\"name\":\"Helloproject.es\",\"url\":\"https:\\\/\\\/helloproject.es\\\/vigilancia\\\/\",\"logo\":{\"@type\":\"ImageObject\",\"inLanguage\":\"es\",\"@id\":\"https:\\\/\\\/helloproject.es\\\/vigilancia\\\/#\\\/schema\\\/logo\\\/image\\\/\",\"url\":\"https:\\\/\\\/helloproject.es\\\/vigilancia\\\/wp-content\\\/uploads\\\/2023\\\/07\\\/bip4ex.png\",\"contentUrl\":\"https:\\\/\\\/helloproject.es\\\/vigilancia\\\/wp-content\\\/uploads\\\/2023\\\/07\\\/bip4ex.png\",\"width\":322,\"height\":365,\"caption\":\"Helloproject.es\"},\"image\":{\"@id\":\"https:\\\/\\\/helloproject.es\\\/vigilancia\\\/#\\\/schema\\\/logo\\\/image\\\/\"}},{\"@type\":\"Person\",\"@id\":\"https:\\\/\\\/helloproject.es\\\/vigilancia\\\/#\\\/schema\\\/person\\\/3767b0619d59a11570372c821f8619ca\",\"name\":\"Luis Miguel Mej\u00edas Ramos\",\"url\":\"https:\\\/\\\/helloproject.es\\\/vigilancia\\\/author\\\/luismi\\\/\"}]}<\/script>\n<!-- \/ Yoast SEO Premium plugin. -->","yoast_head_json":{"title":"Acuerdo Marco para la contrataci\u00f3n por lotes: obras de reforma, reparaci\u00f3n y rehabilitaci\u00f3n en inmuebles titularidad o incorporados al inventario de la Agencia de Vivienda Social de la Comunidad de Madrid, as\u00ed como de las de nueva adquisici\u00f3n que se integrar\u00e1n en el patrimonio de la AVS cofinanciadas parcialmente por el Fondo Europeo de Desarrollo Regional. CONVOCATORIA ANUNCIADA A LICITACI\u00d3N - bip4ex","robots":{"index":"index","follow":"follow","max-snippet":"max-snippet:-1","max-image-preview":"max-image-preview:large","max-video-preview":"max-video-preview:-1"},"canonical":"https:\/\/helloproject.es\/vigilancia\/acuerdo-marco-para-la-contratacion-por-lotes-obras-de-reforma-reparacion-y-rehabilitacion-en-inmuebles-titularidad-o-incorporados-al-inventario-de-la-agencia-de-vivienda-social-de-la-comunidad-de-ma\/","og_locale":"es_ES","og_type":"article","og_title":"Acuerdo Marco para la contrataci\u00f3n por lotes: obras de reforma, reparaci\u00f3n y rehabilitaci\u00f3n en inmuebles titularidad o incorporados al inventario de la Agencia de Vivienda Social de la Comunidad de Madrid, as\u00ed como de las de nueva adquisici\u00f3n que se integrar\u00e1n en el patrimonio de la AVS cofinanciadas parcialmente por el Fondo Europeo de Desarrollo Regional. CONVOCATORIA ANUNCIADA A LICITACI\u00d3N","og_description":"Fecha y hora de la \u00faltima actualizaci\u00f3n: 25 de febrero del 2025 12:26 Tipo de publicaci\u00f3n:Convocatoria anunciada a licitaci\u00f3n N\u00famero expediente:A\/OBR-005553\/2021 Entidad adjudicadora:Organismo aut\u00f3nomo Agencia de Vivienda Social de la Comunidad de Madrid Tipo de contrato:Obras Estado o situaci\u00f3n:Resuelta","og_url":"https:\/\/helloproject.es\/vigilancia\/acuerdo-marco-para-la-contratacion-por-lotes-obras-de-reforma-reparacion-y-rehabilitacion-en-inmuebles-titularidad-o-incorporados-al-inventario-de-la-agencia-de-vivienda-social-de-la-comunidad-de-ma\/","og_site_name":"bip4ex","article_published_time":"2025-02-25T11:30:42+00:00","author":"Luis Miguel Mej\u00edas Ramos","twitter_card":"summary_large_image","twitter_misc":{"Escrito por":"Luis Miguel Mej\u00edas Ramos"},"schema":{"@context":"https:\/\/schema.org","@graph":[{"@type":"Article","@id":"https:\/\/helloproject.es\/vigilancia\/acuerdo-marco-para-la-contratacion-por-lotes-obras-de-reforma-reparacion-y-rehabilitacion-en-inmuebles-titularidad-o-incorporados-al-inventario-de-la-agencia-de-vivienda-social-de-la-comunidad-de-ma\/#article","isPartOf":{"@id":"https:\/\/helloproject.es\/vigilancia\/acuerdo-marco-para-la-contratacion-por-lotes-obras-de-reforma-reparacion-y-rehabilitacion-en-inmuebles-titularidad-o-incorporados-al-inventario-de-la-agencia-de-vivienda-social-de-la-comunidad-de-ma\/"},"author":{"name":"Luis Miguel Mej\u00edas Ramos","@id":"https:\/\/helloproject.es\/vigilancia\/#\/schema\/person\/3767b0619d59a11570372c821f8619ca"},"headline":"Acuerdo Marco para la contrataci\u00f3n por lotes: obras de reforma, reparaci\u00f3n y rehabilitaci\u00f3n en inmuebles titularidad o incorporados al inventario de la Agencia de Vivienda Social de la Comunidad de Madrid, as\u00ed como de las de nueva adquisici\u00f3n que se integrar\u00e1n en el patrimonio de la AVS cofinanciadas parcialmente por el Fondo Europeo de Desarrollo Regional. CONVOCATORIA ANUNCIADA A LICITACI\u00d3N","datePublished":"2025-02-25T11:30:42+00:00","mainEntityOfPage":{"@id":"https:\/\/helloproject.es\/vigilancia\/acuerdo-marco-para-la-contratacion-por-lotes-obras-de-reforma-reparacion-y-rehabilitacion-en-inmuebles-titularidad-o-incorporados-al-inventario-de-la-agencia-de-vivienda-social-de-la-comunidad-de-ma\/"},"wordCount":114,"publisher":{"@id":"https:\/\/helloproject.es\/vigilancia\/#organization"},"articleSection":["Ayudas y Subvenciones","Publicaciones"],"inLanguage":"es"},{"@type":"WebPage","@id":"https:\/\/helloproject.es\/vigilancia\/acuerdo-marco-para-la-contratacion-por-lotes-obras-de-reforma-reparacion-y-rehabilitacion-en-inmuebles-titularidad-o-incorporados-al-inventario-de-la-agencia-de-vivienda-social-de-la-comunidad-de-ma\/","url":"https:\/\/helloproject.es\/vigilancia\/acuerdo-marco-para-la-contratacion-por-lotes-obras-de-reforma-reparacion-y-rehabilitacion-en-inmuebles-titularidad-o-incorporados-al-inventario-de-la-agencia-de-vivienda-social-de-la-comunidad-de-ma\/","name":"Acuerdo Marco para la contrataci\u00f3n por lotes: obras de reforma, reparaci\u00f3n y rehabilitaci\u00f3n en inmuebles titularidad o incorporados al inventario de la Agencia de Vivienda Social de la Comunidad de Madrid, as\u00ed como de las de nueva adquisici\u00f3n que se integrar\u00e1n en el patrimonio de la AVS cofinanciadas parcialmente por el Fondo Europeo de Desarrollo Regional. CONVOCATORIA ANUNCIADA A LICITACI\u00d3N - bip4ex","isPartOf":{"@id":"https:\/\/helloproject.es\/vigilancia\/#website"},"datePublished":"2025-02-25T11:30:42+00:00","breadcrumb":{"@id":"https:\/\/helloproject.es\/vigilancia\/acuerdo-marco-para-la-contratacion-por-lotes-obras-de-reforma-reparacion-y-rehabilitacion-en-inmuebles-titularidad-o-incorporados-al-inventario-de-la-agencia-de-vivienda-social-de-la-comunidad-de-ma\/#breadcrumb"},"inLanguage":"es","potentialAction":[{"@type":"ReadAction","target":["https:\/\/helloproject.es\/vigilancia\/acuerdo-marco-para-la-contratacion-por-lotes-obras-de-reforma-reparacion-y-rehabilitacion-en-inmuebles-titularidad-o-incorporados-al-inventario-de-la-agencia-de-vivienda-social-de-la-comunidad-de-ma\/"]}]},{"@type":"BreadcrumbList","@id":"https:\/\/helloproject.es\/vigilancia\/acuerdo-marco-para-la-contratacion-por-lotes-obras-de-reforma-reparacion-y-rehabilitacion-en-inmuebles-titularidad-o-incorporados-al-inventario-de-la-agencia-de-vivienda-social-de-la-comunidad-de-ma\/#breadcrumb","itemListElement":[{"@type":"ListItem","position":1,"name":"Home","item":"https:\/\/helloproject.es\/vigilancia\/"},{"@type":"ListItem","position":2,"name":"Acuerdo Marco para la contrataci\u00f3n por lotes: obras de reforma, reparaci\u00f3n y rehabilitaci\u00f3n en inmuebles titularidad o incorporados al inventario de la Agencia de Vivienda Social de la Comunidad de Madrid, as\u00ed como de las de nueva adquisici\u00f3n que se integrar\u00e1n en el patrimonio de la AVS cofinanciadas parcialmente por el Fondo Europeo de Desarrollo Regional. CONVOCATORIA ANUNCIADA A LICITACI\u00d3N"}]},{"@type":"WebSite","@id":"https:\/\/helloproject.es\/vigilancia\/#website","url":"https:\/\/helloproject.es\/vigilancia\/","name":"bip4ex","description":"Vigilancia Tecnol\u00f3gica","publisher":{"@id":"https:\/\/helloproject.es\/vigilancia\/#organization"},"potentialAction":[{"@type":"SearchAction","target":{"@type":"EntryPoint","urlTemplate":"https:\/\/helloproject.es\/vigilancia\/?s={search_term_string}"},"query-input":{"@type":"PropertyValueSpecification","valueRequired":true,"valueName":"search_term_string"}}],"inLanguage":"es"},{"@type":"Organization","@id":"https:\/\/helloproject.es\/vigilancia\/#organization","name":"Helloproject.es","url":"https:\/\/helloproject.es\/vigilancia\/","logo":{"@type":"ImageObject","inLanguage":"es","@id":"https:\/\/helloproject.es\/vigilancia\/#\/schema\/logo\/image\/","url":"https:\/\/helloproject.es\/vigilancia\/wp-content\/uploads\/2023\/07\/bip4ex.png","contentUrl":"https:\/\/helloproject.es\/vigilancia\/wp-content\/uploads\/2023\/07\/bip4ex.png","width":322,"height":365,"caption":"Helloproject.es"},"image":{"@id":"https:\/\/helloproject.es\/vigilancia\/#\/schema\/logo\/image\/"}},{"@type":"Person","@id":"https:\/\/helloproject.es\/vigilancia\/#\/schema\/person\/3767b0619d59a11570372c821f8619ca","name":"Luis Miguel Mej\u00edas Ramos","url":"https:\/\/helloproject.es\/vigilancia\/author\/luismi\/"}]}},"_links":{"self":[{"href":"https:\/\/helloproject.es\/vigilancia\/wp-json\/wp\/v2\/posts\/63777","targetHints":{"allow":["GET"]}}],"collection":[{"href":"https:\/\/helloproject.es\/vigilancia\/wp-json\/wp\/v2\/posts"}],"about":[{"href":"https:\/\/helloproject.es\/vigilancia\/wp-json\/wp\/v2\/types\/post"}],"author":[{"embeddable":true,"href":"https:\/\/helloproject.es\/vigilancia\/wp-json\/wp\/v2\/users\/5"}],"replies":[{"embeddable":true,"href":"https:\/\/helloproject.es\/vigilancia\/wp-json\/wp\/v2\/comments?post=63777"}],"version-history":[{"count":0,"href":"https:\/\/helloproject.es\/vigilancia\/wp-json\/wp\/v2\/posts\/63777\/revisions"}],"wp:attachment":[{"href":"https:\/\/helloproject.es\/vigilancia\/wp-json\/wp\/v2\/media?parent=63777"}],"wp:term":[{"taxonomy":"category","embeddable":true,"href":"https:\/\/helloproject.es\/vigilancia\/wp-json\/wp\/v2\/categories?post=63777"},{"taxonomy":"post_tag","embeddable":true,"href":"https:\/\/helloproject.es\/vigilancia\/wp-json\/wp\/v2\/tags?post=63777"}],"curies":[{"name":"wp","href":"https:\/\/api.w.org\/{rel}","templated":true}]}}