{"id":63841,"date":"2025-02-25T14:29:14","date_gmt":"2025-02-25T13:29:14","guid":{"rendered":"https:\/\/helloproject.es\/vigilancia\/compromiso-de-la-diputacion-con-la-mejora-en-el-manejo-y-la-seleccion-de-la-raza-frisona\/"},"modified":"2025-02-25T14:29:14","modified_gmt":"2025-02-25T13:29:14","slug":"compromiso-de-la-diputacion-con-la-mejora-en-el-manejo-y-la-seleccion-de-la-raza-frisona","status":"publish","type":"post","link":"https:\/\/helloproject.es\/vigilancia\/compromiso-de-la-diputacion-con-la-mejora-en-el-manejo-y-la-seleccion-de-la-raza-frisona\/","title":{"rendered":"Compromiso de la Diputaci\u00f3n con la mejora en el manejo y la selecci\u00f3n de la raza frisona"},"content":{"rendered":"<p><span>Compromiso de la Diputaci\u00f3n con la mejora en el manejo y la selecci\u00f3n de la raza frisona <\/span><\/p>\n<p>    Fecha de noticia<br \/>\n              Martes, 25 de Febrero de 2025<\/p>\n<p><span><span>prensa<\/span><\/span><br \/>\n<span>Mar, 25\/02\/2025 &#8211; 14:00<br \/>\n<\/span><br \/>\n            \u00c1ngeles Armis\u00e9n reafirma el compromiso de la Diputaci\u00f3n con la mejora en el manejo y la selecci\u00f3n de la raza frisona en la segunda jornada provincial AFRIPA<\/p>\n<ul>\n<li>\n<p class=\"text-align-justify\"><span lang=\"ES-TRAD\"><\/span><span lang=\"ES-TRAD\">La jornada se ha celebrado a lo largo de la ma\u00f1ana en la localidad de Salda\u00f1a y ha contado con la participaci\u00f3n de la consejera de Agricultura, Ganader\u00eda y Desarrollo Rural, <strong>Mar\u00eda Gonz\u00e1lez Corral<\/strong> y la presidenta de la Diputaci\u00f3n, <strong>\u00c1ngeles Armis\u00e9n<\/strong>.\u00a0<\/span><\/p>\n<\/li>\n<li>\n<p class=\"text-align-justify\"><span lang=\"ES-TRAD\"><\/span><span lang=\"ES-TRAD\">Un apoyo al sector agrario y ganadero, con una inversi\u00f3n realizada la pasada legislatura de m\u00e1s de <strong>8,6 millones de euros<\/strong>.<\/span><\/p>\n<\/li>\n<li>\n<p class=\"text-align-justify\"><span>Desde el a\u00f1o<strong> 2023<\/strong>, la Diputaci\u00f3n de Palencia aument\u00f3 a <strong>20.000 euros<\/strong> el convenio anual con AFRIPA, un convenio que se viene firmando desde 2017.<\/span><\/p>\n<\/li>\n<li>\n<p class=\"text-align-justify\"><span>Adem\u00e1s, la Diputaci\u00f3n de Palencia contin\u00faa trabajando con este sector en el desarrollo de circuitos de <strong>inseminaci\u00f3n artificial<\/strong> para ganado, con la puesta de t\u00e9cnicos veterinarios a disposici\u00f3n de todas las explotaciones provinciales de ganado vacuno y el <strong>genotipado de novillas<\/strong> para acelerar el progreso gen\u00e9tico.<\/span><\/p>\n<\/li>\n<\/ul>","protected":false},"excerpt":{"rendered":"<p>Compromiso de la Diputaci\u00f3n con la mejora en el manejo y la selecci\u00f3n de la raza frisona Fecha de noticia Martes, 25 de Febrero de 2025 prensa Mar, 25\/02\/2025 &#8211; 14:00 \u00c1ngeles Armis\u00e9n reafirma el compromiso de la Diputaci\u00f3n con la mejora en el manejo y la selecci\u00f3n de la raza frisona en la segunda [&hellip;]<\/p>\n","protected":false},"author":5,"featured_media":0,"comment_status":"","ping_status":"","sticky":false,"template":"","format":"standard","meta":{"site-sidebar-layout":"default","site-content-layout":"","ast-site-content-layout":"default","site-content-style":"default","site-sidebar-style":"default","ast-global-header-display":"","ast-banner-title-visibility":"","ast-main-header-display":"","ast-hfb-above-header-display":"","ast-hfb-below-header-display":"","ast-hfb-mobile-header-display":"","site-post-title":"","ast-breadcrumbs-content":"","ast-featured-img":"","footer-sml-layout":"","ast-disable-related-posts":"","theme-transparent-header-meta":"","adv-header-id-meta":"","stick-header-meta":"","header-above-stick-meta":"","header-main-stick-meta":"","header-below-stick-meta":"","astra-migrate-meta-layouts":"default","ast-page-background-enabled":"default","ast-page-background-meta":{"desktop":{"background-color":"var(--ast-global-color-4)","background-image":"","background-repeat":"repeat","background-position":"center center","background-size":"auto","background-attachment":"scroll","background-type":"","background-media":"","overlay-type":"","overlay-color":"","overlay-opacity":"","overlay-gradient":""},"tablet":{"background-color":"","background-image":"","background-repeat":"repeat","background-position":"center center","background-size":"auto","background-attachment":"scroll","background-type":"","background-media":"","overlay-type":"","overlay-color":"","overlay-opacity":"","overlay-gradient":""},"mobile":{"background-color":"","background-image":"","background-repeat":"repeat","background-position":"center center","background-size":"auto","background-attachment":"scroll","background-type":"","background-media":"","overlay-type":"","overlay-color":"","overlay-opacity":"","overlay-gradient":""}},"ast-content-background-meta":{"desktop":{"background-color":"var(--ast-global-color-5)","background-image":"","background-repeat":"repeat","background-position":"center center","background-size":"auto","background-attachment":"scroll","background-type":"","background-media":"","overlay-type":"","overlay-color":"","overlay-opacity":"","overlay-gradient":""},"tablet":{"background-color":"var(--ast-global-color-5)","background-image":"","background-repeat":"repeat","background-position":"center center","background-size":"auto","background-attachment":"scroll","background-type":"","background-media":"","overlay-type":"","overlay-color":"","overlay-opacity":"","overlay-gradient":""},"mobile":{"background-color":"var(--ast-global-color-5)","background-image":"","background-repeat":"repeat","background-position":"center center","background-size":"auto","background-attachment":"scroll","background-type":"","background-media":"","overlay-type":"","overlay-color":"","overlay-opacity":"","overlay-gradient":""}},"footnotes":""},"categories":[5],"tags":[],"class_list":["post-63841","post","type-post","status-publish","format-standard","hentry","category-noticias"],"yoast_head":"<!-- This site is optimized with the Yoast SEO Premium plugin v20.9 (Yoast SEO v27.4) - https:\/\/yoast.com\/product\/yoast-seo-premium-wordpress\/ -->\n<title>Compromiso de la Diputaci\u00f3n con la mejora en el manejo y la selecci\u00f3n de la raza frisona - bip4ex<\/title>\n<meta name=\"robots\" content=\"index, follow, max-snippet:-1, max-image-preview:large, max-video-preview:-1\" \/>\n<link rel=\"canonical\" href=\"https:\/\/helloproject.es\/vigilancia\/compromiso-de-la-diputacion-con-la-mejora-en-el-manejo-y-la-seleccion-de-la-raza-frisona\/\" \/>\n<meta property=\"og:locale\" content=\"es_ES\" \/>\n<meta property=\"og:type\" content=\"article\" \/>\n<meta property=\"og:title\" content=\"Compromiso de la Diputaci\u00f3n con la mejora en el manejo y la selecci\u00f3n de la raza frisona\" \/>\n<meta property=\"og:description\" content=\"Compromiso de la Diputaci\u00f3n con la mejora en el manejo y la selecci\u00f3n de la raza frisona Fecha de noticia Martes, 25 de Febrero de 2025 prensa Mar, 25\/02\/2025 &#8211; 14:00 \u00c1ngeles Armis\u00e9n reafirma el compromiso de la Diputaci\u00f3n con la mejora en el manejo y la selecci\u00f3n de la raza frisona en la segunda [&hellip;]\" \/>\n<meta property=\"og:url\" content=\"https:\/\/helloproject.es\/vigilancia\/compromiso-de-la-diputacion-con-la-mejora-en-el-manejo-y-la-seleccion-de-la-raza-frisona\/\" \/>\n<meta property=\"og:site_name\" content=\"bip4ex\" \/>\n<meta property=\"article:published_time\" content=\"2025-02-25T13:29:14+00:00\" \/>\n<meta name=\"author\" content=\"Luis Miguel Mej\u00edas Ramos\" \/>\n<meta name=\"twitter:card\" content=\"summary_large_image\" \/>\n<meta name=\"twitter:label1\" content=\"Escrito por\" \/>\n\t<meta name=\"twitter:data1\" content=\"Luis Miguel Mej\u00edas Ramos\" \/>\n\t<meta name=\"twitter:label2\" content=\"Tiempo de lectura\" \/>\n\t<meta name=\"twitter:data2\" content=\"1 minuto\" \/>\n<script type=\"application\/ld+json\" class=\"yoast-schema-graph\">{\"@context\":\"https:\\\/\\\/schema.org\",\"@graph\":[{\"@type\":\"Article\",\"@id\":\"https:\\\/\\\/helloproject.es\\\/vigilancia\\\/compromiso-de-la-diputacion-con-la-mejora-en-el-manejo-y-la-seleccion-de-la-raza-frisona\\\/#article\",\"isPartOf\":{\"@id\":\"https:\\\/\\\/helloproject.es\\\/vigilancia\\\/compromiso-de-la-diputacion-con-la-mejora-en-el-manejo-y-la-seleccion-de-la-raza-frisona\\\/\"},\"author\":{\"name\":\"Luis Miguel Mej\u00edas Ramos\",\"@id\":\"https:\\\/\\\/helloproject.es\\\/vigilancia\\\/#\\\/schema\\\/person\\\/3767b0619d59a11570372c821f8619ca\"},\"headline\":\"Compromiso de la Diputaci\u00f3n con la mejora en el manejo y la selecci\u00f3n de la raza frisona\",\"datePublished\":\"2025-02-25T13:29:14+00:00\",\"mainEntityOfPage\":{\"@id\":\"https:\\\/\\\/helloproject.es\\\/vigilancia\\\/compromiso-de-la-diputacion-con-la-mejora-en-el-manejo-y-la-seleccion-de-la-raza-frisona\\\/\"},\"wordCount\":227,\"publisher\":{\"@id\":\"https:\\\/\\\/helloproject.es\\\/vigilancia\\\/#organization\"},\"articleSection\":[\"Noticias\"],\"inLanguage\":\"es\"},{\"@type\":\"WebPage\",\"@id\":\"https:\\\/\\\/helloproject.es\\\/vigilancia\\\/compromiso-de-la-diputacion-con-la-mejora-en-el-manejo-y-la-seleccion-de-la-raza-frisona\\\/\",\"url\":\"https:\\\/\\\/helloproject.es\\\/vigilancia\\\/compromiso-de-la-diputacion-con-la-mejora-en-el-manejo-y-la-seleccion-de-la-raza-frisona\\\/\",\"name\":\"Compromiso de la Diputaci\u00f3n con la mejora en el manejo y la selecci\u00f3n de la raza frisona - bip4ex\",\"isPartOf\":{\"@id\":\"https:\\\/\\\/helloproject.es\\\/vigilancia\\\/#website\"},\"datePublished\":\"2025-02-25T13:29:14+00:00\",\"breadcrumb\":{\"@id\":\"https:\\\/\\\/helloproject.es\\\/vigilancia\\\/compromiso-de-la-diputacion-con-la-mejora-en-el-manejo-y-la-seleccion-de-la-raza-frisona\\\/#breadcrumb\"},\"inLanguage\":\"es\",\"potentialAction\":[{\"@type\":\"ReadAction\",\"target\":[\"https:\\\/\\\/helloproject.es\\\/vigilancia\\\/compromiso-de-la-diputacion-con-la-mejora-en-el-manejo-y-la-seleccion-de-la-raza-frisona\\\/\"]}]},{\"@type\":\"BreadcrumbList\",\"@id\":\"https:\\\/\\\/helloproject.es\\\/vigilancia\\\/compromiso-de-la-diputacion-con-la-mejora-en-el-manejo-y-la-seleccion-de-la-raza-frisona\\\/#breadcrumb\",\"itemListElement\":[{\"@type\":\"ListItem\",\"position\":1,\"name\":\"Home\",\"item\":\"https:\\\/\\\/helloproject.es\\\/vigilancia\\\/\"},{\"@type\":\"ListItem\",\"position\":2,\"name\":\"Compromiso de la Diputaci\u00f3n con la mejora en el manejo y la selecci\u00f3n de la raza frisona\"}]},{\"@type\":\"WebSite\",\"@id\":\"https:\\\/\\\/helloproject.es\\\/vigilancia\\\/#website\",\"url\":\"https:\\\/\\\/helloproject.es\\\/vigilancia\\\/\",\"name\":\"bip4ex\",\"description\":\"Vigilancia Tecnol\u00f3gica\",\"publisher\":{\"@id\":\"https:\\\/\\\/helloproject.es\\\/vigilancia\\\/#organization\"},\"potentialAction\":[{\"@type\":\"SearchAction\",\"target\":{\"@type\":\"EntryPoint\",\"urlTemplate\":\"https:\\\/\\\/helloproject.es\\\/vigilancia\\\/?s={search_term_string}\"},\"query-input\":{\"@type\":\"PropertyValueSpecification\",\"valueRequired\":true,\"valueName\":\"search_term_string\"}}],\"inLanguage\":\"es\"},{\"@type\":\"Organization\",\"@id\":\"https:\\\/\\\/helloproject.es\\\/vigilancia\\\/#organization\",\"name\":\"Helloproject.es\",\"url\":\"https:\\\/\\\/helloproject.es\\\/vigilancia\\\/\",\"logo\":{\"@type\":\"ImageObject\",\"inLanguage\":\"es\",\"@id\":\"https:\\\/\\\/helloproject.es\\\/vigilancia\\\/#\\\/schema\\\/logo\\\/image\\\/\",\"url\":\"https:\\\/\\\/helloproject.es\\\/vigilancia\\\/wp-content\\\/uploads\\\/2023\\\/07\\\/bip4ex.png\",\"contentUrl\":\"https:\\\/\\\/helloproject.es\\\/vigilancia\\\/wp-content\\\/uploads\\\/2023\\\/07\\\/bip4ex.png\",\"width\":322,\"height\":365,\"caption\":\"Helloproject.es\"},\"image\":{\"@id\":\"https:\\\/\\\/helloproject.es\\\/vigilancia\\\/#\\\/schema\\\/logo\\\/image\\\/\"}},{\"@type\":\"Person\",\"@id\":\"https:\\\/\\\/helloproject.es\\\/vigilancia\\\/#\\\/schema\\\/person\\\/3767b0619d59a11570372c821f8619ca\",\"name\":\"Luis Miguel Mej\u00edas Ramos\",\"url\":\"https:\\\/\\\/helloproject.es\\\/vigilancia\\\/author\\\/luismi\\\/\"}]}<\/script>\n<!-- \/ Yoast SEO Premium plugin. -->","yoast_head_json":{"title":"Compromiso de la Diputaci\u00f3n con la mejora en el manejo y la selecci\u00f3n de la raza frisona - bip4ex","robots":{"index":"index","follow":"follow","max-snippet":"max-snippet:-1","max-image-preview":"max-image-preview:large","max-video-preview":"max-video-preview:-1"},"canonical":"https:\/\/helloproject.es\/vigilancia\/compromiso-de-la-diputacion-con-la-mejora-en-el-manejo-y-la-seleccion-de-la-raza-frisona\/","og_locale":"es_ES","og_type":"article","og_title":"Compromiso de la Diputaci\u00f3n con la mejora en el manejo y la selecci\u00f3n de la raza frisona","og_description":"Compromiso de la Diputaci\u00f3n con la mejora en el manejo y la selecci\u00f3n de la raza frisona Fecha de noticia Martes, 25 de Febrero de 2025 prensa Mar, 25\/02\/2025 &#8211; 14:00 \u00c1ngeles Armis\u00e9n reafirma el compromiso de la Diputaci\u00f3n con la mejora en el manejo y la selecci\u00f3n de la raza frisona en la segunda [&hellip;]","og_url":"https:\/\/helloproject.es\/vigilancia\/compromiso-de-la-diputacion-con-la-mejora-en-el-manejo-y-la-seleccion-de-la-raza-frisona\/","og_site_name":"bip4ex","article_published_time":"2025-02-25T13:29:14+00:00","author":"Luis Miguel Mej\u00edas Ramos","twitter_card":"summary_large_image","twitter_misc":{"Escrito por":"Luis Miguel Mej\u00edas Ramos","Tiempo de lectura":"1 minuto"},"schema":{"@context":"https:\/\/schema.org","@graph":[{"@type":"Article","@id":"https:\/\/helloproject.es\/vigilancia\/compromiso-de-la-diputacion-con-la-mejora-en-el-manejo-y-la-seleccion-de-la-raza-frisona\/#article","isPartOf":{"@id":"https:\/\/helloproject.es\/vigilancia\/compromiso-de-la-diputacion-con-la-mejora-en-el-manejo-y-la-seleccion-de-la-raza-frisona\/"},"author":{"name":"Luis Miguel Mej\u00edas Ramos","@id":"https:\/\/helloproject.es\/vigilancia\/#\/schema\/person\/3767b0619d59a11570372c821f8619ca"},"headline":"Compromiso de la Diputaci\u00f3n con la mejora en el manejo y la selecci\u00f3n de la raza frisona","datePublished":"2025-02-25T13:29:14+00:00","mainEntityOfPage":{"@id":"https:\/\/helloproject.es\/vigilancia\/compromiso-de-la-diputacion-con-la-mejora-en-el-manejo-y-la-seleccion-de-la-raza-frisona\/"},"wordCount":227,"publisher":{"@id":"https:\/\/helloproject.es\/vigilancia\/#organization"},"articleSection":["Noticias"],"inLanguage":"es"},{"@type":"WebPage","@id":"https:\/\/helloproject.es\/vigilancia\/compromiso-de-la-diputacion-con-la-mejora-en-el-manejo-y-la-seleccion-de-la-raza-frisona\/","url":"https:\/\/helloproject.es\/vigilancia\/compromiso-de-la-diputacion-con-la-mejora-en-el-manejo-y-la-seleccion-de-la-raza-frisona\/","name":"Compromiso de la Diputaci\u00f3n con la mejora en el manejo y la selecci\u00f3n de la raza frisona - bip4ex","isPartOf":{"@id":"https:\/\/helloproject.es\/vigilancia\/#website"},"datePublished":"2025-02-25T13:29:14+00:00","breadcrumb":{"@id":"https:\/\/helloproject.es\/vigilancia\/compromiso-de-la-diputacion-con-la-mejora-en-el-manejo-y-la-seleccion-de-la-raza-frisona\/#breadcrumb"},"inLanguage":"es","potentialAction":[{"@type":"ReadAction","target":["https:\/\/helloproject.es\/vigilancia\/compromiso-de-la-diputacion-con-la-mejora-en-el-manejo-y-la-seleccion-de-la-raza-frisona\/"]}]},{"@type":"BreadcrumbList","@id":"https:\/\/helloproject.es\/vigilancia\/compromiso-de-la-diputacion-con-la-mejora-en-el-manejo-y-la-seleccion-de-la-raza-frisona\/#breadcrumb","itemListElement":[{"@type":"ListItem","position":1,"name":"Home","item":"https:\/\/helloproject.es\/vigilancia\/"},{"@type":"ListItem","position":2,"name":"Compromiso de la Diputaci\u00f3n con la mejora en el manejo y la selecci\u00f3n de la raza frisona"}]},{"@type":"WebSite","@id":"https:\/\/helloproject.es\/vigilancia\/#website","url":"https:\/\/helloproject.es\/vigilancia\/","name":"bip4ex","description":"Vigilancia Tecnol\u00f3gica","publisher":{"@id":"https:\/\/helloproject.es\/vigilancia\/#organization"},"potentialAction":[{"@type":"SearchAction","target":{"@type":"EntryPoint","urlTemplate":"https:\/\/helloproject.es\/vigilancia\/?s={search_term_string}"},"query-input":{"@type":"PropertyValueSpecification","valueRequired":true,"valueName":"search_term_string"}}],"inLanguage":"es"},{"@type":"Organization","@id":"https:\/\/helloproject.es\/vigilancia\/#organization","name":"Helloproject.es","url":"https:\/\/helloproject.es\/vigilancia\/","logo":{"@type":"ImageObject","inLanguage":"es","@id":"https:\/\/helloproject.es\/vigilancia\/#\/schema\/logo\/image\/","url":"https:\/\/helloproject.es\/vigilancia\/wp-content\/uploads\/2023\/07\/bip4ex.png","contentUrl":"https:\/\/helloproject.es\/vigilancia\/wp-content\/uploads\/2023\/07\/bip4ex.png","width":322,"height":365,"caption":"Helloproject.es"},"image":{"@id":"https:\/\/helloproject.es\/vigilancia\/#\/schema\/logo\/image\/"}},{"@type":"Person","@id":"https:\/\/helloproject.es\/vigilancia\/#\/schema\/person\/3767b0619d59a11570372c821f8619ca","name":"Luis Miguel Mej\u00edas Ramos","url":"https:\/\/helloproject.es\/vigilancia\/author\/luismi\/"}]}},"_links":{"self":[{"href":"https:\/\/helloproject.es\/vigilancia\/wp-json\/wp\/v2\/posts\/63841","targetHints":{"allow":["GET"]}}],"collection":[{"href":"https:\/\/helloproject.es\/vigilancia\/wp-json\/wp\/v2\/posts"}],"about":[{"href":"https:\/\/helloproject.es\/vigilancia\/wp-json\/wp\/v2\/types\/post"}],"author":[{"embeddable":true,"href":"https:\/\/helloproject.es\/vigilancia\/wp-json\/wp\/v2\/users\/5"}],"replies":[{"embeddable":true,"href":"https:\/\/helloproject.es\/vigilancia\/wp-json\/wp\/v2\/comments?post=63841"}],"version-history":[{"count":0,"href":"https:\/\/helloproject.es\/vigilancia\/wp-json\/wp\/v2\/posts\/63841\/revisions"}],"wp:attachment":[{"href":"https:\/\/helloproject.es\/vigilancia\/wp-json\/wp\/v2\/media?parent=63841"}],"wp:term":[{"taxonomy":"category","embeddable":true,"href":"https:\/\/helloproject.es\/vigilancia\/wp-json\/wp\/v2\/categories?post=63841"},{"taxonomy":"post_tag","embeddable":true,"href":"https:\/\/helloproject.es\/vigilancia\/wp-json\/wp\/v2\/tags?post=63841"}],"curies":[{"name":"wp","href":"https:\/\/api.w.org\/{rel}","templated":true}]}}