{"id":63888,"date":"2025-02-25T15:28:01","date_gmt":"2025-02-25T14:28:01","guid":{"rendered":"https:\/\/helloproject.es\/vigilancia\/algunos-antidepresivos-pueden-acelerar-el-deterioro-cognitivo-en-personas-con-demencia\/"},"modified":"2025-02-25T15:28:01","modified_gmt":"2025-02-25T14:28:01","slug":"algunos-antidepresivos-pueden-acelerar-el-deterioro-cognitivo-en-personas-con-demencia","status":"publish","type":"post","link":"https:\/\/helloproject.es\/vigilancia\/algunos-antidepresivos-pueden-acelerar-el-deterioro-cognitivo-en-personas-con-demencia\/","title":{"rendered":"Algunos antidepresivos pueden acelerar el deterioro cognitivo en personas con demencia"},"content":{"rendered":"<p>Los antidepresivos se recetan con frecuencia para tratar s\u00edntomas como ansiedad, depresi\u00f3n y alteraciones del sue\u00f1o en pacientes con demencia. Sin embargo, un nuevo estudio observacional, publicado en BMC Medicine, indica que su uso podr\u00eda acelerar el deterioro cognitivo en estas personas.<\/p>\n<p>La investigaci\u00f3n, liderada por el Instituto Karolinska y el Hospital Universitario Sahlgrenska (ambos en Suecia), analiz\u00f3 datos del Registro Sueco de Demencia (SveDem), que incluye informaci\u00f3n de 18 740 pacientes, de los cuales aproximadamente el 23 % fueron tratados con antidepresivos.<\/p>\n<p>En el transcurso del estudio, se registraron un total de 11 912 prescripciones de antidepresivos, de los cuales los inhibidores selectivos de la recaptaci\u00f3n de serotonina (ISRS) representaron el 65 %.<\/p>\n<p>La neur\u00f3loga espa\u00f1ola del Karolinska Sara Garc\u00eda Ptacek, autora principal del trabajo, indica que \u201clos s\u00edntomas de depresi\u00f3n pueden empeorar el deterioro cognitivo y mermar la calidad de vida, por lo que es importante tratarlos. Nuestros resultados pueden ayudar a los facultativos a elegir antidepresivos mejor adaptados a los pacientes con demencia.<\/p>\n<p><img decoding=\"async\" src=\"https:\/\/www.agenciasinc.es\/bundles\/app\/images\/quotebefore.png\" \/><\/p>\n<p>Los s\u00edntomas de depresi\u00f3n pueden empeorar el deterioro cognitivo y mermar la calidad de vida. Nuestros resultados pueden ayudar a los facultativos a elegir antidepresivos mejor adaptados a los pacientes con demencia<\/p>\n<p> Sara Garc\u00eda Ptacek, autora principal (Instituto Karolinska)<br \/>\n<img decoding=\"async\" src=\"https:\/\/www.agenciasinc.es\/bundles\/app\/images\/quoteafter.png\" \/><\/p>\n<p>\u00abEste estudio forma parte de un proyecto mayor en el que evaluamos si medicamentos com\u00fanmente utilizados para tratar diversas patolog\u00edas pueden influir en la cognici\u00f3n de pacientes con demencia, tanto de forma positiva como negativa\u00bb, explica a SINC la investigadora. La idea del equipo es \u201cidentificar oportunidades para mejorar la elecci\u00f3n de tratamientos y, a la vez, explorar si algunos f\u00e1rmacos pudieran tener potencial como terapias en enfermedades como el alzh\u00e9imer\u00bb, agrega.<\/p>\n<p>Los investigadores siguieron la evoluci\u00f3n cognitiva de los pacientes a lo largo del tiempo y compararon grupos medicados y no medicados, as\u00ed como distintos tipos de antidepresivos.<\/p>\n<p>Aunque actualmente no es posible determinar si el deterioro cognitivo se debe a los f\u00e1rmacos o a los propios s\u00edntomas depresivos, los autores comprobaron que estos f\u00e1rmacos se asociaban con un mayor deterioro cognitivo.<\/p>\n<p><a><\/a><\/p>\n<h2>Diferencias entre f\u00e1rmacos<\/h2>\n<p>En el trabajo, tambi\u00e9n se observaron diferencias entre los distintos f\u00e1rmacos. Por ejemplo, el ISRS escitalopram se asoci\u00f3 con el deterioro cognitivo m\u00e1s r\u00e1pido, seguido de los ISRS citalopram y sertralina.<\/p>\n<p>El ISRS escitalopram se asoci\u00f3 con el deterioro cognitivo m\u00e1s r\u00e1pido, seguido de los ISRS citalopram y sertralina.\u00a0La mirtazapina, que tiene un mecanismo de acci\u00f3n distinto, tuvo un menor impacto cognitivo<\/p>\n<p>En cambio, la mirtazapina, que tiene un mecanismo de acci\u00f3n diferente, tuvo un impacto cognitivo menos negativo que el escitalopram.<\/p>\n<p>El equipo quiere ahora averiguar ahora si determinados grupos de pacientes, como las personas con tipos de demencia o biomarcadores espec\u00edficos, responden mejor o peor a los distintos antidepresivos.<\/p>\n<p>Si bien estudios previos han arrojado resultados inconsistentes sobre la relaci\u00f3n entre antidepresivos y deterioro cognitivo, Garc\u00eda Ptacek dice a SINC que este trabajo aporta robustez por su metodolog\u00eda. \u201cNuestro estudio se basa en datos del mundo real, lo que nos permite observar la evoluci\u00f3n en una poblaci\u00f3n representativa de Suecia. El tama\u00f1o muestral es grande y comparamos varios antidepresivos. No obstante, es fundamental interpretar estos resultados con cautela\u201d, recalca.<\/p>\n<p>Los autores tambi\u00e9n encontraron que el deterioro cognitivo fue m\u00e1s pronunciado en los hombres que tomaban antidepresivos en comparaci\u00f3n con las mujeres, aunque las razones no est\u00e1n claras.<\/p>\n<p>El deterioro cognitivo fue m\u00e1s pronunciado en los hombres que tomaban antidepresivos en comparaci\u00f3n con las mujeres, aunque las razones no est\u00e1n claras<\/p>\n<p>\u201cLa diferencia observada entre hombres y mujeres tratados con estos f\u00e1rmacos es un hallazgo interesante, pero complejo de interpretar con los datos actuales\u00bb, afirma la neur\u00f3loga. \u00abEste resultado es preliminar y forma parte de una l\u00ednea de investigaci\u00f3n que exploraremos en mayor profundidad\u00bb.<\/p>\n<p><a><\/a><\/p>\n<h2>Implicaciones cl\u00ednicas y futuras investigaciones<\/h2>\n<p>A pesar de los hallazgos, los autores del estudio subrayan que a\u00fan no es posible determinar si el deterioro cognitivo se debe al uso de antidepresivos o a los propios s\u00edntomas depresivos, que tambi\u00e9n pueden influir en la evoluci\u00f3n de la demencia. Adem\u00e1s, advierten que la gravedad subyacente de la enfermedad podr\u00eda explicar parte del efecto observado.<\/p>\n<p>\u201cPor eso es tan interesante la comparaci\u00f3n de distintos antidepresivos entre s\u00ed, porque elimina algunas de esas diferencias subyacentes\u201d, apunta la autora principal. Sin embargo, insiste en que a\u00fan es pronto para modificar las pautas de prescripci\u00f3n: \u201cSi bien nuestros hallazgos se\u00f1alan una asociaci\u00f3n interesante, consideramos que es prematuro modificar las pautas cl\u00ednicas bas\u00e1ndonos \u00fanicamente en este estudio\u201d.<\/p>\n<p>Los investigadores planean continuar su trabajo con estudios adicionales y pruebas que permitan determinar relaciones causales. \u201cEstamos en proceso de juntar varias cohortes internacionales distintas para poder continuar con esta l\u00ednea de investigaci\u00f3n tanto con f\u00e1rmacos antidepresivos como con otros medicamentos\u00bb, se\u00f1ala Garc\u00eda Ptacek.<\/p>\n<p>La investigadora espa\u00f1ola subraya que el objetivo de su equipo es \u201cavanzar hacia una medicina personalizada, en la que se pueda determinar con mayor exactitud qu\u00e9 tratamientos son m\u00e1s adecuados para cada perfil de paciente, lo cual ayudar\u00eda a individualizar los tratamientos en el futuro\u201d.\u00a0<\/p>","protected":false},"excerpt":{"rendered":"<p>Los antidepresivos se recetan con frecuencia para tratar s\u00edntomas como ansiedad, depresi\u00f3n y alteraciones del sue\u00f1o en pacientes con demencia. Sin embargo, un nuevo estudio observacional, publicado en BMC Medicine, indica que su uso podr\u00eda acelerar el deterioro cognitivo en estas personas. La investigaci\u00f3n, liderada por el Instituto Karolinska y el Hospital Universitario Sahlgrenska (ambos [&hellip;]<\/p>\n","protected":false},"author":5,"featured_media":0,"comment_status":"","ping_status":"","sticky":false,"template":"","format":"standard","meta":{"site-sidebar-layout":"default","site-content-layout":"","ast-site-content-layout":"default","site-content-style":"default","site-sidebar-style":"default","ast-global-header-display":"","ast-banner-title-visibility":"","ast-main-header-display":"","ast-hfb-above-header-display":"","ast-hfb-below-header-display":"","ast-hfb-mobile-header-display":"","site-post-title":"","ast-breadcrumbs-content":"","ast-featured-img":"","footer-sml-layout":"","ast-disable-related-posts":"","theme-transparent-header-meta":"","adv-header-id-meta":"","stick-header-meta":"","header-above-stick-meta":"","header-main-stick-meta":"","header-below-stick-meta":"","astra-migrate-meta-layouts":"default","ast-page-background-enabled":"default","ast-page-background-meta":{"desktop":{"background-color":"var(--ast-global-color-4)","background-image":"","background-repeat":"repeat","background-position":"center center","background-size":"auto","background-attachment":"scroll","background-type":"","background-media":"","overlay-type":"","overlay-color":"","overlay-opacity":"","overlay-gradient":""},"tablet":{"background-color":"","background-image":"","background-repeat":"repeat","background-position":"center center","background-size":"auto","background-attachment":"scroll","background-type":"","background-media":"","overlay-type":"","overlay-color":"","overlay-opacity":"","overlay-gradient":""},"mobile":{"background-color":"","background-image":"","background-repeat":"repeat","background-position":"center center","background-size":"auto","background-attachment":"scroll","background-type":"","background-media":"","overlay-type":"","overlay-color":"","overlay-opacity":"","overlay-gradient":""}},"ast-content-background-meta":{"desktop":{"background-color":"var(--ast-global-color-5)","background-image":"","background-repeat":"repeat","background-position":"center center","background-size":"auto","background-attachment":"scroll","background-type":"","background-media":"","overlay-type":"","overlay-color":"","overlay-opacity":"","overlay-gradient":""},"tablet":{"background-color":"var(--ast-global-color-5)","background-image":"","background-repeat":"repeat","background-position":"center center","background-size":"auto","background-attachment":"scroll","background-type":"","background-media":"","overlay-type":"","overlay-color":"","overlay-opacity":"","overlay-gradient":""},"mobile":{"background-color":"var(--ast-global-color-5)","background-image":"","background-repeat":"repeat","background-position":"center center","background-size":"auto","background-attachment":"scroll","background-type":"","background-media":"","overlay-type":"","overlay-color":"","overlay-opacity":"","overlay-gradient":""}},"footnotes":""},"categories":[5],"tags":[],"class_list":["post-63888","post","type-post","status-publish","format-standard","hentry","category-noticias"],"yoast_head":"<!-- This site is optimized with the Yoast SEO Premium plugin v20.9 (Yoast SEO v27.4) - https:\/\/yoast.com\/product\/yoast-seo-premium-wordpress\/ -->\n<title>Algunos antidepresivos pueden acelerar el deterioro cognitivo en personas con demencia - bip4ex<\/title>\n<meta name=\"robots\" content=\"index, follow, max-snippet:-1, max-image-preview:large, max-video-preview:-1\" \/>\n<link rel=\"canonical\" href=\"https:\/\/helloproject.es\/vigilancia\/algunos-antidepresivos-pueden-acelerar-el-deterioro-cognitivo-en-personas-con-demencia\/\" \/>\n<meta property=\"og:locale\" content=\"es_ES\" \/>\n<meta property=\"og:type\" content=\"article\" \/>\n<meta property=\"og:title\" content=\"Algunos antidepresivos pueden acelerar el deterioro cognitivo en personas con demencia\" \/>\n<meta property=\"og:description\" content=\"Los antidepresivos se recetan con frecuencia para tratar s\u00edntomas como ansiedad, depresi\u00f3n y alteraciones del sue\u00f1o en pacientes con demencia. Sin embargo, un nuevo estudio observacional, publicado en BMC Medicine, indica que su uso podr\u00eda acelerar el deterioro cognitivo en estas personas. La investigaci\u00f3n, liderada por el Instituto Karolinska y el Hospital Universitario Sahlgrenska (ambos [&hellip;]\" \/>\n<meta property=\"og:url\" content=\"https:\/\/helloproject.es\/vigilancia\/algunos-antidepresivos-pueden-acelerar-el-deterioro-cognitivo-en-personas-con-demencia\/\" \/>\n<meta property=\"og:site_name\" content=\"bip4ex\" \/>\n<meta property=\"article:published_time\" content=\"2025-02-25T14:28:01+00:00\" \/>\n<meta property=\"og:image\" content=\"https:\/\/www.agenciasinc.es\/bundles\/app\/images\/quotebefore.png\" \/>\n<meta name=\"author\" content=\"Luis Miguel Mej\u00edas Ramos\" \/>\n<meta name=\"twitter:card\" content=\"summary_large_image\" \/>\n<meta name=\"twitter:label1\" content=\"Escrito por\" \/>\n\t<meta name=\"twitter:data1\" content=\"Luis Miguel Mej\u00edas Ramos\" \/>\n\t<meta name=\"twitter:label2\" content=\"Tiempo de lectura\" \/>\n\t<meta name=\"twitter:data2\" content=\"4 minutos\" \/>\n<script type=\"application\/ld+json\" class=\"yoast-schema-graph\">{\"@context\":\"https:\\\/\\\/schema.org\",\"@graph\":[{\"@type\":\"Article\",\"@id\":\"https:\\\/\\\/helloproject.es\\\/vigilancia\\\/algunos-antidepresivos-pueden-acelerar-el-deterioro-cognitivo-en-personas-con-demencia\\\/#article\",\"isPartOf\":{\"@id\":\"https:\\\/\\\/helloproject.es\\\/vigilancia\\\/algunos-antidepresivos-pueden-acelerar-el-deterioro-cognitivo-en-personas-con-demencia\\\/\"},\"author\":{\"name\":\"Luis Miguel Mej\u00edas Ramos\",\"@id\":\"https:\\\/\\\/helloproject.es\\\/vigilancia\\\/#\\\/schema\\\/person\\\/3767b0619d59a11570372c821f8619ca\"},\"headline\":\"Algunos antidepresivos pueden acelerar el deterioro cognitivo en personas con demencia\",\"datePublished\":\"2025-02-25T14:28:01+00:00\",\"mainEntityOfPage\":{\"@id\":\"https:\\\/\\\/helloproject.es\\\/vigilancia\\\/algunos-antidepresivos-pueden-acelerar-el-deterioro-cognitivo-en-personas-con-demencia\\\/\"},\"wordCount\":903,\"publisher\":{\"@id\":\"https:\\\/\\\/helloproject.es\\\/vigilancia\\\/#organization\"},\"image\":{\"@id\":\"https:\\\/\\\/helloproject.es\\\/vigilancia\\\/algunos-antidepresivos-pueden-acelerar-el-deterioro-cognitivo-en-personas-con-demencia\\\/#primaryimage\"},\"thumbnailUrl\":\"https:\\\/\\\/www.agenciasinc.es\\\/bundles\\\/app\\\/images\\\/quotebefore.png\",\"articleSection\":[\"Noticias\"],\"inLanguage\":\"es\"},{\"@type\":\"WebPage\",\"@id\":\"https:\\\/\\\/helloproject.es\\\/vigilancia\\\/algunos-antidepresivos-pueden-acelerar-el-deterioro-cognitivo-en-personas-con-demencia\\\/\",\"url\":\"https:\\\/\\\/helloproject.es\\\/vigilancia\\\/algunos-antidepresivos-pueden-acelerar-el-deterioro-cognitivo-en-personas-con-demencia\\\/\",\"name\":\"Algunos antidepresivos pueden acelerar el deterioro cognitivo en personas con demencia - bip4ex\",\"isPartOf\":{\"@id\":\"https:\\\/\\\/helloproject.es\\\/vigilancia\\\/#website\"},\"primaryImageOfPage\":{\"@id\":\"https:\\\/\\\/helloproject.es\\\/vigilancia\\\/algunos-antidepresivos-pueden-acelerar-el-deterioro-cognitivo-en-personas-con-demencia\\\/#primaryimage\"},\"image\":{\"@id\":\"https:\\\/\\\/helloproject.es\\\/vigilancia\\\/algunos-antidepresivos-pueden-acelerar-el-deterioro-cognitivo-en-personas-con-demencia\\\/#primaryimage\"},\"thumbnailUrl\":\"https:\\\/\\\/www.agenciasinc.es\\\/bundles\\\/app\\\/images\\\/quotebefore.png\",\"datePublished\":\"2025-02-25T14:28:01+00:00\",\"breadcrumb\":{\"@id\":\"https:\\\/\\\/helloproject.es\\\/vigilancia\\\/algunos-antidepresivos-pueden-acelerar-el-deterioro-cognitivo-en-personas-con-demencia\\\/#breadcrumb\"},\"inLanguage\":\"es\",\"potentialAction\":[{\"@type\":\"ReadAction\",\"target\":[\"https:\\\/\\\/helloproject.es\\\/vigilancia\\\/algunos-antidepresivos-pueden-acelerar-el-deterioro-cognitivo-en-personas-con-demencia\\\/\"]}]},{\"@type\":\"ImageObject\",\"inLanguage\":\"es\",\"@id\":\"https:\\\/\\\/helloproject.es\\\/vigilancia\\\/algunos-antidepresivos-pueden-acelerar-el-deterioro-cognitivo-en-personas-con-demencia\\\/#primaryimage\",\"url\":\"https:\\\/\\\/www.agenciasinc.es\\\/bundles\\\/app\\\/images\\\/quotebefore.png\",\"contentUrl\":\"https:\\\/\\\/www.agenciasinc.es\\\/bundles\\\/app\\\/images\\\/quotebefore.png\"},{\"@type\":\"BreadcrumbList\",\"@id\":\"https:\\\/\\\/helloproject.es\\\/vigilancia\\\/algunos-antidepresivos-pueden-acelerar-el-deterioro-cognitivo-en-personas-con-demencia\\\/#breadcrumb\",\"itemListElement\":[{\"@type\":\"ListItem\",\"position\":1,\"name\":\"Home\",\"item\":\"https:\\\/\\\/helloproject.es\\\/vigilancia\\\/\"},{\"@type\":\"ListItem\",\"position\":2,\"name\":\"Algunos antidepresivos pueden acelerar el deterioro cognitivo en personas con demencia\"}]},{\"@type\":\"WebSite\",\"@id\":\"https:\\\/\\\/helloproject.es\\\/vigilancia\\\/#website\",\"url\":\"https:\\\/\\\/helloproject.es\\\/vigilancia\\\/\",\"name\":\"bip4ex\",\"description\":\"Vigilancia Tecnol\u00f3gica\",\"publisher\":{\"@id\":\"https:\\\/\\\/helloproject.es\\\/vigilancia\\\/#organization\"},\"potentialAction\":[{\"@type\":\"SearchAction\",\"target\":{\"@type\":\"EntryPoint\",\"urlTemplate\":\"https:\\\/\\\/helloproject.es\\\/vigilancia\\\/?s={search_term_string}\"},\"query-input\":{\"@type\":\"PropertyValueSpecification\",\"valueRequired\":true,\"valueName\":\"search_term_string\"}}],\"inLanguage\":\"es\"},{\"@type\":\"Organization\",\"@id\":\"https:\\\/\\\/helloproject.es\\\/vigilancia\\\/#organization\",\"name\":\"Helloproject.es\",\"url\":\"https:\\\/\\\/helloproject.es\\\/vigilancia\\\/\",\"logo\":{\"@type\":\"ImageObject\",\"inLanguage\":\"es\",\"@id\":\"https:\\\/\\\/helloproject.es\\\/vigilancia\\\/#\\\/schema\\\/logo\\\/image\\\/\",\"url\":\"https:\\\/\\\/helloproject.es\\\/vigilancia\\\/wp-content\\\/uploads\\\/2023\\\/07\\\/bip4ex.png\",\"contentUrl\":\"https:\\\/\\\/helloproject.es\\\/vigilancia\\\/wp-content\\\/uploads\\\/2023\\\/07\\\/bip4ex.png\",\"width\":322,\"height\":365,\"caption\":\"Helloproject.es\"},\"image\":{\"@id\":\"https:\\\/\\\/helloproject.es\\\/vigilancia\\\/#\\\/schema\\\/logo\\\/image\\\/\"}},{\"@type\":\"Person\",\"@id\":\"https:\\\/\\\/helloproject.es\\\/vigilancia\\\/#\\\/schema\\\/person\\\/3767b0619d59a11570372c821f8619ca\",\"name\":\"Luis Miguel Mej\u00edas Ramos\",\"url\":\"https:\\\/\\\/helloproject.es\\\/vigilancia\\\/author\\\/luismi\\\/\"}]}<\/script>\n<!-- \/ Yoast SEO Premium plugin. -->","yoast_head_json":{"title":"Algunos antidepresivos pueden acelerar el deterioro cognitivo en personas con demencia - bip4ex","robots":{"index":"index","follow":"follow","max-snippet":"max-snippet:-1","max-image-preview":"max-image-preview:large","max-video-preview":"max-video-preview:-1"},"canonical":"https:\/\/helloproject.es\/vigilancia\/algunos-antidepresivos-pueden-acelerar-el-deterioro-cognitivo-en-personas-con-demencia\/","og_locale":"es_ES","og_type":"article","og_title":"Algunos antidepresivos pueden acelerar el deterioro cognitivo en personas con demencia","og_description":"Los antidepresivos se recetan con frecuencia para tratar s\u00edntomas como ansiedad, depresi\u00f3n y alteraciones del sue\u00f1o en pacientes con demencia. Sin embargo, un nuevo estudio observacional, publicado en BMC Medicine, indica que su uso podr\u00eda acelerar el deterioro cognitivo en estas personas. La investigaci\u00f3n, liderada por el Instituto Karolinska y el Hospital Universitario Sahlgrenska (ambos [&hellip;]","og_url":"https:\/\/helloproject.es\/vigilancia\/algunos-antidepresivos-pueden-acelerar-el-deterioro-cognitivo-en-personas-con-demencia\/","og_site_name":"bip4ex","article_published_time":"2025-02-25T14:28:01+00:00","og_image":[{"url":"https:\/\/www.agenciasinc.es\/bundles\/app\/images\/quotebefore.png","type":"","width":"","height":""}],"author":"Luis Miguel Mej\u00edas Ramos","twitter_card":"summary_large_image","twitter_misc":{"Escrito por":"Luis Miguel Mej\u00edas Ramos","Tiempo de lectura":"4 minutos"},"schema":{"@context":"https:\/\/schema.org","@graph":[{"@type":"Article","@id":"https:\/\/helloproject.es\/vigilancia\/algunos-antidepresivos-pueden-acelerar-el-deterioro-cognitivo-en-personas-con-demencia\/#article","isPartOf":{"@id":"https:\/\/helloproject.es\/vigilancia\/algunos-antidepresivos-pueden-acelerar-el-deterioro-cognitivo-en-personas-con-demencia\/"},"author":{"name":"Luis Miguel Mej\u00edas Ramos","@id":"https:\/\/helloproject.es\/vigilancia\/#\/schema\/person\/3767b0619d59a11570372c821f8619ca"},"headline":"Algunos antidepresivos pueden acelerar el deterioro cognitivo en personas con demencia","datePublished":"2025-02-25T14:28:01+00:00","mainEntityOfPage":{"@id":"https:\/\/helloproject.es\/vigilancia\/algunos-antidepresivos-pueden-acelerar-el-deterioro-cognitivo-en-personas-con-demencia\/"},"wordCount":903,"publisher":{"@id":"https:\/\/helloproject.es\/vigilancia\/#organization"},"image":{"@id":"https:\/\/helloproject.es\/vigilancia\/algunos-antidepresivos-pueden-acelerar-el-deterioro-cognitivo-en-personas-con-demencia\/#primaryimage"},"thumbnailUrl":"https:\/\/www.agenciasinc.es\/bundles\/app\/images\/quotebefore.png","articleSection":["Noticias"],"inLanguage":"es"},{"@type":"WebPage","@id":"https:\/\/helloproject.es\/vigilancia\/algunos-antidepresivos-pueden-acelerar-el-deterioro-cognitivo-en-personas-con-demencia\/","url":"https:\/\/helloproject.es\/vigilancia\/algunos-antidepresivos-pueden-acelerar-el-deterioro-cognitivo-en-personas-con-demencia\/","name":"Algunos antidepresivos pueden acelerar el deterioro cognitivo en personas con demencia - bip4ex","isPartOf":{"@id":"https:\/\/helloproject.es\/vigilancia\/#website"},"primaryImageOfPage":{"@id":"https:\/\/helloproject.es\/vigilancia\/algunos-antidepresivos-pueden-acelerar-el-deterioro-cognitivo-en-personas-con-demencia\/#primaryimage"},"image":{"@id":"https:\/\/helloproject.es\/vigilancia\/algunos-antidepresivos-pueden-acelerar-el-deterioro-cognitivo-en-personas-con-demencia\/#primaryimage"},"thumbnailUrl":"https:\/\/www.agenciasinc.es\/bundles\/app\/images\/quotebefore.png","datePublished":"2025-02-25T14:28:01+00:00","breadcrumb":{"@id":"https:\/\/helloproject.es\/vigilancia\/algunos-antidepresivos-pueden-acelerar-el-deterioro-cognitivo-en-personas-con-demencia\/#breadcrumb"},"inLanguage":"es","potentialAction":[{"@type":"ReadAction","target":["https:\/\/helloproject.es\/vigilancia\/algunos-antidepresivos-pueden-acelerar-el-deterioro-cognitivo-en-personas-con-demencia\/"]}]},{"@type":"ImageObject","inLanguage":"es","@id":"https:\/\/helloproject.es\/vigilancia\/algunos-antidepresivos-pueden-acelerar-el-deterioro-cognitivo-en-personas-con-demencia\/#primaryimage","url":"https:\/\/www.agenciasinc.es\/bundles\/app\/images\/quotebefore.png","contentUrl":"https:\/\/www.agenciasinc.es\/bundles\/app\/images\/quotebefore.png"},{"@type":"BreadcrumbList","@id":"https:\/\/helloproject.es\/vigilancia\/algunos-antidepresivos-pueden-acelerar-el-deterioro-cognitivo-en-personas-con-demencia\/#breadcrumb","itemListElement":[{"@type":"ListItem","position":1,"name":"Home","item":"https:\/\/helloproject.es\/vigilancia\/"},{"@type":"ListItem","position":2,"name":"Algunos antidepresivos pueden acelerar el deterioro cognitivo en personas con demencia"}]},{"@type":"WebSite","@id":"https:\/\/helloproject.es\/vigilancia\/#website","url":"https:\/\/helloproject.es\/vigilancia\/","name":"bip4ex","description":"Vigilancia Tecnol\u00f3gica","publisher":{"@id":"https:\/\/helloproject.es\/vigilancia\/#organization"},"potentialAction":[{"@type":"SearchAction","target":{"@type":"EntryPoint","urlTemplate":"https:\/\/helloproject.es\/vigilancia\/?s={search_term_string}"},"query-input":{"@type":"PropertyValueSpecification","valueRequired":true,"valueName":"search_term_string"}}],"inLanguage":"es"},{"@type":"Organization","@id":"https:\/\/helloproject.es\/vigilancia\/#organization","name":"Helloproject.es","url":"https:\/\/helloproject.es\/vigilancia\/","logo":{"@type":"ImageObject","inLanguage":"es","@id":"https:\/\/helloproject.es\/vigilancia\/#\/schema\/logo\/image\/","url":"https:\/\/helloproject.es\/vigilancia\/wp-content\/uploads\/2023\/07\/bip4ex.png","contentUrl":"https:\/\/helloproject.es\/vigilancia\/wp-content\/uploads\/2023\/07\/bip4ex.png","width":322,"height":365,"caption":"Helloproject.es"},"image":{"@id":"https:\/\/helloproject.es\/vigilancia\/#\/schema\/logo\/image\/"}},{"@type":"Person","@id":"https:\/\/helloproject.es\/vigilancia\/#\/schema\/person\/3767b0619d59a11570372c821f8619ca","name":"Luis Miguel Mej\u00edas Ramos","url":"https:\/\/helloproject.es\/vigilancia\/author\/luismi\/"}]}},"_links":{"self":[{"href":"https:\/\/helloproject.es\/vigilancia\/wp-json\/wp\/v2\/posts\/63888","targetHints":{"allow":["GET"]}}],"collection":[{"href":"https:\/\/helloproject.es\/vigilancia\/wp-json\/wp\/v2\/posts"}],"about":[{"href":"https:\/\/helloproject.es\/vigilancia\/wp-json\/wp\/v2\/types\/post"}],"author":[{"embeddable":true,"href":"https:\/\/helloproject.es\/vigilancia\/wp-json\/wp\/v2\/users\/5"}],"replies":[{"embeddable":true,"href":"https:\/\/helloproject.es\/vigilancia\/wp-json\/wp\/v2\/comments?post=63888"}],"version-history":[{"count":0,"href":"https:\/\/helloproject.es\/vigilancia\/wp-json\/wp\/v2\/posts\/63888\/revisions"}],"wp:attachment":[{"href":"https:\/\/helloproject.es\/vigilancia\/wp-json\/wp\/v2\/media?parent=63888"}],"wp:term":[{"taxonomy":"category","embeddable":true,"href":"https:\/\/helloproject.es\/vigilancia\/wp-json\/wp\/v2\/categories?post=63888"},{"taxonomy":"post_tag","embeddable":true,"href":"https:\/\/helloproject.es\/vigilancia\/wp-json\/wp\/v2\/tags?post=63888"}],"curies":[{"name":"wp","href":"https:\/\/api.w.org\/{rel}","templated":true}]}}