{"id":78568,"date":"2025-03-13T07:17:17","date_gmt":"2025-03-13T06:17:17","guid":{"rendered":"https:\/\/helloproject.es\/vigilancia\/autorizado-el-mantenimiento-de-sistemas-de-informacion-del-servicio-de-salud\/"},"modified":"2025-03-13T07:17:17","modified_gmt":"2025-03-13T06:17:17","slug":"autorizado-el-mantenimiento-de-sistemas-de-informacion-del-servicio-de-salud","status":"publish","type":"post","link":"https:\/\/helloproject.es\/vigilancia\/autorizado-el-mantenimiento-de-sistemas-de-informacion-del-servicio-de-salud\/","title":{"rendered":"Autorizado el mantenimiento de sistemas de informaci\u00f3n del Servicio de Salud"},"content":{"rendered":"<p><img decoding=\"async\" src=\"https:\/\/www.infosalut.com\/images\/noticies\/institucions\/ins-acc126.jpg\" \/><\/p>\n<p>El\u00a0<a href=\"https:\/\/www.caib.es\/pidip2front\/ficha_convocatoria.xhtml?lang=es&amp;urlSemantica=consell-de-govern-autorizada-la-contratacion-del-mantenimiento-de-diversos-sistemas-de-informacion-del-servicio-de-salud-\" rel=\"noopener\">Consell de Govern<\/a> ha autorizado al director general del\u00a0<a href=\"https:\/\/www.ibsalut.es\/es\" rel=\"noopener\">Servei de Salut de les Illes Balears<\/a> para <strong>contratar los servicios de mantenimiento de los sistemas de informaci\u00f3n corporativos de imagen digital<\/strong> del\u00a0<a href=\"https:\/\/www.ibsalut.es\/es\" rel=\"noopener\">Servei de Salut<\/a> y la ampliaci\u00f3n del sistema de informaci\u00f3n a los servicios de cardiolog\u00eda de los hospitales de <strong><a href=\"https:\/\/www.hospitalcomarcalinca.es\/es\" rel=\"noopener\">Inca<\/a>, <a href=\"https:\/\/extranet.hmanacor.org\/\" target=\"_blank\" rel=\"noopener\">Manacor<\/a> <\/strong>y<strong> <a href=\"http:\/\/www.ibsalut.es\/asme\/es\/\" rel=\"noopener\">Mateu Orfila<\/a><\/strong>.<\/p>","protected":false},"excerpt":{"rendered":"<p>El\u00a0Consell de Govern ha autorizado al director general del\u00a0Servei de Salut de les Illes Balears para contratar los servicios de mantenimiento de los sistemas de informaci\u00f3n corporativos de imagen digital del\u00a0Servei de Salut y la ampliaci\u00f3n del sistema de informaci\u00f3n a los servicios de cardiolog\u00eda de los hospitales de Inca, Manacor y Mateu Orfila.<\/p>\n","protected":false},"author":5,"featured_media":0,"comment_status":"","ping_status":"","sticky":false,"template":"","format":"standard","meta":{"site-sidebar-layout":"default","site-content-layout":"","ast-site-content-layout":"default","site-content-style":"default","site-sidebar-style":"default","ast-global-header-display":"","ast-banner-title-visibility":"","ast-main-header-display":"","ast-hfb-above-header-display":"","ast-hfb-below-header-display":"","ast-hfb-mobile-header-display":"","site-post-title":"","ast-breadcrumbs-content":"","ast-featured-img":"","footer-sml-layout":"","ast-disable-related-posts":"","theme-transparent-header-meta":"","adv-header-id-meta":"","stick-header-meta":"","header-above-stick-meta":"","header-main-stick-meta":"","header-below-stick-meta":"","astra-migrate-meta-layouts":"default","ast-page-background-enabled":"default","ast-page-background-meta":{"desktop":{"background-color":"var(--ast-global-color-4)","background-image":"","background-repeat":"repeat","background-position":"center center","background-size":"auto","background-attachment":"scroll","background-type":"","background-media":"","overlay-type":"","overlay-color":"","overlay-opacity":"","overlay-gradient":""},"tablet":{"background-color":"","background-image":"","background-repeat":"repeat","background-position":"center center","background-size":"auto","background-attachment":"scroll","background-type":"","background-media":"","overlay-type":"","overlay-color":"","overlay-opacity":"","overlay-gradient":""},"mobile":{"background-color":"","background-image":"","background-repeat":"repeat","background-position":"center center","background-size":"auto","background-attachment":"scroll","background-type":"","background-media":"","overlay-type":"","overlay-color":"","overlay-opacity":"","overlay-gradient":""}},"ast-content-background-meta":{"desktop":{"background-color":"var(--ast-global-color-5)","background-image":"","background-repeat":"repeat","background-position":"center center","background-size":"auto","background-attachment":"scroll","background-type":"","background-media":"","overlay-type":"","overlay-color":"","overlay-opacity":"","overlay-gradient":""},"tablet":{"background-color":"var(--ast-global-color-5)","background-image":"","background-repeat":"repeat","background-position":"center center","background-size":"auto","background-attachment":"scroll","background-type":"","background-media":"","overlay-type":"","overlay-color":"","overlay-opacity":"","overlay-gradient":""},"mobile":{"background-color":"var(--ast-global-color-5)","background-image":"","background-repeat":"repeat","background-position":"center center","background-size":"auto","background-attachment":"scroll","background-type":"","background-media":"","overlay-type":"","overlay-color":"","overlay-opacity":"","overlay-gradient":""}},"footnotes":""},"categories":[5],"tags":[],"class_list":["post-78568","post","type-post","status-publish","format-standard","hentry","category-noticias"],"yoast_head":"<!-- This site is optimized with the Yoast SEO Premium plugin v20.9 (Yoast SEO v27.4) - https:\/\/yoast.com\/product\/yoast-seo-premium-wordpress\/ -->\n<title>Autorizado el mantenimiento de sistemas de informaci\u00f3n del Servicio de Salud - bip4ex<\/title>\n<meta name=\"robots\" content=\"index, follow, max-snippet:-1, max-image-preview:large, max-video-preview:-1\" \/>\n<link rel=\"canonical\" href=\"https:\/\/helloproject.es\/vigilancia\/autorizado-el-mantenimiento-de-sistemas-de-informacion-del-servicio-de-salud\/\" \/>\n<meta property=\"og:locale\" content=\"es_ES\" \/>\n<meta property=\"og:type\" content=\"article\" \/>\n<meta property=\"og:title\" content=\"Autorizado el mantenimiento de sistemas de informaci\u00f3n del Servicio de Salud\" \/>\n<meta property=\"og:description\" content=\"El\u00a0Consell de Govern ha autorizado al director general del\u00a0Servei de Salut de les Illes Balears para contratar los servicios de mantenimiento de los sistemas de informaci\u00f3n corporativos de imagen digital del\u00a0Servei de Salut y la ampliaci\u00f3n del sistema de informaci\u00f3n a los servicios de cardiolog\u00eda de los hospitales de Inca, Manacor y Mateu Orfila.\" \/>\n<meta property=\"og:url\" content=\"https:\/\/helloproject.es\/vigilancia\/autorizado-el-mantenimiento-de-sistemas-de-informacion-del-servicio-de-salud\/\" \/>\n<meta property=\"og:site_name\" content=\"bip4ex\" \/>\n<meta property=\"article:published_time\" content=\"2025-03-13T06:17:17+00:00\" \/>\n<meta property=\"og:image\" content=\"https:\/\/www.infosalut.com\/images\/noticies\/institucions\/ins-acc126.jpg\" \/>\n<meta name=\"author\" content=\"Luis Miguel Mej\u00edas Ramos\" \/>\n<meta name=\"twitter:card\" content=\"summary_large_image\" \/>\n<meta name=\"twitter:label1\" content=\"Escrito por\" \/>\n\t<meta name=\"twitter:data1\" content=\"Luis Miguel Mej\u00edas Ramos\" \/>\n<script type=\"application\/ld+json\" class=\"yoast-schema-graph\">{\"@context\":\"https:\\\/\\\/schema.org\",\"@graph\":[{\"@type\":\"Article\",\"@id\":\"https:\\\/\\\/helloproject.es\\\/vigilancia\\\/autorizado-el-mantenimiento-de-sistemas-de-informacion-del-servicio-de-salud\\\/#article\",\"isPartOf\":{\"@id\":\"https:\\\/\\\/helloproject.es\\\/vigilancia\\\/autorizado-el-mantenimiento-de-sistemas-de-informacion-del-servicio-de-salud\\\/\"},\"author\":{\"name\":\"Luis Miguel Mej\u00edas Ramos\",\"@id\":\"https:\\\/\\\/helloproject.es\\\/vigilancia\\\/#\\\/schema\\\/person\\\/3767b0619d59a11570372c821f8619ca\"},\"headline\":\"Autorizado el mantenimiento de sistemas de informaci\u00f3n del Servicio de Salud\",\"datePublished\":\"2025-03-13T06:17:17+00:00\",\"mainEntityOfPage\":{\"@id\":\"https:\\\/\\\/helloproject.es\\\/vigilancia\\\/autorizado-el-mantenimiento-de-sistemas-de-informacion-del-servicio-de-salud\\\/\"},\"wordCount\":73,\"publisher\":{\"@id\":\"https:\\\/\\\/helloproject.es\\\/vigilancia\\\/#organization\"},\"image\":{\"@id\":\"https:\\\/\\\/helloproject.es\\\/vigilancia\\\/autorizado-el-mantenimiento-de-sistemas-de-informacion-del-servicio-de-salud\\\/#primaryimage\"},\"thumbnailUrl\":\"https:\\\/\\\/www.infosalut.com\\\/images\\\/noticies\\\/institucions\\\/ins-acc126.jpg\",\"articleSection\":[\"Noticias\"],\"inLanguage\":\"es\"},{\"@type\":\"WebPage\",\"@id\":\"https:\\\/\\\/helloproject.es\\\/vigilancia\\\/autorizado-el-mantenimiento-de-sistemas-de-informacion-del-servicio-de-salud\\\/\",\"url\":\"https:\\\/\\\/helloproject.es\\\/vigilancia\\\/autorizado-el-mantenimiento-de-sistemas-de-informacion-del-servicio-de-salud\\\/\",\"name\":\"Autorizado el mantenimiento de sistemas de informaci\u00f3n del Servicio de Salud - bip4ex\",\"isPartOf\":{\"@id\":\"https:\\\/\\\/helloproject.es\\\/vigilancia\\\/#website\"},\"primaryImageOfPage\":{\"@id\":\"https:\\\/\\\/helloproject.es\\\/vigilancia\\\/autorizado-el-mantenimiento-de-sistemas-de-informacion-del-servicio-de-salud\\\/#primaryimage\"},\"image\":{\"@id\":\"https:\\\/\\\/helloproject.es\\\/vigilancia\\\/autorizado-el-mantenimiento-de-sistemas-de-informacion-del-servicio-de-salud\\\/#primaryimage\"},\"thumbnailUrl\":\"https:\\\/\\\/www.infosalut.com\\\/images\\\/noticies\\\/institucions\\\/ins-acc126.jpg\",\"datePublished\":\"2025-03-13T06:17:17+00:00\",\"breadcrumb\":{\"@id\":\"https:\\\/\\\/helloproject.es\\\/vigilancia\\\/autorizado-el-mantenimiento-de-sistemas-de-informacion-del-servicio-de-salud\\\/#breadcrumb\"},\"inLanguage\":\"es\",\"potentialAction\":[{\"@type\":\"ReadAction\",\"target\":[\"https:\\\/\\\/helloproject.es\\\/vigilancia\\\/autorizado-el-mantenimiento-de-sistemas-de-informacion-del-servicio-de-salud\\\/\"]}]},{\"@type\":\"ImageObject\",\"inLanguage\":\"es\",\"@id\":\"https:\\\/\\\/helloproject.es\\\/vigilancia\\\/autorizado-el-mantenimiento-de-sistemas-de-informacion-del-servicio-de-salud\\\/#primaryimage\",\"url\":\"https:\\\/\\\/www.infosalut.com\\\/images\\\/noticies\\\/institucions\\\/ins-acc126.jpg\",\"contentUrl\":\"https:\\\/\\\/www.infosalut.com\\\/images\\\/noticies\\\/institucions\\\/ins-acc126.jpg\"},{\"@type\":\"BreadcrumbList\",\"@id\":\"https:\\\/\\\/helloproject.es\\\/vigilancia\\\/autorizado-el-mantenimiento-de-sistemas-de-informacion-del-servicio-de-salud\\\/#breadcrumb\",\"itemListElement\":[{\"@type\":\"ListItem\",\"position\":1,\"name\":\"Home\",\"item\":\"https:\\\/\\\/helloproject.es\\\/vigilancia\\\/\"},{\"@type\":\"ListItem\",\"position\":2,\"name\":\"Autorizado el mantenimiento de sistemas de informaci\u00f3n del Servicio de Salud\"}]},{\"@type\":\"WebSite\",\"@id\":\"https:\\\/\\\/helloproject.es\\\/vigilancia\\\/#website\",\"url\":\"https:\\\/\\\/helloproject.es\\\/vigilancia\\\/\",\"name\":\"bip4ex\",\"description\":\"Vigilancia Tecnol\u00f3gica\",\"publisher\":{\"@id\":\"https:\\\/\\\/helloproject.es\\\/vigilancia\\\/#organization\"},\"potentialAction\":[{\"@type\":\"SearchAction\",\"target\":{\"@type\":\"EntryPoint\",\"urlTemplate\":\"https:\\\/\\\/helloproject.es\\\/vigilancia\\\/?s={search_term_string}\"},\"query-input\":{\"@type\":\"PropertyValueSpecification\",\"valueRequired\":true,\"valueName\":\"search_term_string\"}}],\"inLanguage\":\"es\"},{\"@type\":\"Organization\",\"@id\":\"https:\\\/\\\/helloproject.es\\\/vigilancia\\\/#organization\",\"name\":\"Helloproject.es\",\"url\":\"https:\\\/\\\/helloproject.es\\\/vigilancia\\\/\",\"logo\":{\"@type\":\"ImageObject\",\"inLanguage\":\"es\",\"@id\":\"https:\\\/\\\/helloproject.es\\\/vigilancia\\\/#\\\/schema\\\/logo\\\/image\\\/\",\"url\":\"https:\\\/\\\/helloproject.es\\\/vigilancia\\\/wp-content\\\/uploads\\\/2023\\\/07\\\/bip4ex.png\",\"contentUrl\":\"https:\\\/\\\/helloproject.es\\\/vigilancia\\\/wp-content\\\/uploads\\\/2023\\\/07\\\/bip4ex.png\",\"width\":322,\"height\":365,\"caption\":\"Helloproject.es\"},\"image\":{\"@id\":\"https:\\\/\\\/helloproject.es\\\/vigilancia\\\/#\\\/schema\\\/logo\\\/image\\\/\"}},{\"@type\":\"Person\",\"@id\":\"https:\\\/\\\/helloproject.es\\\/vigilancia\\\/#\\\/schema\\\/person\\\/3767b0619d59a11570372c821f8619ca\",\"name\":\"Luis Miguel Mej\u00edas Ramos\",\"url\":\"https:\\\/\\\/helloproject.es\\\/vigilancia\\\/author\\\/luismi\\\/\"}]}<\/script>\n<!-- \/ Yoast SEO Premium plugin. -->","yoast_head_json":{"title":"Autorizado el mantenimiento de sistemas de informaci\u00f3n del Servicio de Salud - bip4ex","robots":{"index":"index","follow":"follow","max-snippet":"max-snippet:-1","max-image-preview":"max-image-preview:large","max-video-preview":"max-video-preview:-1"},"canonical":"https:\/\/helloproject.es\/vigilancia\/autorizado-el-mantenimiento-de-sistemas-de-informacion-del-servicio-de-salud\/","og_locale":"es_ES","og_type":"article","og_title":"Autorizado el mantenimiento de sistemas de informaci\u00f3n del Servicio de Salud","og_description":"El\u00a0Consell de Govern ha autorizado al director general del\u00a0Servei de Salut de les Illes Balears para contratar los servicios de mantenimiento de los sistemas de informaci\u00f3n corporativos de imagen digital del\u00a0Servei de Salut y la ampliaci\u00f3n del sistema de informaci\u00f3n a los servicios de cardiolog\u00eda de los hospitales de Inca, Manacor y Mateu Orfila.","og_url":"https:\/\/helloproject.es\/vigilancia\/autorizado-el-mantenimiento-de-sistemas-de-informacion-del-servicio-de-salud\/","og_site_name":"bip4ex","article_published_time":"2025-03-13T06:17:17+00:00","og_image":[{"url":"https:\/\/www.infosalut.com\/images\/noticies\/institucions\/ins-acc126.jpg","type":"","width":"","height":""}],"author":"Luis Miguel Mej\u00edas Ramos","twitter_card":"summary_large_image","twitter_misc":{"Escrito por":"Luis Miguel Mej\u00edas Ramos"},"schema":{"@context":"https:\/\/schema.org","@graph":[{"@type":"Article","@id":"https:\/\/helloproject.es\/vigilancia\/autorizado-el-mantenimiento-de-sistemas-de-informacion-del-servicio-de-salud\/#article","isPartOf":{"@id":"https:\/\/helloproject.es\/vigilancia\/autorizado-el-mantenimiento-de-sistemas-de-informacion-del-servicio-de-salud\/"},"author":{"name":"Luis Miguel Mej\u00edas Ramos","@id":"https:\/\/helloproject.es\/vigilancia\/#\/schema\/person\/3767b0619d59a11570372c821f8619ca"},"headline":"Autorizado el mantenimiento de sistemas de informaci\u00f3n del Servicio de Salud","datePublished":"2025-03-13T06:17:17+00:00","mainEntityOfPage":{"@id":"https:\/\/helloproject.es\/vigilancia\/autorizado-el-mantenimiento-de-sistemas-de-informacion-del-servicio-de-salud\/"},"wordCount":73,"publisher":{"@id":"https:\/\/helloproject.es\/vigilancia\/#organization"},"image":{"@id":"https:\/\/helloproject.es\/vigilancia\/autorizado-el-mantenimiento-de-sistemas-de-informacion-del-servicio-de-salud\/#primaryimage"},"thumbnailUrl":"https:\/\/www.infosalut.com\/images\/noticies\/institucions\/ins-acc126.jpg","articleSection":["Noticias"],"inLanguage":"es"},{"@type":"WebPage","@id":"https:\/\/helloproject.es\/vigilancia\/autorizado-el-mantenimiento-de-sistemas-de-informacion-del-servicio-de-salud\/","url":"https:\/\/helloproject.es\/vigilancia\/autorizado-el-mantenimiento-de-sistemas-de-informacion-del-servicio-de-salud\/","name":"Autorizado el mantenimiento de sistemas de informaci\u00f3n del Servicio de Salud - bip4ex","isPartOf":{"@id":"https:\/\/helloproject.es\/vigilancia\/#website"},"primaryImageOfPage":{"@id":"https:\/\/helloproject.es\/vigilancia\/autorizado-el-mantenimiento-de-sistemas-de-informacion-del-servicio-de-salud\/#primaryimage"},"image":{"@id":"https:\/\/helloproject.es\/vigilancia\/autorizado-el-mantenimiento-de-sistemas-de-informacion-del-servicio-de-salud\/#primaryimage"},"thumbnailUrl":"https:\/\/www.infosalut.com\/images\/noticies\/institucions\/ins-acc126.jpg","datePublished":"2025-03-13T06:17:17+00:00","breadcrumb":{"@id":"https:\/\/helloproject.es\/vigilancia\/autorizado-el-mantenimiento-de-sistemas-de-informacion-del-servicio-de-salud\/#breadcrumb"},"inLanguage":"es","potentialAction":[{"@type":"ReadAction","target":["https:\/\/helloproject.es\/vigilancia\/autorizado-el-mantenimiento-de-sistemas-de-informacion-del-servicio-de-salud\/"]}]},{"@type":"ImageObject","inLanguage":"es","@id":"https:\/\/helloproject.es\/vigilancia\/autorizado-el-mantenimiento-de-sistemas-de-informacion-del-servicio-de-salud\/#primaryimage","url":"https:\/\/www.infosalut.com\/images\/noticies\/institucions\/ins-acc126.jpg","contentUrl":"https:\/\/www.infosalut.com\/images\/noticies\/institucions\/ins-acc126.jpg"},{"@type":"BreadcrumbList","@id":"https:\/\/helloproject.es\/vigilancia\/autorizado-el-mantenimiento-de-sistemas-de-informacion-del-servicio-de-salud\/#breadcrumb","itemListElement":[{"@type":"ListItem","position":1,"name":"Home","item":"https:\/\/helloproject.es\/vigilancia\/"},{"@type":"ListItem","position":2,"name":"Autorizado el mantenimiento de sistemas de informaci\u00f3n del Servicio de Salud"}]},{"@type":"WebSite","@id":"https:\/\/helloproject.es\/vigilancia\/#website","url":"https:\/\/helloproject.es\/vigilancia\/","name":"bip4ex","description":"Vigilancia Tecnol\u00f3gica","publisher":{"@id":"https:\/\/helloproject.es\/vigilancia\/#organization"},"potentialAction":[{"@type":"SearchAction","target":{"@type":"EntryPoint","urlTemplate":"https:\/\/helloproject.es\/vigilancia\/?s={search_term_string}"},"query-input":{"@type":"PropertyValueSpecification","valueRequired":true,"valueName":"search_term_string"}}],"inLanguage":"es"},{"@type":"Organization","@id":"https:\/\/helloproject.es\/vigilancia\/#organization","name":"Helloproject.es","url":"https:\/\/helloproject.es\/vigilancia\/","logo":{"@type":"ImageObject","inLanguage":"es","@id":"https:\/\/helloproject.es\/vigilancia\/#\/schema\/logo\/image\/","url":"https:\/\/helloproject.es\/vigilancia\/wp-content\/uploads\/2023\/07\/bip4ex.png","contentUrl":"https:\/\/helloproject.es\/vigilancia\/wp-content\/uploads\/2023\/07\/bip4ex.png","width":322,"height":365,"caption":"Helloproject.es"},"image":{"@id":"https:\/\/helloproject.es\/vigilancia\/#\/schema\/logo\/image\/"}},{"@type":"Person","@id":"https:\/\/helloproject.es\/vigilancia\/#\/schema\/person\/3767b0619d59a11570372c821f8619ca","name":"Luis Miguel Mej\u00edas Ramos","url":"https:\/\/helloproject.es\/vigilancia\/author\/luismi\/"}]}},"_links":{"self":[{"href":"https:\/\/helloproject.es\/vigilancia\/wp-json\/wp\/v2\/posts\/78568","targetHints":{"allow":["GET"]}}],"collection":[{"href":"https:\/\/helloproject.es\/vigilancia\/wp-json\/wp\/v2\/posts"}],"about":[{"href":"https:\/\/helloproject.es\/vigilancia\/wp-json\/wp\/v2\/types\/post"}],"author":[{"embeddable":true,"href":"https:\/\/helloproject.es\/vigilancia\/wp-json\/wp\/v2\/users\/5"}],"replies":[{"embeddable":true,"href":"https:\/\/helloproject.es\/vigilancia\/wp-json\/wp\/v2\/comments?post=78568"}],"version-history":[{"count":0,"href":"https:\/\/helloproject.es\/vigilancia\/wp-json\/wp\/v2\/posts\/78568\/revisions"}],"wp:attachment":[{"href":"https:\/\/helloproject.es\/vigilancia\/wp-json\/wp\/v2\/media?parent=78568"}],"wp:term":[{"taxonomy":"category","embeddable":true,"href":"https:\/\/helloproject.es\/vigilancia\/wp-json\/wp\/v2\/categories?post=78568"},{"taxonomy":"post_tag","embeddable":true,"href":"https:\/\/helloproject.es\/vigilancia\/wp-json\/wp\/v2\/tags?post=78568"}],"curies":[{"name":"wp","href":"https:\/\/api.w.org\/{rel}","templated":true}]}}