{"id":78678,"date":"2025-03-13T11:17:17","date_gmt":"2025-03-13T10:17:17","guid":{"rendered":"https:\/\/helloproject.es\/vigilancia\/el-espacio-web-interreg\/"},"modified":"2025-03-13T11:17:17","modified_gmt":"2025-03-13T10:17:17","slug":"el-espacio-web-interreg","status":"publish","type":"post","link":"https:\/\/helloproject.es\/vigilancia\/el-espacio-web-interreg\/","title":{"rendered":"El espacio web INTERREG"},"content":{"rendered":"<p>El espacio web INTERREG se renueva con el objeto de ofrecer una experiencia m\u00e1s f\u00e1cil de usar con una navegaci\u00f3n mejorada, una potente herramienta de b\u00fasqueda y una mayor riqueza visual.<u><\/u><u><\/u><\/p>\n<p>Para m\u00e1s informaci\u00f3n mire en este\u00a0<a href=\"https:\/\/interreg.eu\/\" target=\"_blank\" rel=\"noopener\" data-saferedirecturl=\"https:\/\/www.google.com\/url?q=https:\/\/interreg.eu\/&amp;source=gmail&amp;ust=1741942261924000&amp;usg=AOvVaw0cvbhvhkJt9szizW0dA6p5\">enlace<\/a>.<\/p>\n<p>Ya est\u00e1 online el nuevo sitio web\u00a0<a href=\"http:\/\/interreg.eu\/\" target=\"_blank\" rel=\"noreferrer noopener\">interreg.eu<\/a><\/p>\n<p>The post <a href=\"https:\/\/femp-fondos-europa.es\/el-espacio-web-interreg\/\">El espacio web INTERREG<\/a> appeared first on <a href=\"https:\/\/femp-fondos-europa.es\/\">Fondos Europeos NG y 2021-2027 &#8211; FEMP<\/a>.<\/p>","protected":false},"excerpt":{"rendered":"<p>El espacio web INTERREG se renueva con el objeto de ofrecer una experiencia m\u00e1s f\u00e1cil de usar con una navegaci\u00f3n mejorada, una potente herramienta de b\u00fasqueda y una mayor riqueza visual. Para m\u00e1s informaci\u00f3n mire en este\u00a0enlace. Ya est\u00e1 online el nuevo sitio web\u00a0interreg.eu The post El espacio web INTERREG appeared first on Fondos Europeos [&hellip;]<\/p>\n","protected":false},"author":5,"featured_media":0,"comment_status":"","ping_status":"","sticky":false,"template":"","format":"standard","meta":{"site-sidebar-layout":"default","site-content-layout":"","ast-site-content-layout":"default","site-content-style":"default","site-sidebar-style":"default","ast-global-header-display":"","ast-banner-title-visibility":"","ast-main-header-display":"","ast-hfb-above-header-display":"","ast-hfb-below-header-display":"","ast-hfb-mobile-header-display":"","site-post-title":"","ast-breadcrumbs-content":"","ast-featured-img":"","footer-sml-layout":"","ast-disable-related-posts":"","theme-transparent-header-meta":"","adv-header-id-meta":"","stick-header-meta":"","header-above-stick-meta":"","header-main-stick-meta":"","header-below-stick-meta":"","astra-migrate-meta-layouts":"default","ast-page-background-enabled":"default","ast-page-background-meta":{"desktop":{"background-color":"var(--ast-global-color-4)","background-image":"","background-repeat":"repeat","background-position":"center center","background-size":"auto","background-attachment":"scroll","background-type":"","background-media":"","overlay-type":"","overlay-color":"","overlay-opacity":"","overlay-gradient":""},"tablet":{"background-color":"","background-image":"","background-repeat":"repeat","background-position":"center center","background-size":"auto","background-attachment":"scroll","background-type":"","background-media":"","overlay-type":"","overlay-color":"","overlay-opacity":"","overlay-gradient":""},"mobile":{"background-color":"","background-image":"","background-repeat":"repeat","background-position":"center center","background-size":"auto","background-attachment":"scroll","background-type":"","background-media":"","overlay-type":"","overlay-color":"","overlay-opacity":"","overlay-gradient":""}},"ast-content-background-meta":{"desktop":{"background-color":"var(--ast-global-color-5)","background-image":"","background-repeat":"repeat","background-position":"center center","background-size":"auto","background-attachment":"scroll","background-type":"","background-media":"","overlay-type":"","overlay-color":"","overlay-opacity":"","overlay-gradient":""},"tablet":{"background-color":"var(--ast-global-color-5)","background-image":"","background-repeat":"repeat","background-position":"center center","background-size":"auto","background-attachment":"scroll","background-type":"","background-media":"","overlay-type":"","overlay-color":"","overlay-opacity":"","overlay-gradient":""},"mobile":{"background-color":"var(--ast-global-color-5)","background-image":"","background-repeat":"repeat","background-position":"center center","background-size":"auto","background-attachment":"scroll","background-type":"","background-media":"","overlay-type":"","overlay-color":"","overlay-opacity":"","overlay-gradient":""}},"footnotes":""},"categories":[8],"tags":[],"class_list":["post-78678","post","type-post","status-publish","format-standard","hentry","category-ayudas-y-subvenciones"],"yoast_head":"<!-- This site is optimized with the Yoast SEO Premium plugin v20.9 (Yoast SEO v27.4) - https:\/\/yoast.com\/product\/yoast-seo-premium-wordpress\/ -->\n<title>El espacio web INTERREG - bip4ex<\/title>\n<meta name=\"robots\" content=\"index, follow, max-snippet:-1, max-image-preview:large, max-video-preview:-1\" \/>\n<link rel=\"canonical\" href=\"https:\/\/helloproject.es\/vigilancia\/el-espacio-web-interreg\/\" \/>\n<meta property=\"og:locale\" content=\"es_ES\" \/>\n<meta property=\"og:type\" content=\"article\" \/>\n<meta property=\"og:title\" content=\"El espacio web INTERREG\" \/>\n<meta property=\"og:description\" content=\"El espacio web INTERREG se renueva con el objeto de ofrecer una experiencia m\u00e1s f\u00e1cil de usar con una navegaci\u00f3n mejorada, una potente herramienta de b\u00fasqueda y una mayor riqueza visual. Para m\u00e1s informaci\u00f3n mire en este\u00a0enlace. Ya est\u00e1 online el nuevo sitio web\u00a0interreg.eu The post El espacio web INTERREG appeared first on Fondos Europeos [&hellip;]\" \/>\n<meta property=\"og:url\" content=\"https:\/\/helloproject.es\/vigilancia\/el-espacio-web-interreg\/\" \/>\n<meta property=\"og:site_name\" content=\"bip4ex\" \/>\n<meta property=\"article:published_time\" content=\"2025-03-13T10:17:17+00:00\" \/>\n<meta name=\"author\" content=\"Luis Miguel Mej\u00edas Ramos\" \/>\n<meta name=\"twitter:card\" content=\"summary_large_image\" \/>\n<meta name=\"twitter:label1\" content=\"Escrito por\" \/>\n\t<meta name=\"twitter:data1\" content=\"Luis Miguel Mej\u00edas Ramos\" \/>\n<script type=\"application\/ld+json\" class=\"yoast-schema-graph\">{\"@context\":\"https:\\\/\\\/schema.org\",\"@graph\":[{\"@type\":\"Article\",\"@id\":\"https:\\\/\\\/helloproject.es\\\/vigilancia\\\/el-espacio-web-interreg\\\/#article\",\"isPartOf\":{\"@id\":\"https:\\\/\\\/helloproject.es\\\/vigilancia\\\/el-espacio-web-interreg\\\/\"},\"author\":{\"name\":\"Luis Miguel Mej\u00edas Ramos\",\"@id\":\"https:\\\/\\\/helloproject.es\\\/vigilancia\\\/#\\\/schema\\\/person\\\/3767b0619d59a11570372c821f8619ca\"},\"headline\":\"El espacio web INTERREG\",\"datePublished\":\"2025-03-13T10:17:17+00:00\",\"mainEntityOfPage\":{\"@id\":\"https:\\\/\\\/helloproject.es\\\/vigilancia\\\/el-espacio-web-interreg\\\/\"},\"wordCount\":73,\"publisher\":{\"@id\":\"https:\\\/\\\/helloproject.es\\\/vigilancia\\\/#organization\"},\"articleSection\":[\"Ayudas y Subvenciones\"],\"inLanguage\":\"es\"},{\"@type\":\"WebPage\",\"@id\":\"https:\\\/\\\/helloproject.es\\\/vigilancia\\\/el-espacio-web-interreg\\\/\",\"url\":\"https:\\\/\\\/helloproject.es\\\/vigilancia\\\/el-espacio-web-interreg\\\/\",\"name\":\"El espacio web INTERREG - bip4ex\",\"isPartOf\":{\"@id\":\"https:\\\/\\\/helloproject.es\\\/vigilancia\\\/#website\"},\"datePublished\":\"2025-03-13T10:17:17+00:00\",\"breadcrumb\":{\"@id\":\"https:\\\/\\\/helloproject.es\\\/vigilancia\\\/el-espacio-web-interreg\\\/#breadcrumb\"},\"inLanguage\":\"es\",\"potentialAction\":[{\"@type\":\"ReadAction\",\"target\":[\"https:\\\/\\\/helloproject.es\\\/vigilancia\\\/el-espacio-web-interreg\\\/\"]}]},{\"@type\":\"BreadcrumbList\",\"@id\":\"https:\\\/\\\/helloproject.es\\\/vigilancia\\\/el-espacio-web-interreg\\\/#breadcrumb\",\"itemListElement\":[{\"@type\":\"ListItem\",\"position\":1,\"name\":\"Home\",\"item\":\"https:\\\/\\\/helloproject.es\\\/vigilancia\\\/\"},{\"@type\":\"ListItem\",\"position\":2,\"name\":\"El espacio web INTERREG\"}]},{\"@type\":\"WebSite\",\"@id\":\"https:\\\/\\\/helloproject.es\\\/vigilancia\\\/#website\",\"url\":\"https:\\\/\\\/helloproject.es\\\/vigilancia\\\/\",\"name\":\"bip4ex\",\"description\":\"Vigilancia Tecnol\u00f3gica\",\"publisher\":{\"@id\":\"https:\\\/\\\/helloproject.es\\\/vigilancia\\\/#organization\"},\"potentialAction\":[{\"@type\":\"SearchAction\",\"target\":{\"@type\":\"EntryPoint\",\"urlTemplate\":\"https:\\\/\\\/helloproject.es\\\/vigilancia\\\/?s={search_term_string}\"},\"query-input\":{\"@type\":\"PropertyValueSpecification\",\"valueRequired\":true,\"valueName\":\"search_term_string\"}}],\"inLanguage\":\"es\"},{\"@type\":\"Organization\",\"@id\":\"https:\\\/\\\/helloproject.es\\\/vigilancia\\\/#organization\",\"name\":\"Helloproject.es\",\"url\":\"https:\\\/\\\/helloproject.es\\\/vigilancia\\\/\",\"logo\":{\"@type\":\"ImageObject\",\"inLanguage\":\"es\",\"@id\":\"https:\\\/\\\/helloproject.es\\\/vigilancia\\\/#\\\/schema\\\/logo\\\/image\\\/\",\"url\":\"https:\\\/\\\/helloproject.es\\\/vigilancia\\\/wp-content\\\/uploads\\\/2023\\\/07\\\/bip4ex.png\",\"contentUrl\":\"https:\\\/\\\/helloproject.es\\\/vigilancia\\\/wp-content\\\/uploads\\\/2023\\\/07\\\/bip4ex.png\",\"width\":322,\"height\":365,\"caption\":\"Helloproject.es\"},\"image\":{\"@id\":\"https:\\\/\\\/helloproject.es\\\/vigilancia\\\/#\\\/schema\\\/logo\\\/image\\\/\"}},{\"@type\":\"Person\",\"@id\":\"https:\\\/\\\/helloproject.es\\\/vigilancia\\\/#\\\/schema\\\/person\\\/3767b0619d59a11570372c821f8619ca\",\"name\":\"Luis Miguel Mej\u00edas Ramos\",\"url\":\"https:\\\/\\\/helloproject.es\\\/vigilancia\\\/author\\\/luismi\\\/\"}]}<\/script>\n<!-- \/ Yoast SEO Premium plugin. -->","yoast_head_json":{"title":"El espacio web INTERREG - bip4ex","robots":{"index":"index","follow":"follow","max-snippet":"max-snippet:-1","max-image-preview":"max-image-preview:large","max-video-preview":"max-video-preview:-1"},"canonical":"https:\/\/helloproject.es\/vigilancia\/el-espacio-web-interreg\/","og_locale":"es_ES","og_type":"article","og_title":"El espacio web INTERREG","og_description":"El espacio web INTERREG se renueva con el objeto de ofrecer una experiencia m\u00e1s f\u00e1cil de usar con una navegaci\u00f3n mejorada, una potente herramienta de b\u00fasqueda y una mayor riqueza visual. Para m\u00e1s informaci\u00f3n mire en este\u00a0enlace. Ya est\u00e1 online el nuevo sitio web\u00a0interreg.eu The post El espacio web INTERREG appeared first on Fondos Europeos [&hellip;]","og_url":"https:\/\/helloproject.es\/vigilancia\/el-espacio-web-interreg\/","og_site_name":"bip4ex","article_published_time":"2025-03-13T10:17:17+00:00","author":"Luis Miguel Mej\u00edas Ramos","twitter_card":"summary_large_image","twitter_misc":{"Escrito por":"Luis Miguel Mej\u00edas Ramos"},"schema":{"@context":"https:\/\/schema.org","@graph":[{"@type":"Article","@id":"https:\/\/helloproject.es\/vigilancia\/el-espacio-web-interreg\/#article","isPartOf":{"@id":"https:\/\/helloproject.es\/vigilancia\/el-espacio-web-interreg\/"},"author":{"name":"Luis Miguel Mej\u00edas Ramos","@id":"https:\/\/helloproject.es\/vigilancia\/#\/schema\/person\/3767b0619d59a11570372c821f8619ca"},"headline":"El espacio web INTERREG","datePublished":"2025-03-13T10:17:17+00:00","mainEntityOfPage":{"@id":"https:\/\/helloproject.es\/vigilancia\/el-espacio-web-interreg\/"},"wordCount":73,"publisher":{"@id":"https:\/\/helloproject.es\/vigilancia\/#organization"},"articleSection":["Ayudas y Subvenciones"],"inLanguage":"es"},{"@type":"WebPage","@id":"https:\/\/helloproject.es\/vigilancia\/el-espacio-web-interreg\/","url":"https:\/\/helloproject.es\/vigilancia\/el-espacio-web-interreg\/","name":"El espacio web INTERREG - bip4ex","isPartOf":{"@id":"https:\/\/helloproject.es\/vigilancia\/#website"},"datePublished":"2025-03-13T10:17:17+00:00","breadcrumb":{"@id":"https:\/\/helloproject.es\/vigilancia\/el-espacio-web-interreg\/#breadcrumb"},"inLanguage":"es","potentialAction":[{"@type":"ReadAction","target":["https:\/\/helloproject.es\/vigilancia\/el-espacio-web-interreg\/"]}]},{"@type":"BreadcrumbList","@id":"https:\/\/helloproject.es\/vigilancia\/el-espacio-web-interreg\/#breadcrumb","itemListElement":[{"@type":"ListItem","position":1,"name":"Home","item":"https:\/\/helloproject.es\/vigilancia\/"},{"@type":"ListItem","position":2,"name":"El espacio web INTERREG"}]},{"@type":"WebSite","@id":"https:\/\/helloproject.es\/vigilancia\/#website","url":"https:\/\/helloproject.es\/vigilancia\/","name":"bip4ex","description":"Vigilancia Tecnol\u00f3gica","publisher":{"@id":"https:\/\/helloproject.es\/vigilancia\/#organization"},"potentialAction":[{"@type":"SearchAction","target":{"@type":"EntryPoint","urlTemplate":"https:\/\/helloproject.es\/vigilancia\/?s={search_term_string}"},"query-input":{"@type":"PropertyValueSpecification","valueRequired":true,"valueName":"search_term_string"}}],"inLanguage":"es"},{"@type":"Organization","@id":"https:\/\/helloproject.es\/vigilancia\/#organization","name":"Helloproject.es","url":"https:\/\/helloproject.es\/vigilancia\/","logo":{"@type":"ImageObject","inLanguage":"es","@id":"https:\/\/helloproject.es\/vigilancia\/#\/schema\/logo\/image\/","url":"https:\/\/helloproject.es\/vigilancia\/wp-content\/uploads\/2023\/07\/bip4ex.png","contentUrl":"https:\/\/helloproject.es\/vigilancia\/wp-content\/uploads\/2023\/07\/bip4ex.png","width":322,"height":365,"caption":"Helloproject.es"},"image":{"@id":"https:\/\/helloproject.es\/vigilancia\/#\/schema\/logo\/image\/"}},{"@type":"Person","@id":"https:\/\/helloproject.es\/vigilancia\/#\/schema\/person\/3767b0619d59a11570372c821f8619ca","name":"Luis Miguel Mej\u00edas Ramos","url":"https:\/\/helloproject.es\/vigilancia\/author\/luismi\/"}]}},"_links":{"self":[{"href":"https:\/\/helloproject.es\/vigilancia\/wp-json\/wp\/v2\/posts\/78678","targetHints":{"allow":["GET"]}}],"collection":[{"href":"https:\/\/helloproject.es\/vigilancia\/wp-json\/wp\/v2\/posts"}],"about":[{"href":"https:\/\/helloproject.es\/vigilancia\/wp-json\/wp\/v2\/types\/post"}],"author":[{"embeddable":true,"href":"https:\/\/helloproject.es\/vigilancia\/wp-json\/wp\/v2\/users\/5"}],"replies":[{"embeddable":true,"href":"https:\/\/helloproject.es\/vigilancia\/wp-json\/wp\/v2\/comments?post=78678"}],"version-history":[{"count":0,"href":"https:\/\/helloproject.es\/vigilancia\/wp-json\/wp\/v2\/posts\/78678\/revisions"}],"wp:attachment":[{"href":"https:\/\/helloproject.es\/vigilancia\/wp-json\/wp\/v2\/media?parent=78678"}],"wp:term":[{"taxonomy":"category","embeddable":true,"href":"https:\/\/helloproject.es\/vigilancia\/wp-json\/wp\/v2\/categories?post=78678"},{"taxonomy":"post_tag","embeddable":true,"href":"https:\/\/helloproject.es\/vigilancia\/wp-json\/wp\/v2\/tags?post=78678"}],"curies":[{"name":"wp","href":"https:\/\/api.w.org\/{rel}","templated":true}]}}