{"id":78767,"date":"2025-03-13T13:28:21","date_gmt":"2025-03-13T12:28:21","guid":{"rendered":"https:\/\/helloproject.es\/vigilancia\/un-estudio-revela-que-las-lluvias-en-el-mediterraneo-fueron-estables-en-los-ultimos-150-anos\/"},"modified":"2025-03-13T13:28:21","modified_gmt":"2025-03-13T12:28:21","slug":"un-estudio-revela-que-las-lluvias-en-el-mediterraneo-fueron-estables-en-los-ultimos-150-anos","status":"publish","type":"post","link":"https:\/\/helloproject.es\/vigilancia\/un-estudio-revela-que-las-lluvias-en-el-mediterraneo-fueron-estables-en-los-ultimos-150-anos\/","title":{"rendered":"Un estudio revela que las lluvias en el Mediterr\u00e1neo fueron estables en los \u00faltimos 150 a\u00f1os"},"content":{"rendered":"<p>Las precipitaciones en la regi\u00f3n mediterr\u00e1nea se han mantenido estables los \u00faltimos 150 a\u00f1os y la din\u00e1mica atmosf\u00e9rica, que controla principalmente las lluvias, no se ve afectada a\u00fan por el calentamiento, lo que no implica que la zona no est\u00e9 inmersa en un escenario de calentamiento global con m\u00faltiples impactos.<\/p>\n<p>Esas son las conclusiones de un estudio que publica la revista Nature, en el que colaboraron 52 instituciones cient\u00edficas encabezadas por el Instituto Pirenaico de Ecolog\u00eda (IPE) del Consejo Superior de Investigaciones Cient\u00edficas (CSIC).<\/p>\n<p>Las lluvias en el Mediterr\u00e1neo no presentan una tendencia significativa a largo plazo, aunque s\u00ed una elevada variabilidad en el tiempo y en el espacio controlada por la din\u00e1mica natural del clima, que determina la circulaci\u00f3n atmosf\u00e9rica.<\/p>\n<p>La variabilidad en las precipitaciones est\u00e1 controlada por la circulaci\u00f3n atmosf\u00e9rica<\/p>\n<p>Aunque se registran periodos de tiempo cortos y regiones en los que se producen aumentos o descensos de las precipitaciones, estos se enmarcan en la variabilidad caracter\u00edstica del clima en la regi\u00f3n, indica el CSIC.<\/p>\n<p>Sin embargo, los investigadores advierten de que la regi\u00f3n experimenta un proceso de creciente aridez clim\u00e1tica que se intensificar\u00e1n por el aumento de las temperaturas, seg\u00fan las proyecciones, lo que supondr\u00e1 sequ\u00edas ecol\u00f3gicas y agr\u00edcolas m\u00e1s graves.<\/p>\n<p><a><\/a><\/p>\n<h2>An\u00e1lisis de tendencias en 27 pa\u00edses<\/h2>\n<p>El estudio integra datos de m\u00e1s de 23.000 estaciones meteorol\u00f3gicas en 27 pa\u00edses, entre ellos, Francia, Italia, Marruecos, Egipto y Grecia, y m\u00e1s de 10 millones de registros de precipitaci\u00f3n, con un an\u00e1lisis de las tendencias hist\u00f3ricas entre 1871 y 2020.<\/p>\n<p>El hecho de que las precipitaciones se hayan mantenido estables, a pesar de las variaciones entre a\u00f1os y d\u00e9cadas, podr\u00eda contradecir investigaciones anteriores que suger\u00edan un descenso regional de las precipitaciones como consecuencia del cambio clim\u00e1tico.<\/p>\n<p><img decoding=\"async\" src=\"https:\/\/www.agenciasinc.es\/bundles\/app\/images\/quotebefore.png\" \/><\/p>\n<p>Los procesos de variabilidad clim\u00e1tica natural se solapan con los efectos de los gases de efecto invernadero<\/p>\n<p>Sergio Vicente, IPE-CSIC<br \/>\n<img decoding=\"async\" src=\"https:\/\/www.agenciasinc.es\/bundles\/app\/images\/quoteafter.png\" \/><\/p>\n<p>\u201cAunque algunas investigaciones previas hab\u00edan sugerido una tendencia a la disminuci\u00f3n de las precipitaciones por una cierta influencia del calentamiento global, los resultados del amplio conjunto de datos analizado no respaldan esta afirmaci\u00f3n\u201d, en palabras de Sergio Vicente, investigador del IPE-CSIC y l\u00edder del trabajo.<\/p>\n<p>Sin embargo, advierte de que la regi\u00f3n est\u00e1 inmersa en un escenario de cambio clim\u00e1tico y \u201chay que tener en cuenta que los procesos de variabilidad clim\u00e1tica natural se solapan con los efectos de los gases de efecto invernadero\u201d. \u201cEn algunos casos, estos efectos son muy evidentes, como en el incremento de las temperaturas\u201d, a\u00f1ade.<\/p>\n<p><a><\/a><\/p>\n<h2>Futuros descensos en las precipitaciones<\/h2>\n<p>En el caso de los principales mecanismos de circulaci\u00f3n atmosf\u00e9rica, que son el condicionante m\u00e1s importante de la din\u00e1mica de las precipitaciones, el efecto del calentamiento resulta, seg\u00fan el investigador del CSIC, \u201cm\u00e1s difuso\u201d y hasta el momento se podr\u00eda decir que \u201cno se puede identificar claramente\u201d.<\/p>\n<p>Los modelos indican para el futuro un descenso de las precipitaciones en la regi\u00f3n mediterr\u00e1nea como consecuencia de alteraciones en la circulaci\u00f3n atmosf\u00e9rica asociadas a mayores niveles de calentamiento.<\/p>\n<p>La regi\u00f3n mediterr\u00e1nea experimenta cada vez m\u00e1s aridez clim\u00e1tica por el aumento de temperaturas<\/p>\n<p>Adem\u00e1s, la regi\u00f3n experimenta un proceso de creciente aridez clim\u00e1tica, que se debe, en especial, al aumento observado en las temperaturas, el cual conllevan un incremento de la demanda de agua por parte de la atm\u00f3sfera.<\/p>\n<p>Dicho incremento afecta a las p\u00e9rdidas de agua a causa de la elevada evaporaci\u00f3n, y amplifica el estr\u00e9s al que se ven sometidas las \u00e1reas de vegetaci\u00f3n natural y los cultivos. Esta influencia es mucho m\u00e1s importante en los periodos de sequ\u00eda, en los que la disponibilidad de agua disminuye y cada gota cuenta.<\/p>\n<p><a><\/a><\/p>\n<h2>Sequ\u00edas m\u00e1s graves<\/h2>\n<p>Las proyecciones futuras de temperaturas prev\u00e9n que estas condiciones de aridez se intensifiquen en el futuro. Como consecuencia, la regi\u00f3n experimentar\u00eda sequ\u00edas ecol\u00f3gicas y agr\u00edcolas m\u00e1s graves, se\u00f1ala el estudio.<\/p>\n<p>Este proceso de aumento de la aridez es independiente de la din\u00e1mica de las precipitaciones observada y prevista para el futuro, \u201cpero resulta obvio que dicho proceso se ver\u00eda acentuado por el descenso pluviom\u00e9trico se\u00f1alado por los modelos\u201d, destaca Vicente.<\/p>\n<p>Los investigadores piden abordar el reto de la disponibilidad de agua al que se enfrenta el Mediterr\u00e1neo<\/p>\n<p>Esta situaci\u00f3n \u201csubraya la acuciante necesidad de abordar los complejos retos que plantea el cambio clim\u00e1tico sobre la disponibilidad de recursos h\u00eddricos en la regi\u00f3n mediterr\u00e1nea\u201d, asegur\u00f3.<\/p>\n<p>El equipo concluye que este estudio tendr\u00e1n importantes implicaciones para la planificaci\u00f3n medioambiental, agr\u00edcola y de recursos h\u00eddricos de la regi\u00f3n.<\/p>\n<p>En la investigaci\u00f3n tambi\u00e9n participaron, entre otros, las universidades de Zaragoza, Barcelona, La Rioja, Vigo, Valencia, la Complutense de Madrid, el Instituto de Geociencias y la Agencia Estatal de Meteorolog\u00eda (Aemet).<\/p>\n<p>Referencia:\u00a0<\/p>\n<p>Sergio M. Vicente-Serrano\u00a0et al. \u201cHigh temporal variability not trend dominates Mediterranean precipitation\u201d.\u00a0<a href=\"https:\/\/www.nature.com\/articles\/s41586-024-08576-6\" target=\"_blank\">Nature<\/a>\u00a0(2025).<\/p>","protected":false},"excerpt":{"rendered":"<p>Las precipitaciones en la regi\u00f3n mediterr\u00e1nea se han mantenido estables los \u00faltimos 150 a\u00f1os y la din\u00e1mica atmosf\u00e9rica, que controla principalmente las lluvias, no se ve afectada a\u00fan por el calentamiento, lo que no implica que la zona no est\u00e9 inmersa en un escenario de calentamiento global con m\u00faltiples impactos. Esas son las conclusiones de [&hellip;]<\/p>\n","protected":false},"author":5,"featured_media":0,"comment_status":"","ping_status":"","sticky":false,"template":"","format":"standard","meta":{"site-sidebar-layout":"default","site-content-layout":"","ast-site-content-layout":"default","site-content-style":"default","site-sidebar-style":"default","ast-global-header-display":"","ast-banner-title-visibility":"","ast-main-header-display":"","ast-hfb-above-header-display":"","ast-hfb-below-header-display":"","ast-hfb-mobile-header-display":"","site-post-title":"","ast-breadcrumbs-content":"","ast-featured-img":"","footer-sml-layout":"","ast-disable-related-posts":"","theme-transparent-header-meta":"","adv-header-id-meta":"","stick-header-meta":"","header-above-stick-meta":"","header-main-stick-meta":"","header-below-stick-meta":"","astra-migrate-meta-layouts":"default","ast-page-background-enabled":"default","ast-page-background-meta":{"desktop":{"background-color":"var(--ast-global-color-4)","background-image":"","background-repeat":"repeat","background-position":"center center","background-size":"auto","background-attachment":"scroll","background-type":"","background-media":"","overlay-type":"","overlay-color":"","overlay-opacity":"","overlay-gradient":""},"tablet":{"background-color":"","background-image":"","background-repeat":"repeat","background-position":"center center","background-size":"auto","background-attachment":"scroll","background-type":"","background-media":"","overlay-type":"","overlay-color":"","overlay-opacity":"","overlay-gradient":""},"mobile":{"background-color":"","background-image":"","background-repeat":"repeat","background-position":"center center","background-size":"auto","background-attachment":"scroll","background-type":"","background-media":"","overlay-type":"","overlay-color":"","overlay-opacity":"","overlay-gradient":""}},"ast-content-background-meta":{"desktop":{"background-color":"var(--ast-global-color-5)","background-image":"","background-repeat":"repeat","background-position":"center center","background-size":"auto","background-attachment":"scroll","background-type":"","background-media":"","overlay-type":"","overlay-color":"","overlay-opacity":"","overlay-gradient":""},"tablet":{"background-color":"var(--ast-global-color-5)","background-image":"","background-repeat":"repeat","background-position":"center center","background-size":"auto","background-attachment":"scroll","background-type":"","background-media":"","overlay-type":"","overlay-color":"","overlay-opacity":"","overlay-gradient":""},"mobile":{"background-color":"var(--ast-global-color-5)","background-image":"","background-repeat":"repeat","background-position":"center center","background-size":"auto","background-attachment":"scroll","background-type":"","background-media":"","overlay-type":"","overlay-color":"","overlay-opacity":"","overlay-gradient":""}},"footnotes":""},"categories":[5],"tags":[],"class_list":["post-78767","post","type-post","status-publish","format-standard","hentry","category-noticias"],"yoast_head":"<!-- This site is optimized with the Yoast SEO Premium plugin v20.9 (Yoast SEO v27.4) - https:\/\/yoast.com\/product\/yoast-seo-premium-wordpress\/ -->\n<title>Un estudio revela que las lluvias en el Mediterr\u00e1neo fueron estables en los \u00faltimos 150 a\u00f1os - bip4ex<\/title>\n<meta name=\"robots\" content=\"index, follow, max-snippet:-1, max-image-preview:large, max-video-preview:-1\" \/>\n<link rel=\"canonical\" href=\"https:\/\/helloproject.es\/vigilancia\/un-estudio-revela-que-las-lluvias-en-el-mediterraneo-fueron-estables-en-los-ultimos-150-anos\/\" \/>\n<meta property=\"og:locale\" content=\"es_ES\" \/>\n<meta property=\"og:type\" content=\"article\" \/>\n<meta property=\"og:title\" content=\"Un estudio revela que las lluvias en el Mediterr\u00e1neo fueron estables en los \u00faltimos 150 a\u00f1os\" \/>\n<meta property=\"og:description\" content=\"Las precipitaciones en la regi\u00f3n mediterr\u00e1nea se han mantenido estables los \u00faltimos 150 a\u00f1os y la din\u00e1mica atmosf\u00e9rica, que controla principalmente las lluvias, no se ve afectada a\u00fan por el calentamiento, lo que no implica que la zona no est\u00e9 inmersa en un escenario de calentamiento global con m\u00faltiples impactos. Esas son las conclusiones de [&hellip;]\" \/>\n<meta property=\"og:url\" content=\"https:\/\/helloproject.es\/vigilancia\/un-estudio-revela-que-las-lluvias-en-el-mediterraneo-fueron-estables-en-los-ultimos-150-anos\/\" \/>\n<meta property=\"og:site_name\" content=\"bip4ex\" \/>\n<meta property=\"article:published_time\" content=\"2025-03-13T12:28:21+00:00\" \/>\n<meta property=\"og:image\" content=\"https:\/\/www.agenciasinc.es\/bundles\/app\/images\/quotebefore.png\" \/>\n<meta name=\"author\" content=\"Luis Miguel Mej\u00edas Ramos\" \/>\n<meta name=\"twitter:card\" content=\"summary_large_image\" \/>\n<meta name=\"twitter:label1\" content=\"Escrito por\" \/>\n\t<meta name=\"twitter:data1\" content=\"Luis Miguel Mej\u00edas Ramos\" \/>\n\t<meta name=\"twitter:label2\" content=\"Tiempo de lectura\" \/>\n\t<meta name=\"twitter:data2\" content=\"4 minutos\" \/>\n<script type=\"application\/ld+json\" class=\"yoast-schema-graph\">{\"@context\":\"https:\\\/\\\/schema.org\",\"@graph\":[{\"@type\":\"Article\",\"@id\":\"https:\\\/\\\/helloproject.es\\\/vigilancia\\\/un-estudio-revela-que-las-lluvias-en-el-mediterraneo-fueron-estables-en-los-ultimos-150-anos\\\/#article\",\"isPartOf\":{\"@id\":\"https:\\\/\\\/helloproject.es\\\/vigilancia\\\/un-estudio-revela-que-las-lluvias-en-el-mediterraneo-fueron-estables-en-los-ultimos-150-anos\\\/\"},\"author\":{\"name\":\"Luis Miguel Mej\u00edas Ramos\",\"@id\":\"https:\\\/\\\/helloproject.es\\\/vigilancia\\\/#\\\/schema\\\/person\\\/3767b0619d59a11570372c821f8619ca\"},\"headline\":\"Un estudio revela que las lluvias en el Mediterr\u00e1neo fueron estables en los \u00faltimos 150 a\u00f1os\",\"datePublished\":\"2025-03-13T12:28:21+00:00\",\"mainEntityOfPage\":{\"@id\":\"https:\\\/\\\/helloproject.es\\\/vigilancia\\\/un-estudio-revela-que-las-lluvias-en-el-mediterraneo-fueron-estables-en-los-ultimos-150-anos\\\/\"},\"wordCount\":887,\"publisher\":{\"@id\":\"https:\\\/\\\/helloproject.es\\\/vigilancia\\\/#organization\"},\"image\":{\"@id\":\"https:\\\/\\\/helloproject.es\\\/vigilancia\\\/un-estudio-revela-que-las-lluvias-en-el-mediterraneo-fueron-estables-en-los-ultimos-150-anos\\\/#primaryimage\"},\"thumbnailUrl\":\"https:\\\/\\\/www.agenciasinc.es\\\/bundles\\\/app\\\/images\\\/quotebefore.png\",\"articleSection\":[\"Noticias\"],\"inLanguage\":\"es\"},{\"@type\":\"WebPage\",\"@id\":\"https:\\\/\\\/helloproject.es\\\/vigilancia\\\/un-estudio-revela-que-las-lluvias-en-el-mediterraneo-fueron-estables-en-los-ultimos-150-anos\\\/\",\"url\":\"https:\\\/\\\/helloproject.es\\\/vigilancia\\\/un-estudio-revela-que-las-lluvias-en-el-mediterraneo-fueron-estables-en-los-ultimos-150-anos\\\/\",\"name\":\"Un estudio revela que las lluvias en el Mediterr\u00e1neo fueron estables en los \u00faltimos 150 a\u00f1os - bip4ex\",\"isPartOf\":{\"@id\":\"https:\\\/\\\/helloproject.es\\\/vigilancia\\\/#website\"},\"primaryImageOfPage\":{\"@id\":\"https:\\\/\\\/helloproject.es\\\/vigilancia\\\/un-estudio-revela-que-las-lluvias-en-el-mediterraneo-fueron-estables-en-los-ultimos-150-anos\\\/#primaryimage\"},\"image\":{\"@id\":\"https:\\\/\\\/helloproject.es\\\/vigilancia\\\/un-estudio-revela-que-las-lluvias-en-el-mediterraneo-fueron-estables-en-los-ultimos-150-anos\\\/#primaryimage\"},\"thumbnailUrl\":\"https:\\\/\\\/www.agenciasinc.es\\\/bundles\\\/app\\\/images\\\/quotebefore.png\",\"datePublished\":\"2025-03-13T12:28:21+00:00\",\"breadcrumb\":{\"@id\":\"https:\\\/\\\/helloproject.es\\\/vigilancia\\\/un-estudio-revela-que-las-lluvias-en-el-mediterraneo-fueron-estables-en-los-ultimos-150-anos\\\/#breadcrumb\"},\"inLanguage\":\"es\",\"potentialAction\":[{\"@type\":\"ReadAction\",\"target\":[\"https:\\\/\\\/helloproject.es\\\/vigilancia\\\/un-estudio-revela-que-las-lluvias-en-el-mediterraneo-fueron-estables-en-los-ultimos-150-anos\\\/\"]}]},{\"@type\":\"ImageObject\",\"inLanguage\":\"es\",\"@id\":\"https:\\\/\\\/helloproject.es\\\/vigilancia\\\/un-estudio-revela-que-las-lluvias-en-el-mediterraneo-fueron-estables-en-los-ultimos-150-anos\\\/#primaryimage\",\"url\":\"https:\\\/\\\/www.agenciasinc.es\\\/bundles\\\/app\\\/images\\\/quotebefore.png\",\"contentUrl\":\"https:\\\/\\\/www.agenciasinc.es\\\/bundles\\\/app\\\/images\\\/quotebefore.png\"},{\"@type\":\"BreadcrumbList\",\"@id\":\"https:\\\/\\\/helloproject.es\\\/vigilancia\\\/un-estudio-revela-que-las-lluvias-en-el-mediterraneo-fueron-estables-en-los-ultimos-150-anos\\\/#breadcrumb\",\"itemListElement\":[{\"@type\":\"ListItem\",\"position\":1,\"name\":\"Home\",\"item\":\"https:\\\/\\\/helloproject.es\\\/vigilancia\\\/\"},{\"@type\":\"ListItem\",\"position\":2,\"name\":\"Un estudio revela que las lluvias en el Mediterr\u00e1neo fueron estables en los \u00faltimos 150 a\u00f1os\"}]},{\"@type\":\"WebSite\",\"@id\":\"https:\\\/\\\/helloproject.es\\\/vigilancia\\\/#website\",\"url\":\"https:\\\/\\\/helloproject.es\\\/vigilancia\\\/\",\"name\":\"bip4ex\",\"description\":\"Vigilancia Tecnol\u00f3gica\",\"publisher\":{\"@id\":\"https:\\\/\\\/helloproject.es\\\/vigilancia\\\/#organization\"},\"potentialAction\":[{\"@type\":\"SearchAction\",\"target\":{\"@type\":\"EntryPoint\",\"urlTemplate\":\"https:\\\/\\\/helloproject.es\\\/vigilancia\\\/?s={search_term_string}\"},\"query-input\":{\"@type\":\"PropertyValueSpecification\",\"valueRequired\":true,\"valueName\":\"search_term_string\"}}],\"inLanguage\":\"es\"},{\"@type\":\"Organization\",\"@id\":\"https:\\\/\\\/helloproject.es\\\/vigilancia\\\/#organization\",\"name\":\"Helloproject.es\",\"url\":\"https:\\\/\\\/helloproject.es\\\/vigilancia\\\/\",\"logo\":{\"@type\":\"ImageObject\",\"inLanguage\":\"es\",\"@id\":\"https:\\\/\\\/helloproject.es\\\/vigilancia\\\/#\\\/schema\\\/logo\\\/image\\\/\",\"url\":\"https:\\\/\\\/helloproject.es\\\/vigilancia\\\/wp-content\\\/uploads\\\/2023\\\/07\\\/bip4ex.png\",\"contentUrl\":\"https:\\\/\\\/helloproject.es\\\/vigilancia\\\/wp-content\\\/uploads\\\/2023\\\/07\\\/bip4ex.png\",\"width\":322,\"height\":365,\"caption\":\"Helloproject.es\"},\"image\":{\"@id\":\"https:\\\/\\\/helloproject.es\\\/vigilancia\\\/#\\\/schema\\\/logo\\\/image\\\/\"}},{\"@type\":\"Person\",\"@id\":\"https:\\\/\\\/helloproject.es\\\/vigilancia\\\/#\\\/schema\\\/person\\\/3767b0619d59a11570372c821f8619ca\",\"name\":\"Luis Miguel Mej\u00edas Ramos\",\"url\":\"https:\\\/\\\/helloproject.es\\\/vigilancia\\\/author\\\/luismi\\\/\"}]}<\/script>\n<!-- \/ Yoast SEO Premium plugin. -->","yoast_head_json":{"title":"Un estudio revela que las lluvias en el Mediterr\u00e1neo fueron estables en los \u00faltimos 150 a\u00f1os - bip4ex","robots":{"index":"index","follow":"follow","max-snippet":"max-snippet:-1","max-image-preview":"max-image-preview:large","max-video-preview":"max-video-preview:-1"},"canonical":"https:\/\/helloproject.es\/vigilancia\/un-estudio-revela-que-las-lluvias-en-el-mediterraneo-fueron-estables-en-los-ultimos-150-anos\/","og_locale":"es_ES","og_type":"article","og_title":"Un estudio revela que las lluvias en el Mediterr\u00e1neo fueron estables en los \u00faltimos 150 a\u00f1os","og_description":"Las precipitaciones en la regi\u00f3n mediterr\u00e1nea se han mantenido estables los \u00faltimos 150 a\u00f1os y la din\u00e1mica atmosf\u00e9rica, que controla principalmente las lluvias, no se ve afectada a\u00fan por el calentamiento, lo que no implica que la zona no est\u00e9 inmersa en un escenario de calentamiento global con m\u00faltiples impactos. Esas son las conclusiones de [&hellip;]","og_url":"https:\/\/helloproject.es\/vigilancia\/un-estudio-revela-que-las-lluvias-en-el-mediterraneo-fueron-estables-en-los-ultimos-150-anos\/","og_site_name":"bip4ex","article_published_time":"2025-03-13T12:28:21+00:00","og_image":[{"url":"https:\/\/www.agenciasinc.es\/bundles\/app\/images\/quotebefore.png","type":"","width":"","height":""}],"author":"Luis Miguel Mej\u00edas Ramos","twitter_card":"summary_large_image","twitter_misc":{"Escrito por":"Luis Miguel Mej\u00edas Ramos","Tiempo de lectura":"4 minutos"},"schema":{"@context":"https:\/\/schema.org","@graph":[{"@type":"Article","@id":"https:\/\/helloproject.es\/vigilancia\/un-estudio-revela-que-las-lluvias-en-el-mediterraneo-fueron-estables-en-los-ultimos-150-anos\/#article","isPartOf":{"@id":"https:\/\/helloproject.es\/vigilancia\/un-estudio-revela-que-las-lluvias-en-el-mediterraneo-fueron-estables-en-los-ultimos-150-anos\/"},"author":{"name":"Luis Miguel Mej\u00edas Ramos","@id":"https:\/\/helloproject.es\/vigilancia\/#\/schema\/person\/3767b0619d59a11570372c821f8619ca"},"headline":"Un estudio revela que las lluvias en el Mediterr\u00e1neo fueron estables en los \u00faltimos 150 a\u00f1os","datePublished":"2025-03-13T12:28:21+00:00","mainEntityOfPage":{"@id":"https:\/\/helloproject.es\/vigilancia\/un-estudio-revela-que-las-lluvias-en-el-mediterraneo-fueron-estables-en-los-ultimos-150-anos\/"},"wordCount":887,"publisher":{"@id":"https:\/\/helloproject.es\/vigilancia\/#organization"},"image":{"@id":"https:\/\/helloproject.es\/vigilancia\/un-estudio-revela-que-las-lluvias-en-el-mediterraneo-fueron-estables-en-los-ultimos-150-anos\/#primaryimage"},"thumbnailUrl":"https:\/\/www.agenciasinc.es\/bundles\/app\/images\/quotebefore.png","articleSection":["Noticias"],"inLanguage":"es"},{"@type":"WebPage","@id":"https:\/\/helloproject.es\/vigilancia\/un-estudio-revela-que-las-lluvias-en-el-mediterraneo-fueron-estables-en-los-ultimos-150-anos\/","url":"https:\/\/helloproject.es\/vigilancia\/un-estudio-revela-que-las-lluvias-en-el-mediterraneo-fueron-estables-en-los-ultimos-150-anos\/","name":"Un estudio revela que las lluvias en el Mediterr\u00e1neo fueron estables en los \u00faltimos 150 a\u00f1os - bip4ex","isPartOf":{"@id":"https:\/\/helloproject.es\/vigilancia\/#website"},"primaryImageOfPage":{"@id":"https:\/\/helloproject.es\/vigilancia\/un-estudio-revela-que-las-lluvias-en-el-mediterraneo-fueron-estables-en-los-ultimos-150-anos\/#primaryimage"},"image":{"@id":"https:\/\/helloproject.es\/vigilancia\/un-estudio-revela-que-las-lluvias-en-el-mediterraneo-fueron-estables-en-los-ultimos-150-anos\/#primaryimage"},"thumbnailUrl":"https:\/\/www.agenciasinc.es\/bundles\/app\/images\/quotebefore.png","datePublished":"2025-03-13T12:28:21+00:00","breadcrumb":{"@id":"https:\/\/helloproject.es\/vigilancia\/un-estudio-revela-que-las-lluvias-en-el-mediterraneo-fueron-estables-en-los-ultimos-150-anos\/#breadcrumb"},"inLanguage":"es","potentialAction":[{"@type":"ReadAction","target":["https:\/\/helloproject.es\/vigilancia\/un-estudio-revela-que-las-lluvias-en-el-mediterraneo-fueron-estables-en-los-ultimos-150-anos\/"]}]},{"@type":"ImageObject","inLanguage":"es","@id":"https:\/\/helloproject.es\/vigilancia\/un-estudio-revela-que-las-lluvias-en-el-mediterraneo-fueron-estables-en-los-ultimos-150-anos\/#primaryimage","url":"https:\/\/www.agenciasinc.es\/bundles\/app\/images\/quotebefore.png","contentUrl":"https:\/\/www.agenciasinc.es\/bundles\/app\/images\/quotebefore.png"},{"@type":"BreadcrumbList","@id":"https:\/\/helloproject.es\/vigilancia\/un-estudio-revela-que-las-lluvias-en-el-mediterraneo-fueron-estables-en-los-ultimos-150-anos\/#breadcrumb","itemListElement":[{"@type":"ListItem","position":1,"name":"Home","item":"https:\/\/helloproject.es\/vigilancia\/"},{"@type":"ListItem","position":2,"name":"Un estudio revela que las lluvias en el Mediterr\u00e1neo fueron estables en los \u00faltimos 150 a\u00f1os"}]},{"@type":"WebSite","@id":"https:\/\/helloproject.es\/vigilancia\/#website","url":"https:\/\/helloproject.es\/vigilancia\/","name":"bip4ex","description":"Vigilancia Tecnol\u00f3gica","publisher":{"@id":"https:\/\/helloproject.es\/vigilancia\/#organization"},"potentialAction":[{"@type":"SearchAction","target":{"@type":"EntryPoint","urlTemplate":"https:\/\/helloproject.es\/vigilancia\/?s={search_term_string}"},"query-input":{"@type":"PropertyValueSpecification","valueRequired":true,"valueName":"search_term_string"}}],"inLanguage":"es"},{"@type":"Organization","@id":"https:\/\/helloproject.es\/vigilancia\/#organization","name":"Helloproject.es","url":"https:\/\/helloproject.es\/vigilancia\/","logo":{"@type":"ImageObject","inLanguage":"es","@id":"https:\/\/helloproject.es\/vigilancia\/#\/schema\/logo\/image\/","url":"https:\/\/helloproject.es\/vigilancia\/wp-content\/uploads\/2023\/07\/bip4ex.png","contentUrl":"https:\/\/helloproject.es\/vigilancia\/wp-content\/uploads\/2023\/07\/bip4ex.png","width":322,"height":365,"caption":"Helloproject.es"},"image":{"@id":"https:\/\/helloproject.es\/vigilancia\/#\/schema\/logo\/image\/"}},{"@type":"Person","@id":"https:\/\/helloproject.es\/vigilancia\/#\/schema\/person\/3767b0619d59a11570372c821f8619ca","name":"Luis Miguel Mej\u00edas Ramos","url":"https:\/\/helloproject.es\/vigilancia\/author\/luismi\/"}]}},"_links":{"self":[{"href":"https:\/\/helloproject.es\/vigilancia\/wp-json\/wp\/v2\/posts\/78767","targetHints":{"allow":["GET"]}}],"collection":[{"href":"https:\/\/helloproject.es\/vigilancia\/wp-json\/wp\/v2\/posts"}],"about":[{"href":"https:\/\/helloproject.es\/vigilancia\/wp-json\/wp\/v2\/types\/post"}],"author":[{"embeddable":true,"href":"https:\/\/helloproject.es\/vigilancia\/wp-json\/wp\/v2\/users\/5"}],"replies":[{"embeddable":true,"href":"https:\/\/helloproject.es\/vigilancia\/wp-json\/wp\/v2\/comments?post=78767"}],"version-history":[{"count":0,"href":"https:\/\/helloproject.es\/vigilancia\/wp-json\/wp\/v2\/posts\/78767\/revisions"}],"wp:attachment":[{"href":"https:\/\/helloproject.es\/vigilancia\/wp-json\/wp\/v2\/media?parent=78767"}],"wp:term":[{"taxonomy":"category","embeddable":true,"href":"https:\/\/helloproject.es\/vigilancia\/wp-json\/wp\/v2\/categories?post=78767"},{"taxonomy":"post_tag","embeddable":true,"href":"https:\/\/helloproject.es\/vigilancia\/wp-json\/wp\/v2\/tags?post=78767"}],"curies":[{"name":"wp","href":"https:\/\/api.w.org\/{rel}","templated":true}]}}