{"id":81818,"date":"2025-03-18T08:30:15","date_gmt":"2025-03-18T07:30:15","guid":{"rendered":"https:\/\/helloproject.es\/vigilancia\/anuncio-de-la-entidad-publica-empresarial-administrador-de-infraestructuras-ferroviarias-adif-por-el-que-se-comunica-la-decision-de-no-adjudicar-el-contrato-ejecucion-de-obras-del-proyecto-de-con\/"},"modified":"2025-03-18T08:30:15","modified_gmt":"2025-03-18T07:30:15","slug":"anuncio-de-la-entidad-publica-empresarial-administrador-de-infraestructuras-ferroviarias-adif-por-el-que-se-comunica-la-decision-de-no-adjudicar-el-contrato-ejecucion-de-obras-del-proyecto-de-con","status":"publish","type":"post","link":"https:\/\/helloproject.es\/vigilancia\/anuncio-de-la-entidad-publica-empresarial-administrador-de-infraestructuras-ferroviarias-adif-por-el-que-se-comunica-la-decision-de-no-adjudicar-el-contrato-ejecucion-de-obras-del-proyecto-de-con\/","title":{"rendered":"Anuncio de la Entidad P\u00fablica Empresarial Administrador de Infraestructuras Ferroviarias (ADIF), por el que se comunica la decisi\u00f3n de no adjudicar el contrato \u00abEjecuci\u00f3n de obras del proyecto de construcci\u00f3n de protecciones ac\u00fasticas resultantes de los planes de acci\u00f3n contra el ruido. Fases I y II. \u00c1rea n\u00ba 3 A. Zona este. Valencia y Castell\u00f3n\u00bb. (Expediente: 3.21\/27507.0309). CONTRATACI\u00d3N DEL SECTOR P\u00daBLICO BOE"},"content":{"rendered":"<p>V. Anuncios. &#8211; A. Contrataci\u00f3n del Sector P\u00fablico &#8211; MINISTERIO DE TRANSPORTES Y MOVILIDAD SOSTENIBLE &#8211; Referencia: BOE-B-2025-9948 &#8211; KBytes: 197 &#8211; P\u00e1ginas: 1<\/p>","protected":false},"excerpt":{"rendered":"<p>V. Anuncios. &#8211; A. Contrataci\u00f3n del Sector P\u00fablico &#8211; MINISTERIO DE TRANSPORTES Y MOVILIDAD SOSTENIBLE &#8211; Referencia: BOE-B-2025-9948 &#8211; KBytes: 197 &#8211; P\u00e1ginas: 1<\/p>\n","protected":false},"author":5,"featured_media":0,"comment_status":"","ping_status":"","sticky":false,"template":"","format":"standard","meta":{"site-sidebar-layout":"default","site-content-layout":"","ast-site-content-layout":"default","site-content-style":"default","site-sidebar-style":"default","ast-global-header-display":"","ast-banner-title-visibility":"","ast-main-header-display":"","ast-hfb-above-header-display":"","ast-hfb-below-header-display":"","ast-hfb-mobile-header-display":"","site-post-title":"","ast-breadcrumbs-content":"","ast-featured-img":"","footer-sml-layout":"","ast-disable-related-posts":"","theme-transparent-header-meta":"","adv-header-id-meta":"","stick-header-meta":"","header-above-stick-meta":"","header-main-stick-meta":"","header-below-stick-meta":"","astra-migrate-meta-layouts":"default","ast-page-background-enabled":"default","ast-page-background-meta":{"desktop":{"background-color":"var(--ast-global-color-4)","background-image":"","background-repeat":"repeat","background-position":"center center","background-size":"auto","background-attachment":"scroll","background-type":"","background-media":"","overlay-type":"","overlay-color":"","overlay-opacity":"","overlay-gradient":""},"tablet":{"background-color":"","background-image":"","background-repeat":"repeat","background-position":"center center","background-size":"auto","background-attachment":"scroll","background-type":"","background-media":"","overlay-type":"","overlay-color":"","overlay-opacity":"","overlay-gradient":""},"mobile":{"background-color":"","background-image":"","background-repeat":"repeat","background-position":"center center","background-size":"auto","background-attachment":"scroll","background-type":"","background-media":"","overlay-type":"","overlay-color":"","overlay-opacity":"","overlay-gradient":""}},"ast-content-background-meta":{"desktop":{"background-color":"var(--ast-global-color-5)","background-image":"","background-repeat":"repeat","background-position":"center center","background-size":"auto","background-attachment":"scroll","background-type":"","background-media":"","overlay-type":"","overlay-color":"","overlay-opacity":"","overlay-gradient":""},"tablet":{"background-color":"var(--ast-global-color-5)","background-image":"","background-repeat":"repeat","background-position":"center center","background-size":"auto","background-attachment":"scroll","background-type":"","background-media":"","overlay-type":"","overlay-color":"","overlay-opacity":"","overlay-gradient":""},"mobile":{"background-color":"var(--ast-global-color-5)","background-image":"","background-repeat":"repeat","background-position":"center center","background-size":"auto","background-attachment":"scroll","background-type":"","background-media":"","overlay-type":"","overlay-color":"","overlay-opacity":"","overlay-gradient":""}},"footnotes":""},"categories":[8,4,6],"tags":[],"class_list":["post-81818","post","type-post","status-publish","format-standard","hentry","category-ayudas-y-subvenciones","category-legislacion","category-publicaciones"],"yoast_head":"<!-- This site is optimized with the Yoast SEO Premium plugin v20.9 (Yoast SEO v27.4) - https:\/\/yoast.com\/product\/yoast-seo-premium-wordpress\/ -->\n<title>Anuncio de la Entidad P\u00fablica Empresarial Administrador de Infraestructuras Ferroviarias (ADIF), por el que se comunica la decisi\u00f3n de no adjudicar el contrato &quot;Ejecuci\u00f3n de obras del proyecto de construcci\u00f3n de protecciones ac\u00fasticas resultantes de los planes de acci\u00f3n contra el ruido. Fases I y II. \u00c1rea n\u00ba 3 A. Zona este. Valencia y Castell\u00f3n&quot;. (Expediente: 3.21\/27507.0309). CONTRATACI\u00d3N DEL SECTOR P\u00daBLICO BOE - bip4ex<\/title>\n<meta name=\"robots\" content=\"index, follow, max-snippet:-1, max-image-preview:large, max-video-preview:-1\" \/>\n<link rel=\"canonical\" href=\"https:\/\/helloproject.es\/vigilancia\/anuncio-de-la-entidad-publica-empresarial-administrador-de-infraestructuras-ferroviarias-adif-por-el-que-se-comunica-la-decision-de-no-adjudicar-el-contrato-ejecucion-de-obras-del-proyecto-de-con\/\" \/>\n<meta property=\"og:locale\" content=\"es_ES\" \/>\n<meta property=\"og:type\" content=\"article\" \/>\n<meta property=\"og:title\" content=\"Anuncio de la Entidad P\u00fablica Empresarial Administrador de Infraestructuras Ferroviarias (ADIF), por el que se comunica la decisi\u00f3n de no adjudicar el contrato &quot;Ejecuci\u00f3n de obras del proyecto de construcci\u00f3n de protecciones ac\u00fasticas resultantes de los planes de acci\u00f3n contra el ruido. Fases I y II. \u00c1rea n\u00ba 3 A. Zona este. Valencia y Castell\u00f3n&quot;. (Expediente: 3.21\/27507.0309). CONTRATACI\u00d3N DEL SECTOR P\u00daBLICO BOE\" \/>\n<meta property=\"og:description\" content=\"V. Anuncios. &#8211; A. Contrataci\u00f3n del Sector P\u00fablico &#8211; MINISTERIO DE TRANSPORTES Y MOVILIDAD SOSTENIBLE &#8211; Referencia: BOE-B-2025-9948 &#8211; KBytes: 197 &#8211; P\u00e1ginas: 1\" \/>\n<meta property=\"og:url\" content=\"https:\/\/helloproject.es\/vigilancia\/anuncio-de-la-entidad-publica-empresarial-administrador-de-infraestructuras-ferroviarias-adif-por-el-que-se-comunica-la-decision-de-no-adjudicar-el-contrato-ejecucion-de-obras-del-proyecto-de-con\/\" \/>\n<meta property=\"og:site_name\" content=\"bip4ex\" \/>\n<meta property=\"article:published_time\" content=\"2025-03-18T07:30:15+00:00\" \/>\n<meta name=\"author\" content=\"Luis Miguel Mej\u00edas Ramos\" \/>\n<meta name=\"twitter:card\" content=\"summary_large_image\" \/>\n<meta name=\"twitter:label1\" content=\"Escrito por\" \/>\n\t<meta name=\"twitter:data1\" content=\"Luis Miguel Mej\u00edas Ramos\" \/>\n<script type=\"application\/ld+json\" class=\"yoast-schema-graph\">{\"@context\":\"https:\\\/\\\/schema.org\",\"@graph\":[{\"@type\":\"Article\",\"@id\":\"https:\\\/\\\/helloproject.es\\\/vigilancia\\\/anuncio-de-la-entidad-publica-empresarial-administrador-de-infraestructuras-ferroviarias-adif-por-el-que-se-comunica-la-decision-de-no-adjudicar-el-contrato-ejecucion-de-obras-del-proyecto-de-con\\\/#article\",\"isPartOf\":{\"@id\":\"https:\\\/\\\/helloproject.es\\\/vigilancia\\\/anuncio-de-la-entidad-publica-empresarial-administrador-de-infraestructuras-ferroviarias-adif-por-el-que-se-comunica-la-decision-de-no-adjudicar-el-contrato-ejecucion-de-obras-del-proyecto-de-con\\\/\"},\"author\":{\"name\":\"Luis Miguel Mej\u00edas Ramos\",\"@id\":\"https:\\\/\\\/helloproject.es\\\/vigilancia\\\/#\\\/schema\\\/person\\\/3767b0619d59a11570372c821f8619ca\"},\"headline\":\"Anuncio de la Entidad P\u00fablica Empresarial Administrador de Infraestructuras Ferroviarias (ADIF), por el que se comunica la decisi\u00f3n de no adjudicar el contrato \u00abEjecuci\u00f3n de obras del proyecto de construcci\u00f3n de protecciones ac\u00fasticas resultantes de los planes de acci\u00f3n contra el ruido. Fases I y II. \u00c1rea n\u00ba 3 A. Zona este. Valencia y Castell\u00f3n\u00bb. (Expediente: 3.21\\\/27507.0309). CONTRATACI\u00d3N DEL SECTOR P\u00daBLICO BOE\",\"datePublished\":\"2025-03-18T07:30:15+00:00\",\"mainEntityOfPage\":{\"@id\":\"https:\\\/\\\/helloproject.es\\\/vigilancia\\\/anuncio-de-la-entidad-publica-empresarial-administrador-de-infraestructuras-ferroviarias-adif-por-el-que-se-comunica-la-decision-de-no-adjudicar-el-contrato-ejecucion-de-obras-del-proyecto-de-con\\\/\"},\"wordCount\":95,\"publisher\":{\"@id\":\"https:\\\/\\\/helloproject.es\\\/vigilancia\\\/#organization\"},\"articleSection\":[\"Ayudas y Subvenciones\",\"Legislacion\",\"Publicaciones\"],\"inLanguage\":\"es\"},{\"@type\":\"WebPage\",\"@id\":\"https:\\\/\\\/helloproject.es\\\/vigilancia\\\/anuncio-de-la-entidad-publica-empresarial-administrador-de-infraestructuras-ferroviarias-adif-por-el-que-se-comunica-la-decision-de-no-adjudicar-el-contrato-ejecucion-de-obras-del-proyecto-de-con\\\/\",\"url\":\"https:\\\/\\\/helloproject.es\\\/vigilancia\\\/anuncio-de-la-entidad-publica-empresarial-administrador-de-infraestructuras-ferroviarias-adif-por-el-que-se-comunica-la-decision-de-no-adjudicar-el-contrato-ejecucion-de-obras-del-proyecto-de-con\\\/\",\"name\":\"Anuncio de la Entidad P\u00fablica Empresarial Administrador de Infraestructuras Ferroviarias (ADIF), por el que se comunica la decisi\u00f3n de no adjudicar el contrato \\\"Ejecuci\u00f3n de obras del proyecto de construcci\u00f3n de protecciones ac\u00fasticas resultantes de los planes de acci\u00f3n contra el ruido. Fases I y II. \u00c1rea n\u00ba 3 A. Zona este. Valencia y Castell\u00f3n\\\". (Expediente: 3.21\\\/27507.0309). CONTRATACI\u00d3N DEL SECTOR P\u00daBLICO BOE - bip4ex\",\"isPartOf\":{\"@id\":\"https:\\\/\\\/helloproject.es\\\/vigilancia\\\/#website\"},\"datePublished\":\"2025-03-18T07:30:15+00:00\",\"breadcrumb\":{\"@id\":\"https:\\\/\\\/helloproject.es\\\/vigilancia\\\/anuncio-de-la-entidad-publica-empresarial-administrador-de-infraestructuras-ferroviarias-adif-por-el-que-se-comunica-la-decision-de-no-adjudicar-el-contrato-ejecucion-de-obras-del-proyecto-de-con\\\/#breadcrumb\"},\"inLanguage\":\"es\",\"potentialAction\":[{\"@type\":\"ReadAction\",\"target\":[\"https:\\\/\\\/helloproject.es\\\/vigilancia\\\/anuncio-de-la-entidad-publica-empresarial-administrador-de-infraestructuras-ferroviarias-adif-por-el-que-se-comunica-la-decision-de-no-adjudicar-el-contrato-ejecucion-de-obras-del-proyecto-de-con\\\/\"]}]},{\"@type\":\"BreadcrumbList\",\"@id\":\"https:\\\/\\\/helloproject.es\\\/vigilancia\\\/anuncio-de-la-entidad-publica-empresarial-administrador-de-infraestructuras-ferroviarias-adif-por-el-que-se-comunica-la-decision-de-no-adjudicar-el-contrato-ejecucion-de-obras-del-proyecto-de-con\\\/#breadcrumb\",\"itemListElement\":[{\"@type\":\"ListItem\",\"position\":1,\"name\":\"Home\",\"item\":\"https:\\\/\\\/helloproject.es\\\/vigilancia\\\/\"},{\"@type\":\"ListItem\",\"position\":2,\"name\":\"Anuncio de la Entidad P\u00fablica Empresarial Administrador de Infraestructuras Ferroviarias (ADIF), por el que se comunica la decisi\u00f3n de no adjudicar el contrato \u00abEjecuci\u00f3n de obras del proyecto de construcci\u00f3n de protecciones ac\u00fasticas resultantes de los planes de acci\u00f3n contra el ruido. Fases I y II. \u00c1rea n\u00ba 3 A. Zona este. Valencia y Castell\u00f3n\u00bb. (Expediente: 3.21\\\/27507.0309). CONTRATACI\u00d3N DEL SECTOR P\u00daBLICO BOE\"}]},{\"@type\":\"WebSite\",\"@id\":\"https:\\\/\\\/helloproject.es\\\/vigilancia\\\/#website\",\"url\":\"https:\\\/\\\/helloproject.es\\\/vigilancia\\\/\",\"name\":\"bip4ex\",\"description\":\"Vigilancia Tecnol\u00f3gica\",\"publisher\":{\"@id\":\"https:\\\/\\\/helloproject.es\\\/vigilancia\\\/#organization\"},\"potentialAction\":[{\"@type\":\"SearchAction\",\"target\":{\"@type\":\"EntryPoint\",\"urlTemplate\":\"https:\\\/\\\/helloproject.es\\\/vigilancia\\\/?s={search_term_string}\"},\"query-input\":{\"@type\":\"PropertyValueSpecification\",\"valueRequired\":true,\"valueName\":\"search_term_string\"}}],\"inLanguage\":\"es\"},{\"@type\":\"Organization\",\"@id\":\"https:\\\/\\\/helloproject.es\\\/vigilancia\\\/#organization\",\"name\":\"Helloproject.es\",\"url\":\"https:\\\/\\\/helloproject.es\\\/vigilancia\\\/\",\"logo\":{\"@type\":\"ImageObject\",\"inLanguage\":\"es\",\"@id\":\"https:\\\/\\\/helloproject.es\\\/vigilancia\\\/#\\\/schema\\\/logo\\\/image\\\/\",\"url\":\"https:\\\/\\\/helloproject.es\\\/vigilancia\\\/wp-content\\\/uploads\\\/2023\\\/07\\\/bip4ex.png\",\"contentUrl\":\"https:\\\/\\\/helloproject.es\\\/vigilancia\\\/wp-content\\\/uploads\\\/2023\\\/07\\\/bip4ex.png\",\"width\":322,\"height\":365,\"caption\":\"Helloproject.es\"},\"image\":{\"@id\":\"https:\\\/\\\/helloproject.es\\\/vigilancia\\\/#\\\/schema\\\/logo\\\/image\\\/\"}},{\"@type\":\"Person\",\"@id\":\"https:\\\/\\\/helloproject.es\\\/vigilancia\\\/#\\\/schema\\\/person\\\/3767b0619d59a11570372c821f8619ca\",\"name\":\"Luis Miguel Mej\u00edas Ramos\",\"url\":\"https:\\\/\\\/helloproject.es\\\/vigilancia\\\/author\\\/luismi\\\/\"}]}<\/script>\n<!-- \/ Yoast SEO Premium plugin. -->","yoast_head_json":{"title":"Anuncio de la Entidad P\u00fablica Empresarial Administrador de Infraestructuras Ferroviarias (ADIF), por el que se comunica la decisi\u00f3n de no adjudicar el contrato \"Ejecuci\u00f3n de obras del proyecto de construcci\u00f3n de protecciones ac\u00fasticas resultantes de los planes de acci\u00f3n contra el ruido. Fases I y II. \u00c1rea n\u00ba 3 A. Zona este. Valencia y Castell\u00f3n\". (Expediente: 3.21\/27507.0309). CONTRATACI\u00d3N DEL SECTOR P\u00daBLICO BOE - bip4ex","robots":{"index":"index","follow":"follow","max-snippet":"max-snippet:-1","max-image-preview":"max-image-preview:large","max-video-preview":"max-video-preview:-1"},"canonical":"https:\/\/helloproject.es\/vigilancia\/anuncio-de-la-entidad-publica-empresarial-administrador-de-infraestructuras-ferroviarias-adif-por-el-que-se-comunica-la-decision-de-no-adjudicar-el-contrato-ejecucion-de-obras-del-proyecto-de-con\/","og_locale":"es_ES","og_type":"article","og_title":"Anuncio de la Entidad P\u00fablica Empresarial Administrador de Infraestructuras Ferroviarias (ADIF), por el que se comunica la decisi\u00f3n de no adjudicar el contrato \"Ejecuci\u00f3n de obras del proyecto de construcci\u00f3n de protecciones ac\u00fasticas resultantes de los planes de acci\u00f3n contra el ruido. Fases I y II. \u00c1rea n\u00ba 3 A. Zona este. Valencia y Castell\u00f3n\". (Expediente: 3.21\/27507.0309). CONTRATACI\u00d3N DEL SECTOR P\u00daBLICO BOE","og_description":"V. Anuncios. &#8211; A. Contrataci\u00f3n del Sector P\u00fablico &#8211; MINISTERIO DE TRANSPORTES Y MOVILIDAD SOSTENIBLE &#8211; Referencia: BOE-B-2025-9948 &#8211; KBytes: 197 &#8211; P\u00e1ginas: 1","og_url":"https:\/\/helloproject.es\/vigilancia\/anuncio-de-la-entidad-publica-empresarial-administrador-de-infraestructuras-ferroviarias-adif-por-el-que-se-comunica-la-decision-de-no-adjudicar-el-contrato-ejecucion-de-obras-del-proyecto-de-con\/","og_site_name":"bip4ex","article_published_time":"2025-03-18T07:30:15+00:00","author":"Luis Miguel Mej\u00edas Ramos","twitter_card":"summary_large_image","twitter_misc":{"Escrito por":"Luis Miguel Mej\u00edas Ramos"},"schema":{"@context":"https:\/\/schema.org","@graph":[{"@type":"Article","@id":"https:\/\/helloproject.es\/vigilancia\/anuncio-de-la-entidad-publica-empresarial-administrador-de-infraestructuras-ferroviarias-adif-por-el-que-se-comunica-la-decision-de-no-adjudicar-el-contrato-ejecucion-de-obras-del-proyecto-de-con\/#article","isPartOf":{"@id":"https:\/\/helloproject.es\/vigilancia\/anuncio-de-la-entidad-publica-empresarial-administrador-de-infraestructuras-ferroviarias-adif-por-el-que-se-comunica-la-decision-de-no-adjudicar-el-contrato-ejecucion-de-obras-del-proyecto-de-con\/"},"author":{"name":"Luis Miguel Mej\u00edas Ramos","@id":"https:\/\/helloproject.es\/vigilancia\/#\/schema\/person\/3767b0619d59a11570372c821f8619ca"},"headline":"Anuncio de la Entidad P\u00fablica Empresarial Administrador de Infraestructuras Ferroviarias (ADIF), por el que se comunica la decisi\u00f3n de no adjudicar el contrato \u00abEjecuci\u00f3n de obras del proyecto de construcci\u00f3n de protecciones ac\u00fasticas resultantes de los planes de acci\u00f3n contra el ruido. Fases I y II. \u00c1rea n\u00ba 3 A. Zona este. Valencia y Castell\u00f3n\u00bb. (Expediente: 3.21\/27507.0309). CONTRATACI\u00d3N DEL SECTOR P\u00daBLICO BOE","datePublished":"2025-03-18T07:30:15+00:00","mainEntityOfPage":{"@id":"https:\/\/helloproject.es\/vigilancia\/anuncio-de-la-entidad-publica-empresarial-administrador-de-infraestructuras-ferroviarias-adif-por-el-que-se-comunica-la-decision-de-no-adjudicar-el-contrato-ejecucion-de-obras-del-proyecto-de-con\/"},"wordCount":95,"publisher":{"@id":"https:\/\/helloproject.es\/vigilancia\/#organization"},"articleSection":["Ayudas y Subvenciones","Legislacion","Publicaciones"],"inLanguage":"es"},{"@type":"WebPage","@id":"https:\/\/helloproject.es\/vigilancia\/anuncio-de-la-entidad-publica-empresarial-administrador-de-infraestructuras-ferroviarias-adif-por-el-que-se-comunica-la-decision-de-no-adjudicar-el-contrato-ejecucion-de-obras-del-proyecto-de-con\/","url":"https:\/\/helloproject.es\/vigilancia\/anuncio-de-la-entidad-publica-empresarial-administrador-de-infraestructuras-ferroviarias-adif-por-el-que-se-comunica-la-decision-de-no-adjudicar-el-contrato-ejecucion-de-obras-del-proyecto-de-con\/","name":"Anuncio de la Entidad P\u00fablica Empresarial Administrador de Infraestructuras Ferroviarias (ADIF), por el que se comunica la decisi\u00f3n de no adjudicar el contrato \"Ejecuci\u00f3n de obras del proyecto de construcci\u00f3n de protecciones ac\u00fasticas resultantes de los planes de acci\u00f3n contra el ruido. Fases I y II. \u00c1rea n\u00ba 3 A. Zona este. Valencia y Castell\u00f3n\". (Expediente: 3.21\/27507.0309). CONTRATACI\u00d3N DEL SECTOR P\u00daBLICO BOE - bip4ex","isPartOf":{"@id":"https:\/\/helloproject.es\/vigilancia\/#website"},"datePublished":"2025-03-18T07:30:15+00:00","breadcrumb":{"@id":"https:\/\/helloproject.es\/vigilancia\/anuncio-de-la-entidad-publica-empresarial-administrador-de-infraestructuras-ferroviarias-adif-por-el-que-se-comunica-la-decision-de-no-adjudicar-el-contrato-ejecucion-de-obras-del-proyecto-de-con\/#breadcrumb"},"inLanguage":"es","potentialAction":[{"@type":"ReadAction","target":["https:\/\/helloproject.es\/vigilancia\/anuncio-de-la-entidad-publica-empresarial-administrador-de-infraestructuras-ferroviarias-adif-por-el-que-se-comunica-la-decision-de-no-adjudicar-el-contrato-ejecucion-de-obras-del-proyecto-de-con\/"]}]},{"@type":"BreadcrumbList","@id":"https:\/\/helloproject.es\/vigilancia\/anuncio-de-la-entidad-publica-empresarial-administrador-de-infraestructuras-ferroviarias-adif-por-el-que-se-comunica-la-decision-de-no-adjudicar-el-contrato-ejecucion-de-obras-del-proyecto-de-con\/#breadcrumb","itemListElement":[{"@type":"ListItem","position":1,"name":"Home","item":"https:\/\/helloproject.es\/vigilancia\/"},{"@type":"ListItem","position":2,"name":"Anuncio de la Entidad P\u00fablica Empresarial Administrador de Infraestructuras Ferroviarias (ADIF), por el que se comunica la decisi\u00f3n de no adjudicar el contrato \u00abEjecuci\u00f3n de obras del proyecto de construcci\u00f3n de protecciones ac\u00fasticas resultantes de los planes de acci\u00f3n contra el ruido. Fases I y II. \u00c1rea n\u00ba 3 A. Zona este. Valencia y Castell\u00f3n\u00bb. (Expediente: 3.21\/27507.0309). CONTRATACI\u00d3N DEL SECTOR P\u00daBLICO BOE"}]},{"@type":"WebSite","@id":"https:\/\/helloproject.es\/vigilancia\/#website","url":"https:\/\/helloproject.es\/vigilancia\/","name":"bip4ex","description":"Vigilancia Tecnol\u00f3gica","publisher":{"@id":"https:\/\/helloproject.es\/vigilancia\/#organization"},"potentialAction":[{"@type":"SearchAction","target":{"@type":"EntryPoint","urlTemplate":"https:\/\/helloproject.es\/vigilancia\/?s={search_term_string}"},"query-input":{"@type":"PropertyValueSpecification","valueRequired":true,"valueName":"search_term_string"}}],"inLanguage":"es"},{"@type":"Organization","@id":"https:\/\/helloproject.es\/vigilancia\/#organization","name":"Helloproject.es","url":"https:\/\/helloproject.es\/vigilancia\/","logo":{"@type":"ImageObject","inLanguage":"es","@id":"https:\/\/helloproject.es\/vigilancia\/#\/schema\/logo\/image\/","url":"https:\/\/helloproject.es\/vigilancia\/wp-content\/uploads\/2023\/07\/bip4ex.png","contentUrl":"https:\/\/helloproject.es\/vigilancia\/wp-content\/uploads\/2023\/07\/bip4ex.png","width":322,"height":365,"caption":"Helloproject.es"},"image":{"@id":"https:\/\/helloproject.es\/vigilancia\/#\/schema\/logo\/image\/"}},{"@type":"Person","@id":"https:\/\/helloproject.es\/vigilancia\/#\/schema\/person\/3767b0619d59a11570372c821f8619ca","name":"Luis Miguel Mej\u00edas Ramos","url":"https:\/\/helloproject.es\/vigilancia\/author\/luismi\/"}]}},"_links":{"self":[{"href":"https:\/\/helloproject.es\/vigilancia\/wp-json\/wp\/v2\/posts\/81818","targetHints":{"allow":["GET"]}}],"collection":[{"href":"https:\/\/helloproject.es\/vigilancia\/wp-json\/wp\/v2\/posts"}],"about":[{"href":"https:\/\/helloproject.es\/vigilancia\/wp-json\/wp\/v2\/types\/post"}],"author":[{"embeddable":true,"href":"https:\/\/helloproject.es\/vigilancia\/wp-json\/wp\/v2\/users\/5"}],"replies":[{"embeddable":true,"href":"https:\/\/helloproject.es\/vigilancia\/wp-json\/wp\/v2\/comments?post=81818"}],"version-history":[{"count":0,"href":"https:\/\/helloproject.es\/vigilancia\/wp-json\/wp\/v2\/posts\/81818\/revisions"}],"wp:attachment":[{"href":"https:\/\/helloproject.es\/vigilancia\/wp-json\/wp\/v2\/media?parent=81818"}],"wp:term":[{"taxonomy":"category","embeddable":true,"href":"https:\/\/helloproject.es\/vigilancia\/wp-json\/wp\/v2\/categories?post=81818"},{"taxonomy":"post_tag","embeddable":true,"href":"https:\/\/helloproject.es\/vigilancia\/wp-json\/wp\/v2\/tags?post=81818"}],"curies":[{"name":"wp","href":"https:\/\/api.w.org\/{rel}","templated":true}]}}