{"id":87446,"date":"2025-03-26T09:29:53","date_gmt":"2025-03-26T08:29:53","guid":{"rendered":"https:\/\/helloproject.es\/vigilancia\/nuevo-mapa-de-materias-primas-minerales-criticas-y-estrategicas-de-extremadura-en-el-portal-sigeo\/"},"modified":"2025-03-26T09:29:53","modified_gmt":"2025-03-26T08:29:53","slug":"nuevo-mapa-de-materias-primas-minerales-criticas-y-estrategicas-de-extremadura-en-el-portal-sigeo","status":"publish","type":"post","link":"https:\/\/helloproject.es\/vigilancia\/nuevo-mapa-de-materias-primas-minerales-criticas-y-estrategicas-de-extremadura-en-el-portal-sigeo\/","title":{"rendered":"Nuevo Mapa de Materias Primas Minerales Cr\u00edticas y Estrat\u00e9gicas de Extremadura en el Portal SIGEO"},"content":{"rendered":"<div>\n<div>\n<p class=\"epigraf\">MAPAS<\/p>\n<h3>Nuevo Mapa de Materias Primas Minerales Cr\u00edticas y Estrat\u00e9gicas de Extremadura en el Portal SIGEO<\/h3>\n<div class=\"fotoesquerra\">\n<a href=\"http:\/\/sigeo.juntaex.es\/portalsigeo\/image\/journal\/article?img_id=499102&amp;t=1742976559994\"><img decoding=\"async\" src=\"http:\/\/sigeo.juntaex.es\/portalsigeo\/image\/journal\/article?img_id=499102&amp;t=1742976559994\" alt=\"\" \/><\/a>\n<\/div>\n<p>\n<!-- mi\u00e9, 26 mar 2025 09:09:19 +0100&nbsp; --><br \/>\n<strong class=\"data\">mi\u00e9, 26 mar 2025 09:05:00 +0100\u00a0ADMINISTRADOR<\/strong>\n<\/p>\n<p><span><span>Las materias primas cr\u00edticas y estrat\u00e9gicas son materiales esenciales para diversas aplicaciones industriales, tecnol\u00f3gicas y de defensa, y cuyo suministro puede estar en riesgo debido a factores geopol\u00edticos, econ\u00f3micos o ambientales. Estos minerales son esenciales para la producci\u00f3n de tecnolog\u00edas avanzadas, como veh\u00edculos el\u00e9ctricos, sistemas de energ\u00eda renovable y tel\u00e9fonos inteligentes.<\/span><\/span><\/p>\n<p><span><span>Conscientes de la gran importancia de estas materias primas cr\u00edticas y estrat\u00e9gicas, desde la Direcci\u00f3n General de Industria, Energ\u00eda y Minas de la Junta de Extremadura, se ha elaborado un nuevo Mapa de Materias Primas Minerales Cr\u00edticas y Estrat\u00e9gicas de Extremadura, disponible para su descarga en la secci\u00f3n Biblioteca del <a href=\"http:\/\/sigeo.juntaex.es\/\" target=\"_blank\">Portal SIGEO<\/a>\u00a0en formato PDF.<\/span><\/span><\/p>\n<p><a href=\"http:\/\/sigeo.juntaex.es\/portalsigeo\/c\/document_library\/get_file?uuid=f99d2296-29e1-4cd1-953a-0954bce2ada2&amp;groupId=10137\" target=\"_blank\"><span><span>Mapa de Mapa de Materias Primas Minerales Cr\u00edticas y Estrat\u00e9gicas de Extremadura<\/span><\/span><\/a><\/p>\n<\/div>\n<\/div>","protected":false},"excerpt":{"rendered":"<p>MAPAS Nuevo Mapa de Materias Primas Minerales Cr\u00edticas y Estrat\u00e9gicas de Extremadura en el Portal SIGEO mi\u00e9, 26 mar 2025 09:05:00 +0100\u00a0ADMINISTRADOR Las materias primas cr\u00edticas y estrat\u00e9gicas son materiales esenciales para diversas aplicaciones industriales, tecnol\u00f3gicas y de defensa, y cuyo suministro puede estar en riesgo debido a factores geopol\u00edticos, econ\u00f3micos o ambientales. Estos minerales [&hellip;]<\/p>\n","protected":false},"author":5,"featured_media":0,"comment_status":"","ping_status":"","sticky":false,"template":"","format":"standard","meta":{"site-sidebar-layout":"default","site-content-layout":"","ast-site-content-layout":"default","site-content-style":"default","site-sidebar-style":"default","ast-global-header-display":"","ast-banner-title-visibility":"","ast-main-header-display":"","ast-hfb-above-header-display":"","ast-hfb-below-header-display":"","ast-hfb-mobile-header-display":"","site-post-title":"","ast-breadcrumbs-content":"","ast-featured-img":"","footer-sml-layout":"","ast-disable-related-posts":"","theme-transparent-header-meta":"","adv-header-id-meta":"","stick-header-meta":"","header-above-stick-meta":"","header-main-stick-meta":"","header-below-stick-meta":"","astra-migrate-meta-layouts":"default","ast-page-background-enabled":"default","ast-page-background-meta":{"desktop":{"background-color":"var(--ast-global-color-4)","background-image":"","background-repeat":"repeat","background-position":"center center","background-size":"auto","background-attachment":"scroll","background-type":"","background-media":"","overlay-type":"","overlay-color":"","overlay-opacity":"","overlay-gradient":""},"tablet":{"background-color":"","background-image":"","background-repeat":"repeat","background-position":"center center","background-size":"auto","background-attachment":"scroll","background-type":"","background-media":"","overlay-type":"","overlay-color":"","overlay-opacity":"","overlay-gradient":""},"mobile":{"background-color":"","background-image":"","background-repeat":"repeat","background-position":"center center","background-size":"auto","background-attachment":"scroll","background-type":"","background-media":"","overlay-type":"","overlay-color":"","overlay-opacity":"","overlay-gradient":""}},"ast-content-background-meta":{"desktop":{"background-color":"var(--ast-global-color-5)","background-image":"","background-repeat":"repeat","background-position":"center center","background-size":"auto","background-attachment":"scroll","background-type":"","background-media":"","overlay-type":"","overlay-color":"","overlay-opacity":"","overlay-gradient":""},"tablet":{"background-color":"var(--ast-global-color-5)","background-image":"","background-repeat":"repeat","background-position":"center center","background-size":"auto","background-attachment":"scroll","background-type":"","background-media":"","overlay-type":"","overlay-color":"","overlay-opacity":"","overlay-gradient":""},"mobile":{"background-color":"var(--ast-global-color-5)","background-image":"","background-repeat":"repeat","background-position":"center center","background-size":"auto","background-attachment":"scroll","background-type":"","background-media":"","overlay-type":"","overlay-color":"","overlay-opacity":"","overlay-gradient":""}},"footnotes":""},"categories":[5],"tags":[],"class_list":["post-87446","post","type-post","status-publish","format-standard","hentry","category-noticias"],"yoast_head":"<!-- This site is optimized with the Yoast SEO Premium plugin v20.9 (Yoast SEO v27.4) - https:\/\/yoast.com\/product\/yoast-seo-premium-wordpress\/ -->\n<title>Nuevo Mapa de Materias Primas Minerales Cr\u00edticas y Estrat\u00e9gicas de Extremadura en el Portal SIGEO - bip4ex<\/title>\n<meta name=\"robots\" content=\"index, follow, max-snippet:-1, max-image-preview:large, max-video-preview:-1\" \/>\n<link rel=\"canonical\" href=\"https:\/\/helloproject.es\/vigilancia\/nuevo-mapa-de-materias-primas-minerales-criticas-y-estrategicas-de-extremadura-en-el-portal-sigeo\/\" \/>\n<meta property=\"og:locale\" content=\"es_ES\" \/>\n<meta property=\"og:type\" content=\"article\" \/>\n<meta property=\"og:title\" content=\"Nuevo Mapa de Materias Primas Minerales Cr\u00edticas y Estrat\u00e9gicas de Extremadura en el Portal SIGEO\" \/>\n<meta property=\"og:description\" content=\"MAPAS Nuevo Mapa de Materias Primas Minerales Cr\u00edticas y Estrat\u00e9gicas de Extremadura en el Portal SIGEO mi\u00e9, 26 mar 2025 09:05:00 +0100\u00a0ADMINISTRADOR Las materias primas cr\u00edticas y estrat\u00e9gicas son materiales esenciales para diversas aplicaciones industriales, tecnol\u00f3gicas y de defensa, y cuyo suministro puede estar en riesgo debido a factores geopol\u00edticos, econ\u00f3micos o ambientales. Estos minerales [&hellip;]\" \/>\n<meta property=\"og:url\" content=\"https:\/\/helloproject.es\/vigilancia\/nuevo-mapa-de-materias-primas-minerales-criticas-y-estrategicas-de-extremadura-en-el-portal-sigeo\/\" \/>\n<meta property=\"og:site_name\" content=\"bip4ex\" \/>\n<meta property=\"article:published_time\" content=\"2025-03-26T08:29:53+00:00\" \/>\n<meta property=\"og:image\" content=\"http:\/\/sigeo.juntaex.es\/portalsigeo\/image\/journal\/article?img_id=499102&amp;t=1742976559994\" \/>\n<meta name=\"author\" content=\"Luis Miguel Mej\u00edas Ramos\" \/>\n<meta name=\"twitter:card\" content=\"summary_large_image\" \/>\n<meta name=\"twitter:label1\" content=\"Escrito por\" \/>\n\t<meta name=\"twitter:data1\" content=\"Luis Miguel Mej\u00edas Ramos\" \/>\n\t<meta name=\"twitter:label2\" content=\"Tiempo de lectura\" \/>\n\t<meta name=\"twitter:data2\" content=\"1 minuto\" \/>\n<script type=\"application\/ld+json\" class=\"yoast-schema-graph\">{\"@context\":\"https:\\\/\\\/schema.org\",\"@graph\":[{\"@type\":\"Article\",\"@id\":\"https:\\\/\\\/helloproject.es\\\/vigilancia\\\/nuevo-mapa-de-materias-primas-minerales-criticas-y-estrategicas-de-extremadura-en-el-portal-sigeo\\\/#article\",\"isPartOf\":{\"@id\":\"https:\\\/\\\/helloproject.es\\\/vigilancia\\\/nuevo-mapa-de-materias-primas-minerales-criticas-y-estrategicas-de-extremadura-en-el-portal-sigeo\\\/\"},\"author\":{\"name\":\"Luis Miguel Mej\u00edas Ramos\",\"@id\":\"https:\\\/\\\/helloproject.es\\\/vigilancia\\\/#\\\/schema\\\/person\\\/3767b0619d59a11570372c821f8619ca\"},\"headline\":\"Nuevo Mapa de Materias Primas Minerales Cr\u00edticas y Estrat\u00e9gicas de Extremadura en el Portal SIGEO\",\"datePublished\":\"2025-03-26T08:29:53+00:00\",\"mainEntityOfPage\":{\"@id\":\"https:\\\/\\\/helloproject.es\\\/vigilancia\\\/nuevo-mapa-de-materias-primas-minerales-criticas-y-estrategicas-de-extremadura-en-el-portal-sigeo\\\/\"},\"wordCount\":176,\"publisher\":{\"@id\":\"https:\\\/\\\/helloproject.es\\\/vigilancia\\\/#organization\"},\"image\":{\"@id\":\"https:\\\/\\\/helloproject.es\\\/vigilancia\\\/nuevo-mapa-de-materias-primas-minerales-criticas-y-estrategicas-de-extremadura-en-el-portal-sigeo\\\/#primaryimage\"},\"thumbnailUrl\":\"http:\\\/\\\/sigeo.juntaex.es\\\/portalsigeo\\\/image\\\/journal\\\/article?img_id=499102&amp;t=1742976559994\",\"articleSection\":[\"Noticias\"],\"inLanguage\":\"es\"},{\"@type\":\"WebPage\",\"@id\":\"https:\\\/\\\/helloproject.es\\\/vigilancia\\\/nuevo-mapa-de-materias-primas-minerales-criticas-y-estrategicas-de-extremadura-en-el-portal-sigeo\\\/\",\"url\":\"https:\\\/\\\/helloproject.es\\\/vigilancia\\\/nuevo-mapa-de-materias-primas-minerales-criticas-y-estrategicas-de-extremadura-en-el-portal-sigeo\\\/\",\"name\":\"Nuevo Mapa de Materias Primas Minerales Cr\u00edticas y Estrat\u00e9gicas de Extremadura en el Portal SIGEO - bip4ex\",\"isPartOf\":{\"@id\":\"https:\\\/\\\/helloproject.es\\\/vigilancia\\\/#website\"},\"primaryImageOfPage\":{\"@id\":\"https:\\\/\\\/helloproject.es\\\/vigilancia\\\/nuevo-mapa-de-materias-primas-minerales-criticas-y-estrategicas-de-extremadura-en-el-portal-sigeo\\\/#primaryimage\"},\"image\":{\"@id\":\"https:\\\/\\\/helloproject.es\\\/vigilancia\\\/nuevo-mapa-de-materias-primas-minerales-criticas-y-estrategicas-de-extremadura-en-el-portal-sigeo\\\/#primaryimage\"},\"thumbnailUrl\":\"http:\\\/\\\/sigeo.juntaex.es\\\/portalsigeo\\\/image\\\/journal\\\/article?img_id=499102&amp;t=1742976559994\",\"datePublished\":\"2025-03-26T08:29:53+00:00\",\"breadcrumb\":{\"@id\":\"https:\\\/\\\/helloproject.es\\\/vigilancia\\\/nuevo-mapa-de-materias-primas-minerales-criticas-y-estrategicas-de-extremadura-en-el-portal-sigeo\\\/#breadcrumb\"},\"inLanguage\":\"es\",\"potentialAction\":[{\"@type\":\"ReadAction\",\"target\":[\"https:\\\/\\\/helloproject.es\\\/vigilancia\\\/nuevo-mapa-de-materias-primas-minerales-criticas-y-estrategicas-de-extremadura-en-el-portal-sigeo\\\/\"]}]},{\"@type\":\"ImageObject\",\"inLanguage\":\"es\",\"@id\":\"https:\\\/\\\/helloproject.es\\\/vigilancia\\\/nuevo-mapa-de-materias-primas-minerales-criticas-y-estrategicas-de-extremadura-en-el-portal-sigeo\\\/#primaryimage\",\"url\":\"http:\\\/\\\/sigeo.juntaex.es\\\/portalsigeo\\\/image\\\/journal\\\/article?img_id=499102&amp;t=1742976559994\",\"contentUrl\":\"http:\\\/\\\/sigeo.juntaex.es\\\/portalsigeo\\\/image\\\/journal\\\/article?img_id=499102&amp;t=1742976559994\"},{\"@type\":\"BreadcrumbList\",\"@id\":\"https:\\\/\\\/helloproject.es\\\/vigilancia\\\/nuevo-mapa-de-materias-primas-minerales-criticas-y-estrategicas-de-extremadura-en-el-portal-sigeo\\\/#breadcrumb\",\"itemListElement\":[{\"@type\":\"ListItem\",\"position\":1,\"name\":\"Home\",\"item\":\"https:\\\/\\\/helloproject.es\\\/vigilancia\\\/\"},{\"@type\":\"ListItem\",\"position\":2,\"name\":\"Nuevo Mapa de Materias Primas Minerales Cr\u00edticas y Estrat\u00e9gicas de Extremadura en el Portal SIGEO\"}]},{\"@type\":\"WebSite\",\"@id\":\"https:\\\/\\\/helloproject.es\\\/vigilancia\\\/#website\",\"url\":\"https:\\\/\\\/helloproject.es\\\/vigilancia\\\/\",\"name\":\"bip4ex\",\"description\":\"Vigilancia Tecnol\u00f3gica\",\"publisher\":{\"@id\":\"https:\\\/\\\/helloproject.es\\\/vigilancia\\\/#organization\"},\"potentialAction\":[{\"@type\":\"SearchAction\",\"target\":{\"@type\":\"EntryPoint\",\"urlTemplate\":\"https:\\\/\\\/helloproject.es\\\/vigilancia\\\/?s={search_term_string}\"},\"query-input\":{\"@type\":\"PropertyValueSpecification\",\"valueRequired\":true,\"valueName\":\"search_term_string\"}}],\"inLanguage\":\"es\"},{\"@type\":\"Organization\",\"@id\":\"https:\\\/\\\/helloproject.es\\\/vigilancia\\\/#organization\",\"name\":\"Helloproject.es\",\"url\":\"https:\\\/\\\/helloproject.es\\\/vigilancia\\\/\",\"logo\":{\"@type\":\"ImageObject\",\"inLanguage\":\"es\",\"@id\":\"https:\\\/\\\/helloproject.es\\\/vigilancia\\\/#\\\/schema\\\/logo\\\/image\\\/\",\"url\":\"https:\\\/\\\/helloproject.es\\\/vigilancia\\\/wp-content\\\/uploads\\\/2023\\\/07\\\/bip4ex.png\",\"contentUrl\":\"https:\\\/\\\/helloproject.es\\\/vigilancia\\\/wp-content\\\/uploads\\\/2023\\\/07\\\/bip4ex.png\",\"width\":322,\"height\":365,\"caption\":\"Helloproject.es\"},\"image\":{\"@id\":\"https:\\\/\\\/helloproject.es\\\/vigilancia\\\/#\\\/schema\\\/logo\\\/image\\\/\"}},{\"@type\":\"Person\",\"@id\":\"https:\\\/\\\/helloproject.es\\\/vigilancia\\\/#\\\/schema\\\/person\\\/3767b0619d59a11570372c821f8619ca\",\"name\":\"Luis Miguel Mej\u00edas Ramos\",\"url\":\"https:\\\/\\\/helloproject.es\\\/vigilancia\\\/author\\\/luismi\\\/\"}]}<\/script>\n<!-- \/ Yoast SEO Premium plugin. -->","yoast_head_json":{"title":"Nuevo Mapa de Materias Primas Minerales Cr\u00edticas y Estrat\u00e9gicas de Extremadura en el Portal SIGEO - bip4ex","robots":{"index":"index","follow":"follow","max-snippet":"max-snippet:-1","max-image-preview":"max-image-preview:large","max-video-preview":"max-video-preview:-1"},"canonical":"https:\/\/helloproject.es\/vigilancia\/nuevo-mapa-de-materias-primas-minerales-criticas-y-estrategicas-de-extremadura-en-el-portal-sigeo\/","og_locale":"es_ES","og_type":"article","og_title":"Nuevo Mapa de Materias Primas Minerales Cr\u00edticas y Estrat\u00e9gicas de Extremadura en el Portal SIGEO","og_description":"MAPAS Nuevo Mapa de Materias Primas Minerales Cr\u00edticas y Estrat\u00e9gicas de Extremadura en el Portal SIGEO mi\u00e9, 26 mar 2025 09:05:00 +0100\u00a0ADMINISTRADOR Las materias primas cr\u00edticas y estrat\u00e9gicas son materiales esenciales para diversas aplicaciones industriales, tecnol\u00f3gicas y de defensa, y cuyo suministro puede estar en riesgo debido a factores geopol\u00edticos, econ\u00f3micos o ambientales. Estos minerales [&hellip;]","og_url":"https:\/\/helloproject.es\/vigilancia\/nuevo-mapa-de-materias-primas-minerales-criticas-y-estrategicas-de-extremadura-en-el-portal-sigeo\/","og_site_name":"bip4ex","article_published_time":"2025-03-26T08:29:53+00:00","og_image":[{"url":"http:\/\/sigeo.juntaex.es\/portalsigeo\/image\/journal\/article?img_id=499102&amp;t=1742976559994","type":"","width":"","height":""}],"author":"Luis Miguel Mej\u00edas Ramos","twitter_card":"summary_large_image","twitter_misc":{"Escrito por":"Luis Miguel Mej\u00edas Ramos","Tiempo de lectura":"1 minuto"},"schema":{"@context":"https:\/\/schema.org","@graph":[{"@type":"Article","@id":"https:\/\/helloproject.es\/vigilancia\/nuevo-mapa-de-materias-primas-minerales-criticas-y-estrategicas-de-extremadura-en-el-portal-sigeo\/#article","isPartOf":{"@id":"https:\/\/helloproject.es\/vigilancia\/nuevo-mapa-de-materias-primas-minerales-criticas-y-estrategicas-de-extremadura-en-el-portal-sigeo\/"},"author":{"name":"Luis Miguel Mej\u00edas Ramos","@id":"https:\/\/helloproject.es\/vigilancia\/#\/schema\/person\/3767b0619d59a11570372c821f8619ca"},"headline":"Nuevo Mapa de Materias Primas Minerales Cr\u00edticas y Estrat\u00e9gicas de Extremadura en el Portal SIGEO","datePublished":"2025-03-26T08:29:53+00:00","mainEntityOfPage":{"@id":"https:\/\/helloproject.es\/vigilancia\/nuevo-mapa-de-materias-primas-minerales-criticas-y-estrategicas-de-extremadura-en-el-portal-sigeo\/"},"wordCount":176,"publisher":{"@id":"https:\/\/helloproject.es\/vigilancia\/#organization"},"image":{"@id":"https:\/\/helloproject.es\/vigilancia\/nuevo-mapa-de-materias-primas-minerales-criticas-y-estrategicas-de-extremadura-en-el-portal-sigeo\/#primaryimage"},"thumbnailUrl":"http:\/\/sigeo.juntaex.es\/portalsigeo\/image\/journal\/article?img_id=499102&amp;t=1742976559994","articleSection":["Noticias"],"inLanguage":"es"},{"@type":"WebPage","@id":"https:\/\/helloproject.es\/vigilancia\/nuevo-mapa-de-materias-primas-minerales-criticas-y-estrategicas-de-extremadura-en-el-portal-sigeo\/","url":"https:\/\/helloproject.es\/vigilancia\/nuevo-mapa-de-materias-primas-minerales-criticas-y-estrategicas-de-extremadura-en-el-portal-sigeo\/","name":"Nuevo Mapa de Materias Primas Minerales Cr\u00edticas y Estrat\u00e9gicas de Extremadura en el Portal SIGEO - bip4ex","isPartOf":{"@id":"https:\/\/helloproject.es\/vigilancia\/#website"},"primaryImageOfPage":{"@id":"https:\/\/helloproject.es\/vigilancia\/nuevo-mapa-de-materias-primas-minerales-criticas-y-estrategicas-de-extremadura-en-el-portal-sigeo\/#primaryimage"},"image":{"@id":"https:\/\/helloproject.es\/vigilancia\/nuevo-mapa-de-materias-primas-minerales-criticas-y-estrategicas-de-extremadura-en-el-portal-sigeo\/#primaryimage"},"thumbnailUrl":"http:\/\/sigeo.juntaex.es\/portalsigeo\/image\/journal\/article?img_id=499102&amp;t=1742976559994","datePublished":"2025-03-26T08:29:53+00:00","breadcrumb":{"@id":"https:\/\/helloproject.es\/vigilancia\/nuevo-mapa-de-materias-primas-minerales-criticas-y-estrategicas-de-extremadura-en-el-portal-sigeo\/#breadcrumb"},"inLanguage":"es","potentialAction":[{"@type":"ReadAction","target":["https:\/\/helloproject.es\/vigilancia\/nuevo-mapa-de-materias-primas-minerales-criticas-y-estrategicas-de-extremadura-en-el-portal-sigeo\/"]}]},{"@type":"ImageObject","inLanguage":"es","@id":"https:\/\/helloproject.es\/vigilancia\/nuevo-mapa-de-materias-primas-minerales-criticas-y-estrategicas-de-extremadura-en-el-portal-sigeo\/#primaryimage","url":"http:\/\/sigeo.juntaex.es\/portalsigeo\/image\/journal\/article?img_id=499102&amp;t=1742976559994","contentUrl":"http:\/\/sigeo.juntaex.es\/portalsigeo\/image\/journal\/article?img_id=499102&amp;t=1742976559994"},{"@type":"BreadcrumbList","@id":"https:\/\/helloproject.es\/vigilancia\/nuevo-mapa-de-materias-primas-minerales-criticas-y-estrategicas-de-extremadura-en-el-portal-sigeo\/#breadcrumb","itemListElement":[{"@type":"ListItem","position":1,"name":"Home","item":"https:\/\/helloproject.es\/vigilancia\/"},{"@type":"ListItem","position":2,"name":"Nuevo Mapa de Materias Primas Minerales Cr\u00edticas y Estrat\u00e9gicas de Extremadura en el Portal SIGEO"}]},{"@type":"WebSite","@id":"https:\/\/helloproject.es\/vigilancia\/#website","url":"https:\/\/helloproject.es\/vigilancia\/","name":"bip4ex","description":"Vigilancia Tecnol\u00f3gica","publisher":{"@id":"https:\/\/helloproject.es\/vigilancia\/#organization"},"potentialAction":[{"@type":"SearchAction","target":{"@type":"EntryPoint","urlTemplate":"https:\/\/helloproject.es\/vigilancia\/?s={search_term_string}"},"query-input":{"@type":"PropertyValueSpecification","valueRequired":true,"valueName":"search_term_string"}}],"inLanguage":"es"},{"@type":"Organization","@id":"https:\/\/helloproject.es\/vigilancia\/#organization","name":"Helloproject.es","url":"https:\/\/helloproject.es\/vigilancia\/","logo":{"@type":"ImageObject","inLanguage":"es","@id":"https:\/\/helloproject.es\/vigilancia\/#\/schema\/logo\/image\/","url":"https:\/\/helloproject.es\/vigilancia\/wp-content\/uploads\/2023\/07\/bip4ex.png","contentUrl":"https:\/\/helloproject.es\/vigilancia\/wp-content\/uploads\/2023\/07\/bip4ex.png","width":322,"height":365,"caption":"Helloproject.es"},"image":{"@id":"https:\/\/helloproject.es\/vigilancia\/#\/schema\/logo\/image\/"}},{"@type":"Person","@id":"https:\/\/helloproject.es\/vigilancia\/#\/schema\/person\/3767b0619d59a11570372c821f8619ca","name":"Luis Miguel Mej\u00edas Ramos","url":"https:\/\/helloproject.es\/vigilancia\/author\/luismi\/"}]}},"_links":{"self":[{"href":"https:\/\/helloproject.es\/vigilancia\/wp-json\/wp\/v2\/posts\/87446","targetHints":{"allow":["GET"]}}],"collection":[{"href":"https:\/\/helloproject.es\/vigilancia\/wp-json\/wp\/v2\/posts"}],"about":[{"href":"https:\/\/helloproject.es\/vigilancia\/wp-json\/wp\/v2\/types\/post"}],"author":[{"embeddable":true,"href":"https:\/\/helloproject.es\/vigilancia\/wp-json\/wp\/v2\/users\/5"}],"replies":[{"embeddable":true,"href":"https:\/\/helloproject.es\/vigilancia\/wp-json\/wp\/v2\/comments?post=87446"}],"version-history":[{"count":0,"href":"https:\/\/helloproject.es\/vigilancia\/wp-json\/wp\/v2\/posts\/87446\/revisions"}],"wp:attachment":[{"href":"https:\/\/helloproject.es\/vigilancia\/wp-json\/wp\/v2\/media?parent=87446"}],"wp:term":[{"taxonomy":"category","embeddable":true,"href":"https:\/\/helloproject.es\/vigilancia\/wp-json\/wp\/v2\/categories?post=87446"},{"taxonomy":"post_tag","embeddable":true,"href":"https:\/\/helloproject.es\/vigilancia\/wp-json\/wp\/v2\/tags?post=87446"}],"curies":[{"name":"wp","href":"https:\/\/api.w.org\/{rel}","templated":true}]}}