{"id":87475,"date":"2025-03-26T10:22:12","date_gmt":"2025-03-26T09:22:12","guid":{"rendered":"https:\/\/helloproject.es\/vigilancia\/el-programa-plurirregional-feder-refuerza-su-apuesta-por-proyectos-estrategicos-que-fortalezcan-la-soberania-tecnologica-europea\/"},"modified":"2025-03-26T10:22:12","modified_gmt":"2025-03-26T09:22:12","slug":"el-programa-plurirregional-feder-refuerza-su-apuesta-por-proyectos-estrategicos-que-fortalezcan-la-soberania-tecnologica-europea","status":"publish","type":"post","link":"https:\/\/helloproject.es\/vigilancia\/el-programa-plurirregional-feder-refuerza-su-apuesta-por-proyectos-estrategicos-que-fortalezcan-la-soberania-tecnologica-europea\/","title":{"rendered":"El Programa Plurirregional FEDER refuerza su apuesta por proyectos estrat\u00e9gicos que fortalezcan la soberan\u00eda tecnol\u00f3gica europea"},"content":{"rendered":"<p>El Comit\u00e9 de seguimiento del Programa Operativo Plurirregional de Espa\u00f1a (POPE) del Fondo Europeo de Desarrollo Regional (FEDER) 2021-2027 ha aprobado una reprogramaci\u00f3n del programa para impulsar proyectos que cumplan con los requisitos de la Plataforma de Tecnolog\u00edas Estrat\u00e9gicas para Europa (STEP). Esta iniciativa tiene como objetivo reforzar la soberan\u00eda tecnol\u00f3gica de la Uni\u00f3n Europea a trav\u00e9s de la financiaci\u00f3n de proyectos estrat\u00e9gicos en sectores clave como la digitalizaci\u00f3n, las tecnolog\u00edas limpias y eficientes y las biotecnolog\u00edas.<\/p>\n<p>M\u00e1s informaci\u00f3n en el siguiente <a href=\"https:\/\/femp-fondos-europa.es\/wp-content\/uploads\/2025\/03\/25-03-25-np-comite-seguimiento-pope.pdf\">enlace<\/a><\/p>\n<p>The post <a href=\"https:\/\/femp-fondos-europa.es\/el-programa-plurirregional-feder-refuerza-su-apuesta-por-proyectos-estrategicos-que-fortalezcan-la-soberania-tecnologica-europea\/\">El Programa Plurirregional FEDER refuerza su apuesta por proyectos estrat\u00e9gicos que fortalezcan la soberan\u00eda tecnol\u00f3gica europea<\/a> appeared first on <a href=\"https:\/\/femp-fondos-europa.es\/\">Fondos Europeos NG y 2021-2027 &#8211; FEMP<\/a>.<\/p>","protected":false},"excerpt":{"rendered":"<p>El Comit\u00e9 de seguimiento del Programa Operativo Plurirregional de Espa\u00f1a (POPE) del Fondo Europeo de Desarrollo Regional (FEDER) 2021-2027 ha aprobado una reprogramaci\u00f3n del programa para impulsar proyectos que cumplan con los requisitos de la Plataforma de Tecnolog\u00edas Estrat\u00e9gicas para Europa (STEP). Esta iniciativa tiene como objetivo reforzar la soberan\u00eda tecnol\u00f3gica de la Uni\u00f3n Europea [&hellip;]<\/p>\n","protected":false},"author":5,"featured_media":0,"comment_status":"","ping_status":"","sticky":false,"template":"","format":"standard","meta":{"site-sidebar-layout":"default","site-content-layout":"","ast-site-content-layout":"default","site-content-style":"default","site-sidebar-style":"default","ast-global-header-display":"","ast-banner-title-visibility":"","ast-main-header-display":"","ast-hfb-above-header-display":"","ast-hfb-below-header-display":"","ast-hfb-mobile-header-display":"","site-post-title":"","ast-breadcrumbs-content":"","ast-featured-img":"","footer-sml-layout":"","ast-disable-related-posts":"","theme-transparent-header-meta":"","adv-header-id-meta":"","stick-header-meta":"","header-above-stick-meta":"","header-main-stick-meta":"","header-below-stick-meta":"","astra-migrate-meta-layouts":"default","ast-page-background-enabled":"default","ast-page-background-meta":{"desktop":{"background-color":"var(--ast-global-color-4)","background-image":"","background-repeat":"repeat","background-position":"center center","background-size":"auto","background-attachment":"scroll","background-type":"","background-media":"","overlay-type":"","overlay-color":"","overlay-opacity":"","overlay-gradient":""},"tablet":{"background-color":"","background-image":"","background-repeat":"repeat","background-position":"center center","background-size":"auto","background-attachment":"scroll","background-type":"","background-media":"","overlay-type":"","overlay-color":"","overlay-opacity":"","overlay-gradient":""},"mobile":{"background-color":"","background-image":"","background-repeat":"repeat","background-position":"center center","background-size":"auto","background-attachment":"scroll","background-type":"","background-media":"","overlay-type":"","overlay-color":"","overlay-opacity":"","overlay-gradient":""}},"ast-content-background-meta":{"desktop":{"background-color":"var(--ast-global-color-5)","background-image":"","background-repeat":"repeat","background-position":"center center","background-size":"auto","background-attachment":"scroll","background-type":"","background-media":"","overlay-type":"","overlay-color":"","overlay-opacity":"","overlay-gradient":""},"tablet":{"background-color":"var(--ast-global-color-5)","background-image":"","background-repeat":"repeat","background-position":"center center","background-size":"auto","background-attachment":"scroll","background-type":"","background-media":"","overlay-type":"","overlay-color":"","overlay-opacity":"","overlay-gradient":""},"mobile":{"background-color":"var(--ast-global-color-5)","background-image":"","background-repeat":"repeat","background-position":"center center","background-size":"auto","background-attachment":"scroll","background-type":"","background-media":"","overlay-type":"","overlay-color":"","overlay-opacity":"","overlay-gradient":""}},"footnotes":""},"categories":[8],"tags":[],"class_list":["post-87475","post","type-post","status-publish","format-standard","hentry","category-ayudas-y-subvenciones"],"yoast_head":"<!-- This site is optimized with the Yoast SEO Premium plugin v20.9 (Yoast SEO v27.4) - https:\/\/yoast.com\/product\/yoast-seo-premium-wordpress\/ -->\n<title>El Programa Plurirregional FEDER refuerza su apuesta por proyectos estrat\u00e9gicos que fortalezcan la soberan\u00eda tecnol\u00f3gica europea - bip4ex<\/title>\n<meta name=\"robots\" content=\"index, follow, max-snippet:-1, max-image-preview:large, max-video-preview:-1\" \/>\n<link rel=\"canonical\" href=\"https:\/\/helloproject.es\/vigilancia\/el-programa-plurirregional-feder-refuerza-su-apuesta-por-proyectos-estrategicos-que-fortalezcan-la-soberania-tecnologica-europea\/\" \/>\n<meta property=\"og:locale\" content=\"es_ES\" \/>\n<meta property=\"og:type\" content=\"article\" \/>\n<meta property=\"og:title\" content=\"El Programa Plurirregional FEDER refuerza su apuesta por proyectos estrat\u00e9gicos que fortalezcan la soberan\u00eda tecnol\u00f3gica europea\" \/>\n<meta property=\"og:description\" content=\"El Comit\u00e9 de seguimiento del Programa Operativo Plurirregional de Espa\u00f1a (POPE) del Fondo Europeo de Desarrollo Regional (FEDER) 2021-2027 ha aprobado una reprogramaci\u00f3n del programa para impulsar proyectos que cumplan con los requisitos de la Plataforma de Tecnolog\u00edas Estrat\u00e9gicas para Europa (STEP). Esta iniciativa tiene como objetivo reforzar la soberan\u00eda tecnol\u00f3gica de la Uni\u00f3n Europea [&hellip;]\" \/>\n<meta property=\"og:url\" content=\"https:\/\/helloproject.es\/vigilancia\/el-programa-plurirregional-feder-refuerza-su-apuesta-por-proyectos-estrategicos-que-fortalezcan-la-soberania-tecnologica-europea\/\" \/>\n<meta property=\"og:site_name\" content=\"bip4ex\" \/>\n<meta property=\"article:published_time\" content=\"2025-03-26T09:22:12+00:00\" \/>\n<meta name=\"author\" content=\"Luis Miguel Mej\u00edas Ramos\" \/>\n<meta name=\"twitter:card\" content=\"summary_large_image\" \/>\n<meta name=\"twitter:label1\" content=\"Escrito por\" \/>\n\t<meta name=\"twitter:data1\" content=\"Luis Miguel Mej\u00edas Ramos\" \/>\n\t<meta name=\"twitter:label2\" content=\"Tiempo de lectura\" \/>\n\t<meta name=\"twitter:data2\" content=\"1 minuto\" \/>\n<script type=\"application\/ld+json\" class=\"yoast-schema-graph\">{\"@context\":\"https:\\\/\\\/schema.org\",\"@graph\":[{\"@type\":\"Article\",\"@id\":\"https:\\\/\\\/helloproject.es\\\/vigilancia\\\/el-programa-plurirregional-feder-refuerza-su-apuesta-por-proyectos-estrategicos-que-fortalezcan-la-soberania-tecnologica-europea\\\/#article\",\"isPartOf\":{\"@id\":\"https:\\\/\\\/helloproject.es\\\/vigilancia\\\/el-programa-plurirregional-feder-refuerza-su-apuesta-por-proyectos-estrategicos-que-fortalezcan-la-soberania-tecnologica-europea\\\/\"},\"author\":{\"name\":\"Luis Miguel Mej\u00edas Ramos\",\"@id\":\"https:\\\/\\\/helloproject.es\\\/vigilancia\\\/#\\\/schema\\\/person\\\/3767b0619d59a11570372c821f8619ca\"},\"headline\":\"El Programa Plurirregional FEDER refuerza su apuesta por proyectos estrat\u00e9gicos que fortalezcan la soberan\u00eda tecnol\u00f3gica europea\",\"datePublished\":\"2025-03-26T09:22:12+00:00\",\"mainEntityOfPage\":{\"@id\":\"https:\\\/\\\/helloproject.es\\\/vigilancia\\\/el-programa-plurirregional-feder-refuerza-su-apuesta-por-proyectos-estrategicos-que-fortalezcan-la-soberania-tecnologica-europea\\\/\"},\"wordCount\":148,\"publisher\":{\"@id\":\"https:\\\/\\\/helloproject.es\\\/vigilancia\\\/#organization\"},\"articleSection\":[\"Ayudas y Subvenciones\"],\"inLanguage\":\"es\"},{\"@type\":\"WebPage\",\"@id\":\"https:\\\/\\\/helloproject.es\\\/vigilancia\\\/el-programa-plurirregional-feder-refuerza-su-apuesta-por-proyectos-estrategicos-que-fortalezcan-la-soberania-tecnologica-europea\\\/\",\"url\":\"https:\\\/\\\/helloproject.es\\\/vigilancia\\\/el-programa-plurirregional-feder-refuerza-su-apuesta-por-proyectos-estrategicos-que-fortalezcan-la-soberania-tecnologica-europea\\\/\",\"name\":\"El Programa Plurirregional FEDER refuerza su apuesta por proyectos estrat\u00e9gicos que fortalezcan la soberan\u00eda tecnol\u00f3gica europea - bip4ex\",\"isPartOf\":{\"@id\":\"https:\\\/\\\/helloproject.es\\\/vigilancia\\\/#website\"},\"datePublished\":\"2025-03-26T09:22:12+00:00\",\"breadcrumb\":{\"@id\":\"https:\\\/\\\/helloproject.es\\\/vigilancia\\\/el-programa-plurirregional-feder-refuerza-su-apuesta-por-proyectos-estrategicos-que-fortalezcan-la-soberania-tecnologica-europea\\\/#breadcrumb\"},\"inLanguage\":\"es\",\"potentialAction\":[{\"@type\":\"ReadAction\",\"target\":[\"https:\\\/\\\/helloproject.es\\\/vigilancia\\\/el-programa-plurirregional-feder-refuerza-su-apuesta-por-proyectos-estrategicos-que-fortalezcan-la-soberania-tecnologica-europea\\\/\"]}]},{\"@type\":\"BreadcrumbList\",\"@id\":\"https:\\\/\\\/helloproject.es\\\/vigilancia\\\/el-programa-plurirregional-feder-refuerza-su-apuesta-por-proyectos-estrategicos-que-fortalezcan-la-soberania-tecnologica-europea\\\/#breadcrumb\",\"itemListElement\":[{\"@type\":\"ListItem\",\"position\":1,\"name\":\"Home\",\"item\":\"https:\\\/\\\/helloproject.es\\\/vigilancia\\\/\"},{\"@type\":\"ListItem\",\"position\":2,\"name\":\"El Programa Plurirregional FEDER refuerza su apuesta por proyectos estrat\u00e9gicos que fortalezcan la soberan\u00eda tecnol\u00f3gica europea\"}]},{\"@type\":\"WebSite\",\"@id\":\"https:\\\/\\\/helloproject.es\\\/vigilancia\\\/#website\",\"url\":\"https:\\\/\\\/helloproject.es\\\/vigilancia\\\/\",\"name\":\"bip4ex\",\"description\":\"Vigilancia Tecnol\u00f3gica\",\"publisher\":{\"@id\":\"https:\\\/\\\/helloproject.es\\\/vigilancia\\\/#organization\"},\"potentialAction\":[{\"@type\":\"SearchAction\",\"target\":{\"@type\":\"EntryPoint\",\"urlTemplate\":\"https:\\\/\\\/helloproject.es\\\/vigilancia\\\/?s={search_term_string}\"},\"query-input\":{\"@type\":\"PropertyValueSpecification\",\"valueRequired\":true,\"valueName\":\"search_term_string\"}}],\"inLanguage\":\"es\"},{\"@type\":\"Organization\",\"@id\":\"https:\\\/\\\/helloproject.es\\\/vigilancia\\\/#organization\",\"name\":\"Helloproject.es\",\"url\":\"https:\\\/\\\/helloproject.es\\\/vigilancia\\\/\",\"logo\":{\"@type\":\"ImageObject\",\"inLanguage\":\"es\",\"@id\":\"https:\\\/\\\/helloproject.es\\\/vigilancia\\\/#\\\/schema\\\/logo\\\/image\\\/\",\"url\":\"https:\\\/\\\/helloproject.es\\\/vigilancia\\\/wp-content\\\/uploads\\\/2023\\\/07\\\/bip4ex.png\",\"contentUrl\":\"https:\\\/\\\/helloproject.es\\\/vigilancia\\\/wp-content\\\/uploads\\\/2023\\\/07\\\/bip4ex.png\",\"width\":322,\"height\":365,\"caption\":\"Helloproject.es\"},\"image\":{\"@id\":\"https:\\\/\\\/helloproject.es\\\/vigilancia\\\/#\\\/schema\\\/logo\\\/image\\\/\"}},{\"@type\":\"Person\",\"@id\":\"https:\\\/\\\/helloproject.es\\\/vigilancia\\\/#\\\/schema\\\/person\\\/3767b0619d59a11570372c821f8619ca\",\"name\":\"Luis Miguel Mej\u00edas Ramos\",\"url\":\"https:\\\/\\\/helloproject.es\\\/vigilancia\\\/author\\\/luismi\\\/\"}]}<\/script>\n<!-- \/ Yoast SEO Premium plugin. -->","yoast_head_json":{"title":"El Programa Plurirregional FEDER refuerza su apuesta por proyectos estrat\u00e9gicos que fortalezcan la soberan\u00eda tecnol\u00f3gica europea - bip4ex","robots":{"index":"index","follow":"follow","max-snippet":"max-snippet:-1","max-image-preview":"max-image-preview:large","max-video-preview":"max-video-preview:-1"},"canonical":"https:\/\/helloproject.es\/vigilancia\/el-programa-plurirregional-feder-refuerza-su-apuesta-por-proyectos-estrategicos-que-fortalezcan-la-soberania-tecnologica-europea\/","og_locale":"es_ES","og_type":"article","og_title":"El Programa Plurirregional FEDER refuerza su apuesta por proyectos estrat\u00e9gicos que fortalezcan la soberan\u00eda tecnol\u00f3gica europea","og_description":"El Comit\u00e9 de seguimiento del Programa Operativo Plurirregional de Espa\u00f1a (POPE) del Fondo Europeo de Desarrollo Regional (FEDER) 2021-2027 ha aprobado una reprogramaci\u00f3n del programa para impulsar proyectos que cumplan con los requisitos de la Plataforma de Tecnolog\u00edas Estrat\u00e9gicas para Europa (STEP). Esta iniciativa tiene como objetivo reforzar la soberan\u00eda tecnol\u00f3gica de la Uni\u00f3n Europea [&hellip;]","og_url":"https:\/\/helloproject.es\/vigilancia\/el-programa-plurirregional-feder-refuerza-su-apuesta-por-proyectos-estrategicos-que-fortalezcan-la-soberania-tecnologica-europea\/","og_site_name":"bip4ex","article_published_time":"2025-03-26T09:22:12+00:00","author":"Luis Miguel Mej\u00edas Ramos","twitter_card":"summary_large_image","twitter_misc":{"Escrito por":"Luis Miguel Mej\u00edas Ramos","Tiempo de lectura":"1 minuto"},"schema":{"@context":"https:\/\/schema.org","@graph":[{"@type":"Article","@id":"https:\/\/helloproject.es\/vigilancia\/el-programa-plurirregional-feder-refuerza-su-apuesta-por-proyectos-estrategicos-que-fortalezcan-la-soberania-tecnologica-europea\/#article","isPartOf":{"@id":"https:\/\/helloproject.es\/vigilancia\/el-programa-plurirregional-feder-refuerza-su-apuesta-por-proyectos-estrategicos-que-fortalezcan-la-soberania-tecnologica-europea\/"},"author":{"name":"Luis Miguel Mej\u00edas Ramos","@id":"https:\/\/helloproject.es\/vigilancia\/#\/schema\/person\/3767b0619d59a11570372c821f8619ca"},"headline":"El Programa Plurirregional FEDER refuerza su apuesta por proyectos estrat\u00e9gicos que fortalezcan la soberan\u00eda tecnol\u00f3gica europea","datePublished":"2025-03-26T09:22:12+00:00","mainEntityOfPage":{"@id":"https:\/\/helloproject.es\/vigilancia\/el-programa-plurirregional-feder-refuerza-su-apuesta-por-proyectos-estrategicos-que-fortalezcan-la-soberania-tecnologica-europea\/"},"wordCount":148,"publisher":{"@id":"https:\/\/helloproject.es\/vigilancia\/#organization"},"articleSection":["Ayudas y Subvenciones"],"inLanguage":"es"},{"@type":"WebPage","@id":"https:\/\/helloproject.es\/vigilancia\/el-programa-plurirregional-feder-refuerza-su-apuesta-por-proyectos-estrategicos-que-fortalezcan-la-soberania-tecnologica-europea\/","url":"https:\/\/helloproject.es\/vigilancia\/el-programa-plurirregional-feder-refuerza-su-apuesta-por-proyectos-estrategicos-que-fortalezcan-la-soberania-tecnologica-europea\/","name":"El Programa Plurirregional FEDER refuerza su apuesta por proyectos estrat\u00e9gicos que fortalezcan la soberan\u00eda tecnol\u00f3gica europea - bip4ex","isPartOf":{"@id":"https:\/\/helloproject.es\/vigilancia\/#website"},"datePublished":"2025-03-26T09:22:12+00:00","breadcrumb":{"@id":"https:\/\/helloproject.es\/vigilancia\/el-programa-plurirregional-feder-refuerza-su-apuesta-por-proyectos-estrategicos-que-fortalezcan-la-soberania-tecnologica-europea\/#breadcrumb"},"inLanguage":"es","potentialAction":[{"@type":"ReadAction","target":["https:\/\/helloproject.es\/vigilancia\/el-programa-plurirregional-feder-refuerza-su-apuesta-por-proyectos-estrategicos-que-fortalezcan-la-soberania-tecnologica-europea\/"]}]},{"@type":"BreadcrumbList","@id":"https:\/\/helloproject.es\/vigilancia\/el-programa-plurirregional-feder-refuerza-su-apuesta-por-proyectos-estrategicos-que-fortalezcan-la-soberania-tecnologica-europea\/#breadcrumb","itemListElement":[{"@type":"ListItem","position":1,"name":"Home","item":"https:\/\/helloproject.es\/vigilancia\/"},{"@type":"ListItem","position":2,"name":"El Programa Plurirregional FEDER refuerza su apuesta por proyectos estrat\u00e9gicos que fortalezcan la soberan\u00eda tecnol\u00f3gica europea"}]},{"@type":"WebSite","@id":"https:\/\/helloproject.es\/vigilancia\/#website","url":"https:\/\/helloproject.es\/vigilancia\/","name":"bip4ex","description":"Vigilancia Tecnol\u00f3gica","publisher":{"@id":"https:\/\/helloproject.es\/vigilancia\/#organization"},"potentialAction":[{"@type":"SearchAction","target":{"@type":"EntryPoint","urlTemplate":"https:\/\/helloproject.es\/vigilancia\/?s={search_term_string}"},"query-input":{"@type":"PropertyValueSpecification","valueRequired":true,"valueName":"search_term_string"}}],"inLanguage":"es"},{"@type":"Organization","@id":"https:\/\/helloproject.es\/vigilancia\/#organization","name":"Helloproject.es","url":"https:\/\/helloproject.es\/vigilancia\/","logo":{"@type":"ImageObject","inLanguage":"es","@id":"https:\/\/helloproject.es\/vigilancia\/#\/schema\/logo\/image\/","url":"https:\/\/helloproject.es\/vigilancia\/wp-content\/uploads\/2023\/07\/bip4ex.png","contentUrl":"https:\/\/helloproject.es\/vigilancia\/wp-content\/uploads\/2023\/07\/bip4ex.png","width":322,"height":365,"caption":"Helloproject.es"},"image":{"@id":"https:\/\/helloproject.es\/vigilancia\/#\/schema\/logo\/image\/"}},{"@type":"Person","@id":"https:\/\/helloproject.es\/vigilancia\/#\/schema\/person\/3767b0619d59a11570372c821f8619ca","name":"Luis Miguel Mej\u00edas Ramos","url":"https:\/\/helloproject.es\/vigilancia\/author\/luismi\/"}]}},"_links":{"self":[{"href":"https:\/\/helloproject.es\/vigilancia\/wp-json\/wp\/v2\/posts\/87475","targetHints":{"allow":["GET"]}}],"collection":[{"href":"https:\/\/helloproject.es\/vigilancia\/wp-json\/wp\/v2\/posts"}],"about":[{"href":"https:\/\/helloproject.es\/vigilancia\/wp-json\/wp\/v2\/types\/post"}],"author":[{"embeddable":true,"href":"https:\/\/helloproject.es\/vigilancia\/wp-json\/wp\/v2\/users\/5"}],"replies":[{"embeddable":true,"href":"https:\/\/helloproject.es\/vigilancia\/wp-json\/wp\/v2\/comments?post=87475"}],"version-history":[{"count":0,"href":"https:\/\/helloproject.es\/vigilancia\/wp-json\/wp\/v2\/posts\/87475\/revisions"}],"wp:attachment":[{"href":"https:\/\/helloproject.es\/vigilancia\/wp-json\/wp\/v2\/media?parent=87475"}],"wp:term":[{"taxonomy":"category","embeddable":true,"href":"https:\/\/helloproject.es\/vigilancia\/wp-json\/wp\/v2\/categories?post=87475"},{"taxonomy":"post_tag","embeddable":true,"href":"https:\/\/helloproject.es\/vigilancia\/wp-json\/wp\/v2\/tags?post=87475"}],"curies":[{"name":"wp","href":"https:\/\/api.w.org\/{rel}","templated":true}]}}