{"id":97260,"date":"2025-04-09T08:28:13","date_gmt":"2025-04-09T07:28:13","guid":{"rendered":"https:\/\/helloproject.es\/vigilancia\/asocian-dos-mezclas-de-aditivos-alimentarios-con-mas-riesgo-de-padecer-diabetes-tipo-2\/"},"modified":"2025-04-09T08:28:13","modified_gmt":"2025-04-09T07:28:13","slug":"asocian-dos-mezclas-de-aditivos-alimentarios-con-mas-riesgo-de-padecer-diabetes-tipo-2","status":"publish","type":"post","link":"https:\/\/helloproject.es\/vigilancia\/asocian-dos-mezclas-de-aditivos-alimentarios-con-mas-riesgo-de-padecer-diabetes-tipo-2\/","title":{"rendered":"Asocian dos mezclas de aditivos alimentarios con m\u00e1s riesgo de padecer diabetes tipo 2"},"content":{"rendered":"<p>Las mezclas de aditivos alimentarios son un elemento cotidiano de nuestra dieta, especialmente a trav\u00e9s de los alimentos ultraprocesados, y dos de ellas pueden estar asociadas a un ligero aumento del riesgo de desarrollar diabetes de tipo 2.<\/p>\n<p>Hasta ahora, las evaluaciones de seguridad de los aditivos se han estado haciendo sustancia por sustancia<\/p>\n<p>Una de esas mezclas suele estar presente en caldos, postres l\u00e1cteos, grasas y salsas; la otra es caracter\u00edstica de bebidas endulzadas artificialmente y los refrescos, se\u00f1ala un estudio que publica Plos One.<\/p>\n<p>Las evaluaciones de seguridad de los aditivos se han estado haciendo sustancia por sustancia, debido a la falta de datos sobre el resultado de su ingesti\u00f3n conjunta, pero ahora un equipo de investigadores franceses ha estudiado los efectos de cinco de esas mezclas.<\/p>\n<p><a><\/a><\/p>\n<h2>Conservantes y colorantes<\/h2>\n<p>Los alimentos ultraprocesados suelen contener mezclas de aditivos alimentarios, cada uno con sus propiedades espec\u00edficas, entre ellas conservantes, potenciadores del sabor, colorantes o agentes de textura.<\/p>\n<p>Se analizaron los datos sanitarios de m\u00e1s de 100 000 adultos durante 7 a\u00f1os<\/p>\n<p>El estudio encabezado por la Universidad de la Soborna de Par\u00eds analiz\u00f3 no solo la presencia de cinco mezclas en un determinado ultraprocesado sino tambi\u00e9n entre aquellos que se suelen consumir juntos.<\/p>\n<p>Al tratarse de un estudio observacional, este no basta por s\u00ed solo para establecer una relaci\u00f3n causal entre el consumo de esas dos mezclas de aditivos y el mayor riesgo de diabetes, recuerdan los investigadores, aunque destacan que sus resultados \u201ccoinciden con recientes trabajos experimentales\u00a0in vitro\u00a0que sugieren posibles efectos c\u00f3ctel\u201d.<\/p>\n<p>Para el estudio se analizaron los datos sanitarios de 108 643 adultos de la cohorte francesa NutriNet-Sant\u00e9 durante un periodo medio de seguimiento de 7,7 a\u00f1os y los alimentos que consum\u00edan.<\/p>\n<p><a><\/a><\/p>\n<h2>Cinco mezclas principales<\/h2>\n<p>Los investigadores hab\u00edan identificado ya cinco mezclas principales de aditivos, que representaban grupos de sustancias ingeridas juntas con frecuencia, debido a su presencia conjunta en productos procesados industrialmente o como resultado de la ingesti\u00f3n conjunta de alimentos consumidos a menudo juntos.<\/p>\n<p>De las cinco muestras solo dos se asociaron a una mayor incidencia de diabetes de tipo 2, independientemente de la calidad nutricional de la dieta y de los factores sociodemogr\u00e1ficos y de estilo de vida.<\/p>\n<p>Las mezclas se asociaron con mayor incidencia de diabetes tipo 2 independientemente de otros factores del estilo de vida<\/p>\n<p>La primera mezcla estaba compuesta principalmente por varios emulgentes (almidones modificados, pectina, goma guar, carragenanos, polifosfatos, goma xantana); un conservante (sorbato pot\u00e1sico) y un colorante (curcumina).<\/p>\n<p>Estos aditivos suelen encontrarse en diversos alimentos ultraprocesados, como caldos, postres l\u00e1cteos, grasas y salsas, se\u00f1al\u00f3 el franc\u00e9s Instituto Nacional de la Salud y la Investigaci\u00f3n M\u00e9dica (Inserm), una de las instituciones que particip\u00f3 en el estudio.<\/p>\n<p>La otra mezcla, compuesta principalmente por aditivos presentes en bebidas y refrescos endulzados artificialmente, ten\u00eda entre otras sustancias acidulantes y reguladores de la acidez, colorantes como caramelo de sulfito am\u00f3nico; edulcorantes como acesulfamo-K o aspartamo; emulgentes (goma ar\u00e1biga, pectina, goma guar) y un agente de recubrimiento (cera de carnauba).<\/p>\n<p><a><\/a><\/p>\n<h2>Interacciones entre aditivos<\/h2>\n<p>El estudio detect\u00f3 interacciones entre los aditivos de estas mezclas, lo que sugiere que algunos podr\u00edan reaccionar entre s\u00ed, potenciando sus efectos o atenu\u00e1ndolos.<\/p>\n<p>Se necesitan m\u00e1s estudios para dilucidar c\u00f3mo interaccionan los aditivos de las mezclas<\/p>\n<p>Los resultados sugieren que varios aditivos \u201cemblem\u00e1ticos presentes en muchos productos se consumen a menudo juntos y que determinadas mezclas se asocian a un mayor riesgo de padecer\u201d diabetes tipo II, explic\u00f3 Marie Payen de la Garanderie, del Inserm y primera firmante del estudio.<\/p>\n<p>La investigadora consider\u00f3 que son necesarios m\u00e1s estudios para \u201cdilucidar los mecanismos subyacentes y profundizar en el conocimiento de las posibles sinergias y antagonismos entre estas sustancias\u201d.<\/p>\n<p>Marie Payen de la Garanderie et al.\u00a0\u201cFood additive mixtures and type 2 diabetes incidence: Results from the NutriNet-Sant\u00e9 prospective cohort\u201d. <a href=\"https:\/\/doi.org\/10.1371\/journal.pmed.1004570\" target=\"_blank\">PLoS Medicine<\/a> (2025).<\/p>","protected":false},"excerpt":{"rendered":"<p>Las mezclas de aditivos alimentarios son un elemento cotidiano de nuestra dieta, especialmente a trav\u00e9s de los alimentos ultraprocesados, y dos de ellas pueden estar asociadas a un ligero aumento del riesgo de desarrollar diabetes de tipo 2. Hasta ahora, las evaluaciones de seguridad de los aditivos se han estado haciendo sustancia por sustancia Una [&hellip;]<\/p>\n","protected":false},"author":5,"featured_media":0,"comment_status":"","ping_status":"","sticky":false,"template":"","format":"standard","meta":{"site-sidebar-layout":"default","site-content-layout":"","ast-site-content-layout":"default","site-content-style":"default","site-sidebar-style":"default","ast-global-header-display":"","ast-banner-title-visibility":"","ast-main-header-display":"","ast-hfb-above-header-display":"","ast-hfb-below-header-display":"","ast-hfb-mobile-header-display":"","site-post-title":"","ast-breadcrumbs-content":"","ast-featured-img":"","footer-sml-layout":"","ast-disable-related-posts":"","theme-transparent-header-meta":"","adv-header-id-meta":"","stick-header-meta":"","header-above-stick-meta":"","header-main-stick-meta":"","header-below-stick-meta":"","astra-migrate-meta-layouts":"default","ast-page-background-enabled":"default","ast-page-background-meta":{"desktop":{"background-color":"var(--ast-global-color-4)","background-image":"","background-repeat":"repeat","background-position":"center center","background-size":"auto","background-attachment":"scroll","background-type":"","background-media":"","overlay-type":"","overlay-color":"","overlay-opacity":"","overlay-gradient":""},"tablet":{"background-color":"","background-image":"","background-repeat":"repeat","background-position":"center center","background-size":"auto","background-attachment":"scroll","background-type":"","background-media":"","overlay-type":"","overlay-color":"","overlay-opacity":"","overlay-gradient":""},"mobile":{"background-color":"","background-image":"","background-repeat":"repeat","background-position":"center center","background-size":"auto","background-attachment":"scroll","background-type":"","background-media":"","overlay-type":"","overlay-color":"","overlay-opacity":"","overlay-gradient":""}},"ast-content-background-meta":{"desktop":{"background-color":"var(--ast-global-color-5)","background-image":"","background-repeat":"repeat","background-position":"center center","background-size":"auto","background-attachment":"scroll","background-type":"","background-media":"","overlay-type":"","overlay-color":"","overlay-opacity":"","overlay-gradient":""},"tablet":{"background-color":"var(--ast-global-color-5)","background-image":"","background-repeat":"repeat","background-position":"center center","background-size":"auto","background-attachment":"scroll","background-type":"","background-media":"","overlay-type":"","overlay-color":"","overlay-opacity":"","overlay-gradient":""},"mobile":{"background-color":"var(--ast-global-color-5)","background-image":"","background-repeat":"repeat","background-position":"center center","background-size":"auto","background-attachment":"scroll","background-type":"","background-media":"","overlay-type":"","overlay-color":"","overlay-opacity":"","overlay-gradient":""}},"footnotes":""},"categories":[5],"tags":[],"class_list":["post-97260","post","type-post","status-publish","format-standard","hentry","category-noticias"],"yoast_head":"<!-- This site is optimized with the Yoast SEO Premium plugin v20.9 (Yoast SEO v27.4) - https:\/\/yoast.com\/product\/yoast-seo-premium-wordpress\/ -->\n<title>Asocian dos mezclas de aditivos alimentarios con m\u00e1s riesgo de padecer diabetes tipo 2 - bip4ex<\/title>\n<meta name=\"robots\" content=\"index, follow, max-snippet:-1, max-image-preview:large, max-video-preview:-1\" \/>\n<link rel=\"canonical\" href=\"https:\/\/helloproject.es\/vigilancia\/asocian-dos-mezclas-de-aditivos-alimentarios-con-mas-riesgo-de-padecer-diabetes-tipo-2\/\" \/>\n<meta property=\"og:locale\" content=\"es_ES\" \/>\n<meta property=\"og:type\" content=\"article\" \/>\n<meta property=\"og:title\" content=\"Asocian dos mezclas de aditivos alimentarios con m\u00e1s riesgo de padecer diabetes tipo 2\" \/>\n<meta property=\"og:description\" content=\"Las mezclas de aditivos alimentarios son un elemento cotidiano de nuestra dieta, especialmente a trav\u00e9s de los alimentos ultraprocesados, y dos de ellas pueden estar asociadas a un ligero aumento del riesgo de desarrollar diabetes de tipo 2. Hasta ahora, las evaluaciones de seguridad de los aditivos se han estado haciendo sustancia por sustancia Una [&hellip;]\" \/>\n<meta property=\"og:url\" content=\"https:\/\/helloproject.es\/vigilancia\/asocian-dos-mezclas-de-aditivos-alimentarios-con-mas-riesgo-de-padecer-diabetes-tipo-2\/\" \/>\n<meta property=\"og:site_name\" content=\"bip4ex\" \/>\n<meta property=\"article:published_time\" content=\"2025-04-09T07:28:13+00:00\" \/>\n<meta name=\"author\" content=\"Luis Miguel Mej\u00edas Ramos\" \/>\n<meta name=\"twitter:card\" content=\"summary_large_image\" \/>\n<meta name=\"twitter:label1\" content=\"Escrito por\" \/>\n\t<meta name=\"twitter:data1\" content=\"Luis Miguel Mej\u00edas Ramos\" \/>\n\t<meta name=\"twitter:label2\" content=\"Tiempo de lectura\" \/>\n\t<meta name=\"twitter:data2\" content=\"3 minutos\" \/>\n<script type=\"application\/ld+json\" class=\"yoast-schema-graph\">{\"@context\":\"https:\\\/\\\/schema.org\",\"@graph\":[{\"@type\":\"Article\",\"@id\":\"https:\\\/\\\/helloproject.es\\\/vigilancia\\\/asocian-dos-mezclas-de-aditivos-alimentarios-con-mas-riesgo-de-padecer-diabetes-tipo-2\\\/#article\",\"isPartOf\":{\"@id\":\"https:\\\/\\\/helloproject.es\\\/vigilancia\\\/asocian-dos-mezclas-de-aditivos-alimentarios-con-mas-riesgo-de-padecer-diabetes-tipo-2\\\/\"},\"author\":{\"name\":\"Luis Miguel Mej\u00edas Ramos\",\"@id\":\"https:\\\/\\\/helloproject.es\\\/vigilancia\\\/#\\\/schema\\\/person\\\/3767b0619d59a11570372c821f8619ca\"},\"headline\":\"Asocian dos mezclas de aditivos alimentarios con m\u00e1s riesgo de padecer diabetes tipo 2\",\"datePublished\":\"2025-04-09T07:28:13+00:00\",\"mainEntityOfPage\":{\"@id\":\"https:\\\/\\\/helloproject.es\\\/vigilancia\\\/asocian-dos-mezclas-de-aditivos-alimentarios-con-mas-riesgo-de-padecer-diabetes-tipo-2\\\/\"},\"wordCount\":667,\"publisher\":{\"@id\":\"https:\\\/\\\/helloproject.es\\\/vigilancia\\\/#organization\"},\"articleSection\":[\"Noticias\"],\"inLanguage\":\"es\"},{\"@type\":\"WebPage\",\"@id\":\"https:\\\/\\\/helloproject.es\\\/vigilancia\\\/asocian-dos-mezclas-de-aditivos-alimentarios-con-mas-riesgo-de-padecer-diabetes-tipo-2\\\/\",\"url\":\"https:\\\/\\\/helloproject.es\\\/vigilancia\\\/asocian-dos-mezclas-de-aditivos-alimentarios-con-mas-riesgo-de-padecer-diabetes-tipo-2\\\/\",\"name\":\"Asocian dos mezclas de aditivos alimentarios con m\u00e1s riesgo de padecer diabetes tipo 2 - bip4ex\",\"isPartOf\":{\"@id\":\"https:\\\/\\\/helloproject.es\\\/vigilancia\\\/#website\"},\"datePublished\":\"2025-04-09T07:28:13+00:00\",\"breadcrumb\":{\"@id\":\"https:\\\/\\\/helloproject.es\\\/vigilancia\\\/asocian-dos-mezclas-de-aditivos-alimentarios-con-mas-riesgo-de-padecer-diabetes-tipo-2\\\/#breadcrumb\"},\"inLanguage\":\"es\",\"potentialAction\":[{\"@type\":\"ReadAction\",\"target\":[\"https:\\\/\\\/helloproject.es\\\/vigilancia\\\/asocian-dos-mezclas-de-aditivos-alimentarios-con-mas-riesgo-de-padecer-diabetes-tipo-2\\\/\"]}]},{\"@type\":\"BreadcrumbList\",\"@id\":\"https:\\\/\\\/helloproject.es\\\/vigilancia\\\/asocian-dos-mezclas-de-aditivos-alimentarios-con-mas-riesgo-de-padecer-diabetes-tipo-2\\\/#breadcrumb\",\"itemListElement\":[{\"@type\":\"ListItem\",\"position\":1,\"name\":\"Home\",\"item\":\"https:\\\/\\\/helloproject.es\\\/vigilancia\\\/\"},{\"@type\":\"ListItem\",\"position\":2,\"name\":\"Asocian dos mezclas de aditivos alimentarios con m\u00e1s riesgo de padecer diabetes tipo 2\"}]},{\"@type\":\"WebSite\",\"@id\":\"https:\\\/\\\/helloproject.es\\\/vigilancia\\\/#website\",\"url\":\"https:\\\/\\\/helloproject.es\\\/vigilancia\\\/\",\"name\":\"bip4ex\",\"description\":\"Vigilancia Tecnol\u00f3gica\",\"publisher\":{\"@id\":\"https:\\\/\\\/helloproject.es\\\/vigilancia\\\/#organization\"},\"potentialAction\":[{\"@type\":\"SearchAction\",\"target\":{\"@type\":\"EntryPoint\",\"urlTemplate\":\"https:\\\/\\\/helloproject.es\\\/vigilancia\\\/?s={search_term_string}\"},\"query-input\":{\"@type\":\"PropertyValueSpecification\",\"valueRequired\":true,\"valueName\":\"search_term_string\"}}],\"inLanguage\":\"es\"},{\"@type\":\"Organization\",\"@id\":\"https:\\\/\\\/helloproject.es\\\/vigilancia\\\/#organization\",\"name\":\"Helloproject.es\",\"url\":\"https:\\\/\\\/helloproject.es\\\/vigilancia\\\/\",\"logo\":{\"@type\":\"ImageObject\",\"inLanguage\":\"es\",\"@id\":\"https:\\\/\\\/helloproject.es\\\/vigilancia\\\/#\\\/schema\\\/logo\\\/image\\\/\",\"url\":\"https:\\\/\\\/helloproject.es\\\/vigilancia\\\/wp-content\\\/uploads\\\/2023\\\/07\\\/bip4ex.png\",\"contentUrl\":\"https:\\\/\\\/helloproject.es\\\/vigilancia\\\/wp-content\\\/uploads\\\/2023\\\/07\\\/bip4ex.png\",\"width\":322,\"height\":365,\"caption\":\"Helloproject.es\"},\"image\":{\"@id\":\"https:\\\/\\\/helloproject.es\\\/vigilancia\\\/#\\\/schema\\\/logo\\\/image\\\/\"}},{\"@type\":\"Person\",\"@id\":\"https:\\\/\\\/helloproject.es\\\/vigilancia\\\/#\\\/schema\\\/person\\\/3767b0619d59a11570372c821f8619ca\",\"name\":\"Luis Miguel Mej\u00edas Ramos\",\"url\":\"https:\\\/\\\/helloproject.es\\\/vigilancia\\\/author\\\/luismi\\\/\"}]}<\/script>\n<!-- \/ Yoast SEO Premium plugin. -->","yoast_head_json":{"title":"Asocian dos mezclas de aditivos alimentarios con m\u00e1s riesgo de padecer diabetes tipo 2 - bip4ex","robots":{"index":"index","follow":"follow","max-snippet":"max-snippet:-1","max-image-preview":"max-image-preview:large","max-video-preview":"max-video-preview:-1"},"canonical":"https:\/\/helloproject.es\/vigilancia\/asocian-dos-mezclas-de-aditivos-alimentarios-con-mas-riesgo-de-padecer-diabetes-tipo-2\/","og_locale":"es_ES","og_type":"article","og_title":"Asocian dos mezclas de aditivos alimentarios con m\u00e1s riesgo de padecer diabetes tipo 2","og_description":"Las mezclas de aditivos alimentarios son un elemento cotidiano de nuestra dieta, especialmente a trav\u00e9s de los alimentos ultraprocesados, y dos de ellas pueden estar asociadas a un ligero aumento del riesgo de desarrollar diabetes de tipo 2. Hasta ahora, las evaluaciones de seguridad de los aditivos se han estado haciendo sustancia por sustancia Una [&hellip;]","og_url":"https:\/\/helloproject.es\/vigilancia\/asocian-dos-mezclas-de-aditivos-alimentarios-con-mas-riesgo-de-padecer-diabetes-tipo-2\/","og_site_name":"bip4ex","article_published_time":"2025-04-09T07:28:13+00:00","author":"Luis Miguel Mej\u00edas Ramos","twitter_card":"summary_large_image","twitter_misc":{"Escrito por":"Luis Miguel Mej\u00edas Ramos","Tiempo de lectura":"3 minutos"},"schema":{"@context":"https:\/\/schema.org","@graph":[{"@type":"Article","@id":"https:\/\/helloproject.es\/vigilancia\/asocian-dos-mezclas-de-aditivos-alimentarios-con-mas-riesgo-de-padecer-diabetes-tipo-2\/#article","isPartOf":{"@id":"https:\/\/helloproject.es\/vigilancia\/asocian-dos-mezclas-de-aditivos-alimentarios-con-mas-riesgo-de-padecer-diabetes-tipo-2\/"},"author":{"name":"Luis Miguel Mej\u00edas Ramos","@id":"https:\/\/helloproject.es\/vigilancia\/#\/schema\/person\/3767b0619d59a11570372c821f8619ca"},"headline":"Asocian dos mezclas de aditivos alimentarios con m\u00e1s riesgo de padecer diabetes tipo 2","datePublished":"2025-04-09T07:28:13+00:00","mainEntityOfPage":{"@id":"https:\/\/helloproject.es\/vigilancia\/asocian-dos-mezclas-de-aditivos-alimentarios-con-mas-riesgo-de-padecer-diabetes-tipo-2\/"},"wordCount":667,"publisher":{"@id":"https:\/\/helloproject.es\/vigilancia\/#organization"},"articleSection":["Noticias"],"inLanguage":"es"},{"@type":"WebPage","@id":"https:\/\/helloproject.es\/vigilancia\/asocian-dos-mezclas-de-aditivos-alimentarios-con-mas-riesgo-de-padecer-diabetes-tipo-2\/","url":"https:\/\/helloproject.es\/vigilancia\/asocian-dos-mezclas-de-aditivos-alimentarios-con-mas-riesgo-de-padecer-diabetes-tipo-2\/","name":"Asocian dos mezclas de aditivos alimentarios con m\u00e1s riesgo de padecer diabetes tipo 2 - bip4ex","isPartOf":{"@id":"https:\/\/helloproject.es\/vigilancia\/#website"},"datePublished":"2025-04-09T07:28:13+00:00","breadcrumb":{"@id":"https:\/\/helloproject.es\/vigilancia\/asocian-dos-mezclas-de-aditivos-alimentarios-con-mas-riesgo-de-padecer-diabetes-tipo-2\/#breadcrumb"},"inLanguage":"es","potentialAction":[{"@type":"ReadAction","target":["https:\/\/helloproject.es\/vigilancia\/asocian-dos-mezclas-de-aditivos-alimentarios-con-mas-riesgo-de-padecer-diabetes-tipo-2\/"]}]},{"@type":"BreadcrumbList","@id":"https:\/\/helloproject.es\/vigilancia\/asocian-dos-mezclas-de-aditivos-alimentarios-con-mas-riesgo-de-padecer-diabetes-tipo-2\/#breadcrumb","itemListElement":[{"@type":"ListItem","position":1,"name":"Home","item":"https:\/\/helloproject.es\/vigilancia\/"},{"@type":"ListItem","position":2,"name":"Asocian dos mezclas de aditivos alimentarios con m\u00e1s riesgo de padecer diabetes tipo 2"}]},{"@type":"WebSite","@id":"https:\/\/helloproject.es\/vigilancia\/#website","url":"https:\/\/helloproject.es\/vigilancia\/","name":"bip4ex","description":"Vigilancia Tecnol\u00f3gica","publisher":{"@id":"https:\/\/helloproject.es\/vigilancia\/#organization"},"potentialAction":[{"@type":"SearchAction","target":{"@type":"EntryPoint","urlTemplate":"https:\/\/helloproject.es\/vigilancia\/?s={search_term_string}"},"query-input":{"@type":"PropertyValueSpecification","valueRequired":true,"valueName":"search_term_string"}}],"inLanguage":"es"},{"@type":"Organization","@id":"https:\/\/helloproject.es\/vigilancia\/#organization","name":"Helloproject.es","url":"https:\/\/helloproject.es\/vigilancia\/","logo":{"@type":"ImageObject","inLanguage":"es","@id":"https:\/\/helloproject.es\/vigilancia\/#\/schema\/logo\/image\/","url":"https:\/\/helloproject.es\/vigilancia\/wp-content\/uploads\/2023\/07\/bip4ex.png","contentUrl":"https:\/\/helloproject.es\/vigilancia\/wp-content\/uploads\/2023\/07\/bip4ex.png","width":322,"height":365,"caption":"Helloproject.es"},"image":{"@id":"https:\/\/helloproject.es\/vigilancia\/#\/schema\/logo\/image\/"}},{"@type":"Person","@id":"https:\/\/helloproject.es\/vigilancia\/#\/schema\/person\/3767b0619d59a11570372c821f8619ca","name":"Luis Miguel Mej\u00edas Ramos","url":"https:\/\/helloproject.es\/vigilancia\/author\/luismi\/"}]}},"_links":{"self":[{"href":"https:\/\/helloproject.es\/vigilancia\/wp-json\/wp\/v2\/posts\/97260","targetHints":{"allow":["GET"]}}],"collection":[{"href":"https:\/\/helloproject.es\/vigilancia\/wp-json\/wp\/v2\/posts"}],"about":[{"href":"https:\/\/helloproject.es\/vigilancia\/wp-json\/wp\/v2\/types\/post"}],"author":[{"embeddable":true,"href":"https:\/\/helloproject.es\/vigilancia\/wp-json\/wp\/v2\/users\/5"}],"replies":[{"embeddable":true,"href":"https:\/\/helloproject.es\/vigilancia\/wp-json\/wp\/v2\/comments?post=97260"}],"version-history":[{"count":0,"href":"https:\/\/helloproject.es\/vigilancia\/wp-json\/wp\/v2\/posts\/97260\/revisions"}],"wp:attachment":[{"href":"https:\/\/helloproject.es\/vigilancia\/wp-json\/wp\/v2\/media?parent=97260"}],"wp:term":[{"taxonomy":"category","embeddable":true,"href":"https:\/\/helloproject.es\/vigilancia\/wp-json\/wp\/v2\/categories?post=97260"},{"taxonomy":"post_tag","embeddable":true,"href":"https:\/\/helloproject.es\/vigilancia\/wp-json\/wp\/v2\/tags?post=97260"}],"curies":[{"name":"wp","href":"https:\/\/api.w.org\/{rel}","templated":true}]}}